{"id":17309,"date":"2021-04-29T19:08:07","date_gmt":"2021-04-29T18:08:07","guid":{"rendered":"https:\/\/radioljubuski.ba\/?p=17309"},"modified":"2021-05-01T11:10:24","modified_gmt":"2021-05-01T10:10:24","slug":"cosic-konstitutivnost-je-temelj-bih-i-taj-je-princip-stariji-od-daytona","status":"publish","type":"post","link":"https:\/\/radioljubuski.ba\/index.php\/2021\/04\/29\/cosic-konstitutivnost-je-temelj-bih-i-taj-je-princip-stariji-od-daytona\/","title":{"rendered":"\u0106osi\u0107: Konstitutivnost je temelj BiH i taj je princip stariji od Daytona"},"content":{"rendered":"\n<p><strong>U zadnjih nekoliko mjeseci traju pregovori HDZ-a BiH i SDA o izmjenama Izbornog zakona BH. Dragan \u010covi\u0107, predsjednik najja\u010de hrvatske stranke u BiH, izjavio je da \u0107e Izborni zakon biti promijenjen do polovice lipnja ove godine, a da \u0107e Hrvati na idu\u0107im izborima, 2022. godine, sami sebi birati predstavnike u vlasti. Za to vrijeme, Bakir Izetbegovi\u0107, predsjednik SDA, prijeti ratom, poziva na nasilje protiv Hrvata i Srba u BiH, Hrvatske i Srbije, ali i drugih europskih zemalja.<\/strong><\/p>\n\n\n\n<p>Zdenko \u0106osi\u0107, predsjednik Vlade \u017dupanije Zapadnohercegova\u010dke i jedan od istaknutijih du\u017enosnika HDZ-a BiH, rekao je za&nbsp;<a href=\"https:\/\/www.dnevnik.ba\/teme\/zdenko-cosic-za-dnevnikba-konstitutivnost-je-temelj-bih-i-taj-je-princip-stariji-od-daytona\">Dnevnik.ba<\/a>, kako je sigurno da do sada HDZ i SDA imaju najtemeljitije i najozbiljnije pregovore i da radne skupine svaki tjedan zasjedaju povodom ovih pitanja.<\/p>\n\n\n\n<p>\u201cS druge strane, izjave koje povremeno mo\u017eemo \u010duti o uklju\u010divanju drugih stranaka gdje vidimo kako pojedini sa sebe \u017eele skinuti odgovornost koju su im gra\u0111ani povjerili, ne ulijeva uvijek pouzdanje\u201c, izjavio je \u0106osi\u0107.<\/p>\n\n\n\n<p><strong>Politi\u010dkom mimikrijom prikriva se dominacija jednih nad drugima<\/strong><\/p>\n\n\n\n<p>Nema dijaloga ako taj dijalog ne podrazumijeva toleranciju svih sudionika, dodaje \u0106osi\u0107, i ako svi politi\u010dki programi nisu u javnom dijalogu i prostoru podjednako legitimni.<\/p>\n\n\n\n<p>\u201cAko nije tako, rije\u010d je o farsi, politi\u010dkoj mimikriji kojom se prikrivaju stvarni ciljevi \u2013 dominacija jednih nad drugima. Eventualni neuspjeh tog procesa trebao bi zabrinuti sve koji svoju budu\u0107nost vide u ovoj zemlji. Bio bi to veliki neuspjeh BiH u izgradnji stabilne budu\u0107nosti\u201c, izjavio je.<\/p>\n\n\n\n<p>Odgovaraju\u0107i na pitanje, odgovara li bo\u0161nja\u010dkoj eliti nestanak Hrvata u BiH, \u0106osi\u0107 odgovara kako je to grubo tvrditi, ali da u nekim politi\u010dkim konceptima koje zagovaraju, ne samo \u010delni ljudi SDA, nego i njihovi istomi\u0161ljenici, Hrvati ne bi imali priliku opstati.<\/p>\n\n\n\n<p>\u201cNe bi mogli opstati kao politi\u010dki entitet, povijesni i suveren narod u svojoj zemlji, BiH. Zato takve koncepte treba razotkrivati, skidati medijsko-politi\u010dke celofane u koje se umotavaju\u201c, nagla\u0161ava \u0106osi\u0107.<\/p>\n\n\n\n<p><strong>Konstitutivnost temelj BiH i taj je princip stariji od Daytona<\/strong><\/p>\n\n\n\n<p>U hrvatskoj se javnosti u BiH, i ne samo od politi\u010dkih du\u017enosnika, nego i novinara, pisaca, kulturtregera, mo\u017ee \u010duti kako gra\u0111anska dr\u017eava kakvu nudi Bakir Izetbegovi\u0107 nije ni\u0161ta drugo nego islamska dr\u017eava.<\/p>\n\n\n\n<p>\u201cTo \u0161to Izetbegovi\u0107 \u017eeli, mo\u017ee zadr\u017eati za sebe. BiH je slo\u017eena dr\u017eava, ure\u0111ena na principima konstitutivnosti i ravnopravnosti, to je u temeljima ove zemlje, ti su temelji stariji od Daytona\u201c, naglasio je \u0106osi\u0107.<\/p>\n\n\n\n<p>Razumijem, dodaje \u0106osi\u0107, Izetbegovi\u0107evu sentimentalnost povezanu s vizijom islamskog dru\u0161tva opisanu u knjigama njegovog oca.<\/p>\n\n\n\n<p>\u201cAli, ona nikad ne\u0107e biti ustrojena na \u0161erijatskim zakonima niti ovu zemlju takvom vidi ve\u0107ina muslimana. Imali smo iskustva s dr\u017eavom u kojoj su jedan narod i jedna \u2018religija\u2019 dominirali, a drugi sustavno potiskivani. Znamo kako je sve pro\u0161lo. Znamo i da ima onih koji misle da nije pro\u0161lo\u201c, rekao je.<\/p>\n\n\n\n<p>U bo\u0161nja\u010dko-bosanskoj javnosti zadnjih je mjeseci dominantan narativ da je termin konstitutivnost krivo preveden u Daytonu i da ga treba brisati.<\/p>\n\n\n\n<p>\u201cBilo bi bolje da se \u010dista\u010di tu\u0111ih identiteta manje bave prijevodima jer bi se u njima mogli izgubiti. Izvorni tekst Ustava FBiH navodi kao jedan od slu\u017ebenih jezika i \u2018bosniac language\u2019. Isti su \u2018prevoditelji\u2019 to preveli kao \u2018bosanski jezik\u2019 i svi \u0107e sko\u010diti na noge kada ih netko podsjeti na ispravan prijevod\u201c, rekao je.<\/p>\n\n\n\n<p>To \u0161to su, dodaje \u0106osi\u0107, bo\u0161nja\u010dko prekrstili u bosansko, Bosni ne\u0107e pomo\u0107i, Hercegovinu \u0107e nasmijavati i zbunjivati, a \u201cprevoditeljima\u201c ne\u0107e pomo\u0107i da svoje kreativne iluzije nametnu kao stvarnost.<\/p>\n\n\n\n<p>U BiH, obja\u0161njava \u0106osi\u0107, postoje bo\u0161nja\u010dko-unitaristi\u010dke i neokomunisti\u010dke stranke koje se ponekad nazivaju strankama ljevice.<\/p>\n\n\n\n<p>\u201cPose\u017eu za vrijednostima socijaldemokracije kako bi zamaglile svoj zajedni\u010dki nazivnik \u2013 uru\u0161avanje temeljnih i krovnih postulata na kojima BiH po\u010diva, uru\u0161avanje svih identiteta kroz povijest izgra\u0111enih jednih pored drugih, izgra\u0111enih ne bez \u017ertava i krvi, tim dublje urezanih u svijest stanovnika ove zemlje\u201c, rekao je.<\/p>\n\n\n\n<p>U jednom takvom dru\u0161tvu, nastavlja, operiranom od svih naslije\u0111enih i \u010dvrstih identitetskih biljega, jedni i drugi vide svoju priliku. Ciljevi su im samo u ovoj fazi kompatibilni, a u zavr\u0161noj, dijametralno suprotni i sukobljeni.<\/p>\n\n\n\n<p><strong>Duboka podjela BiH<\/strong><\/p>\n\n\n\n<p>\u201cSre\u0107om za ovu zemlju, ta faza ne\u0107e nikada postati stvarnost koliko god bila projektirana u njihovim glavama. Galama o tre\u0107em entitetu i obnovi Herceg Bosne, uz dodatnu sotonizaciju jedne legitimne politi\u010dke ideje, ima za cilj skrenuti pa\u017enju i zatrti svaku javnu raspravu o dubokoj podjeli u zemlji. Pla\u0161e nas navodno \u2018dodatnim podjelama\u2019, a uporno rade na izgradnji najdublje i za dru\u0161tvo pogubne binarne podjele kakvu svakodnevno gledamo\u201c, izjavio je.<\/p>\n\n\n\n<p>U BiH, podsjetimo, uskoro dolazi novi visoki predstavnik, Christian Schmidt. \u0106osi\u0107 nema nikakvih o\u010dekivanja, pa tvrdi da bi i Hrvati iz javnog govora trebali izbaciti rije\u010d \u2018o\u010dekivanje\u2019.<\/p>\n\n\n\n<p>Me\u0111unarodna zajednica, nagla\u0161ava \u0106osi\u0107, nije neko jedinstveno tijelo s jedinstvenim mi\u0161ljenjima i sigurno je da im BiH nije jedina u fokusu.<\/p>\n\n\n\n<p>\u201d Ali mogu sa sigurno\u0161\u0107u tvrditi kako je prisutnost me\u0111unarodne zajednice pomogla da se o\u010duva cjelovita Bosna i Hercegovina, a zahvaljuju\u0107i Hrvatskoj i drugim zemljama unutar Europske unije posljednjih mjeseci je BiH dodatno u fokusu i neke skrivene politike su se ve\u0107 raskrinkale\u201c, rekao je.<\/p>\n\n\n\n<p>Ipak, reakcije me\u0111unarodne zajednice kada je u pitanju bo\u0161nja\u010dka elita vrlo \u010desto izostaju, poput Izetbegovi\u0107evih prijetnji ratom.<\/p>\n\n\n\n<p><strong>Hrvati bi trebali iz javnog govora izbaciti rije\u010d \u201co\u010dekivanje\u201c<\/strong><\/p>\n\n\n\n<p>\u201cMe\u0111unarodna zajednica nije dnevnopoliti\u010dki komentator da bi se ogla\u0161avala na toj razini, ali to ne zna\u010di da bi neki procesi mogli pro\u0107i bez \u2018cenzure\u2019 u va\u017enim svjetskim centrima\u201c, rekao je.<\/p>\n\n\n\n<p>Odgovaraju\u0107i na pitanje, ima li \u017deljko Kom\u0161i\u0107, politi\u010dku budu\u0107nost, \u0106osi\u0107 je kazao kako ga njegova budu\u0107nost ne zanima.<\/p>\n\n\n\n<p>\u201cNjegova budu\u0107nost u igra s ovom zemljom, znatno je bolja nego budu\u0107nost ove zemlje u igri s njime\u201c, kazao je.<\/p>\n\n\n\n<p>\u0106osi\u0107, tako\u0111er, nagla\u0161ava kako su bo\u0161nja\u010dki unitarizam i srpski separatizam uvijek u \u2018ratu\u2019 i uvijek se me\u0111usobno \u2018hrane\u2019 jer svaki vidi razloge svog postojanja u obrani od dugog.<\/p>\n\n\n\n<p><strong>Kako se hrane bo\u0161nja\u010dki unitarizam i srpski separatizam<\/strong><\/p>\n\n\n\n<p>\u201cDr\u017eavni nacionalizam se manifestira kroz politi\u010dki unitarizam i svoje postojanje opravdava politi\u010dkim planovima i strahom od separatizma kao pojavnog oblika onog drugog, etni\u010dkog nacionalizama. I obratno, naravno. To je ne\u0161to kao za\u010darani krug iako povijest svjedo\u010di da su ovi drugi nastali kao reakcija na unitarizam koji gu\u0161i individualne i kolektivne slobode\u201c, rekao je.<\/p>\n\n\n\n<p>Ta dva koncepta, dva nacionalizma u odnosu na hrvatski koncept Bosne i Hercegovine za sada su udaljeni, tvrdi \u0106osi\u0107.<\/p>\n\n\n\n<p>\u201cDva su na\u010dina kako se mogu pribli\u017eiti. Onaj po\u017eeljni, dijalog u toleranciji ili onaj nepo\u017eeljni o kojemu ovih dana govore sarajevski \u2018patrioti\u2019 \u2013 rat! Uglavnom, jedan i drugi put imali bi isti rezultat. Pamet ne bi trebala dvojiti oko izbora\u201c, smatra \u0106osi\u0107.<\/p>\n\n\n\n<p>\u0106osi\u0107 je na koncu razgovora za Dnevnik.ba komentirao i odnos Hrvatske prema BiH kojeg je ocijenio partnerskim i na dobrobit na cijele BiH.<\/p>\n\n\n\n<p>\u201cNjihov primarni interes je za\u0161tita prava Hrvata u BiH, \u0161to je i njihova ustavna obveza. Hrvatska nam dosta mo\u017ee ubudu\u0107e pomo\u0107i i sa svojim iskustvom u pristupanju NATO savezu i Europskoj uniji \u010diji je ve\u0107 \u010dlan. To cijenimo i podupiremo. Ipak, u na\u0161oj politici planovi prijatelja kao i planovi neprijatelja ne smiju biti va\u017eniji od na\u0161ih planova\u201c, zaklju\u010dio je Zdenko \u0106osi\u0107, predsjednik Vlade ZH\u017d-a u razgovoru za Dnevnik.ba.<\/p>\n\n\n\n<p>\/HMS\/<\/p>\n","protected":false},"excerpt":{"rendered":"<p>U zadnjih nekoliko mjeseci traju pregovori HDZ-a BiH i SDA o izmjenama Izbornog zakona BH. Dragan \u010covi\u0107, predsjednik najja\u010de hrvatske stranke u BiH, izjavio je da \u0107e Izborni zakon biti promijenjen do polovice lipnja ove godine, a da \u0107e Hrvati na idu\u0107im izborima, 2022. godine, sami sebi birati predstavnike u vlasti. Za to vrijeme, Bakir [&hellip;]<\/p>\n","protected":false},"author":2,"featured_media":17310,"comment_status":"closed","ping_status":"closed","sticky":false,"template":"","format":"standard","meta":{"h5ap_radio_sources":[],"footnotes":""},"categories":[1],"tags":[],"class_list":["post-17309","post","type-post","status-publish","format-standard","has-post-thumbnail","hentry","category-bihiregija"],"yoast_head":"<!-- This site is optimized with the Yoast SEO plugin v27.4 - https:\/\/yoast.com\/product\/yoast-seo-wordpress\/ -->\n<title>\u0106osi\u0107: Konstitutivnost je temelj BiH i taj je princip stariji od Daytona - RADIO LJUBU\u0160KI<\/title>\n<meta name=\"robots\" content=\"index, follow, max-snippet:-1, max-image-preview:large, max-video-preview:-1\" \/>\n<link rel=\"canonical\" href=\"https:\/\/radioljubuski.ba\/index.php\/2021\/04\/29\/cosic-konstitutivnost-je-temelj-bih-i-taj-je-princip-stariji-od-daytona\/\" \/>\n<meta property=\"og:locale\" content=\"hr_HR\" \/>\n<meta property=\"og:type\" content=\"article\" \/>\n<meta property=\"og:title\" content=\"\u0106osi\u0107: Konstitutivnost je temelj BiH i taj je princip stariji od Daytona - RADIO LJUBU\u0160KI\" \/>\n<meta property=\"og:description\" content=\"U zadnjih nekoliko mjeseci traju pregovori HDZ-a BiH i SDA o izmjenama Izbornog zakona BH. Dragan \u010covi\u0107, predsjednik najja\u010de hrvatske stranke u BiH, izjavio je da \u0107e Izborni zakon biti promijenjen do polovice lipnja ove godine, a da \u0107e Hrvati na idu\u0107im izborima, 2022. godine, sami sebi birati predstavnike u vlasti. Za to vrijeme, Bakir [&hellip;]\" \/>\n<meta property=\"og:url\" content=\"https:\/\/radioljubuski.ba\/index.php\/2021\/04\/29\/cosic-konstitutivnost-je-temelj-bih-i-taj-je-princip-stariji-od-daytona\/\" \/>\n<meta property=\"og:site_name\" content=\"RADIO LJUBU\u0160KI\" \/>\n<meta property=\"article:publisher\" content=\"https:\/\/www.facebook.com\/Radiio-Ljubuski-1490835324566332\" \/>\n<meta property=\"article:published_time\" content=\"2021-04-29T18:08:07+00:00\" \/>\n<meta property=\"article:modified_time\" content=\"2021-05-01T10:10:24+00:00\" \/>\n<meta property=\"og:image\" content=\"https:\/\/radioljubuski.ba\/wp-content\/uploads\/2021\/04\/zdenko-cosic-1-1.jpg\" \/>\n\t<meta property=\"og:image:width\" content=\"640\" \/>\n\t<meta property=\"og:image:height\" content=\"425\" \/>\n\t<meta property=\"og:image:type\" content=\"image\/jpeg\" \/>\n<meta name=\"author\" content=\"Radio Ljubu\u0161ki\" \/>\n<meta name=\"twitter:card\" content=\"summary_large_image\" \/>\n<meta name=\"twitter:creator\" content=\"@radioljubuski\" \/>\n<meta name=\"twitter:site\" content=\"@radioljubuski\" \/>\n<meta name=\"twitter:label1\" content=\"Napisao\/la\" \/>\n\t<meta name=\"twitter:data1\" content=\"Radio Ljubu\u0161ki\" \/>\n\t<meta name=\"twitter:label2\" content=\"Procijenjeno vrijeme \u010ditanja\" \/>\n\t<meta name=\"twitter:data2\" content=\"5 minuta\" \/>\n<script type=\"application\/ld+json\" class=\"yoast-schema-graph\">{\"@context\":\"https:\\\/\\\/schema.org\",\"@graph\":[{\"@type\":\"Article\",\"@id\":\"https:\\\/\\\/radioljubuski.ba\\\/index.php\\\/2021\\\/04\\\/29\\\/cosic-konstitutivnost-je-temelj-bih-i-taj-je-princip-stariji-od-daytona\\\/#article\",\"isPartOf\":{\"@id\":\"https:\\\/\\\/radioljubuski.ba\\\/index.php\\\/2021\\\/04\\\/29\\\/cosic-konstitutivnost-je-temelj-bih-i-taj-je-princip-stariji-od-daytona\\\/\"},\"author\":{\"name\":\"Radio Ljubu\u0161ki\",\"@id\":\"https:\\\/\\\/radioljubuski.ba\\\/#\\\/schema\\\/person\\\/19fc700381a780f69665d7956c469e3b\"},\"headline\":\"\u0106osi\u0107: Konstitutivnost je temelj BiH i taj je princip stariji od Daytona\",\"datePublished\":\"2021-04-29T18:08:07+00:00\",\"dateModified\":\"2021-05-01T10:10:24+00:00\",\"mainEntityOfPage\":{\"@id\":\"https:\\\/\\\/radioljubuski.ba\\\/index.php\\\/2021\\\/04\\\/29\\\/cosic-konstitutivnost-je-temelj-bih-i-taj-je-princip-stariji-od-daytona\\\/\"},\"wordCount\":1278,\"publisher\":{\"@id\":\"https:\\\/\\\/radioljubuski.ba\\\/#organization\"},\"image\":{\"@id\":\"https:\\\/\\\/radioljubuski.ba\\\/index.php\\\/2021\\\/04\\\/29\\\/cosic-konstitutivnost-je-temelj-bih-i-taj-je-princip-stariji-od-daytona\\\/#primaryimage\"},\"thumbnailUrl\":\"https:\\\/\\\/radioljubuski.ba\\\/wp-content\\\/uploads\\\/2021\\\/04\\\/zdenko-cosic-1-1.jpg\",\"articleSection\":[\"BIH i regija\"],\"inLanguage\":\"hr\"},{\"@type\":\"WebPage\",\"@id\":\"https:\\\/\\\/radioljubuski.ba\\\/index.php\\\/2021\\\/04\\\/29\\\/cosic-konstitutivnost-je-temelj-bih-i-taj-je-princip-stariji-od-daytona\\\/\",\"url\":\"https:\\\/\\\/radioljubuski.ba\\\/index.php\\\/2021\\\/04\\\/29\\\/cosic-konstitutivnost-je-temelj-bih-i-taj-je-princip-stariji-od-daytona\\\/\",\"name\":\"\u0106osi\u0107: Konstitutivnost je temelj BiH i taj je princip stariji od Daytona - RADIO LJUBU\u0160KI\",\"isPartOf\":{\"@id\":\"https:\\\/\\\/radioljubuski.ba\\\/#website\"},\"primaryImageOfPage\":{\"@id\":\"https:\\\/\\\/radioljubuski.ba\\\/index.php\\\/2021\\\/04\\\/29\\\/cosic-konstitutivnost-je-temelj-bih-i-taj-je-princip-stariji-od-daytona\\\/#primaryimage\"},\"image\":{\"@id\":\"https:\\\/\\\/radioljubuski.ba\\\/index.php\\\/2021\\\/04\\\/29\\\/cosic-konstitutivnost-je-temelj-bih-i-taj-je-princip-stariji-od-daytona\\\/#primaryimage\"},\"thumbnailUrl\":\"https:\\\/\\\/radioljubuski.ba\\\/wp-content\\\/uploads\\\/2021\\\/04\\\/zdenko-cosic-1-1.jpg\",\"datePublished\":\"2021-04-29T18:08:07+00:00\",\"dateModified\":\"2021-05-01T10:10:24+00:00\",\"breadcrumb\":{\"@id\":\"https:\\\/\\\/radioljubuski.ba\\\/index.php\\\/2021\\\/04\\\/29\\\/cosic-konstitutivnost-je-temelj-bih-i-taj-je-princip-stariji-od-daytona\\\/#breadcrumb\"},\"inLanguage\":\"hr\",\"potentialAction\":[{\"@type\":\"ReadAction\",\"target\":[\"https:\\\/\\\/radioljubuski.ba\\\/index.php\\\/2021\\\/04\\\/29\\\/cosic-konstitutivnost-je-temelj-bih-i-taj-je-princip-stariji-od-daytona\\\/\"]}]},{\"@type\":\"ImageObject\",\"inLanguage\":\"hr\",\"@id\":\"https:\\\/\\\/radioljubuski.ba\\\/index.php\\\/2021\\\/04\\\/29\\\/cosic-konstitutivnost-je-temelj-bih-i-taj-je-princip-stariji-od-daytona\\\/#primaryimage\",\"url\":\"https:\\\/\\\/radioljubuski.ba\\\/wp-content\\\/uploads\\\/2021\\\/04\\\/zdenko-cosic-1-1.jpg\",\"contentUrl\":\"https:\\\/\\\/radioljubuski.ba\\\/wp-content\\\/uploads\\\/2021\\\/04\\\/zdenko-cosic-1-1.jpg\",\"width\":640,\"height\":425},{\"@type\":\"BreadcrumbList\",\"@id\":\"https:\\\/\\\/radioljubuski.ba\\\/index.php\\\/2021\\\/04\\\/29\\\/cosic-konstitutivnost-je-temelj-bih-i-taj-je-princip-stariji-od-daytona\\\/#breadcrumb\",\"itemListElement\":[{\"@type\":\"ListItem\",\"position\":1,\"name\":\"Po\u010detna stranica\",\"item\":\"https:\\\/\\\/radioljubuski.ba\\\/\"},{\"@type\":\"ListItem\",\"position\":2,\"name\":\"\u0106osi\u0107: Konstitutivnost je temelj BiH i taj je princip stariji od Daytona\"}]},{\"@type\":\"WebSite\",\"@id\":\"https:\\\/\\\/radioljubuski.ba\\\/#website\",\"url\":\"https:\\\/\\\/radioljubuski.ba\\\/\",\"name\":\"Radio Ljubu\u0161ki\",\"description\":\"Sun\u010dana frekvencija Hercegovine\",\"publisher\":{\"@id\":\"https:\\\/\\\/radioljubuski.ba\\\/#organization\"},\"potentialAction\":[{\"@type\":\"SearchAction\",\"target\":{\"@type\":\"EntryPoint\",\"urlTemplate\":\"https:\\\/\\\/radioljubuski.ba\\\/?s={search_term_string}\"},\"query-input\":{\"@type\":\"PropertyValueSpecification\",\"valueRequired\":true,\"valueName\":\"search_term_string\"}}],\"inLanguage\":\"hr\"},{\"@type\":\"Organization\",\"@id\":\"https:\\\/\\\/radioljubuski.ba\\\/#organization\",\"name\":\"Radio Ljubu\u0161ki\",\"url\":\"https:\\\/\\\/radioljubuski.ba\\\/\",\"logo\":{\"@type\":\"ImageObject\",\"inLanguage\":\"hr\",\"@id\":\"https:\\\/\\\/radioljubuski.ba\\\/#\\\/schema\\\/logo\\\/image\\\/\",\"url\":\"https:\\\/\\\/radioljubuski.ba\\\/wp-content\\\/uploads\\\/2021\\\/02\\\/cropped-Radio_Ljubuski_logo1.jpg\",\"contentUrl\":\"https:\\\/\\\/radioljubuski.ba\\\/wp-content\\\/uploads\\\/2021\\\/02\\\/cropped-Radio_Ljubuski_logo1.jpg\",\"width\":512,\"height\":512,\"caption\":\"Radio Ljubu\u0161ki\"},\"image\":{\"@id\":\"https:\\\/\\\/radioljubuski.ba\\\/#\\\/schema\\\/logo\\\/image\\\/\"},\"sameAs\":[\"https:\\\/\\\/www.facebook.com\\\/Radiio-Ljubuski-1490835324566332\",\"https:\\\/\\\/x.com\\\/radioljubuski\",\"https:\\\/\\\/hr.linkedin.com\\\/company\\\/radio-ljubuski\",\"https:\\\/\\\/www.youtube.com\\\/channel\\\/UCHYaeO_n0Db3tjNGudGpXyw\"]},{\"@type\":\"Person\",\"@id\":\"https:\\\/\\\/radioljubuski.ba\\\/#\\\/schema\\\/person\\\/19fc700381a780f69665d7956c469e3b\",\"name\":\"Radio Ljubu\u0161ki\"}]}<\/script>\n<!-- \/ Yoast SEO plugin. -->","yoast_head_json":{"title":"\u0106osi\u0107: Konstitutivnost je temelj BiH i taj je princip stariji od Daytona - RADIO LJUBU\u0160KI","robots":{"index":"index","follow":"follow","max-snippet":"max-snippet:-1","max-image-preview":"max-image-preview:large","max-video-preview":"max-video-preview:-1"},"canonical":"https:\/\/radioljubuski.ba\/index.php\/2021\/04\/29\/cosic-konstitutivnost-je-temelj-bih-i-taj-je-princip-stariji-od-daytona\/","og_locale":"hr_HR","og_type":"article","og_title":"\u0106osi\u0107: Konstitutivnost je temelj BiH i taj je princip stariji od Daytona - RADIO LJUBU\u0160KI","og_description":"U zadnjih nekoliko mjeseci traju pregovori HDZ-a BiH i SDA o izmjenama Izbornog zakona BH. Dragan \u010covi\u0107, predsjednik najja\u010de hrvatske stranke u BiH, izjavio je da \u0107e Izborni zakon biti promijenjen do polovice lipnja ove godine, a da \u0107e Hrvati na idu\u0107im izborima, 2022. godine, sami sebi birati predstavnike u vlasti. Za to vrijeme, Bakir [&hellip;]","og_url":"https:\/\/radioljubuski.ba\/index.php\/2021\/04\/29\/cosic-konstitutivnost-je-temelj-bih-i-taj-je-princip-stariji-od-daytona\/","og_site_name":"RADIO LJUBU\u0160KI","article_publisher":"https:\/\/www.facebook.com\/Radiio-Ljubuski-1490835324566332","article_published_time":"2021-04-29T18:08:07+00:00","article_modified_time":"2021-05-01T10:10:24+00:00","og_image":[{"width":640,"height":425,"url":"https:\/\/radioljubuski.ba\/wp-content\/uploads\/2021\/04\/zdenko-cosic-1-1.jpg","type":"image\/jpeg"}],"author":"Radio Ljubu\u0161ki","twitter_card":"summary_large_image","twitter_creator":"@radioljubuski","twitter_site":"@radioljubuski","twitter_misc":{"Napisao\/la":"Radio Ljubu\u0161ki","Procijenjeno vrijeme \u010ditanja":"5 minuta"},"schema":{"@context":"https:\/\/schema.org","@graph":[{"@type":"Article","@id":"https:\/\/radioljubuski.ba\/index.php\/2021\/04\/29\/cosic-konstitutivnost-je-temelj-bih-i-taj-je-princip-stariji-od-daytona\/#article","isPartOf":{"@id":"https:\/\/radioljubuski.ba\/index.php\/2021\/04\/29\/cosic-konstitutivnost-je-temelj-bih-i-taj-je-princip-stariji-od-daytona\/"},"author":{"name":"Radio Ljubu\u0161ki","@id":"https:\/\/radioljubuski.ba\/#\/schema\/person\/19fc700381a780f69665d7956c469e3b"},"headline":"\u0106osi\u0107: Konstitutivnost je temelj BiH i taj je princip stariji od Daytona","datePublished":"2021-04-29T18:08:07+00:00","dateModified":"2021-05-01T10:10:24+00:00","mainEntityOfPage":{"@id":"https:\/\/radioljubuski.ba\/index.php\/2021\/04\/29\/cosic-konstitutivnost-je-temelj-bih-i-taj-je-princip-stariji-od-daytona\/"},"wordCount":1278,"publisher":{"@id":"https:\/\/radioljubuski.ba\/#organization"},"image":{"@id":"https:\/\/radioljubuski.ba\/index.php\/2021\/04\/29\/cosic-konstitutivnost-je-temelj-bih-i-taj-je-princip-stariji-od-daytona\/#primaryimage"},"thumbnailUrl":"https:\/\/radioljubuski.ba\/wp-content\/uploads\/2021\/04\/zdenko-cosic-1-1.jpg","articleSection":["BIH i regija"],"inLanguage":"hr"},{"@type":"WebPage","@id":"https:\/\/radioljubuski.ba\/index.php\/2021\/04\/29\/cosic-konstitutivnost-je-temelj-bih-i-taj-je-princip-stariji-od-daytona\/","url":"https:\/\/radioljubuski.ba\/index.php\/2021\/04\/29\/cosic-konstitutivnost-je-temelj-bih-i-taj-je-princip-stariji-od-daytona\/","name":"\u0106osi\u0107: Konstitutivnost je temelj BiH i taj je princip stariji od Daytona - RADIO LJUBU\u0160KI","isPartOf":{"@id":"https:\/\/radioljubuski.ba\/#website"},"primaryImageOfPage":{"@id":"https:\/\/radioljubuski.ba\/index.php\/2021\/04\/29\/cosic-konstitutivnost-je-temelj-bih-i-taj-je-princip-stariji-od-daytona\/#primaryimage"},"image":{"@id":"https:\/\/radioljubuski.ba\/index.php\/2021\/04\/29\/cosic-konstitutivnost-je-temelj-bih-i-taj-je-princip-stariji-od-daytona\/#primaryimage"},"thumbnailUrl":"https:\/\/radioljubuski.ba\/wp-content\/uploads\/2021\/04\/zdenko-cosic-1-1.jpg","datePublished":"2021-04-29T18:08:07+00:00","dateModified":"2021-05-01T10:10:24+00:00","breadcrumb":{"@id":"https:\/\/radioljubuski.ba\/index.php\/2021\/04\/29\/cosic-konstitutivnost-je-temelj-bih-i-taj-je-princip-stariji-od-daytona\/#breadcrumb"},"inLanguage":"hr","potentialAction":[{"@type":"ReadAction","target":["https:\/\/radioljubuski.ba\/index.php\/2021\/04\/29\/cosic-konstitutivnost-je-temelj-bih-i-taj-je-princip-stariji-od-daytona\/"]}]},{"@type":"ImageObject","inLanguage":"hr","@id":"https:\/\/radioljubuski.ba\/index.php\/2021\/04\/29\/cosic-konstitutivnost-je-temelj-bih-i-taj-je-princip-stariji-od-daytona\/#primaryimage","url":"https:\/\/radioljubuski.ba\/wp-content\/uploads\/2021\/04\/zdenko-cosic-1-1.jpg","contentUrl":"https:\/\/radioljubuski.ba\/wp-content\/uploads\/2021\/04\/zdenko-cosic-1-1.jpg","width":640,"height":425},{"@type":"BreadcrumbList","@id":"https:\/\/radioljubuski.ba\/index.php\/2021\/04\/29\/cosic-konstitutivnost-je-temelj-bih-i-taj-je-princip-stariji-od-daytona\/#breadcrumb","itemListElement":[{"@type":"ListItem","position":1,"name":"Po\u010detna stranica","item":"https:\/\/radioljubuski.ba\/"},{"@type":"ListItem","position":2,"name":"\u0106osi\u0107: Konstitutivnost je temelj BiH i taj je princip stariji od Daytona"}]},{"@type":"WebSite","@id":"https:\/\/radioljubuski.ba\/#website","url":"https:\/\/radioljubuski.ba\/","name":"Radio Ljubu\u0161ki","description":"Sun\u010dana frekvencija Hercegovine","publisher":{"@id":"https:\/\/radioljubuski.ba\/#organization"},"potentialAction":[{"@type":"SearchAction","target":{"@type":"EntryPoint","urlTemplate":"https:\/\/radioljubuski.ba\/?s={search_term_string}"},"query-input":{"@type":"PropertyValueSpecification","valueRequired":true,"valueName":"search_term_string"}}],"inLanguage":"hr"},{"@type":"Organization","@id":"https:\/\/radioljubuski.ba\/#organization","name":"Radio Ljubu\u0161ki","url":"https:\/\/radioljubuski.ba\/","logo":{"@type":"ImageObject","inLanguage":"hr","@id":"https:\/\/radioljubuski.ba\/#\/schema\/logo\/image\/","url":"https:\/\/radioljubuski.ba\/wp-content\/uploads\/2021\/02\/cropped-Radio_Ljubuski_logo1.jpg","contentUrl":"https:\/\/radioljubuski.ba\/wp-content\/uploads\/2021\/02\/cropped-Radio_Ljubuski_logo1.jpg","width":512,"height":512,"caption":"Radio Ljubu\u0161ki"},"image":{"@id":"https:\/\/radioljubuski.ba\/#\/schema\/logo\/image\/"},"sameAs":["https:\/\/www.facebook.com\/Radiio-Ljubuski-1490835324566332","https:\/\/x.com\/radioljubuski","https:\/\/hr.linkedin.com\/company\/radio-ljubuski","https:\/\/www.youtube.com\/channel\/UCHYaeO_n0Db3tjNGudGpXyw"]},{"@type":"Person","@id":"https:\/\/radioljubuski.ba\/#\/schema\/person\/19fc700381a780f69665d7956c469e3b","name":"Radio Ljubu\u0161ki"}]}},"_links":{"self":[{"href":"https:\/\/radioljubuski.ba\/index.php\/wp-json\/wp\/v2\/posts\/17309","targetHints":{"allow":["GET"]}}],"collection":[{"href":"https:\/\/radioljubuski.ba\/index.php\/wp-json\/wp\/v2\/posts"}],"about":[{"href":"https:\/\/radioljubuski.ba\/index.php\/wp-json\/wp\/v2\/types\/post"}],"author":[{"embeddable":true,"href":"https:\/\/radioljubuski.ba\/index.php\/wp-json\/wp\/v2\/users\/2"}],"replies":[{"embeddable":true,"href":"https:\/\/radioljubuski.ba\/index.php\/wp-json\/wp\/v2\/comments?post=17309"}],"version-history":[{"count":1,"href":"https:\/\/radioljubuski.ba\/index.php\/wp-json\/wp\/v2\/posts\/17309\/revisions"}],"predecessor-version":[{"id":17311,"href":"https:\/\/radioljubuski.ba\/index.php\/wp-json\/wp\/v2\/posts\/17309\/revisions\/17311"}],"wp:featuredmedia":[{"embeddable":true,"href":"https:\/\/radioljubuski.ba\/index.php\/wp-json\/wp\/v2\/media\/17310"}],"wp:attachment":[{"href":"https:\/\/radioljubuski.ba\/index.php\/wp-json\/wp\/v2\/media?parent=17309"}],"wp:term":[{"taxonomy":"category","embeddable":true,"href":"https:\/\/radioljubuski.ba\/index.php\/wp-json\/wp\/v2\/categories?post=17309"},{"taxonomy":"post_tag","embeddable":true,"href":"https:\/\/radioljubuski.ba\/index.php\/wp-json\/wp\/v2\/tags?post=17309"}],"curies":[{"name":"wp","href":"https:\/\/api.w.org\/{rel}","templated":true}]}}