{"id":173120,"date":"2022-08-27T16:05:17","date_gmt":"2022-08-27T15:05:17","guid":{"rendered":"https:\/\/radioljubuski.ba\/?p=173120"},"modified":"2022-08-27T16:05:19","modified_gmt":"2022-08-27T15:05:19","slug":"marka-sapita-nakon-prijenosa-utakmice-hajduka-i-villareala-zasuli-prijetnjama-i-uvredama","status":"publish","type":"post","link":"https:\/\/radioljubuski.ba\/index.php\/2022\/08\/27\/marka-sapita-nakon-prijenosa-utakmice-hajduka-i-villareala-zasuli-prijetnjama-i-uvredama\/","title":{"rendered":"Marka \u0160apita nakon prijenosa utakmice Hajduka i Villareala zasuli prijetnjama i uvredama"},"content":{"rendered":"\n<p><strong>Komentator HTV-a Marko \u0160apit reagirao je na prozivke i prijetnje dobivene putem dru\u0161tvenih mre\u017ea.<\/strong><\/p>\n\n\n\n<p>Razlog? \u0160apit je u \u010detvrtak nave\u010der na HTV-u 2 prenosio uzvratnu utakmicu playoffa Konferencijske Lige izme\u0111u Hajduka i Villarreala. Hajduk je istu izgubio s 2:0, a nakon susreta su na \u0160apitovu adresu stigle brojne prozivke i uvrede. Razlog je \u010dinjenica da je Facebook stranica Prva Hrvatska liga, koju prati oko 50.000 ljudi, objavila \u0160apitovu izjavu koju on sam u prijenosu nije rekao, pi\u0161e&nbsp;<a href=\"https:\/\/slobodnadalmacija.hr\/sport\/domaci-nogomet\/objava-izazvala-lavinu-marko-sapit-nakon-prijenosa-utakmice-hajduka-i-villareala-dobio-lavinu-prijetnji-1219360\">Slobodna Dalmacija<\/a>.<\/p>\n\n\n\n<p>\u201cMarko \u0160apit ve\u010deras u prijenosu HNK Hajduk Split \u2013 Villarreal: \u201cDobrodo\u0161li na stadion najve\u0107eg hrvatskog kluba\u201d, objavili su na Facebook stranici Prva Hrvatska liga.<\/p>\n\n\n\n<p>Sporna objava kasnije je uklonjena, pravdali su se hakiranjem stranice, ali u me\u0111uvremenu je objava uzela maha i poznati TV komentator je dobio prijetnje.<\/p>\n\n\n\n<p>\u201cSino\u0107 su jazavci ili bolje re\u010deno idioti koji vode FB profil Prva Hrvatska Liga objavili post u kojemu su me optu\u017eili da sam na po\u010detku prijenosa utakmice Hajduk \u2013 Villarreal izjavio ne\u0161to \u0161to naravno nisam. Isprva sam se mislio uop\u0107e ne baviti tim bijednicima, ali s obzirom da situacija izmi\u010de kontroli moram reagirati. Sporni post ne \u017eelim objavljivati, dovoljno se ve\u0107 pro\u0161irio, samo ponavljam da je apsolutno la\u017ean i neistinit. Ovo \u0161to vidite je njihov poku\u0161aj popravka situacije, ha ha sorry stari netko nam je nakratko hakirao profil. Bravo majstori super ste. Ma odli\u010dni! To \u0161to se mene od sino\u0107 vrije\u0111a i napada zbog va\u0161e za***ancije, zlo\u0107e, gluposti ili lo\u0161eg smisla za humor to kao nema veze. E pa\u2026ima veze! Svi koji imaju neki savjet kako ovdje utjerati pravdu i natjerati gospodu ili gospodina da plati slobodno nek se jave (Toni na tebe apsolutno ra\u010dunam). Ovima koji su vrije\u0111ali mogu samo \u010destitati i po\u017eeljeti nastavak tih njihovih bijednih \u017eivota u kojima nemaju pametnijeg posla<\/p>\n\n\n\n<p>Ovima koji su prijetili\u2026njima nemam \u0161ta re\u0107i, s njima \u0107e razgovarati oni \u010dija je to du\u017enost\u201d \u2013 napisao je \u0160apit na svom profilu.<\/p>\n\n\n\n<p>U me\u0111uvremenu su iz Prve Hrvatske lige uputili svoje isprike.<\/p>\n\n\n\n<p>\u201cIspri\u010davamo se zbog nekih objava ve\u010deras, koje su naknadno uklonjene, netko nam je hakirao ra\u010dun. Objave za Marka \u0160apita i Valdasa Dambrauskasa nisu bile na\u0161e i obrisane su\u201d, napisali su na Prva Hrvatska liga.<\/p>\n\n\n\n<p>\/HMS\/<\/p>\n","protected":false},"excerpt":{"rendered":"<p>Komentator HTV-a Marko \u0160apit reagirao je na prozivke i prijetnje dobivene putem dru\u0161tvenih mre\u017ea. Razlog? \u0160apit je u \u010detvrtak nave\u010der na HTV-u 2 prenosio uzvratnu utakmicu playoffa Konferencijske Lige izme\u0111u Hajduka i Villarreala. Hajduk je istu izgubio s 2:0, a nakon susreta su na \u0160apitovu adresu stigle brojne prozivke i uvrede. Razlog je \u010dinjenica da [&hellip;]<\/p>\n","protected":false},"author":2,"featured_media":173121,"comment_status":"closed","ping_status":"closed","sticky":false,"template":"","format":"standard","meta":{"h5ap_radio_sources":[],"footnotes":""},"categories":[7],"tags":[],"class_list":["post-173120","post","type-post","status-publish","format-standard","has-post-thumbnail","hentry","category-sport"],"yoast_head":"<!-- This site is optimized with the Yoast SEO plugin v27.5 - https:\/\/yoast.com\/product\/yoast-seo-wordpress\/ -->\n<title>Marka \u0160apita nakon prijenosa utakmice Hajduka i Villareala zasuli prijetnjama i uvredama - RADIO LJUBU\u0160KI<\/title>\n<meta name=\"robots\" content=\"index, follow, max-snippet:-1, max-image-preview:large, max-video-preview:-1\" \/>\n<link rel=\"canonical\" href=\"https:\/\/radioljubuski.ba\/index.php\/2022\/08\/27\/marka-sapita-nakon-prijenosa-utakmice-hajduka-i-villareala-zasuli-prijetnjama-i-uvredama\/\" \/>\n<meta property=\"og:locale\" content=\"hr_HR\" \/>\n<meta property=\"og:type\" content=\"article\" \/>\n<meta property=\"og:title\" content=\"Marka \u0160apita nakon prijenosa utakmice Hajduka i Villareala zasuli prijetnjama i uvredama - RADIO LJUBU\u0160KI\" \/>\n<meta property=\"og:description\" content=\"Komentator HTV-a Marko \u0160apit reagirao je na prozivke i prijetnje dobivene putem dru\u0161tvenih mre\u017ea. Razlog? \u0160apit je u \u010detvrtak nave\u010der na HTV-u 2 prenosio uzvratnu utakmicu playoffa Konferencijske Lige izme\u0111u Hajduka i Villarreala. Hajduk je istu izgubio s 2:0, a nakon susreta su na \u0160apitovu adresu stigle brojne prozivke i uvrede. Razlog je \u010dinjenica da [&hellip;]\" \/>\n<meta property=\"og:url\" content=\"https:\/\/radioljubuski.ba\/index.php\/2022\/08\/27\/marka-sapita-nakon-prijenosa-utakmice-hajduka-i-villareala-zasuli-prijetnjama-i-uvredama\/\" \/>\n<meta property=\"og:site_name\" content=\"RADIO LJUBU\u0160KI\" \/>\n<meta property=\"article:publisher\" content=\"https:\/\/www.facebook.com\/Radiio-Ljubuski-1490835324566332\" \/>\n<meta property=\"article:published_time\" content=\"2022-08-27T15:05:17+00:00\" \/>\n<meta property=\"article:modified_time\" content=\"2022-08-27T15:05:19+00:00\" \/>\n<meta property=\"og:image\" content=\"https:\/\/radioljubuski.ba\/wp-content\/uploads\/2022\/08\/o_10038903_480.jpg\" \/>\n\t<meta property=\"og:image:width\" content=\"480\" \/>\n\t<meta property=\"og:image:height\" content=\"320\" \/>\n\t<meta property=\"og:image:type\" content=\"image\/jpeg\" \/>\n<meta name=\"author\" content=\"Radio Ljubu\u0161ki\" \/>\n<meta name=\"twitter:card\" content=\"summary_large_image\" \/>\n<meta name=\"twitter:creator\" content=\"@radioljubuski\" \/>\n<meta name=\"twitter:site\" content=\"@radioljubuski\" \/>\n<meta name=\"twitter:label1\" content=\"Napisao\/la\" \/>\n\t<meta name=\"twitter:data1\" content=\"Radio Ljubu\u0161ki\" \/>\n\t<meta name=\"twitter:label2\" content=\"Procijenjeno vrijeme \u010ditanja\" \/>\n\t<meta name=\"twitter:data2\" content=\"2 minute\" \/>\n<script type=\"application\/ld+json\" class=\"yoast-schema-graph\">{\"@context\":\"https:\\\/\\\/schema.org\",\"@graph\":[{\"@type\":\"Article\",\"@id\":\"https:\\\/\\\/radioljubuski.ba\\\/index.php\\\/2022\\\/08\\\/27\\\/marka-sapita-nakon-prijenosa-utakmice-hajduka-i-villareala-zasuli-prijetnjama-i-uvredama\\\/#article\",\"isPartOf\":{\"@id\":\"https:\\\/\\\/radioljubuski.ba\\\/index.php\\\/2022\\\/08\\\/27\\\/marka-sapita-nakon-prijenosa-utakmice-hajduka-i-villareala-zasuli-prijetnjama-i-uvredama\\\/\"},\"author\":{\"name\":\"Radio Ljubu\u0161ki\",\"@id\":\"https:\\\/\\\/radioljubuski.ba\\\/#\\\/schema\\\/person\\\/19fc700381a780f69665d7956c469e3b\"},\"headline\":\"Marka \u0160apita nakon prijenosa utakmice Hajduka i Villareala zasuli prijetnjama i uvredama\",\"datePublished\":\"2022-08-27T15:05:17+00:00\",\"dateModified\":\"2022-08-27T15:05:19+00:00\",\"mainEntityOfPage\":{\"@id\":\"https:\\\/\\\/radioljubuski.ba\\\/index.php\\\/2022\\\/08\\\/27\\\/marka-sapita-nakon-prijenosa-utakmice-hajduka-i-villareala-zasuli-prijetnjama-i-uvredama\\\/\"},\"wordCount\":402,\"publisher\":{\"@id\":\"https:\\\/\\\/radioljubuski.ba\\\/#organization\"},\"image\":{\"@id\":\"https:\\\/\\\/radioljubuski.ba\\\/index.php\\\/2022\\\/08\\\/27\\\/marka-sapita-nakon-prijenosa-utakmice-hajduka-i-villareala-zasuli-prijetnjama-i-uvredama\\\/#primaryimage\"},\"thumbnailUrl\":\"https:\\\/\\\/radioljubuski.ba\\\/wp-content\\\/uploads\\\/2022\\\/08\\\/o_10038903_480.jpg\",\"articleSection\":[\"\u0160port\"],\"inLanguage\":\"hr\"},{\"@type\":\"WebPage\",\"@id\":\"https:\\\/\\\/radioljubuski.ba\\\/index.php\\\/2022\\\/08\\\/27\\\/marka-sapita-nakon-prijenosa-utakmice-hajduka-i-villareala-zasuli-prijetnjama-i-uvredama\\\/\",\"url\":\"https:\\\/\\\/radioljubuski.ba\\\/index.php\\\/2022\\\/08\\\/27\\\/marka-sapita-nakon-prijenosa-utakmice-hajduka-i-villareala-zasuli-prijetnjama-i-uvredama\\\/\",\"name\":\"Marka \u0160apita nakon prijenosa utakmice Hajduka i Villareala zasuli prijetnjama i uvredama - RADIO LJUBU\u0160KI\",\"isPartOf\":{\"@id\":\"https:\\\/\\\/radioljubuski.ba\\\/#website\"},\"primaryImageOfPage\":{\"@id\":\"https:\\\/\\\/radioljubuski.ba\\\/index.php\\\/2022\\\/08\\\/27\\\/marka-sapita-nakon-prijenosa-utakmice-hajduka-i-villareala-zasuli-prijetnjama-i-uvredama\\\/#primaryimage\"},\"image\":{\"@id\":\"https:\\\/\\\/radioljubuski.ba\\\/index.php\\\/2022\\\/08\\\/27\\\/marka-sapita-nakon-prijenosa-utakmice-hajduka-i-villareala-zasuli-prijetnjama-i-uvredama\\\/#primaryimage\"},\"thumbnailUrl\":\"https:\\\/\\\/radioljubuski.ba\\\/wp-content\\\/uploads\\\/2022\\\/08\\\/o_10038903_480.jpg\",\"datePublished\":\"2022-08-27T15:05:17+00:00\",\"dateModified\":\"2022-08-27T15:05:19+00:00\",\"breadcrumb\":{\"@id\":\"https:\\\/\\\/radioljubuski.ba\\\/index.php\\\/2022\\\/08\\\/27\\\/marka-sapita-nakon-prijenosa-utakmice-hajduka-i-villareala-zasuli-prijetnjama-i-uvredama\\\/#breadcrumb\"},\"inLanguage\":\"hr\",\"potentialAction\":[{\"@type\":\"ReadAction\",\"target\":[\"https:\\\/\\\/radioljubuski.ba\\\/index.php\\\/2022\\\/08\\\/27\\\/marka-sapita-nakon-prijenosa-utakmice-hajduka-i-villareala-zasuli-prijetnjama-i-uvredama\\\/\"]}]},{\"@type\":\"ImageObject\",\"inLanguage\":\"hr\",\"@id\":\"https:\\\/\\\/radioljubuski.ba\\\/index.php\\\/2022\\\/08\\\/27\\\/marka-sapita-nakon-prijenosa-utakmice-hajduka-i-villareala-zasuli-prijetnjama-i-uvredama\\\/#primaryimage\",\"url\":\"https:\\\/\\\/radioljubuski.ba\\\/wp-content\\\/uploads\\\/2022\\\/08\\\/o_10038903_480.jpg\",\"contentUrl\":\"https:\\\/\\\/radioljubuski.ba\\\/wp-content\\\/uploads\\\/2022\\\/08\\\/o_10038903_480.jpg\",\"width\":480,\"height\":320},{\"@type\":\"BreadcrumbList\",\"@id\":\"https:\\\/\\\/radioljubuski.ba\\\/index.php\\\/2022\\\/08\\\/27\\\/marka-sapita-nakon-prijenosa-utakmice-hajduka-i-villareala-zasuli-prijetnjama-i-uvredama\\\/#breadcrumb\",\"itemListElement\":[{\"@type\":\"ListItem\",\"position\":1,\"name\":\"Po\u010detna stranica\",\"item\":\"https:\\\/\\\/radioljubuski.ba\\\/\"},{\"@type\":\"ListItem\",\"position\":2,\"name\":\"Marka \u0160apita nakon prijenosa utakmice Hajduka i Villareala zasuli prijetnjama i uvredama\"}]},{\"@type\":\"WebSite\",\"@id\":\"https:\\\/\\\/radioljubuski.ba\\\/#website\",\"url\":\"https:\\\/\\\/radioljubuski.ba\\\/\",\"name\":\"Radio Ljubu\u0161ki\",\"description\":\"Sun\u010dana frekvencija Hercegovine\",\"publisher\":{\"@id\":\"https:\\\/\\\/radioljubuski.ba\\\/#organization\"},\"potentialAction\":[{\"@type\":\"SearchAction\",\"target\":{\"@type\":\"EntryPoint\",\"urlTemplate\":\"https:\\\/\\\/radioljubuski.ba\\\/?s={search_term_string}\"},\"query-input\":{\"@type\":\"PropertyValueSpecification\",\"valueRequired\":true,\"valueName\":\"search_term_string\"}}],\"inLanguage\":\"hr\"},{\"@type\":\"Organization\",\"@id\":\"https:\\\/\\\/radioljubuski.ba\\\/#organization\",\"name\":\"Radio Ljubu\u0161ki\",\"url\":\"https:\\\/\\\/radioljubuski.ba\\\/\",\"logo\":{\"@type\":\"ImageObject\",\"inLanguage\":\"hr\",\"@id\":\"https:\\\/\\\/radioljubuski.ba\\\/#\\\/schema\\\/logo\\\/image\\\/\",\"url\":\"https:\\\/\\\/radioljubuski.ba\\\/wp-content\\\/uploads\\\/2021\\\/02\\\/cropped-Radio_Ljubuski_logo1.jpg\",\"contentUrl\":\"https:\\\/\\\/radioljubuski.ba\\\/wp-content\\\/uploads\\\/2021\\\/02\\\/cropped-Radio_Ljubuski_logo1.jpg\",\"width\":512,\"height\":512,\"caption\":\"Radio Ljubu\u0161ki\"},\"image\":{\"@id\":\"https:\\\/\\\/radioljubuski.ba\\\/#\\\/schema\\\/logo\\\/image\\\/\"},\"sameAs\":[\"https:\\\/\\\/www.facebook.com\\\/Radiio-Ljubuski-1490835324566332\",\"https:\\\/\\\/x.com\\\/radioljubuski\",\"https:\\\/\\\/hr.linkedin.com\\\/company\\\/radio-ljubuski\",\"https:\\\/\\\/www.youtube.com\\\/channel\\\/UCHYaeO_n0Db3tjNGudGpXyw\"]},{\"@type\":\"Person\",\"@id\":\"https:\\\/\\\/radioljubuski.ba\\\/#\\\/schema\\\/person\\\/19fc700381a780f69665d7956c469e3b\",\"name\":\"Radio Ljubu\u0161ki\"}]}<\/script>\n<!-- \/ Yoast SEO plugin. -->","yoast_head_json":{"title":"Marka \u0160apita nakon prijenosa utakmice Hajduka i Villareala zasuli prijetnjama i uvredama - RADIO LJUBU\u0160KI","robots":{"index":"index","follow":"follow","max-snippet":"max-snippet:-1","max-image-preview":"max-image-preview:large","max-video-preview":"max-video-preview:-1"},"canonical":"https:\/\/radioljubuski.ba\/index.php\/2022\/08\/27\/marka-sapita-nakon-prijenosa-utakmice-hajduka-i-villareala-zasuli-prijetnjama-i-uvredama\/","og_locale":"hr_HR","og_type":"article","og_title":"Marka \u0160apita nakon prijenosa utakmice Hajduka i Villareala zasuli prijetnjama i uvredama - RADIO LJUBU\u0160KI","og_description":"Komentator HTV-a Marko \u0160apit reagirao je na prozivke i prijetnje dobivene putem dru\u0161tvenih mre\u017ea. Razlog? \u0160apit je u \u010detvrtak nave\u010der na HTV-u 2 prenosio uzvratnu utakmicu playoffa Konferencijske Lige izme\u0111u Hajduka i Villarreala. Hajduk je istu izgubio s 2:0, a nakon susreta su na \u0160apitovu adresu stigle brojne prozivke i uvrede. Razlog je \u010dinjenica da [&hellip;]","og_url":"https:\/\/radioljubuski.ba\/index.php\/2022\/08\/27\/marka-sapita-nakon-prijenosa-utakmice-hajduka-i-villareala-zasuli-prijetnjama-i-uvredama\/","og_site_name":"RADIO LJUBU\u0160KI","article_publisher":"https:\/\/www.facebook.com\/Radiio-Ljubuski-1490835324566332","article_published_time":"2022-08-27T15:05:17+00:00","article_modified_time":"2022-08-27T15:05:19+00:00","og_image":[{"width":480,"height":320,"url":"https:\/\/radioljubuski.ba\/wp-content\/uploads\/2022\/08\/o_10038903_480.jpg","type":"image\/jpeg"}],"author":"Radio Ljubu\u0161ki","twitter_card":"summary_large_image","twitter_creator":"@radioljubuski","twitter_site":"@radioljubuski","twitter_misc":{"Napisao\/la":"Radio Ljubu\u0161ki","Procijenjeno vrijeme \u010ditanja":"2 minute"},"schema":{"@context":"https:\/\/schema.org","@graph":[{"@type":"Article","@id":"https:\/\/radioljubuski.ba\/index.php\/2022\/08\/27\/marka-sapita-nakon-prijenosa-utakmice-hajduka-i-villareala-zasuli-prijetnjama-i-uvredama\/#article","isPartOf":{"@id":"https:\/\/radioljubuski.ba\/index.php\/2022\/08\/27\/marka-sapita-nakon-prijenosa-utakmice-hajduka-i-villareala-zasuli-prijetnjama-i-uvredama\/"},"author":{"name":"Radio Ljubu\u0161ki","@id":"https:\/\/radioljubuski.ba\/#\/schema\/person\/19fc700381a780f69665d7956c469e3b"},"headline":"Marka \u0160apita nakon prijenosa utakmice Hajduka i Villareala zasuli prijetnjama i uvredama","datePublished":"2022-08-27T15:05:17+00:00","dateModified":"2022-08-27T15:05:19+00:00","mainEntityOfPage":{"@id":"https:\/\/radioljubuski.ba\/index.php\/2022\/08\/27\/marka-sapita-nakon-prijenosa-utakmice-hajduka-i-villareala-zasuli-prijetnjama-i-uvredama\/"},"wordCount":402,"publisher":{"@id":"https:\/\/radioljubuski.ba\/#organization"},"image":{"@id":"https:\/\/radioljubuski.ba\/index.php\/2022\/08\/27\/marka-sapita-nakon-prijenosa-utakmice-hajduka-i-villareala-zasuli-prijetnjama-i-uvredama\/#primaryimage"},"thumbnailUrl":"https:\/\/radioljubuski.ba\/wp-content\/uploads\/2022\/08\/o_10038903_480.jpg","articleSection":["\u0160port"],"inLanguage":"hr"},{"@type":"WebPage","@id":"https:\/\/radioljubuski.ba\/index.php\/2022\/08\/27\/marka-sapita-nakon-prijenosa-utakmice-hajduka-i-villareala-zasuli-prijetnjama-i-uvredama\/","url":"https:\/\/radioljubuski.ba\/index.php\/2022\/08\/27\/marka-sapita-nakon-prijenosa-utakmice-hajduka-i-villareala-zasuli-prijetnjama-i-uvredama\/","name":"Marka \u0160apita nakon prijenosa utakmice Hajduka i Villareala zasuli prijetnjama i uvredama - RADIO LJUBU\u0160KI","isPartOf":{"@id":"https:\/\/radioljubuski.ba\/#website"},"primaryImageOfPage":{"@id":"https:\/\/radioljubuski.ba\/index.php\/2022\/08\/27\/marka-sapita-nakon-prijenosa-utakmice-hajduka-i-villareala-zasuli-prijetnjama-i-uvredama\/#primaryimage"},"image":{"@id":"https:\/\/radioljubuski.ba\/index.php\/2022\/08\/27\/marka-sapita-nakon-prijenosa-utakmice-hajduka-i-villareala-zasuli-prijetnjama-i-uvredama\/#primaryimage"},"thumbnailUrl":"https:\/\/radioljubuski.ba\/wp-content\/uploads\/2022\/08\/o_10038903_480.jpg","datePublished":"2022-08-27T15:05:17+00:00","dateModified":"2022-08-27T15:05:19+00:00","breadcrumb":{"@id":"https:\/\/radioljubuski.ba\/index.php\/2022\/08\/27\/marka-sapita-nakon-prijenosa-utakmice-hajduka-i-villareala-zasuli-prijetnjama-i-uvredama\/#breadcrumb"},"inLanguage":"hr","potentialAction":[{"@type":"ReadAction","target":["https:\/\/radioljubuski.ba\/index.php\/2022\/08\/27\/marka-sapita-nakon-prijenosa-utakmice-hajduka-i-villareala-zasuli-prijetnjama-i-uvredama\/"]}]},{"@type":"ImageObject","inLanguage":"hr","@id":"https:\/\/radioljubuski.ba\/index.php\/2022\/08\/27\/marka-sapita-nakon-prijenosa-utakmice-hajduka-i-villareala-zasuli-prijetnjama-i-uvredama\/#primaryimage","url":"https:\/\/radioljubuski.ba\/wp-content\/uploads\/2022\/08\/o_10038903_480.jpg","contentUrl":"https:\/\/radioljubuski.ba\/wp-content\/uploads\/2022\/08\/o_10038903_480.jpg","width":480,"height":320},{"@type":"BreadcrumbList","@id":"https:\/\/radioljubuski.ba\/index.php\/2022\/08\/27\/marka-sapita-nakon-prijenosa-utakmice-hajduka-i-villareala-zasuli-prijetnjama-i-uvredama\/#breadcrumb","itemListElement":[{"@type":"ListItem","position":1,"name":"Po\u010detna stranica","item":"https:\/\/radioljubuski.ba\/"},{"@type":"ListItem","position":2,"name":"Marka \u0160apita nakon prijenosa utakmice Hajduka i Villareala zasuli prijetnjama i uvredama"}]},{"@type":"WebSite","@id":"https:\/\/radioljubuski.ba\/#website","url":"https:\/\/radioljubuski.ba\/","name":"Radio Ljubu\u0161ki","description":"Sun\u010dana frekvencija Hercegovine","publisher":{"@id":"https:\/\/radioljubuski.ba\/#organization"},"potentialAction":[{"@type":"SearchAction","target":{"@type":"EntryPoint","urlTemplate":"https:\/\/radioljubuski.ba\/?s={search_term_string}"},"query-input":{"@type":"PropertyValueSpecification","valueRequired":true,"valueName":"search_term_string"}}],"inLanguage":"hr"},{"@type":"Organization","@id":"https:\/\/radioljubuski.ba\/#organization","name":"Radio Ljubu\u0161ki","url":"https:\/\/radioljubuski.ba\/","logo":{"@type":"ImageObject","inLanguage":"hr","@id":"https:\/\/radioljubuski.ba\/#\/schema\/logo\/image\/","url":"https:\/\/radioljubuski.ba\/wp-content\/uploads\/2021\/02\/cropped-Radio_Ljubuski_logo1.jpg","contentUrl":"https:\/\/radioljubuski.ba\/wp-content\/uploads\/2021\/02\/cropped-Radio_Ljubuski_logo1.jpg","width":512,"height":512,"caption":"Radio Ljubu\u0161ki"},"image":{"@id":"https:\/\/radioljubuski.ba\/#\/schema\/logo\/image\/"},"sameAs":["https:\/\/www.facebook.com\/Radiio-Ljubuski-1490835324566332","https:\/\/x.com\/radioljubuski","https:\/\/hr.linkedin.com\/company\/radio-ljubuski","https:\/\/www.youtube.com\/channel\/UCHYaeO_n0Db3tjNGudGpXyw"]},{"@type":"Person","@id":"https:\/\/radioljubuski.ba\/#\/schema\/person\/19fc700381a780f69665d7956c469e3b","name":"Radio Ljubu\u0161ki"}]}},"_links":{"self":[{"href":"https:\/\/radioljubuski.ba\/index.php\/wp-json\/wp\/v2\/posts\/173120","targetHints":{"allow":["GET"]}}],"collection":[{"href":"https:\/\/radioljubuski.ba\/index.php\/wp-json\/wp\/v2\/posts"}],"about":[{"href":"https:\/\/radioljubuski.ba\/index.php\/wp-json\/wp\/v2\/types\/post"}],"author":[{"embeddable":true,"href":"https:\/\/radioljubuski.ba\/index.php\/wp-json\/wp\/v2\/users\/2"}],"replies":[{"embeddable":true,"href":"https:\/\/radioljubuski.ba\/index.php\/wp-json\/wp\/v2\/comments?post=173120"}],"version-history":[{"count":1,"href":"https:\/\/radioljubuski.ba\/index.php\/wp-json\/wp\/v2\/posts\/173120\/revisions"}],"predecessor-version":[{"id":173122,"href":"https:\/\/radioljubuski.ba\/index.php\/wp-json\/wp\/v2\/posts\/173120\/revisions\/173122"}],"wp:featuredmedia":[{"embeddable":true,"href":"https:\/\/radioljubuski.ba\/index.php\/wp-json\/wp\/v2\/media\/173121"}],"wp:attachment":[{"href":"https:\/\/radioljubuski.ba\/index.php\/wp-json\/wp\/v2\/media?parent=173120"}],"wp:term":[{"taxonomy":"category","embeddable":true,"href":"https:\/\/radioljubuski.ba\/index.php\/wp-json\/wp\/v2\/categories?post=173120"},{"taxonomy":"post_tag","embeddable":true,"href":"https:\/\/radioljubuski.ba\/index.php\/wp-json\/wp\/v2\/tags?post=173120"}],"curies":[{"name":"wp","href":"https:\/\/api.w.org\/{rel}","templated":true}]}}