{"id":17344,"date":"2021-04-29T22:24:36","date_gmt":"2021-04-29T21:24:36","guid":{"rendered":"https:\/\/radioljubuski.ba\/?p=17344"},"modified":"2021-04-29T22:24:37","modified_gmt":"2021-04-29T21:24:37","slug":"povijesna-pobjeda-granade-na-camp-nou-barcelona-ostala-treca","status":"publish","type":"post","link":"https:\/\/radioljubuski.ba\/index.php\/2021\/04\/29\/povijesna-pobjeda-granade-na-camp-nou-barcelona-ostala-treca\/","title":{"rendered":"Povijesna pobjeda Granade na Camp Nou, Barcelona ostala tre\u0107a"},"content":{"rendered":"\n<p><strong>Nogometa\u0161i Barcelone propustili su ogromnu priliku zasjesti nakon dugo vremena na \u010delo ljestvice \u0161panjolskog prvenstva jer su u 33. kolu La Lige izgubili na Camp Nou od Granade 1:2.&nbsp;&nbsp;<\/strong><\/p>\n\n\n\n<p>Kada je\u00a0<strong>Messi\u00a0<\/strong>u 23. minuti doveo Katalonce u vodstvo, \u010dinilo se da \u0107e Barca za bod prete\u0107i Atletico i pet kola prije kraja postati najve\u0107i favorit za osvajanje naslova prvaka.<br><br>No, igra\u010di Granade u drugom su poluvremenu napravili preokret. Prvo je u 63. minuti\u00a0<strong>Darwin Machis<\/strong>\u00a0izjedna\u010dio, a minutu nakon toga trener Barcelone\u00a0<strong>Ronald Koeman\u00a0<\/strong>je isklju\u010den. U 79. minuti\u00a0<strong>Jorge Molina<\/strong>\u00a0je postigao pobjedni\u010dki gol za Andalu\u017eane.<\/p>\n\n\n\n<blockquote class=\"twitter-tweet\"><p lang=\"en\" dir=\"ltr\">In the history books of <a href=\"https:\/\/twitter.com\/hashtag\/LaLiga?src=hash&amp;ref_src=twsrc%5Etfw\">#LaLiga<\/a>&#8230; \ud83d\udcda<br><br>\u2764 29\/04\/2021: <a href=\"https:\/\/twitter.com\/GranadaCdeF?ref_src=twsrc%5Etfw\">@GranadaCdeF<\/a>&#39;s first-ever win at the Camp Nou! \u2728<a href=\"https:\/\/twitter.com\/hashtag\/LaLigaHistory?src=hash&amp;ref_src=twsrc%5Etfw\">#LaLigaHistory<\/a> <a href=\"https:\/\/t.co\/jxsGWV0D2o\">pic.twitter.com\/jxsGWV0D2o<\/a><\/p>&mdash; LaLiga English (@LaLigaEN) <a href=\"https:\/\/twitter.com\/LaLigaEN\/status\/1387848380597129218?ref_src=twsrc%5Etfw\">April 29, 2021<\/a><\/blockquote> <script async src=\"https:\/\/platform.twitter.com\/widgets.js\" charset=\"utf-8\"><\/script>\n\n\n\n<p>Barcelona je tako ostala na tre\u0107em mjestu sa 71 bodom, koliko ima i drugi Real Madrid. Ljestvicu predvodi Atletico sa 73 boda. Granada je osma s 45 bodova, pet manje od mjesta koje vodi u Europu.&nbsp;<\/p>\n\n\n\n<p>LJESTVICA LA LIGE:<br><br>1. Atletico Madrid&nbsp; 33&nbsp; 22&nbsp;&nbsp; 7&nbsp;&nbsp; 4&nbsp;&nbsp; 60:22&nbsp; 73<br>2. Real Madrid&nbsp;&nbsp;&nbsp;&nbsp;&nbsp; 33&nbsp; 21&nbsp;&nbsp; 8&nbsp;&nbsp; 4&nbsp;&nbsp; 56:24&nbsp; 71<br>3. Barcelona&nbsp;&nbsp;&nbsp;&nbsp;&nbsp;&nbsp;&nbsp; 33&nbsp; 22&nbsp;&nbsp; 5&nbsp;&nbsp; 6&nbsp;&nbsp; 77:31&nbsp; 71<br>4. Sevilla&nbsp;&nbsp;&nbsp;&nbsp;&nbsp;&nbsp;&nbsp;&nbsp;&nbsp; 33&nbsp; 22&nbsp;&nbsp; 4&nbsp;&nbsp; 7&nbsp;&nbsp; 49:26&nbsp; 70<br>5. Real Sociedad&nbsp;&nbsp;&nbsp; 33&nbsp; 14&nbsp; 11&nbsp;&nbsp; 8&nbsp;&nbsp; 51:34&nbsp; 53<br>6. Betis&nbsp;&nbsp;&nbsp;&nbsp;&nbsp;&nbsp;&nbsp;&nbsp;&nbsp;&nbsp;&nbsp; 33&nbsp; 14&nbsp;&nbsp; 8&nbsp; 11&nbsp;&nbsp; 42:45&nbsp; 50<br>7. Villarreal&nbsp;&nbsp;&nbsp;&nbsp;&nbsp;&nbsp; 33&nbsp; 12&nbsp; 13&nbsp;&nbsp; 8&nbsp;&nbsp; 50:38&nbsp; 49<br>8. Granada&nbsp;&nbsp;&nbsp;&nbsp;&nbsp;&nbsp;&nbsp;&nbsp;&nbsp; 33&nbsp; 13&nbsp;&nbsp; 6&nbsp; 14&nbsp;&nbsp; 43:54&nbsp; 45<br>9. Athletic Bilbao&nbsp; 33&nbsp; 10&nbsp; 12&nbsp; 11&nbsp;&nbsp; 43:36&nbsp; 42<br>10. Celta Vigo&nbsp;&nbsp;&nbsp;&nbsp;&nbsp;&nbsp; 33&nbsp; 10&nbsp; 11&nbsp; 12&nbsp;&nbsp; 44:51&nbsp; 41<br>11. Osasuna&nbsp;&nbsp;&nbsp;&nbsp;&nbsp;&nbsp;&nbsp;&nbsp;&nbsp; 33&nbsp; 10&nbsp; 10&nbsp; 13&nbsp;&nbsp; 31:39&nbsp; 40<br>12. Levante&nbsp;&nbsp;&nbsp;&nbsp;&nbsp;&nbsp;&nbsp;&nbsp;&nbsp; 33&nbsp;&nbsp; 9&nbsp; 11&nbsp; 13&nbsp;&nbsp; 38:46&nbsp; 38<br>13. Cadiz&nbsp;&nbsp;&nbsp;&nbsp;&nbsp;&nbsp;&nbsp;&nbsp;&nbsp;&nbsp;&nbsp; 33&nbsp;&nbsp; 9&nbsp; 10&nbsp; 14&nbsp;&nbsp; 28:49&nbsp; 37<br>14. Valencia&nbsp;&nbsp;&nbsp;&nbsp;&nbsp;&nbsp;&nbsp;&nbsp; 33&nbsp;&nbsp; 8&nbsp; 12&nbsp; 13&nbsp;&nbsp; 41:48&nbsp; 36<br>15. Getafe&nbsp;&nbsp;&nbsp;&nbsp;&nbsp;&nbsp;&nbsp;&nbsp;&nbsp;&nbsp; 33&nbsp;&nbsp; 8&nbsp; 10&nbsp; 15&nbsp;&nbsp; 26:39&nbsp; 34<br>16. Alaves&nbsp;&nbsp;&nbsp;&nbsp;&nbsp;&nbsp;&nbsp;&nbsp;&nbsp;&nbsp; 33&nbsp;&nbsp; 7&nbsp; 10&nbsp; 16&nbsp;&nbsp; 28:49&nbsp; 31<br>17. Valladolid&nbsp;&nbsp;&nbsp;&nbsp;&nbsp;&nbsp; 33&nbsp;&nbsp; 5&nbsp; 15&nbsp; 13&nbsp;&nbsp; 31:45&nbsp; 30<br>18. Elche&nbsp;&nbsp;&nbsp;&nbsp;&nbsp;&nbsp;&nbsp;&nbsp;&nbsp;&nbsp;&nbsp; 33&nbsp;&nbsp; 6&nbsp; 12&nbsp; 15&nbsp;&nbsp; 29:49&nbsp; 30<br>19. Huesca&nbsp;&nbsp;&nbsp;&nbsp;&nbsp;&nbsp;&nbsp;&nbsp;&nbsp;&nbsp; 33&nbsp;&nbsp; 5&nbsp; 12&nbsp; 16&nbsp;&nbsp; 31:50&nbsp; 27<br>20. Eibar&nbsp;&nbsp;&nbsp;&nbsp;&nbsp;&nbsp;&nbsp;&nbsp;&nbsp;&nbsp;&nbsp; 33&nbsp;&nbsp; 4&nbsp; 11&nbsp; 18&nbsp;&nbsp; 23:46&nbsp; 23<\/p>\n\n\n\n<p>Izvor:hrt.hr<\/p>\n","protected":false},"excerpt":{"rendered":"<p>Nogometa\u0161i Barcelone propustili su ogromnu priliku zasjesti nakon dugo vremena na \u010delo ljestvice \u0161panjolskog prvenstva jer su u 33. kolu La Lige izgubili na Camp Nou od Granade 1:2.&nbsp;&nbsp; Kada je\u00a0Messi\u00a0u 23. minuti doveo Katalonce u vodstvo, \u010dinilo se da \u0107e Barca za bod prete\u0107i Atletico i pet kola prije kraja postati najve\u0107i favorit za [&hellip;]<\/p>\n","protected":false},"author":2,"featured_media":17345,"comment_status":"closed","ping_status":"closed","sticky":false,"template":"","format":"standard","meta":{"h5ap_radio_sources":[],"footnotes":""},"categories":[1],"tags":[],"class_list":["post-17344","post","type-post","status-publish","format-standard","has-post-thumbnail","hentry","category-bihiregija"],"yoast_head":"<!-- This site is optimized with the Yoast SEO plugin v27.4 - https:\/\/yoast.com\/product\/yoast-seo-wordpress\/ -->\n<title>Povijesna pobjeda Granade na Camp Nou, Barcelona ostala tre\u0107a - RADIO LJUBU\u0160KI<\/title>\n<meta name=\"robots\" content=\"index, follow, max-snippet:-1, max-image-preview:large, max-video-preview:-1\" \/>\n<link rel=\"canonical\" href=\"https:\/\/radioljubuski.ba\/index.php\/2021\/04\/29\/povijesna-pobjeda-granade-na-camp-nou-barcelona-ostala-treca\/\" \/>\n<meta property=\"og:locale\" content=\"hr_HR\" \/>\n<meta property=\"og:type\" content=\"article\" \/>\n<meta property=\"og:title\" content=\"Povijesna pobjeda Granade na Camp Nou, Barcelona ostala tre\u0107a - RADIO LJUBU\u0160KI\" \/>\n<meta property=\"og:description\" content=\"Nogometa\u0161i Barcelone propustili su ogromnu priliku zasjesti nakon dugo vremena na \u010delo ljestvice \u0161panjolskog prvenstva jer su u 33. kolu La Lige izgubili na Camp Nou od Granade 1:2.&nbsp;&nbsp; Kada je\u00a0Messi\u00a0u 23. minuti doveo Katalonce u vodstvo, \u010dinilo se da \u0107e Barca za bod prete\u0107i Atletico i pet kola prije kraja postati najve\u0107i favorit za [&hellip;]\" \/>\n<meta property=\"og:url\" content=\"https:\/\/radioljubuski.ba\/index.php\/2021\/04\/29\/povijesna-pobjeda-granade-na-camp-nou-barcelona-ostala-treca\/\" \/>\n<meta property=\"og:site_name\" content=\"RADIO LJUBU\u0160KI\" \/>\n<meta property=\"article:publisher\" content=\"https:\/\/www.facebook.com\/Radiio-Ljubuski-1490835324566332\" \/>\n<meta property=\"article:published_time\" content=\"2021-04-29T21:24:36+00:00\" \/>\n<meta property=\"article:modified_time\" content=\"2021-04-29T21:24:37+00:00\" \/>\n<meta property=\"og:image\" content=\"https:\/\/radioljubuski.ba\/wp-content\/uploads\/2021\/04\/preuzmi-20.jpg\" \/>\n\t<meta property=\"og:image:width\" content=\"269\" \/>\n\t<meta property=\"og:image:height\" content=\"187\" \/>\n\t<meta property=\"og:image:type\" content=\"image\/jpeg\" \/>\n<meta name=\"author\" content=\"Radio Ljubu\u0161ki\" \/>\n<meta name=\"twitter:card\" content=\"summary_large_image\" \/>\n<meta name=\"twitter:creator\" content=\"@radioljubuski\" \/>\n<meta name=\"twitter:site\" content=\"@radioljubuski\" \/>\n<meta name=\"twitter:label1\" content=\"Napisao\/la\" \/>\n\t<meta name=\"twitter:data1\" content=\"Radio Ljubu\u0161ki\" \/>\n\t<meta name=\"twitter:label2\" content=\"Procijenjeno vrijeme \u010ditanja\" \/>\n\t<meta name=\"twitter:data2\" content=\"2 minute\" \/>\n<script type=\"application\/ld+json\" class=\"yoast-schema-graph\">{\"@context\":\"https:\\\/\\\/schema.org\",\"@graph\":[{\"@type\":\"Article\",\"@id\":\"https:\\\/\\\/radioljubuski.ba\\\/index.php\\\/2021\\\/04\\\/29\\\/povijesna-pobjeda-granade-na-camp-nou-barcelona-ostala-treca\\\/#article\",\"isPartOf\":{\"@id\":\"https:\\\/\\\/radioljubuski.ba\\\/index.php\\\/2021\\\/04\\\/29\\\/povijesna-pobjeda-granade-na-camp-nou-barcelona-ostala-treca\\\/\"},\"author\":{\"name\":\"Radio Ljubu\u0161ki\",\"@id\":\"https:\\\/\\\/radioljubuski.ba\\\/#\\\/schema\\\/person\\\/19fc700381a780f69665d7956c469e3b\"},\"headline\":\"Povijesna pobjeda Granade na Camp Nou, Barcelona ostala tre\u0107a\",\"datePublished\":\"2021-04-29T21:24:36+00:00\",\"dateModified\":\"2021-04-29T21:24:37+00:00\",\"mainEntityOfPage\":{\"@id\":\"https:\\\/\\\/radioljubuski.ba\\\/index.php\\\/2021\\\/04\\\/29\\\/povijesna-pobjeda-granade-na-camp-nou-barcelona-ostala-treca\\\/\"},\"wordCount\":499,\"publisher\":{\"@id\":\"https:\\\/\\\/radioljubuski.ba\\\/#organization\"},\"image\":{\"@id\":\"https:\\\/\\\/radioljubuski.ba\\\/index.php\\\/2021\\\/04\\\/29\\\/povijesna-pobjeda-granade-na-camp-nou-barcelona-ostala-treca\\\/#primaryimage\"},\"thumbnailUrl\":\"https:\\\/\\\/radioljubuski.ba\\\/wp-content\\\/uploads\\\/2021\\\/04\\\/preuzmi-20.jpg\",\"articleSection\":[\"BIH i regija\"],\"inLanguage\":\"hr\"},{\"@type\":\"WebPage\",\"@id\":\"https:\\\/\\\/radioljubuski.ba\\\/index.php\\\/2021\\\/04\\\/29\\\/povijesna-pobjeda-granade-na-camp-nou-barcelona-ostala-treca\\\/\",\"url\":\"https:\\\/\\\/radioljubuski.ba\\\/index.php\\\/2021\\\/04\\\/29\\\/povijesna-pobjeda-granade-na-camp-nou-barcelona-ostala-treca\\\/\",\"name\":\"Povijesna pobjeda Granade na Camp Nou, Barcelona ostala tre\u0107a - RADIO LJUBU\u0160KI\",\"isPartOf\":{\"@id\":\"https:\\\/\\\/radioljubuski.ba\\\/#website\"},\"primaryImageOfPage\":{\"@id\":\"https:\\\/\\\/radioljubuski.ba\\\/index.php\\\/2021\\\/04\\\/29\\\/povijesna-pobjeda-granade-na-camp-nou-barcelona-ostala-treca\\\/#primaryimage\"},\"image\":{\"@id\":\"https:\\\/\\\/radioljubuski.ba\\\/index.php\\\/2021\\\/04\\\/29\\\/povijesna-pobjeda-granade-na-camp-nou-barcelona-ostala-treca\\\/#primaryimage\"},\"thumbnailUrl\":\"https:\\\/\\\/radioljubuski.ba\\\/wp-content\\\/uploads\\\/2021\\\/04\\\/preuzmi-20.jpg\",\"datePublished\":\"2021-04-29T21:24:36+00:00\",\"dateModified\":\"2021-04-29T21:24:37+00:00\",\"breadcrumb\":{\"@id\":\"https:\\\/\\\/radioljubuski.ba\\\/index.php\\\/2021\\\/04\\\/29\\\/povijesna-pobjeda-granade-na-camp-nou-barcelona-ostala-treca\\\/#breadcrumb\"},\"inLanguage\":\"hr\",\"potentialAction\":[{\"@type\":\"ReadAction\",\"target\":[\"https:\\\/\\\/radioljubuski.ba\\\/index.php\\\/2021\\\/04\\\/29\\\/povijesna-pobjeda-granade-na-camp-nou-barcelona-ostala-treca\\\/\"]}]},{\"@type\":\"ImageObject\",\"inLanguage\":\"hr\",\"@id\":\"https:\\\/\\\/radioljubuski.ba\\\/index.php\\\/2021\\\/04\\\/29\\\/povijesna-pobjeda-granade-na-camp-nou-barcelona-ostala-treca\\\/#primaryimage\",\"url\":\"https:\\\/\\\/radioljubuski.ba\\\/wp-content\\\/uploads\\\/2021\\\/04\\\/preuzmi-20.jpg\",\"contentUrl\":\"https:\\\/\\\/radioljubuski.ba\\\/wp-content\\\/uploads\\\/2021\\\/04\\\/preuzmi-20.jpg\",\"width\":269,\"height\":187},{\"@type\":\"BreadcrumbList\",\"@id\":\"https:\\\/\\\/radioljubuski.ba\\\/index.php\\\/2021\\\/04\\\/29\\\/povijesna-pobjeda-granade-na-camp-nou-barcelona-ostala-treca\\\/#breadcrumb\",\"itemListElement\":[{\"@type\":\"ListItem\",\"position\":1,\"name\":\"Po\u010detna stranica\",\"item\":\"https:\\\/\\\/radioljubuski.ba\\\/\"},{\"@type\":\"ListItem\",\"position\":2,\"name\":\"Povijesna pobjeda Granade na Camp Nou, Barcelona ostala tre\u0107a\"}]},{\"@type\":\"WebSite\",\"@id\":\"https:\\\/\\\/radioljubuski.ba\\\/#website\",\"url\":\"https:\\\/\\\/radioljubuski.ba\\\/\",\"name\":\"Radio Ljubu\u0161ki\",\"description\":\"Sun\u010dana frekvencija Hercegovine\",\"publisher\":{\"@id\":\"https:\\\/\\\/radioljubuski.ba\\\/#organization\"},\"potentialAction\":[{\"@type\":\"SearchAction\",\"target\":{\"@type\":\"EntryPoint\",\"urlTemplate\":\"https:\\\/\\\/radioljubuski.ba\\\/?s={search_term_string}\"},\"query-input\":{\"@type\":\"PropertyValueSpecification\",\"valueRequired\":true,\"valueName\":\"search_term_string\"}}],\"inLanguage\":\"hr\"},{\"@type\":\"Organization\",\"@id\":\"https:\\\/\\\/radioljubuski.ba\\\/#organization\",\"name\":\"Radio Ljubu\u0161ki\",\"url\":\"https:\\\/\\\/radioljubuski.ba\\\/\",\"logo\":{\"@type\":\"ImageObject\",\"inLanguage\":\"hr\",\"@id\":\"https:\\\/\\\/radioljubuski.ba\\\/#\\\/schema\\\/logo\\\/image\\\/\",\"url\":\"https:\\\/\\\/radioljubuski.ba\\\/wp-content\\\/uploads\\\/2021\\\/02\\\/cropped-Radio_Ljubuski_logo1.jpg\",\"contentUrl\":\"https:\\\/\\\/radioljubuski.ba\\\/wp-content\\\/uploads\\\/2021\\\/02\\\/cropped-Radio_Ljubuski_logo1.jpg\",\"width\":512,\"height\":512,\"caption\":\"Radio Ljubu\u0161ki\"},\"image\":{\"@id\":\"https:\\\/\\\/radioljubuski.ba\\\/#\\\/schema\\\/logo\\\/image\\\/\"},\"sameAs\":[\"https:\\\/\\\/www.facebook.com\\\/Radiio-Ljubuski-1490835324566332\",\"https:\\\/\\\/x.com\\\/radioljubuski\",\"https:\\\/\\\/hr.linkedin.com\\\/company\\\/radio-ljubuski\",\"https:\\\/\\\/www.youtube.com\\\/channel\\\/UCHYaeO_n0Db3tjNGudGpXyw\"]},{\"@type\":\"Person\",\"@id\":\"https:\\\/\\\/radioljubuski.ba\\\/#\\\/schema\\\/person\\\/19fc700381a780f69665d7956c469e3b\",\"name\":\"Radio Ljubu\u0161ki\"}]}<\/script>\n<!-- \/ Yoast SEO plugin. -->","yoast_head_json":{"title":"Povijesna pobjeda Granade na Camp Nou, Barcelona ostala tre\u0107a - RADIO LJUBU\u0160KI","robots":{"index":"index","follow":"follow","max-snippet":"max-snippet:-1","max-image-preview":"max-image-preview:large","max-video-preview":"max-video-preview:-1"},"canonical":"https:\/\/radioljubuski.ba\/index.php\/2021\/04\/29\/povijesna-pobjeda-granade-na-camp-nou-barcelona-ostala-treca\/","og_locale":"hr_HR","og_type":"article","og_title":"Povijesna pobjeda Granade na Camp Nou, Barcelona ostala tre\u0107a - RADIO LJUBU\u0160KI","og_description":"Nogometa\u0161i Barcelone propustili su ogromnu priliku zasjesti nakon dugo vremena na \u010delo ljestvice \u0161panjolskog prvenstva jer su u 33. kolu La Lige izgubili na Camp Nou od Granade 1:2.&nbsp;&nbsp; Kada je\u00a0Messi\u00a0u 23. minuti doveo Katalonce u vodstvo, \u010dinilo se da \u0107e Barca za bod prete\u0107i Atletico i pet kola prije kraja postati najve\u0107i favorit za [&hellip;]","og_url":"https:\/\/radioljubuski.ba\/index.php\/2021\/04\/29\/povijesna-pobjeda-granade-na-camp-nou-barcelona-ostala-treca\/","og_site_name":"RADIO LJUBU\u0160KI","article_publisher":"https:\/\/www.facebook.com\/Radiio-Ljubuski-1490835324566332","article_published_time":"2021-04-29T21:24:36+00:00","article_modified_time":"2021-04-29T21:24:37+00:00","og_image":[{"width":269,"height":187,"url":"https:\/\/radioljubuski.ba\/wp-content\/uploads\/2021\/04\/preuzmi-20.jpg","type":"image\/jpeg"}],"author":"Radio Ljubu\u0161ki","twitter_card":"summary_large_image","twitter_creator":"@radioljubuski","twitter_site":"@radioljubuski","twitter_misc":{"Napisao\/la":"Radio Ljubu\u0161ki","Procijenjeno vrijeme \u010ditanja":"2 minute"},"schema":{"@context":"https:\/\/schema.org","@graph":[{"@type":"Article","@id":"https:\/\/radioljubuski.ba\/index.php\/2021\/04\/29\/povijesna-pobjeda-granade-na-camp-nou-barcelona-ostala-treca\/#article","isPartOf":{"@id":"https:\/\/radioljubuski.ba\/index.php\/2021\/04\/29\/povijesna-pobjeda-granade-na-camp-nou-barcelona-ostala-treca\/"},"author":{"name":"Radio Ljubu\u0161ki","@id":"https:\/\/radioljubuski.ba\/#\/schema\/person\/19fc700381a780f69665d7956c469e3b"},"headline":"Povijesna pobjeda Granade na Camp Nou, Barcelona ostala tre\u0107a","datePublished":"2021-04-29T21:24:36+00:00","dateModified":"2021-04-29T21:24:37+00:00","mainEntityOfPage":{"@id":"https:\/\/radioljubuski.ba\/index.php\/2021\/04\/29\/povijesna-pobjeda-granade-na-camp-nou-barcelona-ostala-treca\/"},"wordCount":499,"publisher":{"@id":"https:\/\/radioljubuski.ba\/#organization"},"image":{"@id":"https:\/\/radioljubuski.ba\/index.php\/2021\/04\/29\/povijesna-pobjeda-granade-na-camp-nou-barcelona-ostala-treca\/#primaryimage"},"thumbnailUrl":"https:\/\/radioljubuski.ba\/wp-content\/uploads\/2021\/04\/preuzmi-20.jpg","articleSection":["BIH i regija"],"inLanguage":"hr"},{"@type":"WebPage","@id":"https:\/\/radioljubuski.ba\/index.php\/2021\/04\/29\/povijesna-pobjeda-granade-na-camp-nou-barcelona-ostala-treca\/","url":"https:\/\/radioljubuski.ba\/index.php\/2021\/04\/29\/povijesna-pobjeda-granade-na-camp-nou-barcelona-ostala-treca\/","name":"Povijesna pobjeda Granade na Camp Nou, Barcelona ostala tre\u0107a - RADIO LJUBU\u0160KI","isPartOf":{"@id":"https:\/\/radioljubuski.ba\/#website"},"primaryImageOfPage":{"@id":"https:\/\/radioljubuski.ba\/index.php\/2021\/04\/29\/povijesna-pobjeda-granade-na-camp-nou-barcelona-ostala-treca\/#primaryimage"},"image":{"@id":"https:\/\/radioljubuski.ba\/index.php\/2021\/04\/29\/povijesna-pobjeda-granade-na-camp-nou-barcelona-ostala-treca\/#primaryimage"},"thumbnailUrl":"https:\/\/radioljubuski.ba\/wp-content\/uploads\/2021\/04\/preuzmi-20.jpg","datePublished":"2021-04-29T21:24:36+00:00","dateModified":"2021-04-29T21:24:37+00:00","breadcrumb":{"@id":"https:\/\/radioljubuski.ba\/index.php\/2021\/04\/29\/povijesna-pobjeda-granade-na-camp-nou-barcelona-ostala-treca\/#breadcrumb"},"inLanguage":"hr","potentialAction":[{"@type":"ReadAction","target":["https:\/\/radioljubuski.ba\/index.php\/2021\/04\/29\/povijesna-pobjeda-granade-na-camp-nou-barcelona-ostala-treca\/"]}]},{"@type":"ImageObject","inLanguage":"hr","@id":"https:\/\/radioljubuski.ba\/index.php\/2021\/04\/29\/povijesna-pobjeda-granade-na-camp-nou-barcelona-ostala-treca\/#primaryimage","url":"https:\/\/radioljubuski.ba\/wp-content\/uploads\/2021\/04\/preuzmi-20.jpg","contentUrl":"https:\/\/radioljubuski.ba\/wp-content\/uploads\/2021\/04\/preuzmi-20.jpg","width":269,"height":187},{"@type":"BreadcrumbList","@id":"https:\/\/radioljubuski.ba\/index.php\/2021\/04\/29\/povijesna-pobjeda-granade-na-camp-nou-barcelona-ostala-treca\/#breadcrumb","itemListElement":[{"@type":"ListItem","position":1,"name":"Po\u010detna stranica","item":"https:\/\/radioljubuski.ba\/"},{"@type":"ListItem","position":2,"name":"Povijesna pobjeda Granade na Camp Nou, Barcelona ostala tre\u0107a"}]},{"@type":"WebSite","@id":"https:\/\/radioljubuski.ba\/#website","url":"https:\/\/radioljubuski.ba\/","name":"Radio Ljubu\u0161ki","description":"Sun\u010dana frekvencija Hercegovine","publisher":{"@id":"https:\/\/radioljubuski.ba\/#organization"},"potentialAction":[{"@type":"SearchAction","target":{"@type":"EntryPoint","urlTemplate":"https:\/\/radioljubuski.ba\/?s={search_term_string}"},"query-input":{"@type":"PropertyValueSpecification","valueRequired":true,"valueName":"search_term_string"}}],"inLanguage":"hr"},{"@type":"Organization","@id":"https:\/\/radioljubuski.ba\/#organization","name":"Radio Ljubu\u0161ki","url":"https:\/\/radioljubuski.ba\/","logo":{"@type":"ImageObject","inLanguage":"hr","@id":"https:\/\/radioljubuski.ba\/#\/schema\/logo\/image\/","url":"https:\/\/radioljubuski.ba\/wp-content\/uploads\/2021\/02\/cropped-Radio_Ljubuski_logo1.jpg","contentUrl":"https:\/\/radioljubuski.ba\/wp-content\/uploads\/2021\/02\/cropped-Radio_Ljubuski_logo1.jpg","width":512,"height":512,"caption":"Radio Ljubu\u0161ki"},"image":{"@id":"https:\/\/radioljubuski.ba\/#\/schema\/logo\/image\/"},"sameAs":["https:\/\/www.facebook.com\/Radiio-Ljubuski-1490835324566332","https:\/\/x.com\/radioljubuski","https:\/\/hr.linkedin.com\/company\/radio-ljubuski","https:\/\/www.youtube.com\/channel\/UCHYaeO_n0Db3tjNGudGpXyw"]},{"@type":"Person","@id":"https:\/\/radioljubuski.ba\/#\/schema\/person\/19fc700381a780f69665d7956c469e3b","name":"Radio Ljubu\u0161ki"}]}},"_links":{"self":[{"href":"https:\/\/radioljubuski.ba\/index.php\/wp-json\/wp\/v2\/posts\/17344","targetHints":{"allow":["GET"]}}],"collection":[{"href":"https:\/\/radioljubuski.ba\/index.php\/wp-json\/wp\/v2\/posts"}],"about":[{"href":"https:\/\/radioljubuski.ba\/index.php\/wp-json\/wp\/v2\/types\/post"}],"author":[{"embeddable":true,"href":"https:\/\/radioljubuski.ba\/index.php\/wp-json\/wp\/v2\/users\/2"}],"replies":[{"embeddable":true,"href":"https:\/\/radioljubuski.ba\/index.php\/wp-json\/wp\/v2\/comments?post=17344"}],"version-history":[{"count":1,"href":"https:\/\/radioljubuski.ba\/index.php\/wp-json\/wp\/v2\/posts\/17344\/revisions"}],"predecessor-version":[{"id":17346,"href":"https:\/\/radioljubuski.ba\/index.php\/wp-json\/wp\/v2\/posts\/17344\/revisions\/17346"}],"wp:featuredmedia":[{"embeddable":true,"href":"https:\/\/radioljubuski.ba\/index.php\/wp-json\/wp\/v2\/media\/17345"}],"wp:attachment":[{"href":"https:\/\/radioljubuski.ba\/index.php\/wp-json\/wp\/v2\/media?parent=17344"}],"wp:term":[{"taxonomy":"category","embeddable":true,"href":"https:\/\/radioljubuski.ba\/index.php\/wp-json\/wp\/v2\/categories?post=17344"},{"taxonomy":"post_tag","embeddable":true,"href":"https:\/\/radioljubuski.ba\/index.php\/wp-json\/wp\/v2\/tags?post=17344"}],"curies":[{"name":"wp","href":"https:\/\/api.w.org\/{rel}","templated":true}]}}