{"id":173569,"date":"2022-08-28T14:59:56","date_gmt":"2022-08-28T13:59:56","guid":{"rendered":"https:\/\/radioljubuski.ba\/?p=173569"},"modified":"2022-08-28T14:59:57","modified_gmt":"2022-08-28T13:59:57","slug":"ova-opcina-u-bih-kupuje-stanove-za-iznajmljivanje-mladim-bracnim-parovima","status":"publish","type":"post","link":"https:\/\/radioljubuski.ba\/index.php\/2022\/08\/28\/ova-opcina-u-bih-kupuje-stanove-za-iznajmljivanje-mladim-bracnim-parovima\/","title":{"rendered":"Ova op\u0107ina u BiH kupuje stanove za iznajmljivanje mladim bra\u010dnim parovima"},"content":{"rendered":"\n<p>Mladi bra\u010dni parovi na putu ka osamostaljivanju u Bosni i Hercegovini susre\u0107u se s nizom prepreka. Prvi je gdje i kako \u017eivjeti. Zbog \u010desto nesigurnih poslova kredit ne mogu podi\u0107i, a najamnine su sve skuplje. Zbog toga Op\u0107ina Travnik po\u010dinje s kupovinom stanova koje \u0107e iznajmljivati mladim bra\u010dnim parovima po, kako ka\u017eu, simboli\u010dnim cijenama, pi\u0161e BHRT.<\/p>\n\n\n\n<p>Selma \u0160ib\u010di\u0107 iz Travnika i nakon 3 godine braka jo\u0161 s mu\u017eem \u017eivi pod najmom. Iako su ve\u0107 sad cijene mjese\u010dne najamnine stana u ovom gradu visoke, isti\u010de ova mlada Travni\u010danka, izvjesno je da \u0107e one i dalje rasti. Jedan kredit za vratiti ve\u0107 imaju, tako da o kupovini stana, za sada, mogu samo ma\u0161tati.<\/p>\n\n\n\n<p>&#8220;Ovdje kvadrat jednog stana ko\u0161ta od dvije tisu\u0107e, pa nadalje. Tako da nema \u0161anse, a za nekih 50 kvadrata moramo izdvojiti nekih 100 tisu\u0107a, a 100 tisu\u0107a dignut kredita u banci je malo nemogu\u0107e&#8221;, ka\u017ee Selma.<\/p>\n\n\n\n<p>A sli\u010dna situacija je i s ostalim travni\u010dkim mladim bra\u010dnim parovima. Aldina Karajko i nakon vi\u0161e od 10 godina braka jo\u0161 \u017eivi s roditeljima svoga mu\u017ea.<\/p>\n\n\n\n<p>&#8220;Sre\u0107a pa imam ku\u0107u u kojoj je svekar, ali jo\u0161 uvijek to nije rije\u0161eno, budu\u0107i da imam i djevera. Tako ide svake godine, iz kredita u kredit da bi ne\u0161to osposobili svojoj djeci i na kraju \u017eivot nas pro\u0111e u kreditu ili eventualno moramo napustiti svoju zemlju&#8221;, kazala je Aldina Karajko.<\/p>\n\n\n\n<p>Kako bi sprije\u010dili odlazak mladih, op\u0107ina Travnik \u0107e u narednom periodu kupovati stanove od 40 do 55 kvadrata, te ih davati upravo mladim bra\u010dnim parovima na kori\u0161tenje uz naknadu. Za ovaj projekt ve\u0107 je osigurano pola milijuna maraka ranijih sredstava iz stambenog fonda, isti\u010du u op\u0107ini.<\/p>\n\n\n\n<p>&#8220;To je kvadratura koja je dovoljna i jo\u0161 jedno dijete vjerojatno. Vidjet \u0107emo sada dalje \u0161to su to kriteriji koji \u0107e opredjeljivati tko \u0107e dobiti stan na kori\u0161tenje. Sad za sad \u0107e to biti bra\u010dni parovi s deficitarnim zanimanjima&#8221;, kazao je Kenan Dautovi\u0107, na\u010delnik op\u0107ine Travnik.<br>&nbsp;<\/p>\n\n\n\n<p>Plasti\u010dno prikazano mladi bra\u010dni parovi koji su za iznajmljivanje stana pla\u0107ali 350 km i vi\u0161e sada \u0107e za gradske stanove izdvajati od 100 do 150 km.<\/p>\n\n\n\n<p>&#8220;Ne\u0107emo mo\u0107i vi\u0161e od 5 do 7 stanova kupiti. Dakle, kad se gleda masa nije to ne\u0161to ogromno, da ka\u017eemo da nam je to opredjeljenje i da \u017eelimo i\u0107i dalje u tom smjeru&#8221;, rekao je na\u010delnik op\u0107ine Travnik.<\/p>\n\n\n\n<p>Iako je kupovna mo\u0107 bh. stanovni\u0161tva niska, potra\u017enja za stanovima i dalje je iznena\u0111uju\u0107e visoka. S druge strane stanova na tr\u017ei\u0161tu nema dovoljno, \u0161to je prouzrokovalo, izme\u0111u ostalog, i rast cijena po kvadratu, tvrde iz agencije za nekretnine. Ipak u Travniku su one uspore\u0111uju\u0107i druge ve\u0107e bh. gradove jo\u0161 na prosje\u010dnom nivou.<\/p>\n\n\n\n<p>&#8220;Nekada je bilo jako puno stanova i \u010dekali su se kupci. Danas kupaca ima, a \u010deka se adekvatan stan. Kada kupac do\u0111e do adekvatnog stana nije u situaciji da pregovara o cijeni, nego to je to, uzmi ili ostavi&#8221;, kazala je Remisija Muj\u010di\u0107, direktorica agencije za nekretnine.<\/p>\n\n\n\n<p>Javni poziv za kupovinu stanova u Travniku ve\u0107 je odobren, dok \u0107e to\u010dno definirani uvjeti za natjecanje za kori\u0161tenje stanova biti tema naredne sjednice op\u0107inskog vije\u0107a . Ostaje nada da \u0107e ovakvi i sli\u010dni potezi izazvati lan\u010danu reakciju sustavnog pomaganja mladima kojih je na ulicama bh. gradova, na\u017ealost, sve manje.<\/p>\n\n\n\n<iframe loading=\"lazy\" title=\"Travnik kupuje stanove za mlade bra\u010dne parove\" width=\"640\" height=\"360\" src=\"https:\/\/www.youtube.com\/embed\/fkgCG3ZwiV8?feature=oembed\" frameborder=\"0\" allow=\"accelerometer; autoplay; clipboard-write; encrypted-media; gyroscope; picture-in-picture; web-share\" referrerpolicy=\"strict-origin-when-cross-origin\" allowfullscreen><\/iframe>\n\n\n\n<p>Izvor:BHRT<\/p>\n","protected":false},"excerpt":{"rendered":"<p>Mladi bra\u010dni parovi na putu ka osamostaljivanju u Bosni i Hercegovini susre\u0107u se s nizom prepreka. Prvi je gdje i kako \u017eivjeti. Zbog \u010desto nesigurnih poslova kredit ne mogu podi\u0107i, a najamnine su sve skuplje. Zbog toga Op\u0107ina Travnik po\u010dinje s kupovinom stanova koje \u0107e iznajmljivati mladim bra\u010dnim parovima po, kako ka\u017eu, simboli\u010dnim cijenama, pi\u0161e [&hellip;]<\/p>\n","protected":false},"author":2,"featured_media":173570,"comment_status":"closed","ping_status":"closed","sticky":false,"template":"","format":"standard","meta":{"h5ap_radio_sources":[],"footnotes":""},"categories":[1],"tags":[],"class_list":["post-173569","post","type-post","status-publish","format-standard","has-post-thumbnail","hentry","category-bihiregija"],"yoast_head":"<!-- This site is optimized with the Yoast SEO plugin v27.5 - https:\/\/yoast.com\/product\/yoast-seo-wordpress\/ -->\n<title>Ova op\u0107ina u BiH kupuje stanove za iznajmljivanje mladim bra\u010dnim parovima - RADIO LJUBU\u0160KI<\/title>\n<meta name=\"robots\" content=\"index, follow, max-snippet:-1, max-image-preview:large, max-video-preview:-1\" \/>\n<link rel=\"canonical\" href=\"https:\/\/radioljubuski.ba\/index.php\/2022\/08\/28\/ova-opcina-u-bih-kupuje-stanove-za-iznajmljivanje-mladim-bracnim-parovima\/\" \/>\n<meta property=\"og:locale\" content=\"hr_HR\" \/>\n<meta property=\"og:type\" content=\"article\" \/>\n<meta property=\"og:title\" content=\"Ova op\u0107ina u BiH kupuje stanove za iznajmljivanje mladim bra\u010dnim parovima - RADIO LJUBU\u0160KI\" \/>\n<meta property=\"og:description\" content=\"Mladi bra\u010dni parovi na putu ka osamostaljivanju u Bosni i Hercegovini susre\u0107u se s nizom prepreka. Prvi je gdje i kako \u017eivjeti. Zbog \u010desto nesigurnih poslova kredit ne mogu podi\u0107i, a najamnine su sve skuplje. Zbog toga Op\u0107ina Travnik po\u010dinje s kupovinom stanova koje \u0107e iznajmljivati mladim bra\u010dnim parovima po, kako ka\u017eu, simboli\u010dnim cijenama, pi\u0161e [&hellip;]\" \/>\n<meta property=\"og:url\" content=\"https:\/\/radioljubuski.ba\/index.php\/2022\/08\/28\/ova-opcina-u-bih-kupuje-stanove-za-iznajmljivanje-mladim-bracnim-parovima\/\" \/>\n<meta property=\"og:site_name\" content=\"RADIO LJUBU\u0160KI\" \/>\n<meta property=\"article:publisher\" content=\"https:\/\/www.facebook.com\/Radiio-Ljubuski-1490835324566332\" \/>\n<meta property=\"article:published_time\" content=\"2022-08-28T13:59:56+00:00\" \/>\n<meta property=\"article:modified_time\" content=\"2022-08-28T13:59:57+00:00\" \/>\n<meta property=\"og:image\" content=\"https:\/\/radioljubuski.ba\/wp-content\/uploads\/2022\/08\/8-2022-08-28-14-08-44-travnik-grad-1.jpg\" \/>\n\t<meta property=\"og:image:width\" content=\"1000\" \/>\n\t<meta property=\"og:image:height\" content=\"625\" \/>\n\t<meta property=\"og:image:type\" content=\"image\/jpeg\" \/>\n<meta name=\"author\" content=\"Radio Ljubu\u0161ki\" \/>\n<meta name=\"twitter:card\" content=\"summary_large_image\" \/>\n<meta name=\"twitter:creator\" content=\"@radioljubuski\" \/>\n<meta name=\"twitter:site\" content=\"@radioljubuski\" \/>\n<meta name=\"twitter:label1\" content=\"Napisao\/la\" \/>\n\t<meta name=\"twitter:data1\" content=\"Radio Ljubu\u0161ki\" \/>\n\t<meta name=\"twitter:label2\" content=\"Procijenjeno vrijeme \u010ditanja\" \/>\n\t<meta name=\"twitter:data2\" content=\"3 minute\" \/>\n<script type=\"application\/ld+json\" class=\"yoast-schema-graph\">{\"@context\":\"https:\\\/\\\/schema.org\",\"@graph\":[{\"@type\":\"Article\",\"@id\":\"https:\\\/\\\/radioljubuski.ba\\\/index.php\\\/2022\\\/08\\\/28\\\/ova-opcina-u-bih-kupuje-stanove-za-iznajmljivanje-mladim-bracnim-parovima\\\/#article\",\"isPartOf\":{\"@id\":\"https:\\\/\\\/radioljubuski.ba\\\/index.php\\\/2022\\\/08\\\/28\\\/ova-opcina-u-bih-kupuje-stanove-za-iznajmljivanje-mladim-bracnim-parovima\\\/\"},\"author\":{\"name\":\"Radio Ljubu\u0161ki\",\"@id\":\"https:\\\/\\\/radioljubuski.ba\\\/#\\\/schema\\\/person\\\/19fc700381a780f69665d7956c469e3b\"},\"headline\":\"Ova op\u0107ina u BiH kupuje stanove za iznajmljivanje mladim bra\u010dnim parovima\",\"datePublished\":\"2022-08-28T13:59:56+00:00\",\"dateModified\":\"2022-08-28T13:59:57+00:00\",\"mainEntityOfPage\":{\"@id\":\"https:\\\/\\\/radioljubuski.ba\\\/index.php\\\/2022\\\/08\\\/28\\\/ova-opcina-u-bih-kupuje-stanove-za-iznajmljivanje-mladim-bracnim-parovima\\\/\"},\"wordCount\":614,\"publisher\":{\"@id\":\"https:\\\/\\\/radioljubuski.ba\\\/#organization\"},\"image\":{\"@id\":\"https:\\\/\\\/radioljubuski.ba\\\/index.php\\\/2022\\\/08\\\/28\\\/ova-opcina-u-bih-kupuje-stanove-za-iznajmljivanje-mladim-bracnim-parovima\\\/#primaryimage\"},\"thumbnailUrl\":\"https:\\\/\\\/radioljubuski.ba\\\/wp-content\\\/uploads\\\/2022\\\/08\\\/8-2022-08-28-14-08-44-travnik-grad-1.jpg\",\"articleSection\":[\"BIH i regija\"],\"inLanguage\":\"hr\"},{\"@type\":\"WebPage\",\"@id\":\"https:\\\/\\\/radioljubuski.ba\\\/index.php\\\/2022\\\/08\\\/28\\\/ova-opcina-u-bih-kupuje-stanove-za-iznajmljivanje-mladim-bracnim-parovima\\\/\",\"url\":\"https:\\\/\\\/radioljubuski.ba\\\/index.php\\\/2022\\\/08\\\/28\\\/ova-opcina-u-bih-kupuje-stanove-za-iznajmljivanje-mladim-bracnim-parovima\\\/\",\"name\":\"Ova op\u0107ina u BiH kupuje stanove za iznajmljivanje mladim bra\u010dnim parovima - RADIO LJUBU\u0160KI\",\"isPartOf\":{\"@id\":\"https:\\\/\\\/radioljubuski.ba\\\/#website\"},\"primaryImageOfPage\":{\"@id\":\"https:\\\/\\\/radioljubuski.ba\\\/index.php\\\/2022\\\/08\\\/28\\\/ova-opcina-u-bih-kupuje-stanove-za-iznajmljivanje-mladim-bracnim-parovima\\\/#primaryimage\"},\"image\":{\"@id\":\"https:\\\/\\\/radioljubuski.ba\\\/index.php\\\/2022\\\/08\\\/28\\\/ova-opcina-u-bih-kupuje-stanove-za-iznajmljivanje-mladim-bracnim-parovima\\\/#primaryimage\"},\"thumbnailUrl\":\"https:\\\/\\\/radioljubuski.ba\\\/wp-content\\\/uploads\\\/2022\\\/08\\\/8-2022-08-28-14-08-44-travnik-grad-1.jpg\",\"datePublished\":\"2022-08-28T13:59:56+00:00\",\"dateModified\":\"2022-08-28T13:59:57+00:00\",\"breadcrumb\":{\"@id\":\"https:\\\/\\\/radioljubuski.ba\\\/index.php\\\/2022\\\/08\\\/28\\\/ova-opcina-u-bih-kupuje-stanove-za-iznajmljivanje-mladim-bracnim-parovima\\\/#breadcrumb\"},\"inLanguage\":\"hr\",\"potentialAction\":[{\"@type\":\"ReadAction\",\"target\":[\"https:\\\/\\\/radioljubuski.ba\\\/index.php\\\/2022\\\/08\\\/28\\\/ova-opcina-u-bih-kupuje-stanove-za-iznajmljivanje-mladim-bracnim-parovima\\\/\"]}]},{\"@type\":\"ImageObject\",\"inLanguage\":\"hr\",\"@id\":\"https:\\\/\\\/radioljubuski.ba\\\/index.php\\\/2022\\\/08\\\/28\\\/ova-opcina-u-bih-kupuje-stanove-za-iznajmljivanje-mladim-bracnim-parovima\\\/#primaryimage\",\"url\":\"https:\\\/\\\/radioljubuski.ba\\\/wp-content\\\/uploads\\\/2022\\\/08\\\/8-2022-08-28-14-08-44-travnik-grad-1.jpg\",\"contentUrl\":\"https:\\\/\\\/radioljubuski.ba\\\/wp-content\\\/uploads\\\/2022\\\/08\\\/8-2022-08-28-14-08-44-travnik-grad-1.jpg\",\"width\":1000,\"height\":625},{\"@type\":\"BreadcrumbList\",\"@id\":\"https:\\\/\\\/radioljubuski.ba\\\/index.php\\\/2022\\\/08\\\/28\\\/ova-opcina-u-bih-kupuje-stanove-za-iznajmljivanje-mladim-bracnim-parovima\\\/#breadcrumb\",\"itemListElement\":[{\"@type\":\"ListItem\",\"position\":1,\"name\":\"Po\u010detna stranica\",\"item\":\"https:\\\/\\\/radioljubuski.ba\\\/\"},{\"@type\":\"ListItem\",\"position\":2,\"name\":\"Ova op\u0107ina u BiH kupuje stanove za iznajmljivanje mladim bra\u010dnim parovima\"}]},{\"@type\":\"WebSite\",\"@id\":\"https:\\\/\\\/radioljubuski.ba\\\/#website\",\"url\":\"https:\\\/\\\/radioljubuski.ba\\\/\",\"name\":\"Radio Ljubu\u0161ki\",\"description\":\"Sun\u010dana frekvencija Hercegovine\",\"publisher\":{\"@id\":\"https:\\\/\\\/radioljubuski.ba\\\/#organization\"},\"potentialAction\":[{\"@type\":\"SearchAction\",\"target\":{\"@type\":\"EntryPoint\",\"urlTemplate\":\"https:\\\/\\\/radioljubuski.ba\\\/?s={search_term_string}\"},\"query-input\":{\"@type\":\"PropertyValueSpecification\",\"valueRequired\":true,\"valueName\":\"search_term_string\"}}],\"inLanguage\":\"hr\"},{\"@type\":\"Organization\",\"@id\":\"https:\\\/\\\/radioljubuski.ba\\\/#organization\",\"name\":\"Radio Ljubu\u0161ki\",\"url\":\"https:\\\/\\\/radioljubuski.ba\\\/\",\"logo\":{\"@type\":\"ImageObject\",\"inLanguage\":\"hr\",\"@id\":\"https:\\\/\\\/radioljubuski.ba\\\/#\\\/schema\\\/logo\\\/image\\\/\",\"url\":\"https:\\\/\\\/radioljubuski.ba\\\/wp-content\\\/uploads\\\/2021\\\/02\\\/cropped-Radio_Ljubuski_logo1.jpg\",\"contentUrl\":\"https:\\\/\\\/radioljubuski.ba\\\/wp-content\\\/uploads\\\/2021\\\/02\\\/cropped-Radio_Ljubuski_logo1.jpg\",\"width\":512,\"height\":512,\"caption\":\"Radio Ljubu\u0161ki\"},\"image\":{\"@id\":\"https:\\\/\\\/radioljubuski.ba\\\/#\\\/schema\\\/logo\\\/image\\\/\"},\"sameAs\":[\"https:\\\/\\\/www.facebook.com\\\/Radiio-Ljubuski-1490835324566332\",\"https:\\\/\\\/x.com\\\/radioljubuski\",\"https:\\\/\\\/hr.linkedin.com\\\/company\\\/radio-ljubuski\",\"https:\\\/\\\/www.youtube.com\\\/channel\\\/UCHYaeO_n0Db3tjNGudGpXyw\"]},{\"@type\":\"Person\",\"@id\":\"https:\\\/\\\/radioljubuski.ba\\\/#\\\/schema\\\/person\\\/19fc700381a780f69665d7956c469e3b\",\"name\":\"Radio Ljubu\u0161ki\"}]}<\/script>\n<!-- \/ Yoast SEO plugin. -->","yoast_head_json":{"title":"Ova op\u0107ina u BiH kupuje stanove za iznajmljivanje mladim bra\u010dnim parovima - RADIO LJUBU\u0160KI","robots":{"index":"index","follow":"follow","max-snippet":"max-snippet:-1","max-image-preview":"max-image-preview:large","max-video-preview":"max-video-preview:-1"},"canonical":"https:\/\/radioljubuski.ba\/index.php\/2022\/08\/28\/ova-opcina-u-bih-kupuje-stanove-za-iznajmljivanje-mladim-bracnim-parovima\/","og_locale":"hr_HR","og_type":"article","og_title":"Ova op\u0107ina u BiH kupuje stanove za iznajmljivanje mladim bra\u010dnim parovima - RADIO LJUBU\u0160KI","og_description":"Mladi bra\u010dni parovi na putu ka osamostaljivanju u Bosni i Hercegovini susre\u0107u se s nizom prepreka. Prvi je gdje i kako \u017eivjeti. Zbog \u010desto nesigurnih poslova kredit ne mogu podi\u0107i, a najamnine su sve skuplje. Zbog toga Op\u0107ina Travnik po\u010dinje s kupovinom stanova koje \u0107e iznajmljivati mladim bra\u010dnim parovima po, kako ka\u017eu, simboli\u010dnim cijenama, pi\u0161e [&hellip;]","og_url":"https:\/\/radioljubuski.ba\/index.php\/2022\/08\/28\/ova-opcina-u-bih-kupuje-stanove-za-iznajmljivanje-mladim-bracnim-parovima\/","og_site_name":"RADIO LJUBU\u0160KI","article_publisher":"https:\/\/www.facebook.com\/Radiio-Ljubuski-1490835324566332","article_published_time":"2022-08-28T13:59:56+00:00","article_modified_time":"2022-08-28T13:59:57+00:00","og_image":[{"width":1000,"height":625,"url":"https:\/\/radioljubuski.ba\/wp-content\/uploads\/2022\/08\/8-2022-08-28-14-08-44-travnik-grad-1.jpg","type":"image\/jpeg"}],"author":"Radio Ljubu\u0161ki","twitter_card":"summary_large_image","twitter_creator":"@radioljubuski","twitter_site":"@radioljubuski","twitter_misc":{"Napisao\/la":"Radio Ljubu\u0161ki","Procijenjeno vrijeme \u010ditanja":"3 minute"},"schema":{"@context":"https:\/\/schema.org","@graph":[{"@type":"Article","@id":"https:\/\/radioljubuski.ba\/index.php\/2022\/08\/28\/ova-opcina-u-bih-kupuje-stanove-za-iznajmljivanje-mladim-bracnim-parovima\/#article","isPartOf":{"@id":"https:\/\/radioljubuski.ba\/index.php\/2022\/08\/28\/ova-opcina-u-bih-kupuje-stanove-za-iznajmljivanje-mladim-bracnim-parovima\/"},"author":{"name":"Radio Ljubu\u0161ki","@id":"https:\/\/radioljubuski.ba\/#\/schema\/person\/19fc700381a780f69665d7956c469e3b"},"headline":"Ova op\u0107ina u BiH kupuje stanove za iznajmljivanje mladim bra\u010dnim parovima","datePublished":"2022-08-28T13:59:56+00:00","dateModified":"2022-08-28T13:59:57+00:00","mainEntityOfPage":{"@id":"https:\/\/radioljubuski.ba\/index.php\/2022\/08\/28\/ova-opcina-u-bih-kupuje-stanove-za-iznajmljivanje-mladim-bracnim-parovima\/"},"wordCount":614,"publisher":{"@id":"https:\/\/radioljubuski.ba\/#organization"},"image":{"@id":"https:\/\/radioljubuski.ba\/index.php\/2022\/08\/28\/ova-opcina-u-bih-kupuje-stanove-za-iznajmljivanje-mladim-bracnim-parovima\/#primaryimage"},"thumbnailUrl":"https:\/\/radioljubuski.ba\/wp-content\/uploads\/2022\/08\/8-2022-08-28-14-08-44-travnik-grad-1.jpg","articleSection":["BIH i regija"],"inLanguage":"hr"},{"@type":"WebPage","@id":"https:\/\/radioljubuski.ba\/index.php\/2022\/08\/28\/ova-opcina-u-bih-kupuje-stanove-za-iznajmljivanje-mladim-bracnim-parovima\/","url":"https:\/\/radioljubuski.ba\/index.php\/2022\/08\/28\/ova-opcina-u-bih-kupuje-stanove-za-iznajmljivanje-mladim-bracnim-parovima\/","name":"Ova op\u0107ina u BiH kupuje stanove za iznajmljivanje mladim bra\u010dnim parovima - RADIO LJUBU\u0160KI","isPartOf":{"@id":"https:\/\/radioljubuski.ba\/#website"},"primaryImageOfPage":{"@id":"https:\/\/radioljubuski.ba\/index.php\/2022\/08\/28\/ova-opcina-u-bih-kupuje-stanove-za-iznajmljivanje-mladim-bracnim-parovima\/#primaryimage"},"image":{"@id":"https:\/\/radioljubuski.ba\/index.php\/2022\/08\/28\/ova-opcina-u-bih-kupuje-stanove-za-iznajmljivanje-mladim-bracnim-parovima\/#primaryimage"},"thumbnailUrl":"https:\/\/radioljubuski.ba\/wp-content\/uploads\/2022\/08\/8-2022-08-28-14-08-44-travnik-grad-1.jpg","datePublished":"2022-08-28T13:59:56+00:00","dateModified":"2022-08-28T13:59:57+00:00","breadcrumb":{"@id":"https:\/\/radioljubuski.ba\/index.php\/2022\/08\/28\/ova-opcina-u-bih-kupuje-stanove-za-iznajmljivanje-mladim-bracnim-parovima\/#breadcrumb"},"inLanguage":"hr","potentialAction":[{"@type":"ReadAction","target":["https:\/\/radioljubuski.ba\/index.php\/2022\/08\/28\/ova-opcina-u-bih-kupuje-stanove-za-iznajmljivanje-mladim-bracnim-parovima\/"]}]},{"@type":"ImageObject","inLanguage":"hr","@id":"https:\/\/radioljubuski.ba\/index.php\/2022\/08\/28\/ova-opcina-u-bih-kupuje-stanove-za-iznajmljivanje-mladim-bracnim-parovima\/#primaryimage","url":"https:\/\/radioljubuski.ba\/wp-content\/uploads\/2022\/08\/8-2022-08-28-14-08-44-travnik-grad-1.jpg","contentUrl":"https:\/\/radioljubuski.ba\/wp-content\/uploads\/2022\/08\/8-2022-08-28-14-08-44-travnik-grad-1.jpg","width":1000,"height":625},{"@type":"BreadcrumbList","@id":"https:\/\/radioljubuski.ba\/index.php\/2022\/08\/28\/ova-opcina-u-bih-kupuje-stanove-za-iznajmljivanje-mladim-bracnim-parovima\/#breadcrumb","itemListElement":[{"@type":"ListItem","position":1,"name":"Po\u010detna stranica","item":"https:\/\/radioljubuski.ba\/"},{"@type":"ListItem","position":2,"name":"Ova op\u0107ina u BiH kupuje stanove za iznajmljivanje mladim bra\u010dnim parovima"}]},{"@type":"WebSite","@id":"https:\/\/radioljubuski.ba\/#website","url":"https:\/\/radioljubuski.ba\/","name":"Radio Ljubu\u0161ki","description":"Sun\u010dana frekvencija Hercegovine","publisher":{"@id":"https:\/\/radioljubuski.ba\/#organization"},"potentialAction":[{"@type":"SearchAction","target":{"@type":"EntryPoint","urlTemplate":"https:\/\/radioljubuski.ba\/?s={search_term_string}"},"query-input":{"@type":"PropertyValueSpecification","valueRequired":true,"valueName":"search_term_string"}}],"inLanguage":"hr"},{"@type":"Organization","@id":"https:\/\/radioljubuski.ba\/#organization","name":"Radio Ljubu\u0161ki","url":"https:\/\/radioljubuski.ba\/","logo":{"@type":"ImageObject","inLanguage":"hr","@id":"https:\/\/radioljubuski.ba\/#\/schema\/logo\/image\/","url":"https:\/\/radioljubuski.ba\/wp-content\/uploads\/2021\/02\/cropped-Radio_Ljubuski_logo1.jpg","contentUrl":"https:\/\/radioljubuski.ba\/wp-content\/uploads\/2021\/02\/cropped-Radio_Ljubuski_logo1.jpg","width":512,"height":512,"caption":"Radio Ljubu\u0161ki"},"image":{"@id":"https:\/\/radioljubuski.ba\/#\/schema\/logo\/image\/"},"sameAs":["https:\/\/www.facebook.com\/Radiio-Ljubuski-1490835324566332","https:\/\/x.com\/radioljubuski","https:\/\/hr.linkedin.com\/company\/radio-ljubuski","https:\/\/www.youtube.com\/channel\/UCHYaeO_n0Db3tjNGudGpXyw"]},{"@type":"Person","@id":"https:\/\/radioljubuski.ba\/#\/schema\/person\/19fc700381a780f69665d7956c469e3b","name":"Radio Ljubu\u0161ki"}]}},"_links":{"self":[{"href":"https:\/\/radioljubuski.ba\/index.php\/wp-json\/wp\/v2\/posts\/173569","targetHints":{"allow":["GET"]}}],"collection":[{"href":"https:\/\/radioljubuski.ba\/index.php\/wp-json\/wp\/v2\/posts"}],"about":[{"href":"https:\/\/radioljubuski.ba\/index.php\/wp-json\/wp\/v2\/types\/post"}],"author":[{"embeddable":true,"href":"https:\/\/radioljubuski.ba\/index.php\/wp-json\/wp\/v2\/users\/2"}],"replies":[{"embeddable":true,"href":"https:\/\/radioljubuski.ba\/index.php\/wp-json\/wp\/v2\/comments?post=173569"}],"version-history":[{"count":1,"href":"https:\/\/radioljubuski.ba\/index.php\/wp-json\/wp\/v2\/posts\/173569\/revisions"}],"predecessor-version":[{"id":173571,"href":"https:\/\/radioljubuski.ba\/index.php\/wp-json\/wp\/v2\/posts\/173569\/revisions\/173571"}],"wp:featuredmedia":[{"embeddable":true,"href":"https:\/\/radioljubuski.ba\/index.php\/wp-json\/wp\/v2\/media\/173570"}],"wp:attachment":[{"href":"https:\/\/radioljubuski.ba\/index.php\/wp-json\/wp\/v2\/media?parent=173569"}],"wp:term":[{"taxonomy":"category","embeddable":true,"href":"https:\/\/radioljubuski.ba\/index.php\/wp-json\/wp\/v2\/categories?post=173569"},{"taxonomy":"post_tag","embeddable":true,"href":"https:\/\/radioljubuski.ba\/index.php\/wp-json\/wp\/v2\/tags?post=173569"}],"curies":[{"name":"wp","href":"https:\/\/api.w.org\/{rel}","templated":true}]}}