{"id":173825,"date":"2022-08-29T09:51:04","date_gmt":"2022-08-29T08:51:04","guid":{"rendered":"https:\/\/radioljubuski.ba\/?p=173825"},"modified":"2022-08-29T09:51:05","modified_gmt":"2022-08-29T08:51:05","slug":"spasioci-locirali-izgubljenog-planinara-ziv-je-ekipe-su-krenule-prema-njemu","status":"publish","type":"post","link":"https:\/\/radioljubuski.ba\/index.php\/2022\/08\/29\/spasioci-locirali-izgubljenog-planinara-ziv-je-ekipe-su-krenule-prema-njemu\/","title":{"rendered":"Spasioci locirali izgubljenog planinara: &#8216;\u017div je. Ekipe su krenule prema njemu&#8217;"},"content":{"rendered":"\n<p>Nestali kakanjski planinar I. T. (1979.) upravo je lociran na predjelu planine Tajan, potvrdio je Feni na\u010delnik Gorske slu\u017ebe spa\u0161avanja Zavidovi\u0107i Admir Bajraktarevi\u0107.<\/p>\n\n\n\n<p>Planinar se, kako nam je ranije kazao Bajraktarevi\u0107, izgubio te je i pao, a zadnji razgovor s njegovog mobitela evidentiran je ju\u010der oko 16.30 sati. Ju\u010dera\u0161nja potraga nije bila uspje\u0161na.<\/p>\n\n\n\n<p>&#8211; Uspjeli smo ga locirati i \u0161to je najva\u017enije \u017eiv je! Ekipe su krenule prema njemu, ali trebat \u0107e nam oko dva sata da do\u0111emo do njega. Duboko je u \u0161umi &#8211; ka\u017ee Bajraktarevi\u0107, koji dodaje da \u0107e tek po dolasku na lice mjesta mo\u0107i ustanoviti u kakvom je stanju.<\/p>\n\n\n\n<p>U dana\u0161nju potragu, osim pripadnika GSS-a Zavidovi\u0107i i Kakanj, koji su ju\u010der tragali za Kakanjcem, uklju\u010deni su i pripadnici jo\u0161 nekoliko stanica. Prema Tajanu su krenuli i pripadnici GSS-a iz Tuzle.<\/p>\n\n\n\n<p>Izvor.pogled.ba<\/p>\n","protected":false},"excerpt":{"rendered":"<p>Nestali kakanjski planinar I. T. (1979.) upravo je lociran na predjelu planine Tajan, potvrdio je Feni na\u010delnik Gorske slu\u017ebe spa\u0161avanja Zavidovi\u0107i Admir Bajraktarevi\u0107. Planinar se, kako nam je ranije kazao Bajraktarevi\u0107, izgubio te je i pao, a zadnji razgovor s njegovog mobitela evidentiran je ju\u010der oko 16.30 sati. Ju\u010dera\u0161nja potraga nije bila uspje\u0161na. &#8211; Uspjeli [&hellip;]<\/p>\n","protected":false},"author":2,"featured_media":173826,"comment_status":"closed","ping_status":"closed","sticky":false,"template":"","format":"standard","meta":{"h5ap_radio_sources":[],"footnotes":""},"categories":[1],"tags":[],"class_list":["post-173825","post","type-post","status-publish","format-standard","has-post-thumbnail","hentry","category-bihiregija"],"yoast_head":"<!-- This site is optimized with the Yoast SEO plugin v27.5 - https:\/\/yoast.com\/product\/yoast-seo-wordpress\/ -->\n<title>Spasioci locirali izgubljenog planinara: &#039;\u017div je. Ekipe su krenule prema njemu&#039; - RADIO LJUBU\u0160KI<\/title>\n<meta name=\"robots\" content=\"index, follow, max-snippet:-1, max-image-preview:large, max-video-preview:-1\" \/>\n<link rel=\"canonical\" href=\"https:\/\/radioljubuski.ba\/index.php\/2022\/08\/29\/spasioci-locirali-izgubljenog-planinara-ziv-je-ekipe-su-krenule-prema-njemu\/\" \/>\n<meta property=\"og:locale\" content=\"hr_HR\" \/>\n<meta property=\"og:type\" content=\"article\" \/>\n<meta property=\"og:title\" content=\"Spasioci locirali izgubljenog planinara: &#039;\u017div je. Ekipe su krenule prema njemu&#039; - RADIO LJUBU\u0160KI\" \/>\n<meta property=\"og:description\" content=\"Nestali kakanjski planinar I. T. (1979.) upravo je lociran na predjelu planine Tajan, potvrdio je Feni na\u010delnik Gorske slu\u017ebe spa\u0161avanja Zavidovi\u0107i Admir Bajraktarevi\u0107. Planinar se, kako nam je ranije kazao Bajraktarevi\u0107, izgubio te je i pao, a zadnji razgovor s njegovog mobitela evidentiran je ju\u010der oko 16.30 sati. Ju\u010dera\u0161nja potraga nije bila uspje\u0161na. &#8211; Uspjeli [&hellip;]\" \/>\n<meta property=\"og:url\" content=\"https:\/\/radioljubuski.ba\/index.php\/2022\/08\/29\/spasioci-locirali-izgubljenog-planinara-ziv-je-ekipe-su-krenule-prema-njemu\/\" \/>\n<meta property=\"og:site_name\" content=\"RADIO LJUBU\u0160KI\" \/>\n<meta property=\"article:publisher\" content=\"https:\/\/www.facebook.com\/Radiio-Ljubuski-1490835324566332\" \/>\n<meta property=\"article:published_time\" content=\"2022-08-29T08:51:04+00:00\" \/>\n<meta property=\"article:modified_time\" content=\"2022-08-29T08:51:05+00:00\" \/>\n<meta property=\"og:image\" content=\"https:\/\/radioljubuski.ba\/wp-content\/uploads\/2022\/08\/8-2022-08-29-08-31-46-TAJAN.jpg\" \/>\n\t<meta property=\"og:image:width\" content=\"1000\" \/>\n\t<meta property=\"og:image:height\" content=\"625\" \/>\n\t<meta property=\"og:image:type\" content=\"image\/jpeg\" \/>\n<meta name=\"author\" content=\"Radio Ljubu\u0161ki\" \/>\n<meta name=\"twitter:card\" content=\"summary_large_image\" \/>\n<meta name=\"twitter:creator\" content=\"@radioljubuski\" \/>\n<meta name=\"twitter:site\" content=\"@radioljubuski\" \/>\n<meta name=\"twitter:label1\" content=\"Napisao\/la\" \/>\n\t<meta name=\"twitter:data1\" content=\"Radio Ljubu\u0161ki\" \/>\n\t<meta name=\"twitter:label2\" content=\"Procijenjeno vrijeme \u010ditanja\" \/>\n\t<meta name=\"twitter:data2\" content=\"1 minuta\" \/>\n<script type=\"application\/ld+json\" class=\"yoast-schema-graph\">{\"@context\":\"https:\\\/\\\/schema.org\",\"@graph\":[{\"@type\":\"Article\",\"@id\":\"https:\\\/\\\/radioljubuski.ba\\\/index.php\\\/2022\\\/08\\\/29\\\/spasioci-locirali-izgubljenog-planinara-ziv-je-ekipe-su-krenule-prema-njemu\\\/#article\",\"isPartOf\":{\"@id\":\"https:\\\/\\\/radioljubuski.ba\\\/index.php\\\/2022\\\/08\\\/29\\\/spasioci-locirali-izgubljenog-planinara-ziv-je-ekipe-su-krenule-prema-njemu\\\/\"},\"author\":{\"name\":\"Radio Ljubu\u0161ki\",\"@id\":\"https:\\\/\\\/radioljubuski.ba\\\/#\\\/schema\\\/person\\\/19fc700381a780f69665d7956c469e3b\"},\"headline\":\"Spasioci locirali izgubljenog planinara: &#8216;\u017div je. Ekipe su krenule prema njemu&#8217;\",\"datePublished\":\"2022-08-29T08:51:04+00:00\",\"dateModified\":\"2022-08-29T08:51:05+00:00\",\"mainEntityOfPage\":{\"@id\":\"https:\\\/\\\/radioljubuski.ba\\\/index.php\\\/2022\\\/08\\\/29\\\/spasioci-locirali-izgubljenog-planinara-ziv-je-ekipe-su-krenule-prema-njemu\\\/\"},\"wordCount\":162,\"publisher\":{\"@id\":\"https:\\\/\\\/radioljubuski.ba\\\/#organization\"},\"image\":{\"@id\":\"https:\\\/\\\/radioljubuski.ba\\\/index.php\\\/2022\\\/08\\\/29\\\/spasioci-locirali-izgubljenog-planinara-ziv-je-ekipe-su-krenule-prema-njemu\\\/#primaryimage\"},\"thumbnailUrl\":\"https:\\\/\\\/radioljubuski.ba\\\/wp-content\\\/uploads\\\/2022\\\/08\\\/8-2022-08-29-08-31-46-TAJAN.jpg\",\"articleSection\":[\"BIH i regija\"],\"inLanguage\":\"hr\"},{\"@type\":\"WebPage\",\"@id\":\"https:\\\/\\\/radioljubuski.ba\\\/index.php\\\/2022\\\/08\\\/29\\\/spasioci-locirali-izgubljenog-planinara-ziv-je-ekipe-su-krenule-prema-njemu\\\/\",\"url\":\"https:\\\/\\\/radioljubuski.ba\\\/index.php\\\/2022\\\/08\\\/29\\\/spasioci-locirali-izgubljenog-planinara-ziv-je-ekipe-su-krenule-prema-njemu\\\/\",\"name\":\"Spasioci locirali izgubljenog planinara: '\u017div je. Ekipe su krenule prema njemu' - RADIO LJUBU\u0160KI\",\"isPartOf\":{\"@id\":\"https:\\\/\\\/radioljubuski.ba\\\/#website\"},\"primaryImageOfPage\":{\"@id\":\"https:\\\/\\\/radioljubuski.ba\\\/index.php\\\/2022\\\/08\\\/29\\\/spasioci-locirali-izgubljenog-planinara-ziv-je-ekipe-su-krenule-prema-njemu\\\/#primaryimage\"},\"image\":{\"@id\":\"https:\\\/\\\/radioljubuski.ba\\\/index.php\\\/2022\\\/08\\\/29\\\/spasioci-locirali-izgubljenog-planinara-ziv-je-ekipe-su-krenule-prema-njemu\\\/#primaryimage\"},\"thumbnailUrl\":\"https:\\\/\\\/radioljubuski.ba\\\/wp-content\\\/uploads\\\/2022\\\/08\\\/8-2022-08-29-08-31-46-TAJAN.jpg\",\"datePublished\":\"2022-08-29T08:51:04+00:00\",\"dateModified\":\"2022-08-29T08:51:05+00:00\",\"breadcrumb\":{\"@id\":\"https:\\\/\\\/radioljubuski.ba\\\/index.php\\\/2022\\\/08\\\/29\\\/spasioci-locirali-izgubljenog-planinara-ziv-je-ekipe-su-krenule-prema-njemu\\\/#breadcrumb\"},\"inLanguage\":\"hr\",\"potentialAction\":[{\"@type\":\"ReadAction\",\"target\":[\"https:\\\/\\\/radioljubuski.ba\\\/index.php\\\/2022\\\/08\\\/29\\\/spasioci-locirali-izgubljenog-planinara-ziv-je-ekipe-su-krenule-prema-njemu\\\/\"]}]},{\"@type\":\"ImageObject\",\"inLanguage\":\"hr\",\"@id\":\"https:\\\/\\\/radioljubuski.ba\\\/index.php\\\/2022\\\/08\\\/29\\\/spasioci-locirali-izgubljenog-planinara-ziv-je-ekipe-su-krenule-prema-njemu\\\/#primaryimage\",\"url\":\"https:\\\/\\\/radioljubuski.ba\\\/wp-content\\\/uploads\\\/2022\\\/08\\\/8-2022-08-29-08-31-46-TAJAN.jpg\",\"contentUrl\":\"https:\\\/\\\/radioljubuski.ba\\\/wp-content\\\/uploads\\\/2022\\\/08\\\/8-2022-08-29-08-31-46-TAJAN.jpg\",\"width\":1000,\"height\":625},{\"@type\":\"BreadcrumbList\",\"@id\":\"https:\\\/\\\/radioljubuski.ba\\\/index.php\\\/2022\\\/08\\\/29\\\/spasioci-locirali-izgubljenog-planinara-ziv-je-ekipe-su-krenule-prema-njemu\\\/#breadcrumb\",\"itemListElement\":[{\"@type\":\"ListItem\",\"position\":1,\"name\":\"Po\u010detna stranica\",\"item\":\"https:\\\/\\\/radioljubuski.ba\\\/\"},{\"@type\":\"ListItem\",\"position\":2,\"name\":\"Spasioci locirali izgubljenog planinara: &#8216;\u017div je. Ekipe su krenule prema njemu&#8217;\"}]},{\"@type\":\"WebSite\",\"@id\":\"https:\\\/\\\/radioljubuski.ba\\\/#website\",\"url\":\"https:\\\/\\\/radioljubuski.ba\\\/\",\"name\":\"Radio Ljubu\u0161ki\",\"description\":\"Sun\u010dana frekvencija Hercegovine\",\"publisher\":{\"@id\":\"https:\\\/\\\/radioljubuski.ba\\\/#organization\"},\"potentialAction\":[{\"@type\":\"SearchAction\",\"target\":{\"@type\":\"EntryPoint\",\"urlTemplate\":\"https:\\\/\\\/radioljubuski.ba\\\/?s={search_term_string}\"},\"query-input\":{\"@type\":\"PropertyValueSpecification\",\"valueRequired\":true,\"valueName\":\"search_term_string\"}}],\"inLanguage\":\"hr\"},{\"@type\":\"Organization\",\"@id\":\"https:\\\/\\\/radioljubuski.ba\\\/#organization\",\"name\":\"Radio Ljubu\u0161ki\",\"url\":\"https:\\\/\\\/radioljubuski.ba\\\/\",\"logo\":{\"@type\":\"ImageObject\",\"inLanguage\":\"hr\",\"@id\":\"https:\\\/\\\/radioljubuski.ba\\\/#\\\/schema\\\/logo\\\/image\\\/\",\"url\":\"https:\\\/\\\/radioljubuski.ba\\\/wp-content\\\/uploads\\\/2021\\\/02\\\/cropped-Radio_Ljubuski_logo1.jpg\",\"contentUrl\":\"https:\\\/\\\/radioljubuski.ba\\\/wp-content\\\/uploads\\\/2021\\\/02\\\/cropped-Radio_Ljubuski_logo1.jpg\",\"width\":512,\"height\":512,\"caption\":\"Radio Ljubu\u0161ki\"},\"image\":{\"@id\":\"https:\\\/\\\/radioljubuski.ba\\\/#\\\/schema\\\/logo\\\/image\\\/\"},\"sameAs\":[\"https:\\\/\\\/www.facebook.com\\\/Radiio-Ljubuski-1490835324566332\",\"https:\\\/\\\/x.com\\\/radioljubuski\",\"https:\\\/\\\/hr.linkedin.com\\\/company\\\/radio-ljubuski\",\"https:\\\/\\\/www.youtube.com\\\/channel\\\/UCHYaeO_n0Db3tjNGudGpXyw\"]},{\"@type\":\"Person\",\"@id\":\"https:\\\/\\\/radioljubuski.ba\\\/#\\\/schema\\\/person\\\/19fc700381a780f69665d7956c469e3b\",\"name\":\"Radio Ljubu\u0161ki\"}]}<\/script>\n<!-- \/ Yoast SEO plugin. -->","yoast_head_json":{"title":"Spasioci locirali izgubljenog planinara: '\u017div je. Ekipe su krenule prema njemu' - RADIO LJUBU\u0160KI","robots":{"index":"index","follow":"follow","max-snippet":"max-snippet:-1","max-image-preview":"max-image-preview:large","max-video-preview":"max-video-preview:-1"},"canonical":"https:\/\/radioljubuski.ba\/index.php\/2022\/08\/29\/spasioci-locirali-izgubljenog-planinara-ziv-je-ekipe-su-krenule-prema-njemu\/","og_locale":"hr_HR","og_type":"article","og_title":"Spasioci locirali izgubljenog planinara: '\u017div je. Ekipe su krenule prema njemu' - RADIO LJUBU\u0160KI","og_description":"Nestali kakanjski planinar I. T. (1979.) upravo je lociran na predjelu planine Tajan, potvrdio je Feni na\u010delnik Gorske slu\u017ebe spa\u0161avanja Zavidovi\u0107i Admir Bajraktarevi\u0107. Planinar se, kako nam je ranije kazao Bajraktarevi\u0107, izgubio te je i pao, a zadnji razgovor s njegovog mobitela evidentiran je ju\u010der oko 16.30 sati. Ju\u010dera\u0161nja potraga nije bila uspje\u0161na. &#8211; Uspjeli [&hellip;]","og_url":"https:\/\/radioljubuski.ba\/index.php\/2022\/08\/29\/spasioci-locirali-izgubljenog-planinara-ziv-je-ekipe-su-krenule-prema-njemu\/","og_site_name":"RADIO LJUBU\u0160KI","article_publisher":"https:\/\/www.facebook.com\/Radiio-Ljubuski-1490835324566332","article_published_time":"2022-08-29T08:51:04+00:00","article_modified_time":"2022-08-29T08:51:05+00:00","og_image":[{"width":1000,"height":625,"url":"https:\/\/radioljubuski.ba\/wp-content\/uploads\/2022\/08\/8-2022-08-29-08-31-46-TAJAN.jpg","type":"image\/jpeg"}],"author":"Radio Ljubu\u0161ki","twitter_card":"summary_large_image","twitter_creator":"@radioljubuski","twitter_site":"@radioljubuski","twitter_misc":{"Napisao\/la":"Radio Ljubu\u0161ki","Procijenjeno vrijeme \u010ditanja":"1 minuta"},"schema":{"@context":"https:\/\/schema.org","@graph":[{"@type":"Article","@id":"https:\/\/radioljubuski.ba\/index.php\/2022\/08\/29\/spasioci-locirali-izgubljenog-planinara-ziv-je-ekipe-su-krenule-prema-njemu\/#article","isPartOf":{"@id":"https:\/\/radioljubuski.ba\/index.php\/2022\/08\/29\/spasioci-locirali-izgubljenog-planinara-ziv-je-ekipe-su-krenule-prema-njemu\/"},"author":{"name":"Radio Ljubu\u0161ki","@id":"https:\/\/radioljubuski.ba\/#\/schema\/person\/19fc700381a780f69665d7956c469e3b"},"headline":"Spasioci locirali izgubljenog planinara: &#8216;\u017div je. Ekipe su krenule prema njemu&#8217;","datePublished":"2022-08-29T08:51:04+00:00","dateModified":"2022-08-29T08:51:05+00:00","mainEntityOfPage":{"@id":"https:\/\/radioljubuski.ba\/index.php\/2022\/08\/29\/spasioci-locirali-izgubljenog-planinara-ziv-je-ekipe-su-krenule-prema-njemu\/"},"wordCount":162,"publisher":{"@id":"https:\/\/radioljubuski.ba\/#organization"},"image":{"@id":"https:\/\/radioljubuski.ba\/index.php\/2022\/08\/29\/spasioci-locirali-izgubljenog-planinara-ziv-je-ekipe-su-krenule-prema-njemu\/#primaryimage"},"thumbnailUrl":"https:\/\/radioljubuski.ba\/wp-content\/uploads\/2022\/08\/8-2022-08-29-08-31-46-TAJAN.jpg","articleSection":["BIH i regija"],"inLanguage":"hr"},{"@type":"WebPage","@id":"https:\/\/radioljubuski.ba\/index.php\/2022\/08\/29\/spasioci-locirali-izgubljenog-planinara-ziv-je-ekipe-su-krenule-prema-njemu\/","url":"https:\/\/radioljubuski.ba\/index.php\/2022\/08\/29\/spasioci-locirali-izgubljenog-planinara-ziv-je-ekipe-su-krenule-prema-njemu\/","name":"Spasioci locirali izgubljenog planinara: '\u017div je. Ekipe su krenule prema njemu' - RADIO LJUBU\u0160KI","isPartOf":{"@id":"https:\/\/radioljubuski.ba\/#website"},"primaryImageOfPage":{"@id":"https:\/\/radioljubuski.ba\/index.php\/2022\/08\/29\/spasioci-locirali-izgubljenog-planinara-ziv-je-ekipe-su-krenule-prema-njemu\/#primaryimage"},"image":{"@id":"https:\/\/radioljubuski.ba\/index.php\/2022\/08\/29\/spasioci-locirali-izgubljenog-planinara-ziv-je-ekipe-su-krenule-prema-njemu\/#primaryimage"},"thumbnailUrl":"https:\/\/radioljubuski.ba\/wp-content\/uploads\/2022\/08\/8-2022-08-29-08-31-46-TAJAN.jpg","datePublished":"2022-08-29T08:51:04+00:00","dateModified":"2022-08-29T08:51:05+00:00","breadcrumb":{"@id":"https:\/\/radioljubuski.ba\/index.php\/2022\/08\/29\/spasioci-locirali-izgubljenog-planinara-ziv-je-ekipe-su-krenule-prema-njemu\/#breadcrumb"},"inLanguage":"hr","potentialAction":[{"@type":"ReadAction","target":["https:\/\/radioljubuski.ba\/index.php\/2022\/08\/29\/spasioci-locirali-izgubljenog-planinara-ziv-je-ekipe-su-krenule-prema-njemu\/"]}]},{"@type":"ImageObject","inLanguage":"hr","@id":"https:\/\/radioljubuski.ba\/index.php\/2022\/08\/29\/spasioci-locirali-izgubljenog-planinara-ziv-je-ekipe-su-krenule-prema-njemu\/#primaryimage","url":"https:\/\/radioljubuski.ba\/wp-content\/uploads\/2022\/08\/8-2022-08-29-08-31-46-TAJAN.jpg","contentUrl":"https:\/\/radioljubuski.ba\/wp-content\/uploads\/2022\/08\/8-2022-08-29-08-31-46-TAJAN.jpg","width":1000,"height":625},{"@type":"BreadcrumbList","@id":"https:\/\/radioljubuski.ba\/index.php\/2022\/08\/29\/spasioci-locirali-izgubljenog-planinara-ziv-je-ekipe-su-krenule-prema-njemu\/#breadcrumb","itemListElement":[{"@type":"ListItem","position":1,"name":"Po\u010detna stranica","item":"https:\/\/radioljubuski.ba\/"},{"@type":"ListItem","position":2,"name":"Spasioci locirali izgubljenog planinara: &#8216;\u017div je. Ekipe su krenule prema njemu&#8217;"}]},{"@type":"WebSite","@id":"https:\/\/radioljubuski.ba\/#website","url":"https:\/\/radioljubuski.ba\/","name":"Radio Ljubu\u0161ki","description":"Sun\u010dana frekvencija Hercegovine","publisher":{"@id":"https:\/\/radioljubuski.ba\/#organization"},"potentialAction":[{"@type":"SearchAction","target":{"@type":"EntryPoint","urlTemplate":"https:\/\/radioljubuski.ba\/?s={search_term_string}"},"query-input":{"@type":"PropertyValueSpecification","valueRequired":true,"valueName":"search_term_string"}}],"inLanguage":"hr"},{"@type":"Organization","@id":"https:\/\/radioljubuski.ba\/#organization","name":"Radio Ljubu\u0161ki","url":"https:\/\/radioljubuski.ba\/","logo":{"@type":"ImageObject","inLanguage":"hr","@id":"https:\/\/radioljubuski.ba\/#\/schema\/logo\/image\/","url":"https:\/\/radioljubuski.ba\/wp-content\/uploads\/2021\/02\/cropped-Radio_Ljubuski_logo1.jpg","contentUrl":"https:\/\/radioljubuski.ba\/wp-content\/uploads\/2021\/02\/cropped-Radio_Ljubuski_logo1.jpg","width":512,"height":512,"caption":"Radio Ljubu\u0161ki"},"image":{"@id":"https:\/\/radioljubuski.ba\/#\/schema\/logo\/image\/"},"sameAs":["https:\/\/www.facebook.com\/Radiio-Ljubuski-1490835324566332","https:\/\/x.com\/radioljubuski","https:\/\/hr.linkedin.com\/company\/radio-ljubuski","https:\/\/www.youtube.com\/channel\/UCHYaeO_n0Db3tjNGudGpXyw"]},{"@type":"Person","@id":"https:\/\/radioljubuski.ba\/#\/schema\/person\/19fc700381a780f69665d7956c469e3b","name":"Radio Ljubu\u0161ki"}]}},"_links":{"self":[{"href":"https:\/\/radioljubuski.ba\/index.php\/wp-json\/wp\/v2\/posts\/173825","targetHints":{"allow":["GET"]}}],"collection":[{"href":"https:\/\/radioljubuski.ba\/index.php\/wp-json\/wp\/v2\/posts"}],"about":[{"href":"https:\/\/radioljubuski.ba\/index.php\/wp-json\/wp\/v2\/types\/post"}],"author":[{"embeddable":true,"href":"https:\/\/radioljubuski.ba\/index.php\/wp-json\/wp\/v2\/users\/2"}],"replies":[{"embeddable":true,"href":"https:\/\/radioljubuski.ba\/index.php\/wp-json\/wp\/v2\/comments?post=173825"}],"version-history":[{"count":1,"href":"https:\/\/radioljubuski.ba\/index.php\/wp-json\/wp\/v2\/posts\/173825\/revisions"}],"predecessor-version":[{"id":173827,"href":"https:\/\/radioljubuski.ba\/index.php\/wp-json\/wp\/v2\/posts\/173825\/revisions\/173827"}],"wp:featuredmedia":[{"embeddable":true,"href":"https:\/\/radioljubuski.ba\/index.php\/wp-json\/wp\/v2\/media\/173826"}],"wp:attachment":[{"href":"https:\/\/radioljubuski.ba\/index.php\/wp-json\/wp\/v2\/media?parent=173825"}],"wp:term":[{"taxonomy":"category","embeddable":true,"href":"https:\/\/radioljubuski.ba\/index.php\/wp-json\/wp\/v2\/categories?post=173825"},{"taxonomy":"post_tag","embeddable":true,"href":"https:\/\/radioljubuski.ba\/index.php\/wp-json\/wp\/v2\/tags?post=173825"}],"curies":[{"name":"wp","href":"https:\/\/api.w.org\/{rel}","templated":true}]}}