{"id":174068,"date":"2022-08-30T08:38:29","date_gmt":"2022-08-30T07:38:29","guid":{"rendered":"https:\/\/radioljubuski.ba\/?p=174068"},"modified":"2022-08-30T08:38:30","modified_gmt":"2022-08-30T07:38:30","slug":"ns-bih-imenovao-izbornike-mladih-reprezentacija-tvrde-da-su-radovi-na-stadionima-u-zavrsnoj-fazi","status":"publish","type":"post","link":"https:\/\/radioljubuski.ba\/index.php\/2022\/08\/30\/ns-bih-imenovao-izbornike-mladih-reprezentacija-tvrde-da-su-radovi-na-stadionima-u-zavrsnoj-fazi\/","title":{"rendered":"NS BiH imenovao izbornike mladih reprezentacija, tvrde da su radovi na stadionima u zavr\u0161noj fazi"},"content":{"rendered":"\n<p>Pod predsjedavanjem predsjednika Vice Zeljkovi\u0107a, ju\u010der je u Sarajevu odr\u017eana 16. sjednica Izvr\u0161nog odbora Nogometnog saveza BiH.<\/p>\n\n\n\n<p>Na sjednici su pored redovnih informacija o radu Generalnog sekretarijata NS BiH usvojeni prijedlozi odluka za izbornike mu\u0161kih reprezentativnih selekcija.<\/p>\n\n\n\n<p>Za izbornika omladinske (U-21) reprezentacije u narednom kvalifikacijskom ciklusu je imenovan\u00a0<strong>Igor Jankovi\u0107<\/strong>. Na mjesto izbornika kadetske (U-17) reprezentacije je izabran<strong>\u00a0Nedim Jusufbegovi\u0107<\/strong>, kao i<strong>\u00a0\u010cedomir \u0106ulum<\/strong>\u00a0za izbornika pionirske (U-15) reprezentacije.<\/p>\n\n\n\n<p>Na sjednici su usvojene i Propozicije s kalendarom natjecanja Premijer futsal lige Bosne i Hercegovine za sezonu 2022\/23, kao i odluka o trajanju ljetnog registracijskog prijelaznog roka za igra\u010de futsala u periodu od 05.09.2022. do 13.10.2022. godine.<\/p>\n\n\n\n<p>Izvr\u0161ni odbor je usvojio izvje\u0161taj Administracije za licenciranje klubova o godi\u0161njem pregledu sistema licenciranja klubova za natjecateljsku sezonu 2021\/22.<\/p>\n\n\n\n<p>Na sjednici je donijeta i odluka o novim lokacijama gdje \u0107e se tijekom druge faze projekta izvr\u0161iti potpuna rekonstrukcija glavnih terena. Novi travnjaci \u0107e biti postavljeni na stadionima FK Leotar u Trebinju, FK Sloga u Doboju, NK \u0160iroki Brijeg u \u0160irokom Brijegu i H\u0160K Posu\u0161je u Posu\u0161ju.<\/p>\n\n\n\n<p>&#8220;Gra\u0111evinski radovi na rekonstrukciji terena Gradskog stadiona u Banja Luci, stadiona \u201eTu\u0161anj\u201c u Tuzli, stadiona \u201eRo\u0111eni\u201c u Mostaru i Olimpijskom stadionu \u201eAsim Ferhatovi\u0107 Hase\u201c u Sarajevu se odvijaju prema utvr\u0111enoj dinamici i u zavr\u0161noj su fazi&#8221;, tvrde iz NS BiH.<\/p>\n\n\n\n<p>&#8220;Uskoro \u0107e biti okon\u010dani svi radovi na zemljanoj podlozi, \u010dime bi se stvorili optimalni preduvjeti za postavljanje zavr\u0161nog sloja hibridne trave. Tijekom narednog mjeseca \u0107e zapo\u010deti radovi na rekonstrukciji glavnog terena stadiona H\u0160K Zrinjski u Mostaru&#8221;, dodaje se.<\/p>\n\n\n\n<p>izvor: klix.ba<\/p>\n","protected":false},"excerpt":{"rendered":"<p>Pod predsjedavanjem predsjednika Vice Zeljkovi\u0107a, ju\u010der je u Sarajevu odr\u017eana 16. sjednica Izvr\u0161nog odbora Nogometnog saveza BiH. Na sjednici su pored redovnih informacija o radu Generalnog sekretarijata NS BiH usvojeni prijedlozi odluka za izbornike mu\u0161kih reprezentativnih selekcija. Za izbornika omladinske (U-21) reprezentacije u narednom kvalifikacijskom ciklusu je imenovan\u00a0Igor Jankovi\u0107. Na mjesto izbornika kadetske (U-17) reprezentacije [&hellip;]<\/p>\n","protected":false},"author":2,"featured_media":174074,"comment_status":"closed","ping_status":"closed","sticky":false,"template":"","format":"standard","meta":{"h5ap_radio_sources":[],"footnotes":""},"categories":[7],"tags":[],"class_list":["post-174068","post","type-post","status-publish","format-standard","has-post-thumbnail","hentry","category-sport"],"yoast_head":"<!-- This site is optimized with the Yoast SEO plugin v27.5 - https:\/\/yoast.com\/product\/yoast-seo-wordpress\/ -->\n<title>NS BiH imenovao izbornike mladih reprezentacija, tvrde da su radovi na stadionima u zavr\u0161noj fazi - RADIO LJUBU\u0160KI<\/title>\n<meta name=\"robots\" content=\"index, follow, max-snippet:-1, max-image-preview:large, max-video-preview:-1\" \/>\n<link rel=\"canonical\" href=\"https:\/\/radioljubuski.ba\/index.php\/2022\/08\/30\/ns-bih-imenovao-izbornike-mladih-reprezentacija-tvrde-da-su-radovi-na-stadionima-u-zavrsnoj-fazi\/\" \/>\n<meta property=\"og:locale\" content=\"hr_HR\" \/>\n<meta property=\"og:type\" content=\"article\" \/>\n<meta property=\"og:title\" content=\"NS BiH imenovao izbornike mladih reprezentacija, tvrde da su radovi na stadionima u zavr\u0161noj fazi - RADIO LJUBU\u0160KI\" \/>\n<meta property=\"og:description\" content=\"Pod predsjedavanjem predsjednika Vice Zeljkovi\u0107a, ju\u010der je u Sarajevu odr\u017eana 16. sjednica Izvr\u0161nog odbora Nogometnog saveza BiH. Na sjednici su pored redovnih informacija o radu Generalnog sekretarijata NS BiH usvojeni prijedlozi odluka za izbornike mu\u0161kih reprezentativnih selekcija. Za izbornika omladinske (U-21) reprezentacije u narednom kvalifikacijskom ciklusu je imenovan\u00a0Igor Jankovi\u0107. Na mjesto izbornika kadetske (U-17) reprezentacije [&hellip;]\" \/>\n<meta property=\"og:url\" content=\"https:\/\/radioljubuski.ba\/index.php\/2022\/08\/30\/ns-bih-imenovao-izbornike-mladih-reprezentacija-tvrde-da-su-radovi-na-stadionima-u-zavrsnoj-fazi\/\" \/>\n<meta property=\"og:site_name\" content=\"RADIO LJUBU\u0160KI\" \/>\n<meta property=\"article:publisher\" content=\"https:\/\/www.facebook.com\/Radiio-Ljubuski-1490835324566332\" \/>\n<meta property=\"article:published_time\" content=\"2022-08-30T07:38:29+00:00\" \/>\n<meta property=\"article:modified_time\" content=\"2022-08-30T07:38:30+00:00\" \/>\n<meta property=\"og:image\" content=\"https:\/\/radioljubuski.ba\/wp-content\/uploads\/2022\/08\/ns-bih.jpg\" \/>\n\t<meta property=\"og:image:width\" content=\"275\" \/>\n\t<meta property=\"og:image:height\" content=\"183\" \/>\n\t<meta property=\"og:image:type\" content=\"image\/jpeg\" \/>\n<meta name=\"author\" content=\"Radio Ljubu\u0161ki\" \/>\n<meta name=\"twitter:card\" content=\"summary_large_image\" \/>\n<meta name=\"twitter:creator\" content=\"@radioljubuski\" \/>\n<meta name=\"twitter:site\" content=\"@radioljubuski\" \/>\n<meta name=\"twitter:label1\" content=\"Napisao\/la\" \/>\n\t<meta name=\"twitter:data1\" content=\"Radio Ljubu\u0161ki\" \/>\n\t<meta name=\"twitter:label2\" content=\"Procijenjeno vrijeme \u010ditanja\" \/>\n\t<meta name=\"twitter:data2\" content=\"2 minute\" \/>\n<script type=\"application\/ld+json\" class=\"yoast-schema-graph\">{\"@context\":\"https:\\\/\\\/schema.org\",\"@graph\":[{\"@type\":\"Article\",\"@id\":\"https:\\\/\\\/radioljubuski.ba\\\/index.php\\\/2022\\\/08\\\/30\\\/ns-bih-imenovao-izbornike-mladih-reprezentacija-tvrde-da-su-radovi-na-stadionima-u-zavrsnoj-fazi\\\/#article\",\"isPartOf\":{\"@id\":\"https:\\\/\\\/radioljubuski.ba\\\/index.php\\\/2022\\\/08\\\/30\\\/ns-bih-imenovao-izbornike-mladih-reprezentacija-tvrde-da-su-radovi-na-stadionima-u-zavrsnoj-fazi\\\/\"},\"author\":{\"name\":\"Radio Ljubu\u0161ki\",\"@id\":\"https:\\\/\\\/radioljubuski.ba\\\/#\\\/schema\\\/person\\\/19fc700381a780f69665d7956c469e3b\"},\"headline\":\"NS BiH imenovao izbornike mladih reprezentacija, tvrde da su radovi na stadionima u zavr\u0161noj fazi\",\"datePublished\":\"2022-08-30T07:38:29+00:00\",\"dateModified\":\"2022-08-30T07:38:30+00:00\",\"mainEntityOfPage\":{\"@id\":\"https:\\\/\\\/radioljubuski.ba\\\/index.php\\\/2022\\\/08\\\/30\\\/ns-bih-imenovao-izbornike-mladih-reprezentacija-tvrde-da-su-radovi-na-stadionima-u-zavrsnoj-fazi\\\/\"},\"wordCount\":286,\"publisher\":{\"@id\":\"https:\\\/\\\/radioljubuski.ba\\\/#organization\"},\"image\":{\"@id\":\"https:\\\/\\\/radioljubuski.ba\\\/index.php\\\/2022\\\/08\\\/30\\\/ns-bih-imenovao-izbornike-mladih-reprezentacija-tvrde-da-su-radovi-na-stadionima-u-zavrsnoj-fazi\\\/#primaryimage\"},\"thumbnailUrl\":\"https:\\\/\\\/radioljubuski.ba\\\/wp-content\\\/uploads\\\/2022\\\/08\\\/ns-bih.jpg\",\"articleSection\":[\"\u0160port\"],\"inLanguage\":\"hr\"},{\"@type\":\"WebPage\",\"@id\":\"https:\\\/\\\/radioljubuski.ba\\\/index.php\\\/2022\\\/08\\\/30\\\/ns-bih-imenovao-izbornike-mladih-reprezentacija-tvrde-da-su-radovi-na-stadionima-u-zavrsnoj-fazi\\\/\",\"url\":\"https:\\\/\\\/radioljubuski.ba\\\/index.php\\\/2022\\\/08\\\/30\\\/ns-bih-imenovao-izbornike-mladih-reprezentacija-tvrde-da-su-radovi-na-stadionima-u-zavrsnoj-fazi\\\/\",\"name\":\"NS BiH imenovao izbornike mladih reprezentacija, tvrde da su radovi na stadionima u zavr\u0161noj fazi - RADIO LJUBU\u0160KI\",\"isPartOf\":{\"@id\":\"https:\\\/\\\/radioljubuski.ba\\\/#website\"},\"primaryImageOfPage\":{\"@id\":\"https:\\\/\\\/radioljubuski.ba\\\/index.php\\\/2022\\\/08\\\/30\\\/ns-bih-imenovao-izbornike-mladih-reprezentacija-tvrde-da-su-radovi-na-stadionima-u-zavrsnoj-fazi\\\/#primaryimage\"},\"image\":{\"@id\":\"https:\\\/\\\/radioljubuski.ba\\\/index.php\\\/2022\\\/08\\\/30\\\/ns-bih-imenovao-izbornike-mladih-reprezentacija-tvrde-da-su-radovi-na-stadionima-u-zavrsnoj-fazi\\\/#primaryimage\"},\"thumbnailUrl\":\"https:\\\/\\\/radioljubuski.ba\\\/wp-content\\\/uploads\\\/2022\\\/08\\\/ns-bih.jpg\",\"datePublished\":\"2022-08-30T07:38:29+00:00\",\"dateModified\":\"2022-08-30T07:38:30+00:00\",\"breadcrumb\":{\"@id\":\"https:\\\/\\\/radioljubuski.ba\\\/index.php\\\/2022\\\/08\\\/30\\\/ns-bih-imenovao-izbornike-mladih-reprezentacija-tvrde-da-su-radovi-na-stadionima-u-zavrsnoj-fazi\\\/#breadcrumb\"},\"inLanguage\":\"hr\",\"potentialAction\":[{\"@type\":\"ReadAction\",\"target\":[\"https:\\\/\\\/radioljubuski.ba\\\/index.php\\\/2022\\\/08\\\/30\\\/ns-bih-imenovao-izbornike-mladih-reprezentacija-tvrde-da-su-radovi-na-stadionima-u-zavrsnoj-fazi\\\/\"]}]},{\"@type\":\"ImageObject\",\"inLanguage\":\"hr\",\"@id\":\"https:\\\/\\\/radioljubuski.ba\\\/index.php\\\/2022\\\/08\\\/30\\\/ns-bih-imenovao-izbornike-mladih-reprezentacija-tvrde-da-su-radovi-na-stadionima-u-zavrsnoj-fazi\\\/#primaryimage\",\"url\":\"https:\\\/\\\/radioljubuski.ba\\\/wp-content\\\/uploads\\\/2022\\\/08\\\/ns-bih.jpg\",\"contentUrl\":\"https:\\\/\\\/radioljubuski.ba\\\/wp-content\\\/uploads\\\/2022\\\/08\\\/ns-bih.jpg\",\"width\":275,\"height\":183},{\"@type\":\"BreadcrumbList\",\"@id\":\"https:\\\/\\\/radioljubuski.ba\\\/index.php\\\/2022\\\/08\\\/30\\\/ns-bih-imenovao-izbornike-mladih-reprezentacija-tvrde-da-su-radovi-na-stadionima-u-zavrsnoj-fazi\\\/#breadcrumb\",\"itemListElement\":[{\"@type\":\"ListItem\",\"position\":1,\"name\":\"Po\u010detna stranica\",\"item\":\"https:\\\/\\\/radioljubuski.ba\\\/\"},{\"@type\":\"ListItem\",\"position\":2,\"name\":\"NS BiH imenovao izbornike mladih reprezentacija, tvrde da su radovi na stadionima u zavr\u0161noj fazi\"}]},{\"@type\":\"WebSite\",\"@id\":\"https:\\\/\\\/radioljubuski.ba\\\/#website\",\"url\":\"https:\\\/\\\/radioljubuski.ba\\\/\",\"name\":\"Radio Ljubu\u0161ki\",\"description\":\"Sun\u010dana frekvencija Hercegovine\",\"publisher\":{\"@id\":\"https:\\\/\\\/radioljubuski.ba\\\/#organization\"},\"potentialAction\":[{\"@type\":\"SearchAction\",\"target\":{\"@type\":\"EntryPoint\",\"urlTemplate\":\"https:\\\/\\\/radioljubuski.ba\\\/?s={search_term_string}\"},\"query-input\":{\"@type\":\"PropertyValueSpecification\",\"valueRequired\":true,\"valueName\":\"search_term_string\"}}],\"inLanguage\":\"hr\"},{\"@type\":\"Organization\",\"@id\":\"https:\\\/\\\/radioljubuski.ba\\\/#organization\",\"name\":\"Radio Ljubu\u0161ki\",\"url\":\"https:\\\/\\\/radioljubuski.ba\\\/\",\"logo\":{\"@type\":\"ImageObject\",\"inLanguage\":\"hr\",\"@id\":\"https:\\\/\\\/radioljubuski.ba\\\/#\\\/schema\\\/logo\\\/image\\\/\",\"url\":\"https:\\\/\\\/radioljubuski.ba\\\/wp-content\\\/uploads\\\/2021\\\/02\\\/cropped-Radio_Ljubuski_logo1.jpg\",\"contentUrl\":\"https:\\\/\\\/radioljubuski.ba\\\/wp-content\\\/uploads\\\/2021\\\/02\\\/cropped-Radio_Ljubuski_logo1.jpg\",\"width\":512,\"height\":512,\"caption\":\"Radio Ljubu\u0161ki\"},\"image\":{\"@id\":\"https:\\\/\\\/radioljubuski.ba\\\/#\\\/schema\\\/logo\\\/image\\\/\"},\"sameAs\":[\"https:\\\/\\\/www.facebook.com\\\/Radiio-Ljubuski-1490835324566332\",\"https:\\\/\\\/x.com\\\/radioljubuski\",\"https:\\\/\\\/hr.linkedin.com\\\/company\\\/radio-ljubuski\",\"https:\\\/\\\/www.youtube.com\\\/channel\\\/UCHYaeO_n0Db3tjNGudGpXyw\"]},{\"@type\":\"Person\",\"@id\":\"https:\\\/\\\/radioljubuski.ba\\\/#\\\/schema\\\/person\\\/19fc700381a780f69665d7956c469e3b\",\"name\":\"Radio Ljubu\u0161ki\"}]}<\/script>\n<!-- \/ Yoast SEO plugin. -->","yoast_head_json":{"title":"NS BiH imenovao izbornike mladih reprezentacija, tvrde da su radovi na stadionima u zavr\u0161noj fazi - RADIO LJUBU\u0160KI","robots":{"index":"index","follow":"follow","max-snippet":"max-snippet:-1","max-image-preview":"max-image-preview:large","max-video-preview":"max-video-preview:-1"},"canonical":"https:\/\/radioljubuski.ba\/index.php\/2022\/08\/30\/ns-bih-imenovao-izbornike-mladih-reprezentacija-tvrde-da-su-radovi-na-stadionima-u-zavrsnoj-fazi\/","og_locale":"hr_HR","og_type":"article","og_title":"NS BiH imenovao izbornike mladih reprezentacija, tvrde da su radovi na stadionima u zavr\u0161noj fazi - RADIO LJUBU\u0160KI","og_description":"Pod predsjedavanjem predsjednika Vice Zeljkovi\u0107a, ju\u010der je u Sarajevu odr\u017eana 16. sjednica Izvr\u0161nog odbora Nogometnog saveza BiH. Na sjednici su pored redovnih informacija o radu Generalnog sekretarijata NS BiH usvojeni prijedlozi odluka za izbornike mu\u0161kih reprezentativnih selekcija. Za izbornika omladinske (U-21) reprezentacije u narednom kvalifikacijskom ciklusu je imenovan\u00a0Igor Jankovi\u0107. Na mjesto izbornika kadetske (U-17) reprezentacije [&hellip;]","og_url":"https:\/\/radioljubuski.ba\/index.php\/2022\/08\/30\/ns-bih-imenovao-izbornike-mladih-reprezentacija-tvrde-da-su-radovi-na-stadionima-u-zavrsnoj-fazi\/","og_site_name":"RADIO LJUBU\u0160KI","article_publisher":"https:\/\/www.facebook.com\/Radiio-Ljubuski-1490835324566332","article_published_time":"2022-08-30T07:38:29+00:00","article_modified_time":"2022-08-30T07:38:30+00:00","og_image":[{"width":275,"height":183,"url":"https:\/\/radioljubuski.ba\/wp-content\/uploads\/2022\/08\/ns-bih.jpg","type":"image\/jpeg"}],"author":"Radio Ljubu\u0161ki","twitter_card":"summary_large_image","twitter_creator":"@radioljubuski","twitter_site":"@radioljubuski","twitter_misc":{"Napisao\/la":"Radio Ljubu\u0161ki","Procijenjeno vrijeme \u010ditanja":"2 minute"},"schema":{"@context":"https:\/\/schema.org","@graph":[{"@type":"Article","@id":"https:\/\/radioljubuski.ba\/index.php\/2022\/08\/30\/ns-bih-imenovao-izbornike-mladih-reprezentacija-tvrde-da-su-radovi-na-stadionima-u-zavrsnoj-fazi\/#article","isPartOf":{"@id":"https:\/\/radioljubuski.ba\/index.php\/2022\/08\/30\/ns-bih-imenovao-izbornike-mladih-reprezentacija-tvrde-da-su-radovi-na-stadionima-u-zavrsnoj-fazi\/"},"author":{"name":"Radio Ljubu\u0161ki","@id":"https:\/\/radioljubuski.ba\/#\/schema\/person\/19fc700381a780f69665d7956c469e3b"},"headline":"NS BiH imenovao izbornike mladih reprezentacija, tvrde da su radovi na stadionima u zavr\u0161noj fazi","datePublished":"2022-08-30T07:38:29+00:00","dateModified":"2022-08-30T07:38:30+00:00","mainEntityOfPage":{"@id":"https:\/\/radioljubuski.ba\/index.php\/2022\/08\/30\/ns-bih-imenovao-izbornike-mladih-reprezentacija-tvrde-da-su-radovi-na-stadionima-u-zavrsnoj-fazi\/"},"wordCount":286,"publisher":{"@id":"https:\/\/radioljubuski.ba\/#organization"},"image":{"@id":"https:\/\/radioljubuski.ba\/index.php\/2022\/08\/30\/ns-bih-imenovao-izbornike-mladih-reprezentacija-tvrde-da-su-radovi-na-stadionima-u-zavrsnoj-fazi\/#primaryimage"},"thumbnailUrl":"https:\/\/radioljubuski.ba\/wp-content\/uploads\/2022\/08\/ns-bih.jpg","articleSection":["\u0160port"],"inLanguage":"hr"},{"@type":"WebPage","@id":"https:\/\/radioljubuski.ba\/index.php\/2022\/08\/30\/ns-bih-imenovao-izbornike-mladih-reprezentacija-tvrde-da-su-radovi-na-stadionima-u-zavrsnoj-fazi\/","url":"https:\/\/radioljubuski.ba\/index.php\/2022\/08\/30\/ns-bih-imenovao-izbornike-mladih-reprezentacija-tvrde-da-su-radovi-na-stadionima-u-zavrsnoj-fazi\/","name":"NS BiH imenovao izbornike mladih reprezentacija, tvrde da su radovi na stadionima u zavr\u0161noj fazi - RADIO LJUBU\u0160KI","isPartOf":{"@id":"https:\/\/radioljubuski.ba\/#website"},"primaryImageOfPage":{"@id":"https:\/\/radioljubuski.ba\/index.php\/2022\/08\/30\/ns-bih-imenovao-izbornike-mladih-reprezentacija-tvrde-da-su-radovi-na-stadionima-u-zavrsnoj-fazi\/#primaryimage"},"image":{"@id":"https:\/\/radioljubuski.ba\/index.php\/2022\/08\/30\/ns-bih-imenovao-izbornike-mladih-reprezentacija-tvrde-da-su-radovi-na-stadionima-u-zavrsnoj-fazi\/#primaryimage"},"thumbnailUrl":"https:\/\/radioljubuski.ba\/wp-content\/uploads\/2022\/08\/ns-bih.jpg","datePublished":"2022-08-30T07:38:29+00:00","dateModified":"2022-08-30T07:38:30+00:00","breadcrumb":{"@id":"https:\/\/radioljubuski.ba\/index.php\/2022\/08\/30\/ns-bih-imenovao-izbornike-mladih-reprezentacija-tvrde-da-su-radovi-na-stadionima-u-zavrsnoj-fazi\/#breadcrumb"},"inLanguage":"hr","potentialAction":[{"@type":"ReadAction","target":["https:\/\/radioljubuski.ba\/index.php\/2022\/08\/30\/ns-bih-imenovao-izbornike-mladih-reprezentacija-tvrde-da-su-radovi-na-stadionima-u-zavrsnoj-fazi\/"]}]},{"@type":"ImageObject","inLanguage":"hr","@id":"https:\/\/radioljubuski.ba\/index.php\/2022\/08\/30\/ns-bih-imenovao-izbornike-mladih-reprezentacija-tvrde-da-su-radovi-na-stadionima-u-zavrsnoj-fazi\/#primaryimage","url":"https:\/\/radioljubuski.ba\/wp-content\/uploads\/2022\/08\/ns-bih.jpg","contentUrl":"https:\/\/radioljubuski.ba\/wp-content\/uploads\/2022\/08\/ns-bih.jpg","width":275,"height":183},{"@type":"BreadcrumbList","@id":"https:\/\/radioljubuski.ba\/index.php\/2022\/08\/30\/ns-bih-imenovao-izbornike-mladih-reprezentacija-tvrde-da-su-radovi-na-stadionima-u-zavrsnoj-fazi\/#breadcrumb","itemListElement":[{"@type":"ListItem","position":1,"name":"Po\u010detna stranica","item":"https:\/\/radioljubuski.ba\/"},{"@type":"ListItem","position":2,"name":"NS BiH imenovao izbornike mladih reprezentacija, tvrde da su radovi na stadionima u zavr\u0161noj fazi"}]},{"@type":"WebSite","@id":"https:\/\/radioljubuski.ba\/#website","url":"https:\/\/radioljubuski.ba\/","name":"Radio Ljubu\u0161ki","description":"Sun\u010dana frekvencija Hercegovine","publisher":{"@id":"https:\/\/radioljubuski.ba\/#organization"},"potentialAction":[{"@type":"SearchAction","target":{"@type":"EntryPoint","urlTemplate":"https:\/\/radioljubuski.ba\/?s={search_term_string}"},"query-input":{"@type":"PropertyValueSpecification","valueRequired":true,"valueName":"search_term_string"}}],"inLanguage":"hr"},{"@type":"Organization","@id":"https:\/\/radioljubuski.ba\/#organization","name":"Radio Ljubu\u0161ki","url":"https:\/\/radioljubuski.ba\/","logo":{"@type":"ImageObject","inLanguage":"hr","@id":"https:\/\/radioljubuski.ba\/#\/schema\/logo\/image\/","url":"https:\/\/radioljubuski.ba\/wp-content\/uploads\/2021\/02\/cropped-Radio_Ljubuski_logo1.jpg","contentUrl":"https:\/\/radioljubuski.ba\/wp-content\/uploads\/2021\/02\/cropped-Radio_Ljubuski_logo1.jpg","width":512,"height":512,"caption":"Radio Ljubu\u0161ki"},"image":{"@id":"https:\/\/radioljubuski.ba\/#\/schema\/logo\/image\/"},"sameAs":["https:\/\/www.facebook.com\/Radiio-Ljubuski-1490835324566332","https:\/\/x.com\/radioljubuski","https:\/\/hr.linkedin.com\/company\/radio-ljubuski","https:\/\/www.youtube.com\/channel\/UCHYaeO_n0Db3tjNGudGpXyw"]},{"@type":"Person","@id":"https:\/\/radioljubuski.ba\/#\/schema\/person\/19fc700381a780f69665d7956c469e3b","name":"Radio Ljubu\u0161ki"}]}},"_links":{"self":[{"href":"https:\/\/radioljubuski.ba\/index.php\/wp-json\/wp\/v2\/posts\/174068","targetHints":{"allow":["GET"]}}],"collection":[{"href":"https:\/\/radioljubuski.ba\/index.php\/wp-json\/wp\/v2\/posts"}],"about":[{"href":"https:\/\/radioljubuski.ba\/index.php\/wp-json\/wp\/v2\/types\/post"}],"author":[{"embeddable":true,"href":"https:\/\/radioljubuski.ba\/index.php\/wp-json\/wp\/v2\/users\/2"}],"replies":[{"embeddable":true,"href":"https:\/\/radioljubuski.ba\/index.php\/wp-json\/wp\/v2\/comments?post=174068"}],"version-history":[{"count":1,"href":"https:\/\/radioljubuski.ba\/index.php\/wp-json\/wp\/v2\/posts\/174068\/revisions"}],"predecessor-version":[{"id":174075,"href":"https:\/\/radioljubuski.ba\/index.php\/wp-json\/wp\/v2\/posts\/174068\/revisions\/174075"}],"wp:featuredmedia":[{"embeddable":true,"href":"https:\/\/radioljubuski.ba\/index.php\/wp-json\/wp\/v2\/media\/174074"}],"wp:attachment":[{"href":"https:\/\/radioljubuski.ba\/index.php\/wp-json\/wp\/v2\/media?parent=174068"}],"wp:term":[{"taxonomy":"category","embeddable":true,"href":"https:\/\/radioljubuski.ba\/index.php\/wp-json\/wp\/v2\/categories?post=174068"},{"taxonomy":"post_tag","embeddable":true,"href":"https:\/\/radioljubuski.ba\/index.php\/wp-json\/wp\/v2\/tags?post=174068"}],"curies":[{"name":"wp","href":"https:\/\/api.w.org\/{rel}","templated":true}]}}