{"id":174166,"date":"2022-08-30T11:03:57","date_gmt":"2022-08-30T10:03:57","guid":{"rendered":"https:\/\/radioljubuski.ba\/?p=174166"},"modified":"2022-08-30T11:03:58","modified_gmt":"2022-08-30T10:03:58","slug":"predsjedniku-hrvatske-odvjetnicke-komore-zabranjeno-da-se-bavi-odvjetnistvom","status":"publish","type":"post","link":"https:\/\/radioljubuski.ba\/index.php\/2022\/08\/30\/predsjedniku-hrvatske-odvjetnicke-komore-zabranjeno-da-se-bavi-odvjetnistvom\/","title":{"rendered":"Predsjedniku Hrvatske odvjetni\u010dke komore zabranjeno da se bavi odvjetni\u0161tvom"},"content":{"rendered":"\n<p>Hrvatska odvjetni\u010dka komora poslala je priop\u0107enje vezano za istragu USKOK-a o malverzacijama u INA-i, a kojom je obuhva\u0107en i predsjednik HOK-a Josip \u0160urjak. Isti\u010du kako navedena istraga nije vezana uz djelovanje Komore i njenih tijela, niti je HOK na bilo koji na\u010din obuhva\u0107en istragom.<\/p>\n\n\n\n<p>-Osim toga iz priop\u0107enja Ureda za suzbijanje korupcije i organiziranog kriminaliteta je razvidno da se predmetna istraga protiv Josipa \u0160urjaka odnosi na radnje koje nisu poduzete u obavljanju odvjetni\u010dke slu\u017ebe ve\u0107 u obavljanju poslovnih aktivnosti izvan odvjetni\u0161tva i izvan djelovanja Josipa \u0160urjaka kao predsjednika Hrvatske odvjetni\u010dke komore, stoji u priop\u0107enju.<\/p>\n\n\n\n<p>Iz HOK-a dodaju kako su &#8220;29. kolovoza 2022. godine, nakon primitka obavijesti \u017dupanijskog suda u Zagrebu o tome da je \u0160urjaku odre\u0111en istra\u017eni zatvor, sukladno odredbama Zakona o odvjetni\u0161tvu i Statuta HOK-a donijeli rje\u0161enje kojim se odvjetniku Josipu \u0160urjaku obustavlja pravo na obavljanje odvjetni\u0161tva&#8221;.<\/p>\n\n\n\n<p>&#8211; O vo\u0111enju predmetnog kaznenog postupka obavije\u0161tena su disciplinska tijela Hrvatske odvjetni\u010dke komore, radi pokretanja disciplinskog postupka protiv odvjetnika Josipa \u0160urjaka, zbog osnovane sumnje u po\u010dinjenje te\u017ee povrede du\u017enosti i ugleda odvjetni\u0161tva iz \u010dlanka 96. to\u010dke 2. Statuta Hrvatske odvjetni\u010dke komore. Hrvatska odvjetni\u010dka komora nastavlja redovito obavljati svoje Zakonom o odvjetni\u0161tvu i Statutom Hrvatske odvjetni\u010dke komore propisane aktivnosti te \u0107e isto tako poduzeti i druge odgovaraju\u0107e radnje vezane uz novonastalu situaciju, priop\u0107ili su iz HOK-a.<\/p>\n\n\n\n<p>Izvor:pogled.ba<\/p>\n","protected":false},"excerpt":{"rendered":"<p>Hrvatska odvjetni\u010dka komora poslala je priop\u0107enje vezano za istragu USKOK-a o malverzacijama u INA-i, a kojom je obuhva\u0107en i predsjednik HOK-a Josip \u0160urjak. Isti\u010du kako navedena istraga nije vezana uz djelovanje Komore i njenih tijela, niti je HOK na bilo koji na\u010din obuhva\u0107en istragom. -Osim toga iz priop\u0107enja Ureda za suzbijanje korupcije i organiziranog kriminaliteta [&hellip;]<\/p>\n","protected":false},"author":2,"featured_media":174168,"comment_status":"closed","ping_status":"closed","sticky":false,"template":"","format":"standard","meta":{"h5ap_radio_sources":[],"footnotes":""},"categories":[1],"tags":[],"class_list":["post-174166","post","type-post","status-publish","format-standard","has-post-thumbnail","hentry","category-bihiregija"],"yoast_head":"<!-- This site is optimized with the Yoast SEO plugin v27.5 - https:\/\/yoast.com\/product\/yoast-seo-wordpress\/ -->\n<title>Predsjedniku Hrvatske odvjetni\u010dke komore zabranjeno da se bavi odvjetni\u0161tvom - RADIO LJUBU\u0160KI<\/title>\n<meta name=\"robots\" content=\"index, follow, max-snippet:-1, max-image-preview:large, max-video-preview:-1\" \/>\n<link rel=\"canonical\" href=\"https:\/\/radioljubuski.ba\/index.php\/2022\/08\/30\/predsjedniku-hrvatske-odvjetnicke-komore-zabranjeno-da-se-bavi-odvjetnistvom\/\" \/>\n<meta property=\"og:locale\" content=\"hr_HR\" \/>\n<meta property=\"og:type\" content=\"article\" \/>\n<meta property=\"og:title\" content=\"Predsjedniku Hrvatske odvjetni\u010dke komore zabranjeno da se bavi odvjetni\u0161tvom - RADIO LJUBU\u0160KI\" \/>\n<meta property=\"og:description\" content=\"Hrvatska odvjetni\u010dka komora poslala je priop\u0107enje vezano za istragu USKOK-a o malverzacijama u INA-i, a kojom je obuhva\u0107en i predsjednik HOK-a Josip \u0160urjak. Isti\u010du kako navedena istraga nije vezana uz djelovanje Komore i njenih tijela, niti je HOK na bilo koji na\u010din obuhva\u0107en istragom. -Osim toga iz priop\u0107enja Ureda za suzbijanje korupcije i organiziranog kriminaliteta [&hellip;]\" \/>\n<meta property=\"og:url\" content=\"https:\/\/radioljubuski.ba\/index.php\/2022\/08\/30\/predsjedniku-hrvatske-odvjetnicke-komore-zabranjeno-da-se-bavi-odvjetnistvom\/\" \/>\n<meta property=\"og:site_name\" content=\"RADIO LJUBU\u0160KI\" \/>\n<meta property=\"article:publisher\" content=\"https:\/\/www.facebook.com\/Radiio-Ljubuski-1490835324566332\" \/>\n<meta property=\"article:published_time\" content=\"2022-08-30T10:03:57+00:00\" \/>\n<meta property=\"article:modified_time\" content=\"2022-08-30T10:03:58+00:00\" \/>\n<meta property=\"og:image\" content=\"https:\/\/radioljubuski.ba\/wp-content\/uploads\/2022\/08\/2-2022-08-29-13-49-04-surjak.jpg\" \/>\n\t<meta property=\"og:image:width\" content=\"1000\" \/>\n\t<meta property=\"og:image:height\" content=\"625\" \/>\n\t<meta property=\"og:image:type\" content=\"image\/jpeg\" \/>\n<meta name=\"author\" content=\"Radio Ljubu\u0161ki\" \/>\n<meta name=\"twitter:card\" content=\"summary_large_image\" \/>\n<meta name=\"twitter:creator\" content=\"@radioljubuski\" \/>\n<meta name=\"twitter:site\" content=\"@radioljubuski\" \/>\n<meta name=\"twitter:label1\" content=\"Napisao\/la\" \/>\n\t<meta name=\"twitter:data1\" content=\"Radio Ljubu\u0161ki\" \/>\n\t<meta name=\"twitter:label2\" content=\"Procijenjeno vrijeme \u010ditanja\" \/>\n\t<meta name=\"twitter:data2\" content=\"1 minuta\" \/>\n<script type=\"application\/ld+json\" class=\"yoast-schema-graph\">{\"@context\":\"https:\\\/\\\/schema.org\",\"@graph\":[{\"@type\":\"Article\",\"@id\":\"https:\\\/\\\/radioljubuski.ba\\\/index.php\\\/2022\\\/08\\\/30\\\/predsjedniku-hrvatske-odvjetnicke-komore-zabranjeno-da-se-bavi-odvjetnistvom\\\/#article\",\"isPartOf\":{\"@id\":\"https:\\\/\\\/radioljubuski.ba\\\/index.php\\\/2022\\\/08\\\/30\\\/predsjedniku-hrvatske-odvjetnicke-komore-zabranjeno-da-se-bavi-odvjetnistvom\\\/\"},\"author\":{\"name\":\"Radio Ljubu\u0161ki\",\"@id\":\"https:\\\/\\\/radioljubuski.ba\\\/#\\\/schema\\\/person\\\/19fc700381a780f69665d7956c469e3b\"},\"headline\":\"Predsjedniku Hrvatske odvjetni\u010dke komore zabranjeno da se bavi odvjetni\u0161tvom\",\"datePublished\":\"2022-08-30T10:03:57+00:00\",\"dateModified\":\"2022-08-30T10:03:58+00:00\",\"mainEntityOfPage\":{\"@id\":\"https:\\\/\\\/radioljubuski.ba\\\/index.php\\\/2022\\\/08\\\/30\\\/predsjedniku-hrvatske-odvjetnicke-komore-zabranjeno-da-se-bavi-odvjetnistvom\\\/\"},\"wordCount\":254,\"publisher\":{\"@id\":\"https:\\\/\\\/radioljubuski.ba\\\/#organization\"},\"image\":{\"@id\":\"https:\\\/\\\/radioljubuski.ba\\\/index.php\\\/2022\\\/08\\\/30\\\/predsjedniku-hrvatske-odvjetnicke-komore-zabranjeno-da-se-bavi-odvjetnistvom\\\/#primaryimage\"},\"thumbnailUrl\":\"https:\\\/\\\/radioljubuski.ba\\\/wp-content\\\/uploads\\\/2022\\\/08\\\/2-2022-08-29-13-49-04-surjak.jpg\",\"articleSection\":[\"BIH i regija\"],\"inLanguage\":\"hr\"},{\"@type\":\"WebPage\",\"@id\":\"https:\\\/\\\/radioljubuski.ba\\\/index.php\\\/2022\\\/08\\\/30\\\/predsjedniku-hrvatske-odvjetnicke-komore-zabranjeno-da-se-bavi-odvjetnistvom\\\/\",\"url\":\"https:\\\/\\\/radioljubuski.ba\\\/index.php\\\/2022\\\/08\\\/30\\\/predsjedniku-hrvatske-odvjetnicke-komore-zabranjeno-da-se-bavi-odvjetnistvom\\\/\",\"name\":\"Predsjedniku Hrvatske odvjetni\u010dke komore zabranjeno da se bavi odvjetni\u0161tvom - RADIO LJUBU\u0160KI\",\"isPartOf\":{\"@id\":\"https:\\\/\\\/radioljubuski.ba\\\/#website\"},\"primaryImageOfPage\":{\"@id\":\"https:\\\/\\\/radioljubuski.ba\\\/index.php\\\/2022\\\/08\\\/30\\\/predsjedniku-hrvatske-odvjetnicke-komore-zabranjeno-da-se-bavi-odvjetnistvom\\\/#primaryimage\"},\"image\":{\"@id\":\"https:\\\/\\\/radioljubuski.ba\\\/index.php\\\/2022\\\/08\\\/30\\\/predsjedniku-hrvatske-odvjetnicke-komore-zabranjeno-da-se-bavi-odvjetnistvom\\\/#primaryimage\"},\"thumbnailUrl\":\"https:\\\/\\\/radioljubuski.ba\\\/wp-content\\\/uploads\\\/2022\\\/08\\\/2-2022-08-29-13-49-04-surjak.jpg\",\"datePublished\":\"2022-08-30T10:03:57+00:00\",\"dateModified\":\"2022-08-30T10:03:58+00:00\",\"breadcrumb\":{\"@id\":\"https:\\\/\\\/radioljubuski.ba\\\/index.php\\\/2022\\\/08\\\/30\\\/predsjedniku-hrvatske-odvjetnicke-komore-zabranjeno-da-se-bavi-odvjetnistvom\\\/#breadcrumb\"},\"inLanguage\":\"hr\",\"potentialAction\":[{\"@type\":\"ReadAction\",\"target\":[\"https:\\\/\\\/radioljubuski.ba\\\/index.php\\\/2022\\\/08\\\/30\\\/predsjedniku-hrvatske-odvjetnicke-komore-zabranjeno-da-se-bavi-odvjetnistvom\\\/\"]}]},{\"@type\":\"ImageObject\",\"inLanguage\":\"hr\",\"@id\":\"https:\\\/\\\/radioljubuski.ba\\\/index.php\\\/2022\\\/08\\\/30\\\/predsjedniku-hrvatske-odvjetnicke-komore-zabranjeno-da-se-bavi-odvjetnistvom\\\/#primaryimage\",\"url\":\"https:\\\/\\\/radioljubuski.ba\\\/wp-content\\\/uploads\\\/2022\\\/08\\\/2-2022-08-29-13-49-04-surjak.jpg\",\"contentUrl\":\"https:\\\/\\\/radioljubuski.ba\\\/wp-content\\\/uploads\\\/2022\\\/08\\\/2-2022-08-29-13-49-04-surjak.jpg\",\"width\":1000,\"height\":625},{\"@type\":\"BreadcrumbList\",\"@id\":\"https:\\\/\\\/radioljubuski.ba\\\/index.php\\\/2022\\\/08\\\/30\\\/predsjedniku-hrvatske-odvjetnicke-komore-zabranjeno-da-se-bavi-odvjetnistvom\\\/#breadcrumb\",\"itemListElement\":[{\"@type\":\"ListItem\",\"position\":1,\"name\":\"Po\u010detna stranica\",\"item\":\"https:\\\/\\\/radioljubuski.ba\\\/\"},{\"@type\":\"ListItem\",\"position\":2,\"name\":\"Predsjedniku Hrvatske odvjetni\u010dke komore zabranjeno da se bavi odvjetni\u0161tvom\"}]},{\"@type\":\"WebSite\",\"@id\":\"https:\\\/\\\/radioljubuski.ba\\\/#website\",\"url\":\"https:\\\/\\\/radioljubuski.ba\\\/\",\"name\":\"Radio Ljubu\u0161ki\",\"description\":\"Sun\u010dana frekvencija Hercegovine\",\"publisher\":{\"@id\":\"https:\\\/\\\/radioljubuski.ba\\\/#organization\"},\"potentialAction\":[{\"@type\":\"SearchAction\",\"target\":{\"@type\":\"EntryPoint\",\"urlTemplate\":\"https:\\\/\\\/radioljubuski.ba\\\/?s={search_term_string}\"},\"query-input\":{\"@type\":\"PropertyValueSpecification\",\"valueRequired\":true,\"valueName\":\"search_term_string\"}}],\"inLanguage\":\"hr\"},{\"@type\":\"Organization\",\"@id\":\"https:\\\/\\\/radioljubuski.ba\\\/#organization\",\"name\":\"Radio Ljubu\u0161ki\",\"url\":\"https:\\\/\\\/radioljubuski.ba\\\/\",\"logo\":{\"@type\":\"ImageObject\",\"inLanguage\":\"hr\",\"@id\":\"https:\\\/\\\/radioljubuski.ba\\\/#\\\/schema\\\/logo\\\/image\\\/\",\"url\":\"https:\\\/\\\/radioljubuski.ba\\\/wp-content\\\/uploads\\\/2021\\\/02\\\/cropped-Radio_Ljubuski_logo1.jpg\",\"contentUrl\":\"https:\\\/\\\/radioljubuski.ba\\\/wp-content\\\/uploads\\\/2021\\\/02\\\/cropped-Radio_Ljubuski_logo1.jpg\",\"width\":512,\"height\":512,\"caption\":\"Radio Ljubu\u0161ki\"},\"image\":{\"@id\":\"https:\\\/\\\/radioljubuski.ba\\\/#\\\/schema\\\/logo\\\/image\\\/\"},\"sameAs\":[\"https:\\\/\\\/www.facebook.com\\\/Radiio-Ljubuski-1490835324566332\",\"https:\\\/\\\/x.com\\\/radioljubuski\",\"https:\\\/\\\/hr.linkedin.com\\\/company\\\/radio-ljubuski\",\"https:\\\/\\\/www.youtube.com\\\/channel\\\/UCHYaeO_n0Db3tjNGudGpXyw\"]},{\"@type\":\"Person\",\"@id\":\"https:\\\/\\\/radioljubuski.ba\\\/#\\\/schema\\\/person\\\/19fc700381a780f69665d7956c469e3b\",\"name\":\"Radio Ljubu\u0161ki\"}]}<\/script>\n<!-- \/ Yoast SEO plugin. -->","yoast_head_json":{"title":"Predsjedniku Hrvatske odvjetni\u010dke komore zabranjeno da se bavi odvjetni\u0161tvom - RADIO LJUBU\u0160KI","robots":{"index":"index","follow":"follow","max-snippet":"max-snippet:-1","max-image-preview":"max-image-preview:large","max-video-preview":"max-video-preview:-1"},"canonical":"https:\/\/radioljubuski.ba\/index.php\/2022\/08\/30\/predsjedniku-hrvatske-odvjetnicke-komore-zabranjeno-da-se-bavi-odvjetnistvom\/","og_locale":"hr_HR","og_type":"article","og_title":"Predsjedniku Hrvatske odvjetni\u010dke komore zabranjeno da se bavi odvjetni\u0161tvom - RADIO LJUBU\u0160KI","og_description":"Hrvatska odvjetni\u010dka komora poslala je priop\u0107enje vezano za istragu USKOK-a o malverzacijama u INA-i, a kojom je obuhva\u0107en i predsjednik HOK-a Josip \u0160urjak. Isti\u010du kako navedena istraga nije vezana uz djelovanje Komore i njenih tijela, niti je HOK na bilo koji na\u010din obuhva\u0107en istragom. -Osim toga iz priop\u0107enja Ureda za suzbijanje korupcije i organiziranog kriminaliteta [&hellip;]","og_url":"https:\/\/radioljubuski.ba\/index.php\/2022\/08\/30\/predsjedniku-hrvatske-odvjetnicke-komore-zabranjeno-da-se-bavi-odvjetnistvom\/","og_site_name":"RADIO LJUBU\u0160KI","article_publisher":"https:\/\/www.facebook.com\/Radiio-Ljubuski-1490835324566332","article_published_time":"2022-08-30T10:03:57+00:00","article_modified_time":"2022-08-30T10:03:58+00:00","og_image":[{"width":1000,"height":625,"url":"https:\/\/radioljubuski.ba\/wp-content\/uploads\/2022\/08\/2-2022-08-29-13-49-04-surjak.jpg","type":"image\/jpeg"}],"author":"Radio Ljubu\u0161ki","twitter_card":"summary_large_image","twitter_creator":"@radioljubuski","twitter_site":"@radioljubuski","twitter_misc":{"Napisao\/la":"Radio Ljubu\u0161ki","Procijenjeno vrijeme \u010ditanja":"1 minuta"},"schema":{"@context":"https:\/\/schema.org","@graph":[{"@type":"Article","@id":"https:\/\/radioljubuski.ba\/index.php\/2022\/08\/30\/predsjedniku-hrvatske-odvjetnicke-komore-zabranjeno-da-se-bavi-odvjetnistvom\/#article","isPartOf":{"@id":"https:\/\/radioljubuski.ba\/index.php\/2022\/08\/30\/predsjedniku-hrvatske-odvjetnicke-komore-zabranjeno-da-se-bavi-odvjetnistvom\/"},"author":{"name":"Radio Ljubu\u0161ki","@id":"https:\/\/radioljubuski.ba\/#\/schema\/person\/19fc700381a780f69665d7956c469e3b"},"headline":"Predsjedniku Hrvatske odvjetni\u010dke komore zabranjeno da se bavi odvjetni\u0161tvom","datePublished":"2022-08-30T10:03:57+00:00","dateModified":"2022-08-30T10:03:58+00:00","mainEntityOfPage":{"@id":"https:\/\/radioljubuski.ba\/index.php\/2022\/08\/30\/predsjedniku-hrvatske-odvjetnicke-komore-zabranjeno-da-se-bavi-odvjetnistvom\/"},"wordCount":254,"publisher":{"@id":"https:\/\/radioljubuski.ba\/#organization"},"image":{"@id":"https:\/\/radioljubuski.ba\/index.php\/2022\/08\/30\/predsjedniku-hrvatske-odvjetnicke-komore-zabranjeno-da-se-bavi-odvjetnistvom\/#primaryimage"},"thumbnailUrl":"https:\/\/radioljubuski.ba\/wp-content\/uploads\/2022\/08\/2-2022-08-29-13-49-04-surjak.jpg","articleSection":["BIH i regija"],"inLanguage":"hr"},{"@type":"WebPage","@id":"https:\/\/radioljubuski.ba\/index.php\/2022\/08\/30\/predsjedniku-hrvatske-odvjetnicke-komore-zabranjeno-da-se-bavi-odvjetnistvom\/","url":"https:\/\/radioljubuski.ba\/index.php\/2022\/08\/30\/predsjedniku-hrvatske-odvjetnicke-komore-zabranjeno-da-se-bavi-odvjetnistvom\/","name":"Predsjedniku Hrvatske odvjetni\u010dke komore zabranjeno da se bavi odvjetni\u0161tvom - RADIO LJUBU\u0160KI","isPartOf":{"@id":"https:\/\/radioljubuski.ba\/#website"},"primaryImageOfPage":{"@id":"https:\/\/radioljubuski.ba\/index.php\/2022\/08\/30\/predsjedniku-hrvatske-odvjetnicke-komore-zabranjeno-da-se-bavi-odvjetnistvom\/#primaryimage"},"image":{"@id":"https:\/\/radioljubuski.ba\/index.php\/2022\/08\/30\/predsjedniku-hrvatske-odvjetnicke-komore-zabranjeno-da-se-bavi-odvjetnistvom\/#primaryimage"},"thumbnailUrl":"https:\/\/radioljubuski.ba\/wp-content\/uploads\/2022\/08\/2-2022-08-29-13-49-04-surjak.jpg","datePublished":"2022-08-30T10:03:57+00:00","dateModified":"2022-08-30T10:03:58+00:00","breadcrumb":{"@id":"https:\/\/radioljubuski.ba\/index.php\/2022\/08\/30\/predsjedniku-hrvatske-odvjetnicke-komore-zabranjeno-da-se-bavi-odvjetnistvom\/#breadcrumb"},"inLanguage":"hr","potentialAction":[{"@type":"ReadAction","target":["https:\/\/radioljubuski.ba\/index.php\/2022\/08\/30\/predsjedniku-hrvatske-odvjetnicke-komore-zabranjeno-da-se-bavi-odvjetnistvom\/"]}]},{"@type":"ImageObject","inLanguage":"hr","@id":"https:\/\/radioljubuski.ba\/index.php\/2022\/08\/30\/predsjedniku-hrvatske-odvjetnicke-komore-zabranjeno-da-se-bavi-odvjetnistvom\/#primaryimage","url":"https:\/\/radioljubuski.ba\/wp-content\/uploads\/2022\/08\/2-2022-08-29-13-49-04-surjak.jpg","contentUrl":"https:\/\/radioljubuski.ba\/wp-content\/uploads\/2022\/08\/2-2022-08-29-13-49-04-surjak.jpg","width":1000,"height":625},{"@type":"BreadcrumbList","@id":"https:\/\/radioljubuski.ba\/index.php\/2022\/08\/30\/predsjedniku-hrvatske-odvjetnicke-komore-zabranjeno-da-se-bavi-odvjetnistvom\/#breadcrumb","itemListElement":[{"@type":"ListItem","position":1,"name":"Po\u010detna stranica","item":"https:\/\/radioljubuski.ba\/"},{"@type":"ListItem","position":2,"name":"Predsjedniku Hrvatske odvjetni\u010dke komore zabranjeno da se bavi odvjetni\u0161tvom"}]},{"@type":"WebSite","@id":"https:\/\/radioljubuski.ba\/#website","url":"https:\/\/radioljubuski.ba\/","name":"Radio Ljubu\u0161ki","description":"Sun\u010dana frekvencija Hercegovine","publisher":{"@id":"https:\/\/radioljubuski.ba\/#organization"},"potentialAction":[{"@type":"SearchAction","target":{"@type":"EntryPoint","urlTemplate":"https:\/\/radioljubuski.ba\/?s={search_term_string}"},"query-input":{"@type":"PropertyValueSpecification","valueRequired":true,"valueName":"search_term_string"}}],"inLanguage":"hr"},{"@type":"Organization","@id":"https:\/\/radioljubuski.ba\/#organization","name":"Radio Ljubu\u0161ki","url":"https:\/\/radioljubuski.ba\/","logo":{"@type":"ImageObject","inLanguage":"hr","@id":"https:\/\/radioljubuski.ba\/#\/schema\/logo\/image\/","url":"https:\/\/radioljubuski.ba\/wp-content\/uploads\/2021\/02\/cropped-Radio_Ljubuski_logo1.jpg","contentUrl":"https:\/\/radioljubuski.ba\/wp-content\/uploads\/2021\/02\/cropped-Radio_Ljubuski_logo1.jpg","width":512,"height":512,"caption":"Radio Ljubu\u0161ki"},"image":{"@id":"https:\/\/radioljubuski.ba\/#\/schema\/logo\/image\/"},"sameAs":["https:\/\/www.facebook.com\/Radiio-Ljubuski-1490835324566332","https:\/\/x.com\/radioljubuski","https:\/\/hr.linkedin.com\/company\/radio-ljubuski","https:\/\/www.youtube.com\/channel\/UCHYaeO_n0Db3tjNGudGpXyw"]},{"@type":"Person","@id":"https:\/\/radioljubuski.ba\/#\/schema\/person\/19fc700381a780f69665d7956c469e3b","name":"Radio Ljubu\u0161ki"}]}},"_links":{"self":[{"href":"https:\/\/radioljubuski.ba\/index.php\/wp-json\/wp\/v2\/posts\/174166","targetHints":{"allow":["GET"]}}],"collection":[{"href":"https:\/\/radioljubuski.ba\/index.php\/wp-json\/wp\/v2\/posts"}],"about":[{"href":"https:\/\/radioljubuski.ba\/index.php\/wp-json\/wp\/v2\/types\/post"}],"author":[{"embeddable":true,"href":"https:\/\/radioljubuski.ba\/index.php\/wp-json\/wp\/v2\/users\/2"}],"replies":[{"embeddable":true,"href":"https:\/\/radioljubuski.ba\/index.php\/wp-json\/wp\/v2\/comments?post=174166"}],"version-history":[{"count":1,"href":"https:\/\/radioljubuski.ba\/index.php\/wp-json\/wp\/v2\/posts\/174166\/revisions"}],"predecessor-version":[{"id":174169,"href":"https:\/\/radioljubuski.ba\/index.php\/wp-json\/wp\/v2\/posts\/174166\/revisions\/174169"}],"wp:featuredmedia":[{"embeddable":true,"href":"https:\/\/radioljubuski.ba\/index.php\/wp-json\/wp\/v2\/media\/174168"}],"wp:attachment":[{"href":"https:\/\/radioljubuski.ba\/index.php\/wp-json\/wp\/v2\/media?parent=174166"}],"wp:term":[{"taxonomy":"category","embeddable":true,"href":"https:\/\/radioljubuski.ba\/index.php\/wp-json\/wp\/v2\/categories?post=174166"},{"taxonomy":"post_tag","embeddable":true,"href":"https:\/\/radioljubuski.ba\/index.php\/wp-json\/wp\/v2\/tags?post=174166"}],"curies":[{"name":"wp","href":"https:\/\/api.w.org\/{rel}","templated":true}]}}