{"id":174314,"date":"2022-08-30T12:30:52","date_gmt":"2022-08-30T11:30:52","guid":{"rendered":"https:\/\/radioljubuski.ba\/?p=174314"},"modified":"2022-08-30T12:30:53","modified_gmt":"2022-08-30T11:30:53","slug":"zadar-ponosan-domacin-11-nacionalnog-susreta-inicijative-40-dana-za-zivot","status":"publish","type":"post","link":"https:\/\/radioljubuski.ba\/index.php\/2022\/08\/30\/zadar-ponosan-domacin-11-nacionalnog-susreta-inicijative-40-dana-za-zivot\/","title":{"rendered":"Zadar ponosan doma\u0107in 11. nacionalnog susreta inicijative 40 dana za \u017eivot"},"content":{"rendered":"\n<p>Tijekom proteklog vikenda, od 26. do 28. kolovoza 2022., u Dalmaciji je odr\u017ean XI. nacionalni susret inicijative 40 dana za \u017eivot \u2013 Hrvatska, a grad doma\u0107in ovog puta bio je Zadar. Susret je okupio preko 100 sudionika, \u010dlanova timova, volontera i molitelja iz cijele Hrvatske koji su se osvrnuli na protekle dvije kampanje inicijative te nau\u010dili kako unaprijediti svoje djelovanje.<\/p>\n\n\n\n<p>U subotu su sudionici susreta i\u0161li u razgled grada te uz stru\u010dnu pratnju vodi\u010da imali priliku \u010duti detaljnije o povijesti i ljepotama grada Zadra. Svetu misu te ve\u010deri za sudionike susreta u katedrali svete Sto\u0161ije predslavio je zadarski nadbiskup \u017delimir Pulji\u0107. Nadbiskup je pohvalio nesebi\u010dno zalaganje sudionika za nero\u0111eni \u017eivot te ih ohrabrio isti\u010du\u0107i kako svoj uzor svakako mogu vidjeti u ustrajnom molitvenom \u017eivotu svete Monike, \u010diji je spomendan crkva taj dan slavila, a koja nije odustala od molitve za svoga sina, njegovo obra\u0107enje i svetost.<\/p>\n\n\n\n<p>Predsjednik udruge Hrvatska za \u017divot, Ante \u010caljku\u0161i\u0107, poklonio je nadbiskupu prigodan dar, te predstavio djelovanje inicijative 40 dana za \u017eivot te Udruge, koje kroz dugogodi\u0161nje djelovanje imaju nebrojene plodove, osobito spa\u0161ene \u017eivote te svakodnevnu brigu za velik broj obitelji.<\/p>\n\n\n\n<p>Tijekom ova tri dana, sudionici susreta mogli su \u010duti izvrsna predavanja don Antuna Mate Antunovi\u0107a te don Damira \u0160ehi\u0107a, kao i brojna svjedo\u010danstva, sudjelovati na svakodnevnim misama, pristupiti sakramentu ispovijedi i razgovoru sa sve\u0107enicima, biti dio zanimljive radionice te me\u0111usobno razmijeniti svoja iskustva po gradovima u kojima djeluju.<\/p>\n\n\n\n<p>S obzirom da su sudionici bili smje\u0161teni u Biogradu na Moru, organizatori su osobito zahvalni \u017eupniku \u017eupe svete Sto\u0161ije u tom gradu, don Dariju Ti\u010di\u0107u, koji ih je predivno primio, predslavio svetu misu za sudionike u petak, predvodio klanjanje i primio ih na \u017eupnu svetu misu u nedjelju na \u010dijem je zavr\u0161etku Ante \u010caljku\u0161i\u0107 mogao i \u017eupljanima pobli\u017ee predstaviti rad Inicijative i Udruge.<\/p>\n\n\n\n<p>Ovaj susret bio je izvrsna priprema za nadolaze\u0107u jesensku kampanju, koja \u0107e trajati od 28. rujna do 6. studenog 2022. u 38 gradova u Hrvatskoj, s glavnom temom \u2013 udomiteljstvo i naglaskom na obiteljima koje otvaraju vrata svoga srca i doma za dje\u010dicu koja su potrebna ljubavi, pripadnosti i obitelji.<\/p>\n\n\n\n<p><em>Izvor: narod.hr<\/em><\/p>\n","protected":false},"excerpt":{"rendered":"<p>Tijekom proteklog vikenda, od 26. do 28. kolovoza 2022., u Dalmaciji je odr\u017ean XI. nacionalni susret inicijative 40 dana za \u017eivot \u2013 Hrvatska, a grad doma\u0107in ovog puta bio je Zadar. Susret je okupio preko 100 sudionika, \u010dlanova timova, volontera i molitelja iz cijele Hrvatske koji su se osvrnuli na protekle dvije kampanje inicijative te [&hellip;]<\/p>\n","protected":false},"author":2,"featured_media":174316,"comment_status":"closed","ping_status":"closed","sticky":false,"template":"","format":"standard","meta":{"h5ap_radio_sources":[],"footnotes":""},"categories":[1],"tags":[],"class_list":["post-174314","post","type-post","status-publish","format-standard","has-post-thumbnail","hentry","category-bihiregija"],"yoast_head":"<!-- This site is optimized with the Yoast SEO plugin v27.5 - https:\/\/yoast.com\/product\/yoast-seo-wordpress\/ -->\n<title>Zadar ponosan doma\u0107in 11. nacionalnog susreta inicijative 40 dana za \u017eivot - RADIO LJUBU\u0160KI<\/title>\n<meta name=\"robots\" content=\"index, follow, max-snippet:-1, max-image-preview:large, max-video-preview:-1\" \/>\n<link rel=\"canonical\" href=\"https:\/\/radioljubuski.ba\/index.php\/2022\/08\/30\/zadar-ponosan-domacin-11-nacionalnog-susreta-inicijative-40-dana-za-zivot\/\" \/>\n<meta property=\"og:locale\" content=\"hr_HR\" \/>\n<meta property=\"og:type\" content=\"article\" \/>\n<meta property=\"og:title\" content=\"Zadar ponosan doma\u0107in 11. nacionalnog susreta inicijative 40 dana za \u017eivot - RADIO LJUBU\u0160KI\" \/>\n<meta property=\"og:description\" content=\"Tijekom proteklog vikenda, od 26. do 28. kolovoza 2022., u Dalmaciji je odr\u017ean XI. nacionalni susret inicijative 40 dana za \u017eivot \u2013 Hrvatska, a grad doma\u0107in ovog puta bio je Zadar. Susret je okupio preko 100 sudionika, \u010dlanova timova, volontera i molitelja iz cijele Hrvatske koji su se osvrnuli na protekle dvije kampanje inicijative te [&hellip;]\" \/>\n<meta property=\"og:url\" content=\"https:\/\/radioljubuski.ba\/index.php\/2022\/08\/30\/zadar-ponosan-domacin-11-nacionalnog-susreta-inicijative-40-dana-za-zivot\/\" \/>\n<meta property=\"og:site_name\" content=\"RADIO LJUBU\u0160KI\" \/>\n<meta property=\"article:publisher\" content=\"https:\/\/www.facebook.com\/Radiio-Ljubuski-1490835324566332\" \/>\n<meta property=\"article:published_time\" content=\"2022-08-30T11:30:52+00:00\" \/>\n<meta property=\"article:modified_time\" content=\"2022-08-30T11:30:53+00:00\" \/>\n<meta property=\"og:image\" content=\"https:\/\/radioljubuski.ba\/wp-content\/uploads\/2022\/08\/0-2-2-696x464-1.jpg\" \/>\n\t<meta property=\"og:image:width\" content=\"696\" \/>\n\t<meta property=\"og:image:height\" content=\"464\" \/>\n\t<meta property=\"og:image:type\" content=\"image\/jpeg\" \/>\n<meta name=\"author\" content=\"Radio Ljubu\u0161ki\" \/>\n<meta name=\"twitter:card\" content=\"summary_large_image\" \/>\n<meta name=\"twitter:creator\" content=\"@radioljubuski\" \/>\n<meta name=\"twitter:site\" content=\"@radioljubuski\" \/>\n<meta name=\"twitter:label1\" content=\"Napisao\/la\" \/>\n\t<meta name=\"twitter:data1\" content=\"Radio Ljubu\u0161ki\" \/>\n\t<meta name=\"twitter:label2\" content=\"Procijenjeno vrijeme \u010ditanja\" \/>\n\t<meta name=\"twitter:data2\" content=\"2 minute\" \/>\n<script type=\"application\/ld+json\" class=\"yoast-schema-graph\">{\"@context\":\"https:\\\/\\\/schema.org\",\"@graph\":[{\"@type\":\"Article\",\"@id\":\"https:\\\/\\\/radioljubuski.ba\\\/index.php\\\/2022\\\/08\\\/30\\\/zadar-ponosan-domacin-11-nacionalnog-susreta-inicijative-40-dana-za-zivot\\\/#article\",\"isPartOf\":{\"@id\":\"https:\\\/\\\/radioljubuski.ba\\\/index.php\\\/2022\\\/08\\\/30\\\/zadar-ponosan-domacin-11-nacionalnog-susreta-inicijative-40-dana-za-zivot\\\/\"},\"author\":{\"name\":\"Radio Ljubu\u0161ki\",\"@id\":\"https:\\\/\\\/radioljubuski.ba\\\/#\\\/schema\\\/person\\\/19fc700381a780f69665d7956c469e3b\"},\"headline\":\"Zadar ponosan doma\u0107in 11. nacionalnog susreta inicijative 40 dana za \u017eivot\",\"datePublished\":\"2022-08-30T11:30:52+00:00\",\"dateModified\":\"2022-08-30T11:30:53+00:00\",\"mainEntityOfPage\":{\"@id\":\"https:\\\/\\\/radioljubuski.ba\\\/index.php\\\/2022\\\/08\\\/30\\\/zadar-ponosan-domacin-11-nacionalnog-susreta-inicijative-40-dana-za-zivot\\\/\"},\"wordCount\":377,\"publisher\":{\"@id\":\"https:\\\/\\\/radioljubuski.ba\\\/#organization\"},\"image\":{\"@id\":\"https:\\\/\\\/radioljubuski.ba\\\/index.php\\\/2022\\\/08\\\/30\\\/zadar-ponosan-domacin-11-nacionalnog-susreta-inicijative-40-dana-za-zivot\\\/#primaryimage\"},\"thumbnailUrl\":\"https:\\\/\\\/radioljubuski.ba\\\/wp-content\\\/uploads\\\/2022\\\/08\\\/0-2-2-696x464-1.jpg\",\"articleSection\":[\"BIH i regija\"],\"inLanguage\":\"hr\"},{\"@type\":\"WebPage\",\"@id\":\"https:\\\/\\\/radioljubuski.ba\\\/index.php\\\/2022\\\/08\\\/30\\\/zadar-ponosan-domacin-11-nacionalnog-susreta-inicijative-40-dana-za-zivot\\\/\",\"url\":\"https:\\\/\\\/radioljubuski.ba\\\/index.php\\\/2022\\\/08\\\/30\\\/zadar-ponosan-domacin-11-nacionalnog-susreta-inicijative-40-dana-za-zivot\\\/\",\"name\":\"Zadar ponosan doma\u0107in 11. nacionalnog susreta inicijative 40 dana za \u017eivot - RADIO LJUBU\u0160KI\",\"isPartOf\":{\"@id\":\"https:\\\/\\\/radioljubuski.ba\\\/#website\"},\"primaryImageOfPage\":{\"@id\":\"https:\\\/\\\/radioljubuski.ba\\\/index.php\\\/2022\\\/08\\\/30\\\/zadar-ponosan-domacin-11-nacionalnog-susreta-inicijative-40-dana-za-zivot\\\/#primaryimage\"},\"image\":{\"@id\":\"https:\\\/\\\/radioljubuski.ba\\\/index.php\\\/2022\\\/08\\\/30\\\/zadar-ponosan-domacin-11-nacionalnog-susreta-inicijative-40-dana-za-zivot\\\/#primaryimage\"},\"thumbnailUrl\":\"https:\\\/\\\/radioljubuski.ba\\\/wp-content\\\/uploads\\\/2022\\\/08\\\/0-2-2-696x464-1.jpg\",\"datePublished\":\"2022-08-30T11:30:52+00:00\",\"dateModified\":\"2022-08-30T11:30:53+00:00\",\"breadcrumb\":{\"@id\":\"https:\\\/\\\/radioljubuski.ba\\\/index.php\\\/2022\\\/08\\\/30\\\/zadar-ponosan-domacin-11-nacionalnog-susreta-inicijative-40-dana-za-zivot\\\/#breadcrumb\"},\"inLanguage\":\"hr\",\"potentialAction\":[{\"@type\":\"ReadAction\",\"target\":[\"https:\\\/\\\/radioljubuski.ba\\\/index.php\\\/2022\\\/08\\\/30\\\/zadar-ponosan-domacin-11-nacionalnog-susreta-inicijative-40-dana-za-zivot\\\/\"]}]},{\"@type\":\"ImageObject\",\"inLanguage\":\"hr\",\"@id\":\"https:\\\/\\\/radioljubuski.ba\\\/index.php\\\/2022\\\/08\\\/30\\\/zadar-ponosan-domacin-11-nacionalnog-susreta-inicijative-40-dana-za-zivot\\\/#primaryimage\",\"url\":\"https:\\\/\\\/radioljubuski.ba\\\/wp-content\\\/uploads\\\/2022\\\/08\\\/0-2-2-696x464-1.jpg\",\"contentUrl\":\"https:\\\/\\\/radioljubuski.ba\\\/wp-content\\\/uploads\\\/2022\\\/08\\\/0-2-2-696x464-1.jpg\",\"width\":696,\"height\":464},{\"@type\":\"BreadcrumbList\",\"@id\":\"https:\\\/\\\/radioljubuski.ba\\\/index.php\\\/2022\\\/08\\\/30\\\/zadar-ponosan-domacin-11-nacionalnog-susreta-inicijative-40-dana-za-zivot\\\/#breadcrumb\",\"itemListElement\":[{\"@type\":\"ListItem\",\"position\":1,\"name\":\"Po\u010detna stranica\",\"item\":\"https:\\\/\\\/radioljubuski.ba\\\/\"},{\"@type\":\"ListItem\",\"position\":2,\"name\":\"Zadar ponosan doma\u0107in 11. nacionalnog susreta inicijative 40 dana za \u017eivot\"}]},{\"@type\":\"WebSite\",\"@id\":\"https:\\\/\\\/radioljubuski.ba\\\/#website\",\"url\":\"https:\\\/\\\/radioljubuski.ba\\\/\",\"name\":\"Radio Ljubu\u0161ki\",\"description\":\"Sun\u010dana frekvencija Hercegovine\",\"publisher\":{\"@id\":\"https:\\\/\\\/radioljubuski.ba\\\/#organization\"},\"potentialAction\":[{\"@type\":\"SearchAction\",\"target\":{\"@type\":\"EntryPoint\",\"urlTemplate\":\"https:\\\/\\\/radioljubuski.ba\\\/?s={search_term_string}\"},\"query-input\":{\"@type\":\"PropertyValueSpecification\",\"valueRequired\":true,\"valueName\":\"search_term_string\"}}],\"inLanguage\":\"hr\"},{\"@type\":\"Organization\",\"@id\":\"https:\\\/\\\/radioljubuski.ba\\\/#organization\",\"name\":\"Radio Ljubu\u0161ki\",\"url\":\"https:\\\/\\\/radioljubuski.ba\\\/\",\"logo\":{\"@type\":\"ImageObject\",\"inLanguage\":\"hr\",\"@id\":\"https:\\\/\\\/radioljubuski.ba\\\/#\\\/schema\\\/logo\\\/image\\\/\",\"url\":\"https:\\\/\\\/radioljubuski.ba\\\/wp-content\\\/uploads\\\/2021\\\/02\\\/cropped-Radio_Ljubuski_logo1.jpg\",\"contentUrl\":\"https:\\\/\\\/radioljubuski.ba\\\/wp-content\\\/uploads\\\/2021\\\/02\\\/cropped-Radio_Ljubuski_logo1.jpg\",\"width\":512,\"height\":512,\"caption\":\"Radio Ljubu\u0161ki\"},\"image\":{\"@id\":\"https:\\\/\\\/radioljubuski.ba\\\/#\\\/schema\\\/logo\\\/image\\\/\"},\"sameAs\":[\"https:\\\/\\\/www.facebook.com\\\/Radiio-Ljubuski-1490835324566332\",\"https:\\\/\\\/x.com\\\/radioljubuski\",\"https:\\\/\\\/hr.linkedin.com\\\/company\\\/radio-ljubuski\",\"https:\\\/\\\/www.youtube.com\\\/channel\\\/UCHYaeO_n0Db3tjNGudGpXyw\"]},{\"@type\":\"Person\",\"@id\":\"https:\\\/\\\/radioljubuski.ba\\\/#\\\/schema\\\/person\\\/19fc700381a780f69665d7956c469e3b\",\"name\":\"Radio Ljubu\u0161ki\"}]}<\/script>\n<!-- \/ Yoast SEO plugin. -->","yoast_head_json":{"title":"Zadar ponosan doma\u0107in 11. nacionalnog susreta inicijative 40 dana za \u017eivot - RADIO LJUBU\u0160KI","robots":{"index":"index","follow":"follow","max-snippet":"max-snippet:-1","max-image-preview":"max-image-preview:large","max-video-preview":"max-video-preview:-1"},"canonical":"https:\/\/radioljubuski.ba\/index.php\/2022\/08\/30\/zadar-ponosan-domacin-11-nacionalnog-susreta-inicijative-40-dana-za-zivot\/","og_locale":"hr_HR","og_type":"article","og_title":"Zadar ponosan doma\u0107in 11. nacionalnog susreta inicijative 40 dana za \u017eivot - RADIO LJUBU\u0160KI","og_description":"Tijekom proteklog vikenda, od 26. do 28. kolovoza 2022., u Dalmaciji je odr\u017ean XI. nacionalni susret inicijative 40 dana za \u017eivot \u2013 Hrvatska, a grad doma\u0107in ovog puta bio je Zadar. Susret je okupio preko 100 sudionika, \u010dlanova timova, volontera i molitelja iz cijele Hrvatske koji su se osvrnuli na protekle dvije kampanje inicijative te [&hellip;]","og_url":"https:\/\/radioljubuski.ba\/index.php\/2022\/08\/30\/zadar-ponosan-domacin-11-nacionalnog-susreta-inicijative-40-dana-za-zivot\/","og_site_name":"RADIO LJUBU\u0160KI","article_publisher":"https:\/\/www.facebook.com\/Radiio-Ljubuski-1490835324566332","article_published_time":"2022-08-30T11:30:52+00:00","article_modified_time":"2022-08-30T11:30:53+00:00","og_image":[{"width":696,"height":464,"url":"https:\/\/radioljubuski.ba\/wp-content\/uploads\/2022\/08\/0-2-2-696x464-1.jpg","type":"image\/jpeg"}],"author":"Radio Ljubu\u0161ki","twitter_card":"summary_large_image","twitter_creator":"@radioljubuski","twitter_site":"@radioljubuski","twitter_misc":{"Napisao\/la":"Radio Ljubu\u0161ki","Procijenjeno vrijeme \u010ditanja":"2 minute"},"schema":{"@context":"https:\/\/schema.org","@graph":[{"@type":"Article","@id":"https:\/\/radioljubuski.ba\/index.php\/2022\/08\/30\/zadar-ponosan-domacin-11-nacionalnog-susreta-inicijative-40-dana-za-zivot\/#article","isPartOf":{"@id":"https:\/\/radioljubuski.ba\/index.php\/2022\/08\/30\/zadar-ponosan-domacin-11-nacionalnog-susreta-inicijative-40-dana-za-zivot\/"},"author":{"name":"Radio Ljubu\u0161ki","@id":"https:\/\/radioljubuski.ba\/#\/schema\/person\/19fc700381a780f69665d7956c469e3b"},"headline":"Zadar ponosan doma\u0107in 11. nacionalnog susreta inicijative 40 dana za \u017eivot","datePublished":"2022-08-30T11:30:52+00:00","dateModified":"2022-08-30T11:30:53+00:00","mainEntityOfPage":{"@id":"https:\/\/radioljubuski.ba\/index.php\/2022\/08\/30\/zadar-ponosan-domacin-11-nacionalnog-susreta-inicijative-40-dana-za-zivot\/"},"wordCount":377,"publisher":{"@id":"https:\/\/radioljubuski.ba\/#organization"},"image":{"@id":"https:\/\/radioljubuski.ba\/index.php\/2022\/08\/30\/zadar-ponosan-domacin-11-nacionalnog-susreta-inicijative-40-dana-za-zivot\/#primaryimage"},"thumbnailUrl":"https:\/\/radioljubuski.ba\/wp-content\/uploads\/2022\/08\/0-2-2-696x464-1.jpg","articleSection":["BIH i regija"],"inLanguage":"hr"},{"@type":"WebPage","@id":"https:\/\/radioljubuski.ba\/index.php\/2022\/08\/30\/zadar-ponosan-domacin-11-nacionalnog-susreta-inicijative-40-dana-za-zivot\/","url":"https:\/\/radioljubuski.ba\/index.php\/2022\/08\/30\/zadar-ponosan-domacin-11-nacionalnog-susreta-inicijative-40-dana-za-zivot\/","name":"Zadar ponosan doma\u0107in 11. nacionalnog susreta inicijative 40 dana za \u017eivot - RADIO LJUBU\u0160KI","isPartOf":{"@id":"https:\/\/radioljubuski.ba\/#website"},"primaryImageOfPage":{"@id":"https:\/\/radioljubuski.ba\/index.php\/2022\/08\/30\/zadar-ponosan-domacin-11-nacionalnog-susreta-inicijative-40-dana-za-zivot\/#primaryimage"},"image":{"@id":"https:\/\/radioljubuski.ba\/index.php\/2022\/08\/30\/zadar-ponosan-domacin-11-nacionalnog-susreta-inicijative-40-dana-za-zivot\/#primaryimage"},"thumbnailUrl":"https:\/\/radioljubuski.ba\/wp-content\/uploads\/2022\/08\/0-2-2-696x464-1.jpg","datePublished":"2022-08-30T11:30:52+00:00","dateModified":"2022-08-30T11:30:53+00:00","breadcrumb":{"@id":"https:\/\/radioljubuski.ba\/index.php\/2022\/08\/30\/zadar-ponosan-domacin-11-nacionalnog-susreta-inicijative-40-dana-za-zivot\/#breadcrumb"},"inLanguage":"hr","potentialAction":[{"@type":"ReadAction","target":["https:\/\/radioljubuski.ba\/index.php\/2022\/08\/30\/zadar-ponosan-domacin-11-nacionalnog-susreta-inicijative-40-dana-za-zivot\/"]}]},{"@type":"ImageObject","inLanguage":"hr","@id":"https:\/\/radioljubuski.ba\/index.php\/2022\/08\/30\/zadar-ponosan-domacin-11-nacionalnog-susreta-inicijative-40-dana-za-zivot\/#primaryimage","url":"https:\/\/radioljubuski.ba\/wp-content\/uploads\/2022\/08\/0-2-2-696x464-1.jpg","contentUrl":"https:\/\/radioljubuski.ba\/wp-content\/uploads\/2022\/08\/0-2-2-696x464-1.jpg","width":696,"height":464},{"@type":"BreadcrumbList","@id":"https:\/\/radioljubuski.ba\/index.php\/2022\/08\/30\/zadar-ponosan-domacin-11-nacionalnog-susreta-inicijative-40-dana-za-zivot\/#breadcrumb","itemListElement":[{"@type":"ListItem","position":1,"name":"Po\u010detna stranica","item":"https:\/\/radioljubuski.ba\/"},{"@type":"ListItem","position":2,"name":"Zadar ponosan doma\u0107in 11. nacionalnog susreta inicijative 40 dana za \u017eivot"}]},{"@type":"WebSite","@id":"https:\/\/radioljubuski.ba\/#website","url":"https:\/\/radioljubuski.ba\/","name":"Radio Ljubu\u0161ki","description":"Sun\u010dana frekvencija Hercegovine","publisher":{"@id":"https:\/\/radioljubuski.ba\/#organization"},"potentialAction":[{"@type":"SearchAction","target":{"@type":"EntryPoint","urlTemplate":"https:\/\/radioljubuski.ba\/?s={search_term_string}"},"query-input":{"@type":"PropertyValueSpecification","valueRequired":true,"valueName":"search_term_string"}}],"inLanguage":"hr"},{"@type":"Organization","@id":"https:\/\/radioljubuski.ba\/#organization","name":"Radio Ljubu\u0161ki","url":"https:\/\/radioljubuski.ba\/","logo":{"@type":"ImageObject","inLanguage":"hr","@id":"https:\/\/radioljubuski.ba\/#\/schema\/logo\/image\/","url":"https:\/\/radioljubuski.ba\/wp-content\/uploads\/2021\/02\/cropped-Radio_Ljubuski_logo1.jpg","contentUrl":"https:\/\/radioljubuski.ba\/wp-content\/uploads\/2021\/02\/cropped-Radio_Ljubuski_logo1.jpg","width":512,"height":512,"caption":"Radio Ljubu\u0161ki"},"image":{"@id":"https:\/\/radioljubuski.ba\/#\/schema\/logo\/image\/"},"sameAs":["https:\/\/www.facebook.com\/Radiio-Ljubuski-1490835324566332","https:\/\/x.com\/radioljubuski","https:\/\/hr.linkedin.com\/company\/radio-ljubuski","https:\/\/www.youtube.com\/channel\/UCHYaeO_n0Db3tjNGudGpXyw"]},{"@type":"Person","@id":"https:\/\/radioljubuski.ba\/#\/schema\/person\/19fc700381a780f69665d7956c469e3b","name":"Radio Ljubu\u0161ki"}]}},"_links":{"self":[{"href":"https:\/\/radioljubuski.ba\/index.php\/wp-json\/wp\/v2\/posts\/174314","targetHints":{"allow":["GET"]}}],"collection":[{"href":"https:\/\/radioljubuski.ba\/index.php\/wp-json\/wp\/v2\/posts"}],"about":[{"href":"https:\/\/radioljubuski.ba\/index.php\/wp-json\/wp\/v2\/types\/post"}],"author":[{"embeddable":true,"href":"https:\/\/radioljubuski.ba\/index.php\/wp-json\/wp\/v2\/users\/2"}],"replies":[{"embeddable":true,"href":"https:\/\/radioljubuski.ba\/index.php\/wp-json\/wp\/v2\/comments?post=174314"}],"version-history":[{"count":1,"href":"https:\/\/radioljubuski.ba\/index.php\/wp-json\/wp\/v2\/posts\/174314\/revisions"}],"predecessor-version":[{"id":174317,"href":"https:\/\/radioljubuski.ba\/index.php\/wp-json\/wp\/v2\/posts\/174314\/revisions\/174317"}],"wp:featuredmedia":[{"embeddable":true,"href":"https:\/\/radioljubuski.ba\/index.php\/wp-json\/wp\/v2\/media\/174316"}],"wp:attachment":[{"href":"https:\/\/radioljubuski.ba\/index.php\/wp-json\/wp\/v2\/media?parent=174314"}],"wp:term":[{"taxonomy":"category","embeddable":true,"href":"https:\/\/radioljubuski.ba\/index.php\/wp-json\/wp\/v2\/categories?post=174314"},{"taxonomy":"post_tag","embeddable":true,"href":"https:\/\/radioljubuski.ba\/index.php\/wp-json\/wp\/v2\/tags?post=174314"}],"curies":[{"name":"wp","href":"https:\/\/api.w.org\/{rel}","templated":true}]}}