{"id":174491,"date":"2022-08-30T23:30:04","date_gmt":"2022-08-30T22:30:04","guid":{"rendered":"https:\/\/radioljubuski.ba\/?p=174491"},"modified":"2022-08-30T23:30:05","modified_gmt":"2022-08-30T22:30:05","slug":"sin-dvostruke-osvajacice-us-opena-u-debiju-u-new-yorku-izbacio-desetog-nositelja","status":"publish","type":"post","link":"https:\/\/radioljubuski.ba\/index.php\/2022\/08\/30\/sin-dvostruke-osvajacice-us-opena-u-debiju-u-new-yorku-izbacio-desetog-nositelja\/","title":{"rendered":"Sin dvostruke osvaja\u010dice US Opena u debiju u New Yorku izbacio desetog nositelja"},"content":{"rendered":"\n<p>Dvadeset\u010detverogodi\u0161nji Amerikanac Brandon Holt, sin dvostruke pobjednice US Opena Tracy Austin, ove godine je debitirao na zadnjem Grand Slam turniru sezone.&nbsp;<\/p>\n\n\n\n<p>Nakon uspje\u0161no odra\u0111enih kvalifikacija za koje je dobio pozivnicu budu\u0107i da zbog nedovoljno visokog plasmana na ATP ljestvici nije mogao biti pozvan u glavni turnir, Holt je nastavio s odli\u010dnim igrama i u glavnom \u017edrijebu.<\/p>\n\n\n\n<p>U prvom kolu izbacio je desetog nositelja, sunarodnjaka Taylora Fritza isprativ\u0161i najboljeg ameri\u010dkog tenisa\u010da s turnira sa 6:7 (3), 7:6 (1), 6:3, 6:4.<\/p>\n\n\n\n<p>Holtova majka Tracy Austin pobjedni\u010dki pehar na US Openu podigla je prvi put 1979. svladav\u0161i u finalu legendarnu Chris Evert, a potom je slavila i 1981. pobjedom nad jo\u0161 jednom legendom svjetskog tenisa Martinom Navratilovom.&nbsp;<\/p>\n\n\n\n<p>Pro\u0161log ljeta Brandon Holt je zbog dugotrajne boli u ruci morao na operaciju i nije bio siguran ho\u0107e li se mo\u0107i nastaviti baviti tenisom. U ovu godinu krenuo je s nizom od 15 pobjeda na ITF turnirima, pri \u010demu je osvojio pet turnira, te je uo\u010di po\u010detka US Opena stigao do 293. mjesta na ATP ljestvici, \u0161to mu je najbolji plasman u karijeri.&nbsp;<\/p>\n\n\n\n<p>&#8211; Presretan sam \u0161to sam prvi put igrao u glavnom \u017edrijebu. Bilo je sjajnih trenutaka u tri kvalifikacijska me\u010da, a protiv Fritza sam odigrao najve\u0107i me\u010d u karijeri. Moja obitelj i puno mojih prijatelja bili su uz mene, rekao je Holt nakon pobjede.&nbsp;<\/p>\n\n\n\n<p>Izvor:pogled.ba<\/p>\n","protected":false},"excerpt":{"rendered":"<p>Dvadeset\u010detverogodi\u0161nji Amerikanac Brandon Holt, sin dvostruke pobjednice US Opena Tracy Austin, ove godine je debitirao na zadnjem Grand Slam turniru sezone.&nbsp; Nakon uspje\u0161no odra\u0111enih kvalifikacija za koje je dobio pozivnicu budu\u0107i da zbog nedovoljno visokog plasmana na ATP ljestvici nije mogao biti pozvan u glavni turnir, Holt je nastavio s odli\u010dnim igrama i u glavnom [&hellip;]<\/p>\n","protected":false},"author":2,"featured_media":174492,"comment_status":"closed","ping_status":"closed","sticky":false,"template":"","format":"standard","meta":{"h5ap_radio_sources":[],"footnotes":""},"categories":[7],"tags":[],"class_list":["post-174491","post","type-post","status-publish","format-standard","has-post-thumbnail","hentry","category-sport"],"yoast_head":"<!-- This site is optimized with the Yoast SEO plugin v27.5 - https:\/\/yoast.com\/product\/yoast-seo-wordpress\/ -->\n<title>Sin dvostruke osvaja\u010dice US Opena u debiju u New Yorku izbacio desetog nositelja - RADIO LJUBU\u0160KI<\/title>\n<meta name=\"robots\" content=\"index, follow, max-snippet:-1, max-image-preview:large, max-video-preview:-1\" \/>\n<link rel=\"canonical\" href=\"https:\/\/radioljubuski.ba\/index.php\/2022\/08\/30\/sin-dvostruke-osvajacice-us-opena-u-debiju-u-new-yorku-izbacio-desetog-nositelja\/\" \/>\n<meta property=\"og:locale\" content=\"hr_HR\" \/>\n<meta property=\"og:type\" content=\"article\" \/>\n<meta property=\"og:title\" content=\"Sin dvostruke osvaja\u010dice US Opena u debiju u New Yorku izbacio desetog nositelja - RADIO LJUBU\u0160KI\" \/>\n<meta property=\"og:description\" content=\"Dvadeset\u010detverogodi\u0161nji Amerikanac Brandon Holt, sin dvostruke pobjednice US Opena Tracy Austin, ove godine je debitirao na zadnjem Grand Slam turniru sezone.&nbsp; Nakon uspje\u0161no odra\u0111enih kvalifikacija za koje je dobio pozivnicu budu\u0107i da zbog nedovoljno visokog plasmana na ATP ljestvici nije mogao biti pozvan u glavni turnir, Holt je nastavio s odli\u010dnim igrama i u glavnom [&hellip;]\" \/>\n<meta property=\"og:url\" content=\"https:\/\/radioljubuski.ba\/index.php\/2022\/08\/30\/sin-dvostruke-osvajacice-us-opena-u-debiju-u-new-yorku-izbacio-desetog-nositelja\/\" \/>\n<meta property=\"og:site_name\" content=\"RADIO LJUBU\u0160KI\" \/>\n<meta property=\"article:publisher\" content=\"https:\/\/www.facebook.com\/Radiio-Ljubuski-1490835324566332\" \/>\n<meta property=\"article:published_time\" content=\"2022-08-30T22:30:04+00:00\" \/>\n<meta property=\"article:modified_time\" content=\"2022-08-30T22:30:05+00:00\" \/>\n<meta property=\"og:image\" content=\"https:\/\/radioljubuski.ba\/wp-content\/uploads\/2022\/08\/2-2022-08-30-14-21-40-holt.jpg\" \/>\n\t<meta property=\"og:image:width\" content=\"1000\" \/>\n\t<meta property=\"og:image:height\" content=\"625\" \/>\n\t<meta property=\"og:image:type\" content=\"image\/jpeg\" \/>\n<meta name=\"author\" content=\"Radio Ljubu\u0161ki\" \/>\n<meta name=\"twitter:card\" content=\"summary_large_image\" \/>\n<meta name=\"twitter:creator\" content=\"@radioljubuski\" \/>\n<meta name=\"twitter:site\" content=\"@radioljubuski\" \/>\n<meta name=\"twitter:label1\" content=\"Napisao\/la\" \/>\n\t<meta name=\"twitter:data1\" content=\"Radio Ljubu\u0161ki\" \/>\n\t<meta name=\"twitter:label2\" content=\"Procijenjeno vrijeme \u010ditanja\" \/>\n\t<meta name=\"twitter:data2\" content=\"1 minuta\" \/>\n<script type=\"application\/ld+json\" class=\"yoast-schema-graph\">{\"@context\":\"https:\\\/\\\/schema.org\",\"@graph\":[{\"@type\":\"Article\",\"@id\":\"https:\\\/\\\/radioljubuski.ba\\\/index.php\\\/2022\\\/08\\\/30\\\/sin-dvostruke-osvajacice-us-opena-u-debiju-u-new-yorku-izbacio-desetog-nositelja\\\/#article\",\"isPartOf\":{\"@id\":\"https:\\\/\\\/radioljubuski.ba\\\/index.php\\\/2022\\\/08\\\/30\\\/sin-dvostruke-osvajacice-us-opena-u-debiju-u-new-yorku-izbacio-desetog-nositelja\\\/\"},\"author\":{\"name\":\"Radio Ljubu\u0161ki\",\"@id\":\"https:\\\/\\\/radioljubuski.ba\\\/#\\\/schema\\\/person\\\/19fc700381a780f69665d7956c469e3b\"},\"headline\":\"Sin dvostruke osvaja\u010dice US Opena u debiju u New Yorku izbacio desetog nositelja\",\"datePublished\":\"2022-08-30T22:30:04+00:00\",\"dateModified\":\"2022-08-30T22:30:05+00:00\",\"mainEntityOfPage\":{\"@id\":\"https:\\\/\\\/radioljubuski.ba\\\/index.php\\\/2022\\\/08\\\/30\\\/sin-dvostruke-osvajacice-us-opena-u-debiju-u-new-yorku-izbacio-desetog-nositelja\\\/\"},\"wordCount\":249,\"publisher\":{\"@id\":\"https:\\\/\\\/radioljubuski.ba\\\/#organization\"},\"image\":{\"@id\":\"https:\\\/\\\/radioljubuski.ba\\\/index.php\\\/2022\\\/08\\\/30\\\/sin-dvostruke-osvajacice-us-opena-u-debiju-u-new-yorku-izbacio-desetog-nositelja\\\/#primaryimage\"},\"thumbnailUrl\":\"https:\\\/\\\/radioljubuski.ba\\\/wp-content\\\/uploads\\\/2022\\\/08\\\/2-2022-08-30-14-21-40-holt.jpg\",\"articleSection\":[\"\u0160port\"],\"inLanguage\":\"hr\"},{\"@type\":\"WebPage\",\"@id\":\"https:\\\/\\\/radioljubuski.ba\\\/index.php\\\/2022\\\/08\\\/30\\\/sin-dvostruke-osvajacice-us-opena-u-debiju-u-new-yorku-izbacio-desetog-nositelja\\\/\",\"url\":\"https:\\\/\\\/radioljubuski.ba\\\/index.php\\\/2022\\\/08\\\/30\\\/sin-dvostruke-osvajacice-us-opena-u-debiju-u-new-yorku-izbacio-desetog-nositelja\\\/\",\"name\":\"Sin dvostruke osvaja\u010dice US Opena u debiju u New Yorku izbacio desetog nositelja - RADIO LJUBU\u0160KI\",\"isPartOf\":{\"@id\":\"https:\\\/\\\/radioljubuski.ba\\\/#website\"},\"primaryImageOfPage\":{\"@id\":\"https:\\\/\\\/radioljubuski.ba\\\/index.php\\\/2022\\\/08\\\/30\\\/sin-dvostruke-osvajacice-us-opena-u-debiju-u-new-yorku-izbacio-desetog-nositelja\\\/#primaryimage\"},\"image\":{\"@id\":\"https:\\\/\\\/radioljubuski.ba\\\/index.php\\\/2022\\\/08\\\/30\\\/sin-dvostruke-osvajacice-us-opena-u-debiju-u-new-yorku-izbacio-desetog-nositelja\\\/#primaryimage\"},\"thumbnailUrl\":\"https:\\\/\\\/radioljubuski.ba\\\/wp-content\\\/uploads\\\/2022\\\/08\\\/2-2022-08-30-14-21-40-holt.jpg\",\"datePublished\":\"2022-08-30T22:30:04+00:00\",\"dateModified\":\"2022-08-30T22:30:05+00:00\",\"breadcrumb\":{\"@id\":\"https:\\\/\\\/radioljubuski.ba\\\/index.php\\\/2022\\\/08\\\/30\\\/sin-dvostruke-osvajacice-us-opena-u-debiju-u-new-yorku-izbacio-desetog-nositelja\\\/#breadcrumb\"},\"inLanguage\":\"hr\",\"potentialAction\":[{\"@type\":\"ReadAction\",\"target\":[\"https:\\\/\\\/radioljubuski.ba\\\/index.php\\\/2022\\\/08\\\/30\\\/sin-dvostruke-osvajacice-us-opena-u-debiju-u-new-yorku-izbacio-desetog-nositelja\\\/\"]}]},{\"@type\":\"ImageObject\",\"inLanguage\":\"hr\",\"@id\":\"https:\\\/\\\/radioljubuski.ba\\\/index.php\\\/2022\\\/08\\\/30\\\/sin-dvostruke-osvajacice-us-opena-u-debiju-u-new-yorku-izbacio-desetog-nositelja\\\/#primaryimage\",\"url\":\"https:\\\/\\\/radioljubuski.ba\\\/wp-content\\\/uploads\\\/2022\\\/08\\\/2-2022-08-30-14-21-40-holt.jpg\",\"contentUrl\":\"https:\\\/\\\/radioljubuski.ba\\\/wp-content\\\/uploads\\\/2022\\\/08\\\/2-2022-08-30-14-21-40-holt.jpg\",\"width\":1000,\"height\":625},{\"@type\":\"BreadcrumbList\",\"@id\":\"https:\\\/\\\/radioljubuski.ba\\\/index.php\\\/2022\\\/08\\\/30\\\/sin-dvostruke-osvajacice-us-opena-u-debiju-u-new-yorku-izbacio-desetog-nositelja\\\/#breadcrumb\",\"itemListElement\":[{\"@type\":\"ListItem\",\"position\":1,\"name\":\"Po\u010detna stranica\",\"item\":\"https:\\\/\\\/radioljubuski.ba\\\/\"},{\"@type\":\"ListItem\",\"position\":2,\"name\":\"Sin dvostruke osvaja\u010dice US Opena u debiju u New Yorku izbacio desetog nositelja\"}]},{\"@type\":\"WebSite\",\"@id\":\"https:\\\/\\\/radioljubuski.ba\\\/#website\",\"url\":\"https:\\\/\\\/radioljubuski.ba\\\/\",\"name\":\"Radio Ljubu\u0161ki\",\"description\":\"Sun\u010dana frekvencija Hercegovine\",\"publisher\":{\"@id\":\"https:\\\/\\\/radioljubuski.ba\\\/#organization\"},\"potentialAction\":[{\"@type\":\"SearchAction\",\"target\":{\"@type\":\"EntryPoint\",\"urlTemplate\":\"https:\\\/\\\/radioljubuski.ba\\\/?s={search_term_string}\"},\"query-input\":{\"@type\":\"PropertyValueSpecification\",\"valueRequired\":true,\"valueName\":\"search_term_string\"}}],\"inLanguage\":\"hr\"},{\"@type\":\"Organization\",\"@id\":\"https:\\\/\\\/radioljubuski.ba\\\/#organization\",\"name\":\"Radio Ljubu\u0161ki\",\"url\":\"https:\\\/\\\/radioljubuski.ba\\\/\",\"logo\":{\"@type\":\"ImageObject\",\"inLanguage\":\"hr\",\"@id\":\"https:\\\/\\\/radioljubuski.ba\\\/#\\\/schema\\\/logo\\\/image\\\/\",\"url\":\"https:\\\/\\\/radioljubuski.ba\\\/wp-content\\\/uploads\\\/2021\\\/02\\\/cropped-Radio_Ljubuski_logo1.jpg\",\"contentUrl\":\"https:\\\/\\\/radioljubuski.ba\\\/wp-content\\\/uploads\\\/2021\\\/02\\\/cropped-Radio_Ljubuski_logo1.jpg\",\"width\":512,\"height\":512,\"caption\":\"Radio Ljubu\u0161ki\"},\"image\":{\"@id\":\"https:\\\/\\\/radioljubuski.ba\\\/#\\\/schema\\\/logo\\\/image\\\/\"},\"sameAs\":[\"https:\\\/\\\/www.facebook.com\\\/Radiio-Ljubuski-1490835324566332\",\"https:\\\/\\\/x.com\\\/radioljubuski\",\"https:\\\/\\\/hr.linkedin.com\\\/company\\\/radio-ljubuski\",\"https:\\\/\\\/www.youtube.com\\\/channel\\\/UCHYaeO_n0Db3tjNGudGpXyw\"]},{\"@type\":\"Person\",\"@id\":\"https:\\\/\\\/radioljubuski.ba\\\/#\\\/schema\\\/person\\\/19fc700381a780f69665d7956c469e3b\",\"name\":\"Radio Ljubu\u0161ki\"}]}<\/script>\n<!-- \/ Yoast SEO plugin. -->","yoast_head_json":{"title":"Sin dvostruke osvaja\u010dice US Opena u debiju u New Yorku izbacio desetog nositelja - RADIO LJUBU\u0160KI","robots":{"index":"index","follow":"follow","max-snippet":"max-snippet:-1","max-image-preview":"max-image-preview:large","max-video-preview":"max-video-preview:-1"},"canonical":"https:\/\/radioljubuski.ba\/index.php\/2022\/08\/30\/sin-dvostruke-osvajacice-us-opena-u-debiju-u-new-yorku-izbacio-desetog-nositelja\/","og_locale":"hr_HR","og_type":"article","og_title":"Sin dvostruke osvaja\u010dice US Opena u debiju u New Yorku izbacio desetog nositelja - RADIO LJUBU\u0160KI","og_description":"Dvadeset\u010detverogodi\u0161nji Amerikanac Brandon Holt, sin dvostruke pobjednice US Opena Tracy Austin, ove godine je debitirao na zadnjem Grand Slam turniru sezone.&nbsp; Nakon uspje\u0161no odra\u0111enih kvalifikacija za koje je dobio pozivnicu budu\u0107i da zbog nedovoljno visokog plasmana na ATP ljestvici nije mogao biti pozvan u glavni turnir, Holt je nastavio s odli\u010dnim igrama i u glavnom [&hellip;]","og_url":"https:\/\/radioljubuski.ba\/index.php\/2022\/08\/30\/sin-dvostruke-osvajacice-us-opena-u-debiju-u-new-yorku-izbacio-desetog-nositelja\/","og_site_name":"RADIO LJUBU\u0160KI","article_publisher":"https:\/\/www.facebook.com\/Radiio-Ljubuski-1490835324566332","article_published_time":"2022-08-30T22:30:04+00:00","article_modified_time":"2022-08-30T22:30:05+00:00","og_image":[{"width":1000,"height":625,"url":"https:\/\/radioljubuski.ba\/wp-content\/uploads\/2022\/08\/2-2022-08-30-14-21-40-holt.jpg","type":"image\/jpeg"}],"author":"Radio Ljubu\u0161ki","twitter_card":"summary_large_image","twitter_creator":"@radioljubuski","twitter_site":"@radioljubuski","twitter_misc":{"Napisao\/la":"Radio Ljubu\u0161ki","Procijenjeno vrijeme \u010ditanja":"1 minuta"},"schema":{"@context":"https:\/\/schema.org","@graph":[{"@type":"Article","@id":"https:\/\/radioljubuski.ba\/index.php\/2022\/08\/30\/sin-dvostruke-osvajacice-us-opena-u-debiju-u-new-yorku-izbacio-desetog-nositelja\/#article","isPartOf":{"@id":"https:\/\/radioljubuski.ba\/index.php\/2022\/08\/30\/sin-dvostruke-osvajacice-us-opena-u-debiju-u-new-yorku-izbacio-desetog-nositelja\/"},"author":{"name":"Radio Ljubu\u0161ki","@id":"https:\/\/radioljubuski.ba\/#\/schema\/person\/19fc700381a780f69665d7956c469e3b"},"headline":"Sin dvostruke osvaja\u010dice US Opena u debiju u New Yorku izbacio desetog nositelja","datePublished":"2022-08-30T22:30:04+00:00","dateModified":"2022-08-30T22:30:05+00:00","mainEntityOfPage":{"@id":"https:\/\/radioljubuski.ba\/index.php\/2022\/08\/30\/sin-dvostruke-osvajacice-us-opena-u-debiju-u-new-yorku-izbacio-desetog-nositelja\/"},"wordCount":249,"publisher":{"@id":"https:\/\/radioljubuski.ba\/#organization"},"image":{"@id":"https:\/\/radioljubuski.ba\/index.php\/2022\/08\/30\/sin-dvostruke-osvajacice-us-opena-u-debiju-u-new-yorku-izbacio-desetog-nositelja\/#primaryimage"},"thumbnailUrl":"https:\/\/radioljubuski.ba\/wp-content\/uploads\/2022\/08\/2-2022-08-30-14-21-40-holt.jpg","articleSection":["\u0160port"],"inLanguage":"hr"},{"@type":"WebPage","@id":"https:\/\/radioljubuski.ba\/index.php\/2022\/08\/30\/sin-dvostruke-osvajacice-us-opena-u-debiju-u-new-yorku-izbacio-desetog-nositelja\/","url":"https:\/\/radioljubuski.ba\/index.php\/2022\/08\/30\/sin-dvostruke-osvajacice-us-opena-u-debiju-u-new-yorku-izbacio-desetog-nositelja\/","name":"Sin dvostruke osvaja\u010dice US Opena u debiju u New Yorku izbacio desetog nositelja - RADIO LJUBU\u0160KI","isPartOf":{"@id":"https:\/\/radioljubuski.ba\/#website"},"primaryImageOfPage":{"@id":"https:\/\/radioljubuski.ba\/index.php\/2022\/08\/30\/sin-dvostruke-osvajacice-us-opena-u-debiju-u-new-yorku-izbacio-desetog-nositelja\/#primaryimage"},"image":{"@id":"https:\/\/radioljubuski.ba\/index.php\/2022\/08\/30\/sin-dvostruke-osvajacice-us-opena-u-debiju-u-new-yorku-izbacio-desetog-nositelja\/#primaryimage"},"thumbnailUrl":"https:\/\/radioljubuski.ba\/wp-content\/uploads\/2022\/08\/2-2022-08-30-14-21-40-holt.jpg","datePublished":"2022-08-30T22:30:04+00:00","dateModified":"2022-08-30T22:30:05+00:00","breadcrumb":{"@id":"https:\/\/radioljubuski.ba\/index.php\/2022\/08\/30\/sin-dvostruke-osvajacice-us-opena-u-debiju-u-new-yorku-izbacio-desetog-nositelja\/#breadcrumb"},"inLanguage":"hr","potentialAction":[{"@type":"ReadAction","target":["https:\/\/radioljubuski.ba\/index.php\/2022\/08\/30\/sin-dvostruke-osvajacice-us-opena-u-debiju-u-new-yorku-izbacio-desetog-nositelja\/"]}]},{"@type":"ImageObject","inLanguage":"hr","@id":"https:\/\/radioljubuski.ba\/index.php\/2022\/08\/30\/sin-dvostruke-osvajacice-us-opena-u-debiju-u-new-yorku-izbacio-desetog-nositelja\/#primaryimage","url":"https:\/\/radioljubuski.ba\/wp-content\/uploads\/2022\/08\/2-2022-08-30-14-21-40-holt.jpg","contentUrl":"https:\/\/radioljubuski.ba\/wp-content\/uploads\/2022\/08\/2-2022-08-30-14-21-40-holt.jpg","width":1000,"height":625},{"@type":"BreadcrumbList","@id":"https:\/\/radioljubuski.ba\/index.php\/2022\/08\/30\/sin-dvostruke-osvajacice-us-opena-u-debiju-u-new-yorku-izbacio-desetog-nositelja\/#breadcrumb","itemListElement":[{"@type":"ListItem","position":1,"name":"Po\u010detna stranica","item":"https:\/\/radioljubuski.ba\/"},{"@type":"ListItem","position":2,"name":"Sin dvostruke osvaja\u010dice US Opena u debiju u New Yorku izbacio desetog nositelja"}]},{"@type":"WebSite","@id":"https:\/\/radioljubuski.ba\/#website","url":"https:\/\/radioljubuski.ba\/","name":"Radio Ljubu\u0161ki","description":"Sun\u010dana frekvencija Hercegovine","publisher":{"@id":"https:\/\/radioljubuski.ba\/#organization"},"potentialAction":[{"@type":"SearchAction","target":{"@type":"EntryPoint","urlTemplate":"https:\/\/radioljubuski.ba\/?s={search_term_string}"},"query-input":{"@type":"PropertyValueSpecification","valueRequired":true,"valueName":"search_term_string"}}],"inLanguage":"hr"},{"@type":"Organization","@id":"https:\/\/radioljubuski.ba\/#organization","name":"Radio Ljubu\u0161ki","url":"https:\/\/radioljubuski.ba\/","logo":{"@type":"ImageObject","inLanguage":"hr","@id":"https:\/\/radioljubuski.ba\/#\/schema\/logo\/image\/","url":"https:\/\/radioljubuski.ba\/wp-content\/uploads\/2021\/02\/cropped-Radio_Ljubuski_logo1.jpg","contentUrl":"https:\/\/radioljubuski.ba\/wp-content\/uploads\/2021\/02\/cropped-Radio_Ljubuski_logo1.jpg","width":512,"height":512,"caption":"Radio Ljubu\u0161ki"},"image":{"@id":"https:\/\/radioljubuski.ba\/#\/schema\/logo\/image\/"},"sameAs":["https:\/\/www.facebook.com\/Radiio-Ljubuski-1490835324566332","https:\/\/x.com\/radioljubuski","https:\/\/hr.linkedin.com\/company\/radio-ljubuski","https:\/\/www.youtube.com\/channel\/UCHYaeO_n0Db3tjNGudGpXyw"]},{"@type":"Person","@id":"https:\/\/radioljubuski.ba\/#\/schema\/person\/19fc700381a780f69665d7956c469e3b","name":"Radio Ljubu\u0161ki"}]}},"_links":{"self":[{"href":"https:\/\/radioljubuski.ba\/index.php\/wp-json\/wp\/v2\/posts\/174491","targetHints":{"allow":["GET"]}}],"collection":[{"href":"https:\/\/radioljubuski.ba\/index.php\/wp-json\/wp\/v2\/posts"}],"about":[{"href":"https:\/\/radioljubuski.ba\/index.php\/wp-json\/wp\/v2\/types\/post"}],"author":[{"embeddable":true,"href":"https:\/\/radioljubuski.ba\/index.php\/wp-json\/wp\/v2\/users\/2"}],"replies":[{"embeddable":true,"href":"https:\/\/radioljubuski.ba\/index.php\/wp-json\/wp\/v2\/comments?post=174491"}],"version-history":[{"count":1,"href":"https:\/\/radioljubuski.ba\/index.php\/wp-json\/wp\/v2\/posts\/174491\/revisions"}],"predecessor-version":[{"id":174493,"href":"https:\/\/radioljubuski.ba\/index.php\/wp-json\/wp\/v2\/posts\/174491\/revisions\/174493"}],"wp:featuredmedia":[{"embeddable":true,"href":"https:\/\/radioljubuski.ba\/index.php\/wp-json\/wp\/v2\/media\/174492"}],"wp:attachment":[{"href":"https:\/\/radioljubuski.ba\/index.php\/wp-json\/wp\/v2\/media?parent=174491"}],"wp:term":[{"taxonomy":"category","embeddable":true,"href":"https:\/\/radioljubuski.ba\/index.php\/wp-json\/wp\/v2\/categories?post=174491"},{"taxonomy":"post_tag","embeddable":true,"href":"https:\/\/radioljubuski.ba\/index.php\/wp-json\/wp\/v2\/tags?post=174491"}],"curies":[{"name":"wp","href":"https:\/\/api.w.org\/{rel}","templated":true}]}}