{"id":174907,"date":"2022-08-31T22:13:56","date_gmt":"2022-08-31T21:13:56","guid":{"rendered":"https:\/\/radioljubuski.ba\/?p=174907"},"modified":"2022-08-31T22:13:57","modified_gmt":"2022-08-31T21:13:57","slug":"bisera-turkovic-otvorila-konzulat-u-rijeci-jacanje-odnosa-s-hrvatskom","status":"publish","type":"post","link":"https:\/\/radioljubuski.ba\/index.php\/2022\/08\/31\/bisera-turkovic-otvorila-konzulat-u-rijeci-jacanje-odnosa-s-hrvatskom\/","title":{"rendered":"Bisera Turkovi\u0107 otvorila konzulat u Rijeci, ja\u010danje odnosa s Hrvatskom"},"content":{"rendered":"\n<p>Zamjenica predsjedavaju\u0107eg Vije\u0107a ministara i ministrica vanjskih poslova BiH Bisera Turkovi\u0107 zajedno sa Zlatkom Komadinom, \u017eupanom Primorsko-goranske \u017eupanije i zamjenikom gradona\u010delnika Goranom Pal\u010devskim otvorila je danas Generalni konzulat BiH u Rijeci.<\/p>\n\n\n\n<p>Sve\u010danom otvorenju su prisustvovali i predstavnici Ministarstva vanjskih i evropskih poslova Republike Hrvatske, predstavnici lokalnih vlasti, diplomatskog kora, civilnog \u017eivota iz Rijeke i vjerskih zajednica te brojni gra\u0111ani BiH koji \u017eive u ovom dijelu Hrvatske.<\/p>\n\n\n\n<p>&#8220;Danas u Rijeci s ponosom otvaramo osmi Generalni konzulat Bosne i Hercegovine i ukupno 58. diplomatsko \u2013 konzularno predstavni\u0161tvo na\u0161e dr\u017eave u svijetu. Nakon pro\u0161lotjedne sve\u010danosti u Novom Pazaru, u Republici Srbiji, kada smo otvorili Generalni konzulat, dana\u0161njim sve\u010danim \u010dinomu susjednoj Republici Hrvatskoj, nastavljamo \u0161irenje i ja\u010danje diplomatsko-konzularne mre\u017ee Bosne i Hercegovine. U toku su aktivnosti na otvaranju jo\u0161 nekoliko ambasada, \u010dime \u017eelimo oja\u010dati poziciju Bosne i Hercegovine na me\u0111unarodnoj sceni, ali i osna\u017eiti bilateralne odnose s&nbsp;prijateljskim zemljama&#8221;, poru\u010dila je ministrica Turkovi\u0107 u obra\u0107anju brojnim zvanicama.<\/p>\n\n\n\n<p>Ministrica je istakla da Bosna i Hercegovina otvaranjem novih DKP-a \u0161alje poruku da \u017eeli graditi \u010dvrste i stabilne odnose sa susjednim zemljama, na bazi uzajamnog po\u0161tovanja, uva\u017eavanja i razumijevanja.<\/p>\n\n\n\n<p>&#8220;Jedna od tih zemalja je i Hrvatska, s kojom Bosna i Hercegovina dijeli uvjerljivo&nbsp;najdu\u017eu dr\u017eavnu granicu. Dijelimo i duboke i kompleksne veze u mnogim oblastima. Hrvatska je jedan od vode\u0107ih vanjskotrgovinskih partnera i investitora u Bosni i Hercegovini, a hrvatski turisti su, po broju posjeta, jedni od vode\u0107ih u na\u0161oj zemlji. Uvjerena sam da \u0107emo otvorena pitanja vi\u0161e rje\u0161avati bilateralnim sastancima nego putem medija. Bosna i Hercegovina je, uz puno po\u0161tivanje njenih institucija, opredijeljena za ja\u010danje odnosa s&nbsp;Hrvatskom, a \u0161to potvr\u0111ujemo i dana\u0161njim otvaranjem Generalnog konzulata u Rijeci. Neka ovaj sve\u010dani dan bude dodatni impuls u unapre\u0111enju sveukupne saradnje na\u0161e dvije dr\u017eave&#8221;, dodala je ministrica Turkovi\u0107.<\/p>\n\n\n\n<p>Generalni konzulat u Rijeci \u0107e pokrivati sedam \u017eupanija, od Dubrovnika do Istre i biti od velike pomo\u0107i dr\u017eavljanima Bosne i Hercegovine, ali i svima drugima koji \u0107e se mo\u0107i obratiti za pomo\u0107 u ovom konzulatu.<\/p>\n\n\n\n<p>Izvor:pogled.ba<\/p>\n","protected":false},"excerpt":{"rendered":"<p>Zamjenica predsjedavaju\u0107eg Vije\u0107a ministara i ministrica vanjskih poslova BiH Bisera Turkovi\u0107 zajedno sa Zlatkom Komadinom, \u017eupanom Primorsko-goranske \u017eupanije i zamjenikom gradona\u010delnika Goranom Pal\u010devskim otvorila je danas Generalni konzulat BiH u Rijeci. Sve\u010danom otvorenju su prisustvovali i predstavnici Ministarstva vanjskih i evropskih poslova Republike Hrvatske, predstavnici lokalnih vlasti, diplomatskog kora, civilnog \u017eivota iz Rijeke i vjerskih [&hellip;]<\/p>\n","protected":false},"author":2,"featured_media":174908,"comment_status":"closed","ping_status":"closed","sticky":false,"template":"","format":"standard","meta":{"h5ap_radio_sources":[],"footnotes":""},"categories":[1],"tags":[],"class_list":["post-174907","post","type-post","status-publish","format-standard","has-post-thumbnail","hentry","category-bihiregija"],"yoast_head":"<!-- This site is optimized with the Yoast SEO plugin v27.5 - https:\/\/yoast.com\/product\/yoast-seo-wordpress\/ -->\n<title>Bisera Turkovi\u0107 otvorila konzulat u Rijeci, ja\u010danje odnosa s Hrvatskom - RADIO LJUBU\u0160KI<\/title>\n<meta name=\"robots\" content=\"index, follow, max-snippet:-1, max-image-preview:large, max-video-preview:-1\" \/>\n<link rel=\"canonical\" href=\"https:\/\/radioljubuski.ba\/index.php\/2022\/08\/31\/bisera-turkovic-otvorila-konzulat-u-rijeci-jacanje-odnosa-s-hrvatskom\/\" \/>\n<meta property=\"og:locale\" content=\"hr_HR\" \/>\n<meta property=\"og:type\" content=\"article\" \/>\n<meta property=\"og:title\" content=\"Bisera Turkovi\u0107 otvorila konzulat u Rijeci, ja\u010danje odnosa s Hrvatskom - RADIO LJUBU\u0160KI\" \/>\n<meta property=\"og:description\" content=\"Zamjenica predsjedavaju\u0107eg Vije\u0107a ministara i ministrica vanjskih poslova BiH Bisera Turkovi\u0107 zajedno sa Zlatkom Komadinom, \u017eupanom Primorsko-goranske \u017eupanije i zamjenikom gradona\u010delnika Goranom Pal\u010devskim otvorila je danas Generalni konzulat BiH u Rijeci. Sve\u010danom otvorenju su prisustvovali i predstavnici Ministarstva vanjskih i evropskih poslova Republike Hrvatske, predstavnici lokalnih vlasti, diplomatskog kora, civilnog \u017eivota iz Rijeke i vjerskih [&hellip;]\" \/>\n<meta property=\"og:url\" content=\"https:\/\/radioljubuski.ba\/index.php\/2022\/08\/31\/bisera-turkovic-otvorila-konzulat-u-rijeci-jacanje-odnosa-s-hrvatskom\/\" \/>\n<meta property=\"og:site_name\" content=\"RADIO LJUBU\u0160KI\" \/>\n<meta property=\"article:publisher\" content=\"https:\/\/www.facebook.com\/Radiio-Ljubuski-1490835324566332\" \/>\n<meta property=\"article:published_time\" content=\"2022-08-31T21:13:56+00:00\" \/>\n<meta property=\"article:modified_time\" content=\"2022-08-31T21:13:57+00:00\" \/>\n<meta property=\"og:image\" content=\"https:\/\/radioljubuski.ba\/wp-content\/uploads\/2022\/08\/turkovic_konzulat_rijeka_31082022.jpg\" \/>\n\t<meta property=\"og:image:width\" content=\"980\" \/>\n\t<meta property=\"og:image:height\" content=\"490\" \/>\n\t<meta property=\"og:image:type\" content=\"image\/jpeg\" \/>\n<meta name=\"author\" content=\"Radio Ljubu\u0161ki\" \/>\n<meta name=\"twitter:card\" content=\"summary_large_image\" \/>\n<meta name=\"twitter:creator\" content=\"@radioljubuski\" \/>\n<meta name=\"twitter:site\" content=\"@radioljubuski\" \/>\n<meta name=\"twitter:label1\" content=\"Napisao\/la\" \/>\n\t<meta name=\"twitter:data1\" content=\"Radio Ljubu\u0161ki\" \/>\n\t<meta name=\"twitter:label2\" content=\"Procijenjeno vrijeme \u010ditanja\" \/>\n\t<meta name=\"twitter:data2\" content=\"2 minute\" \/>\n<script type=\"application\/ld+json\" class=\"yoast-schema-graph\">{\"@context\":\"https:\\\/\\\/schema.org\",\"@graph\":[{\"@type\":\"Article\",\"@id\":\"https:\\\/\\\/radioljubuski.ba\\\/index.php\\\/2022\\\/08\\\/31\\\/bisera-turkovic-otvorila-konzulat-u-rijeci-jacanje-odnosa-s-hrvatskom\\\/#article\",\"isPartOf\":{\"@id\":\"https:\\\/\\\/radioljubuski.ba\\\/index.php\\\/2022\\\/08\\\/31\\\/bisera-turkovic-otvorila-konzulat-u-rijeci-jacanje-odnosa-s-hrvatskom\\\/\"},\"author\":{\"name\":\"Radio Ljubu\u0161ki\",\"@id\":\"https:\\\/\\\/radioljubuski.ba\\\/#\\\/schema\\\/person\\\/19fc700381a780f69665d7956c469e3b\"},\"headline\":\"Bisera Turkovi\u0107 otvorila konzulat u Rijeci, ja\u010danje odnosa s Hrvatskom\",\"datePublished\":\"2022-08-31T21:13:56+00:00\",\"dateModified\":\"2022-08-31T21:13:57+00:00\",\"mainEntityOfPage\":{\"@id\":\"https:\\\/\\\/radioljubuski.ba\\\/index.php\\\/2022\\\/08\\\/31\\\/bisera-turkovic-otvorila-konzulat-u-rijeci-jacanje-odnosa-s-hrvatskom\\\/\"},\"wordCount\":380,\"publisher\":{\"@id\":\"https:\\\/\\\/radioljubuski.ba\\\/#organization\"},\"image\":{\"@id\":\"https:\\\/\\\/radioljubuski.ba\\\/index.php\\\/2022\\\/08\\\/31\\\/bisera-turkovic-otvorila-konzulat-u-rijeci-jacanje-odnosa-s-hrvatskom\\\/#primaryimage\"},\"thumbnailUrl\":\"https:\\\/\\\/radioljubuski.ba\\\/wp-content\\\/uploads\\\/2022\\\/08\\\/turkovic_konzulat_rijeka_31082022.jpg\",\"articleSection\":[\"BIH i regija\"],\"inLanguage\":\"hr\"},{\"@type\":\"WebPage\",\"@id\":\"https:\\\/\\\/radioljubuski.ba\\\/index.php\\\/2022\\\/08\\\/31\\\/bisera-turkovic-otvorila-konzulat-u-rijeci-jacanje-odnosa-s-hrvatskom\\\/\",\"url\":\"https:\\\/\\\/radioljubuski.ba\\\/index.php\\\/2022\\\/08\\\/31\\\/bisera-turkovic-otvorila-konzulat-u-rijeci-jacanje-odnosa-s-hrvatskom\\\/\",\"name\":\"Bisera Turkovi\u0107 otvorila konzulat u Rijeci, ja\u010danje odnosa s Hrvatskom - RADIO LJUBU\u0160KI\",\"isPartOf\":{\"@id\":\"https:\\\/\\\/radioljubuski.ba\\\/#website\"},\"primaryImageOfPage\":{\"@id\":\"https:\\\/\\\/radioljubuski.ba\\\/index.php\\\/2022\\\/08\\\/31\\\/bisera-turkovic-otvorila-konzulat-u-rijeci-jacanje-odnosa-s-hrvatskom\\\/#primaryimage\"},\"image\":{\"@id\":\"https:\\\/\\\/radioljubuski.ba\\\/index.php\\\/2022\\\/08\\\/31\\\/bisera-turkovic-otvorila-konzulat-u-rijeci-jacanje-odnosa-s-hrvatskom\\\/#primaryimage\"},\"thumbnailUrl\":\"https:\\\/\\\/radioljubuski.ba\\\/wp-content\\\/uploads\\\/2022\\\/08\\\/turkovic_konzulat_rijeka_31082022.jpg\",\"datePublished\":\"2022-08-31T21:13:56+00:00\",\"dateModified\":\"2022-08-31T21:13:57+00:00\",\"breadcrumb\":{\"@id\":\"https:\\\/\\\/radioljubuski.ba\\\/index.php\\\/2022\\\/08\\\/31\\\/bisera-turkovic-otvorila-konzulat-u-rijeci-jacanje-odnosa-s-hrvatskom\\\/#breadcrumb\"},\"inLanguage\":\"hr\",\"potentialAction\":[{\"@type\":\"ReadAction\",\"target\":[\"https:\\\/\\\/radioljubuski.ba\\\/index.php\\\/2022\\\/08\\\/31\\\/bisera-turkovic-otvorila-konzulat-u-rijeci-jacanje-odnosa-s-hrvatskom\\\/\"]}]},{\"@type\":\"ImageObject\",\"inLanguage\":\"hr\",\"@id\":\"https:\\\/\\\/radioljubuski.ba\\\/index.php\\\/2022\\\/08\\\/31\\\/bisera-turkovic-otvorila-konzulat-u-rijeci-jacanje-odnosa-s-hrvatskom\\\/#primaryimage\",\"url\":\"https:\\\/\\\/radioljubuski.ba\\\/wp-content\\\/uploads\\\/2022\\\/08\\\/turkovic_konzulat_rijeka_31082022.jpg\",\"contentUrl\":\"https:\\\/\\\/radioljubuski.ba\\\/wp-content\\\/uploads\\\/2022\\\/08\\\/turkovic_konzulat_rijeka_31082022.jpg\",\"width\":980,\"height\":490},{\"@type\":\"BreadcrumbList\",\"@id\":\"https:\\\/\\\/radioljubuski.ba\\\/index.php\\\/2022\\\/08\\\/31\\\/bisera-turkovic-otvorila-konzulat-u-rijeci-jacanje-odnosa-s-hrvatskom\\\/#breadcrumb\",\"itemListElement\":[{\"@type\":\"ListItem\",\"position\":1,\"name\":\"Po\u010detna stranica\",\"item\":\"https:\\\/\\\/radioljubuski.ba\\\/\"},{\"@type\":\"ListItem\",\"position\":2,\"name\":\"Bisera Turkovi\u0107 otvorila konzulat u Rijeci, ja\u010danje odnosa s Hrvatskom\"}]},{\"@type\":\"WebSite\",\"@id\":\"https:\\\/\\\/radioljubuski.ba\\\/#website\",\"url\":\"https:\\\/\\\/radioljubuski.ba\\\/\",\"name\":\"Radio Ljubu\u0161ki\",\"description\":\"Sun\u010dana frekvencija Hercegovine\",\"publisher\":{\"@id\":\"https:\\\/\\\/radioljubuski.ba\\\/#organization\"},\"potentialAction\":[{\"@type\":\"SearchAction\",\"target\":{\"@type\":\"EntryPoint\",\"urlTemplate\":\"https:\\\/\\\/radioljubuski.ba\\\/?s={search_term_string}\"},\"query-input\":{\"@type\":\"PropertyValueSpecification\",\"valueRequired\":true,\"valueName\":\"search_term_string\"}}],\"inLanguage\":\"hr\"},{\"@type\":\"Organization\",\"@id\":\"https:\\\/\\\/radioljubuski.ba\\\/#organization\",\"name\":\"Radio Ljubu\u0161ki\",\"url\":\"https:\\\/\\\/radioljubuski.ba\\\/\",\"logo\":{\"@type\":\"ImageObject\",\"inLanguage\":\"hr\",\"@id\":\"https:\\\/\\\/radioljubuski.ba\\\/#\\\/schema\\\/logo\\\/image\\\/\",\"url\":\"https:\\\/\\\/radioljubuski.ba\\\/wp-content\\\/uploads\\\/2021\\\/02\\\/cropped-Radio_Ljubuski_logo1.jpg\",\"contentUrl\":\"https:\\\/\\\/radioljubuski.ba\\\/wp-content\\\/uploads\\\/2021\\\/02\\\/cropped-Radio_Ljubuski_logo1.jpg\",\"width\":512,\"height\":512,\"caption\":\"Radio Ljubu\u0161ki\"},\"image\":{\"@id\":\"https:\\\/\\\/radioljubuski.ba\\\/#\\\/schema\\\/logo\\\/image\\\/\"},\"sameAs\":[\"https:\\\/\\\/www.facebook.com\\\/Radiio-Ljubuski-1490835324566332\",\"https:\\\/\\\/x.com\\\/radioljubuski\",\"https:\\\/\\\/hr.linkedin.com\\\/company\\\/radio-ljubuski\",\"https:\\\/\\\/www.youtube.com\\\/channel\\\/UCHYaeO_n0Db3tjNGudGpXyw\"]},{\"@type\":\"Person\",\"@id\":\"https:\\\/\\\/radioljubuski.ba\\\/#\\\/schema\\\/person\\\/19fc700381a780f69665d7956c469e3b\",\"name\":\"Radio Ljubu\u0161ki\"}]}<\/script>\n<!-- \/ Yoast SEO plugin. -->","yoast_head_json":{"title":"Bisera Turkovi\u0107 otvorila konzulat u Rijeci, ja\u010danje odnosa s Hrvatskom - RADIO LJUBU\u0160KI","robots":{"index":"index","follow":"follow","max-snippet":"max-snippet:-1","max-image-preview":"max-image-preview:large","max-video-preview":"max-video-preview:-1"},"canonical":"https:\/\/radioljubuski.ba\/index.php\/2022\/08\/31\/bisera-turkovic-otvorila-konzulat-u-rijeci-jacanje-odnosa-s-hrvatskom\/","og_locale":"hr_HR","og_type":"article","og_title":"Bisera Turkovi\u0107 otvorila konzulat u Rijeci, ja\u010danje odnosa s Hrvatskom - RADIO LJUBU\u0160KI","og_description":"Zamjenica predsjedavaju\u0107eg Vije\u0107a ministara i ministrica vanjskih poslova BiH Bisera Turkovi\u0107 zajedno sa Zlatkom Komadinom, \u017eupanom Primorsko-goranske \u017eupanije i zamjenikom gradona\u010delnika Goranom Pal\u010devskim otvorila je danas Generalni konzulat BiH u Rijeci. Sve\u010danom otvorenju su prisustvovali i predstavnici Ministarstva vanjskih i evropskih poslova Republike Hrvatske, predstavnici lokalnih vlasti, diplomatskog kora, civilnog \u017eivota iz Rijeke i vjerskih [&hellip;]","og_url":"https:\/\/radioljubuski.ba\/index.php\/2022\/08\/31\/bisera-turkovic-otvorila-konzulat-u-rijeci-jacanje-odnosa-s-hrvatskom\/","og_site_name":"RADIO LJUBU\u0160KI","article_publisher":"https:\/\/www.facebook.com\/Radiio-Ljubuski-1490835324566332","article_published_time":"2022-08-31T21:13:56+00:00","article_modified_time":"2022-08-31T21:13:57+00:00","og_image":[{"width":980,"height":490,"url":"https:\/\/radioljubuski.ba\/wp-content\/uploads\/2022\/08\/turkovic_konzulat_rijeka_31082022.jpg","type":"image\/jpeg"}],"author":"Radio Ljubu\u0161ki","twitter_card":"summary_large_image","twitter_creator":"@radioljubuski","twitter_site":"@radioljubuski","twitter_misc":{"Napisao\/la":"Radio Ljubu\u0161ki","Procijenjeno vrijeme \u010ditanja":"2 minute"},"schema":{"@context":"https:\/\/schema.org","@graph":[{"@type":"Article","@id":"https:\/\/radioljubuski.ba\/index.php\/2022\/08\/31\/bisera-turkovic-otvorila-konzulat-u-rijeci-jacanje-odnosa-s-hrvatskom\/#article","isPartOf":{"@id":"https:\/\/radioljubuski.ba\/index.php\/2022\/08\/31\/bisera-turkovic-otvorila-konzulat-u-rijeci-jacanje-odnosa-s-hrvatskom\/"},"author":{"name":"Radio Ljubu\u0161ki","@id":"https:\/\/radioljubuski.ba\/#\/schema\/person\/19fc700381a780f69665d7956c469e3b"},"headline":"Bisera Turkovi\u0107 otvorila konzulat u Rijeci, ja\u010danje odnosa s Hrvatskom","datePublished":"2022-08-31T21:13:56+00:00","dateModified":"2022-08-31T21:13:57+00:00","mainEntityOfPage":{"@id":"https:\/\/radioljubuski.ba\/index.php\/2022\/08\/31\/bisera-turkovic-otvorila-konzulat-u-rijeci-jacanje-odnosa-s-hrvatskom\/"},"wordCount":380,"publisher":{"@id":"https:\/\/radioljubuski.ba\/#organization"},"image":{"@id":"https:\/\/radioljubuski.ba\/index.php\/2022\/08\/31\/bisera-turkovic-otvorila-konzulat-u-rijeci-jacanje-odnosa-s-hrvatskom\/#primaryimage"},"thumbnailUrl":"https:\/\/radioljubuski.ba\/wp-content\/uploads\/2022\/08\/turkovic_konzulat_rijeka_31082022.jpg","articleSection":["BIH i regija"],"inLanguage":"hr"},{"@type":"WebPage","@id":"https:\/\/radioljubuski.ba\/index.php\/2022\/08\/31\/bisera-turkovic-otvorila-konzulat-u-rijeci-jacanje-odnosa-s-hrvatskom\/","url":"https:\/\/radioljubuski.ba\/index.php\/2022\/08\/31\/bisera-turkovic-otvorila-konzulat-u-rijeci-jacanje-odnosa-s-hrvatskom\/","name":"Bisera Turkovi\u0107 otvorila konzulat u Rijeci, ja\u010danje odnosa s Hrvatskom - RADIO LJUBU\u0160KI","isPartOf":{"@id":"https:\/\/radioljubuski.ba\/#website"},"primaryImageOfPage":{"@id":"https:\/\/radioljubuski.ba\/index.php\/2022\/08\/31\/bisera-turkovic-otvorila-konzulat-u-rijeci-jacanje-odnosa-s-hrvatskom\/#primaryimage"},"image":{"@id":"https:\/\/radioljubuski.ba\/index.php\/2022\/08\/31\/bisera-turkovic-otvorila-konzulat-u-rijeci-jacanje-odnosa-s-hrvatskom\/#primaryimage"},"thumbnailUrl":"https:\/\/radioljubuski.ba\/wp-content\/uploads\/2022\/08\/turkovic_konzulat_rijeka_31082022.jpg","datePublished":"2022-08-31T21:13:56+00:00","dateModified":"2022-08-31T21:13:57+00:00","breadcrumb":{"@id":"https:\/\/radioljubuski.ba\/index.php\/2022\/08\/31\/bisera-turkovic-otvorila-konzulat-u-rijeci-jacanje-odnosa-s-hrvatskom\/#breadcrumb"},"inLanguage":"hr","potentialAction":[{"@type":"ReadAction","target":["https:\/\/radioljubuski.ba\/index.php\/2022\/08\/31\/bisera-turkovic-otvorila-konzulat-u-rijeci-jacanje-odnosa-s-hrvatskom\/"]}]},{"@type":"ImageObject","inLanguage":"hr","@id":"https:\/\/radioljubuski.ba\/index.php\/2022\/08\/31\/bisera-turkovic-otvorila-konzulat-u-rijeci-jacanje-odnosa-s-hrvatskom\/#primaryimage","url":"https:\/\/radioljubuski.ba\/wp-content\/uploads\/2022\/08\/turkovic_konzulat_rijeka_31082022.jpg","contentUrl":"https:\/\/radioljubuski.ba\/wp-content\/uploads\/2022\/08\/turkovic_konzulat_rijeka_31082022.jpg","width":980,"height":490},{"@type":"BreadcrumbList","@id":"https:\/\/radioljubuski.ba\/index.php\/2022\/08\/31\/bisera-turkovic-otvorila-konzulat-u-rijeci-jacanje-odnosa-s-hrvatskom\/#breadcrumb","itemListElement":[{"@type":"ListItem","position":1,"name":"Po\u010detna stranica","item":"https:\/\/radioljubuski.ba\/"},{"@type":"ListItem","position":2,"name":"Bisera Turkovi\u0107 otvorila konzulat u Rijeci, ja\u010danje odnosa s Hrvatskom"}]},{"@type":"WebSite","@id":"https:\/\/radioljubuski.ba\/#website","url":"https:\/\/radioljubuski.ba\/","name":"Radio Ljubu\u0161ki","description":"Sun\u010dana frekvencija Hercegovine","publisher":{"@id":"https:\/\/radioljubuski.ba\/#organization"},"potentialAction":[{"@type":"SearchAction","target":{"@type":"EntryPoint","urlTemplate":"https:\/\/radioljubuski.ba\/?s={search_term_string}"},"query-input":{"@type":"PropertyValueSpecification","valueRequired":true,"valueName":"search_term_string"}}],"inLanguage":"hr"},{"@type":"Organization","@id":"https:\/\/radioljubuski.ba\/#organization","name":"Radio Ljubu\u0161ki","url":"https:\/\/radioljubuski.ba\/","logo":{"@type":"ImageObject","inLanguage":"hr","@id":"https:\/\/radioljubuski.ba\/#\/schema\/logo\/image\/","url":"https:\/\/radioljubuski.ba\/wp-content\/uploads\/2021\/02\/cropped-Radio_Ljubuski_logo1.jpg","contentUrl":"https:\/\/radioljubuski.ba\/wp-content\/uploads\/2021\/02\/cropped-Radio_Ljubuski_logo1.jpg","width":512,"height":512,"caption":"Radio Ljubu\u0161ki"},"image":{"@id":"https:\/\/radioljubuski.ba\/#\/schema\/logo\/image\/"},"sameAs":["https:\/\/www.facebook.com\/Radiio-Ljubuski-1490835324566332","https:\/\/x.com\/radioljubuski","https:\/\/hr.linkedin.com\/company\/radio-ljubuski","https:\/\/www.youtube.com\/channel\/UCHYaeO_n0Db3tjNGudGpXyw"]},{"@type":"Person","@id":"https:\/\/radioljubuski.ba\/#\/schema\/person\/19fc700381a780f69665d7956c469e3b","name":"Radio Ljubu\u0161ki"}]}},"_links":{"self":[{"href":"https:\/\/radioljubuski.ba\/index.php\/wp-json\/wp\/v2\/posts\/174907","targetHints":{"allow":["GET"]}}],"collection":[{"href":"https:\/\/radioljubuski.ba\/index.php\/wp-json\/wp\/v2\/posts"}],"about":[{"href":"https:\/\/radioljubuski.ba\/index.php\/wp-json\/wp\/v2\/types\/post"}],"author":[{"embeddable":true,"href":"https:\/\/radioljubuski.ba\/index.php\/wp-json\/wp\/v2\/users\/2"}],"replies":[{"embeddable":true,"href":"https:\/\/radioljubuski.ba\/index.php\/wp-json\/wp\/v2\/comments?post=174907"}],"version-history":[{"count":1,"href":"https:\/\/radioljubuski.ba\/index.php\/wp-json\/wp\/v2\/posts\/174907\/revisions"}],"predecessor-version":[{"id":174909,"href":"https:\/\/radioljubuski.ba\/index.php\/wp-json\/wp\/v2\/posts\/174907\/revisions\/174909"}],"wp:featuredmedia":[{"embeddable":true,"href":"https:\/\/radioljubuski.ba\/index.php\/wp-json\/wp\/v2\/media\/174908"}],"wp:attachment":[{"href":"https:\/\/radioljubuski.ba\/index.php\/wp-json\/wp\/v2\/media?parent=174907"}],"wp:term":[{"taxonomy":"category","embeddable":true,"href":"https:\/\/radioljubuski.ba\/index.php\/wp-json\/wp\/v2\/categories?post=174907"},{"taxonomy":"post_tag","embeddable":true,"href":"https:\/\/radioljubuski.ba\/index.php\/wp-json\/wp\/v2\/tags?post=174907"}],"curies":[{"name":"wp","href":"https:\/\/api.w.org\/{rel}","templated":true}]}}