{"id":174971,"date":"2022-08-31T23:31:01","date_gmt":"2022-08-31T22:31:01","guid":{"rendered":"https:\/\/radioljubuski.ba\/?p=174971"},"modified":"2022-08-31T23:31:03","modified_gmt":"2022-08-31T22:31:03","slug":"nogometne-zvijezde-utakmicom-za-pamcenje-odat-ce-pocast-igracima-koji-su-svoj-zivot-polozili-za-domovinu","status":"publish","type":"post","link":"https:\/\/radioljubuski.ba\/index.php\/2022\/08\/31\/nogometne-zvijezde-utakmicom-za-pamcenje-odat-ce-pocast-igracima-koji-su-svoj-zivot-polozili-za-domovinu\/","title":{"rendered":"Nogometne zvijezde utakmicom za pam\u0107enje odat \u0107e po\u010dast igra\u010dima koji su svoj \u017eivot polo\u017eili za domovinu"},"content":{"rendered":"\n<p>Na 30. Memorijalnom turniru &#8220;Mladen Buneta&#8221; u petak u organizaciji Zajednice sportova grada Gospi\u0107a veterani NK Velebit zaigrat \u0107e protiv hrvatske nogometne reprezentacije za koju \u0107e nastupiti Zlatko Dali\u0107, Dra\u017een Ladi\u0107, Vedran \u0106orluka, Ivica Oli\u0107, Mario Mand\u017euki\u0107 i drugi.<\/p>\n\n\n\n<p>Kako je Hini priop\u0107io \u017eupan li\u010dko senjski Ernest Petry turnir i revijalna utakmica odigrati \u0107e se na stadionu Trupinovac u \u017dabici u \u010dast nekada\u0161njeg tajnika, trenera i kapetana Mladena Bunete, te Damira Bunete, Petra Tonkovi\u0107a i Bo\u017ee Tonkovi\u0107a, igra\u010da NK Velebita koji su 1991. godine polo\u017eili svoje \u017eivote u obrani hrvatske domovine, Gospi\u0107a, svog kluba i naselja \u017dabica.<\/p>\n\n\n\n<p>Utakmica po\u010dinje u 17:00 sati, ali \u0107e joj s po\u010detkom u 15:45 sati prethoditi odavanje po\u010dasti poginulima i to polaganje vijenaca i paljenje svije\u0107a kod spomenika poginulim braniteljima ispred mjesnog doma u \u017dabici.<\/p>\n\n\n\n<p>Nazo\u010dnima \u0107e se obratili u ime NK Velebita predsjednik Sini\u0161a Troha i tajnik Anton Buneta, gradona\u010delnik Gospi\u0107a Karlo Star\u010devi\u0107, \u017eupan Petry i predsjednik HNS-a Marijan Kusti\u0107.<\/p>\n\n\n\n<p>&#8220;HNS i na\u0161i igra\u010dki velikani prepoznali su zna\u010daj ovoga turnira te pozivaju sve ljubitelje sporta i Vatrenih da svojim prisustvom uveli\u010daju ovu nezaboravnu utakmicu kako bismo svi zajedno odali po\u010dast poginulim hrvatskim braniteljima koji su \u017eivjeli nogomet i dali ono svoje najvrednije \u2013 svoje \u017eivote u obrani hrvatske domovine&#8221;, ka\u017ee Petry.<\/p>\n\n\n\n<p>Na turniru \u0107e izme\u0111u ostalih igrati NK Velebit Benkovac i NK Velebit \u017dabica.<\/p>\n\n\n\n<p>Dnevnik.ba<\/p>\n","protected":false},"excerpt":{"rendered":"<p>Na 30. Memorijalnom turniru &#8220;Mladen Buneta&#8221; u petak u organizaciji Zajednice sportova grada Gospi\u0107a veterani NK Velebit zaigrat \u0107e protiv hrvatske nogometne reprezentacije za koju \u0107e nastupiti Zlatko Dali\u0107, Dra\u017een Ladi\u0107, Vedran \u0106orluka, Ivica Oli\u0107, Mario Mand\u017euki\u0107 i drugi. Kako je Hini priop\u0107io \u017eupan li\u010dko senjski Ernest Petry turnir i revijalna utakmica odigrati \u0107e se [&hellip;]<\/p>\n","protected":false},"author":2,"featured_media":174972,"comment_status":"closed","ping_status":"closed","sticky":false,"template":"","format":"standard","meta":{"h5ap_radio_sources":[],"footnotes":""},"categories":[7],"tags":[],"class_list":["post-174971","post","type-post","status-publish","format-standard","has-post-thumbnail","hentry","category-sport"],"yoast_head":"<!-- This site is optimized with the Yoast SEO plugin v27.5 - https:\/\/yoast.com\/product\/yoast-seo-wordpress\/ -->\n<title>Nogometne zvijezde utakmicom za pam\u0107enje odat \u0107e po\u010dast igra\u010dima koji su svoj \u017eivot polo\u017eili za domovinu - RADIO LJUBU\u0160KI<\/title>\n<meta name=\"robots\" content=\"index, follow, max-snippet:-1, max-image-preview:large, max-video-preview:-1\" \/>\n<link rel=\"canonical\" href=\"https:\/\/radioljubuski.ba\/index.php\/2022\/08\/31\/nogometne-zvijezde-utakmicom-za-pamcenje-odat-ce-pocast-igracima-koji-su-svoj-zivot-polozili-za-domovinu\/\" \/>\n<meta property=\"og:locale\" content=\"hr_HR\" \/>\n<meta property=\"og:type\" content=\"article\" \/>\n<meta property=\"og:title\" content=\"Nogometne zvijezde utakmicom za pam\u0107enje odat \u0107e po\u010dast igra\u010dima koji su svoj \u017eivot polo\u017eili za domovinu - RADIO LJUBU\u0160KI\" \/>\n<meta property=\"og:description\" content=\"Na 30. Memorijalnom turniru &#8220;Mladen Buneta&#8221; u petak u organizaciji Zajednice sportova grada Gospi\u0107a veterani NK Velebit zaigrat \u0107e protiv hrvatske nogometne reprezentacije za koju \u0107e nastupiti Zlatko Dali\u0107, Dra\u017een Ladi\u0107, Vedran \u0106orluka, Ivica Oli\u0107, Mario Mand\u017euki\u0107 i drugi. Kako je Hini priop\u0107io \u017eupan li\u010dko senjski Ernest Petry turnir i revijalna utakmica odigrati \u0107e se [&hellip;]\" \/>\n<meta property=\"og:url\" content=\"https:\/\/radioljubuski.ba\/index.php\/2022\/08\/31\/nogometne-zvijezde-utakmicom-za-pamcenje-odat-ce-pocast-igracima-koji-su-svoj-zivot-polozili-za-domovinu\/\" \/>\n<meta property=\"og:site_name\" content=\"RADIO LJUBU\u0160KI\" \/>\n<meta property=\"article:publisher\" content=\"https:\/\/www.facebook.com\/Radiio-Ljubuski-1490835324566332\" \/>\n<meta property=\"article:published_time\" content=\"2022-08-31T22:31:01+00:00\" \/>\n<meta property=\"article:modified_time\" content=\"2022-08-31T22:31:03+00:00\" \/>\n<meta property=\"og:image\" content=\"https:\/\/radioljubuski.ba\/wp-content\/uploads\/2022\/08\/o_117877_1024.jpg\" \/>\n\t<meta property=\"og:image:width\" content=\"1024\" \/>\n\t<meta property=\"og:image:height\" content=\"682\" \/>\n\t<meta property=\"og:image:type\" content=\"image\/jpeg\" \/>\n<meta name=\"author\" content=\"Radio Ljubu\u0161ki\" \/>\n<meta name=\"twitter:card\" content=\"summary_large_image\" \/>\n<meta name=\"twitter:creator\" content=\"@radioljubuski\" \/>\n<meta name=\"twitter:site\" content=\"@radioljubuski\" \/>\n<meta name=\"twitter:label1\" content=\"Napisao\/la\" \/>\n\t<meta name=\"twitter:data1\" content=\"Radio Ljubu\u0161ki\" \/>\n\t<meta name=\"twitter:label2\" content=\"Procijenjeno vrijeme \u010ditanja\" \/>\n\t<meta name=\"twitter:data2\" content=\"1 minuta\" \/>\n<script type=\"application\/ld+json\" class=\"yoast-schema-graph\">{\"@context\":\"https:\\\/\\\/schema.org\",\"@graph\":[{\"@type\":\"Article\",\"@id\":\"https:\\\/\\\/radioljubuski.ba\\\/index.php\\\/2022\\\/08\\\/31\\\/nogometne-zvijezde-utakmicom-za-pamcenje-odat-ce-pocast-igracima-koji-su-svoj-zivot-polozili-za-domovinu\\\/#article\",\"isPartOf\":{\"@id\":\"https:\\\/\\\/radioljubuski.ba\\\/index.php\\\/2022\\\/08\\\/31\\\/nogometne-zvijezde-utakmicom-za-pamcenje-odat-ce-pocast-igracima-koji-su-svoj-zivot-polozili-za-domovinu\\\/\"},\"author\":{\"name\":\"Radio Ljubu\u0161ki\",\"@id\":\"https:\\\/\\\/radioljubuski.ba\\\/#\\\/schema\\\/person\\\/19fc700381a780f69665d7956c469e3b\"},\"headline\":\"Nogometne zvijezde utakmicom za pam\u0107enje odat \u0107e po\u010dast igra\u010dima koji su svoj \u017eivot polo\u017eili za domovinu\",\"datePublished\":\"2022-08-31T22:31:01+00:00\",\"dateModified\":\"2022-08-31T22:31:03+00:00\",\"mainEntityOfPage\":{\"@id\":\"https:\\\/\\\/radioljubuski.ba\\\/index.php\\\/2022\\\/08\\\/31\\\/nogometne-zvijezde-utakmicom-za-pamcenje-odat-ce-pocast-igracima-koji-su-svoj-zivot-polozili-za-domovinu\\\/\"},\"wordCount\":265,\"publisher\":{\"@id\":\"https:\\\/\\\/radioljubuski.ba\\\/#organization\"},\"image\":{\"@id\":\"https:\\\/\\\/radioljubuski.ba\\\/index.php\\\/2022\\\/08\\\/31\\\/nogometne-zvijezde-utakmicom-za-pamcenje-odat-ce-pocast-igracima-koji-su-svoj-zivot-polozili-za-domovinu\\\/#primaryimage\"},\"thumbnailUrl\":\"https:\\\/\\\/radioljubuski.ba\\\/wp-content\\\/uploads\\\/2022\\\/08\\\/o_117877_1024.jpg\",\"articleSection\":[\"\u0160port\"],\"inLanguage\":\"hr\"},{\"@type\":\"WebPage\",\"@id\":\"https:\\\/\\\/radioljubuski.ba\\\/index.php\\\/2022\\\/08\\\/31\\\/nogometne-zvijezde-utakmicom-za-pamcenje-odat-ce-pocast-igracima-koji-su-svoj-zivot-polozili-za-domovinu\\\/\",\"url\":\"https:\\\/\\\/radioljubuski.ba\\\/index.php\\\/2022\\\/08\\\/31\\\/nogometne-zvijezde-utakmicom-za-pamcenje-odat-ce-pocast-igracima-koji-su-svoj-zivot-polozili-za-domovinu\\\/\",\"name\":\"Nogometne zvijezde utakmicom za pam\u0107enje odat \u0107e po\u010dast igra\u010dima koji su svoj \u017eivot polo\u017eili za domovinu - RADIO LJUBU\u0160KI\",\"isPartOf\":{\"@id\":\"https:\\\/\\\/radioljubuski.ba\\\/#website\"},\"primaryImageOfPage\":{\"@id\":\"https:\\\/\\\/radioljubuski.ba\\\/index.php\\\/2022\\\/08\\\/31\\\/nogometne-zvijezde-utakmicom-za-pamcenje-odat-ce-pocast-igracima-koji-su-svoj-zivot-polozili-za-domovinu\\\/#primaryimage\"},\"image\":{\"@id\":\"https:\\\/\\\/radioljubuski.ba\\\/index.php\\\/2022\\\/08\\\/31\\\/nogometne-zvijezde-utakmicom-za-pamcenje-odat-ce-pocast-igracima-koji-su-svoj-zivot-polozili-za-domovinu\\\/#primaryimage\"},\"thumbnailUrl\":\"https:\\\/\\\/radioljubuski.ba\\\/wp-content\\\/uploads\\\/2022\\\/08\\\/o_117877_1024.jpg\",\"datePublished\":\"2022-08-31T22:31:01+00:00\",\"dateModified\":\"2022-08-31T22:31:03+00:00\",\"breadcrumb\":{\"@id\":\"https:\\\/\\\/radioljubuski.ba\\\/index.php\\\/2022\\\/08\\\/31\\\/nogometne-zvijezde-utakmicom-za-pamcenje-odat-ce-pocast-igracima-koji-su-svoj-zivot-polozili-za-domovinu\\\/#breadcrumb\"},\"inLanguage\":\"hr\",\"potentialAction\":[{\"@type\":\"ReadAction\",\"target\":[\"https:\\\/\\\/radioljubuski.ba\\\/index.php\\\/2022\\\/08\\\/31\\\/nogometne-zvijezde-utakmicom-za-pamcenje-odat-ce-pocast-igracima-koji-su-svoj-zivot-polozili-za-domovinu\\\/\"]}]},{\"@type\":\"ImageObject\",\"inLanguage\":\"hr\",\"@id\":\"https:\\\/\\\/radioljubuski.ba\\\/index.php\\\/2022\\\/08\\\/31\\\/nogometne-zvijezde-utakmicom-za-pamcenje-odat-ce-pocast-igracima-koji-su-svoj-zivot-polozili-za-domovinu\\\/#primaryimage\",\"url\":\"https:\\\/\\\/radioljubuski.ba\\\/wp-content\\\/uploads\\\/2022\\\/08\\\/o_117877_1024.jpg\",\"contentUrl\":\"https:\\\/\\\/radioljubuski.ba\\\/wp-content\\\/uploads\\\/2022\\\/08\\\/o_117877_1024.jpg\",\"width\":1024,\"height\":682},{\"@type\":\"BreadcrumbList\",\"@id\":\"https:\\\/\\\/radioljubuski.ba\\\/index.php\\\/2022\\\/08\\\/31\\\/nogometne-zvijezde-utakmicom-za-pamcenje-odat-ce-pocast-igracima-koji-su-svoj-zivot-polozili-za-domovinu\\\/#breadcrumb\",\"itemListElement\":[{\"@type\":\"ListItem\",\"position\":1,\"name\":\"Po\u010detna stranica\",\"item\":\"https:\\\/\\\/radioljubuski.ba\\\/\"},{\"@type\":\"ListItem\",\"position\":2,\"name\":\"Nogometne zvijezde utakmicom za pam\u0107enje odat \u0107e po\u010dast igra\u010dima koji su svoj \u017eivot polo\u017eili za domovinu\"}]},{\"@type\":\"WebSite\",\"@id\":\"https:\\\/\\\/radioljubuski.ba\\\/#website\",\"url\":\"https:\\\/\\\/radioljubuski.ba\\\/\",\"name\":\"Radio Ljubu\u0161ki\",\"description\":\"Sun\u010dana frekvencija Hercegovine\",\"publisher\":{\"@id\":\"https:\\\/\\\/radioljubuski.ba\\\/#organization\"},\"potentialAction\":[{\"@type\":\"SearchAction\",\"target\":{\"@type\":\"EntryPoint\",\"urlTemplate\":\"https:\\\/\\\/radioljubuski.ba\\\/?s={search_term_string}\"},\"query-input\":{\"@type\":\"PropertyValueSpecification\",\"valueRequired\":true,\"valueName\":\"search_term_string\"}}],\"inLanguage\":\"hr\"},{\"@type\":\"Organization\",\"@id\":\"https:\\\/\\\/radioljubuski.ba\\\/#organization\",\"name\":\"Radio Ljubu\u0161ki\",\"url\":\"https:\\\/\\\/radioljubuski.ba\\\/\",\"logo\":{\"@type\":\"ImageObject\",\"inLanguage\":\"hr\",\"@id\":\"https:\\\/\\\/radioljubuski.ba\\\/#\\\/schema\\\/logo\\\/image\\\/\",\"url\":\"https:\\\/\\\/radioljubuski.ba\\\/wp-content\\\/uploads\\\/2021\\\/02\\\/cropped-Radio_Ljubuski_logo1.jpg\",\"contentUrl\":\"https:\\\/\\\/radioljubuski.ba\\\/wp-content\\\/uploads\\\/2021\\\/02\\\/cropped-Radio_Ljubuski_logo1.jpg\",\"width\":512,\"height\":512,\"caption\":\"Radio Ljubu\u0161ki\"},\"image\":{\"@id\":\"https:\\\/\\\/radioljubuski.ba\\\/#\\\/schema\\\/logo\\\/image\\\/\"},\"sameAs\":[\"https:\\\/\\\/www.facebook.com\\\/Radiio-Ljubuski-1490835324566332\",\"https:\\\/\\\/x.com\\\/radioljubuski\",\"https:\\\/\\\/hr.linkedin.com\\\/company\\\/radio-ljubuski\",\"https:\\\/\\\/www.youtube.com\\\/channel\\\/UCHYaeO_n0Db3tjNGudGpXyw\"]},{\"@type\":\"Person\",\"@id\":\"https:\\\/\\\/radioljubuski.ba\\\/#\\\/schema\\\/person\\\/19fc700381a780f69665d7956c469e3b\",\"name\":\"Radio Ljubu\u0161ki\"}]}<\/script>\n<!-- \/ Yoast SEO plugin. -->","yoast_head_json":{"title":"Nogometne zvijezde utakmicom za pam\u0107enje odat \u0107e po\u010dast igra\u010dima koji su svoj \u017eivot polo\u017eili za domovinu - RADIO LJUBU\u0160KI","robots":{"index":"index","follow":"follow","max-snippet":"max-snippet:-1","max-image-preview":"max-image-preview:large","max-video-preview":"max-video-preview:-1"},"canonical":"https:\/\/radioljubuski.ba\/index.php\/2022\/08\/31\/nogometne-zvijezde-utakmicom-za-pamcenje-odat-ce-pocast-igracima-koji-su-svoj-zivot-polozili-za-domovinu\/","og_locale":"hr_HR","og_type":"article","og_title":"Nogometne zvijezde utakmicom za pam\u0107enje odat \u0107e po\u010dast igra\u010dima koji su svoj \u017eivot polo\u017eili za domovinu - RADIO LJUBU\u0160KI","og_description":"Na 30. Memorijalnom turniru &#8220;Mladen Buneta&#8221; u petak u organizaciji Zajednice sportova grada Gospi\u0107a veterani NK Velebit zaigrat \u0107e protiv hrvatske nogometne reprezentacije za koju \u0107e nastupiti Zlatko Dali\u0107, Dra\u017een Ladi\u0107, Vedran \u0106orluka, Ivica Oli\u0107, Mario Mand\u017euki\u0107 i drugi. Kako je Hini priop\u0107io \u017eupan li\u010dko senjski Ernest Petry turnir i revijalna utakmica odigrati \u0107e se [&hellip;]","og_url":"https:\/\/radioljubuski.ba\/index.php\/2022\/08\/31\/nogometne-zvijezde-utakmicom-za-pamcenje-odat-ce-pocast-igracima-koji-su-svoj-zivot-polozili-za-domovinu\/","og_site_name":"RADIO LJUBU\u0160KI","article_publisher":"https:\/\/www.facebook.com\/Radiio-Ljubuski-1490835324566332","article_published_time":"2022-08-31T22:31:01+00:00","article_modified_time":"2022-08-31T22:31:03+00:00","og_image":[{"width":1024,"height":682,"url":"https:\/\/radioljubuski.ba\/wp-content\/uploads\/2022\/08\/o_117877_1024.jpg","type":"image\/jpeg"}],"author":"Radio Ljubu\u0161ki","twitter_card":"summary_large_image","twitter_creator":"@radioljubuski","twitter_site":"@radioljubuski","twitter_misc":{"Napisao\/la":"Radio Ljubu\u0161ki","Procijenjeno vrijeme \u010ditanja":"1 minuta"},"schema":{"@context":"https:\/\/schema.org","@graph":[{"@type":"Article","@id":"https:\/\/radioljubuski.ba\/index.php\/2022\/08\/31\/nogometne-zvijezde-utakmicom-za-pamcenje-odat-ce-pocast-igracima-koji-su-svoj-zivot-polozili-za-domovinu\/#article","isPartOf":{"@id":"https:\/\/radioljubuski.ba\/index.php\/2022\/08\/31\/nogometne-zvijezde-utakmicom-za-pamcenje-odat-ce-pocast-igracima-koji-su-svoj-zivot-polozili-za-domovinu\/"},"author":{"name":"Radio Ljubu\u0161ki","@id":"https:\/\/radioljubuski.ba\/#\/schema\/person\/19fc700381a780f69665d7956c469e3b"},"headline":"Nogometne zvijezde utakmicom za pam\u0107enje odat \u0107e po\u010dast igra\u010dima koji su svoj \u017eivot polo\u017eili za domovinu","datePublished":"2022-08-31T22:31:01+00:00","dateModified":"2022-08-31T22:31:03+00:00","mainEntityOfPage":{"@id":"https:\/\/radioljubuski.ba\/index.php\/2022\/08\/31\/nogometne-zvijezde-utakmicom-za-pamcenje-odat-ce-pocast-igracima-koji-su-svoj-zivot-polozili-za-domovinu\/"},"wordCount":265,"publisher":{"@id":"https:\/\/radioljubuski.ba\/#organization"},"image":{"@id":"https:\/\/radioljubuski.ba\/index.php\/2022\/08\/31\/nogometne-zvijezde-utakmicom-za-pamcenje-odat-ce-pocast-igracima-koji-su-svoj-zivot-polozili-za-domovinu\/#primaryimage"},"thumbnailUrl":"https:\/\/radioljubuski.ba\/wp-content\/uploads\/2022\/08\/o_117877_1024.jpg","articleSection":["\u0160port"],"inLanguage":"hr"},{"@type":"WebPage","@id":"https:\/\/radioljubuski.ba\/index.php\/2022\/08\/31\/nogometne-zvijezde-utakmicom-za-pamcenje-odat-ce-pocast-igracima-koji-su-svoj-zivot-polozili-za-domovinu\/","url":"https:\/\/radioljubuski.ba\/index.php\/2022\/08\/31\/nogometne-zvijezde-utakmicom-za-pamcenje-odat-ce-pocast-igracima-koji-su-svoj-zivot-polozili-za-domovinu\/","name":"Nogometne zvijezde utakmicom za pam\u0107enje odat \u0107e po\u010dast igra\u010dima koji su svoj \u017eivot polo\u017eili za domovinu - RADIO LJUBU\u0160KI","isPartOf":{"@id":"https:\/\/radioljubuski.ba\/#website"},"primaryImageOfPage":{"@id":"https:\/\/radioljubuski.ba\/index.php\/2022\/08\/31\/nogometne-zvijezde-utakmicom-za-pamcenje-odat-ce-pocast-igracima-koji-su-svoj-zivot-polozili-za-domovinu\/#primaryimage"},"image":{"@id":"https:\/\/radioljubuski.ba\/index.php\/2022\/08\/31\/nogometne-zvijezde-utakmicom-za-pamcenje-odat-ce-pocast-igracima-koji-su-svoj-zivot-polozili-za-domovinu\/#primaryimage"},"thumbnailUrl":"https:\/\/radioljubuski.ba\/wp-content\/uploads\/2022\/08\/o_117877_1024.jpg","datePublished":"2022-08-31T22:31:01+00:00","dateModified":"2022-08-31T22:31:03+00:00","breadcrumb":{"@id":"https:\/\/radioljubuski.ba\/index.php\/2022\/08\/31\/nogometne-zvijezde-utakmicom-za-pamcenje-odat-ce-pocast-igracima-koji-su-svoj-zivot-polozili-za-domovinu\/#breadcrumb"},"inLanguage":"hr","potentialAction":[{"@type":"ReadAction","target":["https:\/\/radioljubuski.ba\/index.php\/2022\/08\/31\/nogometne-zvijezde-utakmicom-za-pamcenje-odat-ce-pocast-igracima-koji-su-svoj-zivot-polozili-za-domovinu\/"]}]},{"@type":"ImageObject","inLanguage":"hr","@id":"https:\/\/radioljubuski.ba\/index.php\/2022\/08\/31\/nogometne-zvijezde-utakmicom-za-pamcenje-odat-ce-pocast-igracima-koji-su-svoj-zivot-polozili-za-domovinu\/#primaryimage","url":"https:\/\/radioljubuski.ba\/wp-content\/uploads\/2022\/08\/o_117877_1024.jpg","contentUrl":"https:\/\/radioljubuski.ba\/wp-content\/uploads\/2022\/08\/o_117877_1024.jpg","width":1024,"height":682},{"@type":"BreadcrumbList","@id":"https:\/\/radioljubuski.ba\/index.php\/2022\/08\/31\/nogometne-zvijezde-utakmicom-za-pamcenje-odat-ce-pocast-igracima-koji-su-svoj-zivot-polozili-za-domovinu\/#breadcrumb","itemListElement":[{"@type":"ListItem","position":1,"name":"Po\u010detna stranica","item":"https:\/\/radioljubuski.ba\/"},{"@type":"ListItem","position":2,"name":"Nogometne zvijezde utakmicom za pam\u0107enje odat \u0107e po\u010dast igra\u010dima koji su svoj \u017eivot polo\u017eili za domovinu"}]},{"@type":"WebSite","@id":"https:\/\/radioljubuski.ba\/#website","url":"https:\/\/radioljubuski.ba\/","name":"Radio Ljubu\u0161ki","description":"Sun\u010dana frekvencija Hercegovine","publisher":{"@id":"https:\/\/radioljubuski.ba\/#organization"},"potentialAction":[{"@type":"SearchAction","target":{"@type":"EntryPoint","urlTemplate":"https:\/\/radioljubuski.ba\/?s={search_term_string}"},"query-input":{"@type":"PropertyValueSpecification","valueRequired":true,"valueName":"search_term_string"}}],"inLanguage":"hr"},{"@type":"Organization","@id":"https:\/\/radioljubuski.ba\/#organization","name":"Radio Ljubu\u0161ki","url":"https:\/\/radioljubuski.ba\/","logo":{"@type":"ImageObject","inLanguage":"hr","@id":"https:\/\/radioljubuski.ba\/#\/schema\/logo\/image\/","url":"https:\/\/radioljubuski.ba\/wp-content\/uploads\/2021\/02\/cropped-Radio_Ljubuski_logo1.jpg","contentUrl":"https:\/\/radioljubuski.ba\/wp-content\/uploads\/2021\/02\/cropped-Radio_Ljubuski_logo1.jpg","width":512,"height":512,"caption":"Radio Ljubu\u0161ki"},"image":{"@id":"https:\/\/radioljubuski.ba\/#\/schema\/logo\/image\/"},"sameAs":["https:\/\/www.facebook.com\/Radiio-Ljubuski-1490835324566332","https:\/\/x.com\/radioljubuski","https:\/\/hr.linkedin.com\/company\/radio-ljubuski","https:\/\/www.youtube.com\/channel\/UCHYaeO_n0Db3tjNGudGpXyw"]},{"@type":"Person","@id":"https:\/\/radioljubuski.ba\/#\/schema\/person\/19fc700381a780f69665d7956c469e3b","name":"Radio Ljubu\u0161ki"}]}},"_links":{"self":[{"href":"https:\/\/radioljubuski.ba\/index.php\/wp-json\/wp\/v2\/posts\/174971","targetHints":{"allow":["GET"]}}],"collection":[{"href":"https:\/\/radioljubuski.ba\/index.php\/wp-json\/wp\/v2\/posts"}],"about":[{"href":"https:\/\/radioljubuski.ba\/index.php\/wp-json\/wp\/v2\/types\/post"}],"author":[{"embeddable":true,"href":"https:\/\/radioljubuski.ba\/index.php\/wp-json\/wp\/v2\/users\/2"}],"replies":[{"embeddable":true,"href":"https:\/\/radioljubuski.ba\/index.php\/wp-json\/wp\/v2\/comments?post=174971"}],"version-history":[{"count":1,"href":"https:\/\/radioljubuski.ba\/index.php\/wp-json\/wp\/v2\/posts\/174971\/revisions"}],"predecessor-version":[{"id":174973,"href":"https:\/\/radioljubuski.ba\/index.php\/wp-json\/wp\/v2\/posts\/174971\/revisions\/174973"}],"wp:featuredmedia":[{"embeddable":true,"href":"https:\/\/radioljubuski.ba\/index.php\/wp-json\/wp\/v2\/media\/174972"}],"wp:attachment":[{"href":"https:\/\/radioljubuski.ba\/index.php\/wp-json\/wp\/v2\/media?parent=174971"}],"wp:term":[{"taxonomy":"category","embeddable":true,"href":"https:\/\/radioljubuski.ba\/index.php\/wp-json\/wp\/v2\/categories?post=174971"},{"taxonomy":"post_tag","embeddable":true,"href":"https:\/\/radioljubuski.ba\/index.php\/wp-json\/wp\/v2\/tags?post=174971"}],"curies":[{"name":"wp","href":"https:\/\/api.w.org\/{rel}","templated":true}]}}