{"id":174977,"date":"2022-08-31T23:35:21","date_gmt":"2022-08-31T22:35:21","guid":{"rendered":"https:\/\/radioljubuski.ba\/?p=174977"},"modified":"2022-08-31T23:35:22","modified_gmt":"2022-08-31T22:35:22","slug":"spanjolka-mjesecima-pjesaci-do-jeruzalema-trenutno-odmara-u-medugorju","status":"publish","type":"post","link":"https:\/\/radioljubuski.ba\/index.php\/2022\/08\/31\/spanjolka-mjesecima-pjesaci-do-jeruzalema-trenutno-odmara-u-medugorju\/","title":{"rendered":"\u0160panjolka mjesecima pje\u0161a\u010di do Jeruzalema, trenutno odmara u Me\u0111ugorju"},"content":{"rendered":"\n<p>\u0160panjolka Carlota Valenzuela (30) od po\u010detka ove godine je na zavjetnom pje\u0161a\u010dkom hodo\u010da\u0161\u0107u prema Jeruzalemu. Ve\u0107 osam mjeseci pje\u0161a\u010di iz \u0160panjolske, a trenutno odmara u Me\u0111ugorju, nakon \u010dega nastavlja svoj put pun izazova i nepredvi\u0111enih situacija. Na hodo\u010da\u0161\u0107e dugo 6.500 kilometara odlu\u010dila se, kako ka\u017ee, zbog ljubavi prema vjeri i Bogu.<\/p>\n\n\n\n<p>Nakon osam mjeseci pje\u0161a\u010denja i pre\u0111enih 4.000 kilometara, Carlota je stigla u jedno od najve\u0107ih marijanskih sveti\u0161ta. Me\u0111ugorje je mjesto u kojem je odlu\u010dila odmoriti nekoliko dana od napornog vi\u0161emjese\u010dnog pje\u0161a\u010denja. Ka\u017ee da je ovo hodo\u010da\u0161\u0107e isklju\u010divo Bo\u017eja volja, jer je imala potrebu Bogu i vjeri dati vi\u0161e prostora u svom \u017eivotu.<\/p>\n\n\n\n<p>\u201cJa sam na pje\u0161a\u010dkom hodo\u010da\u0161\u0107u od Finisterre, to je mali grad u \u0160panjolskoj. Krenula sam iz tog mjesta jer njegovo zna\u010denje je \u2018Kraj svijeta\u2019. Moj put je zapo\u010deo 2. sije\u010dnja, idem iz \u0160panjolske do Jeruzalema, tako da je to hodo\u010da\u0161\u0107e sa kraja svijeta na po\u010detak, tamo gdje je sve krenulo\u201d, ispri\u010dala je za&nbsp;<a href=\"https:\/\/ba.n1info.com\/vijesti\/spanjolka-od-pocetka-godine-pjesaci-do-jeruzalema-sreli-smo-je-u-medjugorju\/\" target=\"_blank\" rel=\"noreferrer noopener\">N1<\/a>&nbsp;Carlota Valenzuela.<\/p>\n\n\n\n<p>Diplomirala je pravo i politi\u010dke znanosti na Sveu\u010dili\u0161tu u Madridu, a posao je napustila kako bi mogla ostvariti svoj cilj. Ostavljena joj je mogu\u0107nost povratka na posao po\u010detkom godine, me\u0111utim, Carlota ka\u017ee da jo\u0161 nema konkretan plan.<\/p>\n\n\n\n<p>\u201cNemam nikakav plan kada do\u0111em u Jeruzalem, otvorena sam prema Bo\u017ejoj volji. I ne \u017eelim praviti nikakav plan, jer ono \u0161to ja mogu zamisliti je tako malo u usporedbi s onim \u0161to Bog mo\u017ee zamisliti za mene, tako da samo nastavljam i idem naprijed otvorena prema onome \u0161to dolazi\u201d, istakla je.<\/p>\n\n\n\n<p>Dnevno pje\u0161a\u010di \u0161est do osam sati, uglavnom preferira \u0161umske puteve van gradske gu\u017eve i buke. Iako je put pun izazova, negativnih iskustava ka\u017ee nema, naprotiv u svakom mjestu do\u010dekano je srda\u010dno, a bez preno\u0107i\u0161ta nikad nije ostala.<\/p>\n\n\n\n<p>\u201cSvaki dan je druga\u010diji ali uglavnom s pje\u0161a\u010denjem kre\u0107em jako rano, zavr\u0161im pred ve\u010der, nekad ve\u0107 imam kontakt nekog u mjestu u kojem budem pa mi bude lako prona\u0107i smje\u0161taj. Nekada se jednostavno desi da kucam ljudima na vrata, a zbog toga se moji roditelji najvi\u0161e i brinu. Podr\u017eali su me i mislim da su \u010dak i ponosni, ali kao roditelji brinu da li \u0107e mi se ne\u0161to lo\u0161e desiti\u201d, dodala je Carlota Valenzuela.<\/p>\n\n\n\n<p>Nakon \u010detverodnevnog odmora u Me\u0111ugorju, Carlota nastavlja sa pje\u0161a\u010denjem, \u010deka je oko 2.000 kilometara do Jeruzalema u koji \u0107e, nada se, sti\u0107i do Bo\u017ei\u0107a.<\/p>\n\n\n\n<p>Izvor:N1<\/p>\n","protected":false},"excerpt":{"rendered":"<p>\u0160panjolka Carlota Valenzuela (30) od po\u010detka ove godine je na zavjetnom pje\u0161a\u010dkom hodo\u010da\u0161\u0107u prema Jeruzalemu. Ve\u0107 osam mjeseci pje\u0161a\u010di iz \u0160panjolske, a trenutno odmara u Me\u0111ugorju, nakon \u010dega nastavlja svoj put pun izazova i nepredvi\u0111enih situacija. Na hodo\u010da\u0161\u0107e dugo 6.500 kilometara odlu\u010dila se, kako ka\u017ee, zbog ljubavi prema vjeri i Bogu. Nakon osam mjeseci pje\u0161a\u010denja [&hellip;]<\/p>\n","protected":false},"author":2,"featured_media":174978,"comment_status":"closed","ping_status":"closed","sticky":false,"template":"","format":"standard","meta":{"h5ap_radio_sources":[],"footnotes":""},"categories":[1],"tags":[],"class_list":["post-174977","post","type-post","status-publish","format-standard","has-post-thumbnail","hentry","category-bihiregija"],"yoast_head":"<!-- This site is optimized with the Yoast SEO plugin v27.5 - https:\/\/yoast.com\/product\/yoast-seo-wordpress\/ -->\n<title>\u0160panjolka mjesecima pje\u0161a\u010di do Jeruzalema, trenutno odmara u Me\u0111ugorju - RADIO LJUBU\u0160KI<\/title>\n<meta name=\"robots\" content=\"index, follow, max-snippet:-1, max-image-preview:large, max-video-preview:-1\" \/>\n<link rel=\"canonical\" href=\"https:\/\/radioljubuski.ba\/index.php\/2022\/08\/31\/spanjolka-mjesecima-pjesaci-do-jeruzalema-trenutno-odmara-u-medugorju\/\" \/>\n<meta property=\"og:locale\" content=\"hr_HR\" \/>\n<meta property=\"og:type\" content=\"article\" \/>\n<meta property=\"og:title\" content=\"\u0160panjolka mjesecima pje\u0161a\u010di do Jeruzalema, trenutno odmara u Me\u0111ugorju - RADIO LJUBU\u0160KI\" \/>\n<meta property=\"og:description\" content=\"\u0160panjolka Carlota Valenzuela (30) od po\u010detka ove godine je na zavjetnom pje\u0161a\u010dkom hodo\u010da\u0161\u0107u prema Jeruzalemu. Ve\u0107 osam mjeseci pje\u0161a\u010di iz \u0160panjolske, a trenutno odmara u Me\u0111ugorju, nakon \u010dega nastavlja svoj put pun izazova i nepredvi\u0111enih situacija. Na hodo\u010da\u0161\u0107e dugo 6.500 kilometara odlu\u010dila se, kako ka\u017ee, zbog ljubavi prema vjeri i Bogu. Nakon osam mjeseci pje\u0161a\u010denja [&hellip;]\" \/>\n<meta property=\"og:url\" content=\"https:\/\/radioljubuski.ba\/index.php\/2022\/08\/31\/spanjolka-mjesecima-pjesaci-do-jeruzalema-trenutno-odmara-u-medugorju\/\" \/>\n<meta property=\"og:site_name\" content=\"RADIO LJUBU\u0160KI\" \/>\n<meta property=\"article:publisher\" content=\"https:\/\/www.facebook.com\/Radiio-Ljubuski-1490835324566332\" \/>\n<meta property=\"article:published_time\" content=\"2022-08-31T22:35:21+00:00\" \/>\n<meta property=\"article:modified_time\" content=\"2022-08-31T22:35:22+00:00\" \/>\n<meta property=\"og:image\" content=\"https:\/\/radioljubuski.ba\/wp-content\/uploads\/2022\/08\/8-2022-08-31-20-43-19-carlota.jpg\" \/>\n\t<meta property=\"og:image:width\" content=\"1000\" \/>\n\t<meta property=\"og:image:height\" content=\"625\" \/>\n\t<meta property=\"og:image:type\" content=\"image\/jpeg\" \/>\n<meta name=\"author\" content=\"Radio Ljubu\u0161ki\" \/>\n<meta name=\"twitter:card\" content=\"summary_large_image\" \/>\n<meta name=\"twitter:creator\" content=\"@radioljubuski\" \/>\n<meta name=\"twitter:site\" content=\"@radioljubuski\" \/>\n<meta name=\"twitter:label1\" content=\"Napisao\/la\" \/>\n\t<meta name=\"twitter:data1\" content=\"Radio Ljubu\u0161ki\" \/>\n\t<meta name=\"twitter:label2\" content=\"Procijenjeno vrijeme \u010ditanja\" \/>\n\t<meta name=\"twitter:data2\" content=\"2 minute\" \/>\n<script type=\"application\/ld+json\" class=\"yoast-schema-graph\">{\"@context\":\"https:\\\/\\\/schema.org\",\"@graph\":[{\"@type\":\"Article\",\"@id\":\"https:\\\/\\\/radioljubuski.ba\\\/index.php\\\/2022\\\/08\\\/31\\\/spanjolka-mjesecima-pjesaci-do-jeruzalema-trenutno-odmara-u-medugorju\\\/#article\",\"isPartOf\":{\"@id\":\"https:\\\/\\\/radioljubuski.ba\\\/index.php\\\/2022\\\/08\\\/31\\\/spanjolka-mjesecima-pjesaci-do-jeruzalema-trenutno-odmara-u-medugorju\\\/\"},\"author\":{\"name\":\"Radio Ljubu\u0161ki\",\"@id\":\"https:\\\/\\\/radioljubuski.ba\\\/#\\\/schema\\\/person\\\/19fc700381a780f69665d7956c469e3b\"},\"headline\":\"\u0160panjolka mjesecima pje\u0161a\u010di do Jeruzalema, trenutno odmara u Me\u0111ugorju\",\"datePublished\":\"2022-08-31T22:35:21+00:00\",\"dateModified\":\"2022-08-31T22:35:22+00:00\",\"mainEntityOfPage\":{\"@id\":\"https:\\\/\\\/radioljubuski.ba\\\/index.php\\\/2022\\\/08\\\/31\\\/spanjolka-mjesecima-pjesaci-do-jeruzalema-trenutno-odmara-u-medugorju\\\/\"},\"wordCount\":470,\"publisher\":{\"@id\":\"https:\\\/\\\/radioljubuski.ba\\\/#organization\"},\"image\":{\"@id\":\"https:\\\/\\\/radioljubuski.ba\\\/index.php\\\/2022\\\/08\\\/31\\\/spanjolka-mjesecima-pjesaci-do-jeruzalema-trenutno-odmara-u-medugorju\\\/#primaryimage\"},\"thumbnailUrl\":\"https:\\\/\\\/radioljubuski.ba\\\/wp-content\\\/uploads\\\/2022\\\/08\\\/8-2022-08-31-20-43-19-carlota.jpg\",\"articleSection\":[\"BIH i regija\"],\"inLanguage\":\"hr\"},{\"@type\":\"WebPage\",\"@id\":\"https:\\\/\\\/radioljubuski.ba\\\/index.php\\\/2022\\\/08\\\/31\\\/spanjolka-mjesecima-pjesaci-do-jeruzalema-trenutno-odmara-u-medugorju\\\/\",\"url\":\"https:\\\/\\\/radioljubuski.ba\\\/index.php\\\/2022\\\/08\\\/31\\\/spanjolka-mjesecima-pjesaci-do-jeruzalema-trenutno-odmara-u-medugorju\\\/\",\"name\":\"\u0160panjolka mjesecima pje\u0161a\u010di do Jeruzalema, trenutno odmara u Me\u0111ugorju - RADIO LJUBU\u0160KI\",\"isPartOf\":{\"@id\":\"https:\\\/\\\/radioljubuski.ba\\\/#website\"},\"primaryImageOfPage\":{\"@id\":\"https:\\\/\\\/radioljubuski.ba\\\/index.php\\\/2022\\\/08\\\/31\\\/spanjolka-mjesecima-pjesaci-do-jeruzalema-trenutno-odmara-u-medugorju\\\/#primaryimage\"},\"image\":{\"@id\":\"https:\\\/\\\/radioljubuski.ba\\\/index.php\\\/2022\\\/08\\\/31\\\/spanjolka-mjesecima-pjesaci-do-jeruzalema-trenutno-odmara-u-medugorju\\\/#primaryimage\"},\"thumbnailUrl\":\"https:\\\/\\\/radioljubuski.ba\\\/wp-content\\\/uploads\\\/2022\\\/08\\\/8-2022-08-31-20-43-19-carlota.jpg\",\"datePublished\":\"2022-08-31T22:35:21+00:00\",\"dateModified\":\"2022-08-31T22:35:22+00:00\",\"breadcrumb\":{\"@id\":\"https:\\\/\\\/radioljubuski.ba\\\/index.php\\\/2022\\\/08\\\/31\\\/spanjolka-mjesecima-pjesaci-do-jeruzalema-trenutno-odmara-u-medugorju\\\/#breadcrumb\"},\"inLanguage\":\"hr\",\"potentialAction\":[{\"@type\":\"ReadAction\",\"target\":[\"https:\\\/\\\/radioljubuski.ba\\\/index.php\\\/2022\\\/08\\\/31\\\/spanjolka-mjesecima-pjesaci-do-jeruzalema-trenutno-odmara-u-medugorju\\\/\"]}]},{\"@type\":\"ImageObject\",\"inLanguage\":\"hr\",\"@id\":\"https:\\\/\\\/radioljubuski.ba\\\/index.php\\\/2022\\\/08\\\/31\\\/spanjolka-mjesecima-pjesaci-do-jeruzalema-trenutno-odmara-u-medugorju\\\/#primaryimage\",\"url\":\"https:\\\/\\\/radioljubuski.ba\\\/wp-content\\\/uploads\\\/2022\\\/08\\\/8-2022-08-31-20-43-19-carlota.jpg\",\"contentUrl\":\"https:\\\/\\\/radioljubuski.ba\\\/wp-content\\\/uploads\\\/2022\\\/08\\\/8-2022-08-31-20-43-19-carlota.jpg\",\"width\":1000,\"height\":625},{\"@type\":\"BreadcrumbList\",\"@id\":\"https:\\\/\\\/radioljubuski.ba\\\/index.php\\\/2022\\\/08\\\/31\\\/spanjolka-mjesecima-pjesaci-do-jeruzalema-trenutno-odmara-u-medugorju\\\/#breadcrumb\",\"itemListElement\":[{\"@type\":\"ListItem\",\"position\":1,\"name\":\"Po\u010detna stranica\",\"item\":\"https:\\\/\\\/radioljubuski.ba\\\/\"},{\"@type\":\"ListItem\",\"position\":2,\"name\":\"\u0160panjolka mjesecima pje\u0161a\u010di do Jeruzalema, trenutno odmara u Me\u0111ugorju\"}]},{\"@type\":\"WebSite\",\"@id\":\"https:\\\/\\\/radioljubuski.ba\\\/#website\",\"url\":\"https:\\\/\\\/radioljubuski.ba\\\/\",\"name\":\"Radio Ljubu\u0161ki\",\"description\":\"Sun\u010dana frekvencija Hercegovine\",\"publisher\":{\"@id\":\"https:\\\/\\\/radioljubuski.ba\\\/#organization\"},\"potentialAction\":[{\"@type\":\"SearchAction\",\"target\":{\"@type\":\"EntryPoint\",\"urlTemplate\":\"https:\\\/\\\/radioljubuski.ba\\\/?s={search_term_string}\"},\"query-input\":{\"@type\":\"PropertyValueSpecification\",\"valueRequired\":true,\"valueName\":\"search_term_string\"}}],\"inLanguage\":\"hr\"},{\"@type\":\"Organization\",\"@id\":\"https:\\\/\\\/radioljubuski.ba\\\/#organization\",\"name\":\"Radio Ljubu\u0161ki\",\"url\":\"https:\\\/\\\/radioljubuski.ba\\\/\",\"logo\":{\"@type\":\"ImageObject\",\"inLanguage\":\"hr\",\"@id\":\"https:\\\/\\\/radioljubuski.ba\\\/#\\\/schema\\\/logo\\\/image\\\/\",\"url\":\"https:\\\/\\\/radioljubuski.ba\\\/wp-content\\\/uploads\\\/2021\\\/02\\\/cropped-Radio_Ljubuski_logo1.jpg\",\"contentUrl\":\"https:\\\/\\\/radioljubuski.ba\\\/wp-content\\\/uploads\\\/2021\\\/02\\\/cropped-Radio_Ljubuski_logo1.jpg\",\"width\":512,\"height\":512,\"caption\":\"Radio Ljubu\u0161ki\"},\"image\":{\"@id\":\"https:\\\/\\\/radioljubuski.ba\\\/#\\\/schema\\\/logo\\\/image\\\/\"},\"sameAs\":[\"https:\\\/\\\/www.facebook.com\\\/Radiio-Ljubuski-1490835324566332\",\"https:\\\/\\\/x.com\\\/radioljubuski\",\"https:\\\/\\\/hr.linkedin.com\\\/company\\\/radio-ljubuski\",\"https:\\\/\\\/www.youtube.com\\\/channel\\\/UCHYaeO_n0Db3tjNGudGpXyw\"]},{\"@type\":\"Person\",\"@id\":\"https:\\\/\\\/radioljubuski.ba\\\/#\\\/schema\\\/person\\\/19fc700381a780f69665d7956c469e3b\",\"name\":\"Radio Ljubu\u0161ki\"}]}<\/script>\n<!-- \/ Yoast SEO plugin. -->","yoast_head_json":{"title":"\u0160panjolka mjesecima pje\u0161a\u010di do Jeruzalema, trenutno odmara u Me\u0111ugorju - RADIO LJUBU\u0160KI","robots":{"index":"index","follow":"follow","max-snippet":"max-snippet:-1","max-image-preview":"max-image-preview:large","max-video-preview":"max-video-preview:-1"},"canonical":"https:\/\/radioljubuski.ba\/index.php\/2022\/08\/31\/spanjolka-mjesecima-pjesaci-do-jeruzalema-trenutno-odmara-u-medugorju\/","og_locale":"hr_HR","og_type":"article","og_title":"\u0160panjolka mjesecima pje\u0161a\u010di do Jeruzalema, trenutno odmara u Me\u0111ugorju - RADIO LJUBU\u0160KI","og_description":"\u0160panjolka Carlota Valenzuela (30) od po\u010detka ove godine je na zavjetnom pje\u0161a\u010dkom hodo\u010da\u0161\u0107u prema Jeruzalemu. Ve\u0107 osam mjeseci pje\u0161a\u010di iz \u0160panjolske, a trenutno odmara u Me\u0111ugorju, nakon \u010dega nastavlja svoj put pun izazova i nepredvi\u0111enih situacija. Na hodo\u010da\u0161\u0107e dugo 6.500 kilometara odlu\u010dila se, kako ka\u017ee, zbog ljubavi prema vjeri i Bogu. Nakon osam mjeseci pje\u0161a\u010denja [&hellip;]","og_url":"https:\/\/radioljubuski.ba\/index.php\/2022\/08\/31\/spanjolka-mjesecima-pjesaci-do-jeruzalema-trenutno-odmara-u-medugorju\/","og_site_name":"RADIO LJUBU\u0160KI","article_publisher":"https:\/\/www.facebook.com\/Radiio-Ljubuski-1490835324566332","article_published_time":"2022-08-31T22:35:21+00:00","article_modified_time":"2022-08-31T22:35:22+00:00","og_image":[{"width":1000,"height":625,"url":"https:\/\/radioljubuski.ba\/wp-content\/uploads\/2022\/08\/8-2022-08-31-20-43-19-carlota.jpg","type":"image\/jpeg"}],"author":"Radio Ljubu\u0161ki","twitter_card":"summary_large_image","twitter_creator":"@radioljubuski","twitter_site":"@radioljubuski","twitter_misc":{"Napisao\/la":"Radio Ljubu\u0161ki","Procijenjeno vrijeme \u010ditanja":"2 minute"},"schema":{"@context":"https:\/\/schema.org","@graph":[{"@type":"Article","@id":"https:\/\/radioljubuski.ba\/index.php\/2022\/08\/31\/spanjolka-mjesecima-pjesaci-do-jeruzalema-trenutno-odmara-u-medugorju\/#article","isPartOf":{"@id":"https:\/\/radioljubuski.ba\/index.php\/2022\/08\/31\/spanjolka-mjesecima-pjesaci-do-jeruzalema-trenutno-odmara-u-medugorju\/"},"author":{"name":"Radio Ljubu\u0161ki","@id":"https:\/\/radioljubuski.ba\/#\/schema\/person\/19fc700381a780f69665d7956c469e3b"},"headline":"\u0160panjolka mjesecima pje\u0161a\u010di do Jeruzalema, trenutno odmara u Me\u0111ugorju","datePublished":"2022-08-31T22:35:21+00:00","dateModified":"2022-08-31T22:35:22+00:00","mainEntityOfPage":{"@id":"https:\/\/radioljubuski.ba\/index.php\/2022\/08\/31\/spanjolka-mjesecima-pjesaci-do-jeruzalema-trenutno-odmara-u-medugorju\/"},"wordCount":470,"publisher":{"@id":"https:\/\/radioljubuski.ba\/#organization"},"image":{"@id":"https:\/\/radioljubuski.ba\/index.php\/2022\/08\/31\/spanjolka-mjesecima-pjesaci-do-jeruzalema-trenutno-odmara-u-medugorju\/#primaryimage"},"thumbnailUrl":"https:\/\/radioljubuski.ba\/wp-content\/uploads\/2022\/08\/8-2022-08-31-20-43-19-carlota.jpg","articleSection":["BIH i regija"],"inLanguage":"hr"},{"@type":"WebPage","@id":"https:\/\/radioljubuski.ba\/index.php\/2022\/08\/31\/spanjolka-mjesecima-pjesaci-do-jeruzalema-trenutno-odmara-u-medugorju\/","url":"https:\/\/radioljubuski.ba\/index.php\/2022\/08\/31\/spanjolka-mjesecima-pjesaci-do-jeruzalema-trenutno-odmara-u-medugorju\/","name":"\u0160panjolka mjesecima pje\u0161a\u010di do Jeruzalema, trenutno odmara u Me\u0111ugorju - RADIO LJUBU\u0160KI","isPartOf":{"@id":"https:\/\/radioljubuski.ba\/#website"},"primaryImageOfPage":{"@id":"https:\/\/radioljubuski.ba\/index.php\/2022\/08\/31\/spanjolka-mjesecima-pjesaci-do-jeruzalema-trenutno-odmara-u-medugorju\/#primaryimage"},"image":{"@id":"https:\/\/radioljubuski.ba\/index.php\/2022\/08\/31\/spanjolka-mjesecima-pjesaci-do-jeruzalema-trenutno-odmara-u-medugorju\/#primaryimage"},"thumbnailUrl":"https:\/\/radioljubuski.ba\/wp-content\/uploads\/2022\/08\/8-2022-08-31-20-43-19-carlota.jpg","datePublished":"2022-08-31T22:35:21+00:00","dateModified":"2022-08-31T22:35:22+00:00","breadcrumb":{"@id":"https:\/\/radioljubuski.ba\/index.php\/2022\/08\/31\/spanjolka-mjesecima-pjesaci-do-jeruzalema-trenutno-odmara-u-medugorju\/#breadcrumb"},"inLanguage":"hr","potentialAction":[{"@type":"ReadAction","target":["https:\/\/radioljubuski.ba\/index.php\/2022\/08\/31\/spanjolka-mjesecima-pjesaci-do-jeruzalema-trenutno-odmara-u-medugorju\/"]}]},{"@type":"ImageObject","inLanguage":"hr","@id":"https:\/\/radioljubuski.ba\/index.php\/2022\/08\/31\/spanjolka-mjesecima-pjesaci-do-jeruzalema-trenutno-odmara-u-medugorju\/#primaryimage","url":"https:\/\/radioljubuski.ba\/wp-content\/uploads\/2022\/08\/8-2022-08-31-20-43-19-carlota.jpg","contentUrl":"https:\/\/radioljubuski.ba\/wp-content\/uploads\/2022\/08\/8-2022-08-31-20-43-19-carlota.jpg","width":1000,"height":625},{"@type":"BreadcrumbList","@id":"https:\/\/radioljubuski.ba\/index.php\/2022\/08\/31\/spanjolka-mjesecima-pjesaci-do-jeruzalema-trenutno-odmara-u-medugorju\/#breadcrumb","itemListElement":[{"@type":"ListItem","position":1,"name":"Po\u010detna stranica","item":"https:\/\/radioljubuski.ba\/"},{"@type":"ListItem","position":2,"name":"\u0160panjolka mjesecima pje\u0161a\u010di do Jeruzalema, trenutno odmara u Me\u0111ugorju"}]},{"@type":"WebSite","@id":"https:\/\/radioljubuski.ba\/#website","url":"https:\/\/radioljubuski.ba\/","name":"Radio Ljubu\u0161ki","description":"Sun\u010dana frekvencija Hercegovine","publisher":{"@id":"https:\/\/radioljubuski.ba\/#organization"},"potentialAction":[{"@type":"SearchAction","target":{"@type":"EntryPoint","urlTemplate":"https:\/\/radioljubuski.ba\/?s={search_term_string}"},"query-input":{"@type":"PropertyValueSpecification","valueRequired":true,"valueName":"search_term_string"}}],"inLanguage":"hr"},{"@type":"Organization","@id":"https:\/\/radioljubuski.ba\/#organization","name":"Radio Ljubu\u0161ki","url":"https:\/\/radioljubuski.ba\/","logo":{"@type":"ImageObject","inLanguage":"hr","@id":"https:\/\/radioljubuski.ba\/#\/schema\/logo\/image\/","url":"https:\/\/radioljubuski.ba\/wp-content\/uploads\/2021\/02\/cropped-Radio_Ljubuski_logo1.jpg","contentUrl":"https:\/\/radioljubuski.ba\/wp-content\/uploads\/2021\/02\/cropped-Radio_Ljubuski_logo1.jpg","width":512,"height":512,"caption":"Radio Ljubu\u0161ki"},"image":{"@id":"https:\/\/radioljubuski.ba\/#\/schema\/logo\/image\/"},"sameAs":["https:\/\/www.facebook.com\/Radiio-Ljubuski-1490835324566332","https:\/\/x.com\/radioljubuski","https:\/\/hr.linkedin.com\/company\/radio-ljubuski","https:\/\/www.youtube.com\/channel\/UCHYaeO_n0Db3tjNGudGpXyw"]},{"@type":"Person","@id":"https:\/\/radioljubuski.ba\/#\/schema\/person\/19fc700381a780f69665d7956c469e3b","name":"Radio Ljubu\u0161ki"}]}},"_links":{"self":[{"href":"https:\/\/radioljubuski.ba\/index.php\/wp-json\/wp\/v2\/posts\/174977","targetHints":{"allow":["GET"]}}],"collection":[{"href":"https:\/\/radioljubuski.ba\/index.php\/wp-json\/wp\/v2\/posts"}],"about":[{"href":"https:\/\/radioljubuski.ba\/index.php\/wp-json\/wp\/v2\/types\/post"}],"author":[{"embeddable":true,"href":"https:\/\/radioljubuski.ba\/index.php\/wp-json\/wp\/v2\/users\/2"}],"replies":[{"embeddable":true,"href":"https:\/\/radioljubuski.ba\/index.php\/wp-json\/wp\/v2\/comments?post=174977"}],"version-history":[{"count":1,"href":"https:\/\/radioljubuski.ba\/index.php\/wp-json\/wp\/v2\/posts\/174977\/revisions"}],"predecessor-version":[{"id":174979,"href":"https:\/\/radioljubuski.ba\/index.php\/wp-json\/wp\/v2\/posts\/174977\/revisions\/174979"}],"wp:featuredmedia":[{"embeddable":true,"href":"https:\/\/radioljubuski.ba\/index.php\/wp-json\/wp\/v2\/media\/174978"}],"wp:attachment":[{"href":"https:\/\/radioljubuski.ba\/index.php\/wp-json\/wp\/v2\/media?parent=174977"}],"wp:term":[{"taxonomy":"category","embeddable":true,"href":"https:\/\/radioljubuski.ba\/index.php\/wp-json\/wp\/v2\/categories?post=174977"},{"taxonomy":"post_tag","embeddable":true,"href":"https:\/\/radioljubuski.ba\/index.php\/wp-json\/wp\/v2\/tags?post=174977"}],"curies":[{"name":"wp","href":"https:\/\/api.w.org\/{rel}","templated":true}]}}