{"id":175503,"date":"2022-09-02T12:29:22","date_gmt":"2022-09-02T11:29:22","guid":{"rendered":"https:\/\/radioljubuski.ba\/?p=175503"},"modified":"2022-09-04T17:27:53","modified_gmt":"2022-09-04T16:27:53","slug":"ljubuski-je-dobio-svoje-festivalsko-pivo","status":"publish","type":"post","link":"https:\/\/radioljubuski.ba\/index.php\/2022\/09\/02\/ljubuski-je-dobio-svoje-festivalsko-pivo\/","title":{"rendered":"Ljubu\u0161ki je dobio svoje festivalsko pivo !"},"content":{"rendered":"\n<p>Zavr\u0161ni ljetni doga\u0111aj u Ljubu\u0161kom je prvi festival piva, Ljubu\u0161ki Beer fest koji se odr\u017eava danas i sutra 2. i 3. rujna na Trgu dr. Franje Tu\u0111mana. Festival \u0107e u dva dana ponuditi najbolje iz svijeta piva , posjetitelji \u0107e imati priliku ku\u0161ati preko 40 razli\u010ditih vrsta piva, naravno uz prate\u0107u gastronomsku ponudu hrane iz kategorije street food-a , posjetiti tematske radionice,zabaviti se u fun zoni i u\u017eivati u dobroj glazbi uz koncerte skupina Rock trajanja,Ne\u0161to Izme\u0111u, Vinka \u0106emera\u0161a i grupe Talvi Tuuli te Zabranjenog pu\u0161enja.<\/p>\n\n\n\n<p><br>Festival je dobio i svoje slu\u017ebeno pivo , rije\u010d je o \u201eku\u0107nom pivu\u201c iz radionice majstora bra\u0107e Mati\u0107 Dragana, Ivana i Josipa te Ivana Ike Zadre. Festivalsko Herceg pivo dolazi u varijanti Amber i Pale Ale u dvije podvarijante. Na festivalu \u0107e predstaviti i to\u010deno pivo,a za slu\u0161atelje Radija Ljubu\u0161ki Dragan Mati\u0107 i Ivan Iko Zadro su otkrili kako je tekao proces proizvodnje, \u0161to nude posjetiteljima te kakav je osje\u0107aj predstaviti se na festivalu:<\/p>\n\n\n\n<p>\u201eRecepti su na\u0161i ali je put do njih bio doista dug. Ve\u0107 \u0161est godina se bavimo tim za sebe i svoje prijatelje, zahvalni smo Arslanu Mesihovi\u0107u koji nam je pomagao nesebi\u010dno od samog po\u010detka i prvih poku\u0161aja i vodio nas u cijelom postupku. Mo\u017eemo se pohvaliti \u010dinjenicom da nam je pivo uvijek uspjelo, nismo imali ve\u0107ih pote\u0161ko\u0107a. Konzumiramo ga godinama uz na\u0161e prijatelje, reakcije su uvijek pozitivne. Sastojci za izradu doma\u0107e pive su ina\u010de vrhunske kvalitete, pivo je stoga i neusporedivo kvalitetnije od lager piva. Usavr\u0161ili smo se s vremenom, ponosni smo \u0161to imamo priliku predstaviti se kroz festivalsko pivo i nadamo se da ne\u0107emo razo\u010darati sve one koji ga budu ku\u0161ali.<\/p>\n\n\n\n<p><br>Amber je zanimljivo pivo, bakrene boje, osje\u0107a se aroma karamele i kave kod Pale Ala dominiraju hmeljevi u dvije varijante , edicija sa zlatni \u010depom je malo gor\u010da.<\/p>\n\n\n\n<p><br>Odjednom kuhamo oko 50 litara, za \u0161to nam treba i po 5,6 sati samog kuhanja, sam postupak traje danima. Za festival smo se uistinu naradili, kako bismo stigli sve pripremiti na vrijeme.<\/p>\n\n\n\n<p><br>Osje\u0107aji su pomije\u0161ani , ponos i odgovornost , nismo o\u010dekivali da \u0107emo dogurati do festivalskog piva i biti predstavnici grada Ljubu\u0161kog. Odgovornost je velika i zahvalni smo organizatorima koji su nam ukazali povjerenje i dali priliku.Pivari koji \u0107e biti nazo\u010dni su vrhunski, imama veliko po\u0161tovanje prema njima, mo\u017eemo samo kazati kako smo dali sve od sebe, nadamo se da \u0107e to ljudi cijeniti, neka probaju i ka\u017eu kakvo im je.<br>Pozivamo sve da do\u0111u u Ljubu\u0161ki i u\u017eivaju u pivi ova dva festivalska dana .\u201c poru\u010dili su .<\/p>\n\n\n\n<figure class=\"wp-block-image size-large\"><img loading=\"lazy\" decoding=\"async\" width=\"1024\" height=\"683\" src=\"https:\/\/radioljubuski.ba\/wp-content\/uploads\/2022\/09\/DSC0228-1024x683.jpg\" alt=\"\" class=\"wp-image-175507\" srcset=\"https:\/\/radioljubuski.ba\/wp-content\/uploads\/2022\/09\/DSC0228-1024x683.jpg 1024w, https:\/\/radioljubuski.ba\/wp-content\/uploads\/2022\/09\/DSC0228-300x200.jpg 300w, https:\/\/radioljubuski.ba\/wp-content\/uploads\/2022\/09\/DSC0228-768x512.jpg 768w, https:\/\/radioljubuski.ba\/wp-content\/uploads\/2022\/09\/DSC0228-1536x1025.jpg 1536w, https:\/\/radioljubuski.ba\/wp-content\/uploads\/2022\/09\/DSC0228-2048x1367.jpg 2048w, https:\/\/radioljubuski.ba\/wp-content\/uploads\/2022\/09\/DSC0228-18x12.jpg 18w\" sizes=\"auto, (max-width: 1024px) 100vw, 1024px\" \/><\/figure>\n\n\n\n<p>U audio zapisu poslu\u0161ajte razgovor:<\/p>\n\n\n\n<figure class=\"wp-block-audio\"><audio controls src=\"https:\/\/radioljubuski.ba\/wp-content\/uploads\/2022\/09\/prvo-ljubusko-festivalsko-pivo-prestavljanje-96.mp3\"><\/audio><\/figure>\n\n\n\n<p>Bjanka Medi\u0107 \/ Radio Ljubu\u0161ki<audio src=\"https:\/\/radioljubuski.ba\/wp-content\/uploads\/2022\/08\/Nikola-Majic-izlozba-2022.mp3\"><\/p>\n","protected":false},"excerpt":{"rendered":"<p>Zavr\u0161ni ljetni doga\u0111aj u Ljubu\u0161kom je prvi festival piva, Ljubu\u0161ki Beer fest koji se odr\u017eava danas i sutra 2. i 3. rujna na Trgu dr. Franje Tu\u0111mana. Festival \u0107e u dva dana ponuditi najbolje iz svijeta piva , posjetitelji \u0107e imati priliku ku\u0161ati preko 40 razli\u010ditih vrsta piva, naravno uz prate\u0107u gastronomsku ponudu hrane iz [&hellip;]<\/p>\n","protected":false},"author":2,"featured_media":175506,"comment_status":"closed","ping_status":"closed","sticky":false,"template":"","format":"standard","meta":{"h5ap_radio_sources":[],"footnotes":""},"categories":[8],"tags":[],"class_list":["post-175503","post","type-post","status-publish","format-standard","has-post-thumbnail","hentry","category-rlj-audio"],"yoast_head":"<!-- This site is optimized with the Yoast SEO plugin v27.5 - https:\/\/yoast.com\/product\/yoast-seo-wordpress\/ -->\n<title>Ljubu\u0161ki je dobio svoje festivalsko pivo ! - RADIO LJUBU\u0160KI<\/title>\n<meta name=\"robots\" content=\"index, follow, max-snippet:-1, max-image-preview:large, max-video-preview:-1\" \/>\n<link rel=\"canonical\" href=\"https:\/\/radioljubuski.ba\/index.php\/2022\/09\/02\/ljubuski-je-dobio-svoje-festivalsko-pivo\/\" \/>\n<meta property=\"og:locale\" content=\"hr_HR\" \/>\n<meta property=\"og:type\" content=\"article\" \/>\n<meta property=\"og:title\" content=\"Ljubu\u0161ki je dobio svoje festivalsko pivo ! - RADIO LJUBU\u0160KI\" \/>\n<meta property=\"og:description\" content=\"Zavr\u0161ni ljetni doga\u0111aj u Ljubu\u0161kom je prvi festival piva, Ljubu\u0161ki Beer fest koji se odr\u017eava danas i sutra 2. i 3. rujna na Trgu dr. Franje Tu\u0111mana. Festival \u0107e u dva dana ponuditi najbolje iz svijeta piva , posjetitelji \u0107e imati priliku ku\u0161ati preko 40 razli\u010ditih vrsta piva, naravno uz prate\u0107u gastronomsku ponudu hrane iz [&hellip;]\" \/>\n<meta property=\"og:url\" content=\"https:\/\/radioljubuski.ba\/index.php\/2022\/09\/02\/ljubuski-je-dobio-svoje-festivalsko-pivo\/\" \/>\n<meta property=\"og:site_name\" content=\"RADIO LJUBU\u0160KI\" \/>\n<meta property=\"article:publisher\" content=\"https:\/\/www.facebook.com\/Radiio-Ljubuski-1490835324566332\" \/>\n<meta property=\"article:published_time\" content=\"2022-09-02T11:29:22+00:00\" \/>\n<meta property=\"article:modified_time\" content=\"2022-09-04T16:27:53+00:00\" \/>\n<meta property=\"og:image\" content=\"https:\/\/radioljubuski.ba\/wp-content\/uploads\/2022\/09\/DSC0219-1-scaled.jpg\" \/>\n\t<meta property=\"og:image:width\" content=\"2560\" \/>\n\t<meta property=\"og:image:height\" content=\"1708\" \/>\n\t<meta property=\"og:image:type\" content=\"image\/jpeg\" \/>\n<meta name=\"author\" content=\"Radio Ljubu\u0161ki\" \/>\n<meta name=\"twitter:card\" content=\"summary_large_image\" \/>\n<meta name=\"twitter:creator\" content=\"@radioljubuski\" \/>\n<meta name=\"twitter:site\" content=\"@radioljubuski\" \/>\n<meta name=\"twitter:label1\" content=\"Napisao\/la\" \/>\n\t<meta name=\"twitter:data1\" content=\"Radio Ljubu\u0161ki\" \/>\n\t<meta name=\"twitter:label2\" content=\"Procijenjeno vrijeme \u010ditanja\" \/>\n\t<meta name=\"twitter:data2\" content=\"3 minute\" \/>\n<script type=\"application\/ld+json\" class=\"yoast-schema-graph\">{\"@context\":\"https:\\\/\\\/schema.org\",\"@graph\":[{\"@type\":\"Article\",\"@id\":\"https:\\\/\\\/radioljubuski.ba\\\/index.php\\\/2022\\\/09\\\/02\\\/ljubuski-je-dobio-svoje-festivalsko-pivo\\\/#article\",\"isPartOf\":{\"@id\":\"https:\\\/\\\/radioljubuski.ba\\\/index.php\\\/2022\\\/09\\\/02\\\/ljubuski-je-dobio-svoje-festivalsko-pivo\\\/\"},\"author\":{\"name\":\"Radio Ljubu\u0161ki\",\"@id\":\"https:\\\/\\\/radioljubuski.ba\\\/#\\\/schema\\\/person\\\/19fc700381a780f69665d7956c469e3b\"},\"headline\":\"Ljubu\u0161ki je dobio svoje festivalsko pivo !\",\"datePublished\":\"2022-09-02T11:29:22+00:00\",\"dateModified\":\"2022-09-04T16:27:53+00:00\",\"mainEntityOfPage\":{\"@id\":\"https:\\\/\\\/radioljubuski.ba\\\/index.php\\\/2022\\\/09\\\/02\\\/ljubuski-je-dobio-svoje-festivalsko-pivo\\\/\"},\"wordCount\":480,\"publisher\":{\"@id\":\"https:\\\/\\\/radioljubuski.ba\\\/#organization\"},\"image\":{\"@id\":\"https:\\\/\\\/radioljubuski.ba\\\/index.php\\\/2022\\\/09\\\/02\\\/ljubuski-je-dobio-svoje-festivalsko-pivo\\\/#primaryimage\"},\"thumbnailUrl\":\"https:\\\/\\\/radioljubuski.ba\\\/wp-content\\\/uploads\\\/2022\\\/09\\\/DSC0219-1-scaled.jpg\",\"articleSection\":[\"RLJ Audio\"],\"inLanguage\":\"hr\"},{\"@type\":\"WebPage\",\"@id\":\"https:\\\/\\\/radioljubuski.ba\\\/index.php\\\/2022\\\/09\\\/02\\\/ljubuski-je-dobio-svoje-festivalsko-pivo\\\/\",\"url\":\"https:\\\/\\\/radioljubuski.ba\\\/index.php\\\/2022\\\/09\\\/02\\\/ljubuski-je-dobio-svoje-festivalsko-pivo\\\/\",\"name\":\"Ljubu\u0161ki je dobio svoje festivalsko pivo ! - RADIO LJUBU\u0160KI\",\"isPartOf\":{\"@id\":\"https:\\\/\\\/radioljubuski.ba\\\/#website\"},\"primaryImageOfPage\":{\"@id\":\"https:\\\/\\\/radioljubuski.ba\\\/index.php\\\/2022\\\/09\\\/02\\\/ljubuski-je-dobio-svoje-festivalsko-pivo\\\/#primaryimage\"},\"image\":{\"@id\":\"https:\\\/\\\/radioljubuski.ba\\\/index.php\\\/2022\\\/09\\\/02\\\/ljubuski-je-dobio-svoje-festivalsko-pivo\\\/#primaryimage\"},\"thumbnailUrl\":\"https:\\\/\\\/radioljubuski.ba\\\/wp-content\\\/uploads\\\/2022\\\/09\\\/DSC0219-1-scaled.jpg\",\"datePublished\":\"2022-09-02T11:29:22+00:00\",\"dateModified\":\"2022-09-04T16:27:53+00:00\",\"breadcrumb\":{\"@id\":\"https:\\\/\\\/radioljubuski.ba\\\/index.php\\\/2022\\\/09\\\/02\\\/ljubuski-je-dobio-svoje-festivalsko-pivo\\\/#breadcrumb\"},\"inLanguage\":\"hr\",\"potentialAction\":[{\"@type\":\"ReadAction\",\"target\":[\"https:\\\/\\\/radioljubuski.ba\\\/index.php\\\/2022\\\/09\\\/02\\\/ljubuski-je-dobio-svoje-festivalsko-pivo\\\/\"]}]},{\"@type\":\"ImageObject\",\"inLanguage\":\"hr\",\"@id\":\"https:\\\/\\\/radioljubuski.ba\\\/index.php\\\/2022\\\/09\\\/02\\\/ljubuski-je-dobio-svoje-festivalsko-pivo\\\/#primaryimage\",\"url\":\"https:\\\/\\\/radioljubuski.ba\\\/wp-content\\\/uploads\\\/2022\\\/09\\\/DSC0219-1-scaled.jpg\",\"contentUrl\":\"https:\\\/\\\/radioljubuski.ba\\\/wp-content\\\/uploads\\\/2022\\\/09\\\/DSC0219-1-scaled.jpg\",\"width\":2560,\"height\":1708},{\"@type\":\"BreadcrumbList\",\"@id\":\"https:\\\/\\\/radioljubuski.ba\\\/index.php\\\/2022\\\/09\\\/02\\\/ljubuski-je-dobio-svoje-festivalsko-pivo\\\/#breadcrumb\",\"itemListElement\":[{\"@type\":\"ListItem\",\"position\":1,\"name\":\"Po\u010detna stranica\",\"item\":\"https:\\\/\\\/radioljubuski.ba\\\/\"},{\"@type\":\"ListItem\",\"position\":2,\"name\":\"Ljubu\u0161ki je dobio svoje festivalsko pivo !\"}]},{\"@type\":\"WebSite\",\"@id\":\"https:\\\/\\\/radioljubuski.ba\\\/#website\",\"url\":\"https:\\\/\\\/radioljubuski.ba\\\/\",\"name\":\"Radio Ljubu\u0161ki\",\"description\":\"Sun\u010dana frekvencija Hercegovine\",\"publisher\":{\"@id\":\"https:\\\/\\\/radioljubuski.ba\\\/#organization\"},\"potentialAction\":[{\"@type\":\"SearchAction\",\"target\":{\"@type\":\"EntryPoint\",\"urlTemplate\":\"https:\\\/\\\/radioljubuski.ba\\\/?s={search_term_string}\"},\"query-input\":{\"@type\":\"PropertyValueSpecification\",\"valueRequired\":true,\"valueName\":\"search_term_string\"}}],\"inLanguage\":\"hr\"},{\"@type\":\"Organization\",\"@id\":\"https:\\\/\\\/radioljubuski.ba\\\/#organization\",\"name\":\"Radio Ljubu\u0161ki\",\"url\":\"https:\\\/\\\/radioljubuski.ba\\\/\",\"logo\":{\"@type\":\"ImageObject\",\"inLanguage\":\"hr\",\"@id\":\"https:\\\/\\\/radioljubuski.ba\\\/#\\\/schema\\\/logo\\\/image\\\/\",\"url\":\"https:\\\/\\\/radioljubuski.ba\\\/wp-content\\\/uploads\\\/2021\\\/02\\\/cropped-Radio_Ljubuski_logo1.jpg\",\"contentUrl\":\"https:\\\/\\\/radioljubuski.ba\\\/wp-content\\\/uploads\\\/2021\\\/02\\\/cropped-Radio_Ljubuski_logo1.jpg\",\"width\":512,\"height\":512,\"caption\":\"Radio Ljubu\u0161ki\"},\"image\":{\"@id\":\"https:\\\/\\\/radioljubuski.ba\\\/#\\\/schema\\\/logo\\\/image\\\/\"},\"sameAs\":[\"https:\\\/\\\/www.facebook.com\\\/Radiio-Ljubuski-1490835324566332\",\"https:\\\/\\\/x.com\\\/radioljubuski\",\"https:\\\/\\\/hr.linkedin.com\\\/company\\\/radio-ljubuski\",\"https:\\\/\\\/www.youtube.com\\\/channel\\\/UCHYaeO_n0Db3tjNGudGpXyw\"]},{\"@type\":\"Person\",\"@id\":\"https:\\\/\\\/radioljubuski.ba\\\/#\\\/schema\\\/person\\\/19fc700381a780f69665d7956c469e3b\",\"name\":\"Radio Ljubu\u0161ki\"}]}<\/script>\n<!-- \/ Yoast SEO plugin. -->","yoast_head_json":{"title":"Ljubu\u0161ki je dobio svoje festivalsko pivo ! - RADIO LJUBU\u0160KI","robots":{"index":"index","follow":"follow","max-snippet":"max-snippet:-1","max-image-preview":"max-image-preview:large","max-video-preview":"max-video-preview:-1"},"canonical":"https:\/\/radioljubuski.ba\/index.php\/2022\/09\/02\/ljubuski-je-dobio-svoje-festivalsko-pivo\/","og_locale":"hr_HR","og_type":"article","og_title":"Ljubu\u0161ki je dobio svoje festivalsko pivo ! - RADIO LJUBU\u0160KI","og_description":"Zavr\u0161ni ljetni doga\u0111aj u Ljubu\u0161kom je prvi festival piva, Ljubu\u0161ki Beer fest koji se odr\u017eava danas i sutra 2. i 3. rujna na Trgu dr. Franje Tu\u0111mana. Festival \u0107e u dva dana ponuditi najbolje iz svijeta piva , posjetitelji \u0107e imati priliku ku\u0161ati preko 40 razli\u010ditih vrsta piva, naravno uz prate\u0107u gastronomsku ponudu hrane iz [&hellip;]","og_url":"https:\/\/radioljubuski.ba\/index.php\/2022\/09\/02\/ljubuski-je-dobio-svoje-festivalsko-pivo\/","og_site_name":"RADIO LJUBU\u0160KI","article_publisher":"https:\/\/www.facebook.com\/Radiio-Ljubuski-1490835324566332","article_published_time":"2022-09-02T11:29:22+00:00","article_modified_time":"2022-09-04T16:27:53+00:00","og_image":[{"width":2560,"height":1708,"url":"https:\/\/radioljubuski.ba\/wp-content\/uploads\/2022\/09\/DSC0219-1-scaled.jpg","type":"image\/jpeg"}],"author":"Radio Ljubu\u0161ki","twitter_card":"summary_large_image","twitter_creator":"@radioljubuski","twitter_site":"@radioljubuski","twitter_misc":{"Napisao\/la":"Radio Ljubu\u0161ki","Procijenjeno vrijeme \u010ditanja":"3 minute"},"schema":{"@context":"https:\/\/schema.org","@graph":[{"@type":"Article","@id":"https:\/\/radioljubuski.ba\/index.php\/2022\/09\/02\/ljubuski-je-dobio-svoje-festivalsko-pivo\/#article","isPartOf":{"@id":"https:\/\/radioljubuski.ba\/index.php\/2022\/09\/02\/ljubuski-je-dobio-svoje-festivalsko-pivo\/"},"author":{"name":"Radio Ljubu\u0161ki","@id":"https:\/\/radioljubuski.ba\/#\/schema\/person\/19fc700381a780f69665d7956c469e3b"},"headline":"Ljubu\u0161ki je dobio svoje festivalsko pivo !","datePublished":"2022-09-02T11:29:22+00:00","dateModified":"2022-09-04T16:27:53+00:00","mainEntityOfPage":{"@id":"https:\/\/radioljubuski.ba\/index.php\/2022\/09\/02\/ljubuski-je-dobio-svoje-festivalsko-pivo\/"},"wordCount":480,"publisher":{"@id":"https:\/\/radioljubuski.ba\/#organization"},"image":{"@id":"https:\/\/radioljubuski.ba\/index.php\/2022\/09\/02\/ljubuski-je-dobio-svoje-festivalsko-pivo\/#primaryimage"},"thumbnailUrl":"https:\/\/radioljubuski.ba\/wp-content\/uploads\/2022\/09\/DSC0219-1-scaled.jpg","articleSection":["RLJ Audio"],"inLanguage":"hr"},{"@type":"WebPage","@id":"https:\/\/radioljubuski.ba\/index.php\/2022\/09\/02\/ljubuski-je-dobio-svoje-festivalsko-pivo\/","url":"https:\/\/radioljubuski.ba\/index.php\/2022\/09\/02\/ljubuski-je-dobio-svoje-festivalsko-pivo\/","name":"Ljubu\u0161ki je dobio svoje festivalsko pivo ! - RADIO LJUBU\u0160KI","isPartOf":{"@id":"https:\/\/radioljubuski.ba\/#website"},"primaryImageOfPage":{"@id":"https:\/\/radioljubuski.ba\/index.php\/2022\/09\/02\/ljubuski-je-dobio-svoje-festivalsko-pivo\/#primaryimage"},"image":{"@id":"https:\/\/radioljubuski.ba\/index.php\/2022\/09\/02\/ljubuski-je-dobio-svoje-festivalsko-pivo\/#primaryimage"},"thumbnailUrl":"https:\/\/radioljubuski.ba\/wp-content\/uploads\/2022\/09\/DSC0219-1-scaled.jpg","datePublished":"2022-09-02T11:29:22+00:00","dateModified":"2022-09-04T16:27:53+00:00","breadcrumb":{"@id":"https:\/\/radioljubuski.ba\/index.php\/2022\/09\/02\/ljubuski-je-dobio-svoje-festivalsko-pivo\/#breadcrumb"},"inLanguage":"hr","potentialAction":[{"@type":"ReadAction","target":["https:\/\/radioljubuski.ba\/index.php\/2022\/09\/02\/ljubuski-je-dobio-svoje-festivalsko-pivo\/"]}]},{"@type":"ImageObject","inLanguage":"hr","@id":"https:\/\/radioljubuski.ba\/index.php\/2022\/09\/02\/ljubuski-je-dobio-svoje-festivalsko-pivo\/#primaryimage","url":"https:\/\/radioljubuski.ba\/wp-content\/uploads\/2022\/09\/DSC0219-1-scaled.jpg","contentUrl":"https:\/\/radioljubuski.ba\/wp-content\/uploads\/2022\/09\/DSC0219-1-scaled.jpg","width":2560,"height":1708},{"@type":"BreadcrumbList","@id":"https:\/\/radioljubuski.ba\/index.php\/2022\/09\/02\/ljubuski-je-dobio-svoje-festivalsko-pivo\/#breadcrumb","itemListElement":[{"@type":"ListItem","position":1,"name":"Po\u010detna stranica","item":"https:\/\/radioljubuski.ba\/"},{"@type":"ListItem","position":2,"name":"Ljubu\u0161ki je dobio svoje festivalsko pivo !"}]},{"@type":"WebSite","@id":"https:\/\/radioljubuski.ba\/#website","url":"https:\/\/radioljubuski.ba\/","name":"Radio Ljubu\u0161ki","description":"Sun\u010dana frekvencija Hercegovine","publisher":{"@id":"https:\/\/radioljubuski.ba\/#organization"},"potentialAction":[{"@type":"SearchAction","target":{"@type":"EntryPoint","urlTemplate":"https:\/\/radioljubuski.ba\/?s={search_term_string}"},"query-input":{"@type":"PropertyValueSpecification","valueRequired":true,"valueName":"search_term_string"}}],"inLanguage":"hr"},{"@type":"Organization","@id":"https:\/\/radioljubuski.ba\/#organization","name":"Radio Ljubu\u0161ki","url":"https:\/\/radioljubuski.ba\/","logo":{"@type":"ImageObject","inLanguage":"hr","@id":"https:\/\/radioljubuski.ba\/#\/schema\/logo\/image\/","url":"https:\/\/radioljubuski.ba\/wp-content\/uploads\/2021\/02\/cropped-Radio_Ljubuski_logo1.jpg","contentUrl":"https:\/\/radioljubuski.ba\/wp-content\/uploads\/2021\/02\/cropped-Radio_Ljubuski_logo1.jpg","width":512,"height":512,"caption":"Radio Ljubu\u0161ki"},"image":{"@id":"https:\/\/radioljubuski.ba\/#\/schema\/logo\/image\/"},"sameAs":["https:\/\/www.facebook.com\/Radiio-Ljubuski-1490835324566332","https:\/\/x.com\/radioljubuski","https:\/\/hr.linkedin.com\/company\/radio-ljubuski","https:\/\/www.youtube.com\/channel\/UCHYaeO_n0Db3tjNGudGpXyw"]},{"@type":"Person","@id":"https:\/\/radioljubuski.ba\/#\/schema\/person\/19fc700381a780f69665d7956c469e3b","name":"Radio Ljubu\u0161ki"}]}},"_links":{"self":[{"href":"https:\/\/radioljubuski.ba\/index.php\/wp-json\/wp\/v2\/posts\/175503","targetHints":{"allow":["GET"]}}],"collection":[{"href":"https:\/\/radioljubuski.ba\/index.php\/wp-json\/wp\/v2\/posts"}],"about":[{"href":"https:\/\/radioljubuski.ba\/index.php\/wp-json\/wp\/v2\/types\/post"}],"author":[{"embeddable":true,"href":"https:\/\/radioljubuski.ba\/index.php\/wp-json\/wp\/v2\/users\/2"}],"replies":[{"embeddable":true,"href":"https:\/\/radioljubuski.ba\/index.php\/wp-json\/wp\/v2\/comments?post=175503"}],"version-history":[{"count":2,"href":"https:\/\/radioljubuski.ba\/index.php\/wp-json\/wp\/v2\/posts\/175503\/revisions"}],"predecessor-version":[{"id":175509,"href":"https:\/\/radioljubuski.ba\/index.php\/wp-json\/wp\/v2\/posts\/175503\/revisions\/175509"}],"wp:featuredmedia":[{"embeddable":true,"href":"https:\/\/radioljubuski.ba\/index.php\/wp-json\/wp\/v2\/media\/175506"}],"wp:attachment":[{"href":"https:\/\/radioljubuski.ba\/index.php\/wp-json\/wp\/v2\/media?parent=175503"}],"wp:term":[{"taxonomy":"category","embeddable":true,"href":"https:\/\/radioljubuski.ba\/index.php\/wp-json\/wp\/v2\/categories?post=175503"},{"taxonomy":"post_tag","embeddable":true,"href":"https:\/\/radioljubuski.ba\/index.php\/wp-json\/wp\/v2\/tags?post=175503"}],"curies":[{"name":"wp","href":"https:\/\/api.w.org\/{rel}","templated":true}]}}