{"id":175805,"date":"2022-09-04T00:01:21","date_gmt":"2022-09-03T23:01:21","guid":{"rendered":"https:\/\/radioljubuski.ba\/?p=175805"},"modified":"2022-09-04T00:01:23","modified_gmt":"2022-09-03T23:01:23","slug":"djecak-noa-prestao-disati-a-onda-je-uslijedila-filmska-prica-kao-da-ih-je-bog-poslao","status":"publish","type":"post","link":"https:\/\/radioljubuski.ba\/index.php\/2022\/09\/04\/djecak-noa-prestao-disati-a-onda-je-uslijedila-filmska-prica-kao-da-ih-je-bog-poslao\/","title":{"rendered":"Dje\u010dak Noa prestao disati, a onda je uslijedila filmska pri\u010da: &#8220;Kao da ih je Bog poslao&#8221;"},"content":{"rendered":"\n<p>U moru groznih i jo\u0161 gorih pri\u010da isplivala je jedna koja budi nadu kako nije sve ba\u0161 toliko o\u010dajno.<\/p>\n\n\n\n<p>Javila nam se mama S. i zamolila nas da joj pomognemo prona\u0107i \u010detiri \u017eene koje su joj, kako ka\u017ee, u najgorem trenutku \u017eivota pru\u017eile pomo\u0107, utjehu i potporu, pi\u0161e&nbsp;<a href=\"https:\/\/slobodnadalmacija.hr\/split\/splicanka-je-odvela-1-godisnjeg-sincica-na-hitnu-zbog-fibre-na-putu-doma-dozivjeli-su-dramu-na-raskrizju-je-odjednom-prestao-disati-a-onda-se-zaustavljaju-vozila-i-pocinje-filmska-prica-koja-budi-nadu-1221186\">Slobodna Dalmacija<\/a>.<\/p>\n\n\n\n<p>A pri\u010da po\u010dinje u utorak, negdje oko 19.30 sati. Malenog su Nou, tek mu je godina i pet mjeseci, mama i tata odveli na hitni dje\u010dji prijem, jer je prvi put u svojem \u017eivoti\u0107u dobio visoku tjelesnu temperaturu. Medicinari su ga pregledali, analiza krvi je pokazala kako ima virozu i poslali su ga s roditeljima ku\u0107i, da mu mama sni\u017eava temperaturu. I tek tada po\u010dinje drama&#8230;<\/p>\n\n\n\n<p>Od bolnice do Mertojaka nema niti dva kilometra, taman na raskri\u017eju pored HEP-a mi je odjednom u naru\u010dju prestao disati! Tijelo mu se gr\u010dilo i okrenuo je o\u010dima \u2013 pripovjeda nam mama S., priznaju\u0107i kako joj ta slika ne ide iz glave.<\/p>\n\n\n\n<p>Suprug E. je zaustavio vozilo, mama, onako ni \u017eiva ni mrtva \u2013 u suzama gledala kako joj djete\u0161ce ne di\u0161e, ne znaju\u0107i \u0161to da radi.<\/p>\n\n\n\n<p>I tada se zaustavljaju vozila. Redom. Iz prvog izlaze mladi\u0107i, odmah organiziraju promet oko njih. Iz drugog dotr\u010dale tri \u017eene. Jedna joj uzela dijete iz naru\u010dja, druga mobitel iz ruke. Nazvale Hitnu pomo\u0107, masirale Noi prsa, tje\u0161ile mamu i tatu. Zaustavilo se i tre\u0107e vozilo, stranih registarskih oznaka, dotr\u010dala jo\u0161 jedna \u017eena. Noa i njegovo jato an\u0111ela na sred Polji\u010dke cesta.<\/p>\n\n\n\n<p>Tri \u017eene su medicinske sestre, koje su se taman zajedno vra\u0107ale ku\u0107i nakon odra\u0111ene smjene u bolnici, \u010detvrta je medicinska sestra tako\u0111er, ali na godi\u0161njem odmoru u Lijepoj na\u0161oj&#8230;<\/p>\n\n\n\n<p>Kao da ih je Bog poslao \u2013 dodaje mama S.<\/p>\n\n\n\n<p>Onako u \u0161oku nije znala ni\u0161ta.<\/p>\n\n\n\n<p>Zagrlila me jedna od njih, tje\u0161ila me kako \u0107e sve biti u redu, topla, draga \u017eena \u2013 veli nam sa suzama, dok Noa iza njenih le\u0111a skaku\u0107e kao da se ba\u0161 ni\u0161ta dogodilo nije.<\/p>\n\n\n\n<p>Oni momci iz prvog auta su zaustavili kola hitne pomo\u0107i (triljska ekipa) koja su se vra\u0107ala sa zadatka, preko tri cestovne trake su tr\u010dali i zaustavljali vozila.<\/p>\n\n\n\n<p>Sve je bilo ko u nekom filmu \u2013 priznaje S.<\/p>\n\n\n\n<p>Odvezli ih &#8220;hitnjaci&#8221; u bolnicu, gdje su Noi dijagnosticirane febrilne konvulzije. Proveo je na odjelu eto \u010detiri puna dana i potpuno zdrav, \u010dio i veseo do\u0161ao napokon doma.<\/p>\n\n\n\n<p>Ako se \u017eene iz ove moje pri\u010de prepoznaju \u2013 molila bih da se jave redakciji (milena.budimir@slobodnadalmacija.hr), imam duboku potrebu sresti ih opet, zahvaliti im. To u onoj magli nisam uspjela. Moj suprug i ja \u017eelimo se i ovako javno zahvaliti svim tim divnim ljudima koji su nam stali i pomogli \u2013 veli nam Noina mama, dodatno hvale\u0107i ekipu na na dje\u010djoj nefrologiji i na pedijatriji.<\/p>\n\n\n\n<p>Izvor:slobodnadalmacija.hr<\/p>\n","protected":false},"excerpt":{"rendered":"<p>U moru groznih i jo\u0161 gorih pri\u010da isplivala je jedna koja budi nadu kako nije sve ba\u0161 toliko o\u010dajno. Javila nam se mama S. i zamolila nas da joj pomognemo prona\u0107i \u010detiri \u017eene koje su joj, kako ka\u017ee, u najgorem trenutku \u017eivota pru\u017eile pomo\u0107, utjehu i potporu, pi\u0161e&nbsp;Slobodna Dalmacija. A pri\u010da po\u010dinje u utorak, negdje [&hellip;]<\/p>\n","protected":false},"author":2,"featured_media":175806,"comment_status":"closed","ping_status":"closed","sticky":false,"template":"","format":"standard","meta":{"h5ap_radio_sources":[],"footnotes":""},"categories":[1],"tags":[],"class_list":["post-175805","post","type-post","status-publish","format-standard","has-post-thumbnail","hentry","category-bihiregija"],"yoast_head":"<!-- This site is optimized with the Yoast SEO plugin v27.5 - https:\/\/yoast.com\/product\/yoast-seo-wordpress\/ -->\n<title>Dje\u010dak Noa prestao disati, a onda je uslijedila filmska pri\u010da: &quot;Kao da ih je Bog poslao&quot; - RADIO LJUBU\u0160KI<\/title>\n<meta name=\"robots\" content=\"index, follow, max-snippet:-1, max-image-preview:large, max-video-preview:-1\" \/>\n<link rel=\"canonical\" href=\"https:\/\/radioljubuski.ba\/index.php\/2022\/09\/04\/djecak-noa-prestao-disati-a-onda-je-uslijedila-filmska-prica-kao-da-ih-je-bog-poslao\/\" \/>\n<meta property=\"og:locale\" content=\"hr_HR\" \/>\n<meta property=\"og:type\" content=\"article\" \/>\n<meta property=\"og:title\" content=\"Dje\u010dak Noa prestao disati, a onda je uslijedila filmska pri\u010da: &quot;Kao da ih je Bog poslao&quot; - RADIO LJUBU\u0160KI\" \/>\n<meta property=\"og:description\" content=\"U moru groznih i jo\u0161 gorih pri\u010da isplivala je jedna koja budi nadu kako nije sve ba\u0161 toliko o\u010dajno. Javila nam se mama S. i zamolila nas da joj pomognemo prona\u0107i \u010detiri \u017eene koje su joj, kako ka\u017ee, u najgorem trenutku \u017eivota pru\u017eile pomo\u0107, utjehu i potporu, pi\u0161e&nbsp;Slobodna Dalmacija. A pri\u010da po\u010dinje u utorak, negdje [&hellip;]\" \/>\n<meta property=\"og:url\" content=\"https:\/\/radioljubuski.ba\/index.php\/2022\/09\/04\/djecak-noa-prestao-disati-a-onda-je-uslijedila-filmska-prica-kao-da-ih-je-bog-poslao\/\" \/>\n<meta property=\"og:site_name\" content=\"RADIO LJUBU\u0160KI\" \/>\n<meta property=\"article:publisher\" content=\"https:\/\/www.facebook.com\/Radiio-Ljubuski-1490835324566332\" \/>\n<meta property=\"article:published_time\" content=\"2022-09-03T23:01:21+00:00\" \/>\n<meta property=\"article:modified_time\" content=\"2022-09-03T23:01:23+00:00\" \/>\n<meta property=\"og:image\" content=\"https:\/\/radioljubuski.ba\/wp-content\/uploads\/2022\/09\/8-2022-06-18-12-45-38-SPLIT-HITNA.jpg\" \/>\n\t<meta property=\"og:image:width\" content=\"1000\" \/>\n\t<meta property=\"og:image:height\" content=\"625\" \/>\n\t<meta property=\"og:image:type\" content=\"image\/jpeg\" \/>\n<meta name=\"author\" content=\"Radio Ljubu\u0161ki\" \/>\n<meta name=\"twitter:card\" content=\"summary_large_image\" \/>\n<meta name=\"twitter:creator\" content=\"@radioljubuski\" \/>\n<meta name=\"twitter:site\" content=\"@radioljubuski\" \/>\n<meta name=\"twitter:label1\" content=\"Napisao\/la\" \/>\n\t<meta name=\"twitter:data1\" content=\"Radio Ljubu\u0161ki\" \/>\n\t<meta name=\"twitter:label2\" content=\"Procijenjeno vrijeme \u010ditanja\" \/>\n\t<meta name=\"twitter:data2\" content=\"2 minute\" \/>\n<script type=\"application\/ld+json\" class=\"yoast-schema-graph\">{\"@context\":\"https:\\\/\\\/schema.org\",\"@graph\":[{\"@type\":\"Article\",\"@id\":\"https:\\\/\\\/radioljubuski.ba\\\/index.php\\\/2022\\\/09\\\/04\\\/djecak-noa-prestao-disati-a-onda-je-uslijedila-filmska-prica-kao-da-ih-je-bog-poslao\\\/#article\",\"isPartOf\":{\"@id\":\"https:\\\/\\\/radioljubuski.ba\\\/index.php\\\/2022\\\/09\\\/04\\\/djecak-noa-prestao-disati-a-onda-je-uslijedila-filmska-prica-kao-da-ih-je-bog-poslao\\\/\"},\"author\":{\"name\":\"Radio Ljubu\u0161ki\",\"@id\":\"https:\\\/\\\/radioljubuski.ba\\\/#\\\/schema\\\/person\\\/19fc700381a780f69665d7956c469e3b\"},\"headline\":\"Dje\u010dak Noa prestao disati, a onda je uslijedila filmska pri\u010da: &#8220;Kao da ih je Bog poslao&#8221;\",\"datePublished\":\"2022-09-03T23:01:21+00:00\",\"dateModified\":\"2022-09-03T23:01:23+00:00\",\"mainEntityOfPage\":{\"@id\":\"https:\\\/\\\/radioljubuski.ba\\\/index.php\\\/2022\\\/09\\\/04\\\/djecak-noa-prestao-disati-a-onda-je-uslijedila-filmska-prica-kao-da-ih-je-bog-poslao\\\/\"},\"wordCount\":517,\"publisher\":{\"@id\":\"https:\\\/\\\/radioljubuski.ba\\\/#organization\"},\"image\":{\"@id\":\"https:\\\/\\\/radioljubuski.ba\\\/index.php\\\/2022\\\/09\\\/04\\\/djecak-noa-prestao-disati-a-onda-je-uslijedila-filmska-prica-kao-da-ih-je-bog-poslao\\\/#primaryimage\"},\"thumbnailUrl\":\"https:\\\/\\\/radioljubuski.ba\\\/wp-content\\\/uploads\\\/2022\\\/09\\\/8-2022-06-18-12-45-38-SPLIT-HITNA.jpg\",\"articleSection\":[\"BIH i regija\"],\"inLanguage\":\"hr\"},{\"@type\":\"WebPage\",\"@id\":\"https:\\\/\\\/radioljubuski.ba\\\/index.php\\\/2022\\\/09\\\/04\\\/djecak-noa-prestao-disati-a-onda-je-uslijedila-filmska-prica-kao-da-ih-je-bog-poslao\\\/\",\"url\":\"https:\\\/\\\/radioljubuski.ba\\\/index.php\\\/2022\\\/09\\\/04\\\/djecak-noa-prestao-disati-a-onda-je-uslijedila-filmska-prica-kao-da-ih-je-bog-poslao\\\/\",\"name\":\"Dje\u010dak Noa prestao disati, a onda je uslijedila filmska pri\u010da: \\\"Kao da ih je Bog poslao\\\" - RADIO LJUBU\u0160KI\",\"isPartOf\":{\"@id\":\"https:\\\/\\\/radioljubuski.ba\\\/#website\"},\"primaryImageOfPage\":{\"@id\":\"https:\\\/\\\/radioljubuski.ba\\\/index.php\\\/2022\\\/09\\\/04\\\/djecak-noa-prestao-disati-a-onda-je-uslijedila-filmska-prica-kao-da-ih-je-bog-poslao\\\/#primaryimage\"},\"image\":{\"@id\":\"https:\\\/\\\/radioljubuski.ba\\\/index.php\\\/2022\\\/09\\\/04\\\/djecak-noa-prestao-disati-a-onda-je-uslijedila-filmska-prica-kao-da-ih-je-bog-poslao\\\/#primaryimage\"},\"thumbnailUrl\":\"https:\\\/\\\/radioljubuski.ba\\\/wp-content\\\/uploads\\\/2022\\\/09\\\/8-2022-06-18-12-45-38-SPLIT-HITNA.jpg\",\"datePublished\":\"2022-09-03T23:01:21+00:00\",\"dateModified\":\"2022-09-03T23:01:23+00:00\",\"breadcrumb\":{\"@id\":\"https:\\\/\\\/radioljubuski.ba\\\/index.php\\\/2022\\\/09\\\/04\\\/djecak-noa-prestao-disati-a-onda-je-uslijedila-filmska-prica-kao-da-ih-je-bog-poslao\\\/#breadcrumb\"},\"inLanguage\":\"hr\",\"potentialAction\":[{\"@type\":\"ReadAction\",\"target\":[\"https:\\\/\\\/radioljubuski.ba\\\/index.php\\\/2022\\\/09\\\/04\\\/djecak-noa-prestao-disati-a-onda-je-uslijedila-filmska-prica-kao-da-ih-je-bog-poslao\\\/\"]}]},{\"@type\":\"ImageObject\",\"inLanguage\":\"hr\",\"@id\":\"https:\\\/\\\/radioljubuski.ba\\\/index.php\\\/2022\\\/09\\\/04\\\/djecak-noa-prestao-disati-a-onda-je-uslijedila-filmska-prica-kao-da-ih-je-bog-poslao\\\/#primaryimage\",\"url\":\"https:\\\/\\\/radioljubuski.ba\\\/wp-content\\\/uploads\\\/2022\\\/09\\\/8-2022-06-18-12-45-38-SPLIT-HITNA.jpg\",\"contentUrl\":\"https:\\\/\\\/radioljubuski.ba\\\/wp-content\\\/uploads\\\/2022\\\/09\\\/8-2022-06-18-12-45-38-SPLIT-HITNA.jpg\",\"width\":1000,\"height\":625},{\"@type\":\"BreadcrumbList\",\"@id\":\"https:\\\/\\\/radioljubuski.ba\\\/index.php\\\/2022\\\/09\\\/04\\\/djecak-noa-prestao-disati-a-onda-je-uslijedila-filmska-prica-kao-da-ih-je-bog-poslao\\\/#breadcrumb\",\"itemListElement\":[{\"@type\":\"ListItem\",\"position\":1,\"name\":\"Po\u010detna stranica\",\"item\":\"https:\\\/\\\/radioljubuski.ba\\\/\"},{\"@type\":\"ListItem\",\"position\":2,\"name\":\"Dje\u010dak Noa prestao disati, a onda je uslijedila filmska pri\u010da: &#8220;Kao da ih je Bog poslao&#8221;\"}]},{\"@type\":\"WebSite\",\"@id\":\"https:\\\/\\\/radioljubuski.ba\\\/#website\",\"url\":\"https:\\\/\\\/radioljubuski.ba\\\/\",\"name\":\"Radio Ljubu\u0161ki\",\"description\":\"Sun\u010dana frekvencija Hercegovine\",\"publisher\":{\"@id\":\"https:\\\/\\\/radioljubuski.ba\\\/#organization\"},\"potentialAction\":[{\"@type\":\"SearchAction\",\"target\":{\"@type\":\"EntryPoint\",\"urlTemplate\":\"https:\\\/\\\/radioljubuski.ba\\\/?s={search_term_string}\"},\"query-input\":{\"@type\":\"PropertyValueSpecification\",\"valueRequired\":true,\"valueName\":\"search_term_string\"}}],\"inLanguage\":\"hr\"},{\"@type\":\"Organization\",\"@id\":\"https:\\\/\\\/radioljubuski.ba\\\/#organization\",\"name\":\"Radio Ljubu\u0161ki\",\"url\":\"https:\\\/\\\/radioljubuski.ba\\\/\",\"logo\":{\"@type\":\"ImageObject\",\"inLanguage\":\"hr\",\"@id\":\"https:\\\/\\\/radioljubuski.ba\\\/#\\\/schema\\\/logo\\\/image\\\/\",\"url\":\"https:\\\/\\\/radioljubuski.ba\\\/wp-content\\\/uploads\\\/2021\\\/02\\\/cropped-Radio_Ljubuski_logo1.jpg\",\"contentUrl\":\"https:\\\/\\\/radioljubuski.ba\\\/wp-content\\\/uploads\\\/2021\\\/02\\\/cropped-Radio_Ljubuski_logo1.jpg\",\"width\":512,\"height\":512,\"caption\":\"Radio Ljubu\u0161ki\"},\"image\":{\"@id\":\"https:\\\/\\\/radioljubuski.ba\\\/#\\\/schema\\\/logo\\\/image\\\/\"},\"sameAs\":[\"https:\\\/\\\/www.facebook.com\\\/Radiio-Ljubuski-1490835324566332\",\"https:\\\/\\\/x.com\\\/radioljubuski\",\"https:\\\/\\\/hr.linkedin.com\\\/company\\\/radio-ljubuski\",\"https:\\\/\\\/www.youtube.com\\\/channel\\\/UCHYaeO_n0Db3tjNGudGpXyw\"]},{\"@type\":\"Person\",\"@id\":\"https:\\\/\\\/radioljubuski.ba\\\/#\\\/schema\\\/person\\\/19fc700381a780f69665d7956c469e3b\",\"name\":\"Radio Ljubu\u0161ki\"}]}<\/script>\n<!-- \/ Yoast SEO plugin. -->","yoast_head_json":{"title":"Dje\u010dak Noa prestao disati, a onda je uslijedila filmska pri\u010da: \"Kao da ih je Bog poslao\" - RADIO LJUBU\u0160KI","robots":{"index":"index","follow":"follow","max-snippet":"max-snippet:-1","max-image-preview":"max-image-preview:large","max-video-preview":"max-video-preview:-1"},"canonical":"https:\/\/radioljubuski.ba\/index.php\/2022\/09\/04\/djecak-noa-prestao-disati-a-onda-je-uslijedila-filmska-prica-kao-da-ih-je-bog-poslao\/","og_locale":"hr_HR","og_type":"article","og_title":"Dje\u010dak Noa prestao disati, a onda je uslijedila filmska pri\u010da: \"Kao da ih je Bog poslao\" - RADIO LJUBU\u0160KI","og_description":"U moru groznih i jo\u0161 gorih pri\u010da isplivala je jedna koja budi nadu kako nije sve ba\u0161 toliko o\u010dajno. Javila nam se mama S. i zamolila nas da joj pomognemo prona\u0107i \u010detiri \u017eene koje su joj, kako ka\u017ee, u najgorem trenutku \u017eivota pru\u017eile pomo\u0107, utjehu i potporu, pi\u0161e&nbsp;Slobodna Dalmacija. A pri\u010da po\u010dinje u utorak, negdje [&hellip;]","og_url":"https:\/\/radioljubuski.ba\/index.php\/2022\/09\/04\/djecak-noa-prestao-disati-a-onda-je-uslijedila-filmska-prica-kao-da-ih-je-bog-poslao\/","og_site_name":"RADIO LJUBU\u0160KI","article_publisher":"https:\/\/www.facebook.com\/Radiio-Ljubuski-1490835324566332","article_published_time":"2022-09-03T23:01:21+00:00","article_modified_time":"2022-09-03T23:01:23+00:00","og_image":[{"width":1000,"height":625,"url":"https:\/\/radioljubuski.ba\/wp-content\/uploads\/2022\/09\/8-2022-06-18-12-45-38-SPLIT-HITNA.jpg","type":"image\/jpeg"}],"author":"Radio Ljubu\u0161ki","twitter_card":"summary_large_image","twitter_creator":"@radioljubuski","twitter_site":"@radioljubuski","twitter_misc":{"Napisao\/la":"Radio Ljubu\u0161ki","Procijenjeno vrijeme \u010ditanja":"2 minute"},"schema":{"@context":"https:\/\/schema.org","@graph":[{"@type":"Article","@id":"https:\/\/radioljubuski.ba\/index.php\/2022\/09\/04\/djecak-noa-prestao-disati-a-onda-je-uslijedila-filmska-prica-kao-da-ih-je-bog-poslao\/#article","isPartOf":{"@id":"https:\/\/radioljubuski.ba\/index.php\/2022\/09\/04\/djecak-noa-prestao-disati-a-onda-je-uslijedila-filmska-prica-kao-da-ih-je-bog-poslao\/"},"author":{"name":"Radio Ljubu\u0161ki","@id":"https:\/\/radioljubuski.ba\/#\/schema\/person\/19fc700381a780f69665d7956c469e3b"},"headline":"Dje\u010dak Noa prestao disati, a onda je uslijedila filmska pri\u010da: &#8220;Kao da ih je Bog poslao&#8221;","datePublished":"2022-09-03T23:01:21+00:00","dateModified":"2022-09-03T23:01:23+00:00","mainEntityOfPage":{"@id":"https:\/\/radioljubuski.ba\/index.php\/2022\/09\/04\/djecak-noa-prestao-disati-a-onda-je-uslijedila-filmska-prica-kao-da-ih-je-bog-poslao\/"},"wordCount":517,"publisher":{"@id":"https:\/\/radioljubuski.ba\/#organization"},"image":{"@id":"https:\/\/radioljubuski.ba\/index.php\/2022\/09\/04\/djecak-noa-prestao-disati-a-onda-je-uslijedila-filmska-prica-kao-da-ih-je-bog-poslao\/#primaryimage"},"thumbnailUrl":"https:\/\/radioljubuski.ba\/wp-content\/uploads\/2022\/09\/8-2022-06-18-12-45-38-SPLIT-HITNA.jpg","articleSection":["BIH i regija"],"inLanguage":"hr"},{"@type":"WebPage","@id":"https:\/\/radioljubuski.ba\/index.php\/2022\/09\/04\/djecak-noa-prestao-disati-a-onda-je-uslijedila-filmska-prica-kao-da-ih-je-bog-poslao\/","url":"https:\/\/radioljubuski.ba\/index.php\/2022\/09\/04\/djecak-noa-prestao-disati-a-onda-je-uslijedila-filmska-prica-kao-da-ih-je-bog-poslao\/","name":"Dje\u010dak Noa prestao disati, a onda je uslijedila filmska pri\u010da: \"Kao da ih je Bog poslao\" - RADIO LJUBU\u0160KI","isPartOf":{"@id":"https:\/\/radioljubuski.ba\/#website"},"primaryImageOfPage":{"@id":"https:\/\/radioljubuski.ba\/index.php\/2022\/09\/04\/djecak-noa-prestao-disati-a-onda-je-uslijedila-filmska-prica-kao-da-ih-je-bog-poslao\/#primaryimage"},"image":{"@id":"https:\/\/radioljubuski.ba\/index.php\/2022\/09\/04\/djecak-noa-prestao-disati-a-onda-je-uslijedila-filmska-prica-kao-da-ih-je-bog-poslao\/#primaryimage"},"thumbnailUrl":"https:\/\/radioljubuski.ba\/wp-content\/uploads\/2022\/09\/8-2022-06-18-12-45-38-SPLIT-HITNA.jpg","datePublished":"2022-09-03T23:01:21+00:00","dateModified":"2022-09-03T23:01:23+00:00","breadcrumb":{"@id":"https:\/\/radioljubuski.ba\/index.php\/2022\/09\/04\/djecak-noa-prestao-disati-a-onda-je-uslijedila-filmska-prica-kao-da-ih-je-bog-poslao\/#breadcrumb"},"inLanguage":"hr","potentialAction":[{"@type":"ReadAction","target":["https:\/\/radioljubuski.ba\/index.php\/2022\/09\/04\/djecak-noa-prestao-disati-a-onda-je-uslijedila-filmska-prica-kao-da-ih-je-bog-poslao\/"]}]},{"@type":"ImageObject","inLanguage":"hr","@id":"https:\/\/radioljubuski.ba\/index.php\/2022\/09\/04\/djecak-noa-prestao-disati-a-onda-je-uslijedila-filmska-prica-kao-da-ih-je-bog-poslao\/#primaryimage","url":"https:\/\/radioljubuski.ba\/wp-content\/uploads\/2022\/09\/8-2022-06-18-12-45-38-SPLIT-HITNA.jpg","contentUrl":"https:\/\/radioljubuski.ba\/wp-content\/uploads\/2022\/09\/8-2022-06-18-12-45-38-SPLIT-HITNA.jpg","width":1000,"height":625},{"@type":"BreadcrumbList","@id":"https:\/\/radioljubuski.ba\/index.php\/2022\/09\/04\/djecak-noa-prestao-disati-a-onda-je-uslijedila-filmska-prica-kao-da-ih-je-bog-poslao\/#breadcrumb","itemListElement":[{"@type":"ListItem","position":1,"name":"Po\u010detna stranica","item":"https:\/\/radioljubuski.ba\/"},{"@type":"ListItem","position":2,"name":"Dje\u010dak Noa prestao disati, a onda je uslijedila filmska pri\u010da: &#8220;Kao da ih je Bog poslao&#8221;"}]},{"@type":"WebSite","@id":"https:\/\/radioljubuski.ba\/#website","url":"https:\/\/radioljubuski.ba\/","name":"Radio Ljubu\u0161ki","description":"Sun\u010dana frekvencija Hercegovine","publisher":{"@id":"https:\/\/radioljubuski.ba\/#organization"},"potentialAction":[{"@type":"SearchAction","target":{"@type":"EntryPoint","urlTemplate":"https:\/\/radioljubuski.ba\/?s={search_term_string}"},"query-input":{"@type":"PropertyValueSpecification","valueRequired":true,"valueName":"search_term_string"}}],"inLanguage":"hr"},{"@type":"Organization","@id":"https:\/\/radioljubuski.ba\/#organization","name":"Radio Ljubu\u0161ki","url":"https:\/\/radioljubuski.ba\/","logo":{"@type":"ImageObject","inLanguage":"hr","@id":"https:\/\/radioljubuski.ba\/#\/schema\/logo\/image\/","url":"https:\/\/radioljubuski.ba\/wp-content\/uploads\/2021\/02\/cropped-Radio_Ljubuski_logo1.jpg","contentUrl":"https:\/\/radioljubuski.ba\/wp-content\/uploads\/2021\/02\/cropped-Radio_Ljubuski_logo1.jpg","width":512,"height":512,"caption":"Radio Ljubu\u0161ki"},"image":{"@id":"https:\/\/radioljubuski.ba\/#\/schema\/logo\/image\/"},"sameAs":["https:\/\/www.facebook.com\/Radiio-Ljubuski-1490835324566332","https:\/\/x.com\/radioljubuski","https:\/\/hr.linkedin.com\/company\/radio-ljubuski","https:\/\/www.youtube.com\/channel\/UCHYaeO_n0Db3tjNGudGpXyw"]},{"@type":"Person","@id":"https:\/\/radioljubuski.ba\/#\/schema\/person\/19fc700381a780f69665d7956c469e3b","name":"Radio Ljubu\u0161ki"}]}},"_links":{"self":[{"href":"https:\/\/radioljubuski.ba\/index.php\/wp-json\/wp\/v2\/posts\/175805","targetHints":{"allow":["GET"]}}],"collection":[{"href":"https:\/\/radioljubuski.ba\/index.php\/wp-json\/wp\/v2\/posts"}],"about":[{"href":"https:\/\/radioljubuski.ba\/index.php\/wp-json\/wp\/v2\/types\/post"}],"author":[{"embeddable":true,"href":"https:\/\/radioljubuski.ba\/index.php\/wp-json\/wp\/v2\/users\/2"}],"replies":[{"embeddable":true,"href":"https:\/\/radioljubuski.ba\/index.php\/wp-json\/wp\/v2\/comments?post=175805"}],"version-history":[{"count":1,"href":"https:\/\/radioljubuski.ba\/index.php\/wp-json\/wp\/v2\/posts\/175805\/revisions"}],"predecessor-version":[{"id":175807,"href":"https:\/\/radioljubuski.ba\/index.php\/wp-json\/wp\/v2\/posts\/175805\/revisions\/175807"}],"wp:featuredmedia":[{"embeddable":true,"href":"https:\/\/radioljubuski.ba\/index.php\/wp-json\/wp\/v2\/media\/175806"}],"wp:attachment":[{"href":"https:\/\/radioljubuski.ba\/index.php\/wp-json\/wp\/v2\/media?parent=175805"}],"wp:term":[{"taxonomy":"category","embeddable":true,"href":"https:\/\/radioljubuski.ba\/index.php\/wp-json\/wp\/v2\/categories?post=175805"},{"taxonomy":"post_tag","embeddable":true,"href":"https:\/\/radioljubuski.ba\/index.php\/wp-json\/wp\/v2\/tags?post=175805"}],"curies":[{"name":"wp","href":"https:\/\/api.w.org\/{rel}","templated":true}]}}