{"id":176315,"date":"2022-09-05T12:24:12","date_gmt":"2022-09-05T11:24:12","guid":{"rendered":"https:\/\/radioljubuski.ba\/?p=176315"},"modified":"2022-09-05T12:24:13","modified_gmt":"2022-09-05T11:24:13","slug":"pogledajte-sto-je-wagner-porucio-bilbiji","status":"publish","type":"post","link":"https:\/\/radioljubuski.ba\/index.php\/2022\/09\/05\/pogledajte-sto-je-wagner-porucio-bilbiji\/","title":{"rendered":"Pogledajte \u0161to je Wagner poru\u010dio Bilbiji"},"content":{"rendered":"\n<p>Nemanja Bilbija\u00a0 postao je najbolji strijelac Premijer lige BiH postigav\u0161i 127 pogodaka i tako na listi prestigao poznatog igra\u010da \u0160irokoga Brijega Wagnera Santosa Laga koji je za vrijeme svoje karijere postigao 125 pogodaka.<\/p>\n\n\n\n<figure class=\"wp-block-embed is-type-wp-embed is-provider-radio-ljubuski wp-block-embed-radio-ljubuski\"><div class=\"wp-block-embed__wrapper\">\n<blockquote class=\"wp-embedded-content\" data-secret=\"ZmIUc7Q7kZ\"><a href=\"https:\/\/radioljubuski.ba\/index.php\/2022\/09\/05\/bilbija-najbolji-strijelac-u-povijesti-premijer-lige-bih\/\">Bilbija najbolji strijelac u povijesti Premijer lige BiH<\/a><\/blockquote><iframe loading=\"lazy\" class=\"wp-embedded-content\" sandbox=\"allow-scripts\" security=\"restricted\" style=\"position: absolute; clip: rect(1px, 1px, 1px, 1px);\" title=\"&#8220;Bilbija najbolji strijelac u povijesti Premijer lige BiH&#8221; &#8212;   RADIO LJUBU\u0160KI\" src=\"https:\/\/radioljubuski.ba\/index.php\/2022\/09\/05\/bilbija-najbolji-strijelac-u-povijesti-premijer-lige-bih\/embed\/#?secret=zoX5MUqELr#?secret=ZmIUc7Q7kZ\" data-secret=\"ZmIUc7Q7kZ\" width=\"600\" height=\"338\" frameborder=\"0\" marginwidth=\"0\" marginheight=\"0\" scrolling=\"no\"><\/iframe>\n<\/div><\/figure>\n\n\n\n<p><br>Na svojoj Facebook stranici javio se i Wagner i uputio \u010destitku Bilbiji:<\/p>\n\n\n\n<p>\u010cestitam Nemanji Bilbiji jer je postao najbolji strijelac Premijer Liga BiH. Sretno i samo \u201ctrpaj\u201d dalje, majstore, napisao je legendarni Wagner.<\/p>\n\n\n\n<iframe loading=\"lazy\" src=\"https:\/\/www.facebook.com\/plugins\/post.php?href=https%3A%2F%2Fwww.facebook.com%2Fwagner.santos.lago%2Fposts%2Fpfbid029NSvnmLup3GNF1m6ZW7rSdK19sofPdN53KC7qF2k9ZfwY64SkpcjU37WpVp1vNqXl&#038;show_text=true&#038;width=500\" width=\"500\" height=\"524\" style=\"border:none;overflow:hidden\" scrolling=\"no\" frameborder=\"0\" allowfullscreen=\"true\" allow=\"autoplay; clipboard-write; encrypted-media; picture-in-picture; web-share\"><\/iframe>\n\n\n\n<p>Izvor:pogled.ba<\/p>\n","protected":false},"excerpt":{"rendered":"<p>Nemanja Bilbija\u00a0 postao je najbolji strijelac Premijer lige BiH postigav\u0161i 127 pogodaka i tako na listi prestigao poznatog igra\u010da \u0160irokoga Brijega Wagnera Santosa Laga koji je za vrijeme svoje karijere postigao 125 pogodaka. Na svojoj Facebook stranici javio se i Wagner i uputio \u010destitku Bilbiji: \u010cestitam Nemanji Bilbiji jer je postao najbolji strijelac Premijer Liga [&hellip;]<\/p>\n","protected":false},"author":2,"featured_media":176316,"comment_status":"closed","ping_status":"closed","sticky":false,"template":"","format":"standard","meta":{"h5ap_radio_sources":[],"footnotes":""},"categories":[7],"tags":[],"class_list":["post-176315","post","type-post","status-publish","format-standard","has-post-thumbnail","hentry","category-sport"],"yoast_head":"<!-- This site is optimized with the Yoast SEO plugin v27.5 - https:\/\/yoast.com\/product\/yoast-seo-wordpress\/ -->\n<title>Pogledajte \u0161to je Wagner poru\u010dio Bilbiji - RADIO LJUBU\u0160KI<\/title>\n<meta name=\"robots\" content=\"index, follow, max-snippet:-1, max-image-preview:large, max-video-preview:-1\" \/>\n<link rel=\"canonical\" href=\"https:\/\/radioljubuski.ba\/index.php\/2022\/09\/05\/pogledajte-sto-je-wagner-porucio-bilbiji\/\" \/>\n<meta property=\"og:locale\" content=\"hr_HR\" \/>\n<meta property=\"og:type\" content=\"article\" \/>\n<meta property=\"og:title\" content=\"Pogledajte \u0161to je Wagner poru\u010dio Bilbiji - RADIO LJUBU\u0160KI\" \/>\n<meta property=\"og:description\" content=\"Nemanja Bilbija\u00a0 postao je najbolji strijelac Premijer lige BiH postigav\u0161i 127 pogodaka i tako na listi prestigao poznatog igra\u010da \u0160irokoga Brijega Wagnera Santosa Laga koji je za vrijeme svoje karijere postigao 125 pogodaka. Na svojoj Facebook stranici javio se i Wagner i uputio \u010destitku Bilbiji: \u010cestitam Nemanji Bilbiji jer je postao najbolji strijelac Premijer Liga [&hellip;]\" \/>\n<meta property=\"og:url\" content=\"https:\/\/radioljubuski.ba\/index.php\/2022\/09\/05\/pogledajte-sto-je-wagner-porucio-bilbiji\/\" \/>\n<meta property=\"og:site_name\" content=\"RADIO LJUBU\u0160KI\" \/>\n<meta property=\"article:publisher\" content=\"https:\/\/www.facebook.com\/Radiio-Ljubuski-1490835324566332\" \/>\n<meta property=\"article:published_time\" content=\"2022-09-05T11:24:12+00:00\" \/>\n<meta property=\"article:modified_time\" content=\"2022-09-05T11:24:13+00:00\" \/>\n<meta property=\"og:image\" content=\"https:\/\/radioljubuski.ba\/wp-content\/uploads\/2022\/09\/8IAaJU7K_wagner_sirokom_otvorio_vrata_drugog_pretkola_183653_135061_big.jpg\" \/>\n\t<meta property=\"og:image:width\" content=\"1000\" \/>\n\t<meta property=\"og:image:height\" content=\"625\" \/>\n\t<meta property=\"og:image:type\" content=\"image\/jpeg\" \/>\n<meta name=\"author\" content=\"Radio Ljubu\u0161ki\" \/>\n<meta name=\"twitter:card\" content=\"summary_large_image\" \/>\n<meta name=\"twitter:creator\" content=\"@radioljubuski\" \/>\n<meta name=\"twitter:site\" content=\"@radioljubuski\" \/>\n<meta name=\"twitter:label1\" content=\"Napisao\/la\" \/>\n\t<meta name=\"twitter:data1\" content=\"Radio Ljubu\u0161ki\" \/>\n\t<meta name=\"twitter:label2\" content=\"Procijenjeno vrijeme \u010ditanja\" \/>\n\t<meta name=\"twitter:data2\" content=\"1 minuta\" \/>\n<script type=\"application\/ld+json\" class=\"yoast-schema-graph\">{\"@context\":\"https:\\\/\\\/schema.org\",\"@graph\":[{\"@type\":\"Article\",\"@id\":\"https:\\\/\\\/radioljubuski.ba\\\/index.php\\\/2022\\\/09\\\/05\\\/pogledajte-sto-je-wagner-porucio-bilbiji\\\/#article\",\"isPartOf\":{\"@id\":\"https:\\\/\\\/radioljubuski.ba\\\/index.php\\\/2022\\\/09\\\/05\\\/pogledajte-sto-je-wagner-porucio-bilbiji\\\/\"},\"author\":{\"name\":\"Radio Ljubu\u0161ki\",\"@id\":\"https:\\\/\\\/radioljubuski.ba\\\/#\\\/schema\\\/person\\\/19fc700381a780f69665d7956c469e3b\"},\"headline\":\"Pogledajte \u0161to je Wagner poru\u010dio Bilbiji\",\"datePublished\":\"2022-09-05T11:24:12+00:00\",\"dateModified\":\"2022-09-05T11:24:13+00:00\",\"mainEntityOfPage\":{\"@id\":\"https:\\\/\\\/radioljubuski.ba\\\/index.php\\\/2022\\\/09\\\/05\\\/pogledajte-sto-je-wagner-porucio-bilbiji\\\/\"},\"wordCount\":82,\"publisher\":{\"@id\":\"https:\\\/\\\/radioljubuski.ba\\\/#organization\"},\"image\":{\"@id\":\"https:\\\/\\\/radioljubuski.ba\\\/index.php\\\/2022\\\/09\\\/05\\\/pogledajte-sto-je-wagner-porucio-bilbiji\\\/#primaryimage\"},\"thumbnailUrl\":\"https:\\\/\\\/radioljubuski.ba\\\/wp-content\\\/uploads\\\/2022\\\/09\\\/8IAaJU7K_wagner_sirokom_otvorio_vrata_drugog_pretkola_183653_135061_big.jpg\",\"articleSection\":[\"\u0160port\"],\"inLanguage\":\"hr\"},{\"@type\":\"WebPage\",\"@id\":\"https:\\\/\\\/radioljubuski.ba\\\/index.php\\\/2022\\\/09\\\/05\\\/pogledajte-sto-je-wagner-porucio-bilbiji\\\/\",\"url\":\"https:\\\/\\\/radioljubuski.ba\\\/index.php\\\/2022\\\/09\\\/05\\\/pogledajte-sto-je-wagner-porucio-bilbiji\\\/\",\"name\":\"Pogledajte \u0161to je Wagner poru\u010dio Bilbiji - RADIO LJUBU\u0160KI\",\"isPartOf\":{\"@id\":\"https:\\\/\\\/radioljubuski.ba\\\/#website\"},\"primaryImageOfPage\":{\"@id\":\"https:\\\/\\\/radioljubuski.ba\\\/index.php\\\/2022\\\/09\\\/05\\\/pogledajte-sto-je-wagner-porucio-bilbiji\\\/#primaryimage\"},\"image\":{\"@id\":\"https:\\\/\\\/radioljubuski.ba\\\/index.php\\\/2022\\\/09\\\/05\\\/pogledajte-sto-je-wagner-porucio-bilbiji\\\/#primaryimage\"},\"thumbnailUrl\":\"https:\\\/\\\/radioljubuski.ba\\\/wp-content\\\/uploads\\\/2022\\\/09\\\/8IAaJU7K_wagner_sirokom_otvorio_vrata_drugog_pretkola_183653_135061_big.jpg\",\"datePublished\":\"2022-09-05T11:24:12+00:00\",\"dateModified\":\"2022-09-05T11:24:13+00:00\",\"breadcrumb\":{\"@id\":\"https:\\\/\\\/radioljubuski.ba\\\/index.php\\\/2022\\\/09\\\/05\\\/pogledajte-sto-je-wagner-porucio-bilbiji\\\/#breadcrumb\"},\"inLanguage\":\"hr\",\"potentialAction\":[{\"@type\":\"ReadAction\",\"target\":[\"https:\\\/\\\/radioljubuski.ba\\\/index.php\\\/2022\\\/09\\\/05\\\/pogledajte-sto-je-wagner-porucio-bilbiji\\\/\"]}]},{\"@type\":\"ImageObject\",\"inLanguage\":\"hr\",\"@id\":\"https:\\\/\\\/radioljubuski.ba\\\/index.php\\\/2022\\\/09\\\/05\\\/pogledajte-sto-je-wagner-porucio-bilbiji\\\/#primaryimage\",\"url\":\"https:\\\/\\\/radioljubuski.ba\\\/wp-content\\\/uploads\\\/2022\\\/09\\\/8IAaJU7K_wagner_sirokom_otvorio_vrata_drugog_pretkola_183653_135061_big.jpg\",\"contentUrl\":\"https:\\\/\\\/radioljubuski.ba\\\/wp-content\\\/uploads\\\/2022\\\/09\\\/8IAaJU7K_wagner_sirokom_otvorio_vrata_drugog_pretkola_183653_135061_big.jpg\",\"width\":1000,\"height\":625},{\"@type\":\"BreadcrumbList\",\"@id\":\"https:\\\/\\\/radioljubuski.ba\\\/index.php\\\/2022\\\/09\\\/05\\\/pogledajte-sto-je-wagner-porucio-bilbiji\\\/#breadcrumb\",\"itemListElement\":[{\"@type\":\"ListItem\",\"position\":1,\"name\":\"Po\u010detna stranica\",\"item\":\"https:\\\/\\\/radioljubuski.ba\\\/\"},{\"@type\":\"ListItem\",\"position\":2,\"name\":\"Pogledajte \u0161to je Wagner poru\u010dio Bilbiji\"}]},{\"@type\":\"WebSite\",\"@id\":\"https:\\\/\\\/radioljubuski.ba\\\/#website\",\"url\":\"https:\\\/\\\/radioljubuski.ba\\\/\",\"name\":\"Radio Ljubu\u0161ki\",\"description\":\"Sun\u010dana frekvencija Hercegovine\",\"publisher\":{\"@id\":\"https:\\\/\\\/radioljubuski.ba\\\/#organization\"},\"potentialAction\":[{\"@type\":\"SearchAction\",\"target\":{\"@type\":\"EntryPoint\",\"urlTemplate\":\"https:\\\/\\\/radioljubuski.ba\\\/?s={search_term_string}\"},\"query-input\":{\"@type\":\"PropertyValueSpecification\",\"valueRequired\":true,\"valueName\":\"search_term_string\"}}],\"inLanguage\":\"hr\"},{\"@type\":\"Organization\",\"@id\":\"https:\\\/\\\/radioljubuski.ba\\\/#organization\",\"name\":\"Radio Ljubu\u0161ki\",\"url\":\"https:\\\/\\\/radioljubuski.ba\\\/\",\"logo\":{\"@type\":\"ImageObject\",\"inLanguage\":\"hr\",\"@id\":\"https:\\\/\\\/radioljubuski.ba\\\/#\\\/schema\\\/logo\\\/image\\\/\",\"url\":\"https:\\\/\\\/radioljubuski.ba\\\/wp-content\\\/uploads\\\/2021\\\/02\\\/cropped-Radio_Ljubuski_logo1.jpg\",\"contentUrl\":\"https:\\\/\\\/radioljubuski.ba\\\/wp-content\\\/uploads\\\/2021\\\/02\\\/cropped-Radio_Ljubuski_logo1.jpg\",\"width\":512,\"height\":512,\"caption\":\"Radio Ljubu\u0161ki\"},\"image\":{\"@id\":\"https:\\\/\\\/radioljubuski.ba\\\/#\\\/schema\\\/logo\\\/image\\\/\"},\"sameAs\":[\"https:\\\/\\\/www.facebook.com\\\/Radiio-Ljubuski-1490835324566332\",\"https:\\\/\\\/x.com\\\/radioljubuski\",\"https:\\\/\\\/hr.linkedin.com\\\/company\\\/radio-ljubuski\",\"https:\\\/\\\/www.youtube.com\\\/channel\\\/UCHYaeO_n0Db3tjNGudGpXyw\"]},{\"@type\":\"Person\",\"@id\":\"https:\\\/\\\/radioljubuski.ba\\\/#\\\/schema\\\/person\\\/19fc700381a780f69665d7956c469e3b\",\"name\":\"Radio Ljubu\u0161ki\"}]}<\/script>\n<!-- \/ Yoast SEO plugin. -->","yoast_head_json":{"title":"Pogledajte \u0161to je Wagner poru\u010dio Bilbiji - RADIO LJUBU\u0160KI","robots":{"index":"index","follow":"follow","max-snippet":"max-snippet:-1","max-image-preview":"max-image-preview:large","max-video-preview":"max-video-preview:-1"},"canonical":"https:\/\/radioljubuski.ba\/index.php\/2022\/09\/05\/pogledajte-sto-je-wagner-porucio-bilbiji\/","og_locale":"hr_HR","og_type":"article","og_title":"Pogledajte \u0161to je Wagner poru\u010dio Bilbiji - RADIO LJUBU\u0160KI","og_description":"Nemanja Bilbija\u00a0 postao je najbolji strijelac Premijer lige BiH postigav\u0161i 127 pogodaka i tako na listi prestigao poznatog igra\u010da \u0160irokoga Brijega Wagnera Santosa Laga koji je za vrijeme svoje karijere postigao 125 pogodaka. Na svojoj Facebook stranici javio se i Wagner i uputio \u010destitku Bilbiji: \u010cestitam Nemanji Bilbiji jer je postao najbolji strijelac Premijer Liga [&hellip;]","og_url":"https:\/\/radioljubuski.ba\/index.php\/2022\/09\/05\/pogledajte-sto-je-wagner-porucio-bilbiji\/","og_site_name":"RADIO LJUBU\u0160KI","article_publisher":"https:\/\/www.facebook.com\/Radiio-Ljubuski-1490835324566332","article_published_time":"2022-09-05T11:24:12+00:00","article_modified_time":"2022-09-05T11:24:13+00:00","og_image":[{"width":1000,"height":625,"url":"https:\/\/radioljubuski.ba\/wp-content\/uploads\/2022\/09\/8IAaJU7K_wagner_sirokom_otvorio_vrata_drugog_pretkola_183653_135061_big.jpg","type":"image\/jpeg"}],"author":"Radio Ljubu\u0161ki","twitter_card":"summary_large_image","twitter_creator":"@radioljubuski","twitter_site":"@radioljubuski","twitter_misc":{"Napisao\/la":"Radio Ljubu\u0161ki","Procijenjeno vrijeme \u010ditanja":"1 minuta"},"schema":{"@context":"https:\/\/schema.org","@graph":[{"@type":"Article","@id":"https:\/\/radioljubuski.ba\/index.php\/2022\/09\/05\/pogledajte-sto-je-wagner-porucio-bilbiji\/#article","isPartOf":{"@id":"https:\/\/radioljubuski.ba\/index.php\/2022\/09\/05\/pogledajte-sto-je-wagner-porucio-bilbiji\/"},"author":{"name":"Radio Ljubu\u0161ki","@id":"https:\/\/radioljubuski.ba\/#\/schema\/person\/19fc700381a780f69665d7956c469e3b"},"headline":"Pogledajte \u0161to je Wagner poru\u010dio Bilbiji","datePublished":"2022-09-05T11:24:12+00:00","dateModified":"2022-09-05T11:24:13+00:00","mainEntityOfPage":{"@id":"https:\/\/radioljubuski.ba\/index.php\/2022\/09\/05\/pogledajte-sto-je-wagner-porucio-bilbiji\/"},"wordCount":82,"publisher":{"@id":"https:\/\/radioljubuski.ba\/#organization"},"image":{"@id":"https:\/\/radioljubuski.ba\/index.php\/2022\/09\/05\/pogledajte-sto-je-wagner-porucio-bilbiji\/#primaryimage"},"thumbnailUrl":"https:\/\/radioljubuski.ba\/wp-content\/uploads\/2022\/09\/8IAaJU7K_wagner_sirokom_otvorio_vrata_drugog_pretkola_183653_135061_big.jpg","articleSection":["\u0160port"],"inLanguage":"hr"},{"@type":"WebPage","@id":"https:\/\/radioljubuski.ba\/index.php\/2022\/09\/05\/pogledajte-sto-je-wagner-porucio-bilbiji\/","url":"https:\/\/radioljubuski.ba\/index.php\/2022\/09\/05\/pogledajte-sto-je-wagner-porucio-bilbiji\/","name":"Pogledajte \u0161to je Wagner poru\u010dio Bilbiji - RADIO LJUBU\u0160KI","isPartOf":{"@id":"https:\/\/radioljubuski.ba\/#website"},"primaryImageOfPage":{"@id":"https:\/\/radioljubuski.ba\/index.php\/2022\/09\/05\/pogledajte-sto-je-wagner-porucio-bilbiji\/#primaryimage"},"image":{"@id":"https:\/\/radioljubuski.ba\/index.php\/2022\/09\/05\/pogledajte-sto-je-wagner-porucio-bilbiji\/#primaryimage"},"thumbnailUrl":"https:\/\/radioljubuski.ba\/wp-content\/uploads\/2022\/09\/8IAaJU7K_wagner_sirokom_otvorio_vrata_drugog_pretkola_183653_135061_big.jpg","datePublished":"2022-09-05T11:24:12+00:00","dateModified":"2022-09-05T11:24:13+00:00","breadcrumb":{"@id":"https:\/\/radioljubuski.ba\/index.php\/2022\/09\/05\/pogledajte-sto-je-wagner-porucio-bilbiji\/#breadcrumb"},"inLanguage":"hr","potentialAction":[{"@type":"ReadAction","target":["https:\/\/radioljubuski.ba\/index.php\/2022\/09\/05\/pogledajte-sto-je-wagner-porucio-bilbiji\/"]}]},{"@type":"ImageObject","inLanguage":"hr","@id":"https:\/\/radioljubuski.ba\/index.php\/2022\/09\/05\/pogledajte-sto-je-wagner-porucio-bilbiji\/#primaryimage","url":"https:\/\/radioljubuski.ba\/wp-content\/uploads\/2022\/09\/8IAaJU7K_wagner_sirokom_otvorio_vrata_drugog_pretkola_183653_135061_big.jpg","contentUrl":"https:\/\/radioljubuski.ba\/wp-content\/uploads\/2022\/09\/8IAaJU7K_wagner_sirokom_otvorio_vrata_drugog_pretkola_183653_135061_big.jpg","width":1000,"height":625},{"@type":"BreadcrumbList","@id":"https:\/\/radioljubuski.ba\/index.php\/2022\/09\/05\/pogledajte-sto-je-wagner-porucio-bilbiji\/#breadcrumb","itemListElement":[{"@type":"ListItem","position":1,"name":"Po\u010detna stranica","item":"https:\/\/radioljubuski.ba\/"},{"@type":"ListItem","position":2,"name":"Pogledajte \u0161to je Wagner poru\u010dio Bilbiji"}]},{"@type":"WebSite","@id":"https:\/\/radioljubuski.ba\/#website","url":"https:\/\/radioljubuski.ba\/","name":"Radio Ljubu\u0161ki","description":"Sun\u010dana frekvencija Hercegovine","publisher":{"@id":"https:\/\/radioljubuski.ba\/#organization"},"potentialAction":[{"@type":"SearchAction","target":{"@type":"EntryPoint","urlTemplate":"https:\/\/radioljubuski.ba\/?s={search_term_string}"},"query-input":{"@type":"PropertyValueSpecification","valueRequired":true,"valueName":"search_term_string"}}],"inLanguage":"hr"},{"@type":"Organization","@id":"https:\/\/radioljubuski.ba\/#organization","name":"Radio Ljubu\u0161ki","url":"https:\/\/radioljubuski.ba\/","logo":{"@type":"ImageObject","inLanguage":"hr","@id":"https:\/\/radioljubuski.ba\/#\/schema\/logo\/image\/","url":"https:\/\/radioljubuski.ba\/wp-content\/uploads\/2021\/02\/cropped-Radio_Ljubuski_logo1.jpg","contentUrl":"https:\/\/radioljubuski.ba\/wp-content\/uploads\/2021\/02\/cropped-Radio_Ljubuski_logo1.jpg","width":512,"height":512,"caption":"Radio Ljubu\u0161ki"},"image":{"@id":"https:\/\/radioljubuski.ba\/#\/schema\/logo\/image\/"},"sameAs":["https:\/\/www.facebook.com\/Radiio-Ljubuski-1490835324566332","https:\/\/x.com\/radioljubuski","https:\/\/hr.linkedin.com\/company\/radio-ljubuski","https:\/\/www.youtube.com\/channel\/UCHYaeO_n0Db3tjNGudGpXyw"]},{"@type":"Person","@id":"https:\/\/radioljubuski.ba\/#\/schema\/person\/19fc700381a780f69665d7956c469e3b","name":"Radio Ljubu\u0161ki"}]}},"_links":{"self":[{"href":"https:\/\/radioljubuski.ba\/index.php\/wp-json\/wp\/v2\/posts\/176315","targetHints":{"allow":["GET"]}}],"collection":[{"href":"https:\/\/radioljubuski.ba\/index.php\/wp-json\/wp\/v2\/posts"}],"about":[{"href":"https:\/\/radioljubuski.ba\/index.php\/wp-json\/wp\/v2\/types\/post"}],"author":[{"embeddable":true,"href":"https:\/\/radioljubuski.ba\/index.php\/wp-json\/wp\/v2\/users\/2"}],"replies":[{"embeddable":true,"href":"https:\/\/radioljubuski.ba\/index.php\/wp-json\/wp\/v2\/comments?post=176315"}],"version-history":[{"count":1,"href":"https:\/\/radioljubuski.ba\/index.php\/wp-json\/wp\/v2\/posts\/176315\/revisions"}],"predecessor-version":[{"id":176317,"href":"https:\/\/radioljubuski.ba\/index.php\/wp-json\/wp\/v2\/posts\/176315\/revisions\/176317"}],"wp:featuredmedia":[{"embeddable":true,"href":"https:\/\/radioljubuski.ba\/index.php\/wp-json\/wp\/v2\/media\/176316"}],"wp:attachment":[{"href":"https:\/\/radioljubuski.ba\/index.php\/wp-json\/wp\/v2\/media?parent=176315"}],"wp:term":[{"taxonomy":"category","embeddable":true,"href":"https:\/\/radioljubuski.ba\/index.php\/wp-json\/wp\/v2\/categories?post=176315"},{"taxonomy":"post_tag","embeddable":true,"href":"https:\/\/radioljubuski.ba\/index.php\/wp-json\/wp\/v2\/tags?post=176315"}],"curies":[{"name":"wp","href":"https:\/\/api.w.org\/{rel}","templated":true}]}}