{"id":176362,"date":"2022-09-05T14:06:32","date_gmt":"2022-09-05T13:06:32","guid":{"rendered":"https:\/\/radioljubuski.ba\/?p=176362"},"modified":"2022-09-05T14:06:34","modified_gmt":"2022-09-05T13:06:34","slug":"zanimljivosti-iz-povijesti-kraljice-koje-su-imale-najvise-djece","status":"publish","type":"post","link":"https:\/\/radioljubuski.ba\/index.php\/2022\/09\/05\/zanimljivosti-iz-povijesti-kraljice-koje-su-imale-najvise-djece\/","title":{"rendered":"Zanimljivosti iz povijesti: Kraljice koje su imale najvi\u0161e djece"},"content":{"rendered":"\n<p>Gospo\u0111a Lindsay Holiday za YouTube kreira video uratke koji educiraju o povijesti. Njezini&nbsp; povijesni videozapisi usredoto\u010deni su na kraljevske obitelji, te uglavnom \u2018\u017eenske teme\u2019 kroz stolje\u0107a. Pridru\u017eila se YouTubeu 3. sije\u010dnja 2010. i prikupila je 553.000 pretplatnika do kraja studenog 2021.<\/p>\n\n\n\n<p>Nedavno je objavila i zanimljivi video o tome koje su kraljice u povijesti imale najvi\u0161e djece.<\/p>\n\n\n\n<iframe loading=\"lazy\" title=\"Queens Who Had The Most Children\" width=\"640\" height=\"360\" src=\"https:\/\/www.youtube.com\/embed\/LcHa-q7zA_M?start=670&#038;feature=oembed\" frameborder=\"0\" allow=\"accelerometer; autoplay; clipboard-write; encrypted-media; gyroscope; picture-in-picture; web-share\" referrerpolicy=\"strict-origin-when-cross-origin\" allowfullscreen><\/iframe>\n\n\n\n<h3 class=\"wp-block-heading\"><strong>\u017divot kraljica<\/strong><\/h3>\n\n\n\n<p>Opisala je \u017eivot kraljica, koje su \u017eivjele tradicionalnim \u017eivotom, rano se udavale, a od kojih se primarno o\u010dekivalo da imaju \u0161to je vi\u0161e mogu\u0107e potomaka kako bi osigurale dinastiju svog mu\u017ea, rodile prijestolonasljednika, te druge sinove i k\u0107eri koji bi kasnije stupali u povoljne politi\u010dke brakove. One su se \u010desto tako\u0111er bavile politikom, a djecu su odgajale dojilje i dadilje. Na\u017ealost, kroz povijest je smrtnost djece bila velika, \u010dega nisu bile po\u0161te\u0111ene ni kraljice, tako da su mnoge nad\u017eivjele svoju djecu, koja su od te\u0161kih bolesti umirala u ranoj dobi.<\/p>\n\n\n\n<h3 class=\"wp-block-heading\"><strong>Velike obitelji<\/strong><\/h3>\n\n\n\n<p>Lindsay Holiday navela je potom devet kraljica i carica koje su imale veliki broj djece:<\/p>\n\n\n\n<p>Mumtaz Mahal, supruga mogulskog cara \u2013 14 djeceCharlotte od Mecklenburg-Strelitza, kraljica Velike Britanije i Irske \u2013 15 djece<br>Anna Jagiellonica, kraljica Njema\u010dke, \u010ce\u0161ke i Ma\u0111arske \u2013 15 djece<br>Eleanor od Kastilje, kraljica Engleske \u2013 16 djece<\/p>\n\n\n\n<p>Keran, kraljica Armenije \u2013 16 djece<br>Marija Terezija, carica Svetog Rimskog carstva \u2013 16 djece<br>Marija Karolina Austrijska, kraljica Napulja i Sicilije \u2013 17 djece<br>Anne, kraljica Velike Britanije \u2013 18 djece<br>Darejan Dadiani, kraljica Gruzije \u2013 23 djece<\/p>\n\n\n\n<p>Me\u0111u njima su i one povezane s Hrvatskom, kao \u0161to je poznata carica Marija Terezija, te njena k\u0107er Marija Karolina Austrijska.<\/p>\n\n\n\n<h3 class=\"wp-block-heading\"><strong>Marija Terezija<\/strong><\/h3>\n\n\n\n<p>Marija Terezija (Pala\u010da Hofburg, Be\u010d, 13. svibnja 1717. \u2013 Pala\u010da Hofburg, Be\u010d, 29. studenog 1780.), prema Wikipediji, \u010de\u0161ka i ugarsko-hrvatska kraljica, austrijska nadvojvotkinja, prva i jedina \u017eena koja je vladala Habsbur\u0161kom Monarhijom, a njezina je vladavina trajala \u010dak 40 godina. U razdoblju od 1740. do 1763. godine vodila je \u010detiri rata koja su dovela do znatnih teritorijalnih gubitaka \u2013 prije svega \u0160leske, ali i talijanskih zemalja.<\/p>\n\n\n\n<p>U vrijeme Marije Terezije, Hrvatska je podijeljena na \u017eupanije, kao ve\u0107e, i okru\u017eja, kao manje sastavne teritorijalne jedinice. Na \u010delu \u017eupanija nalazio se \u017eupan, a ni\u017ee i srednje plemstvo okupljalo se na \u017eupanijskim skup\u0161tinama. Jedna od prvih reformi koje je Marija Terezija napravila bila je obnova triju slavonskih \u017eupanija 1745. godine. Tako se od te godine u sklopu Hrvatske govorilo, osim o postoje\u0107im Zagreba\u010dkoj, Vara\u017edinskoj i Kri\u017eeva\u010dkoj, i o Viroviti\u010dkoj, Srijemskoj i Po\u017ee\u0161koj \u017eupaniji, a vrlo brzo uspostavljena je i Severinska \u017eupanija (sjedi\u0161te Mrkopalj; Rijeka \u2013 Senj \u2013 Gorski kotar).<\/p>\n\n\n\n<h3 class=\"wp-block-heading\"><strong>Politi\u010darka i reformatorica<\/strong><\/h3>\n\n\n\n<p>Klju\u010dno politi\u010dko tijelo u Hrvatskoj bio je Sabor, tada jo\u0161 uvijek stale\u0161ki, koji je svoje predstavnike slao u Namjesni\u010dki sabor u Po\u017eunu (zapravo Ugarski sabor). Na \u010delu sabora bio je ban, osoba koja je imala status potkralja i predstavljala glavnu dr\u017eavnu instituciju Hrvatske. Marija Terezija je 1767. godine formirala Hrvatsko kraljevsko vije\u0107e (Consilium Regium), \u010dime je uvelike pove\u0107ala ulogu Hrvatske i smanjila njezinu ovisnost o Ugarskoj.<\/p>\n\n\n\n<p>Kraljica je vije\u0107e ukinula 1779. godine kada je sve njegove ovlasti prenijela na Ugarsko namjesni\u010dko vije\u0107e, a ne na Hrvatski sabor. Hrvatska je tada, po prvi puta u povijesti, postala podlo\u017ena ugarskim dr\u017eavnim tijelima. Ukidanje Vije\u0107a tako je zapravo jo\u0161 vi\u0161e oslabilo polo\u017eaj Hrvatske unutar Monarhije i pripomoglo ugarskoj hegemoniji.<\/p>\n\n\n\n<p>U braku s lotarin\u0161kim vojvodom Franjom Stjepanom Marija Terezija rodila je pet sinova i 11 k\u0107eri.<\/p>\n\n\n\n<h3 class=\"wp-block-heading\"><strong>Marija Karolina Austrijska<\/strong><\/h3>\n\n\n\n<p>Marija Karolina Austrijska (13. kolovoz 1752. \u2013 8. rujna 1814.) je bila prva kraljica Dviju Sicilija kao supruga prvog kralja te kraljevine, Ferdinanda I.<\/p>\n\n\n\n<p>Ro\u0111ena je kao nadvojvotkinja Marija Karolina Ludovika Josipa Ivana Antonija od Austrije, princeza od Ugarske, \u010ce\u0161ke, Hrvatske, Slavonije, i Toskane. Majka joj je bila Marija Terezija, nadvojvotkinja Austrije i kraljica Ugarske, \u010de\u0161ke, Hrvatske i Slavonije. Njen otac je bio Franjo I, car Svetog Rimskog Carstva i veliki vojvoda Toskane.<\/p>\n\n\n\n<p>Marija Karolina je bila trinaesto dijete i pretposljednja k\u0107erka u carskoj obitelji Habsburg. Odgajana je i obrazovana zajedno sa mla\u0111om sestrom, Marijom Antonijom (kasnije poznata kao Marija Antoaneta), sa kojom je bila veoma bliska. Me\u0111utim, za razliku od Marije Antonije, Marija Karolina je bila posve\u0107ena u\u010denju. Smatraju\u0107i da Marija Antonija ima lo\u0161 uticaj na marljivu Mariju Karolinu, njihova majka ih je razdvojila i Karolini odredila guvernatu njene starije sestre, Marije Josipe. Marija Terezija je Karolinu smatrala k\u0107erkom koja joj najvi\u0161e sli\u010di.<\/p>\n\n\n\n<h3 class=\"wp-block-heading\"><strong>Odabrana mladenka<\/strong><\/h3>\n\n\n\n<p>Nakon smrti njene starije sestre, Marije Josipe, Karolina je preuzela njeno mjesto odabrane mladenke za napuljskog kralja. Uprkos Karolininim protestima, carica Marija Terezija je bila odlu\u010dna njenim brakom zape\u010datiti alijansu sa \u0161panjolskim kraljem Karlom III.<\/p>\n\n\n\n<p>Dana 12. svibnja 1768. udala se za mladog kralja Ferdinanda IV Napuljskog i III Sicilijskog, koji se kasnije progla\u0161ava kraljem Dviju Sicilija. Dominantna Marija Karolina je ubrzo preuzela kontrolu nad mu\u017eevim kraljevinama. Prema napuljskom zakonu, me\u0111utim, nije mogla postati dr\u017eavni savjetnik sve dok ne rodi sina. Budu\u0107eg Franju I rodila je 14. kolovoza 1777. godine i time dobila jo\u0161 ve\u0107u mo\u0107. Marija Karolina je na kraju preko povodljivog mu\u017ea uspostavila tiransku vladavinu.<\/p>\n\n\n\n<h3 class=\"wp-block-heading\"><strong>Svrgnuli je nakratko u revoluciji<\/strong><\/h3>\n\n\n\n<p>U listopadu 1793. godine potreslo ju je pogubljenje njene mla\u0111e sestre, francuske kraljice Marije Antoanete. Marija Karolina je odmah mu\u017ea natjerala da proglasi rat Francuskoj, \u0161to je on i napravio, a mir je sklopljen 1796. godine.<\/p>\n\n\n\n<p>Rane 1799. godine i sama je iskusila revoluciju, koja je zamijenila njeno kraljevstvo kratkovje\u010dnom republikom. Uz pomo\u0107 Britanaca monarhija je ponovo uspostavljena, a pobunjenici su osu\u0111ivani i vje\u0161ani.<\/p>\n\n\n\n<p>Godine 1806. njenog mu\u017ea je u Napulju svrgnuo francuski car Napoleon Bonaparte, ali Marija Karolina je zadr\u017eala vlast nad Sicilijom do 1812. godine sve do abdikacije njenog mu\u017ea. Marija Karolina se vratila u rodnu Austriju, gdje je umrla 1814. godine.<\/p>\n\n\n\n<p><em>Izvor: narod.hr<\/em><\/p>\n","protected":false},"excerpt":{"rendered":"<p>Gospo\u0111a Lindsay Holiday za YouTube kreira video uratke koji educiraju o povijesti. Njezini&nbsp; povijesni videozapisi usredoto\u010deni su na kraljevske obitelji, te uglavnom \u2018\u017eenske teme\u2019 kroz stolje\u0107a. Pridru\u017eila se YouTubeu 3. sije\u010dnja 2010. i prikupila je 553.000 pretplatnika do kraja studenog 2021. Nedavno je objavila i zanimljivi video o tome koje su kraljice u povijesti imale [&hellip;]<\/p>\n","protected":false},"author":2,"featured_media":176363,"comment_status":"closed","ping_status":"closed","sticky":false,"template":"","format":"standard","meta":{"h5ap_radio_sources":[],"footnotes":""},"categories":[1],"tags":[],"class_list":["post-176362","post","type-post","status-publish","format-standard","has-post-thumbnail","hentry","category-bihiregija"],"yoast_head":"<!-- This site is optimized with the Yoast SEO plugin v27.5 - https:\/\/yoast.com\/product\/yoast-seo-wordpress\/ -->\n<title>Zanimljivosti iz povijesti: Kraljice koje su imale najvi\u0161e djece - RADIO LJUBU\u0160KI<\/title>\n<meta name=\"robots\" content=\"index, follow, max-snippet:-1, max-image-preview:large, max-video-preview:-1\" \/>\n<link rel=\"canonical\" href=\"https:\/\/radioljubuski.ba\/index.php\/2022\/09\/05\/zanimljivosti-iz-povijesti-kraljice-koje-su-imale-najvise-djece\/\" \/>\n<meta property=\"og:locale\" content=\"hr_HR\" \/>\n<meta property=\"og:type\" content=\"article\" \/>\n<meta property=\"og:title\" content=\"Zanimljivosti iz povijesti: Kraljice koje su imale najvi\u0161e djece - RADIO LJUBU\u0160KI\" \/>\n<meta property=\"og:description\" content=\"Gospo\u0111a Lindsay Holiday za YouTube kreira video uratke koji educiraju o povijesti. Njezini&nbsp; povijesni videozapisi usredoto\u010deni su na kraljevske obitelji, te uglavnom \u2018\u017eenske teme\u2019 kroz stolje\u0107a. Pridru\u017eila se YouTubeu 3. sije\u010dnja 2010. i prikupila je 553.000 pretplatnika do kraja studenog 2021. Nedavno je objavila i zanimljivi video o tome koje su kraljice u povijesti imale [&hellip;]\" \/>\n<meta property=\"og:url\" content=\"https:\/\/radioljubuski.ba\/index.php\/2022\/09\/05\/zanimljivosti-iz-povijesti-kraljice-koje-su-imale-najvise-djece\/\" \/>\n<meta property=\"og:site_name\" content=\"RADIO LJUBU\u0160KI\" \/>\n<meta property=\"article:publisher\" content=\"https:\/\/www.facebook.com\/Radiio-Ljubuski-1490835324566332\" \/>\n<meta property=\"article:published_time\" content=\"2022-09-05T13:06:32+00:00\" \/>\n<meta property=\"article:modified_time\" content=\"2022-09-05T13:06:34+00:00\" \/>\n<meta property=\"og:image\" content=\"https:\/\/radioljubuski.ba\/wp-content\/uploads\/2022\/09\/kraljica.jpg\" \/>\n\t<meta property=\"og:image:width\" content=\"688\" \/>\n\t<meta property=\"og:image:height\" content=\"475\" \/>\n\t<meta property=\"og:image:type\" content=\"image\/jpeg\" \/>\n<meta name=\"author\" content=\"Radio Ljubu\u0161ki\" \/>\n<meta name=\"twitter:card\" content=\"summary_large_image\" \/>\n<meta name=\"twitter:creator\" content=\"@radioljubuski\" \/>\n<meta name=\"twitter:site\" content=\"@radioljubuski\" \/>\n<meta name=\"twitter:label1\" content=\"Napisao\/la\" \/>\n\t<meta name=\"twitter:data1\" content=\"Radio Ljubu\u0161ki\" \/>\n\t<meta name=\"twitter:label2\" content=\"Procijenjeno vrijeme \u010ditanja\" \/>\n\t<meta name=\"twitter:data2\" content=\"5 minuta\" \/>\n<script type=\"application\/ld+json\" class=\"yoast-schema-graph\">{\"@context\":\"https:\\\/\\\/schema.org\",\"@graph\":[{\"@type\":\"Article\",\"@id\":\"https:\\\/\\\/radioljubuski.ba\\\/index.php\\\/2022\\\/09\\\/05\\\/zanimljivosti-iz-povijesti-kraljice-koje-su-imale-najvise-djece\\\/#article\",\"isPartOf\":{\"@id\":\"https:\\\/\\\/radioljubuski.ba\\\/index.php\\\/2022\\\/09\\\/05\\\/zanimljivosti-iz-povijesti-kraljice-koje-su-imale-najvise-djece\\\/\"},\"author\":{\"name\":\"Radio Ljubu\u0161ki\",\"@id\":\"https:\\\/\\\/radioljubuski.ba\\\/#\\\/schema\\\/person\\\/19fc700381a780f69665d7956c469e3b\"},\"headline\":\"Zanimljivosti iz povijesti: Kraljice koje su imale najvi\u0161e djece\",\"datePublished\":\"2022-09-05T13:06:32+00:00\",\"dateModified\":\"2022-09-05T13:06:34+00:00\",\"mainEntityOfPage\":{\"@id\":\"https:\\\/\\\/radioljubuski.ba\\\/index.php\\\/2022\\\/09\\\/05\\\/zanimljivosti-iz-povijesti-kraljice-koje-su-imale-najvise-djece\\\/\"},\"wordCount\":985,\"publisher\":{\"@id\":\"https:\\\/\\\/radioljubuski.ba\\\/#organization\"},\"image\":{\"@id\":\"https:\\\/\\\/radioljubuski.ba\\\/index.php\\\/2022\\\/09\\\/05\\\/zanimljivosti-iz-povijesti-kraljice-koje-su-imale-najvise-djece\\\/#primaryimage\"},\"thumbnailUrl\":\"https:\\\/\\\/radioljubuski.ba\\\/wp-content\\\/uploads\\\/2022\\\/09\\\/kraljica.jpg\",\"articleSection\":[\"BIH i regija\"],\"inLanguage\":\"hr\"},{\"@type\":\"WebPage\",\"@id\":\"https:\\\/\\\/radioljubuski.ba\\\/index.php\\\/2022\\\/09\\\/05\\\/zanimljivosti-iz-povijesti-kraljice-koje-su-imale-najvise-djece\\\/\",\"url\":\"https:\\\/\\\/radioljubuski.ba\\\/index.php\\\/2022\\\/09\\\/05\\\/zanimljivosti-iz-povijesti-kraljice-koje-su-imale-najvise-djece\\\/\",\"name\":\"Zanimljivosti iz povijesti: Kraljice koje su imale najvi\u0161e djece - RADIO LJUBU\u0160KI\",\"isPartOf\":{\"@id\":\"https:\\\/\\\/radioljubuski.ba\\\/#website\"},\"primaryImageOfPage\":{\"@id\":\"https:\\\/\\\/radioljubuski.ba\\\/index.php\\\/2022\\\/09\\\/05\\\/zanimljivosti-iz-povijesti-kraljice-koje-su-imale-najvise-djece\\\/#primaryimage\"},\"image\":{\"@id\":\"https:\\\/\\\/radioljubuski.ba\\\/index.php\\\/2022\\\/09\\\/05\\\/zanimljivosti-iz-povijesti-kraljice-koje-su-imale-najvise-djece\\\/#primaryimage\"},\"thumbnailUrl\":\"https:\\\/\\\/radioljubuski.ba\\\/wp-content\\\/uploads\\\/2022\\\/09\\\/kraljica.jpg\",\"datePublished\":\"2022-09-05T13:06:32+00:00\",\"dateModified\":\"2022-09-05T13:06:34+00:00\",\"breadcrumb\":{\"@id\":\"https:\\\/\\\/radioljubuski.ba\\\/index.php\\\/2022\\\/09\\\/05\\\/zanimljivosti-iz-povijesti-kraljice-koje-su-imale-najvise-djece\\\/#breadcrumb\"},\"inLanguage\":\"hr\",\"potentialAction\":[{\"@type\":\"ReadAction\",\"target\":[\"https:\\\/\\\/radioljubuski.ba\\\/index.php\\\/2022\\\/09\\\/05\\\/zanimljivosti-iz-povijesti-kraljice-koje-su-imale-najvise-djece\\\/\"]}]},{\"@type\":\"ImageObject\",\"inLanguage\":\"hr\",\"@id\":\"https:\\\/\\\/radioljubuski.ba\\\/index.php\\\/2022\\\/09\\\/05\\\/zanimljivosti-iz-povijesti-kraljice-koje-su-imale-najvise-djece\\\/#primaryimage\",\"url\":\"https:\\\/\\\/radioljubuski.ba\\\/wp-content\\\/uploads\\\/2022\\\/09\\\/kraljica.jpg\",\"contentUrl\":\"https:\\\/\\\/radioljubuski.ba\\\/wp-content\\\/uploads\\\/2022\\\/09\\\/kraljica.jpg\",\"width\":688,\"height\":475},{\"@type\":\"BreadcrumbList\",\"@id\":\"https:\\\/\\\/radioljubuski.ba\\\/index.php\\\/2022\\\/09\\\/05\\\/zanimljivosti-iz-povijesti-kraljice-koje-su-imale-najvise-djece\\\/#breadcrumb\",\"itemListElement\":[{\"@type\":\"ListItem\",\"position\":1,\"name\":\"Po\u010detna stranica\",\"item\":\"https:\\\/\\\/radioljubuski.ba\\\/\"},{\"@type\":\"ListItem\",\"position\":2,\"name\":\"Zanimljivosti iz povijesti: Kraljice koje su imale najvi\u0161e djece\"}]},{\"@type\":\"WebSite\",\"@id\":\"https:\\\/\\\/radioljubuski.ba\\\/#website\",\"url\":\"https:\\\/\\\/radioljubuski.ba\\\/\",\"name\":\"Radio Ljubu\u0161ki\",\"description\":\"Sun\u010dana frekvencija Hercegovine\",\"publisher\":{\"@id\":\"https:\\\/\\\/radioljubuski.ba\\\/#organization\"},\"potentialAction\":[{\"@type\":\"SearchAction\",\"target\":{\"@type\":\"EntryPoint\",\"urlTemplate\":\"https:\\\/\\\/radioljubuski.ba\\\/?s={search_term_string}\"},\"query-input\":{\"@type\":\"PropertyValueSpecification\",\"valueRequired\":true,\"valueName\":\"search_term_string\"}}],\"inLanguage\":\"hr\"},{\"@type\":\"Organization\",\"@id\":\"https:\\\/\\\/radioljubuski.ba\\\/#organization\",\"name\":\"Radio Ljubu\u0161ki\",\"url\":\"https:\\\/\\\/radioljubuski.ba\\\/\",\"logo\":{\"@type\":\"ImageObject\",\"inLanguage\":\"hr\",\"@id\":\"https:\\\/\\\/radioljubuski.ba\\\/#\\\/schema\\\/logo\\\/image\\\/\",\"url\":\"https:\\\/\\\/radioljubuski.ba\\\/wp-content\\\/uploads\\\/2021\\\/02\\\/cropped-Radio_Ljubuski_logo1.jpg\",\"contentUrl\":\"https:\\\/\\\/radioljubuski.ba\\\/wp-content\\\/uploads\\\/2021\\\/02\\\/cropped-Radio_Ljubuski_logo1.jpg\",\"width\":512,\"height\":512,\"caption\":\"Radio Ljubu\u0161ki\"},\"image\":{\"@id\":\"https:\\\/\\\/radioljubuski.ba\\\/#\\\/schema\\\/logo\\\/image\\\/\"},\"sameAs\":[\"https:\\\/\\\/www.facebook.com\\\/Radiio-Ljubuski-1490835324566332\",\"https:\\\/\\\/x.com\\\/radioljubuski\",\"https:\\\/\\\/hr.linkedin.com\\\/company\\\/radio-ljubuski\",\"https:\\\/\\\/www.youtube.com\\\/channel\\\/UCHYaeO_n0Db3tjNGudGpXyw\"]},{\"@type\":\"Person\",\"@id\":\"https:\\\/\\\/radioljubuski.ba\\\/#\\\/schema\\\/person\\\/19fc700381a780f69665d7956c469e3b\",\"name\":\"Radio Ljubu\u0161ki\"}]}<\/script>\n<!-- \/ Yoast SEO plugin. -->","yoast_head_json":{"title":"Zanimljivosti iz povijesti: Kraljice koje su imale najvi\u0161e djece - RADIO LJUBU\u0160KI","robots":{"index":"index","follow":"follow","max-snippet":"max-snippet:-1","max-image-preview":"max-image-preview:large","max-video-preview":"max-video-preview:-1"},"canonical":"https:\/\/radioljubuski.ba\/index.php\/2022\/09\/05\/zanimljivosti-iz-povijesti-kraljice-koje-su-imale-najvise-djece\/","og_locale":"hr_HR","og_type":"article","og_title":"Zanimljivosti iz povijesti: Kraljice koje su imale najvi\u0161e djece - RADIO LJUBU\u0160KI","og_description":"Gospo\u0111a Lindsay Holiday za YouTube kreira video uratke koji educiraju o povijesti. Njezini&nbsp; povijesni videozapisi usredoto\u010deni su na kraljevske obitelji, te uglavnom \u2018\u017eenske teme\u2019 kroz stolje\u0107a. Pridru\u017eila se YouTubeu 3. sije\u010dnja 2010. i prikupila je 553.000 pretplatnika do kraja studenog 2021. Nedavno je objavila i zanimljivi video o tome koje su kraljice u povijesti imale [&hellip;]","og_url":"https:\/\/radioljubuski.ba\/index.php\/2022\/09\/05\/zanimljivosti-iz-povijesti-kraljice-koje-su-imale-najvise-djece\/","og_site_name":"RADIO LJUBU\u0160KI","article_publisher":"https:\/\/www.facebook.com\/Radiio-Ljubuski-1490835324566332","article_published_time":"2022-09-05T13:06:32+00:00","article_modified_time":"2022-09-05T13:06:34+00:00","og_image":[{"width":688,"height":475,"url":"https:\/\/radioljubuski.ba\/wp-content\/uploads\/2022\/09\/kraljica.jpg","type":"image\/jpeg"}],"author":"Radio Ljubu\u0161ki","twitter_card":"summary_large_image","twitter_creator":"@radioljubuski","twitter_site":"@radioljubuski","twitter_misc":{"Napisao\/la":"Radio Ljubu\u0161ki","Procijenjeno vrijeme \u010ditanja":"5 minuta"},"schema":{"@context":"https:\/\/schema.org","@graph":[{"@type":"Article","@id":"https:\/\/radioljubuski.ba\/index.php\/2022\/09\/05\/zanimljivosti-iz-povijesti-kraljice-koje-su-imale-najvise-djece\/#article","isPartOf":{"@id":"https:\/\/radioljubuski.ba\/index.php\/2022\/09\/05\/zanimljivosti-iz-povijesti-kraljice-koje-su-imale-najvise-djece\/"},"author":{"name":"Radio Ljubu\u0161ki","@id":"https:\/\/radioljubuski.ba\/#\/schema\/person\/19fc700381a780f69665d7956c469e3b"},"headline":"Zanimljivosti iz povijesti: Kraljice koje su imale najvi\u0161e djece","datePublished":"2022-09-05T13:06:32+00:00","dateModified":"2022-09-05T13:06:34+00:00","mainEntityOfPage":{"@id":"https:\/\/radioljubuski.ba\/index.php\/2022\/09\/05\/zanimljivosti-iz-povijesti-kraljice-koje-su-imale-najvise-djece\/"},"wordCount":985,"publisher":{"@id":"https:\/\/radioljubuski.ba\/#organization"},"image":{"@id":"https:\/\/radioljubuski.ba\/index.php\/2022\/09\/05\/zanimljivosti-iz-povijesti-kraljice-koje-su-imale-najvise-djece\/#primaryimage"},"thumbnailUrl":"https:\/\/radioljubuski.ba\/wp-content\/uploads\/2022\/09\/kraljica.jpg","articleSection":["BIH i regija"],"inLanguage":"hr"},{"@type":"WebPage","@id":"https:\/\/radioljubuski.ba\/index.php\/2022\/09\/05\/zanimljivosti-iz-povijesti-kraljice-koje-su-imale-najvise-djece\/","url":"https:\/\/radioljubuski.ba\/index.php\/2022\/09\/05\/zanimljivosti-iz-povijesti-kraljice-koje-su-imale-najvise-djece\/","name":"Zanimljivosti iz povijesti: Kraljice koje su imale najvi\u0161e djece - RADIO LJUBU\u0160KI","isPartOf":{"@id":"https:\/\/radioljubuski.ba\/#website"},"primaryImageOfPage":{"@id":"https:\/\/radioljubuski.ba\/index.php\/2022\/09\/05\/zanimljivosti-iz-povijesti-kraljice-koje-su-imale-najvise-djece\/#primaryimage"},"image":{"@id":"https:\/\/radioljubuski.ba\/index.php\/2022\/09\/05\/zanimljivosti-iz-povijesti-kraljice-koje-su-imale-najvise-djece\/#primaryimage"},"thumbnailUrl":"https:\/\/radioljubuski.ba\/wp-content\/uploads\/2022\/09\/kraljica.jpg","datePublished":"2022-09-05T13:06:32+00:00","dateModified":"2022-09-05T13:06:34+00:00","breadcrumb":{"@id":"https:\/\/radioljubuski.ba\/index.php\/2022\/09\/05\/zanimljivosti-iz-povijesti-kraljice-koje-su-imale-najvise-djece\/#breadcrumb"},"inLanguage":"hr","potentialAction":[{"@type":"ReadAction","target":["https:\/\/radioljubuski.ba\/index.php\/2022\/09\/05\/zanimljivosti-iz-povijesti-kraljice-koje-su-imale-najvise-djece\/"]}]},{"@type":"ImageObject","inLanguage":"hr","@id":"https:\/\/radioljubuski.ba\/index.php\/2022\/09\/05\/zanimljivosti-iz-povijesti-kraljice-koje-su-imale-najvise-djece\/#primaryimage","url":"https:\/\/radioljubuski.ba\/wp-content\/uploads\/2022\/09\/kraljica.jpg","contentUrl":"https:\/\/radioljubuski.ba\/wp-content\/uploads\/2022\/09\/kraljica.jpg","width":688,"height":475},{"@type":"BreadcrumbList","@id":"https:\/\/radioljubuski.ba\/index.php\/2022\/09\/05\/zanimljivosti-iz-povijesti-kraljice-koje-su-imale-najvise-djece\/#breadcrumb","itemListElement":[{"@type":"ListItem","position":1,"name":"Po\u010detna stranica","item":"https:\/\/radioljubuski.ba\/"},{"@type":"ListItem","position":2,"name":"Zanimljivosti iz povijesti: Kraljice koje su imale najvi\u0161e djece"}]},{"@type":"WebSite","@id":"https:\/\/radioljubuski.ba\/#website","url":"https:\/\/radioljubuski.ba\/","name":"Radio Ljubu\u0161ki","description":"Sun\u010dana frekvencija Hercegovine","publisher":{"@id":"https:\/\/radioljubuski.ba\/#organization"},"potentialAction":[{"@type":"SearchAction","target":{"@type":"EntryPoint","urlTemplate":"https:\/\/radioljubuski.ba\/?s={search_term_string}"},"query-input":{"@type":"PropertyValueSpecification","valueRequired":true,"valueName":"search_term_string"}}],"inLanguage":"hr"},{"@type":"Organization","@id":"https:\/\/radioljubuski.ba\/#organization","name":"Radio Ljubu\u0161ki","url":"https:\/\/radioljubuski.ba\/","logo":{"@type":"ImageObject","inLanguage":"hr","@id":"https:\/\/radioljubuski.ba\/#\/schema\/logo\/image\/","url":"https:\/\/radioljubuski.ba\/wp-content\/uploads\/2021\/02\/cropped-Radio_Ljubuski_logo1.jpg","contentUrl":"https:\/\/radioljubuski.ba\/wp-content\/uploads\/2021\/02\/cropped-Radio_Ljubuski_logo1.jpg","width":512,"height":512,"caption":"Radio Ljubu\u0161ki"},"image":{"@id":"https:\/\/radioljubuski.ba\/#\/schema\/logo\/image\/"},"sameAs":["https:\/\/www.facebook.com\/Radiio-Ljubuski-1490835324566332","https:\/\/x.com\/radioljubuski","https:\/\/hr.linkedin.com\/company\/radio-ljubuski","https:\/\/www.youtube.com\/channel\/UCHYaeO_n0Db3tjNGudGpXyw"]},{"@type":"Person","@id":"https:\/\/radioljubuski.ba\/#\/schema\/person\/19fc700381a780f69665d7956c469e3b","name":"Radio Ljubu\u0161ki"}]}},"_links":{"self":[{"href":"https:\/\/radioljubuski.ba\/index.php\/wp-json\/wp\/v2\/posts\/176362","targetHints":{"allow":["GET"]}}],"collection":[{"href":"https:\/\/radioljubuski.ba\/index.php\/wp-json\/wp\/v2\/posts"}],"about":[{"href":"https:\/\/radioljubuski.ba\/index.php\/wp-json\/wp\/v2\/types\/post"}],"author":[{"embeddable":true,"href":"https:\/\/radioljubuski.ba\/index.php\/wp-json\/wp\/v2\/users\/2"}],"replies":[{"embeddable":true,"href":"https:\/\/radioljubuski.ba\/index.php\/wp-json\/wp\/v2\/comments?post=176362"}],"version-history":[{"count":1,"href":"https:\/\/radioljubuski.ba\/index.php\/wp-json\/wp\/v2\/posts\/176362\/revisions"}],"predecessor-version":[{"id":176364,"href":"https:\/\/radioljubuski.ba\/index.php\/wp-json\/wp\/v2\/posts\/176362\/revisions\/176364"}],"wp:featuredmedia":[{"embeddable":true,"href":"https:\/\/radioljubuski.ba\/index.php\/wp-json\/wp\/v2\/media\/176363"}],"wp:attachment":[{"href":"https:\/\/radioljubuski.ba\/index.php\/wp-json\/wp\/v2\/media?parent=176362"}],"wp:term":[{"taxonomy":"category","embeddable":true,"href":"https:\/\/radioljubuski.ba\/index.php\/wp-json\/wp\/v2\/categories?post=176362"},{"taxonomy":"post_tag","embeddable":true,"href":"https:\/\/radioljubuski.ba\/index.php\/wp-json\/wp\/v2\/tags?post=176362"}],"curies":[{"name":"wp","href":"https:\/\/api.w.org\/{rel}","templated":true}]}}