{"id":176543,"date":"2022-09-06T10:47:25","date_gmt":"2022-09-06T09:47:25","guid":{"rendered":"https:\/\/radioljubuski.ba\/?p=176543"},"modified":"2022-09-06T13:23:34","modified_gmt":"2022-09-06T12:23:34","slug":"kovacic-lijep-je-osjecaj-doci-u-zagreb","status":"publish","type":"post","link":"https:\/\/radioljubuski.ba\/index.php\/2022\/09\/06\/kovacic-lijep-je-osjecaj-doci-u-zagreb\/","title":{"rendered":"Kova\u010di\u0107: Lijep je osje\u0107aj do\u0107i u Zagreb"},"content":{"rendered":"\n<p>Hrvatski reprezentativni veznjak Mateo Kova\u010di\u0107 igrat \u0107e sutra u dresu Chelseaja na otvaranju Lige prvaka protiv svojeg biv\u0161eg kluba zagreba\u010dkog Dinama.<\/p>\n\n\n\n<p>&#8211; Lijep je osje\u0107aj, \u010dim sam sletio u Zagreb, druga\u010diji je osje\u0107aj i vidjeti ljude na Maksimiru koje nisam vidio dugi niz godina. Tek sad vidim da samo oti\u0161ao prije puno godina, lijep je osje\u0107aj do\u0107i ovdje i gu\u0161tati na punom Maksimiru. Ja sam dinamovac i obo\u017eavao sam igrati za Dinamo, ali sad sam na suprotnoj stvari, rekao je nasmijani Kova\u010di\u0107 na konferenciji za medije.<\/p>\n\n\n\n<p>Imao je mnogo upita za karte sa svih strana.<br><br>&#8211; Morao sam nabaviti dosta karata, dolaze obitelj i prijatelji, oni su uzbu\u0111eniji \u0161to \u0107e me gledati tu. Bilo je puno upita, a drago mi je da sam mogao nabaviti koliko sam mogao, kazao je Mateo.<br><br>Otkrio je Mateo Kova\u010di\u0107 da je nahvalio&nbsp;<strong>Jo\u0161ka Gvardiola<\/strong>&nbsp;za kojeg se raspitivao Chelsea u ovom ljetnom prijelaznom roku.<br><br>&#8211; Nadam se da \u0107emo jednom biti i suigra\u010di i u klubu, rekao je Kova\u010di\u0107.<\/p>\n\n\n\n<p>Izvor:pogled.ba\/hrt.hr<\/p>\n","protected":false},"excerpt":{"rendered":"<p>Hrvatski reprezentativni veznjak Mateo Kova\u010di\u0107 igrat \u0107e sutra u dresu Chelseaja na otvaranju Lige prvaka protiv svojeg biv\u0161eg kluba zagreba\u010dkog Dinama. &#8211; Lijep je osje\u0107aj, \u010dim sam sletio u Zagreb, druga\u010diji je osje\u0107aj i vidjeti ljude na Maksimiru koje nisam vidio dugi niz godina. Tek sad vidim da samo oti\u0161ao prije puno godina, lijep je [&hellip;]<\/p>\n","protected":false},"author":2,"featured_media":176544,"comment_status":"closed","ping_status":"closed","sticky":false,"template":"","format":"standard","meta":{"h5ap_radio_sources":[],"footnotes":""},"categories":[7],"tags":[],"class_list":["post-176543","post","type-post","status-publish","format-standard","has-post-thumbnail","hentry","category-sport"],"yoast_head":"<!-- This site is optimized with the Yoast SEO plugin v27.5 - https:\/\/yoast.com\/product\/yoast-seo-wordpress\/ -->\n<title>Kova\u010di\u0107: Lijep je osje\u0107aj do\u0107i u Zagreb - RADIO LJUBU\u0160KI<\/title>\n<meta name=\"robots\" content=\"index, follow, max-snippet:-1, max-image-preview:large, max-video-preview:-1\" \/>\n<link rel=\"canonical\" href=\"https:\/\/radioljubuski.ba\/index.php\/2022\/09\/06\/kovacic-lijep-je-osjecaj-doci-u-zagreb\/\" \/>\n<meta property=\"og:locale\" content=\"hr_HR\" \/>\n<meta property=\"og:type\" content=\"article\" \/>\n<meta property=\"og:title\" content=\"Kova\u010di\u0107: Lijep je osje\u0107aj do\u0107i u Zagreb - RADIO LJUBU\u0160KI\" \/>\n<meta property=\"og:description\" content=\"Hrvatski reprezentativni veznjak Mateo Kova\u010di\u0107 igrat \u0107e sutra u dresu Chelseaja na otvaranju Lige prvaka protiv svojeg biv\u0161eg kluba zagreba\u010dkog Dinama. &#8211; Lijep je osje\u0107aj, \u010dim sam sletio u Zagreb, druga\u010diji je osje\u0107aj i vidjeti ljude na Maksimiru koje nisam vidio dugi niz godina. Tek sad vidim da samo oti\u0161ao prije puno godina, lijep je [&hellip;]\" \/>\n<meta property=\"og:url\" content=\"https:\/\/radioljubuski.ba\/index.php\/2022\/09\/06\/kovacic-lijep-je-osjecaj-doci-u-zagreb\/\" \/>\n<meta property=\"og:site_name\" content=\"RADIO LJUBU\u0160KI\" \/>\n<meta property=\"article:publisher\" content=\"https:\/\/www.facebook.com\/Radiio-Ljubuski-1490835324566332\" \/>\n<meta property=\"article:published_time\" content=\"2022-09-06T09:47:25+00:00\" \/>\n<meta property=\"article:modified_time\" content=\"2022-09-06T12:23:34+00:00\" \/>\n<meta property=\"og:image\" content=\"https:\/\/radioljubuski.ba\/wp-content\/uploads\/2022\/09\/10-2022-09-05-19-36-48-Snimka-zaslona-2022-09-05-193546.jpg\" \/>\n\t<meta property=\"og:image:width\" content=\"1000\" \/>\n\t<meta property=\"og:image:height\" content=\"625\" \/>\n\t<meta property=\"og:image:type\" content=\"image\/jpeg\" \/>\n<meta name=\"author\" content=\"Radio Ljubu\u0161ki\" \/>\n<meta name=\"twitter:card\" content=\"summary_large_image\" \/>\n<meta name=\"twitter:creator\" content=\"@radioljubuski\" \/>\n<meta name=\"twitter:site\" content=\"@radioljubuski\" \/>\n<meta name=\"twitter:label1\" content=\"Napisao\/la\" \/>\n\t<meta name=\"twitter:data1\" content=\"Radio Ljubu\u0161ki\" \/>\n\t<meta name=\"twitter:label2\" content=\"Procijenjeno vrijeme \u010ditanja\" \/>\n\t<meta name=\"twitter:data2\" content=\"1 minuta\" \/>\n<script type=\"application\/ld+json\" class=\"yoast-schema-graph\">{\"@context\":\"https:\\\/\\\/schema.org\",\"@graph\":[{\"@type\":\"Article\",\"@id\":\"https:\\\/\\\/radioljubuski.ba\\\/index.php\\\/2022\\\/09\\\/06\\\/kovacic-lijep-je-osjecaj-doci-u-zagreb\\\/#article\",\"isPartOf\":{\"@id\":\"https:\\\/\\\/radioljubuski.ba\\\/index.php\\\/2022\\\/09\\\/06\\\/kovacic-lijep-je-osjecaj-doci-u-zagreb\\\/\"},\"author\":{\"name\":\"Radio Ljubu\u0161ki\",\"@id\":\"https:\\\/\\\/radioljubuski.ba\\\/#\\\/schema\\\/person\\\/19fc700381a780f69665d7956c469e3b\"},\"headline\":\"Kova\u010di\u0107: Lijep je osje\u0107aj do\u0107i u Zagreb\",\"datePublished\":\"2022-09-06T09:47:25+00:00\",\"dateModified\":\"2022-09-06T12:23:34+00:00\",\"mainEntityOfPage\":{\"@id\":\"https:\\\/\\\/radioljubuski.ba\\\/index.php\\\/2022\\\/09\\\/06\\\/kovacic-lijep-je-osjecaj-doci-u-zagreb\\\/\"},\"wordCount\":199,\"publisher\":{\"@id\":\"https:\\\/\\\/radioljubuski.ba\\\/#organization\"},\"image\":{\"@id\":\"https:\\\/\\\/radioljubuski.ba\\\/index.php\\\/2022\\\/09\\\/06\\\/kovacic-lijep-je-osjecaj-doci-u-zagreb\\\/#primaryimage\"},\"thumbnailUrl\":\"https:\\\/\\\/radioljubuski.ba\\\/wp-content\\\/uploads\\\/2022\\\/09\\\/10-2022-09-05-19-36-48-Snimka-zaslona-2022-09-05-193546.jpg\",\"articleSection\":[\"\u0160port\"],\"inLanguage\":\"hr\"},{\"@type\":\"WebPage\",\"@id\":\"https:\\\/\\\/radioljubuski.ba\\\/index.php\\\/2022\\\/09\\\/06\\\/kovacic-lijep-je-osjecaj-doci-u-zagreb\\\/\",\"url\":\"https:\\\/\\\/radioljubuski.ba\\\/index.php\\\/2022\\\/09\\\/06\\\/kovacic-lijep-je-osjecaj-doci-u-zagreb\\\/\",\"name\":\"Kova\u010di\u0107: Lijep je osje\u0107aj do\u0107i u Zagreb - RADIO LJUBU\u0160KI\",\"isPartOf\":{\"@id\":\"https:\\\/\\\/radioljubuski.ba\\\/#website\"},\"primaryImageOfPage\":{\"@id\":\"https:\\\/\\\/radioljubuski.ba\\\/index.php\\\/2022\\\/09\\\/06\\\/kovacic-lijep-je-osjecaj-doci-u-zagreb\\\/#primaryimage\"},\"image\":{\"@id\":\"https:\\\/\\\/radioljubuski.ba\\\/index.php\\\/2022\\\/09\\\/06\\\/kovacic-lijep-je-osjecaj-doci-u-zagreb\\\/#primaryimage\"},\"thumbnailUrl\":\"https:\\\/\\\/radioljubuski.ba\\\/wp-content\\\/uploads\\\/2022\\\/09\\\/10-2022-09-05-19-36-48-Snimka-zaslona-2022-09-05-193546.jpg\",\"datePublished\":\"2022-09-06T09:47:25+00:00\",\"dateModified\":\"2022-09-06T12:23:34+00:00\",\"breadcrumb\":{\"@id\":\"https:\\\/\\\/radioljubuski.ba\\\/index.php\\\/2022\\\/09\\\/06\\\/kovacic-lijep-je-osjecaj-doci-u-zagreb\\\/#breadcrumb\"},\"inLanguage\":\"hr\",\"potentialAction\":[{\"@type\":\"ReadAction\",\"target\":[\"https:\\\/\\\/radioljubuski.ba\\\/index.php\\\/2022\\\/09\\\/06\\\/kovacic-lijep-je-osjecaj-doci-u-zagreb\\\/\"]}]},{\"@type\":\"ImageObject\",\"inLanguage\":\"hr\",\"@id\":\"https:\\\/\\\/radioljubuski.ba\\\/index.php\\\/2022\\\/09\\\/06\\\/kovacic-lijep-je-osjecaj-doci-u-zagreb\\\/#primaryimage\",\"url\":\"https:\\\/\\\/radioljubuski.ba\\\/wp-content\\\/uploads\\\/2022\\\/09\\\/10-2022-09-05-19-36-48-Snimka-zaslona-2022-09-05-193546.jpg\",\"contentUrl\":\"https:\\\/\\\/radioljubuski.ba\\\/wp-content\\\/uploads\\\/2022\\\/09\\\/10-2022-09-05-19-36-48-Snimka-zaslona-2022-09-05-193546.jpg\",\"width\":1000,\"height\":625},{\"@type\":\"BreadcrumbList\",\"@id\":\"https:\\\/\\\/radioljubuski.ba\\\/index.php\\\/2022\\\/09\\\/06\\\/kovacic-lijep-je-osjecaj-doci-u-zagreb\\\/#breadcrumb\",\"itemListElement\":[{\"@type\":\"ListItem\",\"position\":1,\"name\":\"Po\u010detna stranica\",\"item\":\"https:\\\/\\\/radioljubuski.ba\\\/\"},{\"@type\":\"ListItem\",\"position\":2,\"name\":\"Kova\u010di\u0107: Lijep je osje\u0107aj do\u0107i u Zagreb\"}]},{\"@type\":\"WebSite\",\"@id\":\"https:\\\/\\\/radioljubuski.ba\\\/#website\",\"url\":\"https:\\\/\\\/radioljubuski.ba\\\/\",\"name\":\"Radio Ljubu\u0161ki\",\"description\":\"Sun\u010dana frekvencija Hercegovine\",\"publisher\":{\"@id\":\"https:\\\/\\\/radioljubuski.ba\\\/#organization\"},\"potentialAction\":[{\"@type\":\"SearchAction\",\"target\":{\"@type\":\"EntryPoint\",\"urlTemplate\":\"https:\\\/\\\/radioljubuski.ba\\\/?s={search_term_string}\"},\"query-input\":{\"@type\":\"PropertyValueSpecification\",\"valueRequired\":true,\"valueName\":\"search_term_string\"}}],\"inLanguage\":\"hr\"},{\"@type\":\"Organization\",\"@id\":\"https:\\\/\\\/radioljubuski.ba\\\/#organization\",\"name\":\"Radio Ljubu\u0161ki\",\"url\":\"https:\\\/\\\/radioljubuski.ba\\\/\",\"logo\":{\"@type\":\"ImageObject\",\"inLanguage\":\"hr\",\"@id\":\"https:\\\/\\\/radioljubuski.ba\\\/#\\\/schema\\\/logo\\\/image\\\/\",\"url\":\"https:\\\/\\\/radioljubuski.ba\\\/wp-content\\\/uploads\\\/2021\\\/02\\\/cropped-Radio_Ljubuski_logo1.jpg\",\"contentUrl\":\"https:\\\/\\\/radioljubuski.ba\\\/wp-content\\\/uploads\\\/2021\\\/02\\\/cropped-Radio_Ljubuski_logo1.jpg\",\"width\":512,\"height\":512,\"caption\":\"Radio Ljubu\u0161ki\"},\"image\":{\"@id\":\"https:\\\/\\\/radioljubuski.ba\\\/#\\\/schema\\\/logo\\\/image\\\/\"},\"sameAs\":[\"https:\\\/\\\/www.facebook.com\\\/Radiio-Ljubuski-1490835324566332\",\"https:\\\/\\\/x.com\\\/radioljubuski\",\"https:\\\/\\\/hr.linkedin.com\\\/company\\\/radio-ljubuski\",\"https:\\\/\\\/www.youtube.com\\\/channel\\\/UCHYaeO_n0Db3tjNGudGpXyw\"]},{\"@type\":\"Person\",\"@id\":\"https:\\\/\\\/radioljubuski.ba\\\/#\\\/schema\\\/person\\\/19fc700381a780f69665d7956c469e3b\",\"name\":\"Radio Ljubu\u0161ki\"}]}<\/script>\n<!-- \/ Yoast SEO plugin. -->","yoast_head_json":{"title":"Kova\u010di\u0107: Lijep je osje\u0107aj do\u0107i u Zagreb - RADIO LJUBU\u0160KI","robots":{"index":"index","follow":"follow","max-snippet":"max-snippet:-1","max-image-preview":"max-image-preview:large","max-video-preview":"max-video-preview:-1"},"canonical":"https:\/\/radioljubuski.ba\/index.php\/2022\/09\/06\/kovacic-lijep-je-osjecaj-doci-u-zagreb\/","og_locale":"hr_HR","og_type":"article","og_title":"Kova\u010di\u0107: Lijep je osje\u0107aj do\u0107i u Zagreb - RADIO LJUBU\u0160KI","og_description":"Hrvatski reprezentativni veznjak Mateo Kova\u010di\u0107 igrat \u0107e sutra u dresu Chelseaja na otvaranju Lige prvaka protiv svojeg biv\u0161eg kluba zagreba\u010dkog Dinama. &#8211; Lijep je osje\u0107aj, \u010dim sam sletio u Zagreb, druga\u010diji je osje\u0107aj i vidjeti ljude na Maksimiru koje nisam vidio dugi niz godina. Tek sad vidim da samo oti\u0161ao prije puno godina, lijep je [&hellip;]","og_url":"https:\/\/radioljubuski.ba\/index.php\/2022\/09\/06\/kovacic-lijep-je-osjecaj-doci-u-zagreb\/","og_site_name":"RADIO LJUBU\u0160KI","article_publisher":"https:\/\/www.facebook.com\/Radiio-Ljubuski-1490835324566332","article_published_time":"2022-09-06T09:47:25+00:00","article_modified_time":"2022-09-06T12:23:34+00:00","og_image":[{"width":1000,"height":625,"url":"https:\/\/radioljubuski.ba\/wp-content\/uploads\/2022\/09\/10-2022-09-05-19-36-48-Snimka-zaslona-2022-09-05-193546.jpg","type":"image\/jpeg"}],"author":"Radio Ljubu\u0161ki","twitter_card":"summary_large_image","twitter_creator":"@radioljubuski","twitter_site":"@radioljubuski","twitter_misc":{"Napisao\/la":"Radio Ljubu\u0161ki","Procijenjeno vrijeme \u010ditanja":"1 minuta"},"schema":{"@context":"https:\/\/schema.org","@graph":[{"@type":"Article","@id":"https:\/\/radioljubuski.ba\/index.php\/2022\/09\/06\/kovacic-lijep-je-osjecaj-doci-u-zagreb\/#article","isPartOf":{"@id":"https:\/\/radioljubuski.ba\/index.php\/2022\/09\/06\/kovacic-lijep-je-osjecaj-doci-u-zagreb\/"},"author":{"name":"Radio Ljubu\u0161ki","@id":"https:\/\/radioljubuski.ba\/#\/schema\/person\/19fc700381a780f69665d7956c469e3b"},"headline":"Kova\u010di\u0107: Lijep je osje\u0107aj do\u0107i u Zagreb","datePublished":"2022-09-06T09:47:25+00:00","dateModified":"2022-09-06T12:23:34+00:00","mainEntityOfPage":{"@id":"https:\/\/radioljubuski.ba\/index.php\/2022\/09\/06\/kovacic-lijep-je-osjecaj-doci-u-zagreb\/"},"wordCount":199,"publisher":{"@id":"https:\/\/radioljubuski.ba\/#organization"},"image":{"@id":"https:\/\/radioljubuski.ba\/index.php\/2022\/09\/06\/kovacic-lijep-je-osjecaj-doci-u-zagreb\/#primaryimage"},"thumbnailUrl":"https:\/\/radioljubuski.ba\/wp-content\/uploads\/2022\/09\/10-2022-09-05-19-36-48-Snimka-zaslona-2022-09-05-193546.jpg","articleSection":["\u0160port"],"inLanguage":"hr"},{"@type":"WebPage","@id":"https:\/\/radioljubuski.ba\/index.php\/2022\/09\/06\/kovacic-lijep-je-osjecaj-doci-u-zagreb\/","url":"https:\/\/radioljubuski.ba\/index.php\/2022\/09\/06\/kovacic-lijep-je-osjecaj-doci-u-zagreb\/","name":"Kova\u010di\u0107: Lijep je osje\u0107aj do\u0107i u Zagreb - RADIO LJUBU\u0160KI","isPartOf":{"@id":"https:\/\/radioljubuski.ba\/#website"},"primaryImageOfPage":{"@id":"https:\/\/radioljubuski.ba\/index.php\/2022\/09\/06\/kovacic-lijep-je-osjecaj-doci-u-zagreb\/#primaryimage"},"image":{"@id":"https:\/\/radioljubuski.ba\/index.php\/2022\/09\/06\/kovacic-lijep-je-osjecaj-doci-u-zagreb\/#primaryimage"},"thumbnailUrl":"https:\/\/radioljubuski.ba\/wp-content\/uploads\/2022\/09\/10-2022-09-05-19-36-48-Snimka-zaslona-2022-09-05-193546.jpg","datePublished":"2022-09-06T09:47:25+00:00","dateModified":"2022-09-06T12:23:34+00:00","breadcrumb":{"@id":"https:\/\/radioljubuski.ba\/index.php\/2022\/09\/06\/kovacic-lijep-je-osjecaj-doci-u-zagreb\/#breadcrumb"},"inLanguage":"hr","potentialAction":[{"@type":"ReadAction","target":["https:\/\/radioljubuski.ba\/index.php\/2022\/09\/06\/kovacic-lijep-je-osjecaj-doci-u-zagreb\/"]}]},{"@type":"ImageObject","inLanguage":"hr","@id":"https:\/\/radioljubuski.ba\/index.php\/2022\/09\/06\/kovacic-lijep-je-osjecaj-doci-u-zagreb\/#primaryimage","url":"https:\/\/radioljubuski.ba\/wp-content\/uploads\/2022\/09\/10-2022-09-05-19-36-48-Snimka-zaslona-2022-09-05-193546.jpg","contentUrl":"https:\/\/radioljubuski.ba\/wp-content\/uploads\/2022\/09\/10-2022-09-05-19-36-48-Snimka-zaslona-2022-09-05-193546.jpg","width":1000,"height":625},{"@type":"BreadcrumbList","@id":"https:\/\/radioljubuski.ba\/index.php\/2022\/09\/06\/kovacic-lijep-je-osjecaj-doci-u-zagreb\/#breadcrumb","itemListElement":[{"@type":"ListItem","position":1,"name":"Po\u010detna stranica","item":"https:\/\/radioljubuski.ba\/"},{"@type":"ListItem","position":2,"name":"Kova\u010di\u0107: Lijep je osje\u0107aj do\u0107i u Zagreb"}]},{"@type":"WebSite","@id":"https:\/\/radioljubuski.ba\/#website","url":"https:\/\/radioljubuski.ba\/","name":"Radio Ljubu\u0161ki","description":"Sun\u010dana frekvencija Hercegovine","publisher":{"@id":"https:\/\/radioljubuski.ba\/#organization"},"potentialAction":[{"@type":"SearchAction","target":{"@type":"EntryPoint","urlTemplate":"https:\/\/radioljubuski.ba\/?s={search_term_string}"},"query-input":{"@type":"PropertyValueSpecification","valueRequired":true,"valueName":"search_term_string"}}],"inLanguage":"hr"},{"@type":"Organization","@id":"https:\/\/radioljubuski.ba\/#organization","name":"Radio Ljubu\u0161ki","url":"https:\/\/radioljubuski.ba\/","logo":{"@type":"ImageObject","inLanguage":"hr","@id":"https:\/\/radioljubuski.ba\/#\/schema\/logo\/image\/","url":"https:\/\/radioljubuski.ba\/wp-content\/uploads\/2021\/02\/cropped-Radio_Ljubuski_logo1.jpg","contentUrl":"https:\/\/radioljubuski.ba\/wp-content\/uploads\/2021\/02\/cropped-Radio_Ljubuski_logo1.jpg","width":512,"height":512,"caption":"Radio Ljubu\u0161ki"},"image":{"@id":"https:\/\/radioljubuski.ba\/#\/schema\/logo\/image\/"},"sameAs":["https:\/\/www.facebook.com\/Radiio-Ljubuski-1490835324566332","https:\/\/x.com\/radioljubuski","https:\/\/hr.linkedin.com\/company\/radio-ljubuski","https:\/\/www.youtube.com\/channel\/UCHYaeO_n0Db3tjNGudGpXyw"]},{"@type":"Person","@id":"https:\/\/radioljubuski.ba\/#\/schema\/person\/19fc700381a780f69665d7956c469e3b","name":"Radio Ljubu\u0161ki"}]}},"_links":{"self":[{"href":"https:\/\/radioljubuski.ba\/index.php\/wp-json\/wp\/v2\/posts\/176543","targetHints":{"allow":["GET"]}}],"collection":[{"href":"https:\/\/radioljubuski.ba\/index.php\/wp-json\/wp\/v2\/posts"}],"about":[{"href":"https:\/\/radioljubuski.ba\/index.php\/wp-json\/wp\/v2\/types\/post"}],"author":[{"embeddable":true,"href":"https:\/\/radioljubuski.ba\/index.php\/wp-json\/wp\/v2\/users\/2"}],"replies":[{"embeddable":true,"href":"https:\/\/radioljubuski.ba\/index.php\/wp-json\/wp\/v2\/comments?post=176543"}],"version-history":[{"count":1,"href":"https:\/\/radioljubuski.ba\/index.php\/wp-json\/wp\/v2\/posts\/176543\/revisions"}],"predecessor-version":[{"id":176545,"href":"https:\/\/radioljubuski.ba\/index.php\/wp-json\/wp\/v2\/posts\/176543\/revisions\/176545"}],"wp:featuredmedia":[{"embeddable":true,"href":"https:\/\/radioljubuski.ba\/index.php\/wp-json\/wp\/v2\/media\/176544"}],"wp:attachment":[{"href":"https:\/\/radioljubuski.ba\/index.php\/wp-json\/wp\/v2\/media?parent=176543"}],"wp:term":[{"taxonomy":"category","embeddable":true,"href":"https:\/\/radioljubuski.ba\/index.php\/wp-json\/wp\/v2\/categories?post=176543"},{"taxonomy":"post_tag","embeddable":true,"href":"https:\/\/radioljubuski.ba\/index.php\/wp-json\/wp\/v2\/tags?post=176543"}],"curies":[{"name":"wp","href":"https:\/\/api.w.org\/{rel}","templated":true}]}}