{"id":17659,"date":"2021-05-01T11:21:10","date_gmt":"2021-05-01T10:21:10","guid":{"rendered":"https:\/\/radioljubuski.ba\/?p=17659"},"modified":"2021-05-01T11:21:10","modified_gmt":"2021-05-01T10:21:10","slug":"larissa-kalaus-finale-s-malagom-nam-je-nova-prilika-za-dokazivanje","status":"publish","type":"post","link":"https:\/\/radioljubuski.ba\/index.php\/2021\/05\/01\/larissa-kalaus-finale-s-malagom-nam-je-nova-prilika-za-dokazivanje\/","title":{"rendered":"Larissa Kalaus: Finale s Malagom nam je nova prilika za dokazivanje"},"content":{"rendered":"\n<p>Rukometa\u0161ice zagreba\u010dke Lokomotive otputovale su u petak ujutro u \u0160panjolsku gdje \u0107e u subotu od 19 sati igrati protiv Malage prvu utakmicu finala EHF Europskog kupa.&nbsp;<\/p>\n\n\n\n<p>Lokomotiva \u0107e protiv Malage poku\u0161ati osvojiti tre\u0107i europski pehar u povijesti.<br><br>&#8211; Ovo nam je jo\u0161 jedna velika prilika da se doka\u017eemo na europskoj razini, kao \u0161to smo se dokazale kada smo igrale prvi put u finalu i osvojile ovo natjecanje, rekla kapetanica <strong>Larissa Kalaus<\/strong> (24) za Hinu uo\u010di polaska na put.<br><br>Lokomotiva je osvojila EHF Europski kup godine 2017. godine, kada je najbolji strijelac natjecanja bila njena vanjska igra\u010dica <strong>Stela Posavec<\/strong>, a ima i naslov EHF kupa iz 1991. godine.<br><br>Lokomotiva je otputovala iz Zagreba preko Istanbula za M\u00e1lagu gdje bi trebala sletjeti kasno popodne pa trenirati u 19.30 sati. Ekipa je otputovala u najja\u010dem sastavu, no bez trenera <strong>Nenada \u0160o\u0161tari\u0107a<\/strong> (62) koji se oporavlja od posljedica infekcije koronavirusom.<br><br>&#8211; Trener ne ide prvenstveno zbog dalekog puta i stresa koji nosi ta utakmica, ali o\u010dekujemo da od idu\u0107eg tjedna bude s nama za uzvratnu utakmicu u Zagrebu. O\u010dekujemo dobru utakmicu. Nas osam iz reprezentacije Hrvatske smo okosnica ekipe, dugi niz godina smo zajedno pa stoga vjerujem da nam niti izostanak trenera ne\u0107e naru\u0161iti na\u0161 na\u010din igre. Borit \u0107emo se i za njega. O\u010dekujemo jako dobru borbu u obje utakmice, pogotovo u ovoj prvoj jer je dozvoljen dolazak gledatelja. Vjerujem da \u0107e to igrati na stranu doma\u0107ina ali i nama \u0107e biti zadovoljstvo jer dulje vrijeme igramo pred praznim tribinama, rekla je Larissa.<br><br>Utakmica u gradskoj dvorani &#8220;Pabellon de Ciudad Jardin&#8221; igrat \u0107e se pred 400 gledatelja, \u0161to je 10 posto kapaciteta dvorane. Ondje \u0107e Lokomotivu voditi trenerica iz druge mom\u010dadi <strong>Iva Kanjugovi\u0107<\/strong> kojoj je \u0160o\u0161tari\u0107 mentor.<\/p>\n\n\n\n<p>Larissa je tako\u0111er bila u izolaciji zbog koronavirusa, ali sada se poput ostalih igra\u010dica osje\u0107a dobro i spremno. Lokomotiva je u utorak u \u010detvrtfinalu Hrvatskog kupa pobijedila protiv Sesveta 34-23 pod vodstvom trenerice Kanjugovi\u0107, a u srijedu su se igra\u010dice testirale uo\u010di polaska na jug \u0160panjolske i sve su bile negativne na koronavirus.<br><br>&#8211; Imale smo podu\u017eu stanku od utakmica jer se u Hrvatskoj privremeno prekinula liga pa smo odigrale samo tu jednu utakmicu, a prije toga bile dosta dugo u izolaciji. To se mo\u017ee gledati kao nedostatak zbog finesa koje bi nam mogle nedostajati bez igranja niza utakmica, ali to mo\u017ee biti i prednost jer smo \u017eeljne igre, \u017eeljne te borbe i natjecateljskog \u017eara. Vidjet \u0107emo sve u subotu, izjavila je Larissa koja je s pozicije lijeve vanjske igra\u010dice bila najbolji strijelac EHF Europskog kupa 2018. godine.<br><br>Lokomotiva, drugoplasirana mom\u010dad hrvatskog prvenstva, posljednju prvenstvenu utakmicu odigrala je 30. o\u017eujka.<br><br>&#8220;Lokosice&#8221; su do europskog finala do\u0161la eliminirav\u0161i talijanske ekipe Mestrino i Jomi Salerno pa \u010de\u0161ku Slaviju Prag. Kroz polufinale su pro\u0161le bez borbe jer su suparnice iz turskog Yalikavaksportsa imale zara\u017eene osobe koronavirusom pa zbog razdoblja koje su igra\u010dice morale pro\u0107i u izolaciji nisu mogle doputovati u Zagreb.<br><br>Protivnicama u finalu Malagi ovo je tre\u0107i izlazak u Europu od kada je klub osnovan 1994. godine. &#8220;Pantere&#8221;, kako im je nadimak zbog crne boje dresova, do\u0161le su do \u010detvrtfinala EHF Europskog kupa 2018. i 2019. godine.<br><br>&#8211; Igra\u010dice Malage su dosta brze, rekla je Larissa o \u010detvrtoplasiranoj mom\u010dadi \u0161panjolskog prvenstva.<br><br>Malaga, koja je opasna iz kontranapada, na putu do finala je svladala islandski Valur, austrijski Neustadt, srpski Ni\u0161, gr\u010dki PAOK pa u polufinalu poznanika iz \u0161panjolskog prvenstva Atletico Guardes. U sjevernoj pokrajini Galiciji pobijedila je 23-18, a u svojoj Malagi 21-19.<br><br>&#8211; Tijekom \u010ditave sezone nas je karakterizirala dobra obrana, uz veliki doprinos na\u0161ih golmanica na vratima. To je bilo klju\u010dno za prolazak sve do finala. Upravo je to segment u kojem smo najbolje ove sezone, rekla je <strong>Soledad Lopez Jimenez<\/strong> (29), kapetanica Malage koja je s lijevog krila zabila 68 golova u Europi, najvi\u0161e u redovima Malage.<br><br>Lokomotiva je u proteklih pet godina odigrala \u010detiri utakmice sa \u0161panjolskim mom\u010dadima, i to sve protiv Rocasa Gran Canarije. Ima pobjedu, poraz i dva remija.<\/p>\n\n\n\n<p>Izvor:hrt.hr<\/p>\n","protected":false},"excerpt":{"rendered":"<p>Rukometa\u0161ice zagreba\u010dke Lokomotive otputovale su u petak ujutro u \u0160panjolsku gdje \u0107e u subotu od 19 sati igrati protiv Malage prvu utakmicu finala EHF Europskog kupa.&nbsp; Lokomotiva \u0107e protiv Malage poku\u0161ati osvojiti tre\u0107i europski pehar u povijesti. &#8211; Ovo nam je jo\u0161 jedna velika prilika da se doka\u017eemo na europskoj razini, kao \u0161to smo se [&hellip;]<\/p>\n","protected":false},"author":2,"featured_media":17660,"comment_status":"closed","ping_status":"closed","sticky":false,"template":"","format":"standard","meta":{"h5ap_radio_sources":[],"footnotes":""},"categories":[1],"tags":[],"class_list":["post-17659","post","type-post","status-publish","format-standard","has-post-thumbnail","hentry","category-bihiregija"],"yoast_head":"<!-- This site is optimized with the Yoast SEO plugin v27.4 - https:\/\/yoast.com\/product\/yoast-seo-wordpress\/ -->\n<title>Larissa Kalaus: Finale s Malagom nam je nova prilika za dokazivanje - RADIO LJUBU\u0160KI<\/title>\n<meta name=\"robots\" content=\"index, follow, max-snippet:-1, max-image-preview:large, max-video-preview:-1\" \/>\n<link rel=\"canonical\" href=\"https:\/\/radioljubuski.ba\/index.php\/2021\/05\/01\/larissa-kalaus-finale-s-malagom-nam-je-nova-prilika-za-dokazivanje\/\" \/>\n<meta property=\"og:locale\" content=\"hr_HR\" \/>\n<meta property=\"og:type\" content=\"article\" \/>\n<meta property=\"og:title\" content=\"Larissa Kalaus: Finale s Malagom nam je nova prilika za dokazivanje - RADIO LJUBU\u0160KI\" \/>\n<meta property=\"og:description\" content=\"Rukometa\u0161ice zagreba\u010dke Lokomotive otputovale su u petak ujutro u \u0160panjolsku gdje \u0107e u subotu od 19 sati igrati protiv Malage prvu utakmicu finala EHF Europskog kupa.&nbsp; Lokomotiva \u0107e protiv Malage poku\u0161ati osvojiti tre\u0107i europski pehar u povijesti. &#8211; Ovo nam je jo\u0161 jedna velika prilika da se doka\u017eemo na europskoj razini, kao \u0161to smo se [&hellip;]\" \/>\n<meta property=\"og:url\" content=\"https:\/\/radioljubuski.ba\/index.php\/2021\/05\/01\/larissa-kalaus-finale-s-malagom-nam-je-nova-prilika-za-dokazivanje\/\" \/>\n<meta property=\"og:site_name\" content=\"RADIO LJUBU\u0160KI\" \/>\n<meta property=\"article:publisher\" content=\"https:\/\/www.facebook.com\/Radiio-Ljubuski-1490835324566332\" \/>\n<meta property=\"article:published_time\" content=\"2021-05-01T10:21:10+00:00\" \/>\n<meta property=\"og:image\" content=\"https:\/\/radioljubuski.ba\/wp-content\/uploads\/2021\/05\/pxl-130221-31815174-20210430083208.jpg\" \/>\n\t<meta property=\"og:image:width\" content=\"688\" \/>\n\t<meta property=\"og:image:height\" content=\"459\" \/>\n\t<meta property=\"og:image:type\" content=\"image\/jpeg\" \/>\n<meta name=\"author\" content=\"Radio Ljubu\u0161ki\" \/>\n<meta name=\"twitter:card\" content=\"summary_large_image\" \/>\n<meta name=\"twitter:creator\" content=\"@radioljubuski\" \/>\n<meta name=\"twitter:site\" content=\"@radioljubuski\" \/>\n<meta name=\"twitter:label1\" content=\"Napisao\/la\" \/>\n\t<meta name=\"twitter:data1\" content=\"Radio Ljubu\u0161ki\" \/>\n\t<meta name=\"twitter:label2\" content=\"Procijenjeno vrijeme \u010ditanja\" \/>\n\t<meta name=\"twitter:data2\" content=\"3 minute\" \/>\n<script type=\"application\/ld+json\" class=\"yoast-schema-graph\">{\"@context\":\"https:\\\/\\\/schema.org\",\"@graph\":[{\"@type\":\"Article\",\"@id\":\"https:\\\/\\\/radioljubuski.ba\\\/index.php\\\/2021\\\/05\\\/01\\\/larissa-kalaus-finale-s-malagom-nam-je-nova-prilika-za-dokazivanje\\\/#article\",\"isPartOf\":{\"@id\":\"https:\\\/\\\/radioljubuski.ba\\\/index.php\\\/2021\\\/05\\\/01\\\/larissa-kalaus-finale-s-malagom-nam-je-nova-prilika-za-dokazivanje\\\/\"},\"author\":{\"name\":\"Radio Ljubu\u0161ki\",\"@id\":\"https:\\\/\\\/radioljubuski.ba\\\/#\\\/schema\\\/person\\\/19fc700381a780f69665d7956c469e3b\"},\"headline\":\"Larissa Kalaus: Finale s Malagom nam je nova prilika za dokazivanje\",\"datePublished\":\"2021-05-01T10:21:10+00:00\",\"mainEntityOfPage\":{\"@id\":\"https:\\\/\\\/radioljubuski.ba\\\/index.php\\\/2021\\\/05\\\/01\\\/larissa-kalaus-finale-s-malagom-nam-je-nova-prilika-za-dokazivanje\\\/\"},\"wordCount\":703,\"publisher\":{\"@id\":\"https:\\\/\\\/radioljubuski.ba\\\/#organization\"},\"image\":{\"@id\":\"https:\\\/\\\/radioljubuski.ba\\\/index.php\\\/2021\\\/05\\\/01\\\/larissa-kalaus-finale-s-malagom-nam-je-nova-prilika-za-dokazivanje\\\/#primaryimage\"},\"thumbnailUrl\":\"https:\\\/\\\/radioljubuski.ba\\\/wp-content\\\/uploads\\\/2021\\\/05\\\/pxl-130221-31815174-20210430083208.jpg\",\"articleSection\":[\"BIH i regija\"],\"inLanguage\":\"hr\"},{\"@type\":\"WebPage\",\"@id\":\"https:\\\/\\\/radioljubuski.ba\\\/index.php\\\/2021\\\/05\\\/01\\\/larissa-kalaus-finale-s-malagom-nam-je-nova-prilika-za-dokazivanje\\\/\",\"url\":\"https:\\\/\\\/radioljubuski.ba\\\/index.php\\\/2021\\\/05\\\/01\\\/larissa-kalaus-finale-s-malagom-nam-je-nova-prilika-za-dokazivanje\\\/\",\"name\":\"Larissa Kalaus: Finale s Malagom nam je nova prilika za dokazivanje - RADIO LJUBU\u0160KI\",\"isPartOf\":{\"@id\":\"https:\\\/\\\/radioljubuski.ba\\\/#website\"},\"primaryImageOfPage\":{\"@id\":\"https:\\\/\\\/radioljubuski.ba\\\/index.php\\\/2021\\\/05\\\/01\\\/larissa-kalaus-finale-s-malagom-nam-je-nova-prilika-za-dokazivanje\\\/#primaryimage\"},\"image\":{\"@id\":\"https:\\\/\\\/radioljubuski.ba\\\/index.php\\\/2021\\\/05\\\/01\\\/larissa-kalaus-finale-s-malagom-nam-je-nova-prilika-za-dokazivanje\\\/#primaryimage\"},\"thumbnailUrl\":\"https:\\\/\\\/radioljubuski.ba\\\/wp-content\\\/uploads\\\/2021\\\/05\\\/pxl-130221-31815174-20210430083208.jpg\",\"datePublished\":\"2021-05-01T10:21:10+00:00\",\"breadcrumb\":{\"@id\":\"https:\\\/\\\/radioljubuski.ba\\\/index.php\\\/2021\\\/05\\\/01\\\/larissa-kalaus-finale-s-malagom-nam-je-nova-prilika-za-dokazivanje\\\/#breadcrumb\"},\"inLanguage\":\"hr\",\"potentialAction\":[{\"@type\":\"ReadAction\",\"target\":[\"https:\\\/\\\/radioljubuski.ba\\\/index.php\\\/2021\\\/05\\\/01\\\/larissa-kalaus-finale-s-malagom-nam-je-nova-prilika-za-dokazivanje\\\/\"]}]},{\"@type\":\"ImageObject\",\"inLanguage\":\"hr\",\"@id\":\"https:\\\/\\\/radioljubuski.ba\\\/index.php\\\/2021\\\/05\\\/01\\\/larissa-kalaus-finale-s-malagom-nam-je-nova-prilika-za-dokazivanje\\\/#primaryimage\",\"url\":\"https:\\\/\\\/radioljubuski.ba\\\/wp-content\\\/uploads\\\/2021\\\/05\\\/pxl-130221-31815174-20210430083208.jpg\",\"contentUrl\":\"https:\\\/\\\/radioljubuski.ba\\\/wp-content\\\/uploads\\\/2021\\\/05\\\/pxl-130221-31815174-20210430083208.jpg\",\"width\":688,\"height\":459},{\"@type\":\"BreadcrumbList\",\"@id\":\"https:\\\/\\\/radioljubuski.ba\\\/index.php\\\/2021\\\/05\\\/01\\\/larissa-kalaus-finale-s-malagom-nam-je-nova-prilika-za-dokazivanje\\\/#breadcrumb\",\"itemListElement\":[{\"@type\":\"ListItem\",\"position\":1,\"name\":\"Po\u010detna stranica\",\"item\":\"https:\\\/\\\/radioljubuski.ba\\\/\"},{\"@type\":\"ListItem\",\"position\":2,\"name\":\"Larissa Kalaus: Finale s Malagom nam je nova prilika za dokazivanje\"}]},{\"@type\":\"WebSite\",\"@id\":\"https:\\\/\\\/radioljubuski.ba\\\/#website\",\"url\":\"https:\\\/\\\/radioljubuski.ba\\\/\",\"name\":\"Radio Ljubu\u0161ki\",\"description\":\"Sun\u010dana frekvencija Hercegovine\",\"publisher\":{\"@id\":\"https:\\\/\\\/radioljubuski.ba\\\/#organization\"},\"potentialAction\":[{\"@type\":\"SearchAction\",\"target\":{\"@type\":\"EntryPoint\",\"urlTemplate\":\"https:\\\/\\\/radioljubuski.ba\\\/?s={search_term_string}\"},\"query-input\":{\"@type\":\"PropertyValueSpecification\",\"valueRequired\":true,\"valueName\":\"search_term_string\"}}],\"inLanguage\":\"hr\"},{\"@type\":\"Organization\",\"@id\":\"https:\\\/\\\/radioljubuski.ba\\\/#organization\",\"name\":\"Radio Ljubu\u0161ki\",\"url\":\"https:\\\/\\\/radioljubuski.ba\\\/\",\"logo\":{\"@type\":\"ImageObject\",\"inLanguage\":\"hr\",\"@id\":\"https:\\\/\\\/radioljubuski.ba\\\/#\\\/schema\\\/logo\\\/image\\\/\",\"url\":\"https:\\\/\\\/radioljubuski.ba\\\/wp-content\\\/uploads\\\/2021\\\/02\\\/cropped-Radio_Ljubuski_logo1.jpg\",\"contentUrl\":\"https:\\\/\\\/radioljubuski.ba\\\/wp-content\\\/uploads\\\/2021\\\/02\\\/cropped-Radio_Ljubuski_logo1.jpg\",\"width\":512,\"height\":512,\"caption\":\"Radio Ljubu\u0161ki\"},\"image\":{\"@id\":\"https:\\\/\\\/radioljubuski.ba\\\/#\\\/schema\\\/logo\\\/image\\\/\"},\"sameAs\":[\"https:\\\/\\\/www.facebook.com\\\/Radiio-Ljubuski-1490835324566332\",\"https:\\\/\\\/x.com\\\/radioljubuski\",\"https:\\\/\\\/hr.linkedin.com\\\/company\\\/radio-ljubuski\",\"https:\\\/\\\/www.youtube.com\\\/channel\\\/UCHYaeO_n0Db3tjNGudGpXyw\"]},{\"@type\":\"Person\",\"@id\":\"https:\\\/\\\/radioljubuski.ba\\\/#\\\/schema\\\/person\\\/19fc700381a780f69665d7956c469e3b\",\"name\":\"Radio Ljubu\u0161ki\"}]}<\/script>\n<!-- \/ Yoast SEO plugin. -->","yoast_head_json":{"title":"Larissa Kalaus: Finale s Malagom nam je nova prilika za dokazivanje - RADIO LJUBU\u0160KI","robots":{"index":"index","follow":"follow","max-snippet":"max-snippet:-1","max-image-preview":"max-image-preview:large","max-video-preview":"max-video-preview:-1"},"canonical":"https:\/\/radioljubuski.ba\/index.php\/2021\/05\/01\/larissa-kalaus-finale-s-malagom-nam-je-nova-prilika-za-dokazivanje\/","og_locale":"hr_HR","og_type":"article","og_title":"Larissa Kalaus: Finale s Malagom nam je nova prilika za dokazivanje - RADIO LJUBU\u0160KI","og_description":"Rukometa\u0161ice zagreba\u010dke Lokomotive otputovale su u petak ujutro u \u0160panjolsku gdje \u0107e u subotu od 19 sati igrati protiv Malage prvu utakmicu finala EHF Europskog kupa.&nbsp; Lokomotiva \u0107e protiv Malage poku\u0161ati osvojiti tre\u0107i europski pehar u povijesti. &#8211; Ovo nam je jo\u0161 jedna velika prilika da se doka\u017eemo na europskoj razini, kao \u0161to smo se [&hellip;]","og_url":"https:\/\/radioljubuski.ba\/index.php\/2021\/05\/01\/larissa-kalaus-finale-s-malagom-nam-je-nova-prilika-za-dokazivanje\/","og_site_name":"RADIO LJUBU\u0160KI","article_publisher":"https:\/\/www.facebook.com\/Radiio-Ljubuski-1490835324566332","article_published_time":"2021-05-01T10:21:10+00:00","og_image":[{"width":688,"height":459,"url":"https:\/\/radioljubuski.ba\/wp-content\/uploads\/2021\/05\/pxl-130221-31815174-20210430083208.jpg","type":"image\/jpeg"}],"author":"Radio Ljubu\u0161ki","twitter_card":"summary_large_image","twitter_creator":"@radioljubuski","twitter_site":"@radioljubuski","twitter_misc":{"Napisao\/la":"Radio Ljubu\u0161ki","Procijenjeno vrijeme \u010ditanja":"3 minute"},"schema":{"@context":"https:\/\/schema.org","@graph":[{"@type":"Article","@id":"https:\/\/radioljubuski.ba\/index.php\/2021\/05\/01\/larissa-kalaus-finale-s-malagom-nam-je-nova-prilika-za-dokazivanje\/#article","isPartOf":{"@id":"https:\/\/radioljubuski.ba\/index.php\/2021\/05\/01\/larissa-kalaus-finale-s-malagom-nam-je-nova-prilika-za-dokazivanje\/"},"author":{"name":"Radio Ljubu\u0161ki","@id":"https:\/\/radioljubuski.ba\/#\/schema\/person\/19fc700381a780f69665d7956c469e3b"},"headline":"Larissa Kalaus: Finale s Malagom nam je nova prilika za dokazivanje","datePublished":"2021-05-01T10:21:10+00:00","mainEntityOfPage":{"@id":"https:\/\/radioljubuski.ba\/index.php\/2021\/05\/01\/larissa-kalaus-finale-s-malagom-nam-je-nova-prilika-za-dokazivanje\/"},"wordCount":703,"publisher":{"@id":"https:\/\/radioljubuski.ba\/#organization"},"image":{"@id":"https:\/\/radioljubuski.ba\/index.php\/2021\/05\/01\/larissa-kalaus-finale-s-malagom-nam-je-nova-prilika-za-dokazivanje\/#primaryimage"},"thumbnailUrl":"https:\/\/radioljubuski.ba\/wp-content\/uploads\/2021\/05\/pxl-130221-31815174-20210430083208.jpg","articleSection":["BIH i regija"],"inLanguage":"hr"},{"@type":"WebPage","@id":"https:\/\/radioljubuski.ba\/index.php\/2021\/05\/01\/larissa-kalaus-finale-s-malagom-nam-je-nova-prilika-za-dokazivanje\/","url":"https:\/\/radioljubuski.ba\/index.php\/2021\/05\/01\/larissa-kalaus-finale-s-malagom-nam-je-nova-prilika-za-dokazivanje\/","name":"Larissa Kalaus: Finale s Malagom nam je nova prilika za dokazivanje - RADIO LJUBU\u0160KI","isPartOf":{"@id":"https:\/\/radioljubuski.ba\/#website"},"primaryImageOfPage":{"@id":"https:\/\/radioljubuski.ba\/index.php\/2021\/05\/01\/larissa-kalaus-finale-s-malagom-nam-je-nova-prilika-za-dokazivanje\/#primaryimage"},"image":{"@id":"https:\/\/radioljubuski.ba\/index.php\/2021\/05\/01\/larissa-kalaus-finale-s-malagom-nam-je-nova-prilika-za-dokazivanje\/#primaryimage"},"thumbnailUrl":"https:\/\/radioljubuski.ba\/wp-content\/uploads\/2021\/05\/pxl-130221-31815174-20210430083208.jpg","datePublished":"2021-05-01T10:21:10+00:00","breadcrumb":{"@id":"https:\/\/radioljubuski.ba\/index.php\/2021\/05\/01\/larissa-kalaus-finale-s-malagom-nam-je-nova-prilika-za-dokazivanje\/#breadcrumb"},"inLanguage":"hr","potentialAction":[{"@type":"ReadAction","target":["https:\/\/radioljubuski.ba\/index.php\/2021\/05\/01\/larissa-kalaus-finale-s-malagom-nam-je-nova-prilika-za-dokazivanje\/"]}]},{"@type":"ImageObject","inLanguage":"hr","@id":"https:\/\/radioljubuski.ba\/index.php\/2021\/05\/01\/larissa-kalaus-finale-s-malagom-nam-je-nova-prilika-za-dokazivanje\/#primaryimage","url":"https:\/\/radioljubuski.ba\/wp-content\/uploads\/2021\/05\/pxl-130221-31815174-20210430083208.jpg","contentUrl":"https:\/\/radioljubuski.ba\/wp-content\/uploads\/2021\/05\/pxl-130221-31815174-20210430083208.jpg","width":688,"height":459},{"@type":"BreadcrumbList","@id":"https:\/\/radioljubuski.ba\/index.php\/2021\/05\/01\/larissa-kalaus-finale-s-malagom-nam-je-nova-prilika-za-dokazivanje\/#breadcrumb","itemListElement":[{"@type":"ListItem","position":1,"name":"Po\u010detna stranica","item":"https:\/\/radioljubuski.ba\/"},{"@type":"ListItem","position":2,"name":"Larissa Kalaus: Finale s Malagom nam je nova prilika za dokazivanje"}]},{"@type":"WebSite","@id":"https:\/\/radioljubuski.ba\/#website","url":"https:\/\/radioljubuski.ba\/","name":"Radio Ljubu\u0161ki","description":"Sun\u010dana frekvencija Hercegovine","publisher":{"@id":"https:\/\/radioljubuski.ba\/#organization"},"potentialAction":[{"@type":"SearchAction","target":{"@type":"EntryPoint","urlTemplate":"https:\/\/radioljubuski.ba\/?s={search_term_string}"},"query-input":{"@type":"PropertyValueSpecification","valueRequired":true,"valueName":"search_term_string"}}],"inLanguage":"hr"},{"@type":"Organization","@id":"https:\/\/radioljubuski.ba\/#organization","name":"Radio Ljubu\u0161ki","url":"https:\/\/radioljubuski.ba\/","logo":{"@type":"ImageObject","inLanguage":"hr","@id":"https:\/\/radioljubuski.ba\/#\/schema\/logo\/image\/","url":"https:\/\/radioljubuski.ba\/wp-content\/uploads\/2021\/02\/cropped-Radio_Ljubuski_logo1.jpg","contentUrl":"https:\/\/radioljubuski.ba\/wp-content\/uploads\/2021\/02\/cropped-Radio_Ljubuski_logo1.jpg","width":512,"height":512,"caption":"Radio Ljubu\u0161ki"},"image":{"@id":"https:\/\/radioljubuski.ba\/#\/schema\/logo\/image\/"},"sameAs":["https:\/\/www.facebook.com\/Radiio-Ljubuski-1490835324566332","https:\/\/x.com\/radioljubuski","https:\/\/hr.linkedin.com\/company\/radio-ljubuski","https:\/\/www.youtube.com\/channel\/UCHYaeO_n0Db3tjNGudGpXyw"]},{"@type":"Person","@id":"https:\/\/radioljubuski.ba\/#\/schema\/person\/19fc700381a780f69665d7956c469e3b","name":"Radio Ljubu\u0161ki"}]}},"_links":{"self":[{"href":"https:\/\/radioljubuski.ba\/index.php\/wp-json\/wp\/v2\/posts\/17659","targetHints":{"allow":["GET"]}}],"collection":[{"href":"https:\/\/radioljubuski.ba\/index.php\/wp-json\/wp\/v2\/posts"}],"about":[{"href":"https:\/\/radioljubuski.ba\/index.php\/wp-json\/wp\/v2\/types\/post"}],"author":[{"embeddable":true,"href":"https:\/\/radioljubuski.ba\/index.php\/wp-json\/wp\/v2\/users\/2"}],"replies":[{"embeddable":true,"href":"https:\/\/radioljubuski.ba\/index.php\/wp-json\/wp\/v2\/comments?post=17659"}],"version-history":[{"count":1,"href":"https:\/\/radioljubuski.ba\/index.php\/wp-json\/wp\/v2\/posts\/17659\/revisions"}],"predecessor-version":[{"id":17661,"href":"https:\/\/radioljubuski.ba\/index.php\/wp-json\/wp\/v2\/posts\/17659\/revisions\/17661"}],"wp:featuredmedia":[{"embeddable":true,"href":"https:\/\/radioljubuski.ba\/index.php\/wp-json\/wp\/v2\/media\/17660"}],"wp:attachment":[{"href":"https:\/\/radioljubuski.ba\/index.php\/wp-json\/wp\/v2\/media?parent=17659"}],"wp:term":[{"taxonomy":"category","embeddable":true,"href":"https:\/\/radioljubuski.ba\/index.php\/wp-json\/wp\/v2\/categories?post=17659"},{"taxonomy":"post_tag","embeddable":true,"href":"https:\/\/radioljubuski.ba\/index.php\/wp-json\/wp\/v2\/tags?post=17659"}],"curies":[{"name":"wp","href":"https:\/\/api.w.org\/{rel}","templated":true}]}}