{"id":17709,"date":"2021-05-01T12:43:32","date_gmt":"2021-05-01T11:43:32","guid":{"rendered":"https:\/\/radioljubuski.ba\/?p=17709"},"modified":"2021-05-01T12:43:32","modified_gmt":"2021-05-01T11:43:32","slug":"sveti-josip-radnik-zastitnik-radnika-i-citavog-hrvatskog-naroda","status":"publish","type":"post","link":"https:\/\/radioljubuski.ba\/index.php\/2021\/05\/01\/sveti-josip-radnik-zastitnik-radnika-i-citavog-hrvatskog-naroda\/","title":{"rendered":"Sveti Josip Radnik \u2013 za\u0161titnik radnika i \u010ditavog hrvatskog naroda"},"content":{"rendered":"\n<p><strong>Zaru\u010dnik Bla\u017eene Djevice Marije, Isusov poo\u010dim i za\u0161titnik hrvatskog naroda. Slavimo ga kao za\u0161titnika rada i radnika. Uzor je slu\u017eenja u vjernoj poslu\u0161nosti tajni Isusova utjelovljenja i djela otkupljenja. Za svakoga od nas rad bi trebao biti suradnja s na\u0161im Gospodinom.<\/strong><\/p>\n\n\n\n<p>Danas je&nbsp;<strong>sv. Josip Radnik<\/strong>, \u010dije je blagdan 1955. godine uveo papa Pio XII. Druga je internacionala odu\u010dila 1889. godine 1. svibnja uzeti kao Dan rada, a iste je godine papa Leon XIII. izdao encikliku o sv. Josipu. U njoj je&nbsp;<em>\u2018radnike i sve ljude skromnih \u017eivotnih uvjeta uputio na sv. Josipa kao uzor i primjer za nasljedovanje\u2019<\/em>.<\/p>\n\n\n\n<p>Novi nam zavjet u Matejevu evan\u0111elju spominje da je Josip bio tesar. Josipa se u Novom zavjetu spominje 12 puta. Iako se u Novom zavjetu o njemu kao tesaru govori samo jednom, a primjerice o sv. Pavlu se na \u010dak sedam mjesta govori da je bio manualni radnik, da je izra\u0111ivao \u0161atore, da se, kako sam ka\u017ee, \u2018dan i no\u0107 mu\u010dio\u2019 zaraditi \u0161to mu je potrebno za \u017eivot, ipak nikad nije za za\u0161titnika radnik\u00e2 uzet Pavao, nego upravo Josip.<\/p>\n\n\n\n<p>Time se \u017eeli re\u0107i da Josipovo svakida\u0161nje poslovanje i njegov rad nisu bili samo trud i muka, nego i spremnost slu\u017eenja u vjernoj poslu\u0161nosti utjelovljenom Sinu Bo\u017ejem. To bi trebao biti poticaj svim kr\u0161\u0107anima da tako gledaju svoj rad. Rad je apostolska slu\u017eba, suradnja s Kristom na djelu spasenja. Krist je svojim radom posvetio \u010dovjekov rad i u\u010dinio ga suradni\u010dkim na Bo\u017ejem djelu. Uvo\u0111enjem blagdana sv. Josipa Radnika Crkva \u017eeli upozoriti na onu bo\u017eansku odrednicu koja kr\u0161\u0107anskoga radnika najvi\u0161e uzdi\u017ee i usavr\u0161uje.<\/p>\n\n\n\n<p>Stoga Crkva u mnogim gradskim i nekim manjim sredinama, gdje su radni\u010dka naselja, podi\u017ee crkve posve\u0107ene sv. Josipu Radniku. Na\u0161e nacionalno sveti\u0161te posve\u0107eno sv. Josipu Radniku nalazi se u Karlovcu. Brojni hodo\u010dasnici, zahvale i svjedo\u010denja o pomo\u0107i sv. Josipa jasno govore o omiljelosti ovoga sveca u pu\u010dkoj pobo\u017enosti. \u010covjek se uvijek rado utje\u010de za zagovor onome koga osje\u0107a bliskim. Svaka ruka puna \u017euljeva i izmoreni trudbenik osje\u0107aju bliskim ovoga sveca \u010dija nijedna rije\u010d nije zapisana, ali je zapisano da je bio tesar \u010dime se skrbio za \u017eivot svoje obitelji. A zapisano je i da je bio izbjeglica, \u010dime ga je u\u010dinila suradnja s Bo\u017ejim planom spasenja.<\/p>\n\n\n\n<p><strong>Molitva sv. Josipu<\/strong><\/p>\n\n\n\n<p><em>Slavni Sveti Josipe, uzore svih radnika, izmoli mi milost obavljati svoje poslove u duhu pokore, te tako zadovoljiti za svoje mnogobrojne grijehe; da ih obavljam savjesno, ne obaziru\u0107i se na svoje sklonosti, ve\u0107 jedino na du\u017enost; da ih izvr\u0161im sa zahvalno\u0161\u0107u i rado\u0161\u0107u smatraju\u0107i velikom \u010da\u0161\u0107u \u0161to mogu naravne darove, koje mi je Bog dao, uporabiti i usavr\u0161iti u poslu; da ih obavljam uredno i mirno, umjereno i strpljivo i nikada ne uzmaknem pored umorno\u0161\u0107u i pote\u0161ko\u0107ama; da ih obavljam osobito u \u010distoj nakani odri\u010du\u0107i se sama sebe; sve to u sje\u0107anju na smrt i na ra\u010dun koji \u0107u morati polagati o svakom izgubljenom \u010dasu, o neiskori\u0161tenim darovima, o propu\u0161tenim dobrim djelima i o ta\u0161toj samodopadnosti kod uspjeha, \u0161to tako nagr\u0111uje djela u\u010dinjena Bogu za ljubav. Sve Isusu i Mariji za ljubav i po tvom uzoru sveti Josipe! To neka mi bude misao vodilja u \u017eivotu i na samrti. Amen<\/em><\/p>\n\n\n\n<p><em>\u010cestitamo svima dana\u0161nji blagdan svetog Josipa Radnika i Praznik rada!<\/em><\/p>\n\n\n\n<p><em>Izvor: narod.hr<\/em><\/p>\n","protected":false},"excerpt":{"rendered":"<p>Zaru\u010dnik Bla\u017eene Djevice Marije, Isusov poo\u010dim i za\u0161titnik hrvatskog naroda. Slavimo ga kao za\u0161titnika rada i radnika. Uzor je slu\u017eenja u vjernoj poslu\u0161nosti tajni Isusova utjelovljenja i djela otkupljenja. Za svakoga od nas rad bi trebao biti suradnja s na\u0161im Gospodinom. Danas je&nbsp;sv. Josip Radnik, \u010dije je blagdan 1955. godine uveo papa Pio XII. Druga [&hellip;]<\/p>\n","protected":false},"author":2,"featured_media":17710,"comment_status":"closed","ping_status":"closed","sticky":false,"template":"","format":"standard","meta":{"h5ap_radio_sources":[],"footnotes":""},"categories":[1],"tags":[],"class_list":["post-17709","post","type-post","status-publish","format-standard","has-post-thumbnail","hentry","category-bihiregija"],"yoast_head":"<!-- This site is optimized with the Yoast SEO plugin v27.4 - https:\/\/yoast.com\/product\/yoast-seo-wordpress\/ -->\n<title>Sveti Josip Radnik \u2013 za\u0161titnik radnika i \u010ditavog hrvatskog naroda - RADIO LJUBU\u0160KI<\/title>\n<meta name=\"robots\" content=\"index, follow, max-snippet:-1, max-image-preview:large, max-video-preview:-1\" \/>\n<link rel=\"canonical\" href=\"https:\/\/radioljubuski.ba\/index.php\/2021\/05\/01\/sveti-josip-radnik-zastitnik-radnika-i-citavog-hrvatskog-naroda\/\" \/>\n<meta property=\"og:locale\" content=\"hr_HR\" \/>\n<meta property=\"og:type\" content=\"article\" \/>\n<meta property=\"og:title\" content=\"Sveti Josip Radnik \u2013 za\u0161titnik radnika i \u010ditavog hrvatskog naroda - RADIO LJUBU\u0160KI\" \/>\n<meta property=\"og:description\" content=\"Zaru\u010dnik Bla\u017eene Djevice Marije, Isusov poo\u010dim i za\u0161titnik hrvatskog naroda. Slavimo ga kao za\u0161titnika rada i radnika. Uzor je slu\u017eenja u vjernoj poslu\u0161nosti tajni Isusova utjelovljenja i djela otkupljenja. Za svakoga od nas rad bi trebao biti suradnja s na\u0161im Gospodinom. Danas je&nbsp;sv. Josip Radnik, \u010dije je blagdan 1955. godine uveo papa Pio XII. Druga [&hellip;]\" \/>\n<meta property=\"og:url\" content=\"https:\/\/radioljubuski.ba\/index.php\/2021\/05\/01\/sveti-josip-radnik-zastitnik-radnika-i-citavog-hrvatskog-naroda\/\" \/>\n<meta property=\"og:site_name\" content=\"RADIO LJUBU\u0160KI\" \/>\n<meta property=\"article:publisher\" content=\"https:\/\/www.facebook.com\/Radiio-Ljubuski-1490835324566332\" \/>\n<meta property=\"article:published_time\" content=\"2021-05-01T11:43:32+00:00\" \/>\n<meta property=\"og:image\" content=\"https:\/\/radioljubuski.ba\/wp-content\/uploads\/2021\/05\/138.jpg\" \/>\n\t<meta property=\"og:image:width\" content=\"630\" \/>\n\t<meta property=\"og:image:height\" content=\"400\" \/>\n\t<meta property=\"og:image:type\" content=\"image\/jpeg\" \/>\n<meta name=\"author\" content=\"Radio Ljubu\u0161ki\" \/>\n<meta name=\"twitter:card\" content=\"summary_large_image\" \/>\n<meta name=\"twitter:creator\" content=\"@radioljubuski\" \/>\n<meta name=\"twitter:site\" content=\"@radioljubuski\" \/>\n<meta name=\"twitter:label1\" content=\"Napisao\/la\" \/>\n\t<meta name=\"twitter:data1\" content=\"Radio Ljubu\u0161ki\" \/>\n\t<meta name=\"twitter:label2\" content=\"Procijenjeno vrijeme \u010ditanja\" \/>\n\t<meta name=\"twitter:data2\" content=\"3 minute\" \/>\n<script type=\"application\/ld+json\" class=\"yoast-schema-graph\">{\"@context\":\"https:\\\/\\\/schema.org\",\"@graph\":[{\"@type\":\"Article\",\"@id\":\"https:\\\/\\\/radioljubuski.ba\\\/index.php\\\/2021\\\/05\\\/01\\\/sveti-josip-radnik-zastitnik-radnika-i-citavog-hrvatskog-naroda\\\/#article\",\"isPartOf\":{\"@id\":\"https:\\\/\\\/radioljubuski.ba\\\/index.php\\\/2021\\\/05\\\/01\\\/sveti-josip-radnik-zastitnik-radnika-i-citavog-hrvatskog-naroda\\\/\"},\"author\":{\"name\":\"Radio Ljubu\u0161ki\",\"@id\":\"https:\\\/\\\/radioljubuski.ba\\\/#\\\/schema\\\/person\\\/19fc700381a780f69665d7956c469e3b\"},\"headline\":\"Sveti Josip Radnik \u2013 za\u0161titnik radnika i \u010ditavog hrvatskog naroda\",\"datePublished\":\"2021-05-01T11:43:32+00:00\",\"mainEntityOfPage\":{\"@id\":\"https:\\\/\\\/radioljubuski.ba\\\/index.php\\\/2021\\\/05\\\/01\\\/sveti-josip-radnik-zastitnik-radnika-i-citavog-hrvatskog-naroda\\\/\"},\"wordCount\":607,\"publisher\":{\"@id\":\"https:\\\/\\\/radioljubuski.ba\\\/#organization\"},\"image\":{\"@id\":\"https:\\\/\\\/radioljubuski.ba\\\/index.php\\\/2021\\\/05\\\/01\\\/sveti-josip-radnik-zastitnik-radnika-i-citavog-hrvatskog-naroda\\\/#primaryimage\"},\"thumbnailUrl\":\"https:\\\/\\\/radioljubuski.ba\\\/wp-content\\\/uploads\\\/2021\\\/05\\\/138.jpg\",\"articleSection\":[\"BIH i regija\"],\"inLanguage\":\"hr\"},{\"@type\":\"WebPage\",\"@id\":\"https:\\\/\\\/radioljubuski.ba\\\/index.php\\\/2021\\\/05\\\/01\\\/sveti-josip-radnik-zastitnik-radnika-i-citavog-hrvatskog-naroda\\\/\",\"url\":\"https:\\\/\\\/radioljubuski.ba\\\/index.php\\\/2021\\\/05\\\/01\\\/sveti-josip-radnik-zastitnik-radnika-i-citavog-hrvatskog-naroda\\\/\",\"name\":\"Sveti Josip Radnik \u2013 za\u0161titnik radnika i \u010ditavog hrvatskog naroda - RADIO LJUBU\u0160KI\",\"isPartOf\":{\"@id\":\"https:\\\/\\\/radioljubuski.ba\\\/#website\"},\"primaryImageOfPage\":{\"@id\":\"https:\\\/\\\/radioljubuski.ba\\\/index.php\\\/2021\\\/05\\\/01\\\/sveti-josip-radnik-zastitnik-radnika-i-citavog-hrvatskog-naroda\\\/#primaryimage\"},\"image\":{\"@id\":\"https:\\\/\\\/radioljubuski.ba\\\/index.php\\\/2021\\\/05\\\/01\\\/sveti-josip-radnik-zastitnik-radnika-i-citavog-hrvatskog-naroda\\\/#primaryimage\"},\"thumbnailUrl\":\"https:\\\/\\\/radioljubuski.ba\\\/wp-content\\\/uploads\\\/2021\\\/05\\\/138.jpg\",\"datePublished\":\"2021-05-01T11:43:32+00:00\",\"breadcrumb\":{\"@id\":\"https:\\\/\\\/radioljubuski.ba\\\/index.php\\\/2021\\\/05\\\/01\\\/sveti-josip-radnik-zastitnik-radnika-i-citavog-hrvatskog-naroda\\\/#breadcrumb\"},\"inLanguage\":\"hr\",\"potentialAction\":[{\"@type\":\"ReadAction\",\"target\":[\"https:\\\/\\\/radioljubuski.ba\\\/index.php\\\/2021\\\/05\\\/01\\\/sveti-josip-radnik-zastitnik-radnika-i-citavog-hrvatskog-naroda\\\/\"]}]},{\"@type\":\"ImageObject\",\"inLanguage\":\"hr\",\"@id\":\"https:\\\/\\\/radioljubuski.ba\\\/index.php\\\/2021\\\/05\\\/01\\\/sveti-josip-radnik-zastitnik-radnika-i-citavog-hrvatskog-naroda\\\/#primaryimage\",\"url\":\"https:\\\/\\\/radioljubuski.ba\\\/wp-content\\\/uploads\\\/2021\\\/05\\\/138.jpg\",\"contentUrl\":\"https:\\\/\\\/radioljubuski.ba\\\/wp-content\\\/uploads\\\/2021\\\/05\\\/138.jpg\",\"width\":630,\"height\":400},{\"@type\":\"BreadcrumbList\",\"@id\":\"https:\\\/\\\/radioljubuski.ba\\\/index.php\\\/2021\\\/05\\\/01\\\/sveti-josip-radnik-zastitnik-radnika-i-citavog-hrvatskog-naroda\\\/#breadcrumb\",\"itemListElement\":[{\"@type\":\"ListItem\",\"position\":1,\"name\":\"Po\u010detna stranica\",\"item\":\"https:\\\/\\\/radioljubuski.ba\\\/\"},{\"@type\":\"ListItem\",\"position\":2,\"name\":\"Sveti Josip Radnik \u2013 za\u0161titnik radnika i \u010ditavog hrvatskog naroda\"}]},{\"@type\":\"WebSite\",\"@id\":\"https:\\\/\\\/radioljubuski.ba\\\/#website\",\"url\":\"https:\\\/\\\/radioljubuski.ba\\\/\",\"name\":\"Radio Ljubu\u0161ki\",\"description\":\"Sun\u010dana frekvencija Hercegovine\",\"publisher\":{\"@id\":\"https:\\\/\\\/radioljubuski.ba\\\/#organization\"},\"potentialAction\":[{\"@type\":\"SearchAction\",\"target\":{\"@type\":\"EntryPoint\",\"urlTemplate\":\"https:\\\/\\\/radioljubuski.ba\\\/?s={search_term_string}\"},\"query-input\":{\"@type\":\"PropertyValueSpecification\",\"valueRequired\":true,\"valueName\":\"search_term_string\"}}],\"inLanguage\":\"hr\"},{\"@type\":\"Organization\",\"@id\":\"https:\\\/\\\/radioljubuski.ba\\\/#organization\",\"name\":\"Radio Ljubu\u0161ki\",\"url\":\"https:\\\/\\\/radioljubuski.ba\\\/\",\"logo\":{\"@type\":\"ImageObject\",\"inLanguage\":\"hr\",\"@id\":\"https:\\\/\\\/radioljubuski.ba\\\/#\\\/schema\\\/logo\\\/image\\\/\",\"url\":\"https:\\\/\\\/radioljubuski.ba\\\/wp-content\\\/uploads\\\/2021\\\/02\\\/cropped-Radio_Ljubuski_logo1.jpg\",\"contentUrl\":\"https:\\\/\\\/radioljubuski.ba\\\/wp-content\\\/uploads\\\/2021\\\/02\\\/cropped-Radio_Ljubuski_logo1.jpg\",\"width\":512,\"height\":512,\"caption\":\"Radio Ljubu\u0161ki\"},\"image\":{\"@id\":\"https:\\\/\\\/radioljubuski.ba\\\/#\\\/schema\\\/logo\\\/image\\\/\"},\"sameAs\":[\"https:\\\/\\\/www.facebook.com\\\/Radiio-Ljubuski-1490835324566332\",\"https:\\\/\\\/x.com\\\/radioljubuski\",\"https:\\\/\\\/hr.linkedin.com\\\/company\\\/radio-ljubuski\",\"https:\\\/\\\/www.youtube.com\\\/channel\\\/UCHYaeO_n0Db3tjNGudGpXyw\"]},{\"@type\":\"Person\",\"@id\":\"https:\\\/\\\/radioljubuski.ba\\\/#\\\/schema\\\/person\\\/19fc700381a780f69665d7956c469e3b\",\"name\":\"Radio Ljubu\u0161ki\"}]}<\/script>\n<!-- \/ Yoast SEO plugin. -->","yoast_head_json":{"title":"Sveti Josip Radnik \u2013 za\u0161titnik radnika i \u010ditavog hrvatskog naroda - RADIO LJUBU\u0160KI","robots":{"index":"index","follow":"follow","max-snippet":"max-snippet:-1","max-image-preview":"max-image-preview:large","max-video-preview":"max-video-preview:-1"},"canonical":"https:\/\/radioljubuski.ba\/index.php\/2021\/05\/01\/sveti-josip-radnik-zastitnik-radnika-i-citavog-hrvatskog-naroda\/","og_locale":"hr_HR","og_type":"article","og_title":"Sveti Josip Radnik \u2013 za\u0161titnik radnika i \u010ditavog hrvatskog naroda - RADIO LJUBU\u0160KI","og_description":"Zaru\u010dnik Bla\u017eene Djevice Marije, Isusov poo\u010dim i za\u0161titnik hrvatskog naroda. Slavimo ga kao za\u0161titnika rada i radnika. Uzor je slu\u017eenja u vjernoj poslu\u0161nosti tajni Isusova utjelovljenja i djela otkupljenja. Za svakoga od nas rad bi trebao biti suradnja s na\u0161im Gospodinom. Danas je&nbsp;sv. Josip Radnik, \u010dije je blagdan 1955. godine uveo papa Pio XII. Druga [&hellip;]","og_url":"https:\/\/radioljubuski.ba\/index.php\/2021\/05\/01\/sveti-josip-radnik-zastitnik-radnika-i-citavog-hrvatskog-naroda\/","og_site_name":"RADIO LJUBU\u0160KI","article_publisher":"https:\/\/www.facebook.com\/Radiio-Ljubuski-1490835324566332","article_published_time":"2021-05-01T11:43:32+00:00","og_image":[{"width":630,"height":400,"url":"https:\/\/radioljubuski.ba\/wp-content\/uploads\/2021\/05\/138.jpg","type":"image\/jpeg"}],"author":"Radio Ljubu\u0161ki","twitter_card":"summary_large_image","twitter_creator":"@radioljubuski","twitter_site":"@radioljubuski","twitter_misc":{"Napisao\/la":"Radio Ljubu\u0161ki","Procijenjeno vrijeme \u010ditanja":"3 minute"},"schema":{"@context":"https:\/\/schema.org","@graph":[{"@type":"Article","@id":"https:\/\/radioljubuski.ba\/index.php\/2021\/05\/01\/sveti-josip-radnik-zastitnik-radnika-i-citavog-hrvatskog-naroda\/#article","isPartOf":{"@id":"https:\/\/radioljubuski.ba\/index.php\/2021\/05\/01\/sveti-josip-radnik-zastitnik-radnika-i-citavog-hrvatskog-naroda\/"},"author":{"name":"Radio Ljubu\u0161ki","@id":"https:\/\/radioljubuski.ba\/#\/schema\/person\/19fc700381a780f69665d7956c469e3b"},"headline":"Sveti Josip Radnik \u2013 za\u0161titnik radnika i \u010ditavog hrvatskog naroda","datePublished":"2021-05-01T11:43:32+00:00","mainEntityOfPage":{"@id":"https:\/\/radioljubuski.ba\/index.php\/2021\/05\/01\/sveti-josip-radnik-zastitnik-radnika-i-citavog-hrvatskog-naroda\/"},"wordCount":607,"publisher":{"@id":"https:\/\/radioljubuski.ba\/#organization"},"image":{"@id":"https:\/\/radioljubuski.ba\/index.php\/2021\/05\/01\/sveti-josip-radnik-zastitnik-radnika-i-citavog-hrvatskog-naroda\/#primaryimage"},"thumbnailUrl":"https:\/\/radioljubuski.ba\/wp-content\/uploads\/2021\/05\/138.jpg","articleSection":["BIH i regija"],"inLanguage":"hr"},{"@type":"WebPage","@id":"https:\/\/radioljubuski.ba\/index.php\/2021\/05\/01\/sveti-josip-radnik-zastitnik-radnika-i-citavog-hrvatskog-naroda\/","url":"https:\/\/radioljubuski.ba\/index.php\/2021\/05\/01\/sveti-josip-radnik-zastitnik-radnika-i-citavog-hrvatskog-naroda\/","name":"Sveti Josip Radnik \u2013 za\u0161titnik radnika i \u010ditavog hrvatskog naroda - RADIO LJUBU\u0160KI","isPartOf":{"@id":"https:\/\/radioljubuski.ba\/#website"},"primaryImageOfPage":{"@id":"https:\/\/radioljubuski.ba\/index.php\/2021\/05\/01\/sveti-josip-radnik-zastitnik-radnika-i-citavog-hrvatskog-naroda\/#primaryimage"},"image":{"@id":"https:\/\/radioljubuski.ba\/index.php\/2021\/05\/01\/sveti-josip-radnik-zastitnik-radnika-i-citavog-hrvatskog-naroda\/#primaryimage"},"thumbnailUrl":"https:\/\/radioljubuski.ba\/wp-content\/uploads\/2021\/05\/138.jpg","datePublished":"2021-05-01T11:43:32+00:00","breadcrumb":{"@id":"https:\/\/radioljubuski.ba\/index.php\/2021\/05\/01\/sveti-josip-radnik-zastitnik-radnika-i-citavog-hrvatskog-naroda\/#breadcrumb"},"inLanguage":"hr","potentialAction":[{"@type":"ReadAction","target":["https:\/\/radioljubuski.ba\/index.php\/2021\/05\/01\/sveti-josip-radnik-zastitnik-radnika-i-citavog-hrvatskog-naroda\/"]}]},{"@type":"ImageObject","inLanguage":"hr","@id":"https:\/\/radioljubuski.ba\/index.php\/2021\/05\/01\/sveti-josip-radnik-zastitnik-radnika-i-citavog-hrvatskog-naroda\/#primaryimage","url":"https:\/\/radioljubuski.ba\/wp-content\/uploads\/2021\/05\/138.jpg","contentUrl":"https:\/\/radioljubuski.ba\/wp-content\/uploads\/2021\/05\/138.jpg","width":630,"height":400},{"@type":"BreadcrumbList","@id":"https:\/\/radioljubuski.ba\/index.php\/2021\/05\/01\/sveti-josip-radnik-zastitnik-radnika-i-citavog-hrvatskog-naroda\/#breadcrumb","itemListElement":[{"@type":"ListItem","position":1,"name":"Po\u010detna stranica","item":"https:\/\/radioljubuski.ba\/"},{"@type":"ListItem","position":2,"name":"Sveti Josip Radnik \u2013 za\u0161titnik radnika i \u010ditavog hrvatskog naroda"}]},{"@type":"WebSite","@id":"https:\/\/radioljubuski.ba\/#website","url":"https:\/\/radioljubuski.ba\/","name":"Radio Ljubu\u0161ki","description":"Sun\u010dana frekvencija Hercegovine","publisher":{"@id":"https:\/\/radioljubuski.ba\/#organization"},"potentialAction":[{"@type":"SearchAction","target":{"@type":"EntryPoint","urlTemplate":"https:\/\/radioljubuski.ba\/?s={search_term_string}"},"query-input":{"@type":"PropertyValueSpecification","valueRequired":true,"valueName":"search_term_string"}}],"inLanguage":"hr"},{"@type":"Organization","@id":"https:\/\/radioljubuski.ba\/#organization","name":"Radio Ljubu\u0161ki","url":"https:\/\/radioljubuski.ba\/","logo":{"@type":"ImageObject","inLanguage":"hr","@id":"https:\/\/radioljubuski.ba\/#\/schema\/logo\/image\/","url":"https:\/\/radioljubuski.ba\/wp-content\/uploads\/2021\/02\/cropped-Radio_Ljubuski_logo1.jpg","contentUrl":"https:\/\/radioljubuski.ba\/wp-content\/uploads\/2021\/02\/cropped-Radio_Ljubuski_logo1.jpg","width":512,"height":512,"caption":"Radio Ljubu\u0161ki"},"image":{"@id":"https:\/\/radioljubuski.ba\/#\/schema\/logo\/image\/"},"sameAs":["https:\/\/www.facebook.com\/Radiio-Ljubuski-1490835324566332","https:\/\/x.com\/radioljubuski","https:\/\/hr.linkedin.com\/company\/radio-ljubuski","https:\/\/www.youtube.com\/channel\/UCHYaeO_n0Db3tjNGudGpXyw"]},{"@type":"Person","@id":"https:\/\/radioljubuski.ba\/#\/schema\/person\/19fc700381a780f69665d7956c469e3b","name":"Radio Ljubu\u0161ki"}]}},"_links":{"self":[{"href":"https:\/\/radioljubuski.ba\/index.php\/wp-json\/wp\/v2\/posts\/17709","targetHints":{"allow":["GET"]}}],"collection":[{"href":"https:\/\/radioljubuski.ba\/index.php\/wp-json\/wp\/v2\/posts"}],"about":[{"href":"https:\/\/radioljubuski.ba\/index.php\/wp-json\/wp\/v2\/types\/post"}],"author":[{"embeddable":true,"href":"https:\/\/radioljubuski.ba\/index.php\/wp-json\/wp\/v2\/users\/2"}],"replies":[{"embeddable":true,"href":"https:\/\/radioljubuski.ba\/index.php\/wp-json\/wp\/v2\/comments?post=17709"}],"version-history":[{"count":1,"href":"https:\/\/radioljubuski.ba\/index.php\/wp-json\/wp\/v2\/posts\/17709\/revisions"}],"predecessor-version":[{"id":17711,"href":"https:\/\/radioljubuski.ba\/index.php\/wp-json\/wp\/v2\/posts\/17709\/revisions\/17711"}],"wp:featuredmedia":[{"embeddable":true,"href":"https:\/\/radioljubuski.ba\/index.php\/wp-json\/wp\/v2\/media\/17710"}],"wp:attachment":[{"href":"https:\/\/radioljubuski.ba\/index.php\/wp-json\/wp\/v2\/media?parent=17709"}],"wp:term":[{"taxonomy":"category","embeddable":true,"href":"https:\/\/radioljubuski.ba\/index.php\/wp-json\/wp\/v2\/categories?post=17709"},{"taxonomy":"post_tag","embeddable":true,"href":"https:\/\/radioljubuski.ba\/index.php\/wp-json\/wp\/v2\/tags?post=17709"}],"curies":[{"name":"wp","href":"https:\/\/api.w.org\/{rel}","templated":true}]}}