{"id":177338,"date":"2022-09-08T10:30:19","date_gmt":"2022-09-08T09:30:19","guid":{"rendered":"https:\/\/radioljubuski.ba\/?p=177338"},"modified":"2022-09-08T10:30:20","modified_gmt":"2022-09-08T09:30:20","slug":"objavljena-prognoza-do-20-rujna-evo-kad-stize-kisa-i-sto-nas-sve-ocekuje","status":"publish","type":"post","link":"https:\/\/radioljubuski.ba\/index.php\/2022\/09\/08\/objavljena-prognoza-do-20-rujna-evo-kad-stize-kisa-i-sto-nas-sve-ocekuje\/","title":{"rendered":"Objavljena prognoza do 20. rujna: Evo kad sti\u017ee ki\u0161a i \u0161to nas sve o\u010dekuje"},"content":{"rendered":"\n<p>Federalni hidrometeorolo\u0161ki zavod objavio je prognozu za razdoblje do 20. rujna. Kako navode, stabilne vremenske prilike prognoziraju se do 8. rujna i nakon toga po\u010dinju ki\u0161e.<\/p>\n\n\n\n<p>Tijekom jutra u Bosni du\u017e rije\u010dnih tokova izgledna je magla, a danju \u0161irom zemlje prete\u017eito sun\u010dano i ugodno toplo vrijeme uz temperature iznad prosjeka.<\/p>\n\n\n\n<p>Od 9. do 20. rujna o\u010dekuje se nestabilno vrijeme uz povremene padaline.<\/p>\n\n\n\n<p>Pojava magle mogu\u0107a je u Bosni du\u017e rije\u010dnih tokova, uz temperature, \u0161irom zemlje, u granicama uobi\u010dajenih za ovo doba godine.<\/p>\n\n\n\n<p>Do 8. rujna, o\u010dekivane vrijednosti jutarnjih temperatura zraka su od 13 do 18 u Bosni, na jugu zemlje do 21 \u00b0C, a najvi\u0161e dnevne u Bosnu izme\u0111u 26 i 30 \u00b0C, na jugu zemlje do 32 \u00b0C.<\/p>\n\n\n\n<p>Od 9. rujna do kraja prognoznog razdoblja u Bosni minimalne vrijednosti temperatura zraka o\u010dekuju se izme\u0111u 9 i 14, u Hercegovini oko 20 \u00b0C, a maksimalne u Bosni do 25 u Hercegovini do 29 \u00b0C.<\/p>\n\n\n\n<p>Izvor:pogled.ba<\/p>\n","protected":false},"excerpt":{"rendered":"<p>Federalni hidrometeorolo\u0161ki zavod objavio je prognozu za razdoblje do 20. rujna. Kako navode, stabilne vremenske prilike prognoziraju se do 8. rujna i nakon toga po\u010dinju ki\u0161e. Tijekom jutra u Bosni du\u017e rije\u010dnih tokova izgledna je magla, a danju \u0161irom zemlje prete\u017eito sun\u010dano i ugodno toplo vrijeme uz temperature iznad prosjeka. Od 9. do 20. rujna [&hellip;]<\/p>\n","protected":false},"author":2,"featured_media":0,"comment_status":"closed","ping_status":"closed","sticky":false,"template":"","format":"standard","meta":{"h5ap_radio_sources":[],"footnotes":""},"categories":[1],"tags":[],"class_list":["post-177338","post","type-post","status-publish","format-standard","hentry","category-bihiregija"],"yoast_head":"<!-- This site is optimized with the Yoast SEO plugin v27.5 - https:\/\/yoast.com\/product\/yoast-seo-wordpress\/ -->\n<title>Objavljena prognoza do 20. rujna: Evo kad sti\u017ee ki\u0161a i \u0161to nas sve o\u010dekuje - RADIO LJUBU\u0160KI<\/title>\n<meta name=\"robots\" content=\"index, follow, max-snippet:-1, max-image-preview:large, max-video-preview:-1\" \/>\n<link rel=\"canonical\" href=\"https:\/\/radioljubuski.ba\/index.php\/2022\/09\/08\/objavljena-prognoza-do-20-rujna-evo-kad-stize-kisa-i-sto-nas-sve-ocekuje\/\" \/>\n<meta property=\"og:locale\" content=\"hr_HR\" \/>\n<meta property=\"og:type\" content=\"article\" \/>\n<meta property=\"og:title\" content=\"Objavljena prognoza do 20. rujna: Evo kad sti\u017ee ki\u0161a i \u0161to nas sve o\u010dekuje - RADIO LJUBU\u0160KI\" \/>\n<meta property=\"og:description\" content=\"Federalni hidrometeorolo\u0161ki zavod objavio je prognozu za razdoblje do 20. rujna. Kako navode, stabilne vremenske prilike prognoziraju se do 8. rujna i nakon toga po\u010dinju ki\u0161e. Tijekom jutra u Bosni du\u017e rije\u010dnih tokova izgledna je magla, a danju \u0161irom zemlje prete\u017eito sun\u010dano i ugodno toplo vrijeme uz temperature iznad prosjeka. Od 9. do 20. rujna [&hellip;]\" \/>\n<meta property=\"og:url\" content=\"https:\/\/radioljubuski.ba\/index.php\/2022\/09\/08\/objavljena-prognoza-do-20-rujna-evo-kad-stize-kisa-i-sto-nas-sve-ocekuje\/\" \/>\n<meta property=\"og:site_name\" content=\"RADIO LJUBU\u0160KI\" \/>\n<meta property=\"article:publisher\" content=\"https:\/\/www.facebook.com\/Radiio-Ljubuski-1490835324566332\" \/>\n<meta property=\"article:published_time\" content=\"2022-09-08T09:30:19+00:00\" \/>\n<meta property=\"article:modified_time\" content=\"2022-09-08T09:30:20+00:00\" \/>\n<meta property=\"og:image\" content=\"https:\/\/radioljubuski.ba\/wp-content\/uploads\/2022\/08\/kisa-i-vjetar.jpg\" \/>\n\t<meta property=\"og:image:width\" content=\"1046\" \/>\n\t<meta property=\"og:image:height\" content=\"662\" \/>\n\t<meta property=\"og:image:type\" content=\"image\/jpeg\" \/>\n<meta name=\"author\" content=\"Radio Ljubu\u0161ki\" \/>\n<meta name=\"twitter:card\" content=\"summary_large_image\" \/>\n<meta name=\"twitter:creator\" content=\"@radioljubuski\" \/>\n<meta name=\"twitter:site\" content=\"@radioljubuski\" \/>\n<meta name=\"twitter:label1\" content=\"Napisao\/la\" \/>\n\t<meta name=\"twitter:data1\" content=\"Radio Ljubu\u0161ki\" \/>\n\t<meta name=\"twitter:label2\" content=\"Procijenjeno vrijeme \u010ditanja\" \/>\n\t<meta name=\"twitter:data2\" content=\"1 minuta\" \/>\n<script type=\"application\/ld+json\" class=\"yoast-schema-graph\">{\"@context\":\"https:\\\/\\\/schema.org\",\"@graph\":[{\"@type\":\"Article\",\"@id\":\"https:\\\/\\\/radioljubuski.ba\\\/index.php\\\/2022\\\/09\\\/08\\\/objavljena-prognoza-do-20-rujna-evo-kad-stize-kisa-i-sto-nas-sve-ocekuje\\\/#article\",\"isPartOf\":{\"@id\":\"https:\\\/\\\/radioljubuski.ba\\\/index.php\\\/2022\\\/09\\\/08\\\/objavljena-prognoza-do-20-rujna-evo-kad-stize-kisa-i-sto-nas-sve-ocekuje\\\/\"},\"author\":{\"name\":\"Radio Ljubu\u0161ki\",\"@id\":\"https:\\\/\\\/radioljubuski.ba\\\/#\\\/schema\\\/person\\\/19fc700381a780f69665d7956c469e3b\"},\"headline\":\"Objavljena prognoza do 20. rujna: Evo kad sti\u017ee ki\u0161a i \u0161to nas sve o\u010dekuje\",\"datePublished\":\"2022-09-08T09:30:19+00:00\",\"dateModified\":\"2022-09-08T09:30:20+00:00\",\"mainEntityOfPage\":{\"@id\":\"https:\\\/\\\/radioljubuski.ba\\\/index.php\\\/2022\\\/09\\\/08\\\/objavljena-prognoza-do-20-rujna-evo-kad-stize-kisa-i-sto-nas-sve-ocekuje\\\/\"},\"wordCount\":171,\"publisher\":{\"@id\":\"https:\\\/\\\/radioljubuski.ba\\\/#organization\"},\"articleSection\":[\"BIH i regija\"],\"inLanguage\":\"hr\"},{\"@type\":\"WebPage\",\"@id\":\"https:\\\/\\\/radioljubuski.ba\\\/index.php\\\/2022\\\/09\\\/08\\\/objavljena-prognoza-do-20-rujna-evo-kad-stize-kisa-i-sto-nas-sve-ocekuje\\\/\",\"url\":\"https:\\\/\\\/radioljubuski.ba\\\/index.php\\\/2022\\\/09\\\/08\\\/objavljena-prognoza-do-20-rujna-evo-kad-stize-kisa-i-sto-nas-sve-ocekuje\\\/\",\"name\":\"Objavljena prognoza do 20. rujna: Evo kad sti\u017ee ki\u0161a i \u0161to nas sve o\u010dekuje - RADIO LJUBU\u0160KI\",\"isPartOf\":{\"@id\":\"https:\\\/\\\/radioljubuski.ba\\\/#website\"},\"datePublished\":\"2022-09-08T09:30:19+00:00\",\"dateModified\":\"2022-09-08T09:30:20+00:00\",\"breadcrumb\":{\"@id\":\"https:\\\/\\\/radioljubuski.ba\\\/index.php\\\/2022\\\/09\\\/08\\\/objavljena-prognoza-do-20-rujna-evo-kad-stize-kisa-i-sto-nas-sve-ocekuje\\\/#breadcrumb\"},\"inLanguage\":\"hr\",\"potentialAction\":[{\"@type\":\"ReadAction\",\"target\":[\"https:\\\/\\\/radioljubuski.ba\\\/index.php\\\/2022\\\/09\\\/08\\\/objavljena-prognoza-do-20-rujna-evo-kad-stize-kisa-i-sto-nas-sve-ocekuje\\\/\"]}]},{\"@type\":\"BreadcrumbList\",\"@id\":\"https:\\\/\\\/radioljubuski.ba\\\/index.php\\\/2022\\\/09\\\/08\\\/objavljena-prognoza-do-20-rujna-evo-kad-stize-kisa-i-sto-nas-sve-ocekuje\\\/#breadcrumb\",\"itemListElement\":[{\"@type\":\"ListItem\",\"position\":1,\"name\":\"Po\u010detna stranica\",\"item\":\"https:\\\/\\\/radioljubuski.ba\\\/\"},{\"@type\":\"ListItem\",\"position\":2,\"name\":\"Objavljena prognoza do 20. rujna: Evo kad sti\u017ee ki\u0161a i \u0161to nas sve o\u010dekuje\"}]},{\"@type\":\"WebSite\",\"@id\":\"https:\\\/\\\/radioljubuski.ba\\\/#website\",\"url\":\"https:\\\/\\\/radioljubuski.ba\\\/\",\"name\":\"Radio Ljubu\u0161ki\",\"description\":\"Sun\u010dana frekvencija Hercegovine\",\"publisher\":{\"@id\":\"https:\\\/\\\/radioljubuski.ba\\\/#organization\"},\"potentialAction\":[{\"@type\":\"SearchAction\",\"target\":{\"@type\":\"EntryPoint\",\"urlTemplate\":\"https:\\\/\\\/radioljubuski.ba\\\/?s={search_term_string}\"},\"query-input\":{\"@type\":\"PropertyValueSpecification\",\"valueRequired\":true,\"valueName\":\"search_term_string\"}}],\"inLanguage\":\"hr\"},{\"@type\":\"Organization\",\"@id\":\"https:\\\/\\\/radioljubuski.ba\\\/#organization\",\"name\":\"Radio Ljubu\u0161ki\",\"url\":\"https:\\\/\\\/radioljubuski.ba\\\/\",\"logo\":{\"@type\":\"ImageObject\",\"inLanguage\":\"hr\",\"@id\":\"https:\\\/\\\/radioljubuski.ba\\\/#\\\/schema\\\/logo\\\/image\\\/\",\"url\":\"https:\\\/\\\/radioljubuski.ba\\\/wp-content\\\/uploads\\\/2021\\\/02\\\/cropped-Radio_Ljubuski_logo1.jpg\",\"contentUrl\":\"https:\\\/\\\/radioljubuski.ba\\\/wp-content\\\/uploads\\\/2021\\\/02\\\/cropped-Radio_Ljubuski_logo1.jpg\",\"width\":512,\"height\":512,\"caption\":\"Radio Ljubu\u0161ki\"},\"image\":{\"@id\":\"https:\\\/\\\/radioljubuski.ba\\\/#\\\/schema\\\/logo\\\/image\\\/\"},\"sameAs\":[\"https:\\\/\\\/www.facebook.com\\\/Radiio-Ljubuski-1490835324566332\",\"https:\\\/\\\/x.com\\\/radioljubuski\",\"https:\\\/\\\/hr.linkedin.com\\\/company\\\/radio-ljubuski\",\"https:\\\/\\\/www.youtube.com\\\/channel\\\/UCHYaeO_n0Db3tjNGudGpXyw\"]},{\"@type\":\"Person\",\"@id\":\"https:\\\/\\\/radioljubuski.ba\\\/#\\\/schema\\\/person\\\/19fc700381a780f69665d7956c469e3b\",\"name\":\"Radio Ljubu\u0161ki\"}]}<\/script>\n<!-- \/ Yoast SEO plugin. -->","yoast_head_json":{"title":"Objavljena prognoza do 20. rujna: Evo kad sti\u017ee ki\u0161a i \u0161to nas sve o\u010dekuje - RADIO LJUBU\u0160KI","robots":{"index":"index","follow":"follow","max-snippet":"max-snippet:-1","max-image-preview":"max-image-preview:large","max-video-preview":"max-video-preview:-1"},"canonical":"https:\/\/radioljubuski.ba\/index.php\/2022\/09\/08\/objavljena-prognoza-do-20-rujna-evo-kad-stize-kisa-i-sto-nas-sve-ocekuje\/","og_locale":"hr_HR","og_type":"article","og_title":"Objavljena prognoza do 20. rujna: Evo kad sti\u017ee ki\u0161a i \u0161to nas sve o\u010dekuje - RADIO LJUBU\u0160KI","og_description":"Federalni hidrometeorolo\u0161ki zavod objavio je prognozu za razdoblje do 20. rujna. Kako navode, stabilne vremenske prilike prognoziraju se do 8. rujna i nakon toga po\u010dinju ki\u0161e. Tijekom jutra u Bosni du\u017e rije\u010dnih tokova izgledna je magla, a danju \u0161irom zemlje prete\u017eito sun\u010dano i ugodno toplo vrijeme uz temperature iznad prosjeka. Od 9. do 20. rujna [&hellip;]","og_url":"https:\/\/radioljubuski.ba\/index.php\/2022\/09\/08\/objavljena-prognoza-do-20-rujna-evo-kad-stize-kisa-i-sto-nas-sve-ocekuje\/","og_site_name":"RADIO LJUBU\u0160KI","article_publisher":"https:\/\/www.facebook.com\/Radiio-Ljubuski-1490835324566332","article_published_time":"2022-09-08T09:30:19+00:00","article_modified_time":"2022-09-08T09:30:20+00:00","og_image":[{"width":1046,"height":662,"url":"https:\/\/radioljubuski.ba\/wp-content\/uploads\/2022\/08\/kisa-i-vjetar.jpg","type":"image\/jpeg"}],"author":"Radio Ljubu\u0161ki","twitter_card":"summary_large_image","twitter_creator":"@radioljubuski","twitter_site":"@radioljubuski","twitter_misc":{"Napisao\/la":"Radio Ljubu\u0161ki","Procijenjeno vrijeme \u010ditanja":"1 minuta"},"schema":{"@context":"https:\/\/schema.org","@graph":[{"@type":"Article","@id":"https:\/\/radioljubuski.ba\/index.php\/2022\/09\/08\/objavljena-prognoza-do-20-rujna-evo-kad-stize-kisa-i-sto-nas-sve-ocekuje\/#article","isPartOf":{"@id":"https:\/\/radioljubuski.ba\/index.php\/2022\/09\/08\/objavljena-prognoza-do-20-rujna-evo-kad-stize-kisa-i-sto-nas-sve-ocekuje\/"},"author":{"name":"Radio Ljubu\u0161ki","@id":"https:\/\/radioljubuski.ba\/#\/schema\/person\/19fc700381a780f69665d7956c469e3b"},"headline":"Objavljena prognoza do 20. rujna: Evo kad sti\u017ee ki\u0161a i \u0161to nas sve o\u010dekuje","datePublished":"2022-09-08T09:30:19+00:00","dateModified":"2022-09-08T09:30:20+00:00","mainEntityOfPage":{"@id":"https:\/\/radioljubuski.ba\/index.php\/2022\/09\/08\/objavljena-prognoza-do-20-rujna-evo-kad-stize-kisa-i-sto-nas-sve-ocekuje\/"},"wordCount":171,"publisher":{"@id":"https:\/\/radioljubuski.ba\/#organization"},"articleSection":["BIH i regija"],"inLanguage":"hr"},{"@type":"WebPage","@id":"https:\/\/radioljubuski.ba\/index.php\/2022\/09\/08\/objavljena-prognoza-do-20-rujna-evo-kad-stize-kisa-i-sto-nas-sve-ocekuje\/","url":"https:\/\/radioljubuski.ba\/index.php\/2022\/09\/08\/objavljena-prognoza-do-20-rujna-evo-kad-stize-kisa-i-sto-nas-sve-ocekuje\/","name":"Objavljena prognoza do 20. rujna: Evo kad sti\u017ee ki\u0161a i \u0161to nas sve o\u010dekuje - RADIO LJUBU\u0160KI","isPartOf":{"@id":"https:\/\/radioljubuski.ba\/#website"},"datePublished":"2022-09-08T09:30:19+00:00","dateModified":"2022-09-08T09:30:20+00:00","breadcrumb":{"@id":"https:\/\/radioljubuski.ba\/index.php\/2022\/09\/08\/objavljena-prognoza-do-20-rujna-evo-kad-stize-kisa-i-sto-nas-sve-ocekuje\/#breadcrumb"},"inLanguage":"hr","potentialAction":[{"@type":"ReadAction","target":["https:\/\/radioljubuski.ba\/index.php\/2022\/09\/08\/objavljena-prognoza-do-20-rujna-evo-kad-stize-kisa-i-sto-nas-sve-ocekuje\/"]}]},{"@type":"BreadcrumbList","@id":"https:\/\/radioljubuski.ba\/index.php\/2022\/09\/08\/objavljena-prognoza-do-20-rujna-evo-kad-stize-kisa-i-sto-nas-sve-ocekuje\/#breadcrumb","itemListElement":[{"@type":"ListItem","position":1,"name":"Po\u010detna stranica","item":"https:\/\/radioljubuski.ba\/"},{"@type":"ListItem","position":2,"name":"Objavljena prognoza do 20. rujna: Evo kad sti\u017ee ki\u0161a i \u0161to nas sve o\u010dekuje"}]},{"@type":"WebSite","@id":"https:\/\/radioljubuski.ba\/#website","url":"https:\/\/radioljubuski.ba\/","name":"Radio Ljubu\u0161ki","description":"Sun\u010dana frekvencija Hercegovine","publisher":{"@id":"https:\/\/radioljubuski.ba\/#organization"},"potentialAction":[{"@type":"SearchAction","target":{"@type":"EntryPoint","urlTemplate":"https:\/\/radioljubuski.ba\/?s={search_term_string}"},"query-input":{"@type":"PropertyValueSpecification","valueRequired":true,"valueName":"search_term_string"}}],"inLanguage":"hr"},{"@type":"Organization","@id":"https:\/\/radioljubuski.ba\/#organization","name":"Radio Ljubu\u0161ki","url":"https:\/\/radioljubuski.ba\/","logo":{"@type":"ImageObject","inLanguage":"hr","@id":"https:\/\/radioljubuski.ba\/#\/schema\/logo\/image\/","url":"https:\/\/radioljubuski.ba\/wp-content\/uploads\/2021\/02\/cropped-Radio_Ljubuski_logo1.jpg","contentUrl":"https:\/\/radioljubuski.ba\/wp-content\/uploads\/2021\/02\/cropped-Radio_Ljubuski_logo1.jpg","width":512,"height":512,"caption":"Radio Ljubu\u0161ki"},"image":{"@id":"https:\/\/radioljubuski.ba\/#\/schema\/logo\/image\/"},"sameAs":["https:\/\/www.facebook.com\/Radiio-Ljubuski-1490835324566332","https:\/\/x.com\/radioljubuski","https:\/\/hr.linkedin.com\/company\/radio-ljubuski","https:\/\/www.youtube.com\/channel\/UCHYaeO_n0Db3tjNGudGpXyw"]},{"@type":"Person","@id":"https:\/\/radioljubuski.ba\/#\/schema\/person\/19fc700381a780f69665d7956c469e3b","name":"Radio Ljubu\u0161ki"}]}},"_links":{"self":[{"href":"https:\/\/radioljubuski.ba\/index.php\/wp-json\/wp\/v2\/posts\/177338","targetHints":{"allow":["GET"]}}],"collection":[{"href":"https:\/\/radioljubuski.ba\/index.php\/wp-json\/wp\/v2\/posts"}],"about":[{"href":"https:\/\/radioljubuski.ba\/index.php\/wp-json\/wp\/v2\/types\/post"}],"author":[{"embeddable":true,"href":"https:\/\/radioljubuski.ba\/index.php\/wp-json\/wp\/v2\/users\/2"}],"replies":[{"embeddable":true,"href":"https:\/\/radioljubuski.ba\/index.php\/wp-json\/wp\/v2\/comments?post=177338"}],"version-history":[{"count":1,"href":"https:\/\/radioljubuski.ba\/index.php\/wp-json\/wp\/v2\/posts\/177338\/revisions"}],"predecessor-version":[{"id":177339,"href":"https:\/\/radioljubuski.ba\/index.php\/wp-json\/wp\/v2\/posts\/177338\/revisions\/177339"}],"wp:attachment":[{"href":"https:\/\/radioljubuski.ba\/index.php\/wp-json\/wp\/v2\/media?parent=177338"}],"wp:term":[{"taxonomy":"category","embeddable":true,"href":"https:\/\/radioljubuski.ba\/index.php\/wp-json\/wp\/v2\/categories?post=177338"},{"taxonomy":"post_tag","embeddable":true,"href":"https:\/\/radioljubuski.ba\/index.php\/wp-json\/wp\/v2\/tags?post=177338"}],"curies":[{"name":"wp","href":"https:\/\/api.w.org\/{rel}","templated":true}]}}