{"id":17750,"date":"2021-05-01T16:20:54","date_gmt":"2021-05-01T15:20:54","guid":{"rendered":"https:\/\/radioljubuski.ba\/?p=17750"},"modified":"2021-05-01T16:20:55","modified_gmt":"2021-05-01T15:20:55","slug":"japan-donirao-bih-74-milijuna-km-za-borbu-protiv-ilegalnih-migracija","status":"publish","type":"post","link":"https:\/\/radioljubuski.ba\/index.php\/2021\/05\/01\/japan-donirao-bih-74-milijuna-km-za-borbu-protiv-ilegalnih-migracija\/","title":{"rendered":"Japan donirao BiH 7,4 milijuna KM za borbu protiv ilegalnih migracija"},"content":{"rendered":"\n<p><strong>Japanski ministar vanjskih poslova Toshimitsu Motegi u Sarajevu se sastao s ministricom VP BiH Biserom Turkovi\u0107, izvje\u0161tava HINA. Potpisali su sporazum kojim \u0107e japanska ,vlada donirati 500 miljuna jena (oko 7,4 milijuna maraka) za opremanje slu\u017ebi za nadzor granica i ilegalnih prelaska.<\/strong><\/p>\n\n\n\n<p>\u201cPomo\u0107 \u0107e biti iskori\u0161tena za kupnju vozila grani\u010dnoj policiji BiH, Slu\u017ebi za poslove sa strancima BiH, MUP-ovima Republike Srpske i Federacije BiH kao i Unsko-sanske \u017eupanije\u201d,- detaljnije je objasnila Turkovi\u0107.<\/p>\n\n\n\n<p>Grani\u010dna policija BiH ima velikih problema u zadr\u017eavanju ilegalne migracije, a upravo kroz BiH prolazi najfrekventnija ruta kojom \u017eele do\u0107i do zapadne Europe. Jedno od obja\u0161njenja jest slaba opremljenost i malen broj policajaca kojima je te\u0161ko \u010duvati duga\u010dku, razgranatu i \u010desto nepristupa\u010dnu granicu sa Srbijom i Crnom gorom. Dok je granica Srbije i BiH uglavnom laka za prije\u0107i migrantima, granica s Hrvatskom i EU ne\u0161to je ve\u0107i, ali ne i nepremostiv izazov za ilegalni prijelaz. Za\u0161to je razlika u propusnosti izme\u0111u te dvije granice mo\u017ee biti obja\u0161njeno na vi\u0161e na\u010dina: slabom opremljenosti BiH policije, korupcijom, suosje\u0107anjem, za\u0161titom EU granica ili religijsko-geopoliti\u010dkim razlozima.<\/p>\n\n\n\n<p>Bilo kako bilo, Japan je odlu\u010dio, barem malo, pomo\u0107i. Japan je slu\u017ebeno priznao BiH 1996. Godinama nakon zavr\u0161etka rata ova dalekoisto\u010dna zemlja je bila jedna od najve\u0107ih donatora koji su pomogli obnovi BiH i razvojnim projektima. Japan je i stalni \u010dlan Upravnog odbora Vije\u0107a za provedbu mira (PIC), tijela koje nadzire po\u0161tivanje Daytonskog sporazuma a okuplja i druge najutjecajnije zapadne dr\u017eave te Tursku i Rusiju.<\/p>\n\n\n\n<p>\/HMS\/<\/p>\n","protected":false},"excerpt":{"rendered":"<p>Japanski ministar vanjskih poslova Toshimitsu Motegi u Sarajevu se sastao s ministricom VP BiH Biserom Turkovi\u0107, izvje\u0161tava HINA. Potpisali su sporazum kojim \u0107e japanska ,vlada donirati 500 miljuna jena (oko 7,4 milijuna maraka) za opremanje slu\u017ebi za nadzor granica i ilegalnih prelaska. \u201cPomo\u0107 \u0107e biti iskori\u0161tena za kupnju vozila grani\u010dnoj policiji BiH, Slu\u017ebi za poslove [&hellip;]<\/p>\n","protected":false},"author":2,"featured_media":17751,"comment_status":"closed","ping_status":"closed","sticky":false,"template":"","format":"standard","meta":{"h5ap_radio_sources":[],"footnotes":""},"categories":[1],"tags":[],"class_list":["post-17750","post","type-post","status-publish","format-standard","has-post-thumbnail","hentry","category-bihiregija"],"yoast_head":"<!-- This site is optimized with the Yoast SEO plugin v27.4 - https:\/\/yoast.com\/product\/yoast-seo-wordpress\/ -->\n<title>Japan donirao BiH 7,4 milijuna KM za borbu protiv ilegalnih migracija - RADIO LJUBU\u0160KI<\/title>\n<meta name=\"robots\" content=\"index, follow, max-snippet:-1, max-image-preview:large, max-video-preview:-1\" \/>\n<link rel=\"canonical\" href=\"https:\/\/radioljubuski.ba\/index.php\/2021\/05\/01\/japan-donirao-bih-74-milijuna-km-za-borbu-protiv-ilegalnih-migracija\/\" \/>\n<meta property=\"og:locale\" content=\"hr_HR\" \/>\n<meta property=\"og:type\" content=\"article\" \/>\n<meta property=\"og:title\" content=\"Japan donirao BiH 7,4 milijuna KM za borbu protiv ilegalnih migracija - RADIO LJUBU\u0160KI\" \/>\n<meta property=\"og:description\" content=\"Japanski ministar vanjskih poslova Toshimitsu Motegi u Sarajevu se sastao s ministricom VP BiH Biserom Turkovi\u0107, izvje\u0161tava HINA. Potpisali su sporazum kojim \u0107e japanska ,vlada donirati 500 miljuna jena (oko 7,4 milijuna maraka) za opremanje slu\u017ebi za nadzor granica i ilegalnih prelaska. \u201cPomo\u0107 \u0107e biti iskori\u0161tena za kupnju vozila grani\u010dnoj policiji BiH, Slu\u017ebi za poslove [&hellip;]\" \/>\n<meta property=\"og:url\" content=\"https:\/\/radioljubuski.ba\/index.php\/2021\/05\/01\/japan-donirao-bih-74-milijuna-km-za-borbu-protiv-ilegalnih-migracija\/\" \/>\n<meta property=\"og:site_name\" content=\"RADIO LJUBU\u0160KI\" \/>\n<meta property=\"article:publisher\" content=\"https:\/\/www.facebook.com\/Radiio-Ljubuski-1490835324566332\" \/>\n<meta property=\"article:published_time\" content=\"2021-05-01T15:20:54+00:00\" \/>\n<meta property=\"article:modified_time\" content=\"2021-05-01T15:20:55+00:00\" \/>\n<meta property=\"og:image\" content=\"https:\/\/radioljubuski.ba\/wp-content\/uploads\/2021\/05\/bisera-i-japanski-ministar-aa.jpg\" \/>\n\t<meta property=\"og:image:width\" content=\"750\" \/>\n\t<meta property=\"og:image:height\" content=\"465\" \/>\n\t<meta property=\"og:image:type\" content=\"image\/jpeg\" \/>\n<meta name=\"author\" content=\"Radio Ljubu\u0161ki\" \/>\n<meta name=\"twitter:card\" content=\"summary_large_image\" \/>\n<meta name=\"twitter:creator\" content=\"@radioljubuski\" \/>\n<meta name=\"twitter:site\" content=\"@radioljubuski\" \/>\n<meta name=\"twitter:label1\" content=\"Napisao\/la\" \/>\n\t<meta name=\"twitter:data1\" content=\"Radio Ljubu\u0161ki\" \/>\n\t<meta name=\"twitter:label2\" content=\"Procijenjeno vrijeme \u010ditanja\" \/>\n\t<meta name=\"twitter:data2\" content=\"2 minute\" \/>\n<script type=\"application\/ld+json\" class=\"yoast-schema-graph\">{\"@context\":\"https:\\\/\\\/schema.org\",\"@graph\":[{\"@type\":\"Article\",\"@id\":\"https:\\\/\\\/radioljubuski.ba\\\/index.php\\\/2021\\\/05\\\/01\\\/japan-donirao-bih-74-milijuna-km-za-borbu-protiv-ilegalnih-migracija\\\/#article\",\"isPartOf\":{\"@id\":\"https:\\\/\\\/radioljubuski.ba\\\/index.php\\\/2021\\\/05\\\/01\\\/japan-donirao-bih-74-milijuna-km-za-borbu-protiv-ilegalnih-migracija\\\/\"},\"author\":{\"name\":\"Radio Ljubu\u0161ki\",\"@id\":\"https:\\\/\\\/radioljubuski.ba\\\/#\\\/schema\\\/person\\\/19fc700381a780f69665d7956c469e3b\"},\"headline\":\"Japan donirao BiH 7,4 milijuna KM za borbu protiv ilegalnih migracija\",\"datePublished\":\"2021-05-01T15:20:54+00:00\",\"dateModified\":\"2021-05-01T15:20:55+00:00\",\"mainEntityOfPage\":{\"@id\":\"https:\\\/\\\/radioljubuski.ba\\\/index.php\\\/2021\\\/05\\\/01\\\/japan-donirao-bih-74-milijuna-km-za-borbu-protiv-ilegalnih-migracija\\\/\"},\"wordCount\":281,\"publisher\":{\"@id\":\"https:\\\/\\\/radioljubuski.ba\\\/#organization\"},\"image\":{\"@id\":\"https:\\\/\\\/radioljubuski.ba\\\/index.php\\\/2021\\\/05\\\/01\\\/japan-donirao-bih-74-milijuna-km-za-borbu-protiv-ilegalnih-migracija\\\/#primaryimage\"},\"thumbnailUrl\":\"https:\\\/\\\/radioljubuski.ba\\\/wp-content\\\/uploads\\\/2021\\\/05\\\/bisera-i-japanski-ministar-aa.jpg\",\"articleSection\":[\"BIH i regija\"],\"inLanguage\":\"hr\"},{\"@type\":\"WebPage\",\"@id\":\"https:\\\/\\\/radioljubuski.ba\\\/index.php\\\/2021\\\/05\\\/01\\\/japan-donirao-bih-74-milijuna-km-za-borbu-protiv-ilegalnih-migracija\\\/\",\"url\":\"https:\\\/\\\/radioljubuski.ba\\\/index.php\\\/2021\\\/05\\\/01\\\/japan-donirao-bih-74-milijuna-km-za-borbu-protiv-ilegalnih-migracija\\\/\",\"name\":\"Japan donirao BiH 7,4 milijuna KM za borbu protiv ilegalnih migracija - RADIO LJUBU\u0160KI\",\"isPartOf\":{\"@id\":\"https:\\\/\\\/radioljubuski.ba\\\/#website\"},\"primaryImageOfPage\":{\"@id\":\"https:\\\/\\\/radioljubuski.ba\\\/index.php\\\/2021\\\/05\\\/01\\\/japan-donirao-bih-74-milijuna-km-za-borbu-protiv-ilegalnih-migracija\\\/#primaryimage\"},\"image\":{\"@id\":\"https:\\\/\\\/radioljubuski.ba\\\/index.php\\\/2021\\\/05\\\/01\\\/japan-donirao-bih-74-milijuna-km-za-borbu-protiv-ilegalnih-migracija\\\/#primaryimage\"},\"thumbnailUrl\":\"https:\\\/\\\/radioljubuski.ba\\\/wp-content\\\/uploads\\\/2021\\\/05\\\/bisera-i-japanski-ministar-aa.jpg\",\"datePublished\":\"2021-05-01T15:20:54+00:00\",\"dateModified\":\"2021-05-01T15:20:55+00:00\",\"breadcrumb\":{\"@id\":\"https:\\\/\\\/radioljubuski.ba\\\/index.php\\\/2021\\\/05\\\/01\\\/japan-donirao-bih-74-milijuna-km-za-borbu-protiv-ilegalnih-migracija\\\/#breadcrumb\"},\"inLanguage\":\"hr\",\"potentialAction\":[{\"@type\":\"ReadAction\",\"target\":[\"https:\\\/\\\/radioljubuski.ba\\\/index.php\\\/2021\\\/05\\\/01\\\/japan-donirao-bih-74-milijuna-km-za-borbu-protiv-ilegalnih-migracija\\\/\"]}]},{\"@type\":\"ImageObject\",\"inLanguage\":\"hr\",\"@id\":\"https:\\\/\\\/radioljubuski.ba\\\/index.php\\\/2021\\\/05\\\/01\\\/japan-donirao-bih-74-milijuna-km-za-borbu-protiv-ilegalnih-migracija\\\/#primaryimage\",\"url\":\"https:\\\/\\\/radioljubuski.ba\\\/wp-content\\\/uploads\\\/2021\\\/05\\\/bisera-i-japanski-ministar-aa.jpg\",\"contentUrl\":\"https:\\\/\\\/radioljubuski.ba\\\/wp-content\\\/uploads\\\/2021\\\/05\\\/bisera-i-japanski-ministar-aa.jpg\",\"width\":750,\"height\":465},{\"@type\":\"BreadcrumbList\",\"@id\":\"https:\\\/\\\/radioljubuski.ba\\\/index.php\\\/2021\\\/05\\\/01\\\/japan-donirao-bih-74-milijuna-km-za-borbu-protiv-ilegalnih-migracija\\\/#breadcrumb\",\"itemListElement\":[{\"@type\":\"ListItem\",\"position\":1,\"name\":\"Po\u010detna stranica\",\"item\":\"https:\\\/\\\/radioljubuski.ba\\\/\"},{\"@type\":\"ListItem\",\"position\":2,\"name\":\"Japan donirao BiH 7,4 milijuna KM za borbu protiv ilegalnih migracija\"}]},{\"@type\":\"WebSite\",\"@id\":\"https:\\\/\\\/radioljubuski.ba\\\/#website\",\"url\":\"https:\\\/\\\/radioljubuski.ba\\\/\",\"name\":\"Radio Ljubu\u0161ki\",\"description\":\"Sun\u010dana frekvencija Hercegovine\",\"publisher\":{\"@id\":\"https:\\\/\\\/radioljubuski.ba\\\/#organization\"},\"potentialAction\":[{\"@type\":\"SearchAction\",\"target\":{\"@type\":\"EntryPoint\",\"urlTemplate\":\"https:\\\/\\\/radioljubuski.ba\\\/?s={search_term_string}\"},\"query-input\":{\"@type\":\"PropertyValueSpecification\",\"valueRequired\":true,\"valueName\":\"search_term_string\"}}],\"inLanguage\":\"hr\"},{\"@type\":\"Organization\",\"@id\":\"https:\\\/\\\/radioljubuski.ba\\\/#organization\",\"name\":\"Radio Ljubu\u0161ki\",\"url\":\"https:\\\/\\\/radioljubuski.ba\\\/\",\"logo\":{\"@type\":\"ImageObject\",\"inLanguage\":\"hr\",\"@id\":\"https:\\\/\\\/radioljubuski.ba\\\/#\\\/schema\\\/logo\\\/image\\\/\",\"url\":\"https:\\\/\\\/radioljubuski.ba\\\/wp-content\\\/uploads\\\/2021\\\/02\\\/cropped-Radio_Ljubuski_logo1.jpg\",\"contentUrl\":\"https:\\\/\\\/radioljubuski.ba\\\/wp-content\\\/uploads\\\/2021\\\/02\\\/cropped-Radio_Ljubuski_logo1.jpg\",\"width\":512,\"height\":512,\"caption\":\"Radio Ljubu\u0161ki\"},\"image\":{\"@id\":\"https:\\\/\\\/radioljubuski.ba\\\/#\\\/schema\\\/logo\\\/image\\\/\"},\"sameAs\":[\"https:\\\/\\\/www.facebook.com\\\/Radiio-Ljubuski-1490835324566332\",\"https:\\\/\\\/x.com\\\/radioljubuski\",\"https:\\\/\\\/hr.linkedin.com\\\/company\\\/radio-ljubuski\",\"https:\\\/\\\/www.youtube.com\\\/channel\\\/UCHYaeO_n0Db3tjNGudGpXyw\"]},{\"@type\":\"Person\",\"@id\":\"https:\\\/\\\/radioljubuski.ba\\\/#\\\/schema\\\/person\\\/19fc700381a780f69665d7956c469e3b\",\"name\":\"Radio Ljubu\u0161ki\"}]}<\/script>\n<!-- \/ Yoast SEO plugin. -->","yoast_head_json":{"title":"Japan donirao BiH 7,4 milijuna KM za borbu protiv ilegalnih migracija - RADIO LJUBU\u0160KI","robots":{"index":"index","follow":"follow","max-snippet":"max-snippet:-1","max-image-preview":"max-image-preview:large","max-video-preview":"max-video-preview:-1"},"canonical":"https:\/\/radioljubuski.ba\/index.php\/2021\/05\/01\/japan-donirao-bih-74-milijuna-km-za-borbu-protiv-ilegalnih-migracija\/","og_locale":"hr_HR","og_type":"article","og_title":"Japan donirao BiH 7,4 milijuna KM za borbu protiv ilegalnih migracija - RADIO LJUBU\u0160KI","og_description":"Japanski ministar vanjskih poslova Toshimitsu Motegi u Sarajevu se sastao s ministricom VP BiH Biserom Turkovi\u0107, izvje\u0161tava HINA. Potpisali su sporazum kojim \u0107e japanska ,vlada donirati 500 miljuna jena (oko 7,4 milijuna maraka) za opremanje slu\u017ebi za nadzor granica i ilegalnih prelaska. \u201cPomo\u0107 \u0107e biti iskori\u0161tena za kupnju vozila grani\u010dnoj policiji BiH, Slu\u017ebi za poslove [&hellip;]","og_url":"https:\/\/radioljubuski.ba\/index.php\/2021\/05\/01\/japan-donirao-bih-74-milijuna-km-za-borbu-protiv-ilegalnih-migracija\/","og_site_name":"RADIO LJUBU\u0160KI","article_publisher":"https:\/\/www.facebook.com\/Radiio-Ljubuski-1490835324566332","article_published_time":"2021-05-01T15:20:54+00:00","article_modified_time":"2021-05-01T15:20:55+00:00","og_image":[{"width":750,"height":465,"url":"https:\/\/radioljubuski.ba\/wp-content\/uploads\/2021\/05\/bisera-i-japanski-ministar-aa.jpg","type":"image\/jpeg"}],"author":"Radio Ljubu\u0161ki","twitter_card":"summary_large_image","twitter_creator":"@radioljubuski","twitter_site":"@radioljubuski","twitter_misc":{"Napisao\/la":"Radio Ljubu\u0161ki","Procijenjeno vrijeme \u010ditanja":"2 minute"},"schema":{"@context":"https:\/\/schema.org","@graph":[{"@type":"Article","@id":"https:\/\/radioljubuski.ba\/index.php\/2021\/05\/01\/japan-donirao-bih-74-milijuna-km-za-borbu-protiv-ilegalnih-migracija\/#article","isPartOf":{"@id":"https:\/\/radioljubuski.ba\/index.php\/2021\/05\/01\/japan-donirao-bih-74-milijuna-km-za-borbu-protiv-ilegalnih-migracija\/"},"author":{"name":"Radio Ljubu\u0161ki","@id":"https:\/\/radioljubuski.ba\/#\/schema\/person\/19fc700381a780f69665d7956c469e3b"},"headline":"Japan donirao BiH 7,4 milijuna KM za borbu protiv ilegalnih migracija","datePublished":"2021-05-01T15:20:54+00:00","dateModified":"2021-05-01T15:20:55+00:00","mainEntityOfPage":{"@id":"https:\/\/radioljubuski.ba\/index.php\/2021\/05\/01\/japan-donirao-bih-74-milijuna-km-za-borbu-protiv-ilegalnih-migracija\/"},"wordCount":281,"publisher":{"@id":"https:\/\/radioljubuski.ba\/#organization"},"image":{"@id":"https:\/\/radioljubuski.ba\/index.php\/2021\/05\/01\/japan-donirao-bih-74-milijuna-km-za-borbu-protiv-ilegalnih-migracija\/#primaryimage"},"thumbnailUrl":"https:\/\/radioljubuski.ba\/wp-content\/uploads\/2021\/05\/bisera-i-japanski-ministar-aa.jpg","articleSection":["BIH i regija"],"inLanguage":"hr"},{"@type":"WebPage","@id":"https:\/\/radioljubuski.ba\/index.php\/2021\/05\/01\/japan-donirao-bih-74-milijuna-km-za-borbu-protiv-ilegalnih-migracija\/","url":"https:\/\/radioljubuski.ba\/index.php\/2021\/05\/01\/japan-donirao-bih-74-milijuna-km-za-borbu-protiv-ilegalnih-migracija\/","name":"Japan donirao BiH 7,4 milijuna KM za borbu protiv ilegalnih migracija - RADIO LJUBU\u0160KI","isPartOf":{"@id":"https:\/\/radioljubuski.ba\/#website"},"primaryImageOfPage":{"@id":"https:\/\/radioljubuski.ba\/index.php\/2021\/05\/01\/japan-donirao-bih-74-milijuna-km-za-borbu-protiv-ilegalnih-migracija\/#primaryimage"},"image":{"@id":"https:\/\/radioljubuski.ba\/index.php\/2021\/05\/01\/japan-donirao-bih-74-milijuna-km-za-borbu-protiv-ilegalnih-migracija\/#primaryimage"},"thumbnailUrl":"https:\/\/radioljubuski.ba\/wp-content\/uploads\/2021\/05\/bisera-i-japanski-ministar-aa.jpg","datePublished":"2021-05-01T15:20:54+00:00","dateModified":"2021-05-01T15:20:55+00:00","breadcrumb":{"@id":"https:\/\/radioljubuski.ba\/index.php\/2021\/05\/01\/japan-donirao-bih-74-milijuna-km-za-borbu-protiv-ilegalnih-migracija\/#breadcrumb"},"inLanguage":"hr","potentialAction":[{"@type":"ReadAction","target":["https:\/\/radioljubuski.ba\/index.php\/2021\/05\/01\/japan-donirao-bih-74-milijuna-km-za-borbu-protiv-ilegalnih-migracija\/"]}]},{"@type":"ImageObject","inLanguage":"hr","@id":"https:\/\/radioljubuski.ba\/index.php\/2021\/05\/01\/japan-donirao-bih-74-milijuna-km-za-borbu-protiv-ilegalnih-migracija\/#primaryimage","url":"https:\/\/radioljubuski.ba\/wp-content\/uploads\/2021\/05\/bisera-i-japanski-ministar-aa.jpg","contentUrl":"https:\/\/radioljubuski.ba\/wp-content\/uploads\/2021\/05\/bisera-i-japanski-ministar-aa.jpg","width":750,"height":465},{"@type":"BreadcrumbList","@id":"https:\/\/radioljubuski.ba\/index.php\/2021\/05\/01\/japan-donirao-bih-74-milijuna-km-za-borbu-protiv-ilegalnih-migracija\/#breadcrumb","itemListElement":[{"@type":"ListItem","position":1,"name":"Po\u010detna stranica","item":"https:\/\/radioljubuski.ba\/"},{"@type":"ListItem","position":2,"name":"Japan donirao BiH 7,4 milijuna KM za borbu protiv ilegalnih migracija"}]},{"@type":"WebSite","@id":"https:\/\/radioljubuski.ba\/#website","url":"https:\/\/radioljubuski.ba\/","name":"Radio Ljubu\u0161ki","description":"Sun\u010dana frekvencija Hercegovine","publisher":{"@id":"https:\/\/radioljubuski.ba\/#organization"},"potentialAction":[{"@type":"SearchAction","target":{"@type":"EntryPoint","urlTemplate":"https:\/\/radioljubuski.ba\/?s={search_term_string}"},"query-input":{"@type":"PropertyValueSpecification","valueRequired":true,"valueName":"search_term_string"}}],"inLanguage":"hr"},{"@type":"Organization","@id":"https:\/\/radioljubuski.ba\/#organization","name":"Radio Ljubu\u0161ki","url":"https:\/\/radioljubuski.ba\/","logo":{"@type":"ImageObject","inLanguage":"hr","@id":"https:\/\/radioljubuski.ba\/#\/schema\/logo\/image\/","url":"https:\/\/radioljubuski.ba\/wp-content\/uploads\/2021\/02\/cropped-Radio_Ljubuski_logo1.jpg","contentUrl":"https:\/\/radioljubuski.ba\/wp-content\/uploads\/2021\/02\/cropped-Radio_Ljubuski_logo1.jpg","width":512,"height":512,"caption":"Radio Ljubu\u0161ki"},"image":{"@id":"https:\/\/radioljubuski.ba\/#\/schema\/logo\/image\/"},"sameAs":["https:\/\/www.facebook.com\/Radiio-Ljubuski-1490835324566332","https:\/\/x.com\/radioljubuski","https:\/\/hr.linkedin.com\/company\/radio-ljubuski","https:\/\/www.youtube.com\/channel\/UCHYaeO_n0Db3tjNGudGpXyw"]},{"@type":"Person","@id":"https:\/\/radioljubuski.ba\/#\/schema\/person\/19fc700381a780f69665d7956c469e3b","name":"Radio Ljubu\u0161ki"}]}},"_links":{"self":[{"href":"https:\/\/radioljubuski.ba\/index.php\/wp-json\/wp\/v2\/posts\/17750","targetHints":{"allow":["GET"]}}],"collection":[{"href":"https:\/\/radioljubuski.ba\/index.php\/wp-json\/wp\/v2\/posts"}],"about":[{"href":"https:\/\/radioljubuski.ba\/index.php\/wp-json\/wp\/v2\/types\/post"}],"author":[{"embeddable":true,"href":"https:\/\/radioljubuski.ba\/index.php\/wp-json\/wp\/v2\/users\/2"}],"replies":[{"embeddable":true,"href":"https:\/\/radioljubuski.ba\/index.php\/wp-json\/wp\/v2\/comments?post=17750"}],"version-history":[{"count":1,"href":"https:\/\/radioljubuski.ba\/index.php\/wp-json\/wp\/v2\/posts\/17750\/revisions"}],"predecessor-version":[{"id":17752,"href":"https:\/\/radioljubuski.ba\/index.php\/wp-json\/wp\/v2\/posts\/17750\/revisions\/17752"}],"wp:featuredmedia":[{"embeddable":true,"href":"https:\/\/radioljubuski.ba\/index.php\/wp-json\/wp\/v2\/media\/17751"}],"wp:attachment":[{"href":"https:\/\/radioljubuski.ba\/index.php\/wp-json\/wp\/v2\/media?parent=17750"}],"wp:term":[{"taxonomy":"category","embeddable":true,"href":"https:\/\/radioljubuski.ba\/index.php\/wp-json\/wp\/v2\/categories?post=17750"},{"taxonomy":"post_tag","embeddable":true,"href":"https:\/\/radioljubuski.ba\/index.php\/wp-json\/wp\/v2\/tags?post=17750"}],"curies":[{"name":"wp","href":"https:\/\/api.w.org\/{rel}","templated":true}]}}