{"id":17771,"date":"2021-05-01T16:40:44","date_gmt":"2021-05-01T15:40:44","guid":{"rendered":"https:\/\/radioljubuski.ba\/?p=17771"},"modified":"2021-05-01T16:40:45","modified_gmt":"2021-05-01T15:40:45","slug":"predsjednik-hbk-nadbiskup-puljic-cestitao-uskrs-srpskom-patrijarhu-porfiriju","status":"publish","type":"post","link":"https:\/\/radioljubuski.ba\/index.php\/2021\/05\/01\/predsjednik-hbk-nadbiskup-puljic-cestitao-uskrs-srpskom-patrijarhu-porfiriju\/","title":{"rendered":"Predsjednik HBK nadbiskup Pulji\u0107 \u010destitao Uskrs srpskom patrijarhu Porfiriju"},"content":{"rendered":"\n<p><strong>Predsjednik Hrvatske biskupske konferencije (HBK) zadarski nadbiskup mons. \u017delimir Pulji\u0107 u povodu svetkovine Uskrsa uputio je \u010destitku patrijarhu Srpske pravoslavne Crkve Porfiriju Peri\u0107u, priop\u0107io je Tiskovni ured HBK.<\/strong><\/p>\n\n\n\n<p>&#8211; Na prvu nedjelju mjeseca travnja (4. travnja), na samom po\u010detku prolje\u0107a katoli\u010dki vjernici proslavili su doga\u0111aju Kristovoga Uskrsnu\u0107a. A njega su, kako veli apostol Petar, premda je &#8216;pro\u0161ao zemljom \u010dine\u0107i dobro, smakli i razapeli.&#8217; Ali, Bog ga je uskrisio u posljednji dan, pa je Isusovo Uskrsnu\u0107e postalo kamenom temeljcem apostolskog navije\u0161tanja, zbog kojeg \u0107e apostol Pavao uskliknuti: &#8216;Ako Krist nije uskrsnuo, uzaludno je na\u0161e propovijedanje&#8217;, kazao je nadbiskup&nbsp;<strong>Pulji\u0107<\/strong>.<br><br>&#8211; U ozra\u010dju toga otajstva upu\u0107ujem Va\u0161oj Svetosti uskrsne \u010destitke i dobro \u017eelje. Drago nam je \u0161to su opet zabrujala crkvena zvona i objavila vijest koju je Marija Magdalena &#8216;rano u jutro, jo\u0161 za mraka&#8217; otr\u010dala priop\u0107iti apostolu Petru. Neka nas uskrsnuli Gospodin u\u010dvrsti sve u vjeri i pouzdanju da je on sada &#8216;zdesna Bogu i da se zauzima za nas&#8217;, poru\u010dio je predsjednik HBK.<br><br>&#8211; Zahvaljujem na uskrsnim dobrim \u017eeljama koje ste uputili meni, hrvatskim biskupima, suradnicima, sve\u0107enicima i vjernicima katolicima, istaknuo je dodav\u0161i kako je &#8220;otajstvom Kristovog uskrsnu\u0107a zapo\u010delo doba novog stvaranja, a Uskrsnuli je pokazao da je On na\u0161e svjetlo, sredi\u0161te i smisao svega&#8221;.<br><br>&nbsp;Naglasio je kako &#8220;nema, uistinu, pod nebom drugog imena dana ljudima po kojem se mo\u017eemo spasiti, osim imena Isusa Krista&#8221;. U toj vjeri pozdravljam Vas uskrsnim poklikom: Gospodin je uskrsnuo doista, alleluia! Va\u0161oj Svetosti, gospodine Porfirije, \u010dlanovima Sinoda SPC-a, sve\u0107enstvu, mona\u0161tvu i vjernom puku Va\u0161ih eparhija \u017eelim blagoslovljene uskrsne blagdane! Hristos vaskrse &#8211; vaistinu vaskrse!&#8221;, poru\u010dio je zadarski nadbiskup.<br><br>&nbsp;Nadbiskup Pulji\u0107 svetkovinu Uskrsa \u010destitao je i episkopu dalmatinskom Nikodimu, episkopu pakra\u010dko slavonskom Jovanu, episkopu ni\u0161kom Arseniju i protojereju Makedonske pravoslavne crkve Kirku Velinskom.<\/p>\n\n\n\n<p>Izvor:hrt.hr<\/p>\n","protected":false},"excerpt":{"rendered":"<p>Predsjednik Hrvatske biskupske konferencije (HBK) zadarski nadbiskup mons. \u017delimir Pulji\u0107 u povodu svetkovine Uskrsa uputio je \u010destitku patrijarhu Srpske pravoslavne Crkve Porfiriju Peri\u0107u, priop\u0107io je Tiskovni ured HBK. &#8211; Na prvu nedjelju mjeseca travnja (4. travnja), na samom po\u010detku prolje\u0107a katoli\u010dki vjernici proslavili su doga\u0111aju Kristovoga Uskrsnu\u0107a. A njega su, kako veli apostol Petar, premda [&hellip;]<\/p>\n","protected":false},"author":2,"featured_media":17772,"comment_status":"closed","ping_status":"closed","sticky":false,"template":"","format":"standard","meta":{"h5ap_radio_sources":[],"footnotes":""},"categories":[1],"tags":[],"class_list":["post-17771","post","type-post","status-publish","format-standard","has-post-thumbnail","hentry","category-bihiregija"],"yoast_head":"<!-- This site is optimized with the Yoast SEO plugin v27.5 - https:\/\/yoast.com\/product\/yoast-seo-wordpress\/ -->\n<title>Predsjednik HBK nadbiskup Pulji\u0107 \u010destitao Uskrs srpskom patrijarhu Porfiriju - RADIO LJUBU\u0160KI<\/title>\n<meta name=\"robots\" content=\"index, follow, max-snippet:-1, max-image-preview:large, max-video-preview:-1\" \/>\n<link rel=\"canonical\" href=\"https:\/\/radioljubuski.ba\/index.php\/2021\/05\/01\/predsjednik-hbk-nadbiskup-puljic-cestitao-uskrs-srpskom-patrijarhu-porfiriju\/\" \/>\n<meta property=\"og:locale\" content=\"hr_HR\" \/>\n<meta property=\"og:type\" content=\"article\" \/>\n<meta property=\"og:title\" content=\"Predsjednik HBK nadbiskup Pulji\u0107 \u010destitao Uskrs srpskom patrijarhu Porfiriju - RADIO LJUBU\u0160KI\" \/>\n<meta property=\"og:description\" content=\"Predsjednik Hrvatske biskupske konferencije (HBK) zadarski nadbiskup mons. \u017delimir Pulji\u0107 u povodu svetkovine Uskrsa uputio je \u010destitku patrijarhu Srpske pravoslavne Crkve Porfiriju Peri\u0107u, priop\u0107io je Tiskovni ured HBK. &#8211; Na prvu nedjelju mjeseca travnja (4. travnja), na samom po\u010detku prolje\u0107a katoli\u010dki vjernici proslavili su doga\u0111aju Kristovoga Uskrsnu\u0107a. A njega su, kako veli apostol Petar, premda [&hellip;]\" \/>\n<meta property=\"og:url\" content=\"https:\/\/radioljubuski.ba\/index.php\/2021\/05\/01\/predsjednik-hbk-nadbiskup-puljic-cestitao-uskrs-srpskom-patrijarhu-porfiriju\/\" \/>\n<meta property=\"og:site_name\" content=\"RADIO LJUBU\u0160KI\" \/>\n<meta property=\"article:publisher\" content=\"https:\/\/www.facebook.com\/Radiio-Ljubuski-1490835324566332\" \/>\n<meta property=\"article:published_time\" content=\"2021-05-01T15:40:44+00:00\" \/>\n<meta property=\"article:modified_time\" content=\"2021-05-01T15:40:45+00:00\" \/>\n<meta property=\"og:image\" content=\"https:\/\/radioljubuski.ba\/wp-content\/uploads\/2021\/05\/f3a7883a4beeaf5f69aa.jpeg\" \/>\n\t<meta property=\"og:image:width\" content=\"612\" \/>\n\t<meta property=\"og:image:height\" content=\"408\" \/>\n\t<meta property=\"og:image:type\" content=\"image\/jpeg\" \/>\n<meta name=\"author\" content=\"Radio Ljubu\u0161ki\" \/>\n<meta name=\"twitter:card\" content=\"summary_large_image\" \/>\n<meta name=\"twitter:creator\" content=\"@radioljubuski\" \/>\n<meta name=\"twitter:site\" content=\"@radioljubuski\" \/>\n<meta name=\"twitter:label1\" content=\"Napisao\/la\" \/>\n\t<meta name=\"twitter:data1\" content=\"Radio Ljubu\u0161ki\" \/>\n\t<meta name=\"twitter:label2\" content=\"Procijenjeno vrijeme \u010ditanja\" \/>\n\t<meta name=\"twitter:data2\" content=\"2 minute\" \/>\n<script type=\"application\/ld+json\" class=\"yoast-schema-graph\">{\"@context\":\"https:\\\/\\\/schema.org\",\"@graph\":[{\"@type\":\"Article\",\"@id\":\"https:\\\/\\\/radioljubuski.ba\\\/index.php\\\/2021\\\/05\\\/01\\\/predsjednik-hbk-nadbiskup-puljic-cestitao-uskrs-srpskom-patrijarhu-porfiriju\\\/#article\",\"isPartOf\":{\"@id\":\"https:\\\/\\\/radioljubuski.ba\\\/index.php\\\/2021\\\/05\\\/01\\\/predsjednik-hbk-nadbiskup-puljic-cestitao-uskrs-srpskom-patrijarhu-porfiriju\\\/\"},\"author\":{\"name\":\"Radio Ljubu\u0161ki\",\"@id\":\"https:\\\/\\\/radioljubuski.ba\\\/#\\\/schema\\\/person\\\/19fc700381a780f69665d7956c469e3b\"},\"headline\":\"Predsjednik HBK nadbiskup Pulji\u0107 \u010destitao Uskrs srpskom patrijarhu Porfiriju\",\"datePublished\":\"2021-05-01T15:40:44+00:00\",\"dateModified\":\"2021-05-01T15:40:45+00:00\",\"mainEntityOfPage\":{\"@id\":\"https:\\\/\\\/radioljubuski.ba\\\/index.php\\\/2021\\\/05\\\/01\\\/predsjednik-hbk-nadbiskup-puljic-cestitao-uskrs-srpskom-patrijarhu-porfiriju\\\/\"},\"wordCount\":335,\"publisher\":{\"@id\":\"https:\\\/\\\/radioljubuski.ba\\\/#organization\"},\"image\":{\"@id\":\"https:\\\/\\\/radioljubuski.ba\\\/index.php\\\/2021\\\/05\\\/01\\\/predsjednik-hbk-nadbiskup-puljic-cestitao-uskrs-srpskom-patrijarhu-porfiriju\\\/#primaryimage\"},\"thumbnailUrl\":\"https:\\\/\\\/radioljubuski.ba\\\/wp-content\\\/uploads\\\/2021\\\/05\\\/f3a7883a4beeaf5f69aa.jpeg\",\"articleSection\":[\"BIH i regija\"],\"inLanguage\":\"hr\"},{\"@type\":\"WebPage\",\"@id\":\"https:\\\/\\\/radioljubuski.ba\\\/index.php\\\/2021\\\/05\\\/01\\\/predsjednik-hbk-nadbiskup-puljic-cestitao-uskrs-srpskom-patrijarhu-porfiriju\\\/\",\"url\":\"https:\\\/\\\/radioljubuski.ba\\\/index.php\\\/2021\\\/05\\\/01\\\/predsjednik-hbk-nadbiskup-puljic-cestitao-uskrs-srpskom-patrijarhu-porfiriju\\\/\",\"name\":\"Predsjednik HBK nadbiskup Pulji\u0107 \u010destitao Uskrs srpskom patrijarhu Porfiriju - RADIO LJUBU\u0160KI\",\"isPartOf\":{\"@id\":\"https:\\\/\\\/radioljubuski.ba\\\/#website\"},\"primaryImageOfPage\":{\"@id\":\"https:\\\/\\\/radioljubuski.ba\\\/index.php\\\/2021\\\/05\\\/01\\\/predsjednik-hbk-nadbiskup-puljic-cestitao-uskrs-srpskom-patrijarhu-porfiriju\\\/#primaryimage\"},\"image\":{\"@id\":\"https:\\\/\\\/radioljubuski.ba\\\/index.php\\\/2021\\\/05\\\/01\\\/predsjednik-hbk-nadbiskup-puljic-cestitao-uskrs-srpskom-patrijarhu-porfiriju\\\/#primaryimage\"},\"thumbnailUrl\":\"https:\\\/\\\/radioljubuski.ba\\\/wp-content\\\/uploads\\\/2021\\\/05\\\/f3a7883a4beeaf5f69aa.jpeg\",\"datePublished\":\"2021-05-01T15:40:44+00:00\",\"dateModified\":\"2021-05-01T15:40:45+00:00\",\"breadcrumb\":{\"@id\":\"https:\\\/\\\/radioljubuski.ba\\\/index.php\\\/2021\\\/05\\\/01\\\/predsjednik-hbk-nadbiskup-puljic-cestitao-uskrs-srpskom-patrijarhu-porfiriju\\\/#breadcrumb\"},\"inLanguage\":\"hr\",\"potentialAction\":[{\"@type\":\"ReadAction\",\"target\":[\"https:\\\/\\\/radioljubuski.ba\\\/index.php\\\/2021\\\/05\\\/01\\\/predsjednik-hbk-nadbiskup-puljic-cestitao-uskrs-srpskom-patrijarhu-porfiriju\\\/\"]}]},{\"@type\":\"ImageObject\",\"inLanguage\":\"hr\",\"@id\":\"https:\\\/\\\/radioljubuski.ba\\\/index.php\\\/2021\\\/05\\\/01\\\/predsjednik-hbk-nadbiskup-puljic-cestitao-uskrs-srpskom-patrijarhu-porfiriju\\\/#primaryimage\",\"url\":\"https:\\\/\\\/radioljubuski.ba\\\/wp-content\\\/uploads\\\/2021\\\/05\\\/f3a7883a4beeaf5f69aa.jpeg\",\"contentUrl\":\"https:\\\/\\\/radioljubuski.ba\\\/wp-content\\\/uploads\\\/2021\\\/05\\\/f3a7883a4beeaf5f69aa.jpeg\",\"width\":612,\"height\":408},{\"@type\":\"BreadcrumbList\",\"@id\":\"https:\\\/\\\/radioljubuski.ba\\\/index.php\\\/2021\\\/05\\\/01\\\/predsjednik-hbk-nadbiskup-puljic-cestitao-uskrs-srpskom-patrijarhu-porfiriju\\\/#breadcrumb\",\"itemListElement\":[{\"@type\":\"ListItem\",\"position\":1,\"name\":\"Po\u010detna stranica\",\"item\":\"https:\\\/\\\/radioljubuski.ba\\\/\"},{\"@type\":\"ListItem\",\"position\":2,\"name\":\"Predsjednik HBK nadbiskup Pulji\u0107 \u010destitao Uskrs srpskom patrijarhu Porfiriju\"}]},{\"@type\":\"WebSite\",\"@id\":\"https:\\\/\\\/radioljubuski.ba\\\/#website\",\"url\":\"https:\\\/\\\/radioljubuski.ba\\\/\",\"name\":\"Radio Ljubu\u0161ki\",\"description\":\"Sun\u010dana frekvencija Hercegovine\",\"publisher\":{\"@id\":\"https:\\\/\\\/radioljubuski.ba\\\/#organization\"},\"potentialAction\":[{\"@type\":\"SearchAction\",\"target\":{\"@type\":\"EntryPoint\",\"urlTemplate\":\"https:\\\/\\\/radioljubuski.ba\\\/?s={search_term_string}\"},\"query-input\":{\"@type\":\"PropertyValueSpecification\",\"valueRequired\":true,\"valueName\":\"search_term_string\"}}],\"inLanguage\":\"hr\"},{\"@type\":\"Organization\",\"@id\":\"https:\\\/\\\/radioljubuski.ba\\\/#organization\",\"name\":\"Radio Ljubu\u0161ki\",\"url\":\"https:\\\/\\\/radioljubuski.ba\\\/\",\"logo\":{\"@type\":\"ImageObject\",\"inLanguage\":\"hr\",\"@id\":\"https:\\\/\\\/radioljubuski.ba\\\/#\\\/schema\\\/logo\\\/image\\\/\",\"url\":\"https:\\\/\\\/radioljubuski.ba\\\/wp-content\\\/uploads\\\/2021\\\/02\\\/cropped-Radio_Ljubuski_logo1.jpg\",\"contentUrl\":\"https:\\\/\\\/radioljubuski.ba\\\/wp-content\\\/uploads\\\/2021\\\/02\\\/cropped-Radio_Ljubuski_logo1.jpg\",\"width\":512,\"height\":512,\"caption\":\"Radio Ljubu\u0161ki\"},\"image\":{\"@id\":\"https:\\\/\\\/radioljubuski.ba\\\/#\\\/schema\\\/logo\\\/image\\\/\"},\"sameAs\":[\"https:\\\/\\\/www.facebook.com\\\/Radiio-Ljubuski-1490835324566332\",\"https:\\\/\\\/x.com\\\/radioljubuski\",\"https:\\\/\\\/hr.linkedin.com\\\/company\\\/radio-ljubuski\",\"https:\\\/\\\/www.youtube.com\\\/channel\\\/UCHYaeO_n0Db3tjNGudGpXyw\"]},{\"@type\":\"Person\",\"@id\":\"https:\\\/\\\/radioljubuski.ba\\\/#\\\/schema\\\/person\\\/19fc700381a780f69665d7956c469e3b\",\"name\":\"Radio Ljubu\u0161ki\"}]}<\/script>\n<!-- \/ Yoast SEO plugin. -->","yoast_head_json":{"title":"Predsjednik HBK nadbiskup Pulji\u0107 \u010destitao Uskrs srpskom patrijarhu Porfiriju - RADIO LJUBU\u0160KI","robots":{"index":"index","follow":"follow","max-snippet":"max-snippet:-1","max-image-preview":"max-image-preview:large","max-video-preview":"max-video-preview:-1"},"canonical":"https:\/\/radioljubuski.ba\/index.php\/2021\/05\/01\/predsjednik-hbk-nadbiskup-puljic-cestitao-uskrs-srpskom-patrijarhu-porfiriju\/","og_locale":"hr_HR","og_type":"article","og_title":"Predsjednik HBK nadbiskup Pulji\u0107 \u010destitao Uskrs srpskom patrijarhu Porfiriju - RADIO LJUBU\u0160KI","og_description":"Predsjednik Hrvatske biskupske konferencije (HBK) zadarski nadbiskup mons. \u017delimir Pulji\u0107 u povodu svetkovine Uskrsa uputio je \u010destitku patrijarhu Srpske pravoslavne Crkve Porfiriju Peri\u0107u, priop\u0107io je Tiskovni ured HBK. &#8211; Na prvu nedjelju mjeseca travnja (4. travnja), na samom po\u010detku prolje\u0107a katoli\u010dki vjernici proslavili su doga\u0111aju Kristovoga Uskrsnu\u0107a. A njega su, kako veli apostol Petar, premda [&hellip;]","og_url":"https:\/\/radioljubuski.ba\/index.php\/2021\/05\/01\/predsjednik-hbk-nadbiskup-puljic-cestitao-uskrs-srpskom-patrijarhu-porfiriju\/","og_site_name":"RADIO LJUBU\u0160KI","article_publisher":"https:\/\/www.facebook.com\/Radiio-Ljubuski-1490835324566332","article_published_time":"2021-05-01T15:40:44+00:00","article_modified_time":"2021-05-01T15:40:45+00:00","og_image":[{"width":612,"height":408,"url":"https:\/\/radioljubuski.ba\/wp-content\/uploads\/2021\/05\/f3a7883a4beeaf5f69aa.jpeg","type":"image\/jpeg"}],"author":"Radio Ljubu\u0161ki","twitter_card":"summary_large_image","twitter_creator":"@radioljubuski","twitter_site":"@radioljubuski","twitter_misc":{"Napisao\/la":"Radio Ljubu\u0161ki","Procijenjeno vrijeme \u010ditanja":"2 minute"},"schema":{"@context":"https:\/\/schema.org","@graph":[{"@type":"Article","@id":"https:\/\/radioljubuski.ba\/index.php\/2021\/05\/01\/predsjednik-hbk-nadbiskup-puljic-cestitao-uskrs-srpskom-patrijarhu-porfiriju\/#article","isPartOf":{"@id":"https:\/\/radioljubuski.ba\/index.php\/2021\/05\/01\/predsjednik-hbk-nadbiskup-puljic-cestitao-uskrs-srpskom-patrijarhu-porfiriju\/"},"author":{"name":"Radio Ljubu\u0161ki","@id":"https:\/\/radioljubuski.ba\/#\/schema\/person\/19fc700381a780f69665d7956c469e3b"},"headline":"Predsjednik HBK nadbiskup Pulji\u0107 \u010destitao Uskrs srpskom patrijarhu Porfiriju","datePublished":"2021-05-01T15:40:44+00:00","dateModified":"2021-05-01T15:40:45+00:00","mainEntityOfPage":{"@id":"https:\/\/radioljubuski.ba\/index.php\/2021\/05\/01\/predsjednik-hbk-nadbiskup-puljic-cestitao-uskrs-srpskom-patrijarhu-porfiriju\/"},"wordCount":335,"publisher":{"@id":"https:\/\/radioljubuski.ba\/#organization"},"image":{"@id":"https:\/\/radioljubuski.ba\/index.php\/2021\/05\/01\/predsjednik-hbk-nadbiskup-puljic-cestitao-uskrs-srpskom-patrijarhu-porfiriju\/#primaryimage"},"thumbnailUrl":"https:\/\/radioljubuski.ba\/wp-content\/uploads\/2021\/05\/f3a7883a4beeaf5f69aa.jpeg","articleSection":["BIH i regija"],"inLanguage":"hr"},{"@type":"WebPage","@id":"https:\/\/radioljubuski.ba\/index.php\/2021\/05\/01\/predsjednik-hbk-nadbiskup-puljic-cestitao-uskrs-srpskom-patrijarhu-porfiriju\/","url":"https:\/\/radioljubuski.ba\/index.php\/2021\/05\/01\/predsjednik-hbk-nadbiskup-puljic-cestitao-uskrs-srpskom-patrijarhu-porfiriju\/","name":"Predsjednik HBK nadbiskup Pulji\u0107 \u010destitao Uskrs srpskom patrijarhu Porfiriju - RADIO LJUBU\u0160KI","isPartOf":{"@id":"https:\/\/radioljubuski.ba\/#website"},"primaryImageOfPage":{"@id":"https:\/\/radioljubuski.ba\/index.php\/2021\/05\/01\/predsjednik-hbk-nadbiskup-puljic-cestitao-uskrs-srpskom-patrijarhu-porfiriju\/#primaryimage"},"image":{"@id":"https:\/\/radioljubuski.ba\/index.php\/2021\/05\/01\/predsjednik-hbk-nadbiskup-puljic-cestitao-uskrs-srpskom-patrijarhu-porfiriju\/#primaryimage"},"thumbnailUrl":"https:\/\/radioljubuski.ba\/wp-content\/uploads\/2021\/05\/f3a7883a4beeaf5f69aa.jpeg","datePublished":"2021-05-01T15:40:44+00:00","dateModified":"2021-05-01T15:40:45+00:00","breadcrumb":{"@id":"https:\/\/radioljubuski.ba\/index.php\/2021\/05\/01\/predsjednik-hbk-nadbiskup-puljic-cestitao-uskrs-srpskom-patrijarhu-porfiriju\/#breadcrumb"},"inLanguage":"hr","potentialAction":[{"@type":"ReadAction","target":["https:\/\/radioljubuski.ba\/index.php\/2021\/05\/01\/predsjednik-hbk-nadbiskup-puljic-cestitao-uskrs-srpskom-patrijarhu-porfiriju\/"]}]},{"@type":"ImageObject","inLanguage":"hr","@id":"https:\/\/radioljubuski.ba\/index.php\/2021\/05\/01\/predsjednik-hbk-nadbiskup-puljic-cestitao-uskrs-srpskom-patrijarhu-porfiriju\/#primaryimage","url":"https:\/\/radioljubuski.ba\/wp-content\/uploads\/2021\/05\/f3a7883a4beeaf5f69aa.jpeg","contentUrl":"https:\/\/radioljubuski.ba\/wp-content\/uploads\/2021\/05\/f3a7883a4beeaf5f69aa.jpeg","width":612,"height":408},{"@type":"BreadcrumbList","@id":"https:\/\/radioljubuski.ba\/index.php\/2021\/05\/01\/predsjednik-hbk-nadbiskup-puljic-cestitao-uskrs-srpskom-patrijarhu-porfiriju\/#breadcrumb","itemListElement":[{"@type":"ListItem","position":1,"name":"Po\u010detna stranica","item":"https:\/\/radioljubuski.ba\/"},{"@type":"ListItem","position":2,"name":"Predsjednik HBK nadbiskup Pulji\u0107 \u010destitao Uskrs srpskom patrijarhu Porfiriju"}]},{"@type":"WebSite","@id":"https:\/\/radioljubuski.ba\/#website","url":"https:\/\/radioljubuski.ba\/","name":"Radio Ljubu\u0161ki","description":"Sun\u010dana frekvencija Hercegovine","publisher":{"@id":"https:\/\/radioljubuski.ba\/#organization"},"potentialAction":[{"@type":"SearchAction","target":{"@type":"EntryPoint","urlTemplate":"https:\/\/radioljubuski.ba\/?s={search_term_string}"},"query-input":{"@type":"PropertyValueSpecification","valueRequired":true,"valueName":"search_term_string"}}],"inLanguage":"hr"},{"@type":"Organization","@id":"https:\/\/radioljubuski.ba\/#organization","name":"Radio Ljubu\u0161ki","url":"https:\/\/radioljubuski.ba\/","logo":{"@type":"ImageObject","inLanguage":"hr","@id":"https:\/\/radioljubuski.ba\/#\/schema\/logo\/image\/","url":"https:\/\/radioljubuski.ba\/wp-content\/uploads\/2021\/02\/cropped-Radio_Ljubuski_logo1.jpg","contentUrl":"https:\/\/radioljubuski.ba\/wp-content\/uploads\/2021\/02\/cropped-Radio_Ljubuski_logo1.jpg","width":512,"height":512,"caption":"Radio Ljubu\u0161ki"},"image":{"@id":"https:\/\/radioljubuski.ba\/#\/schema\/logo\/image\/"},"sameAs":["https:\/\/www.facebook.com\/Radiio-Ljubuski-1490835324566332","https:\/\/x.com\/radioljubuski","https:\/\/hr.linkedin.com\/company\/radio-ljubuski","https:\/\/www.youtube.com\/channel\/UCHYaeO_n0Db3tjNGudGpXyw"]},{"@type":"Person","@id":"https:\/\/radioljubuski.ba\/#\/schema\/person\/19fc700381a780f69665d7956c469e3b","name":"Radio Ljubu\u0161ki"}]}},"_links":{"self":[{"href":"https:\/\/radioljubuski.ba\/index.php\/wp-json\/wp\/v2\/posts\/17771","targetHints":{"allow":["GET"]}}],"collection":[{"href":"https:\/\/radioljubuski.ba\/index.php\/wp-json\/wp\/v2\/posts"}],"about":[{"href":"https:\/\/radioljubuski.ba\/index.php\/wp-json\/wp\/v2\/types\/post"}],"author":[{"embeddable":true,"href":"https:\/\/radioljubuski.ba\/index.php\/wp-json\/wp\/v2\/users\/2"}],"replies":[{"embeddable":true,"href":"https:\/\/radioljubuski.ba\/index.php\/wp-json\/wp\/v2\/comments?post=17771"}],"version-history":[{"count":1,"href":"https:\/\/radioljubuski.ba\/index.php\/wp-json\/wp\/v2\/posts\/17771\/revisions"}],"predecessor-version":[{"id":17773,"href":"https:\/\/radioljubuski.ba\/index.php\/wp-json\/wp\/v2\/posts\/17771\/revisions\/17773"}],"wp:featuredmedia":[{"embeddable":true,"href":"https:\/\/radioljubuski.ba\/index.php\/wp-json\/wp\/v2\/media\/17772"}],"wp:attachment":[{"href":"https:\/\/radioljubuski.ba\/index.php\/wp-json\/wp\/v2\/media?parent=17771"}],"wp:term":[{"taxonomy":"category","embeddable":true,"href":"https:\/\/radioljubuski.ba\/index.php\/wp-json\/wp\/v2\/categories?post=17771"},{"taxonomy":"post_tag","embeddable":true,"href":"https:\/\/radioljubuski.ba\/index.php\/wp-json\/wp\/v2\/tags?post=17771"}],"curies":[{"name":"wp","href":"https:\/\/api.w.org\/{rel}","templated":true}]}}