{"id":17822,"date":"2021-05-01T20:03:33","date_gmt":"2021-05-01T19:03:33","guid":{"rendered":"https:\/\/radioljubuski.ba\/?p=17822"},"modified":"2021-05-01T20:03:34","modified_gmt":"2021-05-01T19:03:34","slug":"anskioznost-je-novi-sindrom-povezan-s-covidom-19","status":"publish","type":"post","link":"https:\/\/radioljubuski.ba\/index.php\/2021\/05\/01\/anskioznost-je-novi-sindrom-povezan-s-covidom-19\/","title":{"rendered":"Anskioznost je novi sindrom povezan s covidom-19"},"content":{"rendered":"\n<p><strong>Znanstvenici su zabrinuti zbog mogu\u0107nost da bi anksioznost nastala zbog pandemije koronavirusa mogla neke ljude navesti da stvore kompulzivne higijenske navike koje bi ih mogle sprije\u010diti u ponovnoj integraciji u vanjski svijet, unato\u010d padu hospitalizacija i smrtnih slu\u010dajeva uzrokovanih covidom.<\/strong><\/p>\n\n\n\n<p>Koncept \u201csindroma covid anksioznosti\u201d prvi su teoretizirali&nbsp;<strong>Ana Nik\u010devi\u0107<\/strong>&nbsp;sa Sveu\u010dili\u0161ta Kingston i&nbsp;<strong>Marcantonio<\/strong>&nbsp;<strong>Spada<\/strong>&nbsp;sa Sveu\u010dili\u0161ta South Bank u Londonu, kada su primijetili da ljudi razvijaju odre\u0111eni niz osobina kao odgovor na pandemiju. Te osobine uklju\u010duju prisilnu provjeru prisutnosti simptoma zaraze, izbjegavanje javnih mjesta i opsesivno \u010di\u0161\u0107enje, pi\u0161e The Guardian.<\/p>\n\n\n\n<p>No, sada smatraju da se pojave poput izbjegavanja bilo kakvih prijetnji, strah od kori\u0161tenja javnog prijevoza ili vi\u0161esatno \u010di\u0161\u0107enje doma, ne\u0107e lako smiriti \u010dak niti kada covid bude pod kontrolom, prenosi RTL.<\/p>\n\n\n\n<p>\u201cStrah je normalan. Vi i ja trebali bismo se bojati virusa, jer je opasan. Me\u0111utim, razlika u pogledu razvijanja psihopatolo\u0161kog odgovora je u tome pona\u0161ate li se na pretjeran sigurne na\u010dine koji vas zaklju\u010davaju u strah. O\u010dekujem da \u0107emo imati dijelove stanovni\u0161tva koji izbjegavaju ponovno dru\u0161tveno anga\u017eiranje i neprestano se brinu zbog virusa u mjesecima koji dolaze, bez obzira jesu li cijepljeni ili ne\u201d, smatra Marcantonio Spada.<\/p>\n\n\n\n<p>\/HMS\/<\/p>\n","protected":false},"excerpt":{"rendered":"<p>Znanstvenici su zabrinuti zbog mogu\u0107nost da bi anksioznost nastala zbog pandemije koronavirusa mogla neke ljude navesti da stvore kompulzivne higijenske navike koje bi ih mogle sprije\u010diti u ponovnoj integraciji u vanjski svijet, unato\u010d padu hospitalizacija i smrtnih slu\u010dajeva uzrokovanih covidom. Koncept \u201csindroma covid anksioznosti\u201d prvi su teoretizirali&nbsp;Ana Nik\u010devi\u0107&nbsp;sa Sveu\u010dili\u0161ta Kingston i&nbsp;Marcantonio&nbsp;Spada&nbsp;sa Sveu\u010dili\u0161ta South Bank u [&hellip;]<\/p>\n","protected":false},"author":2,"featured_media":17823,"comment_status":"closed","ping_status":"closed","sticky":false,"template":"","format":"standard","meta":{"h5ap_radio_sources":[],"footnotes":""},"categories":[1],"tags":[],"class_list":["post-17822","post","type-post","status-publish","format-standard","has-post-thumbnail","hentry","category-bihiregija"],"yoast_head":"<!-- This site is optimized with the Yoast SEO plugin v27.5 - https:\/\/yoast.com\/product\/yoast-seo-wordpress\/ -->\n<title>Anskioznost je novi sindrom povezan s covidom-19 - RADIO LJUBU\u0160KI<\/title>\n<meta name=\"robots\" content=\"index, follow, max-snippet:-1, max-image-preview:large, max-video-preview:-1\" \/>\n<link rel=\"canonical\" href=\"https:\/\/radioljubuski.ba\/index.php\/2021\/05\/01\/anskioznost-je-novi-sindrom-povezan-s-covidom-19\/\" \/>\n<meta property=\"og:locale\" content=\"hr_HR\" \/>\n<meta property=\"og:type\" content=\"article\" \/>\n<meta property=\"og:title\" content=\"Anskioznost je novi sindrom povezan s covidom-19 - RADIO LJUBU\u0160KI\" \/>\n<meta property=\"og:description\" content=\"Znanstvenici su zabrinuti zbog mogu\u0107nost da bi anksioznost nastala zbog pandemije koronavirusa mogla neke ljude navesti da stvore kompulzivne higijenske navike koje bi ih mogle sprije\u010diti u ponovnoj integraciji u vanjski svijet, unato\u010d padu hospitalizacija i smrtnih slu\u010dajeva uzrokovanih covidom. Koncept \u201csindroma covid anksioznosti\u201d prvi su teoretizirali&nbsp;Ana Nik\u010devi\u0107&nbsp;sa Sveu\u010dili\u0161ta Kingston i&nbsp;Marcantonio&nbsp;Spada&nbsp;sa Sveu\u010dili\u0161ta South Bank u [&hellip;]\" \/>\n<meta property=\"og:url\" content=\"https:\/\/radioljubuski.ba\/index.php\/2021\/05\/01\/anskioznost-je-novi-sindrom-povezan-s-covidom-19\/\" \/>\n<meta property=\"og:site_name\" content=\"RADIO LJUBU\u0160KI\" \/>\n<meta property=\"article:publisher\" content=\"https:\/\/www.facebook.com\/Radiio-Ljubuski-1490835324566332\" \/>\n<meta property=\"article:published_time\" content=\"2021-05-01T19:03:33+00:00\" \/>\n<meta property=\"article:modified_time\" content=\"2021-05-01T19:03:34+00:00\" \/>\n<meta property=\"og:image\" content=\"https:\/\/radioljubuski.ba\/wp-content\/uploads\/2021\/05\/s-b-vonlanthen-135ys6lOTOM-unsplash-750x422-1.jpg\" \/>\n\t<meta property=\"og:image:width\" content=\"750\" \/>\n\t<meta property=\"og:image:height\" content=\"422\" \/>\n\t<meta property=\"og:image:type\" content=\"image\/jpeg\" \/>\n<meta name=\"author\" content=\"Radio Ljubu\u0161ki\" \/>\n<meta name=\"twitter:card\" content=\"summary_large_image\" \/>\n<meta name=\"twitter:creator\" content=\"@radioljubuski\" \/>\n<meta name=\"twitter:site\" content=\"@radioljubuski\" \/>\n<meta name=\"twitter:label1\" content=\"Napisao\/la\" \/>\n\t<meta name=\"twitter:data1\" content=\"Radio Ljubu\u0161ki\" \/>\n\t<meta name=\"twitter:label2\" content=\"Procijenjeno vrijeme \u010ditanja\" \/>\n\t<meta name=\"twitter:data2\" content=\"1 minuta\" \/>\n<script type=\"application\/ld+json\" class=\"yoast-schema-graph\">{\"@context\":\"https:\\\/\\\/schema.org\",\"@graph\":[{\"@type\":\"Article\",\"@id\":\"https:\\\/\\\/radioljubuski.ba\\\/index.php\\\/2021\\\/05\\\/01\\\/anskioznost-je-novi-sindrom-povezan-s-covidom-19\\\/#article\",\"isPartOf\":{\"@id\":\"https:\\\/\\\/radioljubuski.ba\\\/index.php\\\/2021\\\/05\\\/01\\\/anskioznost-je-novi-sindrom-povezan-s-covidom-19\\\/\"},\"author\":{\"name\":\"Radio Ljubu\u0161ki\",\"@id\":\"https:\\\/\\\/radioljubuski.ba\\\/#\\\/schema\\\/person\\\/19fc700381a780f69665d7956c469e3b\"},\"headline\":\"Anskioznost je novi sindrom povezan s covidom-19\",\"datePublished\":\"2021-05-01T19:03:33+00:00\",\"dateModified\":\"2021-05-01T19:03:34+00:00\",\"mainEntityOfPage\":{\"@id\":\"https:\\\/\\\/radioljubuski.ba\\\/index.php\\\/2021\\\/05\\\/01\\\/anskioznost-je-novi-sindrom-povezan-s-covidom-19\\\/\"},\"wordCount\":228,\"publisher\":{\"@id\":\"https:\\\/\\\/radioljubuski.ba\\\/#organization\"},\"image\":{\"@id\":\"https:\\\/\\\/radioljubuski.ba\\\/index.php\\\/2021\\\/05\\\/01\\\/anskioznost-je-novi-sindrom-povezan-s-covidom-19\\\/#primaryimage\"},\"thumbnailUrl\":\"https:\\\/\\\/radioljubuski.ba\\\/wp-content\\\/uploads\\\/2021\\\/05\\\/s-b-vonlanthen-135ys6lOTOM-unsplash-750x422-1.jpg\",\"articleSection\":[\"BIH i regija\"],\"inLanguage\":\"hr\"},{\"@type\":\"WebPage\",\"@id\":\"https:\\\/\\\/radioljubuski.ba\\\/index.php\\\/2021\\\/05\\\/01\\\/anskioznost-je-novi-sindrom-povezan-s-covidom-19\\\/\",\"url\":\"https:\\\/\\\/radioljubuski.ba\\\/index.php\\\/2021\\\/05\\\/01\\\/anskioznost-je-novi-sindrom-povezan-s-covidom-19\\\/\",\"name\":\"Anskioznost je novi sindrom povezan s covidom-19 - RADIO LJUBU\u0160KI\",\"isPartOf\":{\"@id\":\"https:\\\/\\\/radioljubuski.ba\\\/#website\"},\"primaryImageOfPage\":{\"@id\":\"https:\\\/\\\/radioljubuski.ba\\\/index.php\\\/2021\\\/05\\\/01\\\/anskioznost-je-novi-sindrom-povezan-s-covidom-19\\\/#primaryimage\"},\"image\":{\"@id\":\"https:\\\/\\\/radioljubuski.ba\\\/index.php\\\/2021\\\/05\\\/01\\\/anskioznost-je-novi-sindrom-povezan-s-covidom-19\\\/#primaryimage\"},\"thumbnailUrl\":\"https:\\\/\\\/radioljubuski.ba\\\/wp-content\\\/uploads\\\/2021\\\/05\\\/s-b-vonlanthen-135ys6lOTOM-unsplash-750x422-1.jpg\",\"datePublished\":\"2021-05-01T19:03:33+00:00\",\"dateModified\":\"2021-05-01T19:03:34+00:00\",\"breadcrumb\":{\"@id\":\"https:\\\/\\\/radioljubuski.ba\\\/index.php\\\/2021\\\/05\\\/01\\\/anskioznost-je-novi-sindrom-povezan-s-covidom-19\\\/#breadcrumb\"},\"inLanguage\":\"hr\",\"potentialAction\":[{\"@type\":\"ReadAction\",\"target\":[\"https:\\\/\\\/radioljubuski.ba\\\/index.php\\\/2021\\\/05\\\/01\\\/anskioznost-je-novi-sindrom-povezan-s-covidom-19\\\/\"]}]},{\"@type\":\"ImageObject\",\"inLanguage\":\"hr\",\"@id\":\"https:\\\/\\\/radioljubuski.ba\\\/index.php\\\/2021\\\/05\\\/01\\\/anskioznost-je-novi-sindrom-povezan-s-covidom-19\\\/#primaryimage\",\"url\":\"https:\\\/\\\/radioljubuski.ba\\\/wp-content\\\/uploads\\\/2021\\\/05\\\/s-b-vonlanthen-135ys6lOTOM-unsplash-750x422-1.jpg\",\"contentUrl\":\"https:\\\/\\\/radioljubuski.ba\\\/wp-content\\\/uploads\\\/2021\\\/05\\\/s-b-vonlanthen-135ys6lOTOM-unsplash-750x422-1.jpg\",\"width\":750,\"height\":422},{\"@type\":\"BreadcrumbList\",\"@id\":\"https:\\\/\\\/radioljubuski.ba\\\/index.php\\\/2021\\\/05\\\/01\\\/anskioznost-je-novi-sindrom-povezan-s-covidom-19\\\/#breadcrumb\",\"itemListElement\":[{\"@type\":\"ListItem\",\"position\":1,\"name\":\"Po\u010detna stranica\",\"item\":\"https:\\\/\\\/radioljubuski.ba\\\/\"},{\"@type\":\"ListItem\",\"position\":2,\"name\":\"Anskioznost je novi sindrom povezan s covidom-19\"}]},{\"@type\":\"WebSite\",\"@id\":\"https:\\\/\\\/radioljubuski.ba\\\/#website\",\"url\":\"https:\\\/\\\/radioljubuski.ba\\\/\",\"name\":\"Radio Ljubu\u0161ki\",\"description\":\"Sun\u010dana frekvencija Hercegovine\",\"publisher\":{\"@id\":\"https:\\\/\\\/radioljubuski.ba\\\/#organization\"},\"potentialAction\":[{\"@type\":\"SearchAction\",\"target\":{\"@type\":\"EntryPoint\",\"urlTemplate\":\"https:\\\/\\\/radioljubuski.ba\\\/?s={search_term_string}\"},\"query-input\":{\"@type\":\"PropertyValueSpecification\",\"valueRequired\":true,\"valueName\":\"search_term_string\"}}],\"inLanguage\":\"hr\"},{\"@type\":\"Organization\",\"@id\":\"https:\\\/\\\/radioljubuski.ba\\\/#organization\",\"name\":\"Radio Ljubu\u0161ki\",\"url\":\"https:\\\/\\\/radioljubuski.ba\\\/\",\"logo\":{\"@type\":\"ImageObject\",\"inLanguage\":\"hr\",\"@id\":\"https:\\\/\\\/radioljubuski.ba\\\/#\\\/schema\\\/logo\\\/image\\\/\",\"url\":\"https:\\\/\\\/radioljubuski.ba\\\/wp-content\\\/uploads\\\/2021\\\/02\\\/cropped-Radio_Ljubuski_logo1.jpg\",\"contentUrl\":\"https:\\\/\\\/radioljubuski.ba\\\/wp-content\\\/uploads\\\/2021\\\/02\\\/cropped-Radio_Ljubuski_logo1.jpg\",\"width\":512,\"height\":512,\"caption\":\"Radio Ljubu\u0161ki\"},\"image\":{\"@id\":\"https:\\\/\\\/radioljubuski.ba\\\/#\\\/schema\\\/logo\\\/image\\\/\"},\"sameAs\":[\"https:\\\/\\\/www.facebook.com\\\/Radiio-Ljubuski-1490835324566332\",\"https:\\\/\\\/x.com\\\/radioljubuski\",\"https:\\\/\\\/hr.linkedin.com\\\/company\\\/radio-ljubuski\",\"https:\\\/\\\/www.youtube.com\\\/channel\\\/UCHYaeO_n0Db3tjNGudGpXyw\"]},{\"@type\":\"Person\",\"@id\":\"https:\\\/\\\/radioljubuski.ba\\\/#\\\/schema\\\/person\\\/19fc700381a780f69665d7956c469e3b\",\"name\":\"Radio Ljubu\u0161ki\"}]}<\/script>\n<!-- \/ Yoast SEO plugin. -->","yoast_head_json":{"title":"Anskioznost je novi sindrom povezan s covidom-19 - RADIO LJUBU\u0160KI","robots":{"index":"index","follow":"follow","max-snippet":"max-snippet:-1","max-image-preview":"max-image-preview:large","max-video-preview":"max-video-preview:-1"},"canonical":"https:\/\/radioljubuski.ba\/index.php\/2021\/05\/01\/anskioznost-je-novi-sindrom-povezan-s-covidom-19\/","og_locale":"hr_HR","og_type":"article","og_title":"Anskioznost je novi sindrom povezan s covidom-19 - RADIO LJUBU\u0160KI","og_description":"Znanstvenici su zabrinuti zbog mogu\u0107nost da bi anksioznost nastala zbog pandemije koronavirusa mogla neke ljude navesti da stvore kompulzivne higijenske navike koje bi ih mogle sprije\u010diti u ponovnoj integraciji u vanjski svijet, unato\u010d padu hospitalizacija i smrtnih slu\u010dajeva uzrokovanih covidom. Koncept \u201csindroma covid anksioznosti\u201d prvi su teoretizirali&nbsp;Ana Nik\u010devi\u0107&nbsp;sa Sveu\u010dili\u0161ta Kingston i&nbsp;Marcantonio&nbsp;Spada&nbsp;sa Sveu\u010dili\u0161ta South Bank u [&hellip;]","og_url":"https:\/\/radioljubuski.ba\/index.php\/2021\/05\/01\/anskioznost-je-novi-sindrom-povezan-s-covidom-19\/","og_site_name":"RADIO LJUBU\u0160KI","article_publisher":"https:\/\/www.facebook.com\/Radiio-Ljubuski-1490835324566332","article_published_time":"2021-05-01T19:03:33+00:00","article_modified_time":"2021-05-01T19:03:34+00:00","og_image":[{"width":750,"height":422,"url":"https:\/\/radioljubuski.ba\/wp-content\/uploads\/2021\/05\/s-b-vonlanthen-135ys6lOTOM-unsplash-750x422-1.jpg","type":"image\/jpeg"}],"author":"Radio Ljubu\u0161ki","twitter_card":"summary_large_image","twitter_creator":"@radioljubuski","twitter_site":"@radioljubuski","twitter_misc":{"Napisao\/la":"Radio Ljubu\u0161ki","Procijenjeno vrijeme \u010ditanja":"1 minuta"},"schema":{"@context":"https:\/\/schema.org","@graph":[{"@type":"Article","@id":"https:\/\/radioljubuski.ba\/index.php\/2021\/05\/01\/anskioznost-je-novi-sindrom-povezan-s-covidom-19\/#article","isPartOf":{"@id":"https:\/\/radioljubuski.ba\/index.php\/2021\/05\/01\/anskioznost-je-novi-sindrom-povezan-s-covidom-19\/"},"author":{"name":"Radio Ljubu\u0161ki","@id":"https:\/\/radioljubuski.ba\/#\/schema\/person\/19fc700381a780f69665d7956c469e3b"},"headline":"Anskioznost je novi sindrom povezan s covidom-19","datePublished":"2021-05-01T19:03:33+00:00","dateModified":"2021-05-01T19:03:34+00:00","mainEntityOfPage":{"@id":"https:\/\/radioljubuski.ba\/index.php\/2021\/05\/01\/anskioznost-je-novi-sindrom-povezan-s-covidom-19\/"},"wordCount":228,"publisher":{"@id":"https:\/\/radioljubuski.ba\/#organization"},"image":{"@id":"https:\/\/radioljubuski.ba\/index.php\/2021\/05\/01\/anskioznost-je-novi-sindrom-povezan-s-covidom-19\/#primaryimage"},"thumbnailUrl":"https:\/\/radioljubuski.ba\/wp-content\/uploads\/2021\/05\/s-b-vonlanthen-135ys6lOTOM-unsplash-750x422-1.jpg","articleSection":["BIH i regija"],"inLanguage":"hr"},{"@type":"WebPage","@id":"https:\/\/radioljubuski.ba\/index.php\/2021\/05\/01\/anskioznost-je-novi-sindrom-povezan-s-covidom-19\/","url":"https:\/\/radioljubuski.ba\/index.php\/2021\/05\/01\/anskioznost-je-novi-sindrom-povezan-s-covidom-19\/","name":"Anskioznost je novi sindrom povezan s covidom-19 - RADIO LJUBU\u0160KI","isPartOf":{"@id":"https:\/\/radioljubuski.ba\/#website"},"primaryImageOfPage":{"@id":"https:\/\/radioljubuski.ba\/index.php\/2021\/05\/01\/anskioznost-je-novi-sindrom-povezan-s-covidom-19\/#primaryimage"},"image":{"@id":"https:\/\/radioljubuski.ba\/index.php\/2021\/05\/01\/anskioznost-je-novi-sindrom-povezan-s-covidom-19\/#primaryimage"},"thumbnailUrl":"https:\/\/radioljubuski.ba\/wp-content\/uploads\/2021\/05\/s-b-vonlanthen-135ys6lOTOM-unsplash-750x422-1.jpg","datePublished":"2021-05-01T19:03:33+00:00","dateModified":"2021-05-01T19:03:34+00:00","breadcrumb":{"@id":"https:\/\/radioljubuski.ba\/index.php\/2021\/05\/01\/anskioznost-je-novi-sindrom-povezan-s-covidom-19\/#breadcrumb"},"inLanguage":"hr","potentialAction":[{"@type":"ReadAction","target":["https:\/\/radioljubuski.ba\/index.php\/2021\/05\/01\/anskioznost-je-novi-sindrom-povezan-s-covidom-19\/"]}]},{"@type":"ImageObject","inLanguage":"hr","@id":"https:\/\/radioljubuski.ba\/index.php\/2021\/05\/01\/anskioznost-je-novi-sindrom-povezan-s-covidom-19\/#primaryimage","url":"https:\/\/radioljubuski.ba\/wp-content\/uploads\/2021\/05\/s-b-vonlanthen-135ys6lOTOM-unsplash-750x422-1.jpg","contentUrl":"https:\/\/radioljubuski.ba\/wp-content\/uploads\/2021\/05\/s-b-vonlanthen-135ys6lOTOM-unsplash-750x422-1.jpg","width":750,"height":422},{"@type":"BreadcrumbList","@id":"https:\/\/radioljubuski.ba\/index.php\/2021\/05\/01\/anskioznost-je-novi-sindrom-povezan-s-covidom-19\/#breadcrumb","itemListElement":[{"@type":"ListItem","position":1,"name":"Po\u010detna stranica","item":"https:\/\/radioljubuski.ba\/"},{"@type":"ListItem","position":2,"name":"Anskioznost je novi sindrom povezan s covidom-19"}]},{"@type":"WebSite","@id":"https:\/\/radioljubuski.ba\/#website","url":"https:\/\/radioljubuski.ba\/","name":"Radio Ljubu\u0161ki","description":"Sun\u010dana frekvencija Hercegovine","publisher":{"@id":"https:\/\/radioljubuski.ba\/#organization"},"potentialAction":[{"@type":"SearchAction","target":{"@type":"EntryPoint","urlTemplate":"https:\/\/radioljubuski.ba\/?s={search_term_string}"},"query-input":{"@type":"PropertyValueSpecification","valueRequired":true,"valueName":"search_term_string"}}],"inLanguage":"hr"},{"@type":"Organization","@id":"https:\/\/radioljubuski.ba\/#organization","name":"Radio Ljubu\u0161ki","url":"https:\/\/radioljubuski.ba\/","logo":{"@type":"ImageObject","inLanguage":"hr","@id":"https:\/\/radioljubuski.ba\/#\/schema\/logo\/image\/","url":"https:\/\/radioljubuski.ba\/wp-content\/uploads\/2021\/02\/cropped-Radio_Ljubuski_logo1.jpg","contentUrl":"https:\/\/radioljubuski.ba\/wp-content\/uploads\/2021\/02\/cropped-Radio_Ljubuski_logo1.jpg","width":512,"height":512,"caption":"Radio Ljubu\u0161ki"},"image":{"@id":"https:\/\/radioljubuski.ba\/#\/schema\/logo\/image\/"},"sameAs":["https:\/\/www.facebook.com\/Radiio-Ljubuski-1490835324566332","https:\/\/x.com\/radioljubuski","https:\/\/hr.linkedin.com\/company\/radio-ljubuski","https:\/\/www.youtube.com\/channel\/UCHYaeO_n0Db3tjNGudGpXyw"]},{"@type":"Person","@id":"https:\/\/radioljubuski.ba\/#\/schema\/person\/19fc700381a780f69665d7956c469e3b","name":"Radio Ljubu\u0161ki"}]}},"_links":{"self":[{"href":"https:\/\/radioljubuski.ba\/index.php\/wp-json\/wp\/v2\/posts\/17822","targetHints":{"allow":["GET"]}}],"collection":[{"href":"https:\/\/radioljubuski.ba\/index.php\/wp-json\/wp\/v2\/posts"}],"about":[{"href":"https:\/\/radioljubuski.ba\/index.php\/wp-json\/wp\/v2\/types\/post"}],"author":[{"embeddable":true,"href":"https:\/\/radioljubuski.ba\/index.php\/wp-json\/wp\/v2\/users\/2"}],"replies":[{"embeddable":true,"href":"https:\/\/radioljubuski.ba\/index.php\/wp-json\/wp\/v2\/comments?post=17822"}],"version-history":[{"count":1,"href":"https:\/\/radioljubuski.ba\/index.php\/wp-json\/wp\/v2\/posts\/17822\/revisions"}],"predecessor-version":[{"id":17824,"href":"https:\/\/radioljubuski.ba\/index.php\/wp-json\/wp\/v2\/posts\/17822\/revisions\/17824"}],"wp:featuredmedia":[{"embeddable":true,"href":"https:\/\/radioljubuski.ba\/index.php\/wp-json\/wp\/v2\/media\/17823"}],"wp:attachment":[{"href":"https:\/\/radioljubuski.ba\/index.php\/wp-json\/wp\/v2\/media?parent=17822"}],"wp:term":[{"taxonomy":"category","embeddable":true,"href":"https:\/\/radioljubuski.ba\/index.php\/wp-json\/wp\/v2\/categories?post=17822"},{"taxonomy":"post_tag","embeddable":true,"href":"https:\/\/radioljubuski.ba\/index.php\/wp-json\/wp\/v2\/tags?post=17822"}],"curies":[{"name":"wp","href":"https:\/\/api.w.org\/{rel}","templated":true}]}}