{"id":178295,"date":"2022-09-11T00:02:41","date_gmt":"2022-09-10T23:02:41","guid":{"rendered":"https:\/\/radioljubuski.ba\/?p=178295"},"modified":"2022-09-11T00:02:42","modified_gmt":"2022-09-10T23:02:42","slug":"modric-otkrio-tajnu-svoje-nogometne-dugovjecnosti","status":"publish","type":"post","link":"https:\/\/radioljubuski.ba\/index.php\/2022\/09\/11\/modric-otkrio-tajnu-svoje-nogometne-dugovjecnosti\/","title":{"rendered":"Modri\u0107 otkrio tajnu svoje nogometne dugovje\u010dnosti"},"content":{"rendered":"\n<p><strong>Kapetan hrvatske nogometne reprezentacije Luka Modri\u0107 proslavio je u petak 37. ro\u0111endan, a u razgovoru za Real Madrid TV oktrio je tajnu svoje igra\u010dke dugovje\u010dnosti.<\/strong><\/p>\n\n\n\n<figure class=\"wp-block-embed is-type-wp-embed is-provider-radio-ljubuski wp-block-embed-radio-ljubuski\"><div class=\"wp-block-embed__wrapper\">\n<blockquote class=\"wp-embedded-content\" data-secret=\"7ZhWZnl3xY\"><a href=\"https:\/\/radioljubuski.ba\/index.php\/2022\/09\/10\/brojne-cestitke-luki-modricu-za-37-rodendan\/\">Brojne \u010destitke Luki Modri\u0107u za 37. ro\u0111endan!<\/a><\/blockquote><iframe loading=\"lazy\" class=\"wp-embedded-content\" sandbox=\"allow-scripts\" security=\"restricted\" style=\"position: absolute; clip: rect(1px, 1px, 1px, 1px);\" title=\"&#8220;Brojne \u010destitke Luki Modri\u0107u za 37. ro\u0111endan!&#8221; &#8212;   RADIO LJUBU\u0160KI\" src=\"https:\/\/radioljubuski.ba\/index.php\/2022\/09\/10\/brojne-cestitke-luki-modricu-za-37-rodendan\/embed\/#?secret=q68mBp1Kz0#?secret=7ZhWZnl3xY\" data-secret=\"7ZhWZnl3xY\" width=\"600\" height=\"338\" frameborder=\"0\" marginwidth=\"0\" marginheight=\"0\" scrolling=\"no\"><\/iframe>\n<\/div><\/figure>\n\n\n\n<p>&#8211; Uvijek me pitaju koja je moja tajna, ali ne znam \u0161to na to odgovoriti. \u017divim nogomet 24 sata dnevno, to ja jako va\u017eno. Obo\u017eavam to \u0161to radim i u\u017eivam u svom poslu vi\u0161e nego ikad prije jer znam da sam u zahtjevnim godinama za nogometa\u0161a. Nikad ne znate koliko mo\u017eete trajati na ovako visokom profesionalnom niovu, na kojem su zahtjevi jako visoki. Poku\u0161avam u\u017eivati u treninzima i utakmicama i to mi poma\u017ee da se dobro osje\u0107am u ovim godinama, rekao je i nastavio:<\/p>\n\n\n\n<p>&#8211; U klub sti\u017eem sat i 15 minuta ranije i ovdje doru\u010dkujem. S fizioterapeutima se u teretani zagrijem i tako zagrijan krenem na trening. Nekad, ovisi kako se osje\u0107am, i nakon treninga ostanem i radim s fizioterapeutima.<\/p>\n\n\n\n<p>Osvrnuo se i na odlazak&nbsp;<strong>Casemira<\/strong>:<\/p>\n\n\n\n<p>&#8211; Oti\u0161ao nam je jako va\u017ean igra\u010d kao \u0161to je Casemiro, ali imamo dobrih igra\u010da koji ga mogu zamijeniti.&nbsp;<strong>Tchouameni&nbsp;<\/strong>se dobro prilago\u0111ava,&nbsp;<strong>Camavingi<\/strong>&nbsp;je ovo druga godina u klubu i bio je dobar u prvoj sezoni,&nbsp;<strong>Kroos<\/strong>&nbsp;je ovdje dugo, a tu je i&nbsp;<strong>Valverde<\/strong>, koji je odli\u010dan, pa&nbsp;<strong>Ceballos<\/strong>, koji dosta doprinosi. Dobro smo pokriveni, zaklju\u010dio je Modri\u0107.<\/p>\n\n\n\n<p>Izvor:hrt.hr<\/p>\n","protected":false},"excerpt":{"rendered":"<p>Kapetan hrvatske nogometne reprezentacije Luka Modri\u0107 proslavio je u petak 37. ro\u0111endan, a u razgovoru za Real Madrid TV oktrio je tajnu svoje igra\u010dke dugovje\u010dnosti. &#8211; Uvijek me pitaju koja je moja tajna, ali ne znam \u0161to na to odgovoriti. \u017divim nogomet 24 sata dnevno, to ja jako va\u017eno. Obo\u017eavam to \u0161to radim i u\u017eivam [&hellip;]<\/p>\n","protected":false},"author":2,"featured_media":176849,"comment_status":"closed","ping_status":"closed","sticky":false,"template":"","format":"standard","meta":{"h5ap_radio_sources":[],"footnotes":""},"categories":[7],"tags":[],"class_list":["post-178295","post","type-post","status-publish","format-standard","has-post-thumbnail","hentry","category-sport"],"yoast_head":"<!-- This site is optimized with the Yoast SEO plugin v27.5 - https:\/\/yoast.com\/product\/yoast-seo-wordpress\/ -->\n<title>Modri\u0107 otkrio tajnu svoje nogometne dugovje\u010dnosti - RADIO LJUBU\u0160KI<\/title>\n<meta name=\"robots\" content=\"index, follow, max-snippet:-1, max-image-preview:large, max-video-preview:-1\" \/>\n<link rel=\"canonical\" href=\"https:\/\/radioljubuski.ba\/index.php\/2022\/09\/11\/modric-otkrio-tajnu-svoje-nogometne-dugovjecnosti\/\" \/>\n<meta property=\"og:locale\" content=\"hr_HR\" \/>\n<meta property=\"og:type\" content=\"article\" \/>\n<meta property=\"og:title\" content=\"Modri\u0107 otkrio tajnu svoje nogometne dugovje\u010dnosti - RADIO LJUBU\u0160KI\" \/>\n<meta property=\"og:description\" content=\"Kapetan hrvatske nogometne reprezentacije Luka Modri\u0107 proslavio je u petak 37. ro\u0111endan, a u razgovoru za Real Madrid TV oktrio je tajnu svoje igra\u010dke dugovje\u010dnosti. &#8211; Uvijek me pitaju koja je moja tajna, ali ne znam \u0161to na to odgovoriti. \u017divim nogomet 24 sata dnevno, to ja jako va\u017eno. Obo\u017eavam to \u0161to radim i u\u017eivam [&hellip;]\" \/>\n<meta property=\"og:url\" content=\"https:\/\/radioljubuski.ba\/index.php\/2022\/09\/11\/modric-otkrio-tajnu-svoje-nogometne-dugovjecnosti\/\" \/>\n<meta property=\"og:site_name\" content=\"RADIO LJUBU\u0160KI\" \/>\n<meta property=\"article:publisher\" content=\"https:\/\/www.facebook.com\/Radiio-Ljubuski-1490835324566332\" \/>\n<meta property=\"article:published_time\" content=\"2022-09-10T23:02:41+00:00\" \/>\n<meta property=\"article:modified_time\" content=\"2022-09-10T23:02:42+00:00\" \/>\n<meta property=\"og:image\" content=\"https:\/\/radioljubuski.ba\/wp-content\/uploads\/2022\/09\/modric.jpg\" \/>\n\t<meta property=\"og:image:width\" content=\"267\" \/>\n\t<meta property=\"og:image:height\" content=\"189\" \/>\n\t<meta property=\"og:image:type\" content=\"image\/jpeg\" \/>\n<meta name=\"author\" content=\"Radio Ljubu\u0161ki\" \/>\n<meta name=\"twitter:card\" content=\"summary_large_image\" \/>\n<meta name=\"twitter:creator\" content=\"@radioljubuski\" \/>\n<meta name=\"twitter:site\" content=\"@radioljubuski\" \/>\n<meta name=\"twitter:label1\" content=\"Napisao\/la\" \/>\n\t<meta name=\"twitter:data1\" content=\"Radio Ljubu\u0161ki\" \/>\n\t<meta name=\"twitter:label2\" content=\"Procijenjeno vrijeme \u010ditanja\" \/>\n\t<meta name=\"twitter:data2\" content=\"1 minuta\" \/>\n<script type=\"application\/ld+json\" class=\"yoast-schema-graph\">{\"@context\":\"https:\\\/\\\/schema.org\",\"@graph\":[{\"@type\":\"Article\",\"@id\":\"https:\\\/\\\/radioljubuski.ba\\\/index.php\\\/2022\\\/09\\\/11\\\/modric-otkrio-tajnu-svoje-nogometne-dugovjecnosti\\\/#article\",\"isPartOf\":{\"@id\":\"https:\\\/\\\/radioljubuski.ba\\\/index.php\\\/2022\\\/09\\\/11\\\/modric-otkrio-tajnu-svoje-nogometne-dugovjecnosti\\\/\"},\"author\":{\"name\":\"Radio Ljubu\u0161ki\",\"@id\":\"https:\\\/\\\/radioljubuski.ba\\\/#\\\/schema\\\/person\\\/19fc700381a780f69665d7956c469e3b\"},\"headline\":\"Modri\u0107 otkrio tajnu svoje nogometne dugovje\u010dnosti\",\"datePublished\":\"2022-09-10T23:02:41+00:00\",\"dateModified\":\"2022-09-10T23:02:42+00:00\",\"mainEntityOfPage\":{\"@id\":\"https:\\\/\\\/radioljubuski.ba\\\/index.php\\\/2022\\\/09\\\/11\\\/modric-otkrio-tajnu-svoje-nogometne-dugovjecnosti\\\/\"},\"wordCount\":257,\"publisher\":{\"@id\":\"https:\\\/\\\/radioljubuski.ba\\\/#organization\"},\"image\":{\"@id\":\"https:\\\/\\\/radioljubuski.ba\\\/index.php\\\/2022\\\/09\\\/11\\\/modric-otkrio-tajnu-svoje-nogometne-dugovjecnosti\\\/#primaryimage\"},\"thumbnailUrl\":\"https:\\\/\\\/radioljubuski.ba\\\/wp-content\\\/uploads\\\/2022\\\/09\\\/modric.jpg\",\"articleSection\":[\"\u0160port\"],\"inLanguage\":\"hr\"},{\"@type\":\"WebPage\",\"@id\":\"https:\\\/\\\/radioljubuski.ba\\\/index.php\\\/2022\\\/09\\\/11\\\/modric-otkrio-tajnu-svoje-nogometne-dugovjecnosti\\\/\",\"url\":\"https:\\\/\\\/radioljubuski.ba\\\/index.php\\\/2022\\\/09\\\/11\\\/modric-otkrio-tajnu-svoje-nogometne-dugovjecnosti\\\/\",\"name\":\"Modri\u0107 otkrio tajnu svoje nogometne dugovje\u010dnosti - RADIO LJUBU\u0160KI\",\"isPartOf\":{\"@id\":\"https:\\\/\\\/radioljubuski.ba\\\/#website\"},\"primaryImageOfPage\":{\"@id\":\"https:\\\/\\\/radioljubuski.ba\\\/index.php\\\/2022\\\/09\\\/11\\\/modric-otkrio-tajnu-svoje-nogometne-dugovjecnosti\\\/#primaryimage\"},\"image\":{\"@id\":\"https:\\\/\\\/radioljubuski.ba\\\/index.php\\\/2022\\\/09\\\/11\\\/modric-otkrio-tajnu-svoje-nogometne-dugovjecnosti\\\/#primaryimage\"},\"thumbnailUrl\":\"https:\\\/\\\/radioljubuski.ba\\\/wp-content\\\/uploads\\\/2022\\\/09\\\/modric.jpg\",\"datePublished\":\"2022-09-10T23:02:41+00:00\",\"dateModified\":\"2022-09-10T23:02:42+00:00\",\"breadcrumb\":{\"@id\":\"https:\\\/\\\/radioljubuski.ba\\\/index.php\\\/2022\\\/09\\\/11\\\/modric-otkrio-tajnu-svoje-nogometne-dugovjecnosti\\\/#breadcrumb\"},\"inLanguage\":\"hr\",\"potentialAction\":[{\"@type\":\"ReadAction\",\"target\":[\"https:\\\/\\\/radioljubuski.ba\\\/index.php\\\/2022\\\/09\\\/11\\\/modric-otkrio-tajnu-svoje-nogometne-dugovjecnosti\\\/\"]}]},{\"@type\":\"ImageObject\",\"inLanguage\":\"hr\",\"@id\":\"https:\\\/\\\/radioljubuski.ba\\\/index.php\\\/2022\\\/09\\\/11\\\/modric-otkrio-tajnu-svoje-nogometne-dugovjecnosti\\\/#primaryimage\",\"url\":\"https:\\\/\\\/radioljubuski.ba\\\/wp-content\\\/uploads\\\/2022\\\/09\\\/modric.jpg\",\"contentUrl\":\"https:\\\/\\\/radioljubuski.ba\\\/wp-content\\\/uploads\\\/2022\\\/09\\\/modric.jpg\",\"width\":267,\"height\":189},{\"@type\":\"BreadcrumbList\",\"@id\":\"https:\\\/\\\/radioljubuski.ba\\\/index.php\\\/2022\\\/09\\\/11\\\/modric-otkrio-tajnu-svoje-nogometne-dugovjecnosti\\\/#breadcrumb\",\"itemListElement\":[{\"@type\":\"ListItem\",\"position\":1,\"name\":\"Po\u010detna stranica\",\"item\":\"https:\\\/\\\/radioljubuski.ba\\\/\"},{\"@type\":\"ListItem\",\"position\":2,\"name\":\"Modri\u0107 otkrio tajnu svoje nogometne dugovje\u010dnosti\"}]},{\"@type\":\"WebSite\",\"@id\":\"https:\\\/\\\/radioljubuski.ba\\\/#website\",\"url\":\"https:\\\/\\\/radioljubuski.ba\\\/\",\"name\":\"Radio Ljubu\u0161ki\",\"description\":\"Sun\u010dana frekvencija Hercegovine\",\"publisher\":{\"@id\":\"https:\\\/\\\/radioljubuski.ba\\\/#organization\"},\"potentialAction\":[{\"@type\":\"SearchAction\",\"target\":{\"@type\":\"EntryPoint\",\"urlTemplate\":\"https:\\\/\\\/radioljubuski.ba\\\/?s={search_term_string}\"},\"query-input\":{\"@type\":\"PropertyValueSpecification\",\"valueRequired\":true,\"valueName\":\"search_term_string\"}}],\"inLanguage\":\"hr\"},{\"@type\":\"Organization\",\"@id\":\"https:\\\/\\\/radioljubuski.ba\\\/#organization\",\"name\":\"Radio Ljubu\u0161ki\",\"url\":\"https:\\\/\\\/radioljubuski.ba\\\/\",\"logo\":{\"@type\":\"ImageObject\",\"inLanguage\":\"hr\",\"@id\":\"https:\\\/\\\/radioljubuski.ba\\\/#\\\/schema\\\/logo\\\/image\\\/\",\"url\":\"https:\\\/\\\/radioljubuski.ba\\\/wp-content\\\/uploads\\\/2021\\\/02\\\/cropped-Radio_Ljubuski_logo1.jpg\",\"contentUrl\":\"https:\\\/\\\/radioljubuski.ba\\\/wp-content\\\/uploads\\\/2021\\\/02\\\/cropped-Radio_Ljubuski_logo1.jpg\",\"width\":512,\"height\":512,\"caption\":\"Radio Ljubu\u0161ki\"},\"image\":{\"@id\":\"https:\\\/\\\/radioljubuski.ba\\\/#\\\/schema\\\/logo\\\/image\\\/\"},\"sameAs\":[\"https:\\\/\\\/www.facebook.com\\\/Radiio-Ljubuski-1490835324566332\",\"https:\\\/\\\/x.com\\\/radioljubuski\",\"https:\\\/\\\/hr.linkedin.com\\\/company\\\/radio-ljubuski\",\"https:\\\/\\\/www.youtube.com\\\/channel\\\/UCHYaeO_n0Db3tjNGudGpXyw\"]},{\"@type\":\"Person\",\"@id\":\"https:\\\/\\\/radioljubuski.ba\\\/#\\\/schema\\\/person\\\/19fc700381a780f69665d7956c469e3b\",\"name\":\"Radio Ljubu\u0161ki\"}]}<\/script>\n<!-- \/ Yoast SEO plugin. -->","yoast_head_json":{"title":"Modri\u0107 otkrio tajnu svoje nogometne dugovje\u010dnosti - RADIO LJUBU\u0160KI","robots":{"index":"index","follow":"follow","max-snippet":"max-snippet:-1","max-image-preview":"max-image-preview:large","max-video-preview":"max-video-preview:-1"},"canonical":"https:\/\/radioljubuski.ba\/index.php\/2022\/09\/11\/modric-otkrio-tajnu-svoje-nogometne-dugovjecnosti\/","og_locale":"hr_HR","og_type":"article","og_title":"Modri\u0107 otkrio tajnu svoje nogometne dugovje\u010dnosti - RADIO LJUBU\u0160KI","og_description":"Kapetan hrvatske nogometne reprezentacije Luka Modri\u0107 proslavio je u petak 37. ro\u0111endan, a u razgovoru za Real Madrid TV oktrio je tajnu svoje igra\u010dke dugovje\u010dnosti. &#8211; Uvijek me pitaju koja je moja tajna, ali ne znam \u0161to na to odgovoriti. \u017divim nogomet 24 sata dnevno, to ja jako va\u017eno. Obo\u017eavam to \u0161to radim i u\u017eivam [&hellip;]","og_url":"https:\/\/radioljubuski.ba\/index.php\/2022\/09\/11\/modric-otkrio-tajnu-svoje-nogometne-dugovjecnosti\/","og_site_name":"RADIO LJUBU\u0160KI","article_publisher":"https:\/\/www.facebook.com\/Radiio-Ljubuski-1490835324566332","article_published_time":"2022-09-10T23:02:41+00:00","article_modified_time":"2022-09-10T23:02:42+00:00","og_image":[{"width":267,"height":189,"url":"https:\/\/radioljubuski.ba\/wp-content\/uploads\/2022\/09\/modric.jpg","type":"image\/jpeg"}],"author":"Radio Ljubu\u0161ki","twitter_card":"summary_large_image","twitter_creator":"@radioljubuski","twitter_site":"@radioljubuski","twitter_misc":{"Napisao\/la":"Radio Ljubu\u0161ki","Procijenjeno vrijeme \u010ditanja":"1 minuta"},"schema":{"@context":"https:\/\/schema.org","@graph":[{"@type":"Article","@id":"https:\/\/radioljubuski.ba\/index.php\/2022\/09\/11\/modric-otkrio-tajnu-svoje-nogometne-dugovjecnosti\/#article","isPartOf":{"@id":"https:\/\/radioljubuski.ba\/index.php\/2022\/09\/11\/modric-otkrio-tajnu-svoje-nogometne-dugovjecnosti\/"},"author":{"name":"Radio Ljubu\u0161ki","@id":"https:\/\/radioljubuski.ba\/#\/schema\/person\/19fc700381a780f69665d7956c469e3b"},"headline":"Modri\u0107 otkrio tajnu svoje nogometne dugovje\u010dnosti","datePublished":"2022-09-10T23:02:41+00:00","dateModified":"2022-09-10T23:02:42+00:00","mainEntityOfPage":{"@id":"https:\/\/radioljubuski.ba\/index.php\/2022\/09\/11\/modric-otkrio-tajnu-svoje-nogometne-dugovjecnosti\/"},"wordCount":257,"publisher":{"@id":"https:\/\/radioljubuski.ba\/#organization"},"image":{"@id":"https:\/\/radioljubuski.ba\/index.php\/2022\/09\/11\/modric-otkrio-tajnu-svoje-nogometne-dugovjecnosti\/#primaryimage"},"thumbnailUrl":"https:\/\/radioljubuski.ba\/wp-content\/uploads\/2022\/09\/modric.jpg","articleSection":["\u0160port"],"inLanguage":"hr"},{"@type":"WebPage","@id":"https:\/\/radioljubuski.ba\/index.php\/2022\/09\/11\/modric-otkrio-tajnu-svoje-nogometne-dugovjecnosti\/","url":"https:\/\/radioljubuski.ba\/index.php\/2022\/09\/11\/modric-otkrio-tajnu-svoje-nogometne-dugovjecnosti\/","name":"Modri\u0107 otkrio tajnu svoje nogometne dugovje\u010dnosti - RADIO LJUBU\u0160KI","isPartOf":{"@id":"https:\/\/radioljubuski.ba\/#website"},"primaryImageOfPage":{"@id":"https:\/\/radioljubuski.ba\/index.php\/2022\/09\/11\/modric-otkrio-tajnu-svoje-nogometne-dugovjecnosti\/#primaryimage"},"image":{"@id":"https:\/\/radioljubuski.ba\/index.php\/2022\/09\/11\/modric-otkrio-tajnu-svoje-nogometne-dugovjecnosti\/#primaryimage"},"thumbnailUrl":"https:\/\/radioljubuski.ba\/wp-content\/uploads\/2022\/09\/modric.jpg","datePublished":"2022-09-10T23:02:41+00:00","dateModified":"2022-09-10T23:02:42+00:00","breadcrumb":{"@id":"https:\/\/radioljubuski.ba\/index.php\/2022\/09\/11\/modric-otkrio-tajnu-svoje-nogometne-dugovjecnosti\/#breadcrumb"},"inLanguage":"hr","potentialAction":[{"@type":"ReadAction","target":["https:\/\/radioljubuski.ba\/index.php\/2022\/09\/11\/modric-otkrio-tajnu-svoje-nogometne-dugovjecnosti\/"]}]},{"@type":"ImageObject","inLanguage":"hr","@id":"https:\/\/radioljubuski.ba\/index.php\/2022\/09\/11\/modric-otkrio-tajnu-svoje-nogometne-dugovjecnosti\/#primaryimage","url":"https:\/\/radioljubuski.ba\/wp-content\/uploads\/2022\/09\/modric.jpg","contentUrl":"https:\/\/radioljubuski.ba\/wp-content\/uploads\/2022\/09\/modric.jpg","width":267,"height":189},{"@type":"BreadcrumbList","@id":"https:\/\/radioljubuski.ba\/index.php\/2022\/09\/11\/modric-otkrio-tajnu-svoje-nogometne-dugovjecnosti\/#breadcrumb","itemListElement":[{"@type":"ListItem","position":1,"name":"Po\u010detna stranica","item":"https:\/\/radioljubuski.ba\/"},{"@type":"ListItem","position":2,"name":"Modri\u0107 otkrio tajnu svoje nogometne dugovje\u010dnosti"}]},{"@type":"WebSite","@id":"https:\/\/radioljubuski.ba\/#website","url":"https:\/\/radioljubuski.ba\/","name":"Radio Ljubu\u0161ki","description":"Sun\u010dana frekvencija Hercegovine","publisher":{"@id":"https:\/\/radioljubuski.ba\/#organization"},"potentialAction":[{"@type":"SearchAction","target":{"@type":"EntryPoint","urlTemplate":"https:\/\/radioljubuski.ba\/?s={search_term_string}"},"query-input":{"@type":"PropertyValueSpecification","valueRequired":true,"valueName":"search_term_string"}}],"inLanguage":"hr"},{"@type":"Organization","@id":"https:\/\/radioljubuski.ba\/#organization","name":"Radio Ljubu\u0161ki","url":"https:\/\/radioljubuski.ba\/","logo":{"@type":"ImageObject","inLanguage":"hr","@id":"https:\/\/radioljubuski.ba\/#\/schema\/logo\/image\/","url":"https:\/\/radioljubuski.ba\/wp-content\/uploads\/2021\/02\/cropped-Radio_Ljubuski_logo1.jpg","contentUrl":"https:\/\/radioljubuski.ba\/wp-content\/uploads\/2021\/02\/cropped-Radio_Ljubuski_logo1.jpg","width":512,"height":512,"caption":"Radio Ljubu\u0161ki"},"image":{"@id":"https:\/\/radioljubuski.ba\/#\/schema\/logo\/image\/"},"sameAs":["https:\/\/www.facebook.com\/Radiio-Ljubuski-1490835324566332","https:\/\/x.com\/radioljubuski","https:\/\/hr.linkedin.com\/company\/radio-ljubuski","https:\/\/www.youtube.com\/channel\/UCHYaeO_n0Db3tjNGudGpXyw"]},{"@type":"Person","@id":"https:\/\/radioljubuski.ba\/#\/schema\/person\/19fc700381a780f69665d7956c469e3b","name":"Radio Ljubu\u0161ki"}]}},"_links":{"self":[{"href":"https:\/\/radioljubuski.ba\/index.php\/wp-json\/wp\/v2\/posts\/178295","targetHints":{"allow":["GET"]}}],"collection":[{"href":"https:\/\/radioljubuski.ba\/index.php\/wp-json\/wp\/v2\/posts"}],"about":[{"href":"https:\/\/radioljubuski.ba\/index.php\/wp-json\/wp\/v2\/types\/post"}],"author":[{"embeddable":true,"href":"https:\/\/radioljubuski.ba\/index.php\/wp-json\/wp\/v2\/users\/2"}],"replies":[{"embeddable":true,"href":"https:\/\/radioljubuski.ba\/index.php\/wp-json\/wp\/v2\/comments?post=178295"}],"version-history":[{"count":1,"href":"https:\/\/radioljubuski.ba\/index.php\/wp-json\/wp\/v2\/posts\/178295\/revisions"}],"predecessor-version":[{"id":178296,"href":"https:\/\/radioljubuski.ba\/index.php\/wp-json\/wp\/v2\/posts\/178295\/revisions\/178296"}],"wp:featuredmedia":[{"embeddable":true,"href":"https:\/\/radioljubuski.ba\/index.php\/wp-json\/wp\/v2\/media\/176849"}],"wp:attachment":[{"href":"https:\/\/radioljubuski.ba\/index.php\/wp-json\/wp\/v2\/media?parent=178295"}],"wp:term":[{"taxonomy":"category","embeddable":true,"href":"https:\/\/radioljubuski.ba\/index.php\/wp-json\/wp\/v2\/categories?post=178295"},{"taxonomy":"post_tag","embeddable":true,"href":"https:\/\/radioljubuski.ba\/index.php\/wp-json\/wp\/v2\/tags?post=178295"}],"curies":[{"name":"wp","href":"https:\/\/api.w.org\/{rel}","templated":true}]}}