{"id":17867,"date":"2021-05-02T08:13:52","date_gmt":"2021-05-02T07:13:52","guid":{"rendered":"https:\/\/radioljubuski.ba\/?p=17867"},"modified":"2021-05-02T08:13:53","modified_gmt":"2021-05-02T07:13:53","slug":"i-nakon-5-godina-pobjeda-na-pecari-nedosanjan-san-hsk-zrinjski-porazen-od-sirokog","status":"publish","type":"post","link":"https:\/\/radioljubuski.ba\/index.php\/2021\/05\/02\/i-nakon-5-godina-pobjeda-na-pecari-nedosanjan-san-hsk-zrinjski-porazen-od-sirokog\/","title":{"rendered":"I nakon 5 godina pobjeda na Pecari nedosanjan san: H\u0160K Zrinjski pora\u017een od \u0160irokog"},"content":{"rendered":"\n<p>U jednom od derbija 28. kola m:Tel &nbsp;Premijer lige Bosne i Hercegovine ve\u010deras su se na \u0161irokobrije\u0161koj Pecari sastali NK \u0160iroki i H\u0160K Zrinjski. Nakon 90 minuta velike borbe doma\u0107i tim je slavio s 1:0 i opet pri\u0161ao Zrinjskom na samo -1.&nbsp;<\/p>\n\n\n\n<p>Uvod utakmice pro\u0161ao je u o\u010dekivanom odmjeravanju snaga i ne\u0161to agresivnijoj igri doma\u0107ih koji su s nekoliko faulova nagovijestili Mostarcima \u0161ta ih o\u010dekuje u ovoj utakmici.&nbsp;<\/p>\n\n\n\n<p>Prva prijetnja zbila se u 10. minuti kada Juranovi\u0107 \u0161utira preko gola \u0160irokog. Samo 4 minute kasnije Bilbija dobrim udarcem iz velike daljine zagrijava Mi\u0161ki\u0107a koji je siguran. Sve do 33. osim \u017eustre igre i jakog tempa nije vi\u0111eno ni\u0161ta zanimljivo a tada obrana \u0160irokog blokira opasan udarac Nemanje Biblije. U 40. minuti Zrinjski je mogao i trebao povesti kada je Filipovi\u0107 istr\u010dao sjajnu kontru ali njegov poku\u0161aj Musa izbacuje s gol crte i ispred natr\u010dalih napada\u010da mostarskog kluba. U 44. minuti umalo do vodstva da do\u0111e \u0160iroki kada Jurilj nakon lo\u0161e reakcije Magdi\u0107a krade loptu stoperu Plemi\u0107a i sjajno \u0161utira tik kraj gola Varvodi\u0107a.&nbsp;<\/p>\n\n\n\n<p>Ve\u0107 u idu\u0107em napadu obrana \u0160irokog vra\u0107a uslugu gostima i \u010dasti Filipovi\u0107a koji ne uspijeva plasirati loptu pored sjajnog Mi\u0161ki\u0107a. To je ujedno bilo i posljednje uzbu\u0111enje prije odlaska na veliki odmor. Prvo uzbu\u0111enje u nastavku kreirali su doma\u0107i kada je lopta poslije kornera opasno plesala po \u0161esnaestercu Zrinjskog no ona na kraju zavr\u0161ava u rukama Mire Varvodi\u0107a. Zrinjski preko Beki\u0107a prijeti u 55. minuti a njegov opasan udarac obrana \u0160irokog blokira i izbija u korner.&nbsp;<\/p>\n\n\n\n<p>Samo dvije minute kasnije jednu neodlu\u010denost obrane Plemi\u0107a ka\u017enjavaju doma\u0107i nogometa\u0161i. Jurilj je dodao Stani\u0107u koji \u0161utira, lopta poga\u0111a Jakovljevi\u0107a, mijenja smjer i zavr\u0161ava u Varvodi\u0107evoj mre\u017ei. Gol je natjerao nogometa\u0161e gostiju da krenu agresivnije prema golu \u0160irokog.&nbsp;<\/p>\n\n\n\n<p>Ve\u0107 u 62. minuti kolosalna \u0161ansa za Mostarce. Sjajna akcija Filipovi\u0107a i \u0106orluke koji pronalazi Ma\u0161i\u0107a koji ne poga\u0111a gol s 3 metra. Tri minute kasnije dobro \u0161utira Filipovi\u0107 no Mi\u0161ki\u0107a je te\u0161ko savladati. U 77. &nbsp;minuti dobro \u0161utira Juraj Ljubi\u0107 ali pravo u golmana doma\u0107ih koji je sjajno branio u ovom susretu.&nbsp;<\/p>\n\n\n\n<p>Nastavio je Zrinjski s napadima, sijevalo je oko gola gostiju no mre\u017ea \u0160irokog je ostala netaknuta i Zrinjski je nakon remija sa Sarajevom ostao bez pobjede te bez ijednog boda i opet opasno kompromitirao plasman u Europu dok \u0107e titula prvaka koja je u jednom trenutku bila dosti\u017ena opet jako daleko od Bijelog Brijega.&nbsp;<\/p>\n\n\n\n<p>Izvor:pogled.ba<\/p>\n","protected":false},"excerpt":{"rendered":"<p>U jednom od derbija 28. kola m:Tel &nbsp;Premijer lige Bosne i Hercegovine ve\u010deras su se na \u0161irokobrije\u0161koj Pecari sastali NK \u0160iroki i H\u0160K Zrinjski. Nakon 90 minuta velike borbe doma\u0107i tim je slavio s 1:0 i opet pri\u0161ao Zrinjskom na samo -1.&nbsp; Uvod utakmice pro\u0161ao je u o\u010dekivanom odmjeravanju snaga i ne\u0161to agresivnijoj igri doma\u0107ih [&hellip;]<\/p>\n","protected":false},"author":2,"featured_media":17868,"comment_status":"closed","ping_status":"closed","sticky":false,"template":"","format":"standard","meta":{"h5ap_radio_sources":[],"footnotes":""},"categories":[1],"tags":[],"class_list":["post-17867","post","type-post","status-publish","format-standard","has-post-thumbnail","hentry","category-bihiregija"],"yoast_head":"<!-- This site is optimized with the Yoast SEO plugin v27.5 - https:\/\/yoast.com\/product\/yoast-seo-wordpress\/ -->\n<title>I nakon 5 godina pobjeda na Pecari nedosanjan san: H\u0160K Zrinjski pora\u017een od \u0160irokog - RADIO LJUBU\u0160KI<\/title>\n<meta name=\"robots\" content=\"index, follow, max-snippet:-1, max-image-preview:large, max-video-preview:-1\" \/>\n<link rel=\"canonical\" href=\"https:\/\/radioljubuski.ba\/index.php\/2021\/05\/02\/i-nakon-5-godina-pobjeda-na-pecari-nedosanjan-san-hsk-zrinjski-porazen-od-sirokog\/\" \/>\n<meta property=\"og:locale\" content=\"hr_HR\" \/>\n<meta property=\"og:type\" content=\"article\" \/>\n<meta property=\"og:title\" content=\"I nakon 5 godina pobjeda na Pecari nedosanjan san: H\u0160K Zrinjski pora\u017een od \u0160irokog - RADIO LJUBU\u0160KI\" \/>\n<meta property=\"og:description\" content=\"U jednom od derbija 28. kola m:Tel &nbsp;Premijer lige Bosne i Hercegovine ve\u010deras su se na \u0161irokobrije\u0161koj Pecari sastali NK \u0160iroki i H\u0160K Zrinjski. Nakon 90 minuta velike borbe doma\u0107i tim je slavio s 1:0 i opet pri\u0161ao Zrinjskom na samo -1.&nbsp; Uvod utakmice pro\u0161ao je u o\u010dekivanom odmjeravanju snaga i ne\u0161to agresivnijoj igri doma\u0107ih [&hellip;]\" \/>\n<meta property=\"og:url\" content=\"https:\/\/radioljubuski.ba\/index.php\/2021\/05\/02\/i-nakon-5-godina-pobjeda-na-pecari-nedosanjan-san-hsk-zrinjski-porazen-od-sirokog\/\" \/>\n<meta property=\"og:site_name\" content=\"RADIO LJUBU\u0160KI\" \/>\n<meta property=\"article:publisher\" content=\"https:\/\/www.facebook.com\/Radiio-Ljubuski-1490835324566332\" \/>\n<meta property=\"article:published_time\" content=\"2021-05-02T07:13:52+00:00\" \/>\n<meta property=\"article:modified_time\" content=\"2021-05-02T07:13:53+00:00\" \/>\n<meta property=\"og:image\" content=\"https:\/\/radioljubuski.ba\/wp-content\/uploads\/2021\/05\/2-2021-05-01-21-14-09-siroki.jpg\" \/>\n\t<meta property=\"og:image:width\" content=\"1000\" \/>\n\t<meta property=\"og:image:height\" content=\"625\" \/>\n\t<meta property=\"og:image:type\" content=\"image\/jpeg\" \/>\n<meta name=\"author\" content=\"Radio Ljubu\u0161ki\" \/>\n<meta name=\"twitter:card\" content=\"summary_large_image\" \/>\n<meta name=\"twitter:creator\" content=\"@radioljubuski\" \/>\n<meta name=\"twitter:site\" content=\"@radioljubuski\" \/>\n<meta name=\"twitter:label1\" content=\"Napisao\/la\" \/>\n\t<meta name=\"twitter:data1\" content=\"Radio Ljubu\u0161ki\" \/>\n\t<meta name=\"twitter:label2\" content=\"Procijenjeno vrijeme \u010ditanja\" \/>\n\t<meta name=\"twitter:data2\" content=\"2 minute\" \/>\n<script type=\"application\/ld+json\" class=\"yoast-schema-graph\">{\"@context\":\"https:\\\/\\\/schema.org\",\"@graph\":[{\"@type\":\"Article\",\"@id\":\"https:\\\/\\\/radioljubuski.ba\\\/index.php\\\/2021\\\/05\\\/02\\\/i-nakon-5-godina-pobjeda-na-pecari-nedosanjan-san-hsk-zrinjski-porazen-od-sirokog\\\/#article\",\"isPartOf\":{\"@id\":\"https:\\\/\\\/radioljubuski.ba\\\/index.php\\\/2021\\\/05\\\/02\\\/i-nakon-5-godina-pobjeda-na-pecari-nedosanjan-san-hsk-zrinjski-porazen-od-sirokog\\\/\"},\"author\":{\"name\":\"Radio Ljubu\u0161ki\",\"@id\":\"https:\\\/\\\/radioljubuski.ba\\\/#\\\/schema\\\/person\\\/19fc700381a780f69665d7956c469e3b\"},\"headline\":\"I nakon 5 godina pobjeda na Pecari nedosanjan san: H\u0160K Zrinjski pora\u017een od \u0160irokog\",\"datePublished\":\"2021-05-02T07:13:52+00:00\",\"dateModified\":\"2021-05-02T07:13:53+00:00\",\"mainEntityOfPage\":{\"@id\":\"https:\\\/\\\/radioljubuski.ba\\\/index.php\\\/2021\\\/05\\\/02\\\/i-nakon-5-godina-pobjeda-na-pecari-nedosanjan-san-hsk-zrinjski-porazen-od-sirokog\\\/\"},\"wordCount\":466,\"publisher\":{\"@id\":\"https:\\\/\\\/radioljubuski.ba\\\/#organization\"},\"image\":{\"@id\":\"https:\\\/\\\/radioljubuski.ba\\\/index.php\\\/2021\\\/05\\\/02\\\/i-nakon-5-godina-pobjeda-na-pecari-nedosanjan-san-hsk-zrinjski-porazen-od-sirokog\\\/#primaryimage\"},\"thumbnailUrl\":\"https:\\\/\\\/radioljubuski.ba\\\/wp-content\\\/uploads\\\/2021\\\/05\\\/2-2021-05-01-21-14-09-siroki.jpg\",\"articleSection\":[\"BIH i regija\"],\"inLanguage\":\"hr\"},{\"@type\":\"WebPage\",\"@id\":\"https:\\\/\\\/radioljubuski.ba\\\/index.php\\\/2021\\\/05\\\/02\\\/i-nakon-5-godina-pobjeda-na-pecari-nedosanjan-san-hsk-zrinjski-porazen-od-sirokog\\\/\",\"url\":\"https:\\\/\\\/radioljubuski.ba\\\/index.php\\\/2021\\\/05\\\/02\\\/i-nakon-5-godina-pobjeda-na-pecari-nedosanjan-san-hsk-zrinjski-porazen-od-sirokog\\\/\",\"name\":\"I nakon 5 godina pobjeda na Pecari nedosanjan san: H\u0160K Zrinjski pora\u017een od \u0160irokog - RADIO LJUBU\u0160KI\",\"isPartOf\":{\"@id\":\"https:\\\/\\\/radioljubuski.ba\\\/#website\"},\"primaryImageOfPage\":{\"@id\":\"https:\\\/\\\/radioljubuski.ba\\\/index.php\\\/2021\\\/05\\\/02\\\/i-nakon-5-godina-pobjeda-na-pecari-nedosanjan-san-hsk-zrinjski-porazen-od-sirokog\\\/#primaryimage\"},\"image\":{\"@id\":\"https:\\\/\\\/radioljubuski.ba\\\/index.php\\\/2021\\\/05\\\/02\\\/i-nakon-5-godina-pobjeda-na-pecari-nedosanjan-san-hsk-zrinjski-porazen-od-sirokog\\\/#primaryimage\"},\"thumbnailUrl\":\"https:\\\/\\\/radioljubuski.ba\\\/wp-content\\\/uploads\\\/2021\\\/05\\\/2-2021-05-01-21-14-09-siroki.jpg\",\"datePublished\":\"2021-05-02T07:13:52+00:00\",\"dateModified\":\"2021-05-02T07:13:53+00:00\",\"breadcrumb\":{\"@id\":\"https:\\\/\\\/radioljubuski.ba\\\/index.php\\\/2021\\\/05\\\/02\\\/i-nakon-5-godina-pobjeda-na-pecari-nedosanjan-san-hsk-zrinjski-porazen-od-sirokog\\\/#breadcrumb\"},\"inLanguage\":\"hr\",\"potentialAction\":[{\"@type\":\"ReadAction\",\"target\":[\"https:\\\/\\\/radioljubuski.ba\\\/index.php\\\/2021\\\/05\\\/02\\\/i-nakon-5-godina-pobjeda-na-pecari-nedosanjan-san-hsk-zrinjski-porazen-od-sirokog\\\/\"]}]},{\"@type\":\"ImageObject\",\"inLanguage\":\"hr\",\"@id\":\"https:\\\/\\\/radioljubuski.ba\\\/index.php\\\/2021\\\/05\\\/02\\\/i-nakon-5-godina-pobjeda-na-pecari-nedosanjan-san-hsk-zrinjski-porazen-od-sirokog\\\/#primaryimage\",\"url\":\"https:\\\/\\\/radioljubuski.ba\\\/wp-content\\\/uploads\\\/2021\\\/05\\\/2-2021-05-01-21-14-09-siroki.jpg\",\"contentUrl\":\"https:\\\/\\\/radioljubuski.ba\\\/wp-content\\\/uploads\\\/2021\\\/05\\\/2-2021-05-01-21-14-09-siroki.jpg\",\"width\":1000,\"height\":625},{\"@type\":\"BreadcrumbList\",\"@id\":\"https:\\\/\\\/radioljubuski.ba\\\/index.php\\\/2021\\\/05\\\/02\\\/i-nakon-5-godina-pobjeda-na-pecari-nedosanjan-san-hsk-zrinjski-porazen-od-sirokog\\\/#breadcrumb\",\"itemListElement\":[{\"@type\":\"ListItem\",\"position\":1,\"name\":\"Po\u010detna stranica\",\"item\":\"https:\\\/\\\/radioljubuski.ba\\\/\"},{\"@type\":\"ListItem\",\"position\":2,\"name\":\"I nakon 5 godina pobjeda na Pecari nedosanjan san: H\u0160K Zrinjski pora\u017een od \u0160irokog\"}]},{\"@type\":\"WebSite\",\"@id\":\"https:\\\/\\\/radioljubuski.ba\\\/#website\",\"url\":\"https:\\\/\\\/radioljubuski.ba\\\/\",\"name\":\"Radio Ljubu\u0161ki\",\"description\":\"Sun\u010dana frekvencija Hercegovine\",\"publisher\":{\"@id\":\"https:\\\/\\\/radioljubuski.ba\\\/#organization\"},\"potentialAction\":[{\"@type\":\"SearchAction\",\"target\":{\"@type\":\"EntryPoint\",\"urlTemplate\":\"https:\\\/\\\/radioljubuski.ba\\\/?s={search_term_string}\"},\"query-input\":{\"@type\":\"PropertyValueSpecification\",\"valueRequired\":true,\"valueName\":\"search_term_string\"}}],\"inLanguage\":\"hr\"},{\"@type\":\"Organization\",\"@id\":\"https:\\\/\\\/radioljubuski.ba\\\/#organization\",\"name\":\"Radio Ljubu\u0161ki\",\"url\":\"https:\\\/\\\/radioljubuski.ba\\\/\",\"logo\":{\"@type\":\"ImageObject\",\"inLanguage\":\"hr\",\"@id\":\"https:\\\/\\\/radioljubuski.ba\\\/#\\\/schema\\\/logo\\\/image\\\/\",\"url\":\"https:\\\/\\\/radioljubuski.ba\\\/wp-content\\\/uploads\\\/2021\\\/02\\\/cropped-Radio_Ljubuski_logo1.jpg\",\"contentUrl\":\"https:\\\/\\\/radioljubuski.ba\\\/wp-content\\\/uploads\\\/2021\\\/02\\\/cropped-Radio_Ljubuski_logo1.jpg\",\"width\":512,\"height\":512,\"caption\":\"Radio Ljubu\u0161ki\"},\"image\":{\"@id\":\"https:\\\/\\\/radioljubuski.ba\\\/#\\\/schema\\\/logo\\\/image\\\/\"},\"sameAs\":[\"https:\\\/\\\/www.facebook.com\\\/Radiio-Ljubuski-1490835324566332\",\"https:\\\/\\\/x.com\\\/radioljubuski\",\"https:\\\/\\\/hr.linkedin.com\\\/company\\\/radio-ljubuski\",\"https:\\\/\\\/www.youtube.com\\\/channel\\\/UCHYaeO_n0Db3tjNGudGpXyw\"]},{\"@type\":\"Person\",\"@id\":\"https:\\\/\\\/radioljubuski.ba\\\/#\\\/schema\\\/person\\\/19fc700381a780f69665d7956c469e3b\",\"name\":\"Radio Ljubu\u0161ki\"}]}<\/script>\n<!-- \/ Yoast SEO plugin. -->","yoast_head_json":{"title":"I nakon 5 godina pobjeda na Pecari nedosanjan san: H\u0160K Zrinjski pora\u017een od \u0160irokog - RADIO LJUBU\u0160KI","robots":{"index":"index","follow":"follow","max-snippet":"max-snippet:-1","max-image-preview":"max-image-preview:large","max-video-preview":"max-video-preview:-1"},"canonical":"https:\/\/radioljubuski.ba\/index.php\/2021\/05\/02\/i-nakon-5-godina-pobjeda-na-pecari-nedosanjan-san-hsk-zrinjski-porazen-od-sirokog\/","og_locale":"hr_HR","og_type":"article","og_title":"I nakon 5 godina pobjeda na Pecari nedosanjan san: H\u0160K Zrinjski pora\u017een od \u0160irokog - RADIO LJUBU\u0160KI","og_description":"U jednom od derbija 28. kola m:Tel &nbsp;Premijer lige Bosne i Hercegovine ve\u010deras su se na \u0161irokobrije\u0161koj Pecari sastali NK \u0160iroki i H\u0160K Zrinjski. Nakon 90 minuta velike borbe doma\u0107i tim je slavio s 1:0 i opet pri\u0161ao Zrinjskom na samo -1.&nbsp; Uvod utakmice pro\u0161ao je u o\u010dekivanom odmjeravanju snaga i ne\u0161to agresivnijoj igri doma\u0107ih [&hellip;]","og_url":"https:\/\/radioljubuski.ba\/index.php\/2021\/05\/02\/i-nakon-5-godina-pobjeda-na-pecari-nedosanjan-san-hsk-zrinjski-porazen-od-sirokog\/","og_site_name":"RADIO LJUBU\u0160KI","article_publisher":"https:\/\/www.facebook.com\/Radiio-Ljubuski-1490835324566332","article_published_time":"2021-05-02T07:13:52+00:00","article_modified_time":"2021-05-02T07:13:53+00:00","og_image":[{"width":1000,"height":625,"url":"https:\/\/radioljubuski.ba\/wp-content\/uploads\/2021\/05\/2-2021-05-01-21-14-09-siroki.jpg","type":"image\/jpeg"}],"author":"Radio Ljubu\u0161ki","twitter_card":"summary_large_image","twitter_creator":"@radioljubuski","twitter_site":"@radioljubuski","twitter_misc":{"Napisao\/la":"Radio Ljubu\u0161ki","Procijenjeno vrijeme \u010ditanja":"2 minute"},"schema":{"@context":"https:\/\/schema.org","@graph":[{"@type":"Article","@id":"https:\/\/radioljubuski.ba\/index.php\/2021\/05\/02\/i-nakon-5-godina-pobjeda-na-pecari-nedosanjan-san-hsk-zrinjski-porazen-od-sirokog\/#article","isPartOf":{"@id":"https:\/\/radioljubuski.ba\/index.php\/2021\/05\/02\/i-nakon-5-godina-pobjeda-na-pecari-nedosanjan-san-hsk-zrinjski-porazen-od-sirokog\/"},"author":{"name":"Radio Ljubu\u0161ki","@id":"https:\/\/radioljubuski.ba\/#\/schema\/person\/19fc700381a780f69665d7956c469e3b"},"headline":"I nakon 5 godina pobjeda na Pecari nedosanjan san: H\u0160K Zrinjski pora\u017een od \u0160irokog","datePublished":"2021-05-02T07:13:52+00:00","dateModified":"2021-05-02T07:13:53+00:00","mainEntityOfPage":{"@id":"https:\/\/radioljubuski.ba\/index.php\/2021\/05\/02\/i-nakon-5-godina-pobjeda-na-pecari-nedosanjan-san-hsk-zrinjski-porazen-od-sirokog\/"},"wordCount":466,"publisher":{"@id":"https:\/\/radioljubuski.ba\/#organization"},"image":{"@id":"https:\/\/radioljubuski.ba\/index.php\/2021\/05\/02\/i-nakon-5-godina-pobjeda-na-pecari-nedosanjan-san-hsk-zrinjski-porazen-od-sirokog\/#primaryimage"},"thumbnailUrl":"https:\/\/radioljubuski.ba\/wp-content\/uploads\/2021\/05\/2-2021-05-01-21-14-09-siroki.jpg","articleSection":["BIH i regija"],"inLanguage":"hr"},{"@type":"WebPage","@id":"https:\/\/radioljubuski.ba\/index.php\/2021\/05\/02\/i-nakon-5-godina-pobjeda-na-pecari-nedosanjan-san-hsk-zrinjski-porazen-od-sirokog\/","url":"https:\/\/radioljubuski.ba\/index.php\/2021\/05\/02\/i-nakon-5-godina-pobjeda-na-pecari-nedosanjan-san-hsk-zrinjski-porazen-od-sirokog\/","name":"I nakon 5 godina pobjeda na Pecari nedosanjan san: H\u0160K Zrinjski pora\u017een od \u0160irokog - RADIO LJUBU\u0160KI","isPartOf":{"@id":"https:\/\/radioljubuski.ba\/#website"},"primaryImageOfPage":{"@id":"https:\/\/radioljubuski.ba\/index.php\/2021\/05\/02\/i-nakon-5-godina-pobjeda-na-pecari-nedosanjan-san-hsk-zrinjski-porazen-od-sirokog\/#primaryimage"},"image":{"@id":"https:\/\/radioljubuski.ba\/index.php\/2021\/05\/02\/i-nakon-5-godina-pobjeda-na-pecari-nedosanjan-san-hsk-zrinjski-porazen-od-sirokog\/#primaryimage"},"thumbnailUrl":"https:\/\/radioljubuski.ba\/wp-content\/uploads\/2021\/05\/2-2021-05-01-21-14-09-siroki.jpg","datePublished":"2021-05-02T07:13:52+00:00","dateModified":"2021-05-02T07:13:53+00:00","breadcrumb":{"@id":"https:\/\/radioljubuski.ba\/index.php\/2021\/05\/02\/i-nakon-5-godina-pobjeda-na-pecari-nedosanjan-san-hsk-zrinjski-porazen-od-sirokog\/#breadcrumb"},"inLanguage":"hr","potentialAction":[{"@type":"ReadAction","target":["https:\/\/radioljubuski.ba\/index.php\/2021\/05\/02\/i-nakon-5-godina-pobjeda-na-pecari-nedosanjan-san-hsk-zrinjski-porazen-od-sirokog\/"]}]},{"@type":"ImageObject","inLanguage":"hr","@id":"https:\/\/radioljubuski.ba\/index.php\/2021\/05\/02\/i-nakon-5-godina-pobjeda-na-pecari-nedosanjan-san-hsk-zrinjski-porazen-od-sirokog\/#primaryimage","url":"https:\/\/radioljubuski.ba\/wp-content\/uploads\/2021\/05\/2-2021-05-01-21-14-09-siroki.jpg","contentUrl":"https:\/\/radioljubuski.ba\/wp-content\/uploads\/2021\/05\/2-2021-05-01-21-14-09-siroki.jpg","width":1000,"height":625},{"@type":"BreadcrumbList","@id":"https:\/\/radioljubuski.ba\/index.php\/2021\/05\/02\/i-nakon-5-godina-pobjeda-na-pecari-nedosanjan-san-hsk-zrinjski-porazen-od-sirokog\/#breadcrumb","itemListElement":[{"@type":"ListItem","position":1,"name":"Po\u010detna stranica","item":"https:\/\/radioljubuski.ba\/"},{"@type":"ListItem","position":2,"name":"I nakon 5 godina pobjeda na Pecari nedosanjan san: H\u0160K Zrinjski pora\u017een od \u0160irokog"}]},{"@type":"WebSite","@id":"https:\/\/radioljubuski.ba\/#website","url":"https:\/\/radioljubuski.ba\/","name":"Radio Ljubu\u0161ki","description":"Sun\u010dana frekvencija Hercegovine","publisher":{"@id":"https:\/\/radioljubuski.ba\/#organization"},"potentialAction":[{"@type":"SearchAction","target":{"@type":"EntryPoint","urlTemplate":"https:\/\/radioljubuski.ba\/?s={search_term_string}"},"query-input":{"@type":"PropertyValueSpecification","valueRequired":true,"valueName":"search_term_string"}}],"inLanguage":"hr"},{"@type":"Organization","@id":"https:\/\/radioljubuski.ba\/#organization","name":"Radio Ljubu\u0161ki","url":"https:\/\/radioljubuski.ba\/","logo":{"@type":"ImageObject","inLanguage":"hr","@id":"https:\/\/radioljubuski.ba\/#\/schema\/logo\/image\/","url":"https:\/\/radioljubuski.ba\/wp-content\/uploads\/2021\/02\/cropped-Radio_Ljubuski_logo1.jpg","contentUrl":"https:\/\/radioljubuski.ba\/wp-content\/uploads\/2021\/02\/cropped-Radio_Ljubuski_logo1.jpg","width":512,"height":512,"caption":"Radio Ljubu\u0161ki"},"image":{"@id":"https:\/\/radioljubuski.ba\/#\/schema\/logo\/image\/"},"sameAs":["https:\/\/www.facebook.com\/Radiio-Ljubuski-1490835324566332","https:\/\/x.com\/radioljubuski","https:\/\/hr.linkedin.com\/company\/radio-ljubuski","https:\/\/www.youtube.com\/channel\/UCHYaeO_n0Db3tjNGudGpXyw"]},{"@type":"Person","@id":"https:\/\/radioljubuski.ba\/#\/schema\/person\/19fc700381a780f69665d7956c469e3b","name":"Radio Ljubu\u0161ki"}]}},"_links":{"self":[{"href":"https:\/\/radioljubuski.ba\/index.php\/wp-json\/wp\/v2\/posts\/17867","targetHints":{"allow":["GET"]}}],"collection":[{"href":"https:\/\/radioljubuski.ba\/index.php\/wp-json\/wp\/v2\/posts"}],"about":[{"href":"https:\/\/radioljubuski.ba\/index.php\/wp-json\/wp\/v2\/types\/post"}],"author":[{"embeddable":true,"href":"https:\/\/radioljubuski.ba\/index.php\/wp-json\/wp\/v2\/users\/2"}],"replies":[{"embeddable":true,"href":"https:\/\/radioljubuski.ba\/index.php\/wp-json\/wp\/v2\/comments?post=17867"}],"version-history":[{"count":1,"href":"https:\/\/radioljubuski.ba\/index.php\/wp-json\/wp\/v2\/posts\/17867\/revisions"}],"predecessor-version":[{"id":17869,"href":"https:\/\/radioljubuski.ba\/index.php\/wp-json\/wp\/v2\/posts\/17867\/revisions\/17869"}],"wp:featuredmedia":[{"embeddable":true,"href":"https:\/\/radioljubuski.ba\/index.php\/wp-json\/wp\/v2\/media\/17868"}],"wp:attachment":[{"href":"https:\/\/radioljubuski.ba\/index.php\/wp-json\/wp\/v2\/media?parent=17867"}],"wp:term":[{"taxonomy":"category","embeddable":true,"href":"https:\/\/radioljubuski.ba\/index.php\/wp-json\/wp\/v2\/categories?post=17867"},{"taxonomy":"post_tag","embeddable":true,"href":"https:\/\/radioljubuski.ba\/index.php\/wp-json\/wp\/v2\/tags?post=17867"}],"curies":[{"name":"wp","href":"https:\/\/api.w.org\/{rel}","templated":true}]}}