{"id":17870,"date":"2021-05-02T08:15:24","date_gmt":"2021-05-02T07:15:24","guid":{"rendered":"https:\/\/radioljubuski.ba\/?p=17870"},"modified":"2021-05-02T08:15:25","modified_gmt":"2021-05-02T07:15:25","slug":"bez-naknade-za-roaming-od-1-srpnja-na-zapadnom-balkanu","status":"publish","type":"post","link":"https:\/\/radioljubuski.ba\/index.php\/2021\/05\/02\/bez-naknade-za-roaming-od-1-srpnja-na-zapadnom-balkanu\/","title":{"rendered":"Bez naknade za roaming od 1. srpnja na zapadnom Balkanu"},"content":{"rendered":"\n<p>Naknada za roaming u zemaljama regije potpuno \u0107e nestati od 1. srpnja, \u0161to \u0107e gra\u0111anima ovih zemalja, ali i poslovnim subjektima zna\u010diti i vi\u0161e novca u prora\u010dunu, ocijenila je generalna tajnica Vije\u0107a za regionalnu suradnju (RCC) Majlinda Bregu.<\/p>\n\n\n\n<p>Bregu je za Radio Slobodna Europa rekla da \u0107e gra\u0111ani time imati vi\u0161e novca u d\u017eepu, onog koji bi bio potro\u0161en ako bi pla\u0107ali te ra\u010dune u regiji zbog tarifa za roaming.<\/p>\n\n\n\n<p>&#8211; Kao drugo, mislim da je va\u017eno naglasiti da se nije samo pove\u0107ao broj ljudi koji koriste internet, ve\u0107 smo tijekom pandemije shvatili da se pove\u0107ala koli\u010dina vremena koju ljudi provode na internetu, \u0161to tako\u0111er daje odre\u0111enu te\u017einu &#8211; rekla je Bregu.<\/p>\n\n\n\n<p>Ona je dodala da je to &#8220;odli\u010dna poruka&#8221; za mlade koji olak\u0161ice u roamingu smatraju jednako korisnim kao slobodu kretanja.<\/p>\n\n\n\n<p>Pozdravila je dogovor lidera zapadnog Balkana o zajedni\u010dkom tr\u017ei\u0161tu koje \u0107e, kako je rekla, imati &#8220;zajedni\u010dku politiku u oblasti inovacije, industrijalizacije, \u010dak i pomo\u0107i turizmu i tako dalje&#8221;.<\/p>\n\n\n\n<p>&#8211; O\u010dekujemo da se prve stvari koje \u0107e biti na tom polju predstave na Berlinskom samitu, \u0161to \u0107e se desiti do srpnja, naro\u010dito one koje se ti\u010du slobode kretanja u regiji sa osobnim iskaznicama &#8211; istakla je Bregu.<\/p>\n\n\n\n<p>Ona je dodala da je to na\u010din da se ukine vizni re\u017eim u regiji jer su gra\u0111anima Kosova potrebne vize za putovanja.<\/p>\n\n\n\n<p>Prema njenim rije\u010dima, postoje bilateralni sporazumi izme\u0111u razli\u010ditih ekonomija u regiji, njih \u010detiri koje izme\u0111u sebe mogu putovati s osobnim iskaznicama, kao Albanija i Sjeverna Makedonija, ili Crna Gora, ali postoji i vizni re\u017eim izme\u0111u Kosova i Bosne i Hercegovine.- A vizni re\u017eim nije, da tako ka\u017eem, problemati\u010dan samo za one koji bi \u017eeljeli u posjetu, samo iz turisti\u010dkih razloga. Ponajprije je to veliki problem za mlade i veliki problem za poslovnu zajednicu &#8211; dodala je Bregu.<\/p>\n\n\n\n<p>Izvor:RSE<\/p>\n","protected":false},"excerpt":{"rendered":"<p>Naknada za roaming u zemaljama regije potpuno \u0107e nestati od 1. srpnja, \u0161to \u0107e gra\u0111anima ovih zemalja, ali i poslovnim subjektima zna\u010diti i vi\u0161e novca u prora\u010dunu, ocijenila je generalna tajnica Vije\u0107a za regionalnu suradnju (RCC) Majlinda Bregu. Bregu je za Radio Slobodna Europa rekla da \u0107e gra\u0111ani time imati vi\u0161e novca u d\u017eepu, onog [&hellip;]<\/p>\n","protected":false},"author":2,"featured_media":17871,"comment_status":"closed","ping_status":"closed","sticky":false,"template":"","format":"standard","meta":{"h5ap_radio_sources":[],"footnotes":""},"categories":[1],"tags":[],"class_list":["post-17870","post","type-post","status-publish","format-standard","has-post-thumbnail","hentry","category-bihiregija"],"yoast_head":"<!-- This site is optimized with the Yoast SEO plugin v27.5 - https:\/\/yoast.com\/product\/yoast-seo-wordpress\/ -->\n<title>Bez naknade za roaming od 1. srpnja na zapadnom Balkanu - RADIO LJUBU\u0160KI<\/title>\n<meta name=\"robots\" content=\"index, follow, max-snippet:-1, max-image-preview:large, max-video-preview:-1\" \/>\n<link rel=\"canonical\" href=\"https:\/\/radioljubuski.ba\/index.php\/2021\/05\/02\/bez-naknade-za-roaming-od-1-srpnja-na-zapadnom-balkanu\/\" \/>\n<meta property=\"og:locale\" content=\"hr_HR\" \/>\n<meta property=\"og:type\" content=\"article\" \/>\n<meta property=\"og:title\" content=\"Bez naknade za roaming od 1. srpnja na zapadnom Balkanu - RADIO LJUBU\u0160KI\" \/>\n<meta property=\"og:description\" content=\"Naknada za roaming u zemaljama regije potpuno \u0107e nestati od 1. srpnja, \u0161to \u0107e gra\u0111anima ovih zemalja, ali i poslovnim subjektima zna\u010diti i vi\u0161e novca u prora\u010dunu, ocijenila je generalna tajnica Vije\u0107a za regionalnu suradnju (RCC) Majlinda Bregu. Bregu je za Radio Slobodna Europa rekla da \u0107e gra\u0111ani time imati vi\u0161e novca u d\u017eepu, onog [&hellip;]\" \/>\n<meta property=\"og:url\" content=\"https:\/\/radioljubuski.ba\/index.php\/2021\/05\/02\/bez-naknade-za-roaming-od-1-srpnja-na-zapadnom-balkanu\/\" \/>\n<meta property=\"og:site_name\" content=\"RADIO LJUBU\u0160KI\" \/>\n<meta property=\"article:publisher\" content=\"https:\/\/www.facebook.com\/Radiio-Ljubuski-1490835324566332\" \/>\n<meta property=\"article:published_time\" content=\"2021-05-02T07:15:24+00:00\" \/>\n<meta property=\"article:modified_time\" content=\"2021-05-02T07:15:25+00:00\" \/>\n<meta property=\"og:image\" content=\"https:\/\/radioljubuski.ba\/wp-content\/uploads\/2021\/05\/lEUnbGDw_aplikacije_mobitel.jpg\" \/>\n\t<meta property=\"og:image:width\" content=\"1000\" \/>\n\t<meta property=\"og:image:height\" content=\"625\" \/>\n\t<meta property=\"og:image:type\" content=\"image\/jpeg\" \/>\n<meta name=\"author\" content=\"Radio Ljubu\u0161ki\" \/>\n<meta name=\"twitter:card\" content=\"summary_large_image\" \/>\n<meta name=\"twitter:creator\" content=\"@radioljubuski\" \/>\n<meta name=\"twitter:site\" content=\"@radioljubuski\" \/>\n<meta name=\"twitter:label1\" content=\"Napisao\/la\" \/>\n\t<meta name=\"twitter:data1\" content=\"Radio Ljubu\u0161ki\" \/>\n\t<meta name=\"twitter:label2\" content=\"Procijenjeno vrijeme \u010ditanja\" \/>\n\t<meta name=\"twitter:data2\" content=\"2 minute\" \/>\n<script type=\"application\/ld+json\" class=\"yoast-schema-graph\">{\"@context\":\"https:\\\/\\\/schema.org\",\"@graph\":[{\"@type\":\"Article\",\"@id\":\"https:\\\/\\\/radioljubuski.ba\\\/index.php\\\/2021\\\/05\\\/02\\\/bez-naknade-za-roaming-od-1-srpnja-na-zapadnom-balkanu\\\/#article\",\"isPartOf\":{\"@id\":\"https:\\\/\\\/radioljubuski.ba\\\/index.php\\\/2021\\\/05\\\/02\\\/bez-naknade-za-roaming-od-1-srpnja-na-zapadnom-balkanu\\\/\"},\"author\":{\"name\":\"Radio Ljubu\u0161ki\",\"@id\":\"https:\\\/\\\/radioljubuski.ba\\\/#\\\/schema\\\/person\\\/19fc700381a780f69665d7956c469e3b\"},\"headline\":\"Bez naknade za roaming od 1. srpnja na zapadnom Balkanu\",\"datePublished\":\"2021-05-02T07:15:24+00:00\",\"dateModified\":\"2021-05-02T07:15:25+00:00\",\"mainEntityOfPage\":{\"@id\":\"https:\\\/\\\/radioljubuski.ba\\\/index.php\\\/2021\\\/05\\\/02\\\/bez-naknade-za-roaming-od-1-srpnja-na-zapadnom-balkanu\\\/\"},\"wordCount\":349,\"publisher\":{\"@id\":\"https:\\\/\\\/radioljubuski.ba\\\/#organization\"},\"image\":{\"@id\":\"https:\\\/\\\/radioljubuski.ba\\\/index.php\\\/2021\\\/05\\\/02\\\/bez-naknade-za-roaming-od-1-srpnja-na-zapadnom-balkanu\\\/#primaryimage\"},\"thumbnailUrl\":\"https:\\\/\\\/radioljubuski.ba\\\/wp-content\\\/uploads\\\/2021\\\/05\\\/lEUnbGDw_aplikacije_mobitel.jpg\",\"articleSection\":[\"BIH i regija\"],\"inLanguage\":\"hr\"},{\"@type\":\"WebPage\",\"@id\":\"https:\\\/\\\/radioljubuski.ba\\\/index.php\\\/2021\\\/05\\\/02\\\/bez-naknade-za-roaming-od-1-srpnja-na-zapadnom-balkanu\\\/\",\"url\":\"https:\\\/\\\/radioljubuski.ba\\\/index.php\\\/2021\\\/05\\\/02\\\/bez-naknade-za-roaming-od-1-srpnja-na-zapadnom-balkanu\\\/\",\"name\":\"Bez naknade za roaming od 1. srpnja na zapadnom Balkanu - RADIO LJUBU\u0160KI\",\"isPartOf\":{\"@id\":\"https:\\\/\\\/radioljubuski.ba\\\/#website\"},\"primaryImageOfPage\":{\"@id\":\"https:\\\/\\\/radioljubuski.ba\\\/index.php\\\/2021\\\/05\\\/02\\\/bez-naknade-za-roaming-od-1-srpnja-na-zapadnom-balkanu\\\/#primaryimage\"},\"image\":{\"@id\":\"https:\\\/\\\/radioljubuski.ba\\\/index.php\\\/2021\\\/05\\\/02\\\/bez-naknade-za-roaming-od-1-srpnja-na-zapadnom-balkanu\\\/#primaryimage\"},\"thumbnailUrl\":\"https:\\\/\\\/radioljubuski.ba\\\/wp-content\\\/uploads\\\/2021\\\/05\\\/lEUnbGDw_aplikacije_mobitel.jpg\",\"datePublished\":\"2021-05-02T07:15:24+00:00\",\"dateModified\":\"2021-05-02T07:15:25+00:00\",\"breadcrumb\":{\"@id\":\"https:\\\/\\\/radioljubuski.ba\\\/index.php\\\/2021\\\/05\\\/02\\\/bez-naknade-za-roaming-od-1-srpnja-na-zapadnom-balkanu\\\/#breadcrumb\"},\"inLanguage\":\"hr\",\"potentialAction\":[{\"@type\":\"ReadAction\",\"target\":[\"https:\\\/\\\/radioljubuski.ba\\\/index.php\\\/2021\\\/05\\\/02\\\/bez-naknade-za-roaming-od-1-srpnja-na-zapadnom-balkanu\\\/\"]}]},{\"@type\":\"ImageObject\",\"inLanguage\":\"hr\",\"@id\":\"https:\\\/\\\/radioljubuski.ba\\\/index.php\\\/2021\\\/05\\\/02\\\/bez-naknade-za-roaming-od-1-srpnja-na-zapadnom-balkanu\\\/#primaryimage\",\"url\":\"https:\\\/\\\/radioljubuski.ba\\\/wp-content\\\/uploads\\\/2021\\\/05\\\/lEUnbGDw_aplikacije_mobitel.jpg\",\"contentUrl\":\"https:\\\/\\\/radioljubuski.ba\\\/wp-content\\\/uploads\\\/2021\\\/05\\\/lEUnbGDw_aplikacije_mobitel.jpg\",\"width\":1000,\"height\":625},{\"@type\":\"BreadcrumbList\",\"@id\":\"https:\\\/\\\/radioljubuski.ba\\\/index.php\\\/2021\\\/05\\\/02\\\/bez-naknade-za-roaming-od-1-srpnja-na-zapadnom-balkanu\\\/#breadcrumb\",\"itemListElement\":[{\"@type\":\"ListItem\",\"position\":1,\"name\":\"Po\u010detna stranica\",\"item\":\"https:\\\/\\\/radioljubuski.ba\\\/\"},{\"@type\":\"ListItem\",\"position\":2,\"name\":\"Bez naknade za roaming od 1. srpnja na zapadnom Balkanu\"}]},{\"@type\":\"WebSite\",\"@id\":\"https:\\\/\\\/radioljubuski.ba\\\/#website\",\"url\":\"https:\\\/\\\/radioljubuski.ba\\\/\",\"name\":\"Radio Ljubu\u0161ki\",\"description\":\"Sun\u010dana frekvencija Hercegovine\",\"publisher\":{\"@id\":\"https:\\\/\\\/radioljubuski.ba\\\/#organization\"},\"potentialAction\":[{\"@type\":\"SearchAction\",\"target\":{\"@type\":\"EntryPoint\",\"urlTemplate\":\"https:\\\/\\\/radioljubuski.ba\\\/?s={search_term_string}\"},\"query-input\":{\"@type\":\"PropertyValueSpecification\",\"valueRequired\":true,\"valueName\":\"search_term_string\"}}],\"inLanguage\":\"hr\"},{\"@type\":\"Organization\",\"@id\":\"https:\\\/\\\/radioljubuski.ba\\\/#organization\",\"name\":\"Radio Ljubu\u0161ki\",\"url\":\"https:\\\/\\\/radioljubuski.ba\\\/\",\"logo\":{\"@type\":\"ImageObject\",\"inLanguage\":\"hr\",\"@id\":\"https:\\\/\\\/radioljubuski.ba\\\/#\\\/schema\\\/logo\\\/image\\\/\",\"url\":\"https:\\\/\\\/radioljubuski.ba\\\/wp-content\\\/uploads\\\/2021\\\/02\\\/cropped-Radio_Ljubuski_logo1.jpg\",\"contentUrl\":\"https:\\\/\\\/radioljubuski.ba\\\/wp-content\\\/uploads\\\/2021\\\/02\\\/cropped-Radio_Ljubuski_logo1.jpg\",\"width\":512,\"height\":512,\"caption\":\"Radio Ljubu\u0161ki\"},\"image\":{\"@id\":\"https:\\\/\\\/radioljubuski.ba\\\/#\\\/schema\\\/logo\\\/image\\\/\"},\"sameAs\":[\"https:\\\/\\\/www.facebook.com\\\/Radiio-Ljubuski-1490835324566332\",\"https:\\\/\\\/x.com\\\/radioljubuski\",\"https:\\\/\\\/hr.linkedin.com\\\/company\\\/radio-ljubuski\",\"https:\\\/\\\/www.youtube.com\\\/channel\\\/UCHYaeO_n0Db3tjNGudGpXyw\"]},{\"@type\":\"Person\",\"@id\":\"https:\\\/\\\/radioljubuski.ba\\\/#\\\/schema\\\/person\\\/19fc700381a780f69665d7956c469e3b\",\"name\":\"Radio Ljubu\u0161ki\"}]}<\/script>\n<!-- \/ Yoast SEO plugin. -->","yoast_head_json":{"title":"Bez naknade za roaming od 1. srpnja na zapadnom Balkanu - RADIO LJUBU\u0160KI","robots":{"index":"index","follow":"follow","max-snippet":"max-snippet:-1","max-image-preview":"max-image-preview:large","max-video-preview":"max-video-preview:-1"},"canonical":"https:\/\/radioljubuski.ba\/index.php\/2021\/05\/02\/bez-naknade-za-roaming-od-1-srpnja-na-zapadnom-balkanu\/","og_locale":"hr_HR","og_type":"article","og_title":"Bez naknade za roaming od 1. srpnja na zapadnom Balkanu - RADIO LJUBU\u0160KI","og_description":"Naknada za roaming u zemaljama regije potpuno \u0107e nestati od 1. srpnja, \u0161to \u0107e gra\u0111anima ovih zemalja, ali i poslovnim subjektima zna\u010diti i vi\u0161e novca u prora\u010dunu, ocijenila je generalna tajnica Vije\u0107a za regionalnu suradnju (RCC) Majlinda Bregu. Bregu je za Radio Slobodna Europa rekla da \u0107e gra\u0111ani time imati vi\u0161e novca u d\u017eepu, onog [&hellip;]","og_url":"https:\/\/radioljubuski.ba\/index.php\/2021\/05\/02\/bez-naknade-za-roaming-od-1-srpnja-na-zapadnom-balkanu\/","og_site_name":"RADIO LJUBU\u0160KI","article_publisher":"https:\/\/www.facebook.com\/Radiio-Ljubuski-1490835324566332","article_published_time":"2021-05-02T07:15:24+00:00","article_modified_time":"2021-05-02T07:15:25+00:00","og_image":[{"width":1000,"height":625,"url":"https:\/\/radioljubuski.ba\/wp-content\/uploads\/2021\/05\/lEUnbGDw_aplikacije_mobitel.jpg","type":"image\/jpeg"}],"author":"Radio Ljubu\u0161ki","twitter_card":"summary_large_image","twitter_creator":"@radioljubuski","twitter_site":"@radioljubuski","twitter_misc":{"Napisao\/la":"Radio Ljubu\u0161ki","Procijenjeno vrijeme \u010ditanja":"2 minute"},"schema":{"@context":"https:\/\/schema.org","@graph":[{"@type":"Article","@id":"https:\/\/radioljubuski.ba\/index.php\/2021\/05\/02\/bez-naknade-za-roaming-od-1-srpnja-na-zapadnom-balkanu\/#article","isPartOf":{"@id":"https:\/\/radioljubuski.ba\/index.php\/2021\/05\/02\/bez-naknade-za-roaming-od-1-srpnja-na-zapadnom-balkanu\/"},"author":{"name":"Radio Ljubu\u0161ki","@id":"https:\/\/radioljubuski.ba\/#\/schema\/person\/19fc700381a780f69665d7956c469e3b"},"headline":"Bez naknade za roaming od 1. srpnja na zapadnom Balkanu","datePublished":"2021-05-02T07:15:24+00:00","dateModified":"2021-05-02T07:15:25+00:00","mainEntityOfPage":{"@id":"https:\/\/radioljubuski.ba\/index.php\/2021\/05\/02\/bez-naknade-za-roaming-od-1-srpnja-na-zapadnom-balkanu\/"},"wordCount":349,"publisher":{"@id":"https:\/\/radioljubuski.ba\/#organization"},"image":{"@id":"https:\/\/radioljubuski.ba\/index.php\/2021\/05\/02\/bez-naknade-za-roaming-od-1-srpnja-na-zapadnom-balkanu\/#primaryimage"},"thumbnailUrl":"https:\/\/radioljubuski.ba\/wp-content\/uploads\/2021\/05\/lEUnbGDw_aplikacije_mobitel.jpg","articleSection":["BIH i regija"],"inLanguage":"hr"},{"@type":"WebPage","@id":"https:\/\/radioljubuski.ba\/index.php\/2021\/05\/02\/bez-naknade-za-roaming-od-1-srpnja-na-zapadnom-balkanu\/","url":"https:\/\/radioljubuski.ba\/index.php\/2021\/05\/02\/bez-naknade-za-roaming-od-1-srpnja-na-zapadnom-balkanu\/","name":"Bez naknade za roaming od 1. srpnja na zapadnom Balkanu - RADIO LJUBU\u0160KI","isPartOf":{"@id":"https:\/\/radioljubuski.ba\/#website"},"primaryImageOfPage":{"@id":"https:\/\/radioljubuski.ba\/index.php\/2021\/05\/02\/bez-naknade-za-roaming-od-1-srpnja-na-zapadnom-balkanu\/#primaryimage"},"image":{"@id":"https:\/\/radioljubuski.ba\/index.php\/2021\/05\/02\/bez-naknade-za-roaming-od-1-srpnja-na-zapadnom-balkanu\/#primaryimage"},"thumbnailUrl":"https:\/\/radioljubuski.ba\/wp-content\/uploads\/2021\/05\/lEUnbGDw_aplikacije_mobitel.jpg","datePublished":"2021-05-02T07:15:24+00:00","dateModified":"2021-05-02T07:15:25+00:00","breadcrumb":{"@id":"https:\/\/radioljubuski.ba\/index.php\/2021\/05\/02\/bez-naknade-za-roaming-od-1-srpnja-na-zapadnom-balkanu\/#breadcrumb"},"inLanguage":"hr","potentialAction":[{"@type":"ReadAction","target":["https:\/\/radioljubuski.ba\/index.php\/2021\/05\/02\/bez-naknade-za-roaming-od-1-srpnja-na-zapadnom-balkanu\/"]}]},{"@type":"ImageObject","inLanguage":"hr","@id":"https:\/\/radioljubuski.ba\/index.php\/2021\/05\/02\/bez-naknade-za-roaming-od-1-srpnja-na-zapadnom-balkanu\/#primaryimage","url":"https:\/\/radioljubuski.ba\/wp-content\/uploads\/2021\/05\/lEUnbGDw_aplikacije_mobitel.jpg","contentUrl":"https:\/\/radioljubuski.ba\/wp-content\/uploads\/2021\/05\/lEUnbGDw_aplikacije_mobitel.jpg","width":1000,"height":625},{"@type":"BreadcrumbList","@id":"https:\/\/radioljubuski.ba\/index.php\/2021\/05\/02\/bez-naknade-za-roaming-od-1-srpnja-na-zapadnom-balkanu\/#breadcrumb","itemListElement":[{"@type":"ListItem","position":1,"name":"Po\u010detna stranica","item":"https:\/\/radioljubuski.ba\/"},{"@type":"ListItem","position":2,"name":"Bez naknade za roaming od 1. srpnja na zapadnom Balkanu"}]},{"@type":"WebSite","@id":"https:\/\/radioljubuski.ba\/#website","url":"https:\/\/radioljubuski.ba\/","name":"Radio Ljubu\u0161ki","description":"Sun\u010dana frekvencija Hercegovine","publisher":{"@id":"https:\/\/radioljubuski.ba\/#organization"},"potentialAction":[{"@type":"SearchAction","target":{"@type":"EntryPoint","urlTemplate":"https:\/\/radioljubuski.ba\/?s={search_term_string}"},"query-input":{"@type":"PropertyValueSpecification","valueRequired":true,"valueName":"search_term_string"}}],"inLanguage":"hr"},{"@type":"Organization","@id":"https:\/\/radioljubuski.ba\/#organization","name":"Radio Ljubu\u0161ki","url":"https:\/\/radioljubuski.ba\/","logo":{"@type":"ImageObject","inLanguage":"hr","@id":"https:\/\/radioljubuski.ba\/#\/schema\/logo\/image\/","url":"https:\/\/radioljubuski.ba\/wp-content\/uploads\/2021\/02\/cropped-Radio_Ljubuski_logo1.jpg","contentUrl":"https:\/\/radioljubuski.ba\/wp-content\/uploads\/2021\/02\/cropped-Radio_Ljubuski_logo1.jpg","width":512,"height":512,"caption":"Radio Ljubu\u0161ki"},"image":{"@id":"https:\/\/radioljubuski.ba\/#\/schema\/logo\/image\/"},"sameAs":["https:\/\/www.facebook.com\/Radiio-Ljubuski-1490835324566332","https:\/\/x.com\/radioljubuski","https:\/\/hr.linkedin.com\/company\/radio-ljubuski","https:\/\/www.youtube.com\/channel\/UCHYaeO_n0Db3tjNGudGpXyw"]},{"@type":"Person","@id":"https:\/\/radioljubuski.ba\/#\/schema\/person\/19fc700381a780f69665d7956c469e3b","name":"Radio Ljubu\u0161ki"}]}},"_links":{"self":[{"href":"https:\/\/radioljubuski.ba\/index.php\/wp-json\/wp\/v2\/posts\/17870","targetHints":{"allow":["GET"]}}],"collection":[{"href":"https:\/\/radioljubuski.ba\/index.php\/wp-json\/wp\/v2\/posts"}],"about":[{"href":"https:\/\/radioljubuski.ba\/index.php\/wp-json\/wp\/v2\/types\/post"}],"author":[{"embeddable":true,"href":"https:\/\/radioljubuski.ba\/index.php\/wp-json\/wp\/v2\/users\/2"}],"replies":[{"embeddable":true,"href":"https:\/\/radioljubuski.ba\/index.php\/wp-json\/wp\/v2\/comments?post=17870"}],"version-history":[{"count":1,"href":"https:\/\/radioljubuski.ba\/index.php\/wp-json\/wp\/v2\/posts\/17870\/revisions"}],"predecessor-version":[{"id":17872,"href":"https:\/\/radioljubuski.ba\/index.php\/wp-json\/wp\/v2\/posts\/17870\/revisions\/17872"}],"wp:featuredmedia":[{"embeddable":true,"href":"https:\/\/radioljubuski.ba\/index.php\/wp-json\/wp\/v2\/media\/17871"}],"wp:attachment":[{"href":"https:\/\/radioljubuski.ba\/index.php\/wp-json\/wp\/v2\/media?parent=17870"}],"wp:term":[{"taxonomy":"category","embeddable":true,"href":"https:\/\/radioljubuski.ba\/index.php\/wp-json\/wp\/v2\/categories?post=17870"},{"taxonomy":"post_tag","embeddable":true,"href":"https:\/\/radioljubuski.ba\/index.php\/wp-json\/wp\/v2\/tags?post=17870"}],"curies":[{"name":"wp","href":"https:\/\/api.w.org\/{rel}","templated":true}]}}