{"id":17895,"date":"2021-05-02T08:32:50","date_gmt":"2021-05-02T07:32:50","guid":{"rendered":"https:\/\/radioljubuski.ba\/?p=17895"},"modified":"2021-05-02T08:32:52","modified_gmt":"2021-05-02T07:32:52","slug":"obiljezava-se-30-obljetnica-ubojstva-12-redarstvenika-u-borovu","status":"publish","type":"post","link":"https:\/\/radioljubuski.ba\/index.php\/2021\/05\/02\/obiljezava-se-30-obljetnica-ubojstva-12-redarstvenika-u-borovu\/","title":{"rendered":"Obilje\u017eava se 30. obljetnica ubojstva 12 redarstvenika u Borovu"},"content":{"rendered":"\n<p><strong>Na 30. obljetnicu tragi\u010dne pogibije 12 pripadnika vinkova\u010dke Specijalne policije, koje su ubili i masakrirali pripadnici srpskih paravojnih postrojba 2. svibnja 1991. u Borovu, po\u010dast \u0107e, uz \u010dlanove obitelji i predstavnike udruga policije iz Domovinskog rata, odati i izaslanstva Hrvatskog sabora i Vlade te lokalnih vlasti.&nbsp;<\/strong><\/p>\n\n\n\n<p>Obilje\u017eavanje \u0107e, zbog epidemije covida-19, zapo\u010deti sukcesivnim polaganjem vijenaca i paljenjem svije\u0107a izaslanstava kod Spomen-obilje\u017eja hrvatskim redarstvenicima s po\u010detkom u 9.30 sati.<br><br>Na komemoraciji \u0107e sudjelovat izaslanik predsjednika Hrvatskog sabora<strong>&nbsp;Nikola Ma\u017ear<\/strong>&nbsp;sa izaslanstvom, a u izaslanstvu Vlade bit \u0107e&nbsp;<strong>Tomo Medved,<\/strong>&nbsp;izaslanik predsjednika Vlade RH, potpredsjednik Vlade i ministar hrvatskih branitelja te potpredsjednik Vlade i ministar unutarnjih polova<strong>&nbsp;Davor Bo\u017einovi\u0107<\/strong>&nbsp;i ministar obrane&nbsp;<strong>Mario Bano\u017ei\u0107.<\/strong>&nbsp;<br><br>Pripadnici specijalne jedinice policije ubijeni su 2. svibnja 1991. godine iz zasjede, dok su poku\u0161avali osloboditi dvojicu svojih zarobljenih kolega koje su tijekom redovite ophodnje zarobili pripadnici srpskih paravojnih postrojbi. Ubijeni su i masakrirani redarstvenici<strong>&nbsp;Stipan Bo\u0161njak, Luka Crnkovi\u0107, Josip Culej, Mladen \u010cati\u0107, Janko \u010covi\u0107, Zoran Gra\u0161i\u0107, Antun Grbavac, \u017deljko Hrala, Zdenko Perica, Marinko Petru\u0161i\u0107, Mladen \u0160ari\u0107, Ivica Vu\u010di\u0107<\/strong>, a 21 policajac tada je ranjen.<\/p>\n\n\n\n<p>Izvor:hrt.hr<\/p>\n","protected":false},"excerpt":{"rendered":"<p>Na 30. obljetnicu tragi\u010dne pogibije 12 pripadnika vinkova\u010dke Specijalne policije, koje su ubili i masakrirali pripadnici srpskih paravojnih postrojba 2. svibnja 1991. u Borovu, po\u010dast \u0107e, uz \u010dlanove obitelji i predstavnike udruga policije iz Domovinskog rata, odati i izaslanstva Hrvatskog sabora i Vlade te lokalnih vlasti.&nbsp; Obilje\u017eavanje \u0107e, zbog epidemije covida-19, zapo\u010deti sukcesivnim polaganjem vijenaca [&hellip;]<\/p>\n","protected":false},"author":2,"featured_media":17896,"comment_status":"closed","ping_status":"closed","sticky":false,"template":"","format":"standard","meta":{"h5ap_radio_sources":[],"footnotes":""},"categories":[1],"tags":[],"class_list":["post-17895","post","type-post","status-publish","format-standard","has-post-thumbnail","hentry","category-bihiregija"],"yoast_head":"<!-- This site is optimized with the Yoast SEO plugin v27.5 - https:\/\/yoast.com\/product\/yoast-seo-wordpress\/ -->\n<title>Obilje\u017eava se 30. obljetnica ubojstva 12 redarstvenika u Borovu - RADIO LJUBU\u0160KI<\/title>\n<meta name=\"robots\" content=\"index, follow, max-snippet:-1, max-image-preview:large, max-video-preview:-1\" \/>\n<link rel=\"canonical\" href=\"https:\/\/radioljubuski.ba\/index.php\/2021\/05\/02\/obiljezava-se-30-obljetnica-ubojstva-12-redarstvenika-u-borovu\/\" \/>\n<meta property=\"og:locale\" content=\"hr_HR\" \/>\n<meta property=\"og:type\" content=\"article\" \/>\n<meta property=\"og:title\" content=\"Obilje\u017eava se 30. obljetnica ubojstva 12 redarstvenika u Borovu - RADIO LJUBU\u0160KI\" \/>\n<meta property=\"og:description\" content=\"Na 30. obljetnicu tragi\u010dne pogibije 12 pripadnika vinkova\u010dke Specijalne policije, koje su ubili i masakrirali pripadnici srpskih paravojnih postrojba 2. svibnja 1991. u Borovu, po\u010dast \u0107e, uz \u010dlanove obitelji i predstavnike udruga policije iz Domovinskog rata, odati i izaslanstva Hrvatskog sabora i Vlade te lokalnih vlasti.&nbsp; Obilje\u017eavanje \u0107e, zbog epidemije covida-19, zapo\u010deti sukcesivnim polaganjem vijenaca [&hellip;]\" \/>\n<meta property=\"og:url\" content=\"https:\/\/radioljubuski.ba\/index.php\/2021\/05\/02\/obiljezava-se-30-obljetnica-ubojstva-12-redarstvenika-u-borovu\/\" \/>\n<meta property=\"og:site_name\" content=\"RADIO LJUBU\u0160KI\" \/>\n<meta property=\"article:publisher\" content=\"https:\/\/www.facebook.com\/Radiio-Ljubuski-1490835324566332\" \/>\n<meta property=\"article:published_time\" content=\"2021-05-02T07:32:50+00:00\" \/>\n<meta property=\"article:modified_time\" content=\"2021-05-02T07:32:52+00:00\" \/>\n<meta property=\"og:image\" content=\"https:\/\/radioljubuski.ba\/wp-content\/uploads\/2021\/05\/preuzmi-2.jpg\" \/>\n\t<meta property=\"og:image:width\" content=\"275\" \/>\n\t<meta property=\"og:image:height\" content=\"183\" \/>\n\t<meta property=\"og:image:type\" content=\"image\/jpeg\" \/>\n<meta name=\"author\" content=\"Radio Ljubu\u0161ki\" \/>\n<meta name=\"twitter:card\" content=\"summary_large_image\" \/>\n<meta name=\"twitter:creator\" content=\"@radioljubuski\" \/>\n<meta name=\"twitter:site\" content=\"@radioljubuski\" \/>\n<meta name=\"twitter:label1\" content=\"Napisao\/la\" \/>\n\t<meta name=\"twitter:data1\" content=\"Radio Ljubu\u0161ki\" \/>\n\t<meta name=\"twitter:label2\" content=\"Procijenjeno vrijeme \u010ditanja\" \/>\n\t<meta name=\"twitter:data2\" content=\"1 minuta\" \/>\n<script type=\"application\/ld+json\" class=\"yoast-schema-graph\">{\"@context\":\"https:\\\/\\\/schema.org\",\"@graph\":[{\"@type\":\"Article\",\"@id\":\"https:\\\/\\\/radioljubuski.ba\\\/index.php\\\/2021\\\/05\\\/02\\\/obiljezava-se-30-obljetnica-ubojstva-12-redarstvenika-u-borovu\\\/#article\",\"isPartOf\":{\"@id\":\"https:\\\/\\\/radioljubuski.ba\\\/index.php\\\/2021\\\/05\\\/02\\\/obiljezava-se-30-obljetnica-ubojstva-12-redarstvenika-u-borovu\\\/\"},\"author\":{\"name\":\"Radio Ljubu\u0161ki\",\"@id\":\"https:\\\/\\\/radioljubuski.ba\\\/#\\\/schema\\\/person\\\/19fc700381a780f69665d7956c469e3b\"},\"headline\":\"Obilje\u017eava se 30. obljetnica ubojstva 12 redarstvenika u Borovu\",\"datePublished\":\"2021-05-02T07:32:50+00:00\",\"dateModified\":\"2021-05-02T07:32:52+00:00\",\"mainEntityOfPage\":{\"@id\":\"https:\\\/\\\/radioljubuski.ba\\\/index.php\\\/2021\\\/05\\\/02\\\/obiljezava-se-30-obljetnica-ubojstva-12-redarstvenika-u-borovu\\\/\"},\"wordCount\":206,\"publisher\":{\"@id\":\"https:\\\/\\\/radioljubuski.ba\\\/#organization\"},\"image\":{\"@id\":\"https:\\\/\\\/radioljubuski.ba\\\/index.php\\\/2021\\\/05\\\/02\\\/obiljezava-se-30-obljetnica-ubojstva-12-redarstvenika-u-borovu\\\/#primaryimage\"},\"thumbnailUrl\":\"https:\\\/\\\/radioljubuski.ba\\\/wp-content\\\/uploads\\\/2021\\\/05\\\/preuzmi-2.jpg\",\"articleSection\":[\"BIH i regija\"],\"inLanguage\":\"hr\"},{\"@type\":\"WebPage\",\"@id\":\"https:\\\/\\\/radioljubuski.ba\\\/index.php\\\/2021\\\/05\\\/02\\\/obiljezava-se-30-obljetnica-ubojstva-12-redarstvenika-u-borovu\\\/\",\"url\":\"https:\\\/\\\/radioljubuski.ba\\\/index.php\\\/2021\\\/05\\\/02\\\/obiljezava-se-30-obljetnica-ubojstva-12-redarstvenika-u-borovu\\\/\",\"name\":\"Obilje\u017eava se 30. obljetnica ubojstva 12 redarstvenika u Borovu - RADIO LJUBU\u0160KI\",\"isPartOf\":{\"@id\":\"https:\\\/\\\/radioljubuski.ba\\\/#website\"},\"primaryImageOfPage\":{\"@id\":\"https:\\\/\\\/radioljubuski.ba\\\/index.php\\\/2021\\\/05\\\/02\\\/obiljezava-se-30-obljetnica-ubojstva-12-redarstvenika-u-borovu\\\/#primaryimage\"},\"image\":{\"@id\":\"https:\\\/\\\/radioljubuski.ba\\\/index.php\\\/2021\\\/05\\\/02\\\/obiljezava-se-30-obljetnica-ubojstva-12-redarstvenika-u-borovu\\\/#primaryimage\"},\"thumbnailUrl\":\"https:\\\/\\\/radioljubuski.ba\\\/wp-content\\\/uploads\\\/2021\\\/05\\\/preuzmi-2.jpg\",\"datePublished\":\"2021-05-02T07:32:50+00:00\",\"dateModified\":\"2021-05-02T07:32:52+00:00\",\"breadcrumb\":{\"@id\":\"https:\\\/\\\/radioljubuski.ba\\\/index.php\\\/2021\\\/05\\\/02\\\/obiljezava-se-30-obljetnica-ubojstva-12-redarstvenika-u-borovu\\\/#breadcrumb\"},\"inLanguage\":\"hr\",\"potentialAction\":[{\"@type\":\"ReadAction\",\"target\":[\"https:\\\/\\\/radioljubuski.ba\\\/index.php\\\/2021\\\/05\\\/02\\\/obiljezava-se-30-obljetnica-ubojstva-12-redarstvenika-u-borovu\\\/\"]}]},{\"@type\":\"ImageObject\",\"inLanguage\":\"hr\",\"@id\":\"https:\\\/\\\/radioljubuski.ba\\\/index.php\\\/2021\\\/05\\\/02\\\/obiljezava-se-30-obljetnica-ubojstva-12-redarstvenika-u-borovu\\\/#primaryimage\",\"url\":\"https:\\\/\\\/radioljubuski.ba\\\/wp-content\\\/uploads\\\/2021\\\/05\\\/preuzmi-2.jpg\",\"contentUrl\":\"https:\\\/\\\/radioljubuski.ba\\\/wp-content\\\/uploads\\\/2021\\\/05\\\/preuzmi-2.jpg\",\"width\":275,\"height\":183},{\"@type\":\"BreadcrumbList\",\"@id\":\"https:\\\/\\\/radioljubuski.ba\\\/index.php\\\/2021\\\/05\\\/02\\\/obiljezava-se-30-obljetnica-ubojstva-12-redarstvenika-u-borovu\\\/#breadcrumb\",\"itemListElement\":[{\"@type\":\"ListItem\",\"position\":1,\"name\":\"Po\u010detna stranica\",\"item\":\"https:\\\/\\\/radioljubuski.ba\\\/\"},{\"@type\":\"ListItem\",\"position\":2,\"name\":\"Obilje\u017eava se 30. obljetnica ubojstva 12 redarstvenika u Borovu\"}]},{\"@type\":\"WebSite\",\"@id\":\"https:\\\/\\\/radioljubuski.ba\\\/#website\",\"url\":\"https:\\\/\\\/radioljubuski.ba\\\/\",\"name\":\"Radio Ljubu\u0161ki\",\"description\":\"Sun\u010dana frekvencija Hercegovine\",\"publisher\":{\"@id\":\"https:\\\/\\\/radioljubuski.ba\\\/#organization\"},\"potentialAction\":[{\"@type\":\"SearchAction\",\"target\":{\"@type\":\"EntryPoint\",\"urlTemplate\":\"https:\\\/\\\/radioljubuski.ba\\\/?s={search_term_string}\"},\"query-input\":{\"@type\":\"PropertyValueSpecification\",\"valueRequired\":true,\"valueName\":\"search_term_string\"}}],\"inLanguage\":\"hr\"},{\"@type\":\"Organization\",\"@id\":\"https:\\\/\\\/radioljubuski.ba\\\/#organization\",\"name\":\"Radio Ljubu\u0161ki\",\"url\":\"https:\\\/\\\/radioljubuski.ba\\\/\",\"logo\":{\"@type\":\"ImageObject\",\"inLanguage\":\"hr\",\"@id\":\"https:\\\/\\\/radioljubuski.ba\\\/#\\\/schema\\\/logo\\\/image\\\/\",\"url\":\"https:\\\/\\\/radioljubuski.ba\\\/wp-content\\\/uploads\\\/2021\\\/02\\\/cropped-Radio_Ljubuski_logo1.jpg\",\"contentUrl\":\"https:\\\/\\\/radioljubuski.ba\\\/wp-content\\\/uploads\\\/2021\\\/02\\\/cropped-Radio_Ljubuski_logo1.jpg\",\"width\":512,\"height\":512,\"caption\":\"Radio Ljubu\u0161ki\"},\"image\":{\"@id\":\"https:\\\/\\\/radioljubuski.ba\\\/#\\\/schema\\\/logo\\\/image\\\/\"},\"sameAs\":[\"https:\\\/\\\/www.facebook.com\\\/Radiio-Ljubuski-1490835324566332\",\"https:\\\/\\\/x.com\\\/radioljubuski\",\"https:\\\/\\\/hr.linkedin.com\\\/company\\\/radio-ljubuski\",\"https:\\\/\\\/www.youtube.com\\\/channel\\\/UCHYaeO_n0Db3tjNGudGpXyw\"]},{\"@type\":\"Person\",\"@id\":\"https:\\\/\\\/radioljubuski.ba\\\/#\\\/schema\\\/person\\\/19fc700381a780f69665d7956c469e3b\",\"name\":\"Radio Ljubu\u0161ki\"}]}<\/script>\n<!-- \/ Yoast SEO plugin. -->","yoast_head_json":{"title":"Obilje\u017eava se 30. obljetnica ubojstva 12 redarstvenika u Borovu - RADIO LJUBU\u0160KI","robots":{"index":"index","follow":"follow","max-snippet":"max-snippet:-1","max-image-preview":"max-image-preview:large","max-video-preview":"max-video-preview:-1"},"canonical":"https:\/\/radioljubuski.ba\/index.php\/2021\/05\/02\/obiljezava-se-30-obljetnica-ubojstva-12-redarstvenika-u-borovu\/","og_locale":"hr_HR","og_type":"article","og_title":"Obilje\u017eava se 30. obljetnica ubojstva 12 redarstvenika u Borovu - RADIO LJUBU\u0160KI","og_description":"Na 30. obljetnicu tragi\u010dne pogibije 12 pripadnika vinkova\u010dke Specijalne policije, koje su ubili i masakrirali pripadnici srpskih paravojnih postrojba 2. svibnja 1991. u Borovu, po\u010dast \u0107e, uz \u010dlanove obitelji i predstavnike udruga policije iz Domovinskog rata, odati i izaslanstva Hrvatskog sabora i Vlade te lokalnih vlasti.&nbsp; Obilje\u017eavanje \u0107e, zbog epidemije covida-19, zapo\u010deti sukcesivnim polaganjem vijenaca [&hellip;]","og_url":"https:\/\/radioljubuski.ba\/index.php\/2021\/05\/02\/obiljezava-se-30-obljetnica-ubojstva-12-redarstvenika-u-borovu\/","og_site_name":"RADIO LJUBU\u0160KI","article_publisher":"https:\/\/www.facebook.com\/Radiio-Ljubuski-1490835324566332","article_published_time":"2021-05-02T07:32:50+00:00","article_modified_time":"2021-05-02T07:32:52+00:00","og_image":[{"width":275,"height":183,"url":"https:\/\/radioljubuski.ba\/wp-content\/uploads\/2021\/05\/preuzmi-2.jpg","type":"image\/jpeg"}],"author":"Radio Ljubu\u0161ki","twitter_card":"summary_large_image","twitter_creator":"@radioljubuski","twitter_site":"@radioljubuski","twitter_misc":{"Napisao\/la":"Radio Ljubu\u0161ki","Procijenjeno vrijeme \u010ditanja":"1 minuta"},"schema":{"@context":"https:\/\/schema.org","@graph":[{"@type":"Article","@id":"https:\/\/radioljubuski.ba\/index.php\/2021\/05\/02\/obiljezava-se-30-obljetnica-ubojstva-12-redarstvenika-u-borovu\/#article","isPartOf":{"@id":"https:\/\/radioljubuski.ba\/index.php\/2021\/05\/02\/obiljezava-se-30-obljetnica-ubojstva-12-redarstvenika-u-borovu\/"},"author":{"name":"Radio Ljubu\u0161ki","@id":"https:\/\/radioljubuski.ba\/#\/schema\/person\/19fc700381a780f69665d7956c469e3b"},"headline":"Obilje\u017eava se 30. obljetnica ubojstva 12 redarstvenika u Borovu","datePublished":"2021-05-02T07:32:50+00:00","dateModified":"2021-05-02T07:32:52+00:00","mainEntityOfPage":{"@id":"https:\/\/radioljubuski.ba\/index.php\/2021\/05\/02\/obiljezava-se-30-obljetnica-ubojstva-12-redarstvenika-u-borovu\/"},"wordCount":206,"publisher":{"@id":"https:\/\/radioljubuski.ba\/#organization"},"image":{"@id":"https:\/\/radioljubuski.ba\/index.php\/2021\/05\/02\/obiljezava-se-30-obljetnica-ubojstva-12-redarstvenika-u-borovu\/#primaryimage"},"thumbnailUrl":"https:\/\/radioljubuski.ba\/wp-content\/uploads\/2021\/05\/preuzmi-2.jpg","articleSection":["BIH i regija"],"inLanguage":"hr"},{"@type":"WebPage","@id":"https:\/\/radioljubuski.ba\/index.php\/2021\/05\/02\/obiljezava-se-30-obljetnica-ubojstva-12-redarstvenika-u-borovu\/","url":"https:\/\/radioljubuski.ba\/index.php\/2021\/05\/02\/obiljezava-se-30-obljetnica-ubojstva-12-redarstvenika-u-borovu\/","name":"Obilje\u017eava se 30. obljetnica ubojstva 12 redarstvenika u Borovu - RADIO LJUBU\u0160KI","isPartOf":{"@id":"https:\/\/radioljubuski.ba\/#website"},"primaryImageOfPage":{"@id":"https:\/\/radioljubuski.ba\/index.php\/2021\/05\/02\/obiljezava-se-30-obljetnica-ubojstva-12-redarstvenika-u-borovu\/#primaryimage"},"image":{"@id":"https:\/\/radioljubuski.ba\/index.php\/2021\/05\/02\/obiljezava-se-30-obljetnica-ubojstva-12-redarstvenika-u-borovu\/#primaryimage"},"thumbnailUrl":"https:\/\/radioljubuski.ba\/wp-content\/uploads\/2021\/05\/preuzmi-2.jpg","datePublished":"2021-05-02T07:32:50+00:00","dateModified":"2021-05-02T07:32:52+00:00","breadcrumb":{"@id":"https:\/\/radioljubuski.ba\/index.php\/2021\/05\/02\/obiljezava-se-30-obljetnica-ubojstva-12-redarstvenika-u-borovu\/#breadcrumb"},"inLanguage":"hr","potentialAction":[{"@type":"ReadAction","target":["https:\/\/radioljubuski.ba\/index.php\/2021\/05\/02\/obiljezava-se-30-obljetnica-ubojstva-12-redarstvenika-u-borovu\/"]}]},{"@type":"ImageObject","inLanguage":"hr","@id":"https:\/\/radioljubuski.ba\/index.php\/2021\/05\/02\/obiljezava-se-30-obljetnica-ubojstva-12-redarstvenika-u-borovu\/#primaryimage","url":"https:\/\/radioljubuski.ba\/wp-content\/uploads\/2021\/05\/preuzmi-2.jpg","contentUrl":"https:\/\/radioljubuski.ba\/wp-content\/uploads\/2021\/05\/preuzmi-2.jpg","width":275,"height":183},{"@type":"BreadcrumbList","@id":"https:\/\/radioljubuski.ba\/index.php\/2021\/05\/02\/obiljezava-se-30-obljetnica-ubojstva-12-redarstvenika-u-borovu\/#breadcrumb","itemListElement":[{"@type":"ListItem","position":1,"name":"Po\u010detna stranica","item":"https:\/\/radioljubuski.ba\/"},{"@type":"ListItem","position":2,"name":"Obilje\u017eava se 30. obljetnica ubojstva 12 redarstvenika u Borovu"}]},{"@type":"WebSite","@id":"https:\/\/radioljubuski.ba\/#website","url":"https:\/\/radioljubuski.ba\/","name":"Radio Ljubu\u0161ki","description":"Sun\u010dana frekvencija Hercegovine","publisher":{"@id":"https:\/\/radioljubuski.ba\/#organization"},"potentialAction":[{"@type":"SearchAction","target":{"@type":"EntryPoint","urlTemplate":"https:\/\/radioljubuski.ba\/?s={search_term_string}"},"query-input":{"@type":"PropertyValueSpecification","valueRequired":true,"valueName":"search_term_string"}}],"inLanguage":"hr"},{"@type":"Organization","@id":"https:\/\/radioljubuski.ba\/#organization","name":"Radio Ljubu\u0161ki","url":"https:\/\/radioljubuski.ba\/","logo":{"@type":"ImageObject","inLanguage":"hr","@id":"https:\/\/radioljubuski.ba\/#\/schema\/logo\/image\/","url":"https:\/\/radioljubuski.ba\/wp-content\/uploads\/2021\/02\/cropped-Radio_Ljubuski_logo1.jpg","contentUrl":"https:\/\/radioljubuski.ba\/wp-content\/uploads\/2021\/02\/cropped-Radio_Ljubuski_logo1.jpg","width":512,"height":512,"caption":"Radio Ljubu\u0161ki"},"image":{"@id":"https:\/\/radioljubuski.ba\/#\/schema\/logo\/image\/"},"sameAs":["https:\/\/www.facebook.com\/Radiio-Ljubuski-1490835324566332","https:\/\/x.com\/radioljubuski","https:\/\/hr.linkedin.com\/company\/radio-ljubuski","https:\/\/www.youtube.com\/channel\/UCHYaeO_n0Db3tjNGudGpXyw"]},{"@type":"Person","@id":"https:\/\/radioljubuski.ba\/#\/schema\/person\/19fc700381a780f69665d7956c469e3b","name":"Radio Ljubu\u0161ki"}]}},"_links":{"self":[{"href":"https:\/\/radioljubuski.ba\/index.php\/wp-json\/wp\/v2\/posts\/17895","targetHints":{"allow":["GET"]}}],"collection":[{"href":"https:\/\/radioljubuski.ba\/index.php\/wp-json\/wp\/v2\/posts"}],"about":[{"href":"https:\/\/radioljubuski.ba\/index.php\/wp-json\/wp\/v2\/types\/post"}],"author":[{"embeddable":true,"href":"https:\/\/radioljubuski.ba\/index.php\/wp-json\/wp\/v2\/users\/2"}],"replies":[{"embeddable":true,"href":"https:\/\/radioljubuski.ba\/index.php\/wp-json\/wp\/v2\/comments?post=17895"}],"version-history":[{"count":1,"href":"https:\/\/radioljubuski.ba\/index.php\/wp-json\/wp\/v2\/posts\/17895\/revisions"}],"predecessor-version":[{"id":17897,"href":"https:\/\/radioljubuski.ba\/index.php\/wp-json\/wp\/v2\/posts\/17895\/revisions\/17897"}],"wp:featuredmedia":[{"embeddable":true,"href":"https:\/\/radioljubuski.ba\/index.php\/wp-json\/wp\/v2\/media\/17896"}],"wp:attachment":[{"href":"https:\/\/radioljubuski.ba\/index.php\/wp-json\/wp\/v2\/media?parent=17895"}],"wp:term":[{"taxonomy":"category","embeddable":true,"href":"https:\/\/radioljubuski.ba\/index.php\/wp-json\/wp\/v2\/categories?post=17895"},{"taxonomy":"post_tag","embeddable":true,"href":"https:\/\/radioljubuski.ba\/index.php\/wp-json\/wp\/v2\/tags?post=17895"}],"curies":[{"name":"wp","href":"https:\/\/api.w.org\/{rel}","templated":true}]}}