{"id":17914,"date":"2021-05-02T09:33:19","date_gmt":"2021-05-02T08:33:19","guid":{"rendered":"https:\/\/radioljubuski.ba\/?p=17914"},"modified":"2021-05-02T09:33:20","modified_gmt":"2021-05-02T08:33:20","slug":"preminulo-dvoje-djece-u-osjeckoj-bolnici","status":"publish","type":"post","link":"https:\/\/radioljubuski.ba\/index.php\/2021\/05\/02\/preminulo-dvoje-djece-u-osjeckoj-bolnici\/","title":{"rendered":"Preminulo dvoje djece u osje\u010dkoj bolnici"},"content":{"rendered":"\n<p><strong>U Osje\u010dko-baranjskoj \u017eupaniji je 58 novih pozitivnih na koronavirus, a preminulo je osam osoba. Me\u0111u preminulima je i dvoje prerano ro\u0111ene djece koja su uz druge te\u0161ke komorbiditete imala i COVID-19. \u0160est osoba preminulo je u dobi od 47 do 91 godine.<\/strong><\/p>\n\n\n\n<p>Sa \u0161ireg podru\u010dja Osijeka su 24 novopozitivne osobe, \u0161est ih je iz \u010cepina, \u010detiri iz Darde, a po tri iz Valpova, Belog Manastira i Donjeg Miholjhca. Po dvije novopozitivne osobe bilje\u017eimo na podru\u010dju \u0110akova i Bilja te po jednu iz Na\u0161ica, Beli\u0161\u0107a, Punitovaca, Popovca, Ko\u0161ke, Feri\u010danaca, \u0110ur\u0111enovca, Drenja, Dalja, Erduta i Antunovca.<br><br>Na bolni\u010dkom lije\u010denju nalazi se 140 osoba oboljelih od COVID-19, i to 111 u Klini\u010dkom bolni\u010dkom centru Osijek (od kojih je 32 na respiratoru), a u Op\u0107oj \u017eupanijskoj bolnici Na\u0161ice hospitalizirano je 29 pacijenata s tim oboljenjem.<br><br>Na podru\u010dju Osje\u010dko-baranjske \u017eupanije u samoizolaciji se trenutno nalazi 1765 osoba.<br><br>Policijski slu\u017ebenici provjerili su samoinicijativno pet osoba u samoizolaciji i utvrdili jedno kr\u0161enje na podru\u010dju Erduta. Postupali su i prema jednoj dojavi, no nije utvr\u0111eno kr\u0161enje. Obavili su 100 nadzora ugostiteljskih objekata pri \u010demu nije utvr\u0111eno nijedno kr\u0161enje mjere, navodi se u priop\u0107enju Sto\u017eera civilne za\u0161tite Osje\u010dko-baranjske \u017eupanije.&nbsp;<\/p>\n\n\n\n<p>Izvor:hrt.hr<\/p>\n","protected":false},"excerpt":{"rendered":"<p>U Osje\u010dko-baranjskoj \u017eupaniji je 58 novih pozitivnih na koronavirus, a preminulo je osam osoba. Me\u0111u preminulima je i dvoje prerano ro\u0111ene djece koja su uz druge te\u0161ke komorbiditete imala i COVID-19. \u0160est osoba preminulo je u dobi od 47 do 91 godine. Sa \u0161ireg podru\u010dja Osijeka su 24 novopozitivne osobe, \u0161est ih je iz \u010cepina, [&hellip;]<\/p>\n","protected":false},"author":2,"featured_media":17915,"comment_status":"closed","ping_status":"closed","sticky":false,"template":"","format":"standard","meta":{"h5ap_radio_sources":[],"footnotes":""},"categories":[1],"tags":[],"class_list":["post-17914","post","type-post","status-publish","format-standard","has-post-thumbnail","hentry","category-bihiregija"],"yoast_head":"<!-- This site is optimized with the Yoast SEO plugin v27.5 - https:\/\/yoast.com\/product\/yoast-seo-wordpress\/ -->\n<title>Preminulo dvoje djece u osje\u010dkoj bolnici - RADIO LJUBU\u0160KI<\/title>\n<meta name=\"robots\" content=\"index, follow, max-snippet:-1, max-image-preview:large, max-video-preview:-1\" \/>\n<link rel=\"canonical\" href=\"https:\/\/radioljubuski.ba\/index.php\/2021\/05\/02\/preminulo-dvoje-djece-u-osjeckoj-bolnici\/\" \/>\n<meta property=\"og:locale\" content=\"hr_HR\" \/>\n<meta property=\"og:type\" content=\"article\" \/>\n<meta property=\"og:title\" content=\"Preminulo dvoje djece u osje\u010dkoj bolnici - RADIO LJUBU\u0160KI\" \/>\n<meta property=\"og:description\" content=\"U Osje\u010dko-baranjskoj \u017eupaniji je 58 novih pozitivnih na koronavirus, a preminulo je osam osoba. Me\u0111u preminulima je i dvoje prerano ro\u0111ene djece koja su uz druge te\u0161ke komorbiditete imala i COVID-19. \u0160est osoba preminulo je u dobi od 47 do 91 godine. Sa \u0161ireg podru\u010dja Osijeka su 24 novopozitivne osobe, \u0161est ih je iz \u010cepina, [&hellip;]\" \/>\n<meta property=\"og:url\" content=\"https:\/\/radioljubuski.ba\/index.php\/2021\/05\/02\/preminulo-dvoje-djece-u-osjeckoj-bolnici\/\" \/>\n<meta property=\"og:site_name\" content=\"RADIO LJUBU\u0160KI\" \/>\n<meta property=\"article:publisher\" content=\"https:\/\/www.facebook.com\/Radiio-Ljubuski-1490835324566332\" \/>\n<meta property=\"article:published_time\" content=\"2021-05-02T08:33:19+00:00\" \/>\n<meta property=\"article:modified_time\" content=\"2021-05-02T08:33:20+00:00\" \/>\n<meta property=\"og:image\" content=\"https:\/\/radioljubuski.ba\/wp-content\/uploads\/2021\/05\/k_8337503_640.jpg\" \/>\n\t<meta property=\"og:image:width\" content=\"640\" \/>\n\t<meta property=\"og:image:height\" content=\"640\" \/>\n\t<meta property=\"og:image:type\" content=\"image\/jpeg\" \/>\n<meta name=\"author\" content=\"Radio Ljubu\u0161ki\" \/>\n<meta name=\"twitter:card\" content=\"summary_large_image\" \/>\n<meta name=\"twitter:creator\" content=\"@radioljubuski\" \/>\n<meta name=\"twitter:site\" content=\"@radioljubuski\" \/>\n<meta name=\"twitter:label1\" content=\"Napisao\/la\" \/>\n\t<meta name=\"twitter:data1\" content=\"Radio Ljubu\u0161ki\" \/>\n\t<meta name=\"twitter:label2\" content=\"Procijenjeno vrijeme \u010ditanja\" \/>\n\t<meta name=\"twitter:data2\" content=\"1 minuta\" \/>\n<script type=\"application\/ld+json\" class=\"yoast-schema-graph\">{\"@context\":\"https:\\\/\\\/schema.org\",\"@graph\":[{\"@type\":\"Article\",\"@id\":\"https:\\\/\\\/radioljubuski.ba\\\/index.php\\\/2021\\\/05\\\/02\\\/preminulo-dvoje-djece-u-osjeckoj-bolnici\\\/#article\",\"isPartOf\":{\"@id\":\"https:\\\/\\\/radioljubuski.ba\\\/index.php\\\/2021\\\/05\\\/02\\\/preminulo-dvoje-djece-u-osjeckoj-bolnici\\\/\"},\"author\":{\"name\":\"Radio Ljubu\u0161ki\",\"@id\":\"https:\\\/\\\/radioljubuski.ba\\\/#\\\/schema\\\/person\\\/19fc700381a780f69665d7956c469e3b\"},\"headline\":\"Preminulo dvoje djece u osje\u010dkoj bolnici\",\"datePublished\":\"2021-05-02T08:33:19+00:00\",\"dateModified\":\"2021-05-02T08:33:20+00:00\",\"mainEntityOfPage\":{\"@id\":\"https:\\\/\\\/radioljubuski.ba\\\/index.php\\\/2021\\\/05\\\/02\\\/preminulo-dvoje-djece-u-osjeckoj-bolnici\\\/\"},\"wordCount\":222,\"publisher\":{\"@id\":\"https:\\\/\\\/radioljubuski.ba\\\/#organization\"},\"image\":{\"@id\":\"https:\\\/\\\/radioljubuski.ba\\\/index.php\\\/2021\\\/05\\\/02\\\/preminulo-dvoje-djece-u-osjeckoj-bolnici\\\/#primaryimage\"},\"thumbnailUrl\":\"https:\\\/\\\/radioljubuski.ba\\\/wp-content\\\/uploads\\\/2021\\\/05\\\/k_8337503_640.jpg\",\"articleSection\":[\"BIH i regija\"],\"inLanguage\":\"hr\"},{\"@type\":\"WebPage\",\"@id\":\"https:\\\/\\\/radioljubuski.ba\\\/index.php\\\/2021\\\/05\\\/02\\\/preminulo-dvoje-djece-u-osjeckoj-bolnici\\\/\",\"url\":\"https:\\\/\\\/radioljubuski.ba\\\/index.php\\\/2021\\\/05\\\/02\\\/preminulo-dvoje-djece-u-osjeckoj-bolnici\\\/\",\"name\":\"Preminulo dvoje djece u osje\u010dkoj bolnici - RADIO LJUBU\u0160KI\",\"isPartOf\":{\"@id\":\"https:\\\/\\\/radioljubuski.ba\\\/#website\"},\"primaryImageOfPage\":{\"@id\":\"https:\\\/\\\/radioljubuski.ba\\\/index.php\\\/2021\\\/05\\\/02\\\/preminulo-dvoje-djece-u-osjeckoj-bolnici\\\/#primaryimage\"},\"image\":{\"@id\":\"https:\\\/\\\/radioljubuski.ba\\\/index.php\\\/2021\\\/05\\\/02\\\/preminulo-dvoje-djece-u-osjeckoj-bolnici\\\/#primaryimage\"},\"thumbnailUrl\":\"https:\\\/\\\/radioljubuski.ba\\\/wp-content\\\/uploads\\\/2021\\\/05\\\/k_8337503_640.jpg\",\"datePublished\":\"2021-05-02T08:33:19+00:00\",\"dateModified\":\"2021-05-02T08:33:20+00:00\",\"breadcrumb\":{\"@id\":\"https:\\\/\\\/radioljubuski.ba\\\/index.php\\\/2021\\\/05\\\/02\\\/preminulo-dvoje-djece-u-osjeckoj-bolnici\\\/#breadcrumb\"},\"inLanguage\":\"hr\",\"potentialAction\":[{\"@type\":\"ReadAction\",\"target\":[\"https:\\\/\\\/radioljubuski.ba\\\/index.php\\\/2021\\\/05\\\/02\\\/preminulo-dvoje-djece-u-osjeckoj-bolnici\\\/\"]}]},{\"@type\":\"ImageObject\",\"inLanguage\":\"hr\",\"@id\":\"https:\\\/\\\/radioljubuski.ba\\\/index.php\\\/2021\\\/05\\\/02\\\/preminulo-dvoje-djece-u-osjeckoj-bolnici\\\/#primaryimage\",\"url\":\"https:\\\/\\\/radioljubuski.ba\\\/wp-content\\\/uploads\\\/2021\\\/05\\\/k_8337503_640.jpg\",\"contentUrl\":\"https:\\\/\\\/radioljubuski.ba\\\/wp-content\\\/uploads\\\/2021\\\/05\\\/k_8337503_640.jpg\",\"width\":640,\"height\":640},{\"@type\":\"BreadcrumbList\",\"@id\":\"https:\\\/\\\/radioljubuski.ba\\\/index.php\\\/2021\\\/05\\\/02\\\/preminulo-dvoje-djece-u-osjeckoj-bolnici\\\/#breadcrumb\",\"itemListElement\":[{\"@type\":\"ListItem\",\"position\":1,\"name\":\"Po\u010detna stranica\",\"item\":\"https:\\\/\\\/radioljubuski.ba\\\/\"},{\"@type\":\"ListItem\",\"position\":2,\"name\":\"Preminulo dvoje djece u osje\u010dkoj bolnici\"}]},{\"@type\":\"WebSite\",\"@id\":\"https:\\\/\\\/radioljubuski.ba\\\/#website\",\"url\":\"https:\\\/\\\/radioljubuski.ba\\\/\",\"name\":\"Radio Ljubu\u0161ki\",\"description\":\"Sun\u010dana frekvencija Hercegovine\",\"publisher\":{\"@id\":\"https:\\\/\\\/radioljubuski.ba\\\/#organization\"},\"potentialAction\":[{\"@type\":\"SearchAction\",\"target\":{\"@type\":\"EntryPoint\",\"urlTemplate\":\"https:\\\/\\\/radioljubuski.ba\\\/?s={search_term_string}\"},\"query-input\":{\"@type\":\"PropertyValueSpecification\",\"valueRequired\":true,\"valueName\":\"search_term_string\"}}],\"inLanguage\":\"hr\"},{\"@type\":\"Organization\",\"@id\":\"https:\\\/\\\/radioljubuski.ba\\\/#organization\",\"name\":\"Radio Ljubu\u0161ki\",\"url\":\"https:\\\/\\\/radioljubuski.ba\\\/\",\"logo\":{\"@type\":\"ImageObject\",\"inLanguage\":\"hr\",\"@id\":\"https:\\\/\\\/radioljubuski.ba\\\/#\\\/schema\\\/logo\\\/image\\\/\",\"url\":\"https:\\\/\\\/radioljubuski.ba\\\/wp-content\\\/uploads\\\/2021\\\/02\\\/cropped-Radio_Ljubuski_logo1.jpg\",\"contentUrl\":\"https:\\\/\\\/radioljubuski.ba\\\/wp-content\\\/uploads\\\/2021\\\/02\\\/cropped-Radio_Ljubuski_logo1.jpg\",\"width\":512,\"height\":512,\"caption\":\"Radio Ljubu\u0161ki\"},\"image\":{\"@id\":\"https:\\\/\\\/radioljubuski.ba\\\/#\\\/schema\\\/logo\\\/image\\\/\"},\"sameAs\":[\"https:\\\/\\\/www.facebook.com\\\/Radiio-Ljubuski-1490835324566332\",\"https:\\\/\\\/x.com\\\/radioljubuski\",\"https:\\\/\\\/hr.linkedin.com\\\/company\\\/radio-ljubuski\",\"https:\\\/\\\/www.youtube.com\\\/channel\\\/UCHYaeO_n0Db3tjNGudGpXyw\"]},{\"@type\":\"Person\",\"@id\":\"https:\\\/\\\/radioljubuski.ba\\\/#\\\/schema\\\/person\\\/19fc700381a780f69665d7956c469e3b\",\"name\":\"Radio Ljubu\u0161ki\"}]}<\/script>\n<!-- \/ Yoast SEO plugin. -->","yoast_head_json":{"title":"Preminulo dvoje djece u osje\u010dkoj bolnici - RADIO LJUBU\u0160KI","robots":{"index":"index","follow":"follow","max-snippet":"max-snippet:-1","max-image-preview":"max-image-preview:large","max-video-preview":"max-video-preview:-1"},"canonical":"https:\/\/radioljubuski.ba\/index.php\/2021\/05\/02\/preminulo-dvoje-djece-u-osjeckoj-bolnici\/","og_locale":"hr_HR","og_type":"article","og_title":"Preminulo dvoje djece u osje\u010dkoj bolnici - RADIO LJUBU\u0160KI","og_description":"U Osje\u010dko-baranjskoj \u017eupaniji je 58 novih pozitivnih na koronavirus, a preminulo je osam osoba. Me\u0111u preminulima je i dvoje prerano ro\u0111ene djece koja su uz druge te\u0161ke komorbiditete imala i COVID-19. \u0160est osoba preminulo je u dobi od 47 do 91 godine. Sa \u0161ireg podru\u010dja Osijeka su 24 novopozitivne osobe, \u0161est ih je iz \u010cepina, [&hellip;]","og_url":"https:\/\/radioljubuski.ba\/index.php\/2021\/05\/02\/preminulo-dvoje-djece-u-osjeckoj-bolnici\/","og_site_name":"RADIO LJUBU\u0160KI","article_publisher":"https:\/\/www.facebook.com\/Radiio-Ljubuski-1490835324566332","article_published_time":"2021-05-02T08:33:19+00:00","article_modified_time":"2021-05-02T08:33:20+00:00","og_image":[{"width":640,"height":640,"url":"https:\/\/radioljubuski.ba\/wp-content\/uploads\/2021\/05\/k_8337503_640.jpg","type":"image\/jpeg"}],"author":"Radio Ljubu\u0161ki","twitter_card":"summary_large_image","twitter_creator":"@radioljubuski","twitter_site":"@radioljubuski","twitter_misc":{"Napisao\/la":"Radio Ljubu\u0161ki","Procijenjeno vrijeme \u010ditanja":"1 minuta"},"schema":{"@context":"https:\/\/schema.org","@graph":[{"@type":"Article","@id":"https:\/\/radioljubuski.ba\/index.php\/2021\/05\/02\/preminulo-dvoje-djece-u-osjeckoj-bolnici\/#article","isPartOf":{"@id":"https:\/\/radioljubuski.ba\/index.php\/2021\/05\/02\/preminulo-dvoje-djece-u-osjeckoj-bolnici\/"},"author":{"name":"Radio Ljubu\u0161ki","@id":"https:\/\/radioljubuski.ba\/#\/schema\/person\/19fc700381a780f69665d7956c469e3b"},"headline":"Preminulo dvoje djece u osje\u010dkoj bolnici","datePublished":"2021-05-02T08:33:19+00:00","dateModified":"2021-05-02T08:33:20+00:00","mainEntityOfPage":{"@id":"https:\/\/radioljubuski.ba\/index.php\/2021\/05\/02\/preminulo-dvoje-djece-u-osjeckoj-bolnici\/"},"wordCount":222,"publisher":{"@id":"https:\/\/radioljubuski.ba\/#organization"},"image":{"@id":"https:\/\/radioljubuski.ba\/index.php\/2021\/05\/02\/preminulo-dvoje-djece-u-osjeckoj-bolnici\/#primaryimage"},"thumbnailUrl":"https:\/\/radioljubuski.ba\/wp-content\/uploads\/2021\/05\/k_8337503_640.jpg","articleSection":["BIH i regija"],"inLanguage":"hr"},{"@type":"WebPage","@id":"https:\/\/radioljubuski.ba\/index.php\/2021\/05\/02\/preminulo-dvoje-djece-u-osjeckoj-bolnici\/","url":"https:\/\/radioljubuski.ba\/index.php\/2021\/05\/02\/preminulo-dvoje-djece-u-osjeckoj-bolnici\/","name":"Preminulo dvoje djece u osje\u010dkoj bolnici - RADIO LJUBU\u0160KI","isPartOf":{"@id":"https:\/\/radioljubuski.ba\/#website"},"primaryImageOfPage":{"@id":"https:\/\/radioljubuski.ba\/index.php\/2021\/05\/02\/preminulo-dvoje-djece-u-osjeckoj-bolnici\/#primaryimage"},"image":{"@id":"https:\/\/radioljubuski.ba\/index.php\/2021\/05\/02\/preminulo-dvoje-djece-u-osjeckoj-bolnici\/#primaryimage"},"thumbnailUrl":"https:\/\/radioljubuski.ba\/wp-content\/uploads\/2021\/05\/k_8337503_640.jpg","datePublished":"2021-05-02T08:33:19+00:00","dateModified":"2021-05-02T08:33:20+00:00","breadcrumb":{"@id":"https:\/\/radioljubuski.ba\/index.php\/2021\/05\/02\/preminulo-dvoje-djece-u-osjeckoj-bolnici\/#breadcrumb"},"inLanguage":"hr","potentialAction":[{"@type":"ReadAction","target":["https:\/\/radioljubuski.ba\/index.php\/2021\/05\/02\/preminulo-dvoje-djece-u-osjeckoj-bolnici\/"]}]},{"@type":"ImageObject","inLanguage":"hr","@id":"https:\/\/radioljubuski.ba\/index.php\/2021\/05\/02\/preminulo-dvoje-djece-u-osjeckoj-bolnici\/#primaryimage","url":"https:\/\/radioljubuski.ba\/wp-content\/uploads\/2021\/05\/k_8337503_640.jpg","contentUrl":"https:\/\/radioljubuski.ba\/wp-content\/uploads\/2021\/05\/k_8337503_640.jpg","width":640,"height":640},{"@type":"BreadcrumbList","@id":"https:\/\/radioljubuski.ba\/index.php\/2021\/05\/02\/preminulo-dvoje-djece-u-osjeckoj-bolnici\/#breadcrumb","itemListElement":[{"@type":"ListItem","position":1,"name":"Po\u010detna stranica","item":"https:\/\/radioljubuski.ba\/"},{"@type":"ListItem","position":2,"name":"Preminulo dvoje djece u osje\u010dkoj bolnici"}]},{"@type":"WebSite","@id":"https:\/\/radioljubuski.ba\/#website","url":"https:\/\/radioljubuski.ba\/","name":"Radio Ljubu\u0161ki","description":"Sun\u010dana frekvencija Hercegovine","publisher":{"@id":"https:\/\/radioljubuski.ba\/#organization"},"potentialAction":[{"@type":"SearchAction","target":{"@type":"EntryPoint","urlTemplate":"https:\/\/radioljubuski.ba\/?s={search_term_string}"},"query-input":{"@type":"PropertyValueSpecification","valueRequired":true,"valueName":"search_term_string"}}],"inLanguage":"hr"},{"@type":"Organization","@id":"https:\/\/radioljubuski.ba\/#organization","name":"Radio Ljubu\u0161ki","url":"https:\/\/radioljubuski.ba\/","logo":{"@type":"ImageObject","inLanguage":"hr","@id":"https:\/\/radioljubuski.ba\/#\/schema\/logo\/image\/","url":"https:\/\/radioljubuski.ba\/wp-content\/uploads\/2021\/02\/cropped-Radio_Ljubuski_logo1.jpg","contentUrl":"https:\/\/radioljubuski.ba\/wp-content\/uploads\/2021\/02\/cropped-Radio_Ljubuski_logo1.jpg","width":512,"height":512,"caption":"Radio Ljubu\u0161ki"},"image":{"@id":"https:\/\/radioljubuski.ba\/#\/schema\/logo\/image\/"},"sameAs":["https:\/\/www.facebook.com\/Radiio-Ljubuski-1490835324566332","https:\/\/x.com\/radioljubuski","https:\/\/hr.linkedin.com\/company\/radio-ljubuski","https:\/\/www.youtube.com\/channel\/UCHYaeO_n0Db3tjNGudGpXyw"]},{"@type":"Person","@id":"https:\/\/radioljubuski.ba\/#\/schema\/person\/19fc700381a780f69665d7956c469e3b","name":"Radio Ljubu\u0161ki"}]}},"_links":{"self":[{"href":"https:\/\/radioljubuski.ba\/index.php\/wp-json\/wp\/v2\/posts\/17914","targetHints":{"allow":["GET"]}}],"collection":[{"href":"https:\/\/radioljubuski.ba\/index.php\/wp-json\/wp\/v2\/posts"}],"about":[{"href":"https:\/\/radioljubuski.ba\/index.php\/wp-json\/wp\/v2\/types\/post"}],"author":[{"embeddable":true,"href":"https:\/\/radioljubuski.ba\/index.php\/wp-json\/wp\/v2\/users\/2"}],"replies":[{"embeddable":true,"href":"https:\/\/radioljubuski.ba\/index.php\/wp-json\/wp\/v2\/comments?post=17914"}],"version-history":[{"count":1,"href":"https:\/\/radioljubuski.ba\/index.php\/wp-json\/wp\/v2\/posts\/17914\/revisions"}],"predecessor-version":[{"id":17916,"href":"https:\/\/radioljubuski.ba\/index.php\/wp-json\/wp\/v2\/posts\/17914\/revisions\/17916"}],"wp:featuredmedia":[{"embeddable":true,"href":"https:\/\/radioljubuski.ba\/index.php\/wp-json\/wp\/v2\/media\/17915"}],"wp:attachment":[{"href":"https:\/\/radioljubuski.ba\/index.php\/wp-json\/wp\/v2\/media?parent=17914"}],"wp:term":[{"taxonomy":"category","embeddable":true,"href":"https:\/\/radioljubuski.ba\/index.php\/wp-json\/wp\/v2\/categories?post=17914"},{"taxonomy":"post_tag","embeddable":true,"href":"https:\/\/radioljubuski.ba\/index.php\/wp-json\/wp\/v2\/tags?post=17914"}],"curies":[{"name":"wp","href":"https:\/\/api.w.org\/{rel}","templated":true}]}}