{"id":18018,"date":"2021-05-02T20:45:42","date_gmt":"2021-05-02T19:45:42","guid":{"rendered":"https:\/\/radioljubuski.ba\/?p=18018"},"modified":"2021-05-02T20:45:43","modified_gmt":"2021-05-02T19:45:43","slug":"astronauti-se-sretno-vratili-na-zemlju","status":"publish","type":"post","link":"https:\/\/radioljubuski.ba\/index.php\/2021\/05\/02\/astronauti-se-sretno-vratili-na-zemlju\/","title":{"rendered":"Astronauti se sretno vratili na Zemlju"},"content":{"rendered":"\n<p>Svemirska tvrtka Elona Muska SpaceX uspje\u0161no je vratila \u010detvoricu astronauta s Me\u0111unarodne svemirske postaje. Bio je to drugi svemirski let s posadom SpaceX-a i ujedno prvo no\u0107no slijetanje jo\u0161 od misije Apollo 8 na Mjesec 1968. Trenutak odvajanja kapsule SpaceX-a odvojila od Me\u0111unarodne svemirske postaje ozna\u010dio je po\u010detak samo \u0161est i pol sati dugog povratka ku\u0107i. Zbog jakih vjetrova proteklih dana propu\u0161teno je nekoliko planiranih slijetanja po danu.<\/p>\n\n\n\n<p>Ciljano je stoga izabrana meteorolo\u0161ki mirna no\u0107, za \u0161to se \u010detvero\u010dlana posada ionako uvje\u017ebavala. Trojica Amerikanaca i jedan Japanac vratili su se na Zemlju u istoj kapsuli u kojoj su lansirani iz NASA-ina svemirskog centra Kennedy u studenome. Padobranom je spu\u0161tena u Meksi\u010dki zaljev, uz floridsku obalu, malo prije 3 ujutro. Sve je teklo prema planu, prenosi HRT. &nbsp;<\/p>\n\n\n\n<p>&#8211; Timovi SpaceX-a i NASA-e vratili su svemirske letove s ljudskom posadom pod okrilje SAD-a. To je vrhunsko postignu\u0107e, za mnoge od nas \u017eivotna prilika i na to smo iznimno ponosni, rekao je Hans Koenigsmann, vi\u0161i savjetnik za pouzdanost leta SpaceXa. Komplimenti plju\u0161te na sve strane, govori se o po\u010detku nove ere \u010dovjekovih putovanja u svemir. Bila je ovo prva od \u0161est misija s posadom koje NASA-in program za komercijalne letove javno-privatnim partnerstvom planira ostvariti sa svemirskom tvrtkom Elona Muska.<\/p>\n\n\n\n<p>&#8211; Od trenutka kad je napustio Me\u0111unarodnu svemirsku postaju, svemirski brod letio je bez gre\u0161ke, kapa dolje timu SpaceX-a na izgradnji odli\u010dne letjelice. Sjajan su posao odradile i slu\u017ebe za njezin prihvat na Zemlji, prvi su put to u\u010dinile no\u0107u, ka\u017ee Steve Stich, NASA-in voditelj programa za komercijalne letove. Kapsula prikladnog imena Zmaj sada ide na popravak u svemirski centar u Cape Canaveralu, kako bi bila spremna za prvi privatni let Muskove tvrtke u svemir u rujnu. Tijekom 167 dana u svemirskom prostranstvu, \u010detvorica astronauta obavila su u njoj stotine znanstvenih istra\u017eivanja.<\/p>\n\n\n\n<p>Me\u0111u ostalim, prou\u010davali su u\u010dinak beste\u017einskog stanja na mozak, a snimili su i milijun fotografija iz svemira &#8211; onih cvjetanja algi, pucanja antarkti\u010dkog leda i svjetlosnog one\u010di\u0161\u0107enja. Odmah nakon povratka na Zemlju nastavili su prema Houstonu, gdje su ih \u010dekale obitelji.<\/p>\n\n\n\n<p>&#8211; Rijetko se kada probudite na Me\u0111unarodnoj svemirskoj postaji, a onda odete na po\u010dinak u Houstonu. Nebeska mehanika i vremenski uvjeti nisu uvijek uskla\u0111eni, ali ovoga se puta sve poslo\u017eilo. To je zapravo izvanredno, poru\u010dila je Holly Ridings, direktorica odjela za letove Svemirskog centra Johnson. Nakon povratka SpaceX-ove kapsule s \u010detvero\u010dlanom posadom, na Me\u0111unarodnoj svemirskoj postaji ostalo je sedam astronauta.<\/p>\n\n\n\n<p>Izvor:hrt.hr<\/p>\n","protected":false},"excerpt":{"rendered":"<p>Svemirska tvrtka Elona Muska SpaceX uspje\u0161no je vratila \u010detvoricu astronauta s Me\u0111unarodne svemirske postaje. Bio je to drugi svemirski let s posadom SpaceX-a i ujedno prvo no\u0107no slijetanje jo\u0161 od misije Apollo 8 na Mjesec 1968. Trenutak odvajanja kapsule SpaceX-a odvojila od Me\u0111unarodne svemirske postaje ozna\u010dio je po\u010detak samo \u0161est i pol sati dugog povratka [&hellip;]<\/p>\n","protected":false},"author":2,"featured_media":18019,"comment_status":"closed","ping_status":"closed","sticky":false,"template":"","format":"standard","meta":{"h5ap_radio_sources":[],"footnotes":""},"categories":[1],"tags":[],"class_list":["post-18018","post","type-post","status-publish","format-standard","has-post-thumbnail","hentry","category-bihiregija"],"yoast_head":"<!-- This site is optimized with the Yoast SEO plugin v27.5 - https:\/\/yoast.com\/product\/yoast-seo-wordpress\/ -->\n<title>Astronauti se sretno vratili na Zemlju - RADIO LJUBU\u0160KI<\/title>\n<meta name=\"robots\" content=\"index, follow, max-snippet:-1, max-image-preview:large, max-video-preview:-1\" \/>\n<link rel=\"canonical\" href=\"https:\/\/radioljubuski.ba\/index.php\/2021\/05\/02\/astronauti-se-sretno-vratili-na-zemlju\/\" \/>\n<meta property=\"og:locale\" content=\"hr_HR\" \/>\n<meta property=\"og:type\" content=\"article\" \/>\n<meta property=\"og:title\" content=\"Astronauti se sretno vratili na Zemlju - RADIO LJUBU\u0160KI\" \/>\n<meta property=\"og:description\" content=\"Svemirska tvrtka Elona Muska SpaceX uspje\u0161no je vratila \u010detvoricu astronauta s Me\u0111unarodne svemirske postaje. Bio je to drugi svemirski let s posadom SpaceX-a i ujedno prvo no\u0107no slijetanje jo\u0161 od misije Apollo 8 na Mjesec 1968. Trenutak odvajanja kapsule SpaceX-a odvojila od Me\u0111unarodne svemirske postaje ozna\u010dio je po\u010detak samo \u0161est i pol sati dugog povratka [&hellip;]\" \/>\n<meta property=\"og:url\" content=\"https:\/\/radioljubuski.ba\/index.php\/2021\/05\/02\/astronauti-se-sretno-vratili-na-zemlju\/\" \/>\n<meta property=\"og:site_name\" content=\"RADIO LJUBU\u0160KI\" \/>\n<meta property=\"article:publisher\" content=\"https:\/\/www.facebook.com\/Radiio-Ljubuski-1490835324566332\" \/>\n<meta property=\"article:published_time\" content=\"2021-05-02T19:45:42+00:00\" \/>\n<meta property=\"article:modified_time\" content=\"2021-05-02T19:45:43+00:00\" \/>\n<meta property=\"og:image\" content=\"https:\/\/radioljubuski.ba\/wp-content\/uploads\/2021\/05\/FVK7fb2e_space_x.jpg\" \/>\n\t<meta property=\"og:image:width\" content=\"1000\" \/>\n\t<meta property=\"og:image:height\" content=\"625\" \/>\n\t<meta property=\"og:image:type\" content=\"image\/jpeg\" \/>\n<meta name=\"author\" content=\"Radio Ljubu\u0161ki\" \/>\n<meta name=\"twitter:card\" content=\"summary_large_image\" \/>\n<meta name=\"twitter:creator\" content=\"@radioljubuski\" \/>\n<meta name=\"twitter:site\" content=\"@radioljubuski\" \/>\n<meta name=\"twitter:label1\" content=\"Napisao\/la\" \/>\n\t<meta name=\"twitter:data1\" content=\"Radio Ljubu\u0161ki\" \/>\n\t<meta name=\"twitter:label2\" content=\"Procijenjeno vrijeme \u010ditanja\" \/>\n\t<meta name=\"twitter:data2\" content=\"2 minute\" \/>\n<script type=\"application\/ld+json\" class=\"yoast-schema-graph\">{\"@context\":\"https:\\\/\\\/schema.org\",\"@graph\":[{\"@type\":\"Article\",\"@id\":\"https:\\\/\\\/radioljubuski.ba\\\/index.php\\\/2021\\\/05\\\/02\\\/astronauti-se-sretno-vratili-na-zemlju\\\/#article\",\"isPartOf\":{\"@id\":\"https:\\\/\\\/radioljubuski.ba\\\/index.php\\\/2021\\\/05\\\/02\\\/astronauti-se-sretno-vratili-na-zemlju\\\/\"},\"author\":{\"name\":\"Radio Ljubu\u0161ki\",\"@id\":\"https:\\\/\\\/radioljubuski.ba\\\/#\\\/schema\\\/person\\\/19fc700381a780f69665d7956c469e3b\"},\"headline\":\"Astronauti se sretno vratili na Zemlju\",\"datePublished\":\"2021-05-02T19:45:42+00:00\",\"dateModified\":\"2021-05-02T19:45:43+00:00\",\"mainEntityOfPage\":{\"@id\":\"https:\\\/\\\/radioljubuski.ba\\\/index.php\\\/2021\\\/05\\\/02\\\/astronauti-se-sretno-vratili-na-zemlju\\\/\"},\"wordCount\":444,\"publisher\":{\"@id\":\"https:\\\/\\\/radioljubuski.ba\\\/#organization\"},\"image\":{\"@id\":\"https:\\\/\\\/radioljubuski.ba\\\/index.php\\\/2021\\\/05\\\/02\\\/astronauti-se-sretno-vratili-na-zemlju\\\/#primaryimage\"},\"thumbnailUrl\":\"https:\\\/\\\/radioljubuski.ba\\\/wp-content\\\/uploads\\\/2021\\\/05\\\/FVK7fb2e_space_x.jpg\",\"articleSection\":[\"BIH i regija\"],\"inLanguage\":\"hr\"},{\"@type\":\"WebPage\",\"@id\":\"https:\\\/\\\/radioljubuski.ba\\\/index.php\\\/2021\\\/05\\\/02\\\/astronauti-se-sretno-vratili-na-zemlju\\\/\",\"url\":\"https:\\\/\\\/radioljubuski.ba\\\/index.php\\\/2021\\\/05\\\/02\\\/astronauti-se-sretno-vratili-na-zemlju\\\/\",\"name\":\"Astronauti se sretno vratili na Zemlju - RADIO LJUBU\u0160KI\",\"isPartOf\":{\"@id\":\"https:\\\/\\\/radioljubuski.ba\\\/#website\"},\"primaryImageOfPage\":{\"@id\":\"https:\\\/\\\/radioljubuski.ba\\\/index.php\\\/2021\\\/05\\\/02\\\/astronauti-se-sretno-vratili-na-zemlju\\\/#primaryimage\"},\"image\":{\"@id\":\"https:\\\/\\\/radioljubuski.ba\\\/index.php\\\/2021\\\/05\\\/02\\\/astronauti-se-sretno-vratili-na-zemlju\\\/#primaryimage\"},\"thumbnailUrl\":\"https:\\\/\\\/radioljubuski.ba\\\/wp-content\\\/uploads\\\/2021\\\/05\\\/FVK7fb2e_space_x.jpg\",\"datePublished\":\"2021-05-02T19:45:42+00:00\",\"dateModified\":\"2021-05-02T19:45:43+00:00\",\"breadcrumb\":{\"@id\":\"https:\\\/\\\/radioljubuski.ba\\\/index.php\\\/2021\\\/05\\\/02\\\/astronauti-se-sretno-vratili-na-zemlju\\\/#breadcrumb\"},\"inLanguage\":\"hr\",\"potentialAction\":[{\"@type\":\"ReadAction\",\"target\":[\"https:\\\/\\\/radioljubuski.ba\\\/index.php\\\/2021\\\/05\\\/02\\\/astronauti-se-sretno-vratili-na-zemlju\\\/\"]}]},{\"@type\":\"ImageObject\",\"inLanguage\":\"hr\",\"@id\":\"https:\\\/\\\/radioljubuski.ba\\\/index.php\\\/2021\\\/05\\\/02\\\/astronauti-se-sretno-vratili-na-zemlju\\\/#primaryimage\",\"url\":\"https:\\\/\\\/radioljubuski.ba\\\/wp-content\\\/uploads\\\/2021\\\/05\\\/FVK7fb2e_space_x.jpg\",\"contentUrl\":\"https:\\\/\\\/radioljubuski.ba\\\/wp-content\\\/uploads\\\/2021\\\/05\\\/FVK7fb2e_space_x.jpg\",\"width\":1000,\"height\":625},{\"@type\":\"BreadcrumbList\",\"@id\":\"https:\\\/\\\/radioljubuski.ba\\\/index.php\\\/2021\\\/05\\\/02\\\/astronauti-se-sretno-vratili-na-zemlju\\\/#breadcrumb\",\"itemListElement\":[{\"@type\":\"ListItem\",\"position\":1,\"name\":\"Po\u010detna stranica\",\"item\":\"https:\\\/\\\/radioljubuski.ba\\\/\"},{\"@type\":\"ListItem\",\"position\":2,\"name\":\"Astronauti se sretno vratili na Zemlju\"}]},{\"@type\":\"WebSite\",\"@id\":\"https:\\\/\\\/radioljubuski.ba\\\/#website\",\"url\":\"https:\\\/\\\/radioljubuski.ba\\\/\",\"name\":\"Radio Ljubu\u0161ki\",\"description\":\"Sun\u010dana frekvencija Hercegovine\",\"publisher\":{\"@id\":\"https:\\\/\\\/radioljubuski.ba\\\/#organization\"},\"potentialAction\":[{\"@type\":\"SearchAction\",\"target\":{\"@type\":\"EntryPoint\",\"urlTemplate\":\"https:\\\/\\\/radioljubuski.ba\\\/?s={search_term_string}\"},\"query-input\":{\"@type\":\"PropertyValueSpecification\",\"valueRequired\":true,\"valueName\":\"search_term_string\"}}],\"inLanguage\":\"hr\"},{\"@type\":\"Organization\",\"@id\":\"https:\\\/\\\/radioljubuski.ba\\\/#organization\",\"name\":\"Radio Ljubu\u0161ki\",\"url\":\"https:\\\/\\\/radioljubuski.ba\\\/\",\"logo\":{\"@type\":\"ImageObject\",\"inLanguage\":\"hr\",\"@id\":\"https:\\\/\\\/radioljubuski.ba\\\/#\\\/schema\\\/logo\\\/image\\\/\",\"url\":\"https:\\\/\\\/radioljubuski.ba\\\/wp-content\\\/uploads\\\/2021\\\/02\\\/cropped-Radio_Ljubuski_logo1.jpg\",\"contentUrl\":\"https:\\\/\\\/radioljubuski.ba\\\/wp-content\\\/uploads\\\/2021\\\/02\\\/cropped-Radio_Ljubuski_logo1.jpg\",\"width\":512,\"height\":512,\"caption\":\"Radio Ljubu\u0161ki\"},\"image\":{\"@id\":\"https:\\\/\\\/radioljubuski.ba\\\/#\\\/schema\\\/logo\\\/image\\\/\"},\"sameAs\":[\"https:\\\/\\\/www.facebook.com\\\/Radiio-Ljubuski-1490835324566332\",\"https:\\\/\\\/x.com\\\/radioljubuski\",\"https:\\\/\\\/hr.linkedin.com\\\/company\\\/radio-ljubuski\",\"https:\\\/\\\/www.youtube.com\\\/channel\\\/UCHYaeO_n0Db3tjNGudGpXyw\"]},{\"@type\":\"Person\",\"@id\":\"https:\\\/\\\/radioljubuski.ba\\\/#\\\/schema\\\/person\\\/19fc700381a780f69665d7956c469e3b\",\"name\":\"Radio Ljubu\u0161ki\"}]}<\/script>\n<!-- \/ Yoast SEO plugin. -->","yoast_head_json":{"title":"Astronauti se sretno vratili na Zemlju - RADIO LJUBU\u0160KI","robots":{"index":"index","follow":"follow","max-snippet":"max-snippet:-1","max-image-preview":"max-image-preview:large","max-video-preview":"max-video-preview:-1"},"canonical":"https:\/\/radioljubuski.ba\/index.php\/2021\/05\/02\/astronauti-se-sretno-vratili-na-zemlju\/","og_locale":"hr_HR","og_type":"article","og_title":"Astronauti se sretno vratili na Zemlju - RADIO LJUBU\u0160KI","og_description":"Svemirska tvrtka Elona Muska SpaceX uspje\u0161no je vratila \u010detvoricu astronauta s Me\u0111unarodne svemirske postaje. Bio je to drugi svemirski let s posadom SpaceX-a i ujedno prvo no\u0107no slijetanje jo\u0161 od misije Apollo 8 na Mjesec 1968. Trenutak odvajanja kapsule SpaceX-a odvojila od Me\u0111unarodne svemirske postaje ozna\u010dio je po\u010detak samo \u0161est i pol sati dugog povratka [&hellip;]","og_url":"https:\/\/radioljubuski.ba\/index.php\/2021\/05\/02\/astronauti-se-sretno-vratili-na-zemlju\/","og_site_name":"RADIO LJUBU\u0160KI","article_publisher":"https:\/\/www.facebook.com\/Radiio-Ljubuski-1490835324566332","article_published_time":"2021-05-02T19:45:42+00:00","article_modified_time":"2021-05-02T19:45:43+00:00","og_image":[{"width":1000,"height":625,"url":"https:\/\/radioljubuski.ba\/wp-content\/uploads\/2021\/05\/FVK7fb2e_space_x.jpg","type":"image\/jpeg"}],"author":"Radio Ljubu\u0161ki","twitter_card":"summary_large_image","twitter_creator":"@radioljubuski","twitter_site":"@radioljubuski","twitter_misc":{"Napisao\/la":"Radio Ljubu\u0161ki","Procijenjeno vrijeme \u010ditanja":"2 minute"},"schema":{"@context":"https:\/\/schema.org","@graph":[{"@type":"Article","@id":"https:\/\/radioljubuski.ba\/index.php\/2021\/05\/02\/astronauti-se-sretno-vratili-na-zemlju\/#article","isPartOf":{"@id":"https:\/\/radioljubuski.ba\/index.php\/2021\/05\/02\/astronauti-se-sretno-vratili-na-zemlju\/"},"author":{"name":"Radio Ljubu\u0161ki","@id":"https:\/\/radioljubuski.ba\/#\/schema\/person\/19fc700381a780f69665d7956c469e3b"},"headline":"Astronauti se sretno vratili na Zemlju","datePublished":"2021-05-02T19:45:42+00:00","dateModified":"2021-05-02T19:45:43+00:00","mainEntityOfPage":{"@id":"https:\/\/radioljubuski.ba\/index.php\/2021\/05\/02\/astronauti-se-sretno-vratili-na-zemlju\/"},"wordCount":444,"publisher":{"@id":"https:\/\/radioljubuski.ba\/#organization"},"image":{"@id":"https:\/\/radioljubuski.ba\/index.php\/2021\/05\/02\/astronauti-se-sretno-vratili-na-zemlju\/#primaryimage"},"thumbnailUrl":"https:\/\/radioljubuski.ba\/wp-content\/uploads\/2021\/05\/FVK7fb2e_space_x.jpg","articleSection":["BIH i regija"],"inLanguage":"hr"},{"@type":"WebPage","@id":"https:\/\/radioljubuski.ba\/index.php\/2021\/05\/02\/astronauti-se-sretno-vratili-na-zemlju\/","url":"https:\/\/radioljubuski.ba\/index.php\/2021\/05\/02\/astronauti-se-sretno-vratili-na-zemlju\/","name":"Astronauti se sretno vratili na Zemlju - RADIO LJUBU\u0160KI","isPartOf":{"@id":"https:\/\/radioljubuski.ba\/#website"},"primaryImageOfPage":{"@id":"https:\/\/radioljubuski.ba\/index.php\/2021\/05\/02\/astronauti-se-sretno-vratili-na-zemlju\/#primaryimage"},"image":{"@id":"https:\/\/radioljubuski.ba\/index.php\/2021\/05\/02\/astronauti-se-sretno-vratili-na-zemlju\/#primaryimage"},"thumbnailUrl":"https:\/\/radioljubuski.ba\/wp-content\/uploads\/2021\/05\/FVK7fb2e_space_x.jpg","datePublished":"2021-05-02T19:45:42+00:00","dateModified":"2021-05-02T19:45:43+00:00","breadcrumb":{"@id":"https:\/\/radioljubuski.ba\/index.php\/2021\/05\/02\/astronauti-se-sretno-vratili-na-zemlju\/#breadcrumb"},"inLanguage":"hr","potentialAction":[{"@type":"ReadAction","target":["https:\/\/radioljubuski.ba\/index.php\/2021\/05\/02\/astronauti-se-sretno-vratili-na-zemlju\/"]}]},{"@type":"ImageObject","inLanguage":"hr","@id":"https:\/\/radioljubuski.ba\/index.php\/2021\/05\/02\/astronauti-se-sretno-vratili-na-zemlju\/#primaryimage","url":"https:\/\/radioljubuski.ba\/wp-content\/uploads\/2021\/05\/FVK7fb2e_space_x.jpg","contentUrl":"https:\/\/radioljubuski.ba\/wp-content\/uploads\/2021\/05\/FVK7fb2e_space_x.jpg","width":1000,"height":625},{"@type":"BreadcrumbList","@id":"https:\/\/radioljubuski.ba\/index.php\/2021\/05\/02\/astronauti-se-sretno-vratili-na-zemlju\/#breadcrumb","itemListElement":[{"@type":"ListItem","position":1,"name":"Po\u010detna stranica","item":"https:\/\/radioljubuski.ba\/"},{"@type":"ListItem","position":2,"name":"Astronauti se sretno vratili na Zemlju"}]},{"@type":"WebSite","@id":"https:\/\/radioljubuski.ba\/#website","url":"https:\/\/radioljubuski.ba\/","name":"Radio Ljubu\u0161ki","description":"Sun\u010dana frekvencija Hercegovine","publisher":{"@id":"https:\/\/radioljubuski.ba\/#organization"},"potentialAction":[{"@type":"SearchAction","target":{"@type":"EntryPoint","urlTemplate":"https:\/\/radioljubuski.ba\/?s={search_term_string}"},"query-input":{"@type":"PropertyValueSpecification","valueRequired":true,"valueName":"search_term_string"}}],"inLanguage":"hr"},{"@type":"Organization","@id":"https:\/\/radioljubuski.ba\/#organization","name":"Radio Ljubu\u0161ki","url":"https:\/\/radioljubuski.ba\/","logo":{"@type":"ImageObject","inLanguage":"hr","@id":"https:\/\/radioljubuski.ba\/#\/schema\/logo\/image\/","url":"https:\/\/radioljubuski.ba\/wp-content\/uploads\/2021\/02\/cropped-Radio_Ljubuski_logo1.jpg","contentUrl":"https:\/\/radioljubuski.ba\/wp-content\/uploads\/2021\/02\/cropped-Radio_Ljubuski_logo1.jpg","width":512,"height":512,"caption":"Radio Ljubu\u0161ki"},"image":{"@id":"https:\/\/radioljubuski.ba\/#\/schema\/logo\/image\/"},"sameAs":["https:\/\/www.facebook.com\/Radiio-Ljubuski-1490835324566332","https:\/\/x.com\/radioljubuski","https:\/\/hr.linkedin.com\/company\/radio-ljubuski","https:\/\/www.youtube.com\/channel\/UCHYaeO_n0Db3tjNGudGpXyw"]},{"@type":"Person","@id":"https:\/\/radioljubuski.ba\/#\/schema\/person\/19fc700381a780f69665d7956c469e3b","name":"Radio Ljubu\u0161ki"}]}},"_links":{"self":[{"href":"https:\/\/radioljubuski.ba\/index.php\/wp-json\/wp\/v2\/posts\/18018","targetHints":{"allow":["GET"]}}],"collection":[{"href":"https:\/\/radioljubuski.ba\/index.php\/wp-json\/wp\/v2\/posts"}],"about":[{"href":"https:\/\/radioljubuski.ba\/index.php\/wp-json\/wp\/v2\/types\/post"}],"author":[{"embeddable":true,"href":"https:\/\/radioljubuski.ba\/index.php\/wp-json\/wp\/v2\/users\/2"}],"replies":[{"embeddable":true,"href":"https:\/\/radioljubuski.ba\/index.php\/wp-json\/wp\/v2\/comments?post=18018"}],"version-history":[{"count":1,"href":"https:\/\/radioljubuski.ba\/index.php\/wp-json\/wp\/v2\/posts\/18018\/revisions"}],"predecessor-version":[{"id":18020,"href":"https:\/\/radioljubuski.ba\/index.php\/wp-json\/wp\/v2\/posts\/18018\/revisions\/18020"}],"wp:featuredmedia":[{"embeddable":true,"href":"https:\/\/radioljubuski.ba\/index.php\/wp-json\/wp\/v2\/media\/18019"}],"wp:attachment":[{"href":"https:\/\/radioljubuski.ba\/index.php\/wp-json\/wp\/v2\/media?parent=18018"}],"wp:term":[{"taxonomy":"category","embeddable":true,"href":"https:\/\/radioljubuski.ba\/index.php\/wp-json\/wp\/v2\/categories?post=18018"},{"taxonomy":"post_tag","embeddable":true,"href":"https:\/\/radioljubuski.ba\/index.php\/wp-json\/wp\/v2\/tags?post=18018"}],"curies":[{"name":"wp","href":"https:\/\/api.w.org\/{rel}","templated":true}]}}