{"id":180579,"date":"2022-09-16T14:19:10","date_gmt":"2022-09-16T13:19:10","guid":{"rendered":"https:\/\/radioljubuski.ba\/?p=180579"},"modified":"2022-09-18T11:49:14","modified_gmt":"2022-09-18T10:49:14","slug":"stanovnistvo-zhz-a-najvise-obolijeva-od-bolesti-disnog-sustava-te-srca-i-krvnih-zila","status":"publish","type":"post","link":"https:\/\/radioljubuski.ba\/index.php\/2022\/09\/16\/stanovnistvo-zhz-a-najvise-obolijeva-od-bolesti-disnog-sustava-te-srca-i-krvnih-zila\/","title":{"rendered":"Stanovni\u0161tvo ZH\u017d-a najvi\u0161e obolijeva od bolesti di\u0161nog sustava te srca i krvnih \u017eila"},"content":{"rendered":"\n<p>Broj oboljelih od malignih bolesti konstantno raste na podru\u010dju cijele Bosne i Hercegovine, iznimka nije ni Zapadnohercegova\u010dka \u017eupanija, pi\u0161e Ve\u010dernji list BiH.<\/p>\n\n\n\n<p>Koje su sve bolesti<\/p>\n\n\n\n<p>Tijekom pro\u0161le godine na podru\u010dju Zapadnohercegova\u010dke \u017eupanije 114 osoba dobilo je dijagnozu zlo\u0107udne bolesti. Od 114 registriranih slu\u010dajeva novooboljelih od malignih bolesti 71 se odnosi na mu\u0161karce i 43 na \u017eene. Prema izvje\u0161\u0107u Zavoda za javno zdravstvo Zapadnohercegova\u010dke \u017eupanije za 2021. godinu naj\u010de\u0161\u0107a sijela malignih oboljenja u mu\u0161karaca su: traheja, bronhi i plu\u0107a (26), slijedi mokra\u0107ni mjehur (5), pa kolon (4), prostata (4) i gu\u0161tera\u010da (3). Isti podaci govore kako su naj\u010de\u0161\u0107a sijela malignih oboljenja kod \u017eena u ovoj \u017eupaniji: dojka (9), zatim bubreg (5), traheja, bronhi i plu\u0107a (3) te jednjak (3). &#8211; Porast broja oboljelih od karcinoma u najve\u0107oj je mjeri posljedica pove\u0107anog o\u010dekivanog trajanja \u017eivota i ve\u0107eg broja osoba starije dobi kod kojih se rak \u010de\u0161\u0107e pojavljuje &#8211; navedeno je tijekom obilje\u017eavanja Svjetskog dana borbe protiv raka. Svjetska zdravstvena organizacija predvi\u0111a da \u0107e se broj oboljelih u svijetu pove\u0107ati s 14 milijuna u 2012. godini te 19,3 milijuna u 2020. godini na 30,2 milijuna 2040. godine, dok \u0107e broj umrlih porasti s 8,2 milijuna u 2012. godini te 10 milijuna u 2020. godini na 16,3 milijuna 2040. godine, re\u010deno je tijekom ovogodi\u0161njeg obilje\u017eavanja Svjetskog dana borbe protiv raka. Izme\u0111u 30% i 50% smrti od malignih neoplazmi moglo bi se sprije\u010diti promjenom pona\u0161anja i adekvatnom preventivnom zdravstvenom za\u0161titom. Prema posljednjim podacima kojima Zavod za javno zdravstvo Federacije BiH raspola\u017ee, stopa obolijevanja od raka u 2019. godini u mu\u0161karaca u FBiH iznosila je 284,3\/100.000, a u \u017eena 236,7\/100.000. Prosje\u010dna dob registriranih oboljelih je 63 godine (64 kod mu\u0161karaca, a 62 kod \u017eena).<\/p>\n\n\n\n<p>Stanje po gradovima<\/p>\n\n\n\n<p>Kada je rije\u010d o primarnoj zdravstvenoj za\u0161titi, vode\u0107e bolesti me\u0111u stanovni\u0161tvom Zapadnohercegova\u010dke \u017eupanije su bolesti di\u0161nog sustava, bolesti srca i krvnih \u017eila kao i bolesti probavnog sustava. Od zarazne bolesti tijekom pro\u0161le godine na podru\u010dju Zapadnohercegova\u010dke \u017eupanije umrla je jedna osoba. Prema izvje\u0161\u0107u o radu Zavoda za javno zdravstvo Zapadnohercegova\u010dke \u017eupanije za 2021. godinu zabilje\u017een je jedan slu\u010daj smrti od zarazne bolesti, i to od TBC plu\u0107a. Ina\u010de, tijekom 2021. godine na podru\u010dju Zapadnohercegova\u010dke \u017eupanije prijavljeno je 140 oboljenja od zaraznih bolesti, i to u Grudama 25, Posu\u0161ju 97, Ljubu\u0161kom 9 i \u0160irokom Brijegu 9. Me\u0111u oboljelima najzastupljenije su bile vodene kozice od kojih je oboljela 121 osoba. Od toga broja u Posu\u0161ju je bilo registrirano 97 oboljelih, Grudama 23 i 1 u Ljubu\u0161kom. Na podru\u010dju ove \u017eupanije zabilje\u017eeno je i 6 slu\u010dajeva oboljelih od svraba, pet od herpes zostera, \u010detiri od TBC plu\u0107a, dva od infektivne mononukleoze te po jedan slu\u010daj \u0161arlaha i salmonele. Prema izvje\u0161\u0107u o radu Zavoda za javno zdravstvo Zapadnohercegova\u010dke \u017eupanije za 2021. tijekom pro\u0161le godine na podru\u010dju ove \u017eupanije prijavljeno je 1490 slu\u010dajeva gripe ili bolesti sli\u010dnoj gripi, i to u Grudama 498, Posu\u0161ju 87, \u0160irokom Brijegu 422 i u Ljubu\u0161kom 483.<\/p>\n\n\n\n<p>Izvor:vecernji.ba<\/p>\n","protected":false},"excerpt":{"rendered":"<p>Broj oboljelih od malignih bolesti konstantno raste na podru\u010dju cijele Bosne i Hercegovine, iznimka nije ni Zapadnohercegova\u010dka \u017eupanija, pi\u0161e Ve\u010dernji list BiH. Koje su sve bolesti Tijekom pro\u0161le godine na podru\u010dju Zapadnohercegova\u010dke \u017eupanije 114 osoba dobilo je dijagnozu zlo\u0107udne bolesti. Od 114 registriranih slu\u010dajeva novooboljelih od malignih bolesti 71 se odnosi na mu\u0161karce i 43 [&hellip;]<\/p>\n","protected":false},"author":2,"featured_media":180580,"comment_status":"closed","ping_status":"closed","sticky":false,"template":"","format":"standard","meta":{"h5ap_radio_sources":[],"footnotes":""},"categories":[1],"tags":[],"class_list":["post-180579","post","type-post","status-publish","format-standard","has-post-thumbnail","hentry","category-bihiregija"],"yoast_head":"<!-- This site is optimized with the Yoast SEO plugin v27.5 - https:\/\/yoast.com\/product\/yoast-seo-wordpress\/ -->\n<title>Stanovni\u0161tvo ZH\u017d-a najvi\u0161e obolijeva od bolesti di\u0161nog sustava te srca i krvnih \u017eila - RADIO LJUBU\u0160KI<\/title>\n<meta name=\"robots\" content=\"index, follow, max-snippet:-1, max-image-preview:large, max-video-preview:-1\" \/>\n<link rel=\"canonical\" href=\"https:\/\/radioljubuski.ba\/index.php\/2022\/09\/16\/stanovnistvo-zhz-a-najvise-obolijeva-od-bolesti-disnog-sustava-te-srca-i-krvnih-zila\/\" \/>\n<meta property=\"og:locale\" content=\"hr_HR\" \/>\n<meta property=\"og:type\" content=\"article\" \/>\n<meta property=\"og:title\" content=\"Stanovni\u0161tvo ZH\u017d-a najvi\u0161e obolijeva od bolesti di\u0161nog sustava te srca i krvnih \u017eila - RADIO LJUBU\u0160KI\" \/>\n<meta property=\"og:description\" content=\"Broj oboljelih od malignih bolesti konstantno raste na podru\u010dju cijele Bosne i Hercegovine, iznimka nije ni Zapadnohercegova\u010dka \u017eupanija, pi\u0161e Ve\u010dernji list BiH. Koje su sve bolesti Tijekom pro\u0161le godine na podru\u010dju Zapadnohercegova\u010dke \u017eupanije 114 osoba dobilo je dijagnozu zlo\u0107udne bolesti. Od 114 registriranih slu\u010dajeva novooboljelih od malignih bolesti 71 se odnosi na mu\u0161karce i 43 [&hellip;]\" \/>\n<meta property=\"og:url\" content=\"https:\/\/radioljubuski.ba\/index.php\/2022\/09\/16\/stanovnistvo-zhz-a-najvise-obolijeva-od-bolesti-disnog-sustava-te-srca-i-krvnih-zila\/\" \/>\n<meta property=\"og:site_name\" content=\"RADIO LJUBU\u0160KI\" \/>\n<meta property=\"article:publisher\" content=\"https:\/\/www.facebook.com\/Radiio-Ljubuski-1490835324566332\" \/>\n<meta property=\"article:published_time\" content=\"2022-09-16T13:19:10+00:00\" \/>\n<meta property=\"article:modified_time\" content=\"2022-09-18T10:49:14+00:00\" \/>\n<meta property=\"og:image\" content=\"https:\/\/radioljubuski.ba\/wp-content\/uploads\/2022\/09\/10-2022-09-15-20-06-55-Snimka-zaslona-2022-09-15-200511.jpg\" \/>\n\t<meta property=\"og:image:width\" content=\"1000\" \/>\n\t<meta property=\"og:image:height\" content=\"625\" \/>\n\t<meta property=\"og:image:type\" content=\"image\/jpeg\" \/>\n<meta name=\"author\" content=\"Radio Ljubu\u0161ki\" \/>\n<meta name=\"twitter:card\" content=\"summary_large_image\" \/>\n<meta name=\"twitter:creator\" content=\"@radioljubuski\" \/>\n<meta name=\"twitter:site\" content=\"@radioljubuski\" \/>\n<meta name=\"twitter:label1\" content=\"Napisao\/la\" \/>\n\t<meta name=\"twitter:data1\" content=\"Radio Ljubu\u0161ki\" \/>\n\t<meta name=\"twitter:label2\" content=\"Procijenjeno vrijeme \u010ditanja\" \/>\n\t<meta name=\"twitter:data2\" content=\"3 minute\" \/>\n<script type=\"application\/ld+json\" class=\"yoast-schema-graph\">{\"@context\":\"https:\\\/\\\/schema.org\",\"@graph\":[{\"@type\":\"Article\",\"@id\":\"https:\\\/\\\/radioljubuski.ba\\\/index.php\\\/2022\\\/09\\\/16\\\/stanovnistvo-zhz-a-najvise-obolijeva-od-bolesti-disnog-sustava-te-srca-i-krvnih-zila\\\/#article\",\"isPartOf\":{\"@id\":\"https:\\\/\\\/radioljubuski.ba\\\/index.php\\\/2022\\\/09\\\/16\\\/stanovnistvo-zhz-a-najvise-obolijeva-od-bolesti-disnog-sustava-te-srca-i-krvnih-zila\\\/\"},\"author\":{\"name\":\"Radio Ljubu\u0161ki\",\"@id\":\"https:\\\/\\\/radioljubuski.ba\\\/#\\\/schema\\\/person\\\/19fc700381a780f69665d7956c469e3b\"},\"headline\":\"Stanovni\u0161tvo ZH\u017d-a najvi\u0161e obolijeva od bolesti di\u0161nog sustava te srca i krvnih \u017eila\",\"datePublished\":\"2022-09-16T13:19:10+00:00\",\"dateModified\":\"2022-09-18T10:49:14+00:00\",\"mainEntityOfPage\":{\"@id\":\"https:\\\/\\\/radioljubuski.ba\\\/index.php\\\/2022\\\/09\\\/16\\\/stanovnistvo-zhz-a-najvise-obolijeva-od-bolesti-disnog-sustava-te-srca-i-krvnih-zila\\\/\"},\"wordCount\":523,\"publisher\":{\"@id\":\"https:\\\/\\\/radioljubuski.ba\\\/#organization\"},\"image\":{\"@id\":\"https:\\\/\\\/radioljubuski.ba\\\/index.php\\\/2022\\\/09\\\/16\\\/stanovnistvo-zhz-a-najvise-obolijeva-od-bolesti-disnog-sustava-te-srca-i-krvnih-zila\\\/#primaryimage\"},\"thumbnailUrl\":\"https:\\\/\\\/radioljubuski.ba\\\/wp-content\\\/uploads\\\/2022\\\/09\\\/10-2022-09-15-20-06-55-Snimka-zaslona-2022-09-15-200511.jpg\",\"articleSection\":[\"BIH i regija\"],\"inLanguage\":\"hr\"},{\"@type\":\"WebPage\",\"@id\":\"https:\\\/\\\/radioljubuski.ba\\\/index.php\\\/2022\\\/09\\\/16\\\/stanovnistvo-zhz-a-najvise-obolijeva-od-bolesti-disnog-sustava-te-srca-i-krvnih-zila\\\/\",\"url\":\"https:\\\/\\\/radioljubuski.ba\\\/index.php\\\/2022\\\/09\\\/16\\\/stanovnistvo-zhz-a-najvise-obolijeva-od-bolesti-disnog-sustava-te-srca-i-krvnih-zila\\\/\",\"name\":\"Stanovni\u0161tvo ZH\u017d-a najvi\u0161e obolijeva od bolesti di\u0161nog sustava te srca i krvnih \u017eila - RADIO LJUBU\u0160KI\",\"isPartOf\":{\"@id\":\"https:\\\/\\\/radioljubuski.ba\\\/#website\"},\"primaryImageOfPage\":{\"@id\":\"https:\\\/\\\/radioljubuski.ba\\\/index.php\\\/2022\\\/09\\\/16\\\/stanovnistvo-zhz-a-najvise-obolijeva-od-bolesti-disnog-sustava-te-srca-i-krvnih-zila\\\/#primaryimage\"},\"image\":{\"@id\":\"https:\\\/\\\/radioljubuski.ba\\\/index.php\\\/2022\\\/09\\\/16\\\/stanovnistvo-zhz-a-najvise-obolijeva-od-bolesti-disnog-sustava-te-srca-i-krvnih-zila\\\/#primaryimage\"},\"thumbnailUrl\":\"https:\\\/\\\/radioljubuski.ba\\\/wp-content\\\/uploads\\\/2022\\\/09\\\/10-2022-09-15-20-06-55-Snimka-zaslona-2022-09-15-200511.jpg\",\"datePublished\":\"2022-09-16T13:19:10+00:00\",\"dateModified\":\"2022-09-18T10:49:14+00:00\",\"breadcrumb\":{\"@id\":\"https:\\\/\\\/radioljubuski.ba\\\/index.php\\\/2022\\\/09\\\/16\\\/stanovnistvo-zhz-a-najvise-obolijeva-od-bolesti-disnog-sustava-te-srca-i-krvnih-zila\\\/#breadcrumb\"},\"inLanguage\":\"hr\",\"potentialAction\":[{\"@type\":\"ReadAction\",\"target\":[\"https:\\\/\\\/radioljubuski.ba\\\/index.php\\\/2022\\\/09\\\/16\\\/stanovnistvo-zhz-a-najvise-obolijeva-od-bolesti-disnog-sustava-te-srca-i-krvnih-zila\\\/\"]}]},{\"@type\":\"ImageObject\",\"inLanguage\":\"hr\",\"@id\":\"https:\\\/\\\/radioljubuski.ba\\\/index.php\\\/2022\\\/09\\\/16\\\/stanovnistvo-zhz-a-najvise-obolijeva-od-bolesti-disnog-sustava-te-srca-i-krvnih-zila\\\/#primaryimage\",\"url\":\"https:\\\/\\\/radioljubuski.ba\\\/wp-content\\\/uploads\\\/2022\\\/09\\\/10-2022-09-15-20-06-55-Snimka-zaslona-2022-09-15-200511.jpg\",\"contentUrl\":\"https:\\\/\\\/radioljubuski.ba\\\/wp-content\\\/uploads\\\/2022\\\/09\\\/10-2022-09-15-20-06-55-Snimka-zaslona-2022-09-15-200511.jpg\",\"width\":1000,\"height\":625},{\"@type\":\"BreadcrumbList\",\"@id\":\"https:\\\/\\\/radioljubuski.ba\\\/index.php\\\/2022\\\/09\\\/16\\\/stanovnistvo-zhz-a-najvise-obolijeva-od-bolesti-disnog-sustava-te-srca-i-krvnih-zila\\\/#breadcrumb\",\"itemListElement\":[{\"@type\":\"ListItem\",\"position\":1,\"name\":\"Po\u010detna stranica\",\"item\":\"https:\\\/\\\/radioljubuski.ba\\\/\"},{\"@type\":\"ListItem\",\"position\":2,\"name\":\"Stanovni\u0161tvo ZH\u017d-a najvi\u0161e obolijeva od bolesti di\u0161nog sustava te srca i krvnih \u017eila\"}]},{\"@type\":\"WebSite\",\"@id\":\"https:\\\/\\\/radioljubuski.ba\\\/#website\",\"url\":\"https:\\\/\\\/radioljubuski.ba\\\/\",\"name\":\"Radio Ljubu\u0161ki\",\"description\":\"Sun\u010dana frekvencija Hercegovine\",\"publisher\":{\"@id\":\"https:\\\/\\\/radioljubuski.ba\\\/#organization\"},\"potentialAction\":[{\"@type\":\"SearchAction\",\"target\":{\"@type\":\"EntryPoint\",\"urlTemplate\":\"https:\\\/\\\/radioljubuski.ba\\\/?s={search_term_string}\"},\"query-input\":{\"@type\":\"PropertyValueSpecification\",\"valueRequired\":true,\"valueName\":\"search_term_string\"}}],\"inLanguage\":\"hr\"},{\"@type\":\"Organization\",\"@id\":\"https:\\\/\\\/radioljubuski.ba\\\/#organization\",\"name\":\"Radio Ljubu\u0161ki\",\"url\":\"https:\\\/\\\/radioljubuski.ba\\\/\",\"logo\":{\"@type\":\"ImageObject\",\"inLanguage\":\"hr\",\"@id\":\"https:\\\/\\\/radioljubuski.ba\\\/#\\\/schema\\\/logo\\\/image\\\/\",\"url\":\"https:\\\/\\\/radioljubuski.ba\\\/wp-content\\\/uploads\\\/2021\\\/02\\\/cropped-Radio_Ljubuski_logo1.jpg\",\"contentUrl\":\"https:\\\/\\\/radioljubuski.ba\\\/wp-content\\\/uploads\\\/2021\\\/02\\\/cropped-Radio_Ljubuski_logo1.jpg\",\"width\":512,\"height\":512,\"caption\":\"Radio Ljubu\u0161ki\"},\"image\":{\"@id\":\"https:\\\/\\\/radioljubuski.ba\\\/#\\\/schema\\\/logo\\\/image\\\/\"},\"sameAs\":[\"https:\\\/\\\/www.facebook.com\\\/Radiio-Ljubuski-1490835324566332\",\"https:\\\/\\\/x.com\\\/radioljubuski\",\"https:\\\/\\\/hr.linkedin.com\\\/company\\\/radio-ljubuski\",\"https:\\\/\\\/www.youtube.com\\\/channel\\\/UCHYaeO_n0Db3tjNGudGpXyw\"]},{\"@type\":\"Person\",\"@id\":\"https:\\\/\\\/radioljubuski.ba\\\/#\\\/schema\\\/person\\\/19fc700381a780f69665d7956c469e3b\",\"name\":\"Radio Ljubu\u0161ki\"}]}<\/script>\n<!-- \/ Yoast SEO plugin. -->","yoast_head_json":{"title":"Stanovni\u0161tvo ZH\u017d-a najvi\u0161e obolijeva od bolesti di\u0161nog sustava te srca i krvnih \u017eila - RADIO LJUBU\u0160KI","robots":{"index":"index","follow":"follow","max-snippet":"max-snippet:-1","max-image-preview":"max-image-preview:large","max-video-preview":"max-video-preview:-1"},"canonical":"https:\/\/radioljubuski.ba\/index.php\/2022\/09\/16\/stanovnistvo-zhz-a-najvise-obolijeva-od-bolesti-disnog-sustava-te-srca-i-krvnih-zila\/","og_locale":"hr_HR","og_type":"article","og_title":"Stanovni\u0161tvo ZH\u017d-a najvi\u0161e obolijeva od bolesti di\u0161nog sustava te srca i krvnih \u017eila - RADIO LJUBU\u0160KI","og_description":"Broj oboljelih od malignih bolesti konstantno raste na podru\u010dju cijele Bosne i Hercegovine, iznimka nije ni Zapadnohercegova\u010dka \u017eupanija, pi\u0161e Ve\u010dernji list BiH. Koje su sve bolesti Tijekom pro\u0161le godine na podru\u010dju Zapadnohercegova\u010dke \u017eupanije 114 osoba dobilo je dijagnozu zlo\u0107udne bolesti. Od 114 registriranih slu\u010dajeva novooboljelih od malignih bolesti 71 se odnosi na mu\u0161karce i 43 [&hellip;]","og_url":"https:\/\/radioljubuski.ba\/index.php\/2022\/09\/16\/stanovnistvo-zhz-a-najvise-obolijeva-od-bolesti-disnog-sustava-te-srca-i-krvnih-zila\/","og_site_name":"RADIO LJUBU\u0160KI","article_publisher":"https:\/\/www.facebook.com\/Radiio-Ljubuski-1490835324566332","article_published_time":"2022-09-16T13:19:10+00:00","article_modified_time":"2022-09-18T10:49:14+00:00","og_image":[{"width":1000,"height":625,"url":"https:\/\/radioljubuski.ba\/wp-content\/uploads\/2022\/09\/10-2022-09-15-20-06-55-Snimka-zaslona-2022-09-15-200511.jpg","type":"image\/jpeg"}],"author":"Radio Ljubu\u0161ki","twitter_card":"summary_large_image","twitter_creator":"@radioljubuski","twitter_site":"@radioljubuski","twitter_misc":{"Napisao\/la":"Radio Ljubu\u0161ki","Procijenjeno vrijeme \u010ditanja":"3 minute"},"schema":{"@context":"https:\/\/schema.org","@graph":[{"@type":"Article","@id":"https:\/\/radioljubuski.ba\/index.php\/2022\/09\/16\/stanovnistvo-zhz-a-najvise-obolijeva-od-bolesti-disnog-sustava-te-srca-i-krvnih-zila\/#article","isPartOf":{"@id":"https:\/\/radioljubuski.ba\/index.php\/2022\/09\/16\/stanovnistvo-zhz-a-najvise-obolijeva-od-bolesti-disnog-sustava-te-srca-i-krvnih-zila\/"},"author":{"name":"Radio Ljubu\u0161ki","@id":"https:\/\/radioljubuski.ba\/#\/schema\/person\/19fc700381a780f69665d7956c469e3b"},"headline":"Stanovni\u0161tvo ZH\u017d-a najvi\u0161e obolijeva od bolesti di\u0161nog sustava te srca i krvnih \u017eila","datePublished":"2022-09-16T13:19:10+00:00","dateModified":"2022-09-18T10:49:14+00:00","mainEntityOfPage":{"@id":"https:\/\/radioljubuski.ba\/index.php\/2022\/09\/16\/stanovnistvo-zhz-a-najvise-obolijeva-od-bolesti-disnog-sustava-te-srca-i-krvnih-zila\/"},"wordCount":523,"publisher":{"@id":"https:\/\/radioljubuski.ba\/#organization"},"image":{"@id":"https:\/\/radioljubuski.ba\/index.php\/2022\/09\/16\/stanovnistvo-zhz-a-najvise-obolijeva-od-bolesti-disnog-sustava-te-srca-i-krvnih-zila\/#primaryimage"},"thumbnailUrl":"https:\/\/radioljubuski.ba\/wp-content\/uploads\/2022\/09\/10-2022-09-15-20-06-55-Snimka-zaslona-2022-09-15-200511.jpg","articleSection":["BIH i regija"],"inLanguage":"hr"},{"@type":"WebPage","@id":"https:\/\/radioljubuski.ba\/index.php\/2022\/09\/16\/stanovnistvo-zhz-a-najvise-obolijeva-od-bolesti-disnog-sustava-te-srca-i-krvnih-zila\/","url":"https:\/\/radioljubuski.ba\/index.php\/2022\/09\/16\/stanovnistvo-zhz-a-najvise-obolijeva-od-bolesti-disnog-sustava-te-srca-i-krvnih-zila\/","name":"Stanovni\u0161tvo ZH\u017d-a najvi\u0161e obolijeva od bolesti di\u0161nog sustava te srca i krvnih \u017eila - RADIO LJUBU\u0160KI","isPartOf":{"@id":"https:\/\/radioljubuski.ba\/#website"},"primaryImageOfPage":{"@id":"https:\/\/radioljubuski.ba\/index.php\/2022\/09\/16\/stanovnistvo-zhz-a-najvise-obolijeva-od-bolesti-disnog-sustava-te-srca-i-krvnih-zila\/#primaryimage"},"image":{"@id":"https:\/\/radioljubuski.ba\/index.php\/2022\/09\/16\/stanovnistvo-zhz-a-najvise-obolijeva-od-bolesti-disnog-sustava-te-srca-i-krvnih-zila\/#primaryimage"},"thumbnailUrl":"https:\/\/radioljubuski.ba\/wp-content\/uploads\/2022\/09\/10-2022-09-15-20-06-55-Snimka-zaslona-2022-09-15-200511.jpg","datePublished":"2022-09-16T13:19:10+00:00","dateModified":"2022-09-18T10:49:14+00:00","breadcrumb":{"@id":"https:\/\/radioljubuski.ba\/index.php\/2022\/09\/16\/stanovnistvo-zhz-a-najvise-obolijeva-od-bolesti-disnog-sustava-te-srca-i-krvnih-zila\/#breadcrumb"},"inLanguage":"hr","potentialAction":[{"@type":"ReadAction","target":["https:\/\/radioljubuski.ba\/index.php\/2022\/09\/16\/stanovnistvo-zhz-a-najvise-obolijeva-od-bolesti-disnog-sustava-te-srca-i-krvnih-zila\/"]}]},{"@type":"ImageObject","inLanguage":"hr","@id":"https:\/\/radioljubuski.ba\/index.php\/2022\/09\/16\/stanovnistvo-zhz-a-najvise-obolijeva-od-bolesti-disnog-sustava-te-srca-i-krvnih-zila\/#primaryimage","url":"https:\/\/radioljubuski.ba\/wp-content\/uploads\/2022\/09\/10-2022-09-15-20-06-55-Snimka-zaslona-2022-09-15-200511.jpg","contentUrl":"https:\/\/radioljubuski.ba\/wp-content\/uploads\/2022\/09\/10-2022-09-15-20-06-55-Snimka-zaslona-2022-09-15-200511.jpg","width":1000,"height":625},{"@type":"BreadcrumbList","@id":"https:\/\/radioljubuski.ba\/index.php\/2022\/09\/16\/stanovnistvo-zhz-a-najvise-obolijeva-od-bolesti-disnog-sustava-te-srca-i-krvnih-zila\/#breadcrumb","itemListElement":[{"@type":"ListItem","position":1,"name":"Po\u010detna stranica","item":"https:\/\/radioljubuski.ba\/"},{"@type":"ListItem","position":2,"name":"Stanovni\u0161tvo ZH\u017d-a najvi\u0161e obolijeva od bolesti di\u0161nog sustava te srca i krvnih \u017eila"}]},{"@type":"WebSite","@id":"https:\/\/radioljubuski.ba\/#website","url":"https:\/\/radioljubuski.ba\/","name":"Radio Ljubu\u0161ki","description":"Sun\u010dana frekvencija Hercegovine","publisher":{"@id":"https:\/\/radioljubuski.ba\/#organization"},"potentialAction":[{"@type":"SearchAction","target":{"@type":"EntryPoint","urlTemplate":"https:\/\/radioljubuski.ba\/?s={search_term_string}"},"query-input":{"@type":"PropertyValueSpecification","valueRequired":true,"valueName":"search_term_string"}}],"inLanguage":"hr"},{"@type":"Organization","@id":"https:\/\/radioljubuski.ba\/#organization","name":"Radio Ljubu\u0161ki","url":"https:\/\/radioljubuski.ba\/","logo":{"@type":"ImageObject","inLanguage":"hr","@id":"https:\/\/radioljubuski.ba\/#\/schema\/logo\/image\/","url":"https:\/\/radioljubuski.ba\/wp-content\/uploads\/2021\/02\/cropped-Radio_Ljubuski_logo1.jpg","contentUrl":"https:\/\/radioljubuski.ba\/wp-content\/uploads\/2021\/02\/cropped-Radio_Ljubuski_logo1.jpg","width":512,"height":512,"caption":"Radio Ljubu\u0161ki"},"image":{"@id":"https:\/\/radioljubuski.ba\/#\/schema\/logo\/image\/"},"sameAs":["https:\/\/www.facebook.com\/Radiio-Ljubuski-1490835324566332","https:\/\/x.com\/radioljubuski","https:\/\/hr.linkedin.com\/company\/radio-ljubuski","https:\/\/www.youtube.com\/channel\/UCHYaeO_n0Db3tjNGudGpXyw"]},{"@type":"Person","@id":"https:\/\/radioljubuski.ba\/#\/schema\/person\/19fc700381a780f69665d7956c469e3b","name":"Radio Ljubu\u0161ki"}]}},"_links":{"self":[{"href":"https:\/\/radioljubuski.ba\/index.php\/wp-json\/wp\/v2\/posts\/180579","targetHints":{"allow":["GET"]}}],"collection":[{"href":"https:\/\/radioljubuski.ba\/index.php\/wp-json\/wp\/v2\/posts"}],"about":[{"href":"https:\/\/radioljubuski.ba\/index.php\/wp-json\/wp\/v2\/types\/post"}],"author":[{"embeddable":true,"href":"https:\/\/radioljubuski.ba\/index.php\/wp-json\/wp\/v2\/users\/2"}],"replies":[{"embeddable":true,"href":"https:\/\/radioljubuski.ba\/index.php\/wp-json\/wp\/v2\/comments?post=180579"}],"version-history":[{"count":1,"href":"https:\/\/radioljubuski.ba\/index.php\/wp-json\/wp\/v2\/posts\/180579\/revisions"}],"predecessor-version":[{"id":180581,"href":"https:\/\/radioljubuski.ba\/index.php\/wp-json\/wp\/v2\/posts\/180579\/revisions\/180581"}],"wp:featuredmedia":[{"embeddable":true,"href":"https:\/\/radioljubuski.ba\/index.php\/wp-json\/wp\/v2\/media\/180580"}],"wp:attachment":[{"href":"https:\/\/radioljubuski.ba\/index.php\/wp-json\/wp\/v2\/media?parent=180579"}],"wp:term":[{"taxonomy":"category","embeddable":true,"href":"https:\/\/radioljubuski.ba\/index.php\/wp-json\/wp\/v2\/categories?post=180579"},{"taxonomy":"post_tag","embeddable":true,"href":"https:\/\/radioljubuski.ba\/index.php\/wp-json\/wp\/v2\/tags?post=180579"}],"curies":[{"name":"wp","href":"https:\/\/api.w.org\/{rel}","templated":true}]}}