{"id":18063,"date":"2021-05-03T08:22:53","date_gmt":"2021-05-03T07:22:53","guid":{"rendered":"https:\/\/radioljubuski.ba\/?p=18063"},"modified":"2021-05-03T08:22:54","modified_gmt":"2021-05-03T07:22:54","slug":"23-godisnjica-smrti-gojka-suska","status":"publish","type":"post","link":"https:\/\/radioljubuski.ba\/index.php\/2021\/05\/03\/23-godisnjica-smrti-gojka-suska\/","title":{"rendered":"23. godi\u0161njica smrti Gojka \u0160u\u0161ka"},"content":{"rendered":"\n<p>Gojko \u0160u\u0161ak, ministar obrane Republike Hrvatske od 1991. do svoje smrti 1998. godine, bio je jedan od najbli\u017eih suradnika predsjednika dr. Franje Tu\u0111mana. Kao ratni ministar dao je nemjerljiv doprinos u ustrojavanju, ja\u010danju i ratnim operacijama Hrvatske vojske i stvaranju neovisne dr\u017eave Hrvatske.<\/p>\n\n\n\n<p>U sredi\u0161tu \u0160irokog Brijega, 31. svibnja 2008. otkriven je spomenik Gojku \u0160u\u0161ku ministru obrane Republike Hrvatske, te i trg na kojem je postavljen spomenik nosi ime pokojnog ministra.<\/p>\n\n\n\n<p>Njegovo kratko izvje\u0161\u0107e \u201cGospodine Predsjedni\u010de, zadatak je izvr\u0161en!\u201d postalo je sinonimom za sve pobjedni\u010dke operacije Hrvatske vojske i Hrvatskih snaga vo\u0111ene tijekom Domovinskog rata.<\/p>\n\n\n\n<p>Gojko \u0160u\u0161ak ro\u0111en je 16. o\u017eujka 1945. u \u0160irokom Brijegu. Nakon povratka iz iseljeni\u0161tva 1990. godine du\u017enost Ministra obrane obna\u0161ao je u svim hrvatskim vladama od 1991. do 1998. godine. Ministar \u0160u\u0161ak je odlikovan: Veleredom kralja Petra Kre\u0161imira IV. s lentom i Danicom, Veleredom kralja Dmitra Zvonimira s lentom i Danicom, Redom kneza Domagoja s ogrlicom, Redom Nikole \u0160ubi\u0107a Zrinskog, Redom Ante Star\u010devi\u0107a, Redom Stjepana Radi\u0107a, Redom hrvatskoga trolista, Medaljom za Bljesak, Medaljom za Ljeto 95, Medaljom za Oluju i Medaljom za iznimne pothvate. Nositelj je Spomenice Domovinskoga rata i Spomenice domovinske zahvalnosti.<\/p>\n\n\n\n<p>Umro je u Zagrebu 3. svibnja 1998. Posmrtno je 5. svibnja 1998. promaknut u \u010din sto\u017eernoga generala Hrvatske vojske.<\/p>\n\n\n\n<iframe loading=\"lazy\" width=\"560\" height=\"315\" src=\"https:\/\/www.youtube.com\/embed\/1xByZCCHGFQ\" title=\"YouTube video player\" frameborder=\"0\" allow=\"accelerometer; autoplay; clipboard-write; encrypted-media; gyroscope; picture-in-picture\" allowfullscreen><\/iframe>\n\n\n\n<p><strong>Izvor: Vrisak.info<\/strong><\/p>\n","protected":false},"excerpt":{"rendered":"<p>Gojko \u0160u\u0161ak, ministar obrane Republike Hrvatske od 1991. do svoje smrti 1998. godine, bio je jedan od najbli\u017eih suradnika predsjednika dr. Franje Tu\u0111mana. Kao ratni ministar dao je nemjerljiv doprinos u ustrojavanju, ja\u010danju i ratnim operacijama Hrvatske vojske i stvaranju neovisne dr\u017eave Hrvatske. U sredi\u0161tu \u0160irokog Brijega, 31. svibnja 2008. otkriven je spomenik Gojku \u0160u\u0161ku [&hellip;]<\/p>\n","protected":false},"author":2,"featured_media":18064,"comment_status":"closed","ping_status":"closed","sticky":false,"template":"","format":"standard","meta":{"h5ap_radio_sources":[],"footnotes":""},"categories":[1],"tags":[],"class_list":["post-18063","post","type-post","status-publish","format-standard","has-post-thumbnail","hentry","category-bihiregija"],"yoast_head":"<!-- This site is optimized with the Yoast SEO plugin v27.5 - https:\/\/yoast.com\/product\/yoast-seo-wordpress\/ -->\n<title>23. godi\u0161njica smrti Gojka \u0160u\u0161ka - RADIO LJUBU\u0160KI<\/title>\n<meta name=\"robots\" content=\"index, follow, max-snippet:-1, max-image-preview:large, max-video-preview:-1\" \/>\n<link rel=\"canonical\" href=\"https:\/\/radioljubuski.ba\/index.php\/2021\/05\/03\/23-godisnjica-smrti-gojka-suska\/\" \/>\n<meta property=\"og:locale\" content=\"hr_HR\" \/>\n<meta property=\"og:type\" content=\"article\" \/>\n<meta property=\"og:title\" content=\"23. godi\u0161njica smrti Gojka \u0160u\u0161ka - RADIO LJUBU\u0160KI\" \/>\n<meta property=\"og:description\" content=\"Gojko \u0160u\u0161ak, ministar obrane Republike Hrvatske od 1991. do svoje smrti 1998. godine, bio je jedan od najbli\u017eih suradnika predsjednika dr. Franje Tu\u0111mana. Kao ratni ministar dao je nemjerljiv doprinos u ustrojavanju, ja\u010danju i ratnim operacijama Hrvatske vojske i stvaranju neovisne dr\u017eave Hrvatske. U sredi\u0161tu \u0160irokog Brijega, 31. svibnja 2008. otkriven je spomenik Gojku \u0160u\u0161ku [&hellip;]\" \/>\n<meta property=\"og:url\" content=\"https:\/\/radioljubuski.ba\/index.php\/2021\/05\/03\/23-godisnjica-smrti-gojka-suska\/\" \/>\n<meta property=\"og:site_name\" content=\"RADIO LJUBU\u0160KI\" \/>\n<meta property=\"article:publisher\" content=\"https:\/\/www.facebook.com\/Radiio-Ljubuski-1490835324566332\" \/>\n<meta property=\"article:published_time\" content=\"2021-05-03T07:22:53+00:00\" \/>\n<meta property=\"article:modified_time\" content=\"2021-05-03T07:22:54+00:00\" \/>\n<meta property=\"og:image\" content=\"https:\/\/radioljubuski.ba\/wp-content\/uploads\/2021\/05\/susak.jpeg\" \/>\n\t<meta property=\"og:image:width\" content=\"750\" \/>\n\t<meta property=\"og:image:height\" content=\"486\" \/>\n\t<meta property=\"og:image:type\" content=\"image\/jpeg\" \/>\n<meta name=\"author\" content=\"Radio Ljubu\u0161ki\" \/>\n<meta name=\"twitter:card\" content=\"summary_large_image\" \/>\n<meta name=\"twitter:creator\" content=\"@radioljubuski\" \/>\n<meta name=\"twitter:site\" content=\"@radioljubuski\" \/>\n<meta name=\"twitter:label1\" content=\"Napisao\/la\" \/>\n\t<meta name=\"twitter:data1\" content=\"Radio Ljubu\u0161ki\" \/>\n\t<meta name=\"twitter:label2\" content=\"Procijenjeno vrijeme \u010ditanja\" \/>\n\t<meta name=\"twitter:data2\" content=\"1 minuta\" \/>\n<script type=\"application\/ld+json\" class=\"yoast-schema-graph\">{\"@context\":\"https:\\\/\\\/schema.org\",\"@graph\":[{\"@type\":\"Article\",\"@id\":\"https:\\\/\\\/radioljubuski.ba\\\/index.php\\\/2021\\\/05\\\/03\\\/23-godisnjica-smrti-gojka-suska\\\/#article\",\"isPartOf\":{\"@id\":\"https:\\\/\\\/radioljubuski.ba\\\/index.php\\\/2021\\\/05\\\/03\\\/23-godisnjica-smrti-gojka-suska\\\/\"},\"author\":{\"name\":\"Radio Ljubu\u0161ki\",\"@id\":\"https:\\\/\\\/radioljubuski.ba\\\/#\\\/schema\\\/person\\\/19fc700381a780f69665d7956c469e3b\"},\"headline\":\"23. godi\u0161njica smrti Gojka \u0160u\u0161ka\",\"datePublished\":\"2021-05-03T07:22:53+00:00\",\"dateModified\":\"2021-05-03T07:22:54+00:00\",\"mainEntityOfPage\":{\"@id\":\"https:\\\/\\\/radioljubuski.ba\\\/index.php\\\/2021\\\/05\\\/03\\\/23-godisnjica-smrti-gojka-suska\\\/\"},\"wordCount\":227,\"publisher\":{\"@id\":\"https:\\\/\\\/radioljubuski.ba\\\/#organization\"},\"image\":{\"@id\":\"https:\\\/\\\/radioljubuski.ba\\\/index.php\\\/2021\\\/05\\\/03\\\/23-godisnjica-smrti-gojka-suska\\\/#primaryimage\"},\"thumbnailUrl\":\"https:\\\/\\\/radioljubuski.ba\\\/wp-content\\\/uploads\\\/2021\\\/05\\\/susak.jpeg\",\"articleSection\":[\"BIH i regija\"],\"inLanguage\":\"hr\"},{\"@type\":\"WebPage\",\"@id\":\"https:\\\/\\\/radioljubuski.ba\\\/index.php\\\/2021\\\/05\\\/03\\\/23-godisnjica-smrti-gojka-suska\\\/\",\"url\":\"https:\\\/\\\/radioljubuski.ba\\\/index.php\\\/2021\\\/05\\\/03\\\/23-godisnjica-smrti-gojka-suska\\\/\",\"name\":\"23. godi\u0161njica smrti Gojka \u0160u\u0161ka - RADIO LJUBU\u0160KI\",\"isPartOf\":{\"@id\":\"https:\\\/\\\/radioljubuski.ba\\\/#website\"},\"primaryImageOfPage\":{\"@id\":\"https:\\\/\\\/radioljubuski.ba\\\/index.php\\\/2021\\\/05\\\/03\\\/23-godisnjica-smrti-gojka-suska\\\/#primaryimage\"},\"image\":{\"@id\":\"https:\\\/\\\/radioljubuski.ba\\\/index.php\\\/2021\\\/05\\\/03\\\/23-godisnjica-smrti-gojka-suska\\\/#primaryimage\"},\"thumbnailUrl\":\"https:\\\/\\\/radioljubuski.ba\\\/wp-content\\\/uploads\\\/2021\\\/05\\\/susak.jpeg\",\"datePublished\":\"2021-05-03T07:22:53+00:00\",\"dateModified\":\"2021-05-03T07:22:54+00:00\",\"breadcrumb\":{\"@id\":\"https:\\\/\\\/radioljubuski.ba\\\/index.php\\\/2021\\\/05\\\/03\\\/23-godisnjica-smrti-gojka-suska\\\/#breadcrumb\"},\"inLanguage\":\"hr\",\"potentialAction\":[{\"@type\":\"ReadAction\",\"target\":[\"https:\\\/\\\/radioljubuski.ba\\\/index.php\\\/2021\\\/05\\\/03\\\/23-godisnjica-smrti-gojka-suska\\\/\"]}]},{\"@type\":\"ImageObject\",\"inLanguage\":\"hr\",\"@id\":\"https:\\\/\\\/radioljubuski.ba\\\/index.php\\\/2021\\\/05\\\/03\\\/23-godisnjica-smrti-gojka-suska\\\/#primaryimage\",\"url\":\"https:\\\/\\\/radioljubuski.ba\\\/wp-content\\\/uploads\\\/2021\\\/05\\\/susak.jpeg\",\"contentUrl\":\"https:\\\/\\\/radioljubuski.ba\\\/wp-content\\\/uploads\\\/2021\\\/05\\\/susak.jpeg\",\"width\":750,\"height\":486},{\"@type\":\"BreadcrumbList\",\"@id\":\"https:\\\/\\\/radioljubuski.ba\\\/index.php\\\/2021\\\/05\\\/03\\\/23-godisnjica-smrti-gojka-suska\\\/#breadcrumb\",\"itemListElement\":[{\"@type\":\"ListItem\",\"position\":1,\"name\":\"Po\u010detna stranica\",\"item\":\"https:\\\/\\\/radioljubuski.ba\\\/\"},{\"@type\":\"ListItem\",\"position\":2,\"name\":\"23. godi\u0161njica smrti Gojka \u0160u\u0161ka\"}]},{\"@type\":\"WebSite\",\"@id\":\"https:\\\/\\\/radioljubuski.ba\\\/#website\",\"url\":\"https:\\\/\\\/radioljubuski.ba\\\/\",\"name\":\"Radio Ljubu\u0161ki\",\"description\":\"Sun\u010dana frekvencija Hercegovine\",\"publisher\":{\"@id\":\"https:\\\/\\\/radioljubuski.ba\\\/#organization\"},\"potentialAction\":[{\"@type\":\"SearchAction\",\"target\":{\"@type\":\"EntryPoint\",\"urlTemplate\":\"https:\\\/\\\/radioljubuski.ba\\\/?s={search_term_string}\"},\"query-input\":{\"@type\":\"PropertyValueSpecification\",\"valueRequired\":true,\"valueName\":\"search_term_string\"}}],\"inLanguage\":\"hr\"},{\"@type\":\"Organization\",\"@id\":\"https:\\\/\\\/radioljubuski.ba\\\/#organization\",\"name\":\"Radio Ljubu\u0161ki\",\"url\":\"https:\\\/\\\/radioljubuski.ba\\\/\",\"logo\":{\"@type\":\"ImageObject\",\"inLanguage\":\"hr\",\"@id\":\"https:\\\/\\\/radioljubuski.ba\\\/#\\\/schema\\\/logo\\\/image\\\/\",\"url\":\"https:\\\/\\\/radioljubuski.ba\\\/wp-content\\\/uploads\\\/2021\\\/02\\\/cropped-Radio_Ljubuski_logo1.jpg\",\"contentUrl\":\"https:\\\/\\\/radioljubuski.ba\\\/wp-content\\\/uploads\\\/2021\\\/02\\\/cropped-Radio_Ljubuski_logo1.jpg\",\"width\":512,\"height\":512,\"caption\":\"Radio Ljubu\u0161ki\"},\"image\":{\"@id\":\"https:\\\/\\\/radioljubuski.ba\\\/#\\\/schema\\\/logo\\\/image\\\/\"},\"sameAs\":[\"https:\\\/\\\/www.facebook.com\\\/Radiio-Ljubuski-1490835324566332\",\"https:\\\/\\\/x.com\\\/radioljubuski\",\"https:\\\/\\\/hr.linkedin.com\\\/company\\\/radio-ljubuski\",\"https:\\\/\\\/www.youtube.com\\\/channel\\\/UCHYaeO_n0Db3tjNGudGpXyw\"]},{\"@type\":\"Person\",\"@id\":\"https:\\\/\\\/radioljubuski.ba\\\/#\\\/schema\\\/person\\\/19fc700381a780f69665d7956c469e3b\",\"name\":\"Radio Ljubu\u0161ki\"}]}<\/script>\n<!-- \/ Yoast SEO plugin. -->","yoast_head_json":{"title":"23. godi\u0161njica smrti Gojka \u0160u\u0161ka - RADIO LJUBU\u0160KI","robots":{"index":"index","follow":"follow","max-snippet":"max-snippet:-1","max-image-preview":"max-image-preview:large","max-video-preview":"max-video-preview:-1"},"canonical":"https:\/\/radioljubuski.ba\/index.php\/2021\/05\/03\/23-godisnjica-smrti-gojka-suska\/","og_locale":"hr_HR","og_type":"article","og_title":"23. godi\u0161njica smrti Gojka \u0160u\u0161ka - RADIO LJUBU\u0160KI","og_description":"Gojko \u0160u\u0161ak, ministar obrane Republike Hrvatske od 1991. do svoje smrti 1998. godine, bio je jedan od najbli\u017eih suradnika predsjednika dr. Franje Tu\u0111mana. Kao ratni ministar dao je nemjerljiv doprinos u ustrojavanju, ja\u010danju i ratnim operacijama Hrvatske vojske i stvaranju neovisne dr\u017eave Hrvatske. U sredi\u0161tu \u0160irokog Brijega, 31. svibnja 2008. otkriven je spomenik Gojku \u0160u\u0161ku [&hellip;]","og_url":"https:\/\/radioljubuski.ba\/index.php\/2021\/05\/03\/23-godisnjica-smrti-gojka-suska\/","og_site_name":"RADIO LJUBU\u0160KI","article_publisher":"https:\/\/www.facebook.com\/Radiio-Ljubuski-1490835324566332","article_published_time":"2021-05-03T07:22:53+00:00","article_modified_time":"2021-05-03T07:22:54+00:00","og_image":[{"width":750,"height":486,"url":"https:\/\/radioljubuski.ba\/wp-content\/uploads\/2021\/05\/susak.jpeg","type":"image\/jpeg"}],"author":"Radio Ljubu\u0161ki","twitter_card":"summary_large_image","twitter_creator":"@radioljubuski","twitter_site":"@radioljubuski","twitter_misc":{"Napisao\/la":"Radio Ljubu\u0161ki","Procijenjeno vrijeme \u010ditanja":"1 minuta"},"schema":{"@context":"https:\/\/schema.org","@graph":[{"@type":"Article","@id":"https:\/\/radioljubuski.ba\/index.php\/2021\/05\/03\/23-godisnjica-smrti-gojka-suska\/#article","isPartOf":{"@id":"https:\/\/radioljubuski.ba\/index.php\/2021\/05\/03\/23-godisnjica-smrti-gojka-suska\/"},"author":{"name":"Radio Ljubu\u0161ki","@id":"https:\/\/radioljubuski.ba\/#\/schema\/person\/19fc700381a780f69665d7956c469e3b"},"headline":"23. godi\u0161njica smrti Gojka \u0160u\u0161ka","datePublished":"2021-05-03T07:22:53+00:00","dateModified":"2021-05-03T07:22:54+00:00","mainEntityOfPage":{"@id":"https:\/\/radioljubuski.ba\/index.php\/2021\/05\/03\/23-godisnjica-smrti-gojka-suska\/"},"wordCount":227,"publisher":{"@id":"https:\/\/radioljubuski.ba\/#organization"},"image":{"@id":"https:\/\/radioljubuski.ba\/index.php\/2021\/05\/03\/23-godisnjica-smrti-gojka-suska\/#primaryimage"},"thumbnailUrl":"https:\/\/radioljubuski.ba\/wp-content\/uploads\/2021\/05\/susak.jpeg","articleSection":["BIH i regija"],"inLanguage":"hr"},{"@type":"WebPage","@id":"https:\/\/radioljubuski.ba\/index.php\/2021\/05\/03\/23-godisnjica-smrti-gojka-suska\/","url":"https:\/\/radioljubuski.ba\/index.php\/2021\/05\/03\/23-godisnjica-smrti-gojka-suska\/","name":"23. godi\u0161njica smrti Gojka \u0160u\u0161ka - RADIO LJUBU\u0160KI","isPartOf":{"@id":"https:\/\/radioljubuski.ba\/#website"},"primaryImageOfPage":{"@id":"https:\/\/radioljubuski.ba\/index.php\/2021\/05\/03\/23-godisnjica-smrti-gojka-suska\/#primaryimage"},"image":{"@id":"https:\/\/radioljubuski.ba\/index.php\/2021\/05\/03\/23-godisnjica-smrti-gojka-suska\/#primaryimage"},"thumbnailUrl":"https:\/\/radioljubuski.ba\/wp-content\/uploads\/2021\/05\/susak.jpeg","datePublished":"2021-05-03T07:22:53+00:00","dateModified":"2021-05-03T07:22:54+00:00","breadcrumb":{"@id":"https:\/\/radioljubuski.ba\/index.php\/2021\/05\/03\/23-godisnjica-smrti-gojka-suska\/#breadcrumb"},"inLanguage":"hr","potentialAction":[{"@type":"ReadAction","target":["https:\/\/radioljubuski.ba\/index.php\/2021\/05\/03\/23-godisnjica-smrti-gojka-suska\/"]}]},{"@type":"ImageObject","inLanguage":"hr","@id":"https:\/\/radioljubuski.ba\/index.php\/2021\/05\/03\/23-godisnjica-smrti-gojka-suska\/#primaryimage","url":"https:\/\/radioljubuski.ba\/wp-content\/uploads\/2021\/05\/susak.jpeg","contentUrl":"https:\/\/radioljubuski.ba\/wp-content\/uploads\/2021\/05\/susak.jpeg","width":750,"height":486},{"@type":"BreadcrumbList","@id":"https:\/\/radioljubuski.ba\/index.php\/2021\/05\/03\/23-godisnjica-smrti-gojka-suska\/#breadcrumb","itemListElement":[{"@type":"ListItem","position":1,"name":"Po\u010detna stranica","item":"https:\/\/radioljubuski.ba\/"},{"@type":"ListItem","position":2,"name":"23. godi\u0161njica smrti Gojka \u0160u\u0161ka"}]},{"@type":"WebSite","@id":"https:\/\/radioljubuski.ba\/#website","url":"https:\/\/radioljubuski.ba\/","name":"Radio Ljubu\u0161ki","description":"Sun\u010dana frekvencija Hercegovine","publisher":{"@id":"https:\/\/radioljubuski.ba\/#organization"},"potentialAction":[{"@type":"SearchAction","target":{"@type":"EntryPoint","urlTemplate":"https:\/\/radioljubuski.ba\/?s={search_term_string}"},"query-input":{"@type":"PropertyValueSpecification","valueRequired":true,"valueName":"search_term_string"}}],"inLanguage":"hr"},{"@type":"Organization","@id":"https:\/\/radioljubuski.ba\/#organization","name":"Radio Ljubu\u0161ki","url":"https:\/\/radioljubuski.ba\/","logo":{"@type":"ImageObject","inLanguage":"hr","@id":"https:\/\/radioljubuski.ba\/#\/schema\/logo\/image\/","url":"https:\/\/radioljubuski.ba\/wp-content\/uploads\/2021\/02\/cropped-Radio_Ljubuski_logo1.jpg","contentUrl":"https:\/\/radioljubuski.ba\/wp-content\/uploads\/2021\/02\/cropped-Radio_Ljubuski_logo1.jpg","width":512,"height":512,"caption":"Radio Ljubu\u0161ki"},"image":{"@id":"https:\/\/radioljubuski.ba\/#\/schema\/logo\/image\/"},"sameAs":["https:\/\/www.facebook.com\/Radiio-Ljubuski-1490835324566332","https:\/\/x.com\/radioljubuski","https:\/\/hr.linkedin.com\/company\/radio-ljubuski","https:\/\/www.youtube.com\/channel\/UCHYaeO_n0Db3tjNGudGpXyw"]},{"@type":"Person","@id":"https:\/\/radioljubuski.ba\/#\/schema\/person\/19fc700381a780f69665d7956c469e3b","name":"Radio Ljubu\u0161ki"}]}},"_links":{"self":[{"href":"https:\/\/radioljubuski.ba\/index.php\/wp-json\/wp\/v2\/posts\/18063","targetHints":{"allow":["GET"]}}],"collection":[{"href":"https:\/\/radioljubuski.ba\/index.php\/wp-json\/wp\/v2\/posts"}],"about":[{"href":"https:\/\/radioljubuski.ba\/index.php\/wp-json\/wp\/v2\/types\/post"}],"author":[{"embeddable":true,"href":"https:\/\/radioljubuski.ba\/index.php\/wp-json\/wp\/v2\/users\/2"}],"replies":[{"embeddable":true,"href":"https:\/\/radioljubuski.ba\/index.php\/wp-json\/wp\/v2\/comments?post=18063"}],"version-history":[{"count":1,"href":"https:\/\/radioljubuski.ba\/index.php\/wp-json\/wp\/v2\/posts\/18063\/revisions"}],"predecessor-version":[{"id":18065,"href":"https:\/\/radioljubuski.ba\/index.php\/wp-json\/wp\/v2\/posts\/18063\/revisions\/18065"}],"wp:featuredmedia":[{"embeddable":true,"href":"https:\/\/radioljubuski.ba\/index.php\/wp-json\/wp\/v2\/media\/18064"}],"wp:attachment":[{"href":"https:\/\/radioljubuski.ba\/index.php\/wp-json\/wp\/v2\/media?parent=18063"}],"wp:term":[{"taxonomy":"category","embeddable":true,"href":"https:\/\/radioljubuski.ba\/index.php\/wp-json\/wp\/v2\/categories?post=18063"},{"taxonomy":"post_tag","embeddable":true,"href":"https:\/\/radioljubuski.ba\/index.php\/wp-json\/wp\/v2\/tags?post=18063"}],"curies":[{"name":"wp","href":"https:\/\/api.w.org\/{rel}","templated":true}]}}