{"id":181232,"date":"2022-09-17T23:36:03","date_gmt":"2022-09-17T22:36:03","guid":{"rendered":"https:\/\/radioljubuski.ba\/?p=181232"},"modified":"2022-09-17T23:36:04","modified_gmt":"2022-09-17T22:36:04","slug":"david-je-karlu-vozio-kuci-nakon-izlaska-sjeli-su-u-bmw-i-poginuli","status":"publish","type":"post","link":"https:\/\/radioljubuski.ba\/index.php\/2022\/09\/17\/david-je-karlu-vozio-kuci-nakon-izlaska-sjeli-su-u-bmw-i-poginuli\/","title":{"rendered":"David je Karlu vozio ku\u0107i nakon izlaska, sjeli su u BMW i poginuli"},"content":{"rendered":"\n<p><strong>Stravi\u010dan udar prolomio se Ulicom Alojzija Stepinca u Vinkovcima u no\u0107i s petka na subote. Iako je bilo \u010detiri sata ujutro kroz prozore obli\u017enjih ku\u0107a provirili su znati\u017eeljni pogledi, a neki su i istr\u010dali van u ki\u0161nu no\u0107 gledaju\u0107i u nevjerici stravi\u010dan prizor. Naime, bijeli BMW vinkova\u010dkih registarskih oznaka doimao se gotovo prepolovljen nakon \u0161to se obavio oko debelog stabla. Unutra je sjedilo dvoje mladih koji nisu pokazivali znakove \u017eivota.<\/strong><\/p>\n\n\n\n<figure class=\"wp-block-embed is-type-wp-embed is-provider-radio-ljubuski wp-block-embed-radio-ljubuski\"><div class=\"wp-block-embed__wrapper\">\n<blockquote class=\"wp-embedded-content\" data-secret=\"qoOOReZLHh\"><a href=\"https:\/\/radioljubuski.ba\/index.php\/2022\/09\/17\/mladic-izgubio-kontrolu-nad-vozilom-pa-odvezao-sebe-i-djevojku-u-smrt-policija-objavila-detalje-nesrece\/\">Mladi\u0107 izgubio kontrolu nad vozilom, pa odvezao sebe i djevojku u smrt. Policija objavila detalje nesre\u0107e<\/a><\/blockquote><iframe loading=\"lazy\" class=\"wp-embedded-content\" sandbox=\"allow-scripts\" security=\"restricted\" style=\"position: absolute; clip: rect(1px, 1px, 1px, 1px);\" title=\"&#8220;Mladi\u0107 izgubio kontrolu nad vozilom, pa odvezao sebe i djevojku u smrt. Policija objavila detalje nesre\u0107e&#8221; &#8212;   RADIO LJUBU\u0160KI\" src=\"https:\/\/radioljubuski.ba\/index.php\/2022\/09\/17\/mladic-izgubio-kontrolu-nad-vozilom-pa-odvezao-sebe-i-djevojku-u-smrt-policija-objavila-detalje-nesrece\/embed\/#?secret=pzmOevS8kR#?secret=qoOOReZLHh\" data-secret=\"qoOOReZLHh\" width=\"600\" height=\"338\" frameborder=\"0\" marginwidth=\"0\" marginheight=\"0\" scrolling=\"no\"><\/iframe>\n<\/div><\/figure>\n\n\n\n<p>\u2013 Stvarno ru\u017ean prizor, jako ru\u017ean \u2013 rekao je Vinkov\u010danin za 24sata.hr koji se prvi na\u0161ao pored automobila nakon \u0161to je voza\u010d sletio s ceste.<\/p>\n\n\n\n<p>\u2013 Ki\u0161a je padala cijelu no\u0107, a traju Vinkova\u010dke jeseni, pa su se oni vjerojatno vra\u0107ali iz grada. BMW, stra\u017enja vu\u010da, skliska cesta, malo ve\u0107a brzina, nepa\u017enja i, eto, jo\u0161 dvoje mladih mrtvih \u2013 vrtio je glavom zabrinuto Vinkov\u010danin. Policija je u subotu ujutro potvrdila da su u nesre\u0107i poginule dvije osobe. Radi se o Karli I. (20) iz vinkova\u010dkog Novog sela i Davidu M. (27) iz Vinkovaca koji je vozio BMW. Oni su se doista dru\u017eili po gradskim kafi\u0107ima gdje se proslavljaju Vinkova\u010dke jeseni, tijekom kojih u gradu bude velik broj posjetitelja i mladih. U nekom trenutku Karla je pitala Davida bi li ju htio odvesti ku\u0107i. Sjeli su u njegov BMW i krenuli. Na cesti u Stepin\u010devoj ulici dozvoljena je brzina 70 kilometara na sat, a David je vozio daleko vi\u0161e.<\/p>\n\n\n\n<figure class=\"wp-block-image\"><img decoding=\"async\" src=\"https:\/\/hms.ba\/wp-content\/uploads\/2022\/09\/vinkovci-nesreca.jpg\" alt=\"\"\/><\/figure>\n\n\n\n<p>\u2013 Dolaskom do mjesta prometne nesre\u0107e uslijed neprilago\u0111ene brzine voza\u010d je izgubio kontrolu nad vozilom, zbog \u010dega je sletio sa ceste na zelenu povr\u0161inu a potom bo\u010dno udario u drvo. U nesre\u0107i su smrtno stradali i voza\u010d i putnica. Zamjenica Op\u0107inskog dr\u017eavnog odvjetni\u0161tva u Vinkovcima nalo\u017eila je obdukciju tijela \u2013 stoji u priop\u0107enju PU Vukovarsko-srijemske.<\/p>\n\n\n\n<p>\u2013 Ona je bila jako dobra djevojka. Bavila se sportom, igrala je \u017eenski nogomet za NK Dilj i u slobodno vrijeme bavila se manekenstvom. Nosila je revije posljednjih pet godina po Slavoniji. \u010cak je i ve\u010der prije nego \u0107e nastradati nosila modnu reviju organiziranu u sklopu proslave Vinkova\u010dkih jeseni. Svi smo ju fotografirali i objavili ju na Facebooku jer je bila prekrasna. Sada smo u \u0161oku i ne vjerujemo da im se to dogodilo \u2013 ka\u017eu za 24sata Karlini prijatelji iz Vinkovaca dodaju\u0107i kako su Karla i David M. kobne ve\u010deri bili zajedno u gradu.<\/p>\n\n\n\n<p>Nepoznato je je li David konzumirao alkohol prije nego je sjeo za volan ili ne. To \u0107e biti utvr\u0111eno obdukcijom.<\/p>\n\n\n\n<p>Odmah nakon nesre\u0107e policija je krenula s uvi\u0111ajem, a tek se u svitanje otkrilo u kakvom je stravi\u010dnom stanju bio BMW nakon slijetanja s ceste. Da bi mladi\u0107a i djevojku izvukli iz automobila, morali su intervenirati i vatrogasci koji su rezali dijelove lima kako bi do\u0161li do njih. Na \u017ealost, nije im bilo pomo\u0107i jer su poginuli na licu mjesta.<\/p>\n\n\n\n<p>Nastradali mladi\u0107 David BMW je kupio proljetos. Bila mu je \u017eelja voziti takav auto. Radio je u vinkova\u010dkom muzeju i pomagao roditeljima voditi restoran na Sopotu. I on je, ve\u010der prije tragedije, bio na Vinkova\u010dkim jesenima i u publici gledao Karlu dok je nosila reviju. Ne\u0161to kasnije kamera slu\u017ebenog fotografa \u201cjeseni\u201d uhvatila ga je tijekom izlaska i istoga dana kada \u0107e nastradati njegova je slika objavljena na Facebooku. Te su dvije fotografije njihovi posljednji trenuci s prijateljima koji se danas od njih opra\u0161taju.<\/p>\n\n\n\n<p>\/HMS\/<\/p>\n","protected":false},"excerpt":{"rendered":"<p>Stravi\u010dan udar prolomio se Ulicom Alojzija Stepinca u Vinkovcima u no\u0107i s petka na subote. Iako je bilo \u010detiri sata ujutro kroz prozore obli\u017enjih ku\u0107a provirili su znati\u017eeljni pogledi, a neki su i istr\u010dali van u ki\u0161nu no\u0107 gledaju\u0107i u nevjerici stravi\u010dan prizor. Naime, bijeli BMW vinkova\u010dkih registarskih oznaka doimao se gotovo prepolovljen nakon \u0161to [&hellip;]<\/p>\n","protected":false},"author":2,"featured_media":181233,"comment_status":"closed","ping_status":"closed","sticky":false,"template":"","format":"standard","meta":{"h5ap_radio_sources":[],"footnotes":""},"categories":[1],"tags":[],"class_list":["post-181232","post","type-post","status-publish","format-standard","has-post-thumbnail","hentry","category-bihiregija"],"yoast_head":"<!-- This site is optimized with the Yoast SEO plugin v27.5 - https:\/\/yoast.com\/product\/yoast-seo-wordpress\/ -->\n<title>David je Karlu vozio ku\u0107i nakon izlaska, sjeli su u BMW i poginuli - RADIO LJUBU\u0160KI<\/title>\n<meta name=\"robots\" content=\"index, follow, max-snippet:-1, max-image-preview:large, max-video-preview:-1\" \/>\n<link rel=\"canonical\" href=\"https:\/\/radioljubuski.ba\/index.php\/2022\/09\/17\/david-je-karlu-vozio-kuci-nakon-izlaska-sjeli-su-u-bmw-i-poginuli\/\" \/>\n<meta property=\"og:locale\" content=\"hr_HR\" \/>\n<meta property=\"og:type\" content=\"article\" \/>\n<meta property=\"og:title\" content=\"David je Karlu vozio ku\u0107i nakon izlaska, sjeli su u BMW i poginuli - RADIO LJUBU\u0160KI\" \/>\n<meta property=\"og:description\" content=\"Stravi\u010dan udar prolomio se Ulicom Alojzija Stepinca u Vinkovcima u no\u0107i s petka na subote. Iako je bilo \u010detiri sata ujutro kroz prozore obli\u017enjih ku\u0107a provirili su znati\u017eeljni pogledi, a neki su i istr\u010dali van u ki\u0161nu no\u0107 gledaju\u0107i u nevjerici stravi\u010dan prizor. Naime, bijeli BMW vinkova\u010dkih registarskih oznaka doimao se gotovo prepolovljen nakon \u0161to [&hellip;]\" \/>\n<meta property=\"og:url\" content=\"https:\/\/radioljubuski.ba\/index.php\/2022\/09\/17\/david-je-karlu-vozio-kuci-nakon-izlaska-sjeli-su-u-bmw-i-poginuli\/\" \/>\n<meta property=\"og:site_name\" content=\"RADIO LJUBU\u0160KI\" \/>\n<meta property=\"article:publisher\" content=\"https:\/\/www.facebook.com\/Radiio-Ljubuski-1490835324566332\" \/>\n<meta property=\"article:published_time\" content=\"2022-09-17T22:36:03+00:00\" \/>\n<meta property=\"article:modified_time\" content=\"2022-09-17T22:36:04+00:00\" \/>\n<meta property=\"og:image\" content=\"https:\/\/radioljubuski.ba\/wp-content\/uploads\/2022\/09\/david-i-karla.jpg\" \/>\n\t<meta property=\"og:image:width\" content=\"750\" \/>\n\t<meta property=\"og:image:height\" content=\"465\" \/>\n\t<meta property=\"og:image:type\" content=\"image\/jpeg\" \/>\n<meta name=\"author\" content=\"Radio Ljubu\u0161ki\" \/>\n<meta name=\"twitter:card\" content=\"summary_large_image\" \/>\n<meta name=\"twitter:creator\" content=\"@radioljubuski\" \/>\n<meta name=\"twitter:site\" content=\"@radioljubuski\" \/>\n<meta name=\"twitter:label1\" content=\"Napisao\/la\" \/>\n\t<meta name=\"twitter:data1\" content=\"Radio Ljubu\u0161ki\" \/>\n\t<meta name=\"twitter:label2\" content=\"Procijenjeno vrijeme \u010ditanja\" \/>\n\t<meta name=\"twitter:data2\" content=\"3 minute\" \/>\n<script type=\"application\/ld+json\" class=\"yoast-schema-graph\">{\"@context\":\"https:\\\/\\\/schema.org\",\"@graph\":[{\"@type\":\"Article\",\"@id\":\"https:\\\/\\\/radioljubuski.ba\\\/index.php\\\/2022\\\/09\\\/17\\\/david-je-karlu-vozio-kuci-nakon-izlaska-sjeli-su-u-bmw-i-poginuli\\\/#article\",\"isPartOf\":{\"@id\":\"https:\\\/\\\/radioljubuski.ba\\\/index.php\\\/2022\\\/09\\\/17\\\/david-je-karlu-vozio-kuci-nakon-izlaska-sjeli-su-u-bmw-i-poginuli\\\/\"},\"author\":{\"name\":\"Radio Ljubu\u0161ki\",\"@id\":\"https:\\\/\\\/radioljubuski.ba\\\/#\\\/schema\\\/person\\\/19fc700381a780f69665d7956c469e3b\"},\"headline\":\"David je Karlu vozio ku\u0107i nakon izlaska, sjeli su u BMW i poginuli\",\"datePublished\":\"2022-09-17T22:36:03+00:00\",\"dateModified\":\"2022-09-17T22:36:04+00:00\",\"mainEntityOfPage\":{\"@id\":\"https:\\\/\\\/radioljubuski.ba\\\/index.php\\\/2022\\\/09\\\/17\\\/david-je-karlu-vozio-kuci-nakon-izlaska-sjeli-su-u-bmw-i-poginuli\\\/\"},\"wordCount\":610,\"publisher\":{\"@id\":\"https:\\\/\\\/radioljubuski.ba\\\/#organization\"},\"image\":{\"@id\":\"https:\\\/\\\/radioljubuski.ba\\\/index.php\\\/2022\\\/09\\\/17\\\/david-je-karlu-vozio-kuci-nakon-izlaska-sjeli-su-u-bmw-i-poginuli\\\/#primaryimage\"},\"thumbnailUrl\":\"https:\\\/\\\/radioljubuski.ba\\\/wp-content\\\/uploads\\\/2022\\\/09\\\/david-i-karla.jpg\",\"articleSection\":[\"BIH i regija\"],\"inLanguage\":\"hr\"},{\"@type\":\"WebPage\",\"@id\":\"https:\\\/\\\/radioljubuski.ba\\\/index.php\\\/2022\\\/09\\\/17\\\/david-je-karlu-vozio-kuci-nakon-izlaska-sjeli-su-u-bmw-i-poginuli\\\/\",\"url\":\"https:\\\/\\\/radioljubuski.ba\\\/index.php\\\/2022\\\/09\\\/17\\\/david-je-karlu-vozio-kuci-nakon-izlaska-sjeli-su-u-bmw-i-poginuli\\\/\",\"name\":\"David je Karlu vozio ku\u0107i nakon izlaska, sjeli su u BMW i poginuli - RADIO LJUBU\u0160KI\",\"isPartOf\":{\"@id\":\"https:\\\/\\\/radioljubuski.ba\\\/#website\"},\"primaryImageOfPage\":{\"@id\":\"https:\\\/\\\/radioljubuski.ba\\\/index.php\\\/2022\\\/09\\\/17\\\/david-je-karlu-vozio-kuci-nakon-izlaska-sjeli-su-u-bmw-i-poginuli\\\/#primaryimage\"},\"image\":{\"@id\":\"https:\\\/\\\/radioljubuski.ba\\\/index.php\\\/2022\\\/09\\\/17\\\/david-je-karlu-vozio-kuci-nakon-izlaska-sjeli-su-u-bmw-i-poginuli\\\/#primaryimage\"},\"thumbnailUrl\":\"https:\\\/\\\/radioljubuski.ba\\\/wp-content\\\/uploads\\\/2022\\\/09\\\/david-i-karla.jpg\",\"datePublished\":\"2022-09-17T22:36:03+00:00\",\"dateModified\":\"2022-09-17T22:36:04+00:00\",\"breadcrumb\":{\"@id\":\"https:\\\/\\\/radioljubuski.ba\\\/index.php\\\/2022\\\/09\\\/17\\\/david-je-karlu-vozio-kuci-nakon-izlaska-sjeli-su-u-bmw-i-poginuli\\\/#breadcrumb\"},\"inLanguage\":\"hr\",\"potentialAction\":[{\"@type\":\"ReadAction\",\"target\":[\"https:\\\/\\\/radioljubuski.ba\\\/index.php\\\/2022\\\/09\\\/17\\\/david-je-karlu-vozio-kuci-nakon-izlaska-sjeli-su-u-bmw-i-poginuli\\\/\"]}]},{\"@type\":\"ImageObject\",\"inLanguage\":\"hr\",\"@id\":\"https:\\\/\\\/radioljubuski.ba\\\/index.php\\\/2022\\\/09\\\/17\\\/david-je-karlu-vozio-kuci-nakon-izlaska-sjeli-su-u-bmw-i-poginuli\\\/#primaryimage\",\"url\":\"https:\\\/\\\/radioljubuski.ba\\\/wp-content\\\/uploads\\\/2022\\\/09\\\/david-i-karla.jpg\",\"contentUrl\":\"https:\\\/\\\/radioljubuski.ba\\\/wp-content\\\/uploads\\\/2022\\\/09\\\/david-i-karla.jpg\",\"width\":750,\"height\":465},{\"@type\":\"BreadcrumbList\",\"@id\":\"https:\\\/\\\/radioljubuski.ba\\\/index.php\\\/2022\\\/09\\\/17\\\/david-je-karlu-vozio-kuci-nakon-izlaska-sjeli-su-u-bmw-i-poginuli\\\/#breadcrumb\",\"itemListElement\":[{\"@type\":\"ListItem\",\"position\":1,\"name\":\"Po\u010detna stranica\",\"item\":\"https:\\\/\\\/radioljubuski.ba\\\/\"},{\"@type\":\"ListItem\",\"position\":2,\"name\":\"David je Karlu vozio ku\u0107i nakon izlaska, sjeli su u BMW i poginuli\"}]},{\"@type\":\"WebSite\",\"@id\":\"https:\\\/\\\/radioljubuski.ba\\\/#website\",\"url\":\"https:\\\/\\\/radioljubuski.ba\\\/\",\"name\":\"Radio Ljubu\u0161ki\",\"description\":\"Sun\u010dana frekvencija Hercegovine\",\"publisher\":{\"@id\":\"https:\\\/\\\/radioljubuski.ba\\\/#organization\"},\"potentialAction\":[{\"@type\":\"SearchAction\",\"target\":{\"@type\":\"EntryPoint\",\"urlTemplate\":\"https:\\\/\\\/radioljubuski.ba\\\/?s={search_term_string}\"},\"query-input\":{\"@type\":\"PropertyValueSpecification\",\"valueRequired\":true,\"valueName\":\"search_term_string\"}}],\"inLanguage\":\"hr\"},{\"@type\":\"Organization\",\"@id\":\"https:\\\/\\\/radioljubuski.ba\\\/#organization\",\"name\":\"Radio Ljubu\u0161ki\",\"url\":\"https:\\\/\\\/radioljubuski.ba\\\/\",\"logo\":{\"@type\":\"ImageObject\",\"inLanguage\":\"hr\",\"@id\":\"https:\\\/\\\/radioljubuski.ba\\\/#\\\/schema\\\/logo\\\/image\\\/\",\"url\":\"https:\\\/\\\/radioljubuski.ba\\\/wp-content\\\/uploads\\\/2021\\\/02\\\/cropped-Radio_Ljubuski_logo1.jpg\",\"contentUrl\":\"https:\\\/\\\/radioljubuski.ba\\\/wp-content\\\/uploads\\\/2021\\\/02\\\/cropped-Radio_Ljubuski_logo1.jpg\",\"width\":512,\"height\":512,\"caption\":\"Radio Ljubu\u0161ki\"},\"image\":{\"@id\":\"https:\\\/\\\/radioljubuski.ba\\\/#\\\/schema\\\/logo\\\/image\\\/\"},\"sameAs\":[\"https:\\\/\\\/www.facebook.com\\\/Radiio-Ljubuski-1490835324566332\",\"https:\\\/\\\/x.com\\\/radioljubuski\",\"https:\\\/\\\/hr.linkedin.com\\\/company\\\/radio-ljubuski\",\"https:\\\/\\\/www.youtube.com\\\/channel\\\/UCHYaeO_n0Db3tjNGudGpXyw\"]},{\"@type\":\"Person\",\"@id\":\"https:\\\/\\\/radioljubuski.ba\\\/#\\\/schema\\\/person\\\/19fc700381a780f69665d7956c469e3b\",\"name\":\"Radio Ljubu\u0161ki\"}]}<\/script>\n<!-- \/ Yoast SEO plugin. -->","yoast_head_json":{"title":"David je Karlu vozio ku\u0107i nakon izlaska, sjeli su u BMW i poginuli - RADIO LJUBU\u0160KI","robots":{"index":"index","follow":"follow","max-snippet":"max-snippet:-1","max-image-preview":"max-image-preview:large","max-video-preview":"max-video-preview:-1"},"canonical":"https:\/\/radioljubuski.ba\/index.php\/2022\/09\/17\/david-je-karlu-vozio-kuci-nakon-izlaska-sjeli-su-u-bmw-i-poginuli\/","og_locale":"hr_HR","og_type":"article","og_title":"David je Karlu vozio ku\u0107i nakon izlaska, sjeli su u BMW i poginuli - RADIO LJUBU\u0160KI","og_description":"Stravi\u010dan udar prolomio se Ulicom Alojzija Stepinca u Vinkovcima u no\u0107i s petka na subote. Iako je bilo \u010detiri sata ujutro kroz prozore obli\u017enjih ku\u0107a provirili su znati\u017eeljni pogledi, a neki su i istr\u010dali van u ki\u0161nu no\u0107 gledaju\u0107i u nevjerici stravi\u010dan prizor. Naime, bijeli BMW vinkova\u010dkih registarskih oznaka doimao se gotovo prepolovljen nakon \u0161to [&hellip;]","og_url":"https:\/\/radioljubuski.ba\/index.php\/2022\/09\/17\/david-je-karlu-vozio-kuci-nakon-izlaska-sjeli-su-u-bmw-i-poginuli\/","og_site_name":"RADIO LJUBU\u0160KI","article_publisher":"https:\/\/www.facebook.com\/Radiio-Ljubuski-1490835324566332","article_published_time":"2022-09-17T22:36:03+00:00","article_modified_time":"2022-09-17T22:36:04+00:00","og_image":[{"width":750,"height":465,"url":"https:\/\/radioljubuski.ba\/wp-content\/uploads\/2022\/09\/david-i-karla.jpg","type":"image\/jpeg"}],"author":"Radio Ljubu\u0161ki","twitter_card":"summary_large_image","twitter_creator":"@radioljubuski","twitter_site":"@radioljubuski","twitter_misc":{"Napisao\/la":"Radio Ljubu\u0161ki","Procijenjeno vrijeme \u010ditanja":"3 minute"},"schema":{"@context":"https:\/\/schema.org","@graph":[{"@type":"Article","@id":"https:\/\/radioljubuski.ba\/index.php\/2022\/09\/17\/david-je-karlu-vozio-kuci-nakon-izlaska-sjeli-su-u-bmw-i-poginuli\/#article","isPartOf":{"@id":"https:\/\/radioljubuski.ba\/index.php\/2022\/09\/17\/david-je-karlu-vozio-kuci-nakon-izlaska-sjeli-su-u-bmw-i-poginuli\/"},"author":{"name":"Radio Ljubu\u0161ki","@id":"https:\/\/radioljubuski.ba\/#\/schema\/person\/19fc700381a780f69665d7956c469e3b"},"headline":"David je Karlu vozio ku\u0107i nakon izlaska, sjeli su u BMW i poginuli","datePublished":"2022-09-17T22:36:03+00:00","dateModified":"2022-09-17T22:36:04+00:00","mainEntityOfPage":{"@id":"https:\/\/radioljubuski.ba\/index.php\/2022\/09\/17\/david-je-karlu-vozio-kuci-nakon-izlaska-sjeli-su-u-bmw-i-poginuli\/"},"wordCount":610,"publisher":{"@id":"https:\/\/radioljubuski.ba\/#organization"},"image":{"@id":"https:\/\/radioljubuski.ba\/index.php\/2022\/09\/17\/david-je-karlu-vozio-kuci-nakon-izlaska-sjeli-su-u-bmw-i-poginuli\/#primaryimage"},"thumbnailUrl":"https:\/\/radioljubuski.ba\/wp-content\/uploads\/2022\/09\/david-i-karla.jpg","articleSection":["BIH i regija"],"inLanguage":"hr"},{"@type":"WebPage","@id":"https:\/\/radioljubuski.ba\/index.php\/2022\/09\/17\/david-je-karlu-vozio-kuci-nakon-izlaska-sjeli-su-u-bmw-i-poginuli\/","url":"https:\/\/radioljubuski.ba\/index.php\/2022\/09\/17\/david-je-karlu-vozio-kuci-nakon-izlaska-sjeli-su-u-bmw-i-poginuli\/","name":"David je Karlu vozio ku\u0107i nakon izlaska, sjeli su u BMW i poginuli - RADIO LJUBU\u0160KI","isPartOf":{"@id":"https:\/\/radioljubuski.ba\/#website"},"primaryImageOfPage":{"@id":"https:\/\/radioljubuski.ba\/index.php\/2022\/09\/17\/david-je-karlu-vozio-kuci-nakon-izlaska-sjeli-su-u-bmw-i-poginuli\/#primaryimage"},"image":{"@id":"https:\/\/radioljubuski.ba\/index.php\/2022\/09\/17\/david-je-karlu-vozio-kuci-nakon-izlaska-sjeli-su-u-bmw-i-poginuli\/#primaryimage"},"thumbnailUrl":"https:\/\/radioljubuski.ba\/wp-content\/uploads\/2022\/09\/david-i-karla.jpg","datePublished":"2022-09-17T22:36:03+00:00","dateModified":"2022-09-17T22:36:04+00:00","breadcrumb":{"@id":"https:\/\/radioljubuski.ba\/index.php\/2022\/09\/17\/david-je-karlu-vozio-kuci-nakon-izlaska-sjeli-su-u-bmw-i-poginuli\/#breadcrumb"},"inLanguage":"hr","potentialAction":[{"@type":"ReadAction","target":["https:\/\/radioljubuski.ba\/index.php\/2022\/09\/17\/david-je-karlu-vozio-kuci-nakon-izlaska-sjeli-su-u-bmw-i-poginuli\/"]}]},{"@type":"ImageObject","inLanguage":"hr","@id":"https:\/\/radioljubuski.ba\/index.php\/2022\/09\/17\/david-je-karlu-vozio-kuci-nakon-izlaska-sjeli-su-u-bmw-i-poginuli\/#primaryimage","url":"https:\/\/radioljubuski.ba\/wp-content\/uploads\/2022\/09\/david-i-karla.jpg","contentUrl":"https:\/\/radioljubuski.ba\/wp-content\/uploads\/2022\/09\/david-i-karla.jpg","width":750,"height":465},{"@type":"BreadcrumbList","@id":"https:\/\/radioljubuski.ba\/index.php\/2022\/09\/17\/david-je-karlu-vozio-kuci-nakon-izlaska-sjeli-su-u-bmw-i-poginuli\/#breadcrumb","itemListElement":[{"@type":"ListItem","position":1,"name":"Po\u010detna stranica","item":"https:\/\/radioljubuski.ba\/"},{"@type":"ListItem","position":2,"name":"David je Karlu vozio ku\u0107i nakon izlaska, sjeli su u BMW i poginuli"}]},{"@type":"WebSite","@id":"https:\/\/radioljubuski.ba\/#website","url":"https:\/\/radioljubuski.ba\/","name":"Radio Ljubu\u0161ki","description":"Sun\u010dana frekvencija Hercegovine","publisher":{"@id":"https:\/\/radioljubuski.ba\/#organization"},"potentialAction":[{"@type":"SearchAction","target":{"@type":"EntryPoint","urlTemplate":"https:\/\/radioljubuski.ba\/?s={search_term_string}"},"query-input":{"@type":"PropertyValueSpecification","valueRequired":true,"valueName":"search_term_string"}}],"inLanguage":"hr"},{"@type":"Organization","@id":"https:\/\/radioljubuski.ba\/#organization","name":"Radio Ljubu\u0161ki","url":"https:\/\/radioljubuski.ba\/","logo":{"@type":"ImageObject","inLanguage":"hr","@id":"https:\/\/radioljubuski.ba\/#\/schema\/logo\/image\/","url":"https:\/\/radioljubuski.ba\/wp-content\/uploads\/2021\/02\/cropped-Radio_Ljubuski_logo1.jpg","contentUrl":"https:\/\/radioljubuski.ba\/wp-content\/uploads\/2021\/02\/cropped-Radio_Ljubuski_logo1.jpg","width":512,"height":512,"caption":"Radio Ljubu\u0161ki"},"image":{"@id":"https:\/\/radioljubuski.ba\/#\/schema\/logo\/image\/"},"sameAs":["https:\/\/www.facebook.com\/Radiio-Ljubuski-1490835324566332","https:\/\/x.com\/radioljubuski","https:\/\/hr.linkedin.com\/company\/radio-ljubuski","https:\/\/www.youtube.com\/channel\/UCHYaeO_n0Db3tjNGudGpXyw"]},{"@type":"Person","@id":"https:\/\/radioljubuski.ba\/#\/schema\/person\/19fc700381a780f69665d7956c469e3b","name":"Radio Ljubu\u0161ki"}]}},"_links":{"self":[{"href":"https:\/\/radioljubuski.ba\/index.php\/wp-json\/wp\/v2\/posts\/181232","targetHints":{"allow":["GET"]}}],"collection":[{"href":"https:\/\/radioljubuski.ba\/index.php\/wp-json\/wp\/v2\/posts"}],"about":[{"href":"https:\/\/radioljubuski.ba\/index.php\/wp-json\/wp\/v2\/types\/post"}],"author":[{"embeddable":true,"href":"https:\/\/radioljubuski.ba\/index.php\/wp-json\/wp\/v2\/users\/2"}],"replies":[{"embeddable":true,"href":"https:\/\/radioljubuski.ba\/index.php\/wp-json\/wp\/v2\/comments?post=181232"}],"version-history":[{"count":1,"href":"https:\/\/radioljubuski.ba\/index.php\/wp-json\/wp\/v2\/posts\/181232\/revisions"}],"predecessor-version":[{"id":181234,"href":"https:\/\/radioljubuski.ba\/index.php\/wp-json\/wp\/v2\/posts\/181232\/revisions\/181234"}],"wp:featuredmedia":[{"embeddable":true,"href":"https:\/\/radioljubuski.ba\/index.php\/wp-json\/wp\/v2\/media\/181233"}],"wp:attachment":[{"href":"https:\/\/radioljubuski.ba\/index.php\/wp-json\/wp\/v2\/media?parent=181232"}],"wp:term":[{"taxonomy":"category","embeddable":true,"href":"https:\/\/radioljubuski.ba\/index.php\/wp-json\/wp\/v2\/categories?post=181232"},{"taxonomy":"post_tag","embeddable":true,"href":"https:\/\/radioljubuski.ba\/index.php\/wp-json\/wp\/v2\/tags?post=181232"}],"curies":[{"name":"wp","href":"https:\/\/api.w.org\/{rel}","templated":true}]}}