{"id":181501,"date":"2022-09-19T09:52:45","date_gmt":"2022-09-19T08:52:45","guid":{"rendered":"https:\/\/radioljubuski.ba\/?p=181501"},"modified":"2022-09-19T09:52:46","modified_gmt":"2022-09-19T08:52:46","slug":"na-danasnji-dan-ubijen-ljubusak-ante-gadze-pred-smrt-ostavio-potresno-oprostajno-pismo","status":"publish","type":"post","link":"https:\/\/radioljubuski.ba\/index.php\/2022\/09\/19\/na-danasnji-dan-ubijen-ljubusak-ante-gadze-pred-smrt-ostavio-potresno-oprostajno-pismo\/","title":{"rendered":"Na dana\u0161nji dan ubijen Ljubu\u0161ak Ante Gad\u017ee, pred smrt ostavio potresno opro\u0161tajno pismo"},"content":{"rendered":"\n<p>Na dana\u0161nji dan ubijen je u 22 godini \u017eivota Ante Gad\u017ee, Hrvat iz Ljubu\u0161kog. Njega su uhitili i ubili talijanski fa\u0161isti s optu\u017ebom da je spremao ustanak protiv talijanske vlasti.<\/p>\n\n\n\n<p>Sudbina mladog Ante simbol je sudbina mnogih hrvatskih mladi\u0107a u nesretnom 20. stolje\u0107u.<\/p>\n\n\n\n<p>Talijanski fa\u0161isti usko su sura\u0111ivali sa Srbima \u010detnicima koji su na prostorima Hercegovine po\u010dinili mnoge zlo\u010dine.<\/p>\n\n\n\n<p>Iako su optu\u017ebe u ovom slu\u010daju bile la\u017ene, neki su Hrvati strijeljani. Me\u0111u njima i Ante Gad\u017ee. Prije strijeljanja im je dopu\u0161tena ispovijed i ispovijedio ih je fra Vojislav Mikuli\u0107. Tom prilikom napisano je i dirljivo opro\u0161tajno pismo koje je ostalo u vlasni\u0161tvu obitelji Gad\u017ee iz Ljubu\u0161kog.<\/p>\n\n\n\n<p>Ono svjedo\u010di o njegovoj nevinosti, ali i velikoj vjeri i pouzdanju mladog Hercegovca u Boga.<\/p>\n\n\n\n<p><em>\u201eDragi moji! Evo na \u010das prije nego \u0107u skru\u0161en pred Spasitelja, nevin, sje\u0107am se i mislim mnogo na Vas, kao i sve ove dane. U duhu Vas sve gledam i ako ne mogu druga\u010dije pozdravljam se sa Vama i molim Vas kao dobar sin i brat da mi oprostite sve moje gre\u0161ke koje sam hotice ili nehotice u\u010dinio.<\/em><\/p>\n\n\n\n<p><em>Dragi moji roditelji, mila mama i tata, sve seke i bra\u0107o djeco i ostali, za menom nemojte biti \u017ealosni, ja idem pred lice Bo\u017eije, samo pazite sebe. Nisam se nadao na ovo, ali nek se vr\u0161i Bo\u017eija volja. Dragi moji, molim Vas nemojte sebe patiti i mu\u010diti mislima na mene. Molim Vas, ako se mogne moje tjelo prevezite u Ljubu\u0161ki da i ono bude uz Va\u0161u blizinu, kao \u0161to \u0107e duh moj biti s Vama.<\/em><\/p>\n\n\n\n<p><em>Mamu, tatu, Katicu (molim pazite je), Milu, Ljubicu, Franu, Zvonku , svu djecu, Ivu i Stipu i Ivana i sve na\u0161e puno voli i u duhu ljubi i pozdravlja Va\u0161 iskreni i odani Ante. Za stvari sam molio da se pobrine fra Vojo Mikuli\u0107 koji nas je ispovjedio i pri\u010destio<\/em><\/p>\n\n\n\n<p><em>Sve voli i ljubi Ante\u201c<\/em><\/p>\n\n\n\n<p>Uistinu, izvanredno svjedo\u010danstvo divlja\u0161tva i nepravde s jedne, kao i djetinje odanosti prema svojoj obitelji te povjerenja u Boga i vjere u \u017eivot vje\u010dni.<\/p>\n\n\n\n<p>\u010cini se da su bili u zatvoru i da su strijeljani na \u0160irokome Brijegu.<\/p>\n\n\n\n<p>Poznato je da su neki zbog istog razloga bili optu\u017eeni i zatvoreni u Imotskome. Me\u0111u njima je bio i fra Serafin Dodig, \u017eupnik \u017eupe Gorica-Sovi\u0107i kojega je u posljednji tren uspio spasiti imotski gvardijan fra \u0106iro Ujevi\u0107, koji je molio za njegov \u017eivot talijanskoga zapovjednika, pi\u0161e&nbsp;<a href=\"https:\/\/narod.hr\/kultura\/19-rujna-1941-ubijen-ante-gadze-potresno-oprostajno-pismo-mladog-hercegovca\" target=\"_blank\" rel=\"noreferrer noopener\">narod.hr<\/a>.<\/p>\n\n\n\n<figure class=\"wp-block-image\"><img decoding=\"async\" src=\"https:\/\/iks-portal.info\/images\/Ante-Gadze-oprostajno-pismo-1152x1536.jpg\" alt=\"Ante-Gadze-oprostajno-pismo-1152x1536.jpg\"\/><\/figure>\n\n\n\n<p>Portal&nbsp;<a href=\"https:\/\/hrvatskonebo.org\/2022\/08\/23\/kako-je-ime-ante-gadze-iz-ljubuskog-dospjelo-na-popis-zrtava-jasenovca\/\" target=\"_blank\" rel=\"noreferrer noopener\">hrvatskonebo.org<\/a>&nbsp;o ubijenom Anti navodi sljede\u0107e:<\/p>\n\n\n\n<p>Bio je on iz obitelji Jure Gad\u017ee, koji je kao mlad de\u010dko oti\u0161ao u Ameriku, gdje je imao bogata ujaka bez potomstva, a o\u017eenio se po povratku. Imao je tri sina i tri k\u0107eri, koji su se svi \u0161kolovali. Ante je poslije zavr\u0161ene gimnazije na \u0160irokom Brijegu zavr\u0161io poljoprivrednu \u0161kolu u Kri\u017eevcima pa se vratio u Ljubu\u0161ki i radio u tamo\u0161njoj duhanskoj stanici, u filijali na \u0160irokomu. Za vikende je dolazio ku\u0107i u Ljubu\u0161ki.<\/p>\n\n\n\n<p>Po\u010detkom rata neki su ga \u201eprijatelji\u201c zamolili da im u svojoj sobi u roditeljskoj ku\u0107i skrije nekakvo sitno oru\u017eje. No uskoro je neki od njih dojavio policiji gdje se to oru\u017eje nalazi, na \u0161to je policija upala u roditeljsku ku\u0107u, prona\u0161la oru\u017eje te Antu odvela u Mostar, a uskoro je osu\u0111en na smrt.<\/p>\n\n\n\n<p>Tada\u0161nji gradona\u010delnik Ljubu\u0161kog Ivan Bukovac (potomak slikara Vlahe Bukovca), mu\u017e Antine sestre Ljubice, uspio je kod Poglavnika ishoditi pomilovanje. No Talijani su se, mo\u017eda to slute\u0107i, po\u017eurili strijeljati ga. Roditeljima su skupa s Antinim mrtvim tijelom isporu\u010dili i pomilovanje.<\/p>\n\n\n\n<p>Po zavr\u0161etku rata komunisti\u010dke su vlasti oduzele svu Gad\u017einu imovinu, oranice, vinograde i sve ku\u0107e u Ljubu\u0161kom i Vitini, osim ku\u0107e (pokraj nekada\u0161njeg kina) u Ljubu\u0161kom. U njoj je do smrti 1969. \u017eivjela Ika Gad\u017ee. Ostali su se rasuli svijetom od Imotskog i Zagreba do Buenos Airesa i Rosarija u Argentini.<\/p>\n\n\n\n<p>Ime \u201eGad\u017ee Ante Jure Ljubu\u0161ki 1914.\u201c na\u0161lo se \u2013 kako je prije vi\u0161e godina naveo u svom prikazu Ante \u010cuvalo \u2013 na popisu \u017ertava logora Jasenovac, i to na dvama mjestima.<\/p>\n\n\n\n<p>Izvor: <strong>Narod.hr \/ Ljportal.com<\/strong><\/p>\n","protected":false},"excerpt":{"rendered":"<p>Na dana\u0161nji dan ubijen je u 22 godini \u017eivota Ante Gad\u017ee, Hrvat iz Ljubu\u0161kog. Njega su uhitili i ubili talijanski fa\u0161isti s optu\u017ebom da je spremao ustanak protiv talijanske vlasti. Sudbina mladog Ante simbol je sudbina mnogih hrvatskih mladi\u0107a u nesretnom 20. stolje\u0107u. Talijanski fa\u0161isti usko su sura\u0111ivali sa Srbima \u010detnicima koji su na prostorima [&hellip;]<\/p>\n","protected":false},"author":2,"featured_media":181502,"comment_status":"closed","ping_status":"closed","sticky":false,"template":"","format":"standard","meta":{"h5ap_radio_sources":[],"footnotes":""},"categories":[3],"tags":[],"class_list":["post-181501","post","type-post","status-publish","format-standard","has-post-thumbnail","hentry","category-ljubuski"],"yoast_head":"<!-- This site is optimized with the Yoast SEO plugin v27.5 - https:\/\/yoast.com\/product\/yoast-seo-wordpress\/ -->\n<title>Na dana\u0161nji dan ubijen Ljubu\u0161ak Ante Gad\u017ee, pred smrt ostavio potresno opro\u0161tajno pismo - RADIO LJUBU\u0160KI<\/title>\n<meta name=\"robots\" content=\"index, follow, max-snippet:-1, max-image-preview:large, max-video-preview:-1\" \/>\n<link rel=\"canonical\" href=\"https:\/\/radioljubuski.ba\/index.php\/2022\/09\/19\/na-danasnji-dan-ubijen-ljubusak-ante-gadze-pred-smrt-ostavio-potresno-oprostajno-pismo\/\" \/>\n<meta property=\"og:locale\" content=\"hr_HR\" \/>\n<meta property=\"og:type\" content=\"article\" \/>\n<meta property=\"og:title\" content=\"Na dana\u0161nji dan ubijen Ljubu\u0161ak Ante Gad\u017ee, pred smrt ostavio potresno opro\u0161tajno pismo - RADIO LJUBU\u0160KI\" \/>\n<meta property=\"og:description\" content=\"Na dana\u0161nji dan ubijen je u 22 godini \u017eivota Ante Gad\u017ee, Hrvat iz Ljubu\u0161kog. Njega su uhitili i ubili talijanski fa\u0161isti s optu\u017ebom da je spremao ustanak protiv talijanske vlasti. Sudbina mladog Ante simbol je sudbina mnogih hrvatskih mladi\u0107a u nesretnom 20. stolje\u0107u. Talijanski fa\u0161isti usko su sura\u0111ivali sa Srbima \u010detnicima koji su na prostorima [&hellip;]\" \/>\n<meta property=\"og:url\" content=\"https:\/\/radioljubuski.ba\/index.php\/2022\/09\/19\/na-danasnji-dan-ubijen-ljubusak-ante-gadze-pred-smrt-ostavio-potresno-oprostajno-pismo\/\" \/>\n<meta property=\"og:site_name\" content=\"RADIO LJUBU\u0160KI\" \/>\n<meta property=\"article:publisher\" content=\"https:\/\/www.facebook.com\/Radiio-Ljubuski-1490835324566332\" \/>\n<meta property=\"article:published_time\" content=\"2022-09-19T08:52:45+00:00\" \/>\n<meta property=\"article:modified_time\" content=\"2022-09-19T08:52:46+00:00\" \/>\n<meta property=\"og:image\" content=\"https:\/\/radioljubuski.ba\/wp-content\/uploads\/2022\/09\/gadze.jpg\" \/>\n\t<meta property=\"og:image:width\" content=\"600\" \/>\n\t<meta property=\"og:image:height\" content=\"400\" \/>\n\t<meta property=\"og:image:type\" content=\"image\/jpeg\" \/>\n<meta name=\"author\" content=\"Radio Ljubu\u0161ki\" \/>\n<meta name=\"twitter:card\" content=\"summary_large_image\" \/>\n<meta name=\"twitter:creator\" content=\"@radioljubuski\" \/>\n<meta name=\"twitter:site\" content=\"@radioljubuski\" \/>\n<meta name=\"twitter:label1\" content=\"Napisao\/la\" \/>\n\t<meta name=\"twitter:data1\" content=\"Radio Ljubu\u0161ki\" \/>\n\t<meta name=\"twitter:label2\" content=\"Procijenjeno vrijeme \u010ditanja\" \/>\n\t<meta name=\"twitter:data2\" content=\"4 minute\" \/>\n<script type=\"application\/ld+json\" class=\"yoast-schema-graph\">{\"@context\":\"https:\\\/\\\/schema.org\",\"@graph\":[{\"@type\":\"Article\",\"@id\":\"https:\\\/\\\/radioljubuski.ba\\\/index.php\\\/2022\\\/09\\\/19\\\/na-danasnji-dan-ubijen-ljubusak-ante-gadze-pred-smrt-ostavio-potresno-oprostajno-pismo\\\/#article\",\"isPartOf\":{\"@id\":\"https:\\\/\\\/radioljubuski.ba\\\/index.php\\\/2022\\\/09\\\/19\\\/na-danasnji-dan-ubijen-ljubusak-ante-gadze-pred-smrt-ostavio-potresno-oprostajno-pismo\\\/\"},\"author\":{\"name\":\"Radio Ljubu\u0161ki\",\"@id\":\"https:\\\/\\\/radioljubuski.ba\\\/#\\\/schema\\\/person\\\/19fc700381a780f69665d7956c469e3b\"},\"headline\":\"Na dana\u0161nji dan ubijen Ljubu\u0161ak Ante Gad\u017ee, pred smrt ostavio potresno opro\u0161tajno pismo\",\"datePublished\":\"2022-09-19T08:52:45+00:00\",\"dateModified\":\"2022-09-19T08:52:46+00:00\",\"mainEntityOfPage\":{\"@id\":\"https:\\\/\\\/radioljubuski.ba\\\/index.php\\\/2022\\\/09\\\/19\\\/na-danasnji-dan-ubijen-ljubusak-ante-gadze-pred-smrt-ostavio-potresno-oprostajno-pismo\\\/\"},\"wordCount\":753,\"publisher\":{\"@id\":\"https:\\\/\\\/radioljubuski.ba\\\/#organization\"},\"image\":{\"@id\":\"https:\\\/\\\/radioljubuski.ba\\\/index.php\\\/2022\\\/09\\\/19\\\/na-danasnji-dan-ubijen-ljubusak-ante-gadze-pred-smrt-ostavio-potresno-oprostajno-pismo\\\/#primaryimage\"},\"thumbnailUrl\":\"https:\\\/\\\/radioljubuski.ba\\\/wp-content\\\/uploads\\\/2022\\\/09\\\/gadze.jpg\",\"articleSection\":[\"Ljubu\u0161ki\"],\"inLanguage\":\"hr\"},{\"@type\":\"WebPage\",\"@id\":\"https:\\\/\\\/radioljubuski.ba\\\/index.php\\\/2022\\\/09\\\/19\\\/na-danasnji-dan-ubijen-ljubusak-ante-gadze-pred-smrt-ostavio-potresno-oprostajno-pismo\\\/\",\"url\":\"https:\\\/\\\/radioljubuski.ba\\\/index.php\\\/2022\\\/09\\\/19\\\/na-danasnji-dan-ubijen-ljubusak-ante-gadze-pred-smrt-ostavio-potresno-oprostajno-pismo\\\/\",\"name\":\"Na dana\u0161nji dan ubijen Ljubu\u0161ak Ante Gad\u017ee, pred smrt ostavio potresno opro\u0161tajno pismo - RADIO LJUBU\u0160KI\",\"isPartOf\":{\"@id\":\"https:\\\/\\\/radioljubuski.ba\\\/#website\"},\"primaryImageOfPage\":{\"@id\":\"https:\\\/\\\/radioljubuski.ba\\\/index.php\\\/2022\\\/09\\\/19\\\/na-danasnji-dan-ubijen-ljubusak-ante-gadze-pred-smrt-ostavio-potresno-oprostajno-pismo\\\/#primaryimage\"},\"image\":{\"@id\":\"https:\\\/\\\/radioljubuski.ba\\\/index.php\\\/2022\\\/09\\\/19\\\/na-danasnji-dan-ubijen-ljubusak-ante-gadze-pred-smrt-ostavio-potresno-oprostajno-pismo\\\/#primaryimage\"},\"thumbnailUrl\":\"https:\\\/\\\/radioljubuski.ba\\\/wp-content\\\/uploads\\\/2022\\\/09\\\/gadze.jpg\",\"datePublished\":\"2022-09-19T08:52:45+00:00\",\"dateModified\":\"2022-09-19T08:52:46+00:00\",\"breadcrumb\":{\"@id\":\"https:\\\/\\\/radioljubuski.ba\\\/index.php\\\/2022\\\/09\\\/19\\\/na-danasnji-dan-ubijen-ljubusak-ante-gadze-pred-smrt-ostavio-potresno-oprostajno-pismo\\\/#breadcrumb\"},\"inLanguage\":\"hr\",\"potentialAction\":[{\"@type\":\"ReadAction\",\"target\":[\"https:\\\/\\\/radioljubuski.ba\\\/index.php\\\/2022\\\/09\\\/19\\\/na-danasnji-dan-ubijen-ljubusak-ante-gadze-pred-smrt-ostavio-potresno-oprostajno-pismo\\\/\"]}]},{\"@type\":\"ImageObject\",\"inLanguage\":\"hr\",\"@id\":\"https:\\\/\\\/radioljubuski.ba\\\/index.php\\\/2022\\\/09\\\/19\\\/na-danasnji-dan-ubijen-ljubusak-ante-gadze-pred-smrt-ostavio-potresno-oprostajno-pismo\\\/#primaryimage\",\"url\":\"https:\\\/\\\/radioljubuski.ba\\\/wp-content\\\/uploads\\\/2022\\\/09\\\/gadze.jpg\",\"contentUrl\":\"https:\\\/\\\/radioljubuski.ba\\\/wp-content\\\/uploads\\\/2022\\\/09\\\/gadze.jpg\",\"width\":600,\"height\":400},{\"@type\":\"BreadcrumbList\",\"@id\":\"https:\\\/\\\/radioljubuski.ba\\\/index.php\\\/2022\\\/09\\\/19\\\/na-danasnji-dan-ubijen-ljubusak-ante-gadze-pred-smrt-ostavio-potresno-oprostajno-pismo\\\/#breadcrumb\",\"itemListElement\":[{\"@type\":\"ListItem\",\"position\":1,\"name\":\"Po\u010detna stranica\",\"item\":\"https:\\\/\\\/radioljubuski.ba\\\/\"},{\"@type\":\"ListItem\",\"position\":2,\"name\":\"Na dana\u0161nji dan ubijen Ljubu\u0161ak Ante Gad\u017ee, pred smrt ostavio potresno opro\u0161tajno pismo\"}]},{\"@type\":\"WebSite\",\"@id\":\"https:\\\/\\\/radioljubuski.ba\\\/#website\",\"url\":\"https:\\\/\\\/radioljubuski.ba\\\/\",\"name\":\"Radio Ljubu\u0161ki\",\"description\":\"Sun\u010dana frekvencija Hercegovine\",\"publisher\":{\"@id\":\"https:\\\/\\\/radioljubuski.ba\\\/#organization\"},\"potentialAction\":[{\"@type\":\"SearchAction\",\"target\":{\"@type\":\"EntryPoint\",\"urlTemplate\":\"https:\\\/\\\/radioljubuski.ba\\\/?s={search_term_string}\"},\"query-input\":{\"@type\":\"PropertyValueSpecification\",\"valueRequired\":true,\"valueName\":\"search_term_string\"}}],\"inLanguage\":\"hr\"},{\"@type\":\"Organization\",\"@id\":\"https:\\\/\\\/radioljubuski.ba\\\/#organization\",\"name\":\"Radio Ljubu\u0161ki\",\"url\":\"https:\\\/\\\/radioljubuski.ba\\\/\",\"logo\":{\"@type\":\"ImageObject\",\"inLanguage\":\"hr\",\"@id\":\"https:\\\/\\\/radioljubuski.ba\\\/#\\\/schema\\\/logo\\\/image\\\/\",\"url\":\"https:\\\/\\\/radioljubuski.ba\\\/wp-content\\\/uploads\\\/2021\\\/02\\\/cropped-Radio_Ljubuski_logo1.jpg\",\"contentUrl\":\"https:\\\/\\\/radioljubuski.ba\\\/wp-content\\\/uploads\\\/2021\\\/02\\\/cropped-Radio_Ljubuski_logo1.jpg\",\"width\":512,\"height\":512,\"caption\":\"Radio Ljubu\u0161ki\"},\"image\":{\"@id\":\"https:\\\/\\\/radioljubuski.ba\\\/#\\\/schema\\\/logo\\\/image\\\/\"},\"sameAs\":[\"https:\\\/\\\/www.facebook.com\\\/Radiio-Ljubuski-1490835324566332\",\"https:\\\/\\\/x.com\\\/radioljubuski\",\"https:\\\/\\\/hr.linkedin.com\\\/company\\\/radio-ljubuski\",\"https:\\\/\\\/www.youtube.com\\\/channel\\\/UCHYaeO_n0Db3tjNGudGpXyw\"]},{\"@type\":\"Person\",\"@id\":\"https:\\\/\\\/radioljubuski.ba\\\/#\\\/schema\\\/person\\\/19fc700381a780f69665d7956c469e3b\",\"name\":\"Radio Ljubu\u0161ki\"}]}<\/script>\n<!-- \/ Yoast SEO plugin. -->","yoast_head_json":{"title":"Na dana\u0161nji dan ubijen Ljubu\u0161ak Ante Gad\u017ee, pred smrt ostavio potresno opro\u0161tajno pismo - RADIO LJUBU\u0160KI","robots":{"index":"index","follow":"follow","max-snippet":"max-snippet:-1","max-image-preview":"max-image-preview:large","max-video-preview":"max-video-preview:-1"},"canonical":"https:\/\/radioljubuski.ba\/index.php\/2022\/09\/19\/na-danasnji-dan-ubijen-ljubusak-ante-gadze-pred-smrt-ostavio-potresno-oprostajno-pismo\/","og_locale":"hr_HR","og_type":"article","og_title":"Na dana\u0161nji dan ubijen Ljubu\u0161ak Ante Gad\u017ee, pred smrt ostavio potresno opro\u0161tajno pismo - RADIO LJUBU\u0160KI","og_description":"Na dana\u0161nji dan ubijen je u 22 godini \u017eivota Ante Gad\u017ee, Hrvat iz Ljubu\u0161kog. Njega su uhitili i ubili talijanski fa\u0161isti s optu\u017ebom da je spremao ustanak protiv talijanske vlasti. Sudbina mladog Ante simbol je sudbina mnogih hrvatskih mladi\u0107a u nesretnom 20. stolje\u0107u. Talijanski fa\u0161isti usko su sura\u0111ivali sa Srbima \u010detnicima koji su na prostorima [&hellip;]","og_url":"https:\/\/radioljubuski.ba\/index.php\/2022\/09\/19\/na-danasnji-dan-ubijen-ljubusak-ante-gadze-pred-smrt-ostavio-potresno-oprostajno-pismo\/","og_site_name":"RADIO LJUBU\u0160KI","article_publisher":"https:\/\/www.facebook.com\/Radiio-Ljubuski-1490835324566332","article_published_time":"2022-09-19T08:52:45+00:00","article_modified_time":"2022-09-19T08:52:46+00:00","og_image":[{"width":600,"height":400,"url":"https:\/\/radioljubuski.ba\/wp-content\/uploads\/2022\/09\/gadze.jpg","type":"image\/jpeg"}],"author":"Radio Ljubu\u0161ki","twitter_card":"summary_large_image","twitter_creator":"@radioljubuski","twitter_site":"@radioljubuski","twitter_misc":{"Napisao\/la":"Radio Ljubu\u0161ki","Procijenjeno vrijeme \u010ditanja":"4 minute"},"schema":{"@context":"https:\/\/schema.org","@graph":[{"@type":"Article","@id":"https:\/\/radioljubuski.ba\/index.php\/2022\/09\/19\/na-danasnji-dan-ubijen-ljubusak-ante-gadze-pred-smrt-ostavio-potresno-oprostajno-pismo\/#article","isPartOf":{"@id":"https:\/\/radioljubuski.ba\/index.php\/2022\/09\/19\/na-danasnji-dan-ubijen-ljubusak-ante-gadze-pred-smrt-ostavio-potresno-oprostajno-pismo\/"},"author":{"name":"Radio Ljubu\u0161ki","@id":"https:\/\/radioljubuski.ba\/#\/schema\/person\/19fc700381a780f69665d7956c469e3b"},"headline":"Na dana\u0161nji dan ubijen Ljubu\u0161ak Ante Gad\u017ee, pred smrt ostavio potresno opro\u0161tajno pismo","datePublished":"2022-09-19T08:52:45+00:00","dateModified":"2022-09-19T08:52:46+00:00","mainEntityOfPage":{"@id":"https:\/\/radioljubuski.ba\/index.php\/2022\/09\/19\/na-danasnji-dan-ubijen-ljubusak-ante-gadze-pred-smrt-ostavio-potresno-oprostajno-pismo\/"},"wordCount":753,"publisher":{"@id":"https:\/\/radioljubuski.ba\/#organization"},"image":{"@id":"https:\/\/radioljubuski.ba\/index.php\/2022\/09\/19\/na-danasnji-dan-ubijen-ljubusak-ante-gadze-pred-smrt-ostavio-potresno-oprostajno-pismo\/#primaryimage"},"thumbnailUrl":"https:\/\/radioljubuski.ba\/wp-content\/uploads\/2022\/09\/gadze.jpg","articleSection":["Ljubu\u0161ki"],"inLanguage":"hr"},{"@type":"WebPage","@id":"https:\/\/radioljubuski.ba\/index.php\/2022\/09\/19\/na-danasnji-dan-ubijen-ljubusak-ante-gadze-pred-smrt-ostavio-potresno-oprostajno-pismo\/","url":"https:\/\/radioljubuski.ba\/index.php\/2022\/09\/19\/na-danasnji-dan-ubijen-ljubusak-ante-gadze-pred-smrt-ostavio-potresno-oprostajno-pismo\/","name":"Na dana\u0161nji dan ubijen Ljubu\u0161ak Ante Gad\u017ee, pred smrt ostavio potresno opro\u0161tajno pismo - RADIO LJUBU\u0160KI","isPartOf":{"@id":"https:\/\/radioljubuski.ba\/#website"},"primaryImageOfPage":{"@id":"https:\/\/radioljubuski.ba\/index.php\/2022\/09\/19\/na-danasnji-dan-ubijen-ljubusak-ante-gadze-pred-smrt-ostavio-potresno-oprostajno-pismo\/#primaryimage"},"image":{"@id":"https:\/\/radioljubuski.ba\/index.php\/2022\/09\/19\/na-danasnji-dan-ubijen-ljubusak-ante-gadze-pred-smrt-ostavio-potresno-oprostajno-pismo\/#primaryimage"},"thumbnailUrl":"https:\/\/radioljubuski.ba\/wp-content\/uploads\/2022\/09\/gadze.jpg","datePublished":"2022-09-19T08:52:45+00:00","dateModified":"2022-09-19T08:52:46+00:00","breadcrumb":{"@id":"https:\/\/radioljubuski.ba\/index.php\/2022\/09\/19\/na-danasnji-dan-ubijen-ljubusak-ante-gadze-pred-smrt-ostavio-potresno-oprostajno-pismo\/#breadcrumb"},"inLanguage":"hr","potentialAction":[{"@type":"ReadAction","target":["https:\/\/radioljubuski.ba\/index.php\/2022\/09\/19\/na-danasnji-dan-ubijen-ljubusak-ante-gadze-pred-smrt-ostavio-potresno-oprostajno-pismo\/"]}]},{"@type":"ImageObject","inLanguage":"hr","@id":"https:\/\/radioljubuski.ba\/index.php\/2022\/09\/19\/na-danasnji-dan-ubijen-ljubusak-ante-gadze-pred-smrt-ostavio-potresno-oprostajno-pismo\/#primaryimage","url":"https:\/\/radioljubuski.ba\/wp-content\/uploads\/2022\/09\/gadze.jpg","contentUrl":"https:\/\/radioljubuski.ba\/wp-content\/uploads\/2022\/09\/gadze.jpg","width":600,"height":400},{"@type":"BreadcrumbList","@id":"https:\/\/radioljubuski.ba\/index.php\/2022\/09\/19\/na-danasnji-dan-ubijen-ljubusak-ante-gadze-pred-smrt-ostavio-potresno-oprostajno-pismo\/#breadcrumb","itemListElement":[{"@type":"ListItem","position":1,"name":"Po\u010detna stranica","item":"https:\/\/radioljubuski.ba\/"},{"@type":"ListItem","position":2,"name":"Na dana\u0161nji dan ubijen Ljubu\u0161ak Ante Gad\u017ee, pred smrt ostavio potresno opro\u0161tajno pismo"}]},{"@type":"WebSite","@id":"https:\/\/radioljubuski.ba\/#website","url":"https:\/\/radioljubuski.ba\/","name":"Radio Ljubu\u0161ki","description":"Sun\u010dana frekvencija Hercegovine","publisher":{"@id":"https:\/\/radioljubuski.ba\/#organization"},"potentialAction":[{"@type":"SearchAction","target":{"@type":"EntryPoint","urlTemplate":"https:\/\/radioljubuski.ba\/?s={search_term_string}"},"query-input":{"@type":"PropertyValueSpecification","valueRequired":true,"valueName":"search_term_string"}}],"inLanguage":"hr"},{"@type":"Organization","@id":"https:\/\/radioljubuski.ba\/#organization","name":"Radio Ljubu\u0161ki","url":"https:\/\/radioljubuski.ba\/","logo":{"@type":"ImageObject","inLanguage":"hr","@id":"https:\/\/radioljubuski.ba\/#\/schema\/logo\/image\/","url":"https:\/\/radioljubuski.ba\/wp-content\/uploads\/2021\/02\/cropped-Radio_Ljubuski_logo1.jpg","contentUrl":"https:\/\/radioljubuski.ba\/wp-content\/uploads\/2021\/02\/cropped-Radio_Ljubuski_logo1.jpg","width":512,"height":512,"caption":"Radio Ljubu\u0161ki"},"image":{"@id":"https:\/\/radioljubuski.ba\/#\/schema\/logo\/image\/"},"sameAs":["https:\/\/www.facebook.com\/Radiio-Ljubuski-1490835324566332","https:\/\/x.com\/radioljubuski","https:\/\/hr.linkedin.com\/company\/radio-ljubuski","https:\/\/www.youtube.com\/channel\/UCHYaeO_n0Db3tjNGudGpXyw"]},{"@type":"Person","@id":"https:\/\/radioljubuski.ba\/#\/schema\/person\/19fc700381a780f69665d7956c469e3b","name":"Radio Ljubu\u0161ki"}]}},"_links":{"self":[{"href":"https:\/\/radioljubuski.ba\/index.php\/wp-json\/wp\/v2\/posts\/181501","targetHints":{"allow":["GET"]}}],"collection":[{"href":"https:\/\/radioljubuski.ba\/index.php\/wp-json\/wp\/v2\/posts"}],"about":[{"href":"https:\/\/radioljubuski.ba\/index.php\/wp-json\/wp\/v2\/types\/post"}],"author":[{"embeddable":true,"href":"https:\/\/radioljubuski.ba\/index.php\/wp-json\/wp\/v2\/users\/2"}],"replies":[{"embeddable":true,"href":"https:\/\/radioljubuski.ba\/index.php\/wp-json\/wp\/v2\/comments?post=181501"}],"version-history":[{"count":1,"href":"https:\/\/radioljubuski.ba\/index.php\/wp-json\/wp\/v2\/posts\/181501\/revisions"}],"predecessor-version":[{"id":181503,"href":"https:\/\/radioljubuski.ba\/index.php\/wp-json\/wp\/v2\/posts\/181501\/revisions\/181503"}],"wp:featuredmedia":[{"embeddable":true,"href":"https:\/\/radioljubuski.ba\/index.php\/wp-json\/wp\/v2\/media\/181502"}],"wp:attachment":[{"href":"https:\/\/radioljubuski.ba\/index.php\/wp-json\/wp\/v2\/media?parent=181501"}],"wp:term":[{"taxonomy":"category","embeddable":true,"href":"https:\/\/radioljubuski.ba\/index.php\/wp-json\/wp\/v2\/categories?post=181501"},{"taxonomy":"post_tag","embeddable":true,"href":"https:\/\/radioljubuski.ba\/index.php\/wp-json\/wp\/v2\/tags?post=181501"}],"curies":[{"name":"wp","href":"https:\/\/api.w.org\/{rel}","templated":true}]}}