{"id":181593,"date":"2022-09-19T12:39:44","date_gmt":"2022-09-19T11:39:44","guid":{"rendered":"https:\/\/radioljubuski.ba\/?p=181593"},"modified":"2022-09-19T12:39:46","modified_gmt":"2022-09-19T11:39:46","slug":"krug-99-trebao-bi-se-zvati-krug-69","status":"publish","type":"post","link":"https:\/\/radioljubuski.ba\/index.php\/2022\/09\/19\/krug-99-trebao-bi-se-zvati-krug-69\/","title":{"rendered":"&#8216;Krug 99&#8217; trebao bi se zvati &#8216;Krug 69&#8217;"},"content":{"rendered":"\n<p>&#8216;Krug 99&#8217; navodno okuplja intelektualce. Ipak, nakon dana\u0161njeg priop\u0107enja ne samo da je upitno kako u spomenutom dru\u0161tvu ima intelektualaca nego paranoja i teorije zavjere kojima se bavi dru\u0161tvo u nastavku teksta upu\u0107uje mo\u017eda i na neke dijagnoze. Mo\u017eda bi prikladnije bilo da &#8216;Krug 99&#8217; od sada novi naziv &#8216;Krug 69&#8217;. Valjda im ne\u0107e trebati pojasniti za\u0161to.&nbsp;<\/p>\n\n\n\n<p>Evo \u0161to su priop\u0107ili:<\/p>\n\n\n\n<p>Suvremena politika Hrvatske i obnova dogovora iz Kara\u0111or\u0111eva, bila je tema redovne sesije Asocijacije neovisnih intelektualaca &#8211; Krug 99 na kojoj je kao uvodni\u010dar govorio kopredsjedavaju\u0107i Ameri\u010dko-europske alijanse Reuf Bajrovi\u0107.<\/p>\n\n\n\n<p>Za dva tjedna su izbori u BiH koji su, smatra Bajrovi\u0107, najva\u017eniji izbori u postratnoj povijesti BiH.<\/p>\n\n\n\n<p>-Moj osobni stav je da se nalazimo na vrhuncu politika susjednih dr\u017eava Srbije i Hrvatske, koje su na\u017ealost nastavak rata drugim sredstvima. Svi oni koji misle da ovo \u0161to rade predsjednik Hrvatske Zoran Milanovi\u0107, a i ve\u0107inska Srbija ima neke zadr\u0161ke ili ko\u010dnice koja \u0107e u jednom trenutku zastaviti ono \u0161to je svima o\u010dito da je cilj ove politike, a to je razgradnja BiH, dakle postizanje ratnih ciljeva mirnodopskim sredstvima, mislim da se varaju \u2013 rekao je Bajrovi\u0107 na pres-konferenciji.<\/p>\n\n\n\n<p>Gra\u0111ani koji \u0107e iza\u0107i na izbore, kako je dodao, treba da znaju da su ovo sudbonosni izbori za BiH. Na njima \u0107e imati \u0161ansu da ka\u017eu \u0161ta misle o budu\u0107nosti najprije na\u0161e djece i \u0161to \u0107e se ostaviti idu\u0107im generacijama.<\/p>\n\n\n\n<p>Tra\u017eiti da se krene u pravcu novih podjela, prema njegovim rije\u010dima, jeste ustvari tra\u017eiti da BiH vi\u0161e ne bude.<\/p>\n\n\n\n<p>-Nadam se da \u0107e se rezultatima izbora, ukoliko gra\u0111ani budu glasali odgovorno, poslati poruka i onemogu\u0107iti planovi da se upotrebom bonskih ovlasti od BiH napravi jo\u0161 podjeljenija dr\u017eava, da \u0107e onda BiH napraviti jedan zna\u010dajan korak naprijed u idu\u0107em mandatu od 2022- 2026. godine i da \u0107e postati jasno da je nemogu\u0107e ugroziti mir u BiH bez da se suprostavite NATO paktu &#8211; naveo je Bajrovi\u0107.<\/p>\n\n\n\n<p>Prije skoro \u010detiri godine, u prosincu 2018 godine, kako je rekao predsjednik Kruga 99 Adil Kulenovi\u0107, \u201cHrvatski Sabor je donio Deklaraciju o polo\u017eaju hrvatskog naroda u BiH, kako je vrijeme pokazalo, kao jasno definiranu politi\u010dku strategiju dr\u017eave Hrvatske na obnovi i daljem ostvarivanju klju\u010dnih ciljeva iz sporazuma Tu\u0111man &#8211; Milo\u0161evi\u0107 iz o\u017eujka 1991. godine u Kara\u0111or\u0111evu, o na\u010dinu rje\u0161enja tada\u0161nje jugoslovenske krize \u010dija je su\u0161tina bila podjela BiH\u201d.<\/p>\n\n\n\n<p>-Eskalacija takve politike i otvorenog neprijateljstva prema dr\u017eavnom subjektivitetu, politi\u010dkoj neosnosti i suverenitetu BiH, koju danas simboli\u010dki personificira Zoran Milanovi\u0107, predsjednik Republike Hrvatske, proizvod je duge i ve\u0107 transparentne djelatnosti dr\u017eavnih institucija, diplomacije, sigurnosnih i politi\u010dkih struktura Hrvatske, kako na unutarnjem i internacionalnom planu, tako i putem anga\u017eiranosti separatisti\u010dkih, kolaboracionisti\u010dkih politi\u010dkih saveznika i struktura u samoj BiH \u2013 naveo je Kulenovi\u0107.<\/p>\n\n\n\n<p>Dodao je da ideologija, politi\u010dke metode i ciljevi militantnog ,,ruskog svijeta&#8221; putem politi\u010dke instrumentalizacije etni\u010dkih grupa u drugim dr\u017eavama, radi prisvajanja dijela teritorija drugih dr\u017eava ima svoje sljedbenike na Balkanu.<\/p>\n\n\n\n<p>-Preuzimanje i dominacije nad suverenitetom susjednih nacija, nije samo ruska praksa i klju\u010dnog saveznika na Balkanu, \u201csrpskog svijeta\u201d, ve\u0107 i bjelodanih intencija i oblikovanja tzv. \u201c,hrvatskog svijeta&#8221;. Iako su sami stolje\u0107ima u sukobu oko nerje\u0161enih me\u0111usobnih nacionalnih aspiracija, oni su u otvorenom, strate\u0161kom savezni\u0161tvu i uskla\u0111enom djelovanju, interesima i ciljevima prema BiH \u2013 dodao je Kulenovi\u0107.<\/p>\n\n\n\n<p>Mo\u017eemo se samo nadati da je u pitanju preskakanje terapije govornika dovelo do ovakvih konstrukcija. Samo bi to objasnilo ublehe o kojima pri\u010daju!<\/p>\n\n\n\n<p>Izvor:pogled.ba<\/p>\n","protected":false},"excerpt":{"rendered":"<p>&#8216;Krug 99&#8217; navodno okuplja intelektualce. Ipak, nakon dana\u0161njeg priop\u0107enja ne samo da je upitno kako u spomenutom dru\u0161tvu ima intelektualaca nego paranoja i teorije zavjere kojima se bavi dru\u0161tvo u nastavku teksta upu\u0107uje mo\u017eda i na neke dijagnoze. Mo\u017eda bi prikladnije bilo da &#8216;Krug 99&#8217; od sada novi naziv &#8216;Krug 69&#8217;. Valjda im ne\u0107e trebati [&hellip;]<\/p>\n","protected":false},"author":2,"featured_media":181594,"comment_status":"closed","ping_status":"closed","sticky":false,"template":"","format":"standard","meta":{"h5ap_radio_sources":[],"footnotes":""},"categories":[1],"tags":[],"class_list":["post-181593","post","type-post","status-publish","format-standard","has-post-thumbnail","hentry","category-bihiregija"],"yoast_head":"<!-- This site is optimized with the Yoast SEO plugin v27.5 - https:\/\/yoast.com\/product\/yoast-seo-wordpress\/ -->\n<title>&#039;Krug 99&#039; trebao bi se zvati &#039;Krug 69&#039; - RADIO LJUBU\u0160KI<\/title>\n<meta name=\"robots\" content=\"index, follow, max-snippet:-1, max-image-preview:large, max-video-preview:-1\" \/>\n<link rel=\"canonical\" href=\"https:\/\/radioljubuski.ba\/index.php\/2022\/09\/19\/krug-99-trebao-bi-se-zvati-krug-69\/\" \/>\n<meta property=\"og:locale\" content=\"hr_HR\" \/>\n<meta property=\"og:type\" content=\"article\" \/>\n<meta property=\"og:title\" content=\"&#039;Krug 99&#039; trebao bi se zvati &#039;Krug 69&#039; - RADIO LJUBU\u0160KI\" \/>\n<meta property=\"og:description\" content=\"&#8216;Krug 99&#8217; navodno okuplja intelektualce. Ipak, nakon dana\u0161njeg priop\u0107enja ne samo da je upitno kako u spomenutom dru\u0161tvu ima intelektualaca nego paranoja i teorije zavjere kojima se bavi dru\u0161tvo u nastavku teksta upu\u0107uje mo\u017eda i na neke dijagnoze. Mo\u017eda bi prikladnije bilo da &#8216;Krug 99&#8217; od sada novi naziv &#8216;Krug 69&#8217;. Valjda im ne\u0107e trebati [&hellip;]\" \/>\n<meta property=\"og:url\" content=\"https:\/\/radioljubuski.ba\/index.php\/2022\/09\/19\/krug-99-trebao-bi-se-zvati-krug-69\/\" \/>\n<meta property=\"og:site_name\" content=\"RADIO LJUBU\u0160KI\" \/>\n<meta property=\"article:publisher\" content=\"https:\/\/www.facebook.com\/Radiio-Ljubuski-1490835324566332\" \/>\n<meta property=\"article:published_time\" content=\"2022-09-19T11:39:44+00:00\" \/>\n<meta property=\"article:modified_time\" content=\"2022-09-19T11:39:46+00:00\" \/>\n<meta property=\"og:image\" content=\"https:\/\/radioljubuski.ba\/wp-content\/uploads\/2022\/09\/2-2022-09-18-14-10-28-bajrovic.jpg\" \/>\n\t<meta property=\"og:image:width\" content=\"1000\" \/>\n\t<meta property=\"og:image:height\" content=\"625\" \/>\n\t<meta property=\"og:image:type\" content=\"image\/jpeg\" \/>\n<meta name=\"author\" content=\"Radio Ljubu\u0161ki\" \/>\n<meta name=\"twitter:card\" content=\"summary_large_image\" \/>\n<meta name=\"twitter:creator\" content=\"@radioljubuski\" \/>\n<meta name=\"twitter:site\" content=\"@radioljubuski\" \/>\n<meta name=\"twitter:label1\" content=\"Napisao\/la\" \/>\n\t<meta name=\"twitter:data1\" content=\"Radio Ljubu\u0161ki\" \/>\n\t<meta name=\"twitter:label2\" content=\"Procijenjeno vrijeme \u010ditanja\" \/>\n\t<meta name=\"twitter:data2\" content=\"3 minute\" \/>\n<script type=\"application\/ld+json\" class=\"yoast-schema-graph\">{\"@context\":\"https:\\\/\\\/schema.org\",\"@graph\":[{\"@type\":\"Article\",\"@id\":\"https:\\\/\\\/radioljubuski.ba\\\/index.php\\\/2022\\\/09\\\/19\\\/krug-99-trebao-bi-se-zvati-krug-69\\\/#article\",\"isPartOf\":{\"@id\":\"https:\\\/\\\/radioljubuski.ba\\\/index.php\\\/2022\\\/09\\\/19\\\/krug-99-trebao-bi-se-zvati-krug-69\\\/\"},\"author\":{\"name\":\"Radio Ljubu\u0161ki\",\"@id\":\"https:\\\/\\\/radioljubuski.ba\\\/#\\\/schema\\\/person\\\/19fc700381a780f69665d7956c469e3b\"},\"headline\":\"&#8216;Krug 99&#8217; trebao bi se zvati &#8216;Krug 69&#8217;\",\"datePublished\":\"2022-09-19T11:39:44+00:00\",\"dateModified\":\"2022-09-19T11:39:46+00:00\",\"mainEntityOfPage\":{\"@id\":\"https:\\\/\\\/radioljubuski.ba\\\/index.php\\\/2022\\\/09\\\/19\\\/krug-99-trebao-bi-se-zvati-krug-69\\\/\"},\"wordCount\":624,\"publisher\":{\"@id\":\"https:\\\/\\\/radioljubuski.ba\\\/#organization\"},\"image\":{\"@id\":\"https:\\\/\\\/radioljubuski.ba\\\/index.php\\\/2022\\\/09\\\/19\\\/krug-99-trebao-bi-se-zvati-krug-69\\\/#primaryimage\"},\"thumbnailUrl\":\"https:\\\/\\\/radioljubuski.ba\\\/wp-content\\\/uploads\\\/2022\\\/09\\\/2-2022-09-18-14-10-28-bajrovic.jpg\",\"articleSection\":[\"BIH i regija\"],\"inLanguage\":\"hr\"},{\"@type\":\"WebPage\",\"@id\":\"https:\\\/\\\/radioljubuski.ba\\\/index.php\\\/2022\\\/09\\\/19\\\/krug-99-trebao-bi-se-zvati-krug-69\\\/\",\"url\":\"https:\\\/\\\/radioljubuski.ba\\\/index.php\\\/2022\\\/09\\\/19\\\/krug-99-trebao-bi-se-zvati-krug-69\\\/\",\"name\":\"'Krug 99' trebao bi se zvati 'Krug 69' - RADIO LJUBU\u0160KI\",\"isPartOf\":{\"@id\":\"https:\\\/\\\/radioljubuski.ba\\\/#website\"},\"primaryImageOfPage\":{\"@id\":\"https:\\\/\\\/radioljubuski.ba\\\/index.php\\\/2022\\\/09\\\/19\\\/krug-99-trebao-bi-se-zvati-krug-69\\\/#primaryimage\"},\"image\":{\"@id\":\"https:\\\/\\\/radioljubuski.ba\\\/index.php\\\/2022\\\/09\\\/19\\\/krug-99-trebao-bi-se-zvati-krug-69\\\/#primaryimage\"},\"thumbnailUrl\":\"https:\\\/\\\/radioljubuski.ba\\\/wp-content\\\/uploads\\\/2022\\\/09\\\/2-2022-09-18-14-10-28-bajrovic.jpg\",\"datePublished\":\"2022-09-19T11:39:44+00:00\",\"dateModified\":\"2022-09-19T11:39:46+00:00\",\"breadcrumb\":{\"@id\":\"https:\\\/\\\/radioljubuski.ba\\\/index.php\\\/2022\\\/09\\\/19\\\/krug-99-trebao-bi-se-zvati-krug-69\\\/#breadcrumb\"},\"inLanguage\":\"hr\",\"potentialAction\":[{\"@type\":\"ReadAction\",\"target\":[\"https:\\\/\\\/radioljubuski.ba\\\/index.php\\\/2022\\\/09\\\/19\\\/krug-99-trebao-bi-se-zvati-krug-69\\\/\"]}]},{\"@type\":\"ImageObject\",\"inLanguage\":\"hr\",\"@id\":\"https:\\\/\\\/radioljubuski.ba\\\/index.php\\\/2022\\\/09\\\/19\\\/krug-99-trebao-bi-se-zvati-krug-69\\\/#primaryimage\",\"url\":\"https:\\\/\\\/radioljubuski.ba\\\/wp-content\\\/uploads\\\/2022\\\/09\\\/2-2022-09-18-14-10-28-bajrovic.jpg\",\"contentUrl\":\"https:\\\/\\\/radioljubuski.ba\\\/wp-content\\\/uploads\\\/2022\\\/09\\\/2-2022-09-18-14-10-28-bajrovic.jpg\",\"width\":1000,\"height\":625},{\"@type\":\"BreadcrumbList\",\"@id\":\"https:\\\/\\\/radioljubuski.ba\\\/index.php\\\/2022\\\/09\\\/19\\\/krug-99-trebao-bi-se-zvati-krug-69\\\/#breadcrumb\",\"itemListElement\":[{\"@type\":\"ListItem\",\"position\":1,\"name\":\"Po\u010detna stranica\",\"item\":\"https:\\\/\\\/radioljubuski.ba\\\/\"},{\"@type\":\"ListItem\",\"position\":2,\"name\":\"&#8216;Krug 99&#8217; trebao bi se zvati &#8216;Krug 69&#8217;\"}]},{\"@type\":\"WebSite\",\"@id\":\"https:\\\/\\\/radioljubuski.ba\\\/#website\",\"url\":\"https:\\\/\\\/radioljubuski.ba\\\/\",\"name\":\"Radio Ljubu\u0161ki\",\"description\":\"Sun\u010dana frekvencija Hercegovine\",\"publisher\":{\"@id\":\"https:\\\/\\\/radioljubuski.ba\\\/#organization\"},\"potentialAction\":[{\"@type\":\"SearchAction\",\"target\":{\"@type\":\"EntryPoint\",\"urlTemplate\":\"https:\\\/\\\/radioljubuski.ba\\\/?s={search_term_string}\"},\"query-input\":{\"@type\":\"PropertyValueSpecification\",\"valueRequired\":true,\"valueName\":\"search_term_string\"}}],\"inLanguage\":\"hr\"},{\"@type\":\"Organization\",\"@id\":\"https:\\\/\\\/radioljubuski.ba\\\/#organization\",\"name\":\"Radio Ljubu\u0161ki\",\"url\":\"https:\\\/\\\/radioljubuski.ba\\\/\",\"logo\":{\"@type\":\"ImageObject\",\"inLanguage\":\"hr\",\"@id\":\"https:\\\/\\\/radioljubuski.ba\\\/#\\\/schema\\\/logo\\\/image\\\/\",\"url\":\"https:\\\/\\\/radioljubuski.ba\\\/wp-content\\\/uploads\\\/2021\\\/02\\\/cropped-Radio_Ljubuski_logo1.jpg\",\"contentUrl\":\"https:\\\/\\\/radioljubuski.ba\\\/wp-content\\\/uploads\\\/2021\\\/02\\\/cropped-Radio_Ljubuski_logo1.jpg\",\"width\":512,\"height\":512,\"caption\":\"Radio Ljubu\u0161ki\"},\"image\":{\"@id\":\"https:\\\/\\\/radioljubuski.ba\\\/#\\\/schema\\\/logo\\\/image\\\/\"},\"sameAs\":[\"https:\\\/\\\/www.facebook.com\\\/Radiio-Ljubuski-1490835324566332\",\"https:\\\/\\\/x.com\\\/radioljubuski\",\"https:\\\/\\\/hr.linkedin.com\\\/company\\\/radio-ljubuski\",\"https:\\\/\\\/www.youtube.com\\\/channel\\\/UCHYaeO_n0Db3tjNGudGpXyw\"]},{\"@type\":\"Person\",\"@id\":\"https:\\\/\\\/radioljubuski.ba\\\/#\\\/schema\\\/person\\\/19fc700381a780f69665d7956c469e3b\",\"name\":\"Radio Ljubu\u0161ki\"}]}<\/script>\n<!-- \/ Yoast SEO plugin. -->","yoast_head_json":{"title":"'Krug 99' trebao bi se zvati 'Krug 69' - RADIO LJUBU\u0160KI","robots":{"index":"index","follow":"follow","max-snippet":"max-snippet:-1","max-image-preview":"max-image-preview:large","max-video-preview":"max-video-preview:-1"},"canonical":"https:\/\/radioljubuski.ba\/index.php\/2022\/09\/19\/krug-99-trebao-bi-se-zvati-krug-69\/","og_locale":"hr_HR","og_type":"article","og_title":"'Krug 99' trebao bi se zvati 'Krug 69' - RADIO LJUBU\u0160KI","og_description":"&#8216;Krug 99&#8217; navodno okuplja intelektualce. Ipak, nakon dana\u0161njeg priop\u0107enja ne samo da je upitno kako u spomenutom dru\u0161tvu ima intelektualaca nego paranoja i teorije zavjere kojima se bavi dru\u0161tvo u nastavku teksta upu\u0107uje mo\u017eda i na neke dijagnoze. Mo\u017eda bi prikladnije bilo da &#8216;Krug 99&#8217; od sada novi naziv &#8216;Krug 69&#8217;. Valjda im ne\u0107e trebati [&hellip;]","og_url":"https:\/\/radioljubuski.ba\/index.php\/2022\/09\/19\/krug-99-trebao-bi-se-zvati-krug-69\/","og_site_name":"RADIO LJUBU\u0160KI","article_publisher":"https:\/\/www.facebook.com\/Radiio-Ljubuski-1490835324566332","article_published_time":"2022-09-19T11:39:44+00:00","article_modified_time":"2022-09-19T11:39:46+00:00","og_image":[{"width":1000,"height":625,"url":"https:\/\/radioljubuski.ba\/wp-content\/uploads\/2022\/09\/2-2022-09-18-14-10-28-bajrovic.jpg","type":"image\/jpeg"}],"author":"Radio Ljubu\u0161ki","twitter_card":"summary_large_image","twitter_creator":"@radioljubuski","twitter_site":"@radioljubuski","twitter_misc":{"Napisao\/la":"Radio Ljubu\u0161ki","Procijenjeno vrijeme \u010ditanja":"3 minute"},"schema":{"@context":"https:\/\/schema.org","@graph":[{"@type":"Article","@id":"https:\/\/radioljubuski.ba\/index.php\/2022\/09\/19\/krug-99-trebao-bi-se-zvati-krug-69\/#article","isPartOf":{"@id":"https:\/\/radioljubuski.ba\/index.php\/2022\/09\/19\/krug-99-trebao-bi-se-zvati-krug-69\/"},"author":{"name":"Radio Ljubu\u0161ki","@id":"https:\/\/radioljubuski.ba\/#\/schema\/person\/19fc700381a780f69665d7956c469e3b"},"headline":"&#8216;Krug 99&#8217; trebao bi se zvati &#8216;Krug 69&#8217;","datePublished":"2022-09-19T11:39:44+00:00","dateModified":"2022-09-19T11:39:46+00:00","mainEntityOfPage":{"@id":"https:\/\/radioljubuski.ba\/index.php\/2022\/09\/19\/krug-99-trebao-bi-se-zvati-krug-69\/"},"wordCount":624,"publisher":{"@id":"https:\/\/radioljubuski.ba\/#organization"},"image":{"@id":"https:\/\/radioljubuski.ba\/index.php\/2022\/09\/19\/krug-99-trebao-bi-se-zvati-krug-69\/#primaryimage"},"thumbnailUrl":"https:\/\/radioljubuski.ba\/wp-content\/uploads\/2022\/09\/2-2022-09-18-14-10-28-bajrovic.jpg","articleSection":["BIH i regija"],"inLanguage":"hr"},{"@type":"WebPage","@id":"https:\/\/radioljubuski.ba\/index.php\/2022\/09\/19\/krug-99-trebao-bi-se-zvati-krug-69\/","url":"https:\/\/radioljubuski.ba\/index.php\/2022\/09\/19\/krug-99-trebao-bi-se-zvati-krug-69\/","name":"'Krug 99' trebao bi se zvati 'Krug 69' - RADIO LJUBU\u0160KI","isPartOf":{"@id":"https:\/\/radioljubuski.ba\/#website"},"primaryImageOfPage":{"@id":"https:\/\/radioljubuski.ba\/index.php\/2022\/09\/19\/krug-99-trebao-bi-se-zvati-krug-69\/#primaryimage"},"image":{"@id":"https:\/\/radioljubuski.ba\/index.php\/2022\/09\/19\/krug-99-trebao-bi-se-zvati-krug-69\/#primaryimage"},"thumbnailUrl":"https:\/\/radioljubuski.ba\/wp-content\/uploads\/2022\/09\/2-2022-09-18-14-10-28-bajrovic.jpg","datePublished":"2022-09-19T11:39:44+00:00","dateModified":"2022-09-19T11:39:46+00:00","breadcrumb":{"@id":"https:\/\/radioljubuski.ba\/index.php\/2022\/09\/19\/krug-99-trebao-bi-se-zvati-krug-69\/#breadcrumb"},"inLanguage":"hr","potentialAction":[{"@type":"ReadAction","target":["https:\/\/radioljubuski.ba\/index.php\/2022\/09\/19\/krug-99-trebao-bi-se-zvati-krug-69\/"]}]},{"@type":"ImageObject","inLanguage":"hr","@id":"https:\/\/radioljubuski.ba\/index.php\/2022\/09\/19\/krug-99-trebao-bi-se-zvati-krug-69\/#primaryimage","url":"https:\/\/radioljubuski.ba\/wp-content\/uploads\/2022\/09\/2-2022-09-18-14-10-28-bajrovic.jpg","contentUrl":"https:\/\/radioljubuski.ba\/wp-content\/uploads\/2022\/09\/2-2022-09-18-14-10-28-bajrovic.jpg","width":1000,"height":625},{"@type":"BreadcrumbList","@id":"https:\/\/radioljubuski.ba\/index.php\/2022\/09\/19\/krug-99-trebao-bi-se-zvati-krug-69\/#breadcrumb","itemListElement":[{"@type":"ListItem","position":1,"name":"Po\u010detna stranica","item":"https:\/\/radioljubuski.ba\/"},{"@type":"ListItem","position":2,"name":"&#8216;Krug 99&#8217; trebao bi se zvati &#8216;Krug 69&#8217;"}]},{"@type":"WebSite","@id":"https:\/\/radioljubuski.ba\/#website","url":"https:\/\/radioljubuski.ba\/","name":"Radio Ljubu\u0161ki","description":"Sun\u010dana frekvencija Hercegovine","publisher":{"@id":"https:\/\/radioljubuski.ba\/#organization"},"potentialAction":[{"@type":"SearchAction","target":{"@type":"EntryPoint","urlTemplate":"https:\/\/radioljubuski.ba\/?s={search_term_string}"},"query-input":{"@type":"PropertyValueSpecification","valueRequired":true,"valueName":"search_term_string"}}],"inLanguage":"hr"},{"@type":"Organization","@id":"https:\/\/radioljubuski.ba\/#organization","name":"Radio Ljubu\u0161ki","url":"https:\/\/radioljubuski.ba\/","logo":{"@type":"ImageObject","inLanguage":"hr","@id":"https:\/\/radioljubuski.ba\/#\/schema\/logo\/image\/","url":"https:\/\/radioljubuski.ba\/wp-content\/uploads\/2021\/02\/cropped-Radio_Ljubuski_logo1.jpg","contentUrl":"https:\/\/radioljubuski.ba\/wp-content\/uploads\/2021\/02\/cropped-Radio_Ljubuski_logo1.jpg","width":512,"height":512,"caption":"Radio Ljubu\u0161ki"},"image":{"@id":"https:\/\/radioljubuski.ba\/#\/schema\/logo\/image\/"},"sameAs":["https:\/\/www.facebook.com\/Radiio-Ljubuski-1490835324566332","https:\/\/x.com\/radioljubuski","https:\/\/hr.linkedin.com\/company\/radio-ljubuski","https:\/\/www.youtube.com\/channel\/UCHYaeO_n0Db3tjNGudGpXyw"]},{"@type":"Person","@id":"https:\/\/radioljubuski.ba\/#\/schema\/person\/19fc700381a780f69665d7956c469e3b","name":"Radio Ljubu\u0161ki"}]}},"_links":{"self":[{"href":"https:\/\/radioljubuski.ba\/index.php\/wp-json\/wp\/v2\/posts\/181593","targetHints":{"allow":["GET"]}}],"collection":[{"href":"https:\/\/radioljubuski.ba\/index.php\/wp-json\/wp\/v2\/posts"}],"about":[{"href":"https:\/\/radioljubuski.ba\/index.php\/wp-json\/wp\/v2\/types\/post"}],"author":[{"embeddable":true,"href":"https:\/\/radioljubuski.ba\/index.php\/wp-json\/wp\/v2\/users\/2"}],"replies":[{"embeddable":true,"href":"https:\/\/radioljubuski.ba\/index.php\/wp-json\/wp\/v2\/comments?post=181593"}],"version-history":[{"count":1,"href":"https:\/\/radioljubuski.ba\/index.php\/wp-json\/wp\/v2\/posts\/181593\/revisions"}],"predecessor-version":[{"id":181595,"href":"https:\/\/radioljubuski.ba\/index.php\/wp-json\/wp\/v2\/posts\/181593\/revisions\/181595"}],"wp:featuredmedia":[{"embeddable":true,"href":"https:\/\/radioljubuski.ba\/index.php\/wp-json\/wp\/v2\/media\/181594"}],"wp:attachment":[{"href":"https:\/\/radioljubuski.ba\/index.php\/wp-json\/wp\/v2\/media?parent=181593"}],"wp:term":[{"taxonomy":"category","embeddable":true,"href":"https:\/\/radioljubuski.ba\/index.php\/wp-json\/wp\/v2\/categories?post=181593"},{"taxonomy":"post_tag","embeddable":true,"href":"https:\/\/radioljubuski.ba\/index.php\/wp-json\/wp\/v2\/tags?post=181593"}],"curies":[{"name":"wp","href":"https:\/\/api.w.org\/{rel}","templated":true}]}}