{"id":181644,"date":"2022-09-19T13:09:22","date_gmt":"2022-09-19T12:09:22","guid":{"rendered":"https:\/\/radioljubuski.ba\/?p=181644"},"modified":"2022-09-19T13:09:24","modified_gmt":"2022-09-19T12:09:24","slug":"institucije-bih-nemaju-dovoljno-novca-za-rezije","status":"publish","type":"post","link":"https:\/\/radioljubuski.ba\/index.php\/2022\/09\/19\/institucije-bih-nemaju-dovoljno-novca-za-rezije\/","title":{"rendered":"Institucije BiH nemaju dovoljno novca za re\u017eije"},"content":{"rendered":"\n<p>Slu\u017ebi za zajedni\u010dke poslove institucija BiH trebat \u0107e dodatnih 750.000 KM za struju, lo\u017e-ulje za zagrijavanje prostorija i ostale komunalne usluge, a za potrebe objekata u kojima su smje\u0161tene institucije na nivou BiH.<\/p>\n\n\n\n<p>Navedeno je to u Prijedlogu odluke o odobravanju sredstava iz teku\u0107e rezerve prora\u010duna institucija BiH u 2022. godini Slu\u017ebi za zajedni\u010dke poslove institucija BiH<\/p>\n\n\n\n<p>U nadle\u017enosti Slu\u017ebe je, podsjetimo, investiciono i teku\u0107e odr\u017eavanje kompleksa zgrada i zemlji\u0161ta za 17 objekata u kojima su smje\u0161tene institucije BiH. Slu\u017eba je, isti\u010de se, sve do sada iz teku\u0107eg prora\u010duna uspijevala osigurati sredstva za izmirenje obaveza za re\u017eijske tro\u0161kove. Me\u0111utim, sada se pojavio problem.<\/p>\n\n\n\n<p>Naime, tijekom krojenja prora\u010dunskog zahtjeva za ovu godinu sredstva za energiju i komunalne usluge planirana su na osnovu tr\u017ei\u0161nih cijena u tom periodu, bez predvi\u0111enih zna\u010dajnijih pove\u0107anja.<\/p>\n\n\n\n<p>U ra\u010dunici se navodi da izdaci za energiju i komunalne usluge predstavljaju najve\u0107u rashodovnu stavku, jer se odatle pokrivaju tro\u0161kovi za elektri\u010dnu energiju, grijanje, lo\u017e-ulje, potro\u0161nju vode, usluge odvoza sme\u0107a itd.<\/p>\n\n\n\n<p>U pitanju su zgrade na Marijin dvoru, zgrada Predsjedni\u0161tva BiH, prostorije &#8220;Slu\u017ebenog lista BiH&#8221; na Otoci, zgrada SIP-a itd.<\/p>\n\n\n\n<p>&#8220;Napominjemo da je u 2022. godini ve\u0107 do\u0161lo do poskupljenja svih energenata (elektri\u010dna energija, lo\u017e-ulje, usluga grijanja preko JP &#8216;Toplane&#8217;, plina), a mogu\u0107e je i poskupljenje vode i komunalnih usluga&#8221;, isti\u010de se u prijedlogu.<\/p>\n\n\n\n<p>Upozoreno je da se Slu\u017eba, zbog predstoje\u0107e zimske sezone i zagrijavanja radnih prostorija, u objektima institucija BiH mo\u017ee na\u0107i u situaciji da za ovu namjenu ne\u0107e imati dovoljno raspolo\u017eivih sredstava, jer su pove\u0107ani rashodi u odnosu na 2019, 2020. i 2021. godinu.<\/p>\n\n\n\n<p>Recimo, izdaci za elektri\u010dnu energiju su sa 31. prosincom pro\u0161le godine iznosili 1.271.598 KM, od \u010dega najvi\u0161e potro\u0161nje imaju zgrada parlamenta i Zgrada prijateljstva izme\u0111u Gr\u010dke i BiH, ukupno 807.875,80 KM.<\/p>\n\n\n\n<p>&#8220;U 2022. godini je do\u0161lo do enormnog poskupljenja elektri\u010dne energije, pa smo za prvih sedam mjeseci potro\u0161ili 1.261.021,24 KM. Projekciju smo vr\u0161ili po realnim tr\u017ei\u0161nim cijenama, koji su ve\u0107e u odnosu na prethodnu godinu, te je planirani iznos sredstava 1.900.000 KM&#8221;, isti\u010de se u prijedlogu.<\/p>\n\n\n\n<p>Pove\u0107at \u0107e se i tro\u0161kovi za lo\u017e-ulje, koji se odnose na potro\u0161nju za zagrijavanje spomenuta dva objekta. U 2021. godini za grijanje objekta Parlamentarne skup\u0161tine i Zgrade prijateljstva izme\u0111u Gr\u010dke i BiH utro\u0161eno je 410.000 litara lo\u017e-ulja, koje je pla\u0107ano prosje\u010dno 1,8 KM po litru, te je ukupno izdvojeno oko 780.000 KM. Trenutna cijena je znatno ve\u0107a od pro\u0161logodi\u0161nje i iznosi 2,9 KM po litru.<\/p>\n\n\n\n<p>&#8220;Planirana sredstva koja su potrebna za nabavku lo\u017e-ulja u 2022. godini bi iznosila oko 1.200.000 KM&#8221;, isti\u010de se u prijedlogu.<\/p>\n\n\n\n<p>Kako je upozoreno, u slu\u010daju da se ne odobri zahtjev, odnosno izdvajanje dodatnih 750.000 KM, a imaju\u0107i u vidu trenutnu situaciju nastalu enormnim rastom ra\u010duna za elektri\u010dnu energiju i lo\u017e-ulje, ne\u0107e se mo\u0107i izmiriti obaveze po prispjelim ra\u010dunima. To za posljedicu, isti\u010de se, mo\u017ee imati isklju\u010denje elektri\u010dne energije i zagrijavanja u dva objekta na Trgu BiH.<\/p>\n\n\n\n<p>Salih Kar\u010di\u0107, predsjednik Samostalnog sindikata dr\u017eavnih slu\u017ebenika i zaposlenika u institucijama BiH, ka\u017ee da je ovaj zahtjev opravdan.<\/p>\n\n\n\n<p>&#8220;Moraju imati sredstva na ra\u010dunu da bi kupili robu. To je izvanredan tro\u0161ak i to treba da se osigura. Gorivo nam je neophodno, a tu je i pove\u0107anje cijene struje. Mislim da je taj zahtjev osnovan&#8221;, rekao je Kara\u010di\u0107 za &#8220;Nezavisne novine&#8221;.<\/p>\n\n\n\n<p>Iz Slu\u017ebe za zajedni\u010dke poslove institucija BiH potvr\u0111uju da oni nisu u mogu\u0107nosti osigurati potrebna dodatna sredstva za uredno i blagovremeno servisiranje re\u017eijskih tro\u0161kova te tro\u0161kova lo\u017e-ulja do kraja poslovne godine.<\/p>\n\n\n\n<p>&#8220;S obzirom na to, upu\u0107en je zahtjev Ministarstvu financija i trezora BiH za odobravanje sredstava iz teku\u0107e rezerve bud\u017eeta za 2022. godinu&#8221;, rekli su iz Slu\u017ebe za zajedni\u010dke poslove institucija BiH za &#8220;Nezavisne novine&#8221;.<\/p>\n\n\n\n<p>Izvor:nezavisne.com<\/p>\n","protected":false},"excerpt":{"rendered":"<p>Slu\u017ebi za zajedni\u010dke poslove institucija BiH trebat \u0107e dodatnih 750.000 KM za struju, lo\u017e-ulje za zagrijavanje prostorija i ostale komunalne usluge, a za potrebe objekata u kojima su smje\u0161tene institucije na nivou BiH. Navedeno je to u Prijedlogu odluke o odobravanju sredstava iz teku\u0107e rezerve prora\u010duna institucija BiH u 2022. godini Slu\u017ebi za zajedni\u010dke poslove [&hellip;]<\/p>\n","protected":false},"author":2,"featured_media":181645,"comment_status":"closed","ping_status":"closed","sticky":false,"template":"","format":"standard","meta":{"h5ap_radio_sources":[],"footnotes":""},"categories":[1],"tags":[],"class_list":["post-181644","post","type-post","status-publish","format-standard","has-post-thumbnail","hentry","category-bihiregija"],"yoast_head":"<!-- This site is optimized with the Yoast SEO plugin v27.5 - https:\/\/yoast.com\/product\/yoast-seo-wordpress\/ -->\n<title>Institucije BiH nemaju dovoljno novca za re\u017eije - RADIO LJUBU\u0160KI<\/title>\n<meta name=\"robots\" content=\"index, follow, max-snippet:-1, max-image-preview:large, max-video-preview:-1\" \/>\n<link rel=\"canonical\" href=\"https:\/\/radioljubuski.ba\/index.php\/2022\/09\/19\/institucije-bih-nemaju-dovoljno-novca-za-rezije\/\" \/>\n<meta property=\"og:locale\" content=\"hr_HR\" \/>\n<meta property=\"og:type\" content=\"article\" \/>\n<meta property=\"og:title\" content=\"Institucije BiH nemaju dovoljno novca za re\u017eije - RADIO LJUBU\u0160KI\" \/>\n<meta property=\"og:description\" content=\"Slu\u017ebi za zajedni\u010dke poslove institucija BiH trebat \u0107e dodatnih 750.000 KM za struju, lo\u017e-ulje za zagrijavanje prostorija i ostale komunalne usluge, a za potrebe objekata u kojima su smje\u0161tene institucije na nivou BiH. Navedeno je to u Prijedlogu odluke o odobravanju sredstava iz teku\u0107e rezerve prora\u010duna institucija BiH u 2022. godini Slu\u017ebi za zajedni\u010dke poslove [&hellip;]\" \/>\n<meta property=\"og:url\" content=\"https:\/\/radioljubuski.ba\/index.php\/2022\/09\/19\/institucije-bih-nemaju-dovoljno-novca-za-rezije\/\" \/>\n<meta property=\"og:site_name\" content=\"RADIO LJUBU\u0160KI\" \/>\n<meta property=\"article:publisher\" content=\"https:\/\/www.facebook.com\/Radiio-Ljubuski-1490835324566332\" \/>\n<meta property=\"article:published_time\" content=\"2022-09-19T12:09:22+00:00\" \/>\n<meta property=\"article:modified_time\" content=\"2022-09-19T12:09:24+00:00\" \/>\n<meta property=\"og:image\" content=\"https:\/\/radioljubuski.ba\/wp-content\/uploads\/2022\/09\/ZJqoAUjC_bh_institucije.jpg\" \/>\n\t<meta property=\"og:image:width\" content=\"1000\" \/>\n\t<meta property=\"og:image:height\" content=\"625\" \/>\n\t<meta property=\"og:image:type\" content=\"image\/jpeg\" \/>\n<meta name=\"author\" content=\"Radio Ljubu\u0161ki\" \/>\n<meta name=\"twitter:card\" content=\"summary_large_image\" \/>\n<meta name=\"twitter:creator\" content=\"@radioljubuski\" \/>\n<meta name=\"twitter:site\" content=\"@radioljubuski\" \/>\n<meta name=\"twitter:label1\" content=\"Napisao\/la\" \/>\n\t<meta name=\"twitter:data1\" content=\"Radio Ljubu\u0161ki\" \/>\n\t<meta name=\"twitter:label2\" content=\"Procijenjeno vrijeme \u010ditanja\" \/>\n\t<meta name=\"twitter:data2\" content=\"3 minute\" \/>\n<script type=\"application\/ld+json\" class=\"yoast-schema-graph\">{\"@context\":\"https:\\\/\\\/schema.org\",\"@graph\":[{\"@type\":\"Article\",\"@id\":\"https:\\\/\\\/radioljubuski.ba\\\/index.php\\\/2022\\\/09\\\/19\\\/institucije-bih-nemaju-dovoljno-novca-za-rezije\\\/#article\",\"isPartOf\":{\"@id\":\"https:\\\/\\\/radioljubuski.ba\\\/index.php\\\/2022\\\/09\\\/19\\\/institucije-bih-nemaju-dovoljno-novca-za-rezije\\\/\"},\"author\":{\"name\":\"Radio Ljubu\u0161ki\",\"@id\":\"https:\\\/\\\/radioljubuski.ba\\\/#\\\/schema\\\/person\\\/19fc700381a780f69665d7956c469e3b\"},\"headline\":\"Institucije BiH nemaju dovoljno novca za re\u017eije\",\"datePublished\":\"2022-09-19T12:09:22+00:00\",\"dateModified\":\"2022-09-19T12:09:24+00:00\",\"mainEntityOfPage\":{\"@id\":\"https:\\\/\\\/radioljubuski.ba\\\/index.php\\\/2022\\\/09\\\/19\\\/institucije-bih-nemaju-dovoljno-novca-za-rezije\\\/\"},\"wordCount\":698,\"publisher\":{\"@id\":\"https:\\\/\\\/radioljubuski.ba\\\/#organization\"},\"image\":{\"@id\":\"https:\\\/\\\/radioljubuski.ba\\\/index.php\\\/2022\\\/09\\\/19\\\/institucije-bih-nemaju-dovoljno-novca-za-rezije\\\/#primaryimage\"},\"thumbnailUrl\":\"https:\\\/\\\/radioljubuski.ba\\\/wp-content\\\/uploads\\\/2022\\\/09\\\/ZJqoAUjC_bh_institucije.jpg\",\"articleSection\":[\"BIH i regija\"],\"inLanguage\":\"hr\"},{\"@type\":\"WebPage\",\"@id\":\"https:\\\/\\\/radioljubuski.ba\\\/index.php\\\/2022\\\/09\\\/19\\\/institucije-bih-nemaju-dovoljno-novca-za-rezije\\\/\",\"url\":\"https:\\\/\\\/radioljubuski.ba\\\/index.php\\\/2022\\\/09\\\/19\\\/institucije-bih-nemaju-dovoljno-novca-za-rezije\\\/\",\"name\":\"Institucije BiH nemaju dovoljno novca za re\u017eije - RADIO LJUBU\u0160KI\",\"isPartOf\":{\"@id\":\"https:\\\/\\\/radioljubuski.ba\\\/#website\"},\"primaryImageOfPage\":{\"@id\":\"https:\\\/\\\/radioljubuski.ba\\\/index.php\\\/2022\\\/09\\\/19\\\/institucije-bih-nemaju-dovoljno-novca-za-rezije\\\/#primaryimage\"},\"image\":{\"@id\":\"https:\\\/\\\/radioljubuski.ba\\\/index.php\\\/2022\\\/09\\\/19\\\/institucije-bih-nemaju-dovoljno-novca-za-rezije\\\/#primaryimage\"},\"thumbnailUrl\":\"https:\\\/\\\/radioljubuski.ba\\\/wp-content\\\/uploads\\\/2022\\\/09\\\/ZJqoAUjC_bh_institucije.jpg\",\"datePublished\":\"2022-09-19T12:09:22+00:00\",\"dateModified\":\"2022-09-19T12:09:24+00:00\",\"breadcrumb\":{\"@id\":\"https:\\\/\\\/radioljubuski.ba\\\/index.php\\\/2022\\\/09\\\/19\\\/institucije-bih-nemaju-dovoljno-novca-za-rezije\\\/#breadcrumb\"},\"inLanguage\":\"hr\",\"potentialAction\":[{\"@type\":\"ReadAction\",\"target\":[\"https:\\\/\\\/radioljubuski.ba\\\/index.php\\\/2022\\\/09\\\/19\\\/institucije-bih-nemaju-dovoljno-novca-za-rezije\\\/\"]}]},{\"@type\":\"ImageObject\",\"inLanguage\":\"hr\",\"@id\":\"https:\\\/\\\/radioljubuski.ba\\\/index.php\\\/2022\\\/09\\\/19\\\/institucije-bih-nemaju-dovoljno-novca-za-rezije\\\/#primaryimage\",\"url\":\"https:\\\/\\\/radioljubuski.ba\\\/wp-content\\\/uploads\\\/2022\\\/09\\\/ZJqoAUjC_bh_institucije.jpg\",\"contentUrl\":\"https:\\\/\\\/radioljubuski.ba\\\/wp-content\\\/uploads\\\/2022\\\/09\\\/ZJqoAUjC_bh_institucije.jpg\",\"width\":1000,\"height\":625},{\"@type\":\"BreadcrumbList\",\"@id\":\"https:\\\/\\\/radioljubuski.ba\\\/index.php\\\/2022\\\/09\\\/19\\\/institucije-bih-nemaju-dovoljno-novca-za-rezije\\\/#breadcrumb\",\"itemListElement\":[{\"@type\":\"ListItem\",\"position\":1,\"name\":\"Po\u010detna stranica\",\"item\":\"https:\\\/\\\/radioljubuski.ba\\\/\"},{\"@type\":\"ListItem\",\"position\":2,\"name\":\"Institucije BiH nemaju dovoljno novca za re\u017eije\"}]},{\"@type\":\"WebSite\",\"@id\":\"https:\\\/\\\/radioljubuski.ba\\\/#website\",\"url\":\"https:\\\/\\\/radioljubuski.ba\\\/\",\"name\":\"Radio Ljubu\u0161ki\",\"description\":\"Sun\u010dana frekvencija Hercegovine\",\"publisher\":{\"@id\":\"https:\\\/\\\/radioljubuski.ba\\\/#organization\"},\"potentialAction\":[{\"@type\":\"SearchAction\",\"target\":{\"@type\":\"EntryPoint\",\"urlTemplate\":\"https:\\\/\\\/radioljubuski.ba\\\/?s={search_term_string}\"},\"query-input\":{\"@type\":\"PropertyValueSpecification\",\"valueRequired\":true,\"valueName\":\"search_term_string\"}}],\"inLanguage\":\"hr\"},{\"@type\":\"Organization\",\"@id\":\"https:\\\/\\\/radioljubuski.ba\\\/#organization\",\"name\":\"Radio Ljubu\u0161ki\",\"url\":\"https:\\\/\\\/radioljubuski.ba\\\/\",\"logo\":{\"@type\":\"ImageObject\",\"inLanguage\":\"hr\",\"@id\":\"https:\\\/\\\/radioljubuski.ba\\\/#\\\/schema\\\/logo\\\/image\\\/\",\"url\":\"https:\\\/\\\/radioljubuski.ba\\\/wp-content\\\/uploads\\\/2021\\\/02\\\/cropped-Radio_Ljubuski_logo1.jpg\",\"contentUrl\":\"https:\\\/\\\/radioljubuski.ba\\\/wp-content\\\/uploads\\\/2021\\\/02\\\/cropped-Radio_Ljubuski_logo1.jpg\",\"width\":512,\"height\":512,\"caption\":\"Radio Ljubu\u0161ki\"},\"image\":{\"@id\":\"https:\\\/\\\/radioljubuski.ba\\\/#\\\/schema\\\/logo\\\/image\\\/\"},\"sameAs\":[\"https:\\\/\\\/www.facebook.com\\\/Radiio-Ljubuski-1490835324566332\",\"https:\\\/\\\/x.com\\\/radioljubuski\",\"https:\\\/\\\/hr.linkedin.com\\\/company\\\/radio-ljubuski\",\"https:\\\/\\\/www.youtube.com\\\/channel\\\/UCHYaeO_n0Db3tjNGudGpXyw\"]},{\"@type\":\"Person\",\"@id\":\"https:\\\/\\\/radioljubuski.ba\\\/#\\\/schema\\\/person\\\/19fc700381a780f69665d7956c469e3b\",\"name\":\"Radio Ljubu\u0161ki\"}]}<\/script>\n<!-- \/ Yoast SEO plugin. -->","yoast_head_json":{"title":"Institucije BiH nemaju dovoljno novca za re\u017eije - RADIO LJUBU\u0160KI","robots":{"index":"index","follow":"follow","max-snippet":"max-snippet:-1","max-image-preview":"max-image-preview:large","max-video-preview":"max-video-preview:-1"},"canonical":"https:\/\/radioljubuski.ba\/index.php\/2022\/09\/19\/institucije-bih-nemaju-dovoljno-novca-za-rezije\/","og_locale":"hr_HR","og_type":"article","og_title":"Institucije BiH nemaju dovoljno novca za re\u017eije - RADIO LJUBU\u0160KI","og_description":"Slu\u017ebi za zajedni\u010dke poslove institucija BiH trebat \u0107e dodatnih 750.000 KM za struju, lo\u017e-ulje za zagrijavanje prostorija i ostale komunalne usluge, a za potrebe objekata u kojima su smje\u0161tene institucije na nivou BiH. Navedeno je to u Prijedlogu odluke o odobravanju sredstava iz teku\u0107e rezerve prora\u010duna institucija BiH u 2022. godini Slu\u017ebi za zajedni\u010dke poslove [&hellip;]","og_url":"https:\/\/radioljubuski.ba\/index.php\/2022\/09\/19\/institucije-bih-nemaju-dovoljno-novca-za-rezije\/","og_site_name":"RADIO LJUBU\u0160KI","article_publisher":"https:\/\/www.facebook.com\/Radiio-Ljubuski-1490835324566332","article_published_time":"2022-09-19T12:09:22+00:00","article_modified_time":"2022-09-19T12:09:24+00:00","og_image":[{"width":1000,"height":625,"url":"https:\/\/radioljubuski.ba\/wp-content\/uploads\/2022\/09\/ZJqoAUjC_bh_institucije.jpg","type":"image\/jpeg"}],"author":"Radio Ljubu\u0161ki","twitter_card":"summary_large_image","twitter_creator":"@radioljubuski","twitter_site":"@radioljubuski","twitter_misc":{"Napisao\/la":"Radio Ljubu\u0161ki","Procijenjeno vrijeme \u010ditanja":"3 minute"},"schema":{"@context":"https:\/\/schema.org","@graph":[{"@type":"Article","@id":"https:\/\/radioljubuski.ba\/index.php\/2022\/09\/19\/institucije-bih-nemaju-dovoljno-novca-za-rezije\/#article","isPartOf":{"@id":"https:\/\/radioljubuski.ba\/index.php\/2022\/09\/19\/institucije-bih-nemaju-dovoljno-novca-za-rezije\/"},"author":{"name":"Radio Ljubu\u0161ki","@id":"https:\/\/radioljubuski.ba\/#\/schema\/person\/19fc700381a780f69665d7956c469e3b"},"headline":"Institucije BiH nemaju dovoljno novca za re\u017eije","datePublished":"2022-09-19T12:09:22+00:00","dateModified":"2022-09-19T12:09:24+00:00","mainEntityOfPage":{"@id":"https:\/\/radioljubuski.ba\/index.php\/2022\/09\/19\/institucije-bih-nemaju-dovoljno-novca-za-rezije\/"},"wordCount":698,"publisher":{"@id":"https:\/\/radioljubuski.ba\/#organization"},"image":{"@id":"https:\/\/radioljubuski.ba\/index.php\/2022\/09\/19\/institucije-bih-nemaju-dovoljno-novca-za-rezije\/#primaryimage"},"thumbnailUrl":"https:\/\/radioljubuski.ba\/wp-content\/uploads\/2022\/09\/ZJqoAUjC_bh_institucije.jpg","articleSection":["BIH i regija"],"inLanguage":"hr"},{"@type":"WebPage","@id":"https:\/\/radioljubuski.ba\/index.php\/2022\/09\/19\/institucije-bih-nemaju-dovoljno-novca-za-rezije\/","url":"https:\/\/radioljubuski.ba\/index.php\/2022\/09\/19\/institucije-bih-nemaju-dovoljno-novca-za-rezije\/","name":"Institucije BiH nemaju dovoljno novca za re\u017eije - RADIO LJUBU\u0160KI","isPartOf":{"@id":"https:\/\/radioljubuski.ba\/#website"},"primaryImageOfPage":{"@id":"https:\/\/radioljubuski.ba\/index.php\/2022\/09\/19\/institucije-bih-nemaju-dovoljno-novca-za-rezije\/#primaryimage"},"image":{"@id":"https:\/\/radioljubuski.ba\/index.php\/2022\/09\/19\/institucije-bih-nemaju-dovoljno-novca-za-rezije\/#primaryimage"},"thumbnailUrl":"https:\/\/radioljubuski.ba\/wp-content\/uploads\/2022\/09\/ZJqoAUjC_bh_institucije.jpg","datePublished":"2022-09-19T12:09:22+00:00","dateModified":"2022-09-19T12:09:24+00:00","breadcrumb":{"@id":"https:\/\/radioljubuski.ba\/index.php\/2022\/09\/19\/institucije-bih-nemaju-dovoljno-novca-za-rezije\/#breadcrumb"},"inLanguage":"hr","potentialAction":[{"@type":"ReadAction","target":["https:\/\/radioljubuski.ba\/index.php\/2022\/09\/19\/institucije-bih-nemaju-dovoljno-novca-za-rezije\/"]}]},{"@type":"ImageObject","inLanguage":"hr","@id":"https:\/\/radioljubuski.ba\/index.php\/2022\/09\/19\/institucije-bih-nemaju-dovoljno-novca-za-rezije\/#primaryimage","url":"https:\/\/radioljubuski.ba\/wp-content\/uploads\/2022\/09\/ZJqoAUjC_bh_institucije.jpg","contentUrl":"https:\/\/radioljubuski.ba\/wp-content\/uploads\/2022\/09\/ZJqoAUjC_bh_institucije.jpg","width":1000,"height":625},{"@type":"BreadcrumbList","@id":"https:\/\/radioljubuski.ba\/index.php\/2022\/09\/19\/institucije-bih-nemaju-dovoljno-novca-za-rezije\/#breadcrumb","itemListElement":[{"@type":"ListItem","position":1,"name":"Po\u010detna stranica","item":"https:\/\/radioljubuski.ba\/"},{"@type":"ListItem","position":2,"name":"Institucije BiH nemaju dovoljno novca za re\u017eije"}]},{"@type":"WebSite","@id":"https:\/\/radioljubuski.ba\/#website","url":"https:\/\/radioljubuski.ba\/","name":"Radio Ljubu\u0161ki","description":"Sun\u010dana frekvencija Hercegovine","publisher":{"@id":"https:\/\/radioljubuski.ba\/#organization"},"potentialAction":[{"@type":"SearchAction","target":{"@type":"EntryPoint","urlTemplate":"https:\/\/radioljubuski.ba\/?s={search_term_string}"},"query-input":{"@type":"PropertyValueSpecification","valueRequired":true,"valueName":"search_term_string"}}],"inLanguage":"hr"},{"@type":"Organization","@id":"https:\/\/radioljubuski.ba\/#organization","name":"Radio Ljubu\u0161ki","url":"https:\/\/radioljubuski.ba\/","logo":{"@type":"ImageObject","inLanguage":"hr","@id":"https:\/\/radioljubuski.ba\/#\/schema\/logo\/image\/","url":"https:\/\/radioljubuski.ba\/wp-content\/uploads\/2021\/02\/cropped-Radio_Ljubuski_logo1.jpg","contentUrl":"https:\/\/radioljubuski.ba\/wp-content\/uploads\/2021\/02\/cropped-Radio_Ljubuski_logo1.jpg","width":512,"height":512,"caption":"Radio Ljubu\u0161ki"},"image":{"@id":"https:\/\/radioljubuski.ba\/#\/schema\/logo\/image\/"},"sameAs":["https:\/\/www.facebook.com\/Radiio-Ljubuski-1490835324566332","https:\/\/x.com\/radioljubuski","https:\/\/hr.linkedin.com\/company\/radio-ljubuski","https:\/\/www.youtube.com\/channel\/UCHYaeO_n0Db3tjNGudGpXyw"]},{"@type":"Person","@id":"https:\/\/radioljubuski.ba\/#\/schema\/person\/19fc700381a780f69665d7956c469e3b","name":"Radio Ljubu\u0161ki"}]}},"_links":{"self":[{"href":"https:\/\/radioljubuski.ba\/index.php\/wp-json\/wp\/v2\/posts\/181644","targetHints":{"allow":["GET"]}}],"collection":[{"href":"https:\/\/radioljubuski.ba\/index.php\/wp-json\/wp\/v2\/posts"}],"about":[{"href":"https:\/\/radioljubuski.ba\/index.php\/wp-json\/wp\/v2\/types\/post"}],"author":[{"embeddable":true,"href":"https:\/\/radioljubuski.ba\/index.php\/wp-json\/wp\/v2\/users\/2"}],"replies":[{"embeddable":true,"href":"https:\/\/radioljubuski.ba\/index.php\/wp-json\/wp\/v2\/comments?post=181644"}],"version-history":[{"count":1,"href":"https:\/\/radioljubuski.ba\/index.php\/wp-json\/wp\/v2\/posts\/181644\/revisions"}],"predecessor-version":[{"id":181646,"href":"https:\/\/radioljubuski.ba\/index.php\/wp-json\/wp\/v2\/posts\/181644\/revisions\/181646"}],"wp:featuredmedia":[{"embeddable":true,"href":"https:\/\/radioljubuski.ba\/index.php\/wp-json\/wp\/v2\/media\/181645"}],"wp:attachment":[{"href":"https:\/\/radioljubuski.ba\/index.php\/wp-json\/wp\/v2\/media?parent=181644"}],"wp:term":[{"taxonomy":"category","embeddable":true,"href":"https:\/\/radioljubuski.ba\/index.php\/wp-json\/wp\/v2\/categories?post=181644"},{"taxonomy":"post_tag","embeddable":true,"href":"https:\/\/radioljubuski.ba\/index.php\/wp-json\/wp\/v2\/tags?post=181644"}],"curies":[{"name":"wp","href":"https:\/\/api.w.org\/{rel}","templated":true}]}}