{"id":181656,"date":"2022-09-19T14:07:35","date_gmt":"2022-09-19T13:07:35","guid":{"rendered":"https:\/\/radioljubuski.ba\/?p=181656"},"modified":"2022-09-19T14:07:37","modified_gmt":"2022-09-19T13:07:37","slug":"sibencanin-obitelji-iz-razrusene-petrinje-velikodusno-ustupio-stan-nakraju-ispalo-da-su-ga-grubo-prevarili","status":"publish","type":"post","link":"https:\/\/radioljubuski.ba\/index.php\/2022\/09\/19\/sibencanin-obitelji-iz-razrusene-petrinje-velikodusno-ustupio-stan-nakraju-ispalo-da-su-ga-grubo-prevarili\/","title":{"rendered":"\u0160iben\u010danin obitelji iz razru\u0161ene Petrinje velikodu\u0161no ustupio stan, nakraju ispalo da su ga grubo prevarili"},"content":{"rendered":"\n<p>Stara dalmatinska izreka &#8220;budi dobar, izij g&#8230;&#8221; savr\u0161eno odgovara situaciji u kojoj se, zbog svoje humanosti, na\u0161la \u0161ibenska obitelj P. nakon \u0161to su u sije\u010dnju 2021. godine u svoj dom primili \u010detvero\u010dlanu obitelj S. s petrinjskog podru\u010dja, a kojoj je imovina stradala u potresu koji je pogodio to podru\u010dje nekoliko dana prije, krajem prosinca 2020. godine.<\/p>\n\n\n\n<p>Uz suglasnost svoje majke, sin obitelji P. je, ne sumnjaju\u0107i u navode bra\u010dnog para S. koji su mu prikazali kako je njihova ku\u0107a te\u0161ko stradala u potresu i da se nalaze u jako te\u0161koj financijskoj situaciji, odlu\u010dio dati im stan u prizemlju svoje obiteljske ku\u0107e na kori\u0161tenje.<\/p>\n\n\n\n<p>Ni tu se nije zaustavio ve\u0107 je, kako bi im dodatno pomogao, anga\u017eirao i svoje susjede koji su onda skupljali i novac i razne potrep\u0161tine kako bi stradaloj obitelji S. pomogli na sve mogu\u0107e na\u010dine.<\/p>\n\n\n\n<p>No, \u0161to se kasnije doga\u0111alo, najbolje je opisano u tu\u017ebi koju je \u0161ibenska obitelj podnijela preko splitskog odvjetnika Jere Mati\u0107a, a u kojoj stoji da su se, nakon \u0161to je obitelj S. dva mjeseca bez ikakve naknade koristila trosobni stan, &#8220;ispunili uvjeti da se obitelj vrati u Petrinju&#8221;.<\/p>\n\n\n\n<p>DR\u017dAVNO JAMSTVO<br>Ipak, u ta dva mjeseca, glava obitelji S. je u \u0160ibeniku prona\u0161la posao te su po\u017eeljeli i dalje ostati u ovom stanu posebice zato jer su se njihove financijske prilike pobolj\u0161ale. Dogovorili su se da \u0107e sklopiti ugovor o najmu do kraja godine te da \u0107e najamnina biti tri tisu\u0107e i 850 kuna plus re\u017eije.<\/p>\n\n\n\n<p>&#8211; Tu\u017eenici su tu\u017eiteljici i njezinu sinu dodatno pru\u017eili jamstva u vidu \u010dinjenice da su stanarinu trebali pokriti iz dr\u017eavnog fonda kojeg je osigurala RH ili iz vlastitih sredstava. Unato\u010d sklopljenom ugovoru tu\u017eenici nisu platili dospjele iznose najma ve\u0107 su tu\u017eitelja dr\u017eali u uvjerenju da su u kontaktu s ministarstvom te kako \u0107e im biti retroaktivno odobren novac za najam stana kao i za budu\u0107a zadu\u017eenja, ili da \u0107e oni podmiriti sve tro\u0161kove najma &#8211; stoji, uz ostalo, u tu\u017ebi.<\/p>\n\n\n\n<p>Tu\u017ebom se od Op\u0107inskog suda u \u0160ibeniku tra\u017ei da obitelji S. presudom nalo\u017ei da isplate ukupno 48.800 kuna od \u010dega gotovo 31 tisu\u0107u za nepla\u0107eni najam, daljnjih 15 tisu\u0107a za \u0161tetu pri\u010dinjenu u stanu te jo\u0161 tri tisu\u0107e kuna zbog nepodmirenih re\u017eija.<\/p>\n\n\n\n<p>Naime, sredinom listopada pro\u0161le godine obitelj S. je napustila stan ne plativ\u0161i ni\u0161ta \u0161to je bilo dogovoreno, a kad je sin P. po\u010deo istra\u017eivati, do\u0161ao je do saznanja da, stoji u tu\u017ebi, &#8220;postoje indicije kako su tu\u017eenici neistinito prikazivali status svoje imovine u Petrinji te kako su mjesecima prije iseljenja zatajili da su od Ministarstva dobili odbijenicu za financiranje najma u \u0160ibeniku, odnosno da ne ispunjavaju kriterije za subvenciju najma&#8221;.<\/p>\n\n\n\n<p>RAZO\u010cARANI SIN<br>&#8211; Upravo ta saznanja su posebno razo\u010darala sina tu\u017eiteljice koji je tu\u017eenicima sa zbilja otvorenim srcem pru\u017eio stanovanje, te uistinu pokrenuo ve\u0107i broj ljudi da sudjeluju u pomaganju tu\u017eenika, a sudu se posebno ukazuje kako je sin tu\u017eiteljice osoba s prosje\u010dnim primanjima, \u010dime je njegov anga\u017eman jo\u0161 i plemenitiji &#8211; stoji u tu\u017ebi.<\/p>\n\n\n\n<p>Kad je obitelj S. iza\u0161la iz stana, sin je pregledao \u0161to su iza sebe ostavili te je utvrdio zna\u010dajnu \u0161tetu na namje\u0161taju, prozorima, ku\u0107anskim aparatima u stanu od najmanje 15 tisu\u0107a kuna.<\/p>\n\n\n\n<p>Poku\u0161ala je \u0161ibenska obitelj nagodbom rije\u0161iti situaciju sa svojim doju\u010dera\u0161njim gostima i podstanarima, no obitelj S. je pristala dati tek sedam i pol tisu\u0107a kuna \u0161to je manji dio nastale \u0161tete pa tako do nagodbe nije do\u0161lo. Sad \u0107e se sve rje\u0161avati preko suda, pi\u0161e <a href=\"https:\/\/slobodnadalmacija.hr\/dalmacija\/obala\/sibencanin-obitelji-iz-razrusene-petrinje-velikodusno-ustupio-stan-nakraju-ispalo-da-su-ga-grubo-prevarili-lagali-da-im-je-potres-unistio-kucu-jos-su-mu-ostavili-nered-i-stetu-1225375\">Slobodna dalmacija<\/a>.<\/p>\n\n\n\n<p>Izvor:slobodnadalmacija.hr<\/p>\n","protected":false},"excerpt":{"rendered":"<p>Stara dalmatinska izreka &#8220;budi dobar, izij g&#8230;&#8221; savr\u0161eno odgovara situaciji u kojoj se, zbog svoje humanosti, na\u0161la \u0161ibenska obitelj P. nakon \u0161to su u sije\u010dnju 2021. godine u svoj dom primili \u010detvero\u010dlanu obitelj S. s petrinjskog podru\u010dja, a kojoj je imovina stradala u potresu koji je pogodio to podru\u010dje nekoliko dana prije, krajem prosinca 2020. [&hellip;]<\/p>\n","protected":false},"author":2,"featured_media":181657,"comment_status":"closed","ping_status":"closed","sticky":false,"template":"","format":"standard","meta":{"h5ap_radio_sources":[],"footnotes":""},"categories":[1],"tags":[],"class_list":["post-181656","post","type-post","status-publish","format-standard","has-post-thumbnail","hentry","category-bihiregija"],"yoast_head":"<!-- This site is optimized with the Yoast SEO plugin v27.5 - https:\/\/yoast.com\/product\/yoast-seo-wordpress\/ -->\n<title>\u0160iben\u010danin obitelji iz razru\u0161ene Petrinje velikodu\u0161no ustupio stan, nakraju ispalo da su ga grubo prevarili - RADIO LJUBU\u0160KI<\/title>\n<meta name=\"robots\" content=\"index, follow, max-snippet:-1, max-image-preview:large, max-video-preview:-1\" \/>\n<link rel=\"canonical\" href=\"https:\/\/radioljubuski.ba\/index.php\/2022\/09\/19\/sibencanin-obitelji-iz-razrusene-petrinje-velikodusno-ustupio-stan-nakraju-ispalo-da-su-ga-grubo-prevarili\/\" \/>\n<meta property=\"og:locale\" content=\"hr_HR\" \/>\n<meta property=\"og:type\" content=\"article\" \/>\n<meta property=\"og:title\" content=\"\u0160iben\u010danin obitelji iz razru\u0161ene Petrinje velikodu\u0161no ustupio stan, nakraju ispalo da su ga grubo prevarili - RADIO LJUBU\u0160KI\" \/>\n<meta property=\"og:description\" content=\"Stara dalmatinska izreka &#8220;budi dobar, izij g&#8230;&#8221; savr\u0161eno odgovara situaciji u kojoj se, zbog svoje humanosti, na\u0161la \u0161ibenska obitelj P. nakon \u0161to su u sije\u010dnju 2021. godine u svoj dom primili \u010detvero\u010dlanu obitelj S. s petrinjskog podru\u010dja, a kojoj je imovina stradala u potresu koji je pogodio to podru\u010dje nekoliko dana prije, krajem prosinca 2020. [&hellip;]\" \/>\n<meta property=\"og:url\" content=\"https:\/\/radioljubuski.ba\/index.php\/2022\/09\/19\/sibencanin-obitelji-iz-razrusene-petrinje-velikodusno-ustupio-stan-nakraju-ispalo-da-su-ga-grubo-prevarili\/\" \/>\n<meta property=\"og:site_name\" content=\"RADIO LJUBU\u0160KI\" \/>\n<meta property=\"article:publisher\" content=\"https:\/\/www.facebook.com\/Radiio-Ljubuski-1490835324566332\" \/>\n<meta property=\"article:published_time\" content=\"2022-09-19T13:07:35+00:00\" \/>\n<meta property=\"article:modified_time\" content=\"2022-09-19T13:07:37+00:00\" \/>\n<meta property=\"og:image\" content=\"https:\/\/radioljubuski.ba\/wp-content\/uploads\/2022\/09\/8vh5auQq_petrinja.jpg\" \/>\n\t<meta property=\"og:image:width\" content=\"1000\" \/>\n\t<meta property=\"og:image:height\" content=\"625\" \/>\n\t<meta property=\"og:image:type\" content=\"image\/jpeg\" \/>\n<meta name=\"author\" content=\"Radio Ljubu\u0161ki\" \/>\n<meta name=\"twitter:card\" content=\"summary_large_image\" \/>\n<meta name=\"twitter:creator\" content=\"@radioljubuski\" \/>\n<meta name=\"twitter:site\" content=\"@radioljubuski\" \/>\n<meta name=\"twitter:label1\" content=\"Napisao\/la\" \/>\n\t<meta name=\"twitter:data1\" content=\"Radio Ljubu\u0161ki\" \/>\n\t<meta name=\"twitter:label2\" content=\"Procijenjeno vrijeme \u010ditanja\" \/>\n\t<meta name=\"twitter:data2\" content=\"3 minute\" \/>\n<script type=\"application\/ld+json\" class=\"yoast-schema-graph\">{\"@context\":\"https:\\\/\\\/schema.org\",\"@graph\":[{\"@type\":\"Article\",\"@id\":\"https:\\\/\\\/radioljubuski.ba\\\/index.php\\\/2022\\\/09\\\/19\\\/sibencanin-obitelji-iz-razrusene-petrinje-velikodusno-ustupio-stan-nakraju-ispalo-da-su-ga-grubo-prevarili\\\/#article\",\"isPartOf\":{\"@id\":\"https:\\\/\\\/radioljubuski.ba\\\/index.php\\\/2022\\\/09\\\/19\\\/sibencanin-obitelji-iz-razrusene-petrinje-velikodusno-ustupio-stan-nakraju-ispalo-da-su-ga-grubo-prevarili\\\/\"},\"author\":{\"name\":\"Radio Ljubu\u0161ki\",\"@id\":\"https:\\\/\\\/radioljubuski.ba\\\/#\\\/schema\\\/person\\\/19fc700381a780f69665d7956c469e3b\"},\"headline\":\"\u0160iben\u010danin obitelji iz razru\u0161ene Petrinje velikodu\u0161no ustupio stan, nakraju ispalo da su ga grubo prevarili\",\"datePublished\":\"2022-09-19T13:07:35+00:00\",\"dateModified\":\"2022-09-19T13:07:37+00:00\",\"mainEntityOfPage\":{\"@id\":\"https:\\\/\\\/radioljubuski.ba\\\/index.php\\\/2022\\\/09\\\/19\\\/sibencanin-obitelji-iz-razrusene-petrinje-velikodusno-ustupio-stan-nakraju-ispalo-da-su-ga-grubo-prevarili\\\/\"},\"wordCount\":661,\"publisher\":{\"@id\":\"https:\\\/\\\/radioljubuski.ba\\\/#organization\"},\"image\":{\"@id\":\"https:\\\/\\\/radioljubuski.ba\\\/index.php\\\/2022\\\/09\\\/19\\\/sibencanin-obitelji-iz-razrusene-petrinje-velikodusno-ustupio-stan-nakraju-ispalo-da-su-ga-grubo-prevarili\\\/#primaryimage\"},\"thumbnailUrl\":\"https:\\\/\\\/radioljubuski.ba\\\/wp-content\\\/uploads\\\/2022\\\/09\\\/8vh5auQq_petrinja.jpg\",\"articleSection\":[\"BIH i regija\"],\"inLanguage\":\"hr\"},{\"@type\":\"WebPage\",\"@id\":\"https:\\\/\\\/radioljubuski.ba\\\/index.php\\\/2022\\\/09\\\/19\\\/sibencanin-obitelji-iz-razrusene-petrinje-velikodusno-ustupio-stan-nakraju-ispalo-da-su-ga-grubo-prevarili\\\/\",\"url\":\"https:\\\/\\\/radioljubuski.ba\\\/index.php\\\/2022\\\/09\\\/19\\\/sibencanin-obitelji-iz-razrusene-petrinje-velikodusno-ustupio-stan-nakraju-ispalo-da-su-ga-grubo-prevarili\\\/\",\"name\":\"\u0160iben\u010danin obitelji iz razru\u0161ene Petrinje velikodu\u0161no ustupio stan, nakraju ispalo da su ga grubo prevarili - RADIO LJUBU\u0160KI\",\"isPartOf\":{\"@id\":\"https:\\\/\\\/radioljubuski.ba\\\/#website\"},\"primaryImageOfPage\":{\"@id\":\"https:\\\/\\\/radioljubuski.ba\\\/index.php\\\/2022\\\/09\\\/19\\\/sibencanin-obitelji-iz-razrusene-petrinje-velikodusno-ustupio-stan-nakraju-ispalo-da-su-ga-grubo-prevarili\\\/#primaryimage\"},\"image\":{\"@id\":\"https:\\\/\\\/radioljubuski.ba\\\/index.php\\\/2022\\\/09\\\/19\\\/sibencanin-obitelji-iz-razrusene-petrinje-velikodusno-ustupio-stan-nakraju-ispalo-da-su-ga-grubo-prevarili\\\/#primaryimage\"},\"thumbnailUrl\":\"https:\\\/\\\/radioljubuski.ba\\\/wp-content\\\/uploads\\\/2022\\\/09\\\/8vh5auQq_petrinja.jpg\",\"datePublished\":\"2022-09-19T13:07:35+00:00\",\"dateModified\":\"2022-09-19T13:07:37+00:00\",\"breadcrumb\":{\"@id\":\"https:\\\/\\\/radioljubuski.ba\\\/index.php\\\/2022\\\/09\\\/19\\\/sibencanin-obitelji-iz-razrusene-petrinje-velikodusno-ustupio-stan-nakraju-ispalo-da-su-ga-grubo-prevarili\\\/#breadcrumb\"},\"inLanguage\":\"hr\",\"potentialAction\":[{\"@type\":\"ReadAction\",\"target\":[\"https:\\\/\\\/radioljubuski.ba\\\/index.php\\\/2022\\\/09\\\/19\\\/sibencanin-obitelji-iz-razrusene-petrinje-velikodusno-ustupio-stan-nakraju-ispalo-da-su-ga-grubo-prevarili\\\/\"]}]},{\"@type\":\"ImageObject\",\"inLanguage\":\"hr\",\"@id\":\"https:\\\/\\\/radioljubuski.ba\\\/index.php\\\/2022\\\/09\\\/19\\\/sibencanin-obitelji-iz-razrusene-petrinje-velikodusno-ustupio-stan-nakraju-ispalo-da-su-ga-grubo-prevarili\\\/#primaryimage\",\"url\":\"https:\\\/\\\/radioljubuski.ba\\\/wp-content\\\/uploads\\\/2022\\\/09\\\/8vh5auQq_petrinja.jpg\",\"contentUrl\":\"https:\\\/\\\/radioljubuski.ba\\\/wp-content\\\/uploads\\\/2022\\\/09\\\/8vh5auQq_petrinja.jpg\",\"width\":1000,\"height\":625},{\"@type\":\"BreadcrumbList\",\"@id\":\"https:\\\/\\\/radioljubuski.ba\\\/index.php\\\/2022\\\/09\\\/19\\\/sibencanin-obitelji-iz-razrusene-petrinje-velikodusno-ustupio-stan-nakraju-ispalo-da-su-ga-grubo-prevarili\\\/#breadcrumb\",\"itemListElement\":[{\"@type\":\"ListItem\",\"position\":1,\"name\":\"Po\u010detna stranica\",\"item\":\"https:\\\/\\\/radioljubuski.ba\\\/\"},{\"@type\":\"ListItem\",\"position\":2,\"name\":\"\u0160iben\u010danin obitelji iz razru\u0161ene Petrinje velikodu\u0161no ustupio stan, nakraju ispalo da su ga grubo prevarili\"}]},{\"@type\":\"WebSite\",\"@id\":\"https:\\\/\\\/radioljubuski.ba\\\/#website\",\"url\":\"https:\\\/\\\/radioljubuski.ba\\\/\",\"name\":\"Radio Ljubu\u0161ki\",\"description\":\"Sun\u010dana frekvencija Hercegovine\",\"publisher\":{\"@id\":\"https:\\\/\\\/radioljubuski.ba\\\/#organization\"},\"potentialAction\":[{\"@type\":\"SearchAction\",\"target\":{\"@type\":\"EntryPoint\",\"urlTemplate\":\"https:\\\/\\\/radioljubuski.ba\\\/?s={search_term_string}\"},\"query-input\":{\"@type\":\"PropertyValueSpecification\",\"valueRequired\":true,\"valueName\":\"search_term_string\"}}],\"inLanguage\":\"hr\"},{\"@type\":\"Organization\",\"@id\":\"https:\\\/\\\/radioljubuski.ba\\\/#organization\",\"name\":\"Radio Ljubu\u0161ki\",\"url\":\"https:\\\/\\\/radioljubuski.ba\\\/\",\"logo\":{\"@type\":\"ImageObject\",\"inLanguage\":\"hr\",\"@id\":\"https:\\\/\\\/radioljubuski.ba\\\/#\\\/schema\\\/logo\\\/image\\\/\",\"url\":\"https:\\\/\\\/radioljubuski.ba\\\/wp-content\\\/uploads\\\/2021\\\/02\\\/cropped-Radio_Ljubuski_logo1.jpg\",\"contentUrl\":\"https:\\\/\\\/radioljubuski.ba\\\/wp-content\\\/uploads\\\/2021\\\/02\\\/cropped-Radio_Ljubuski_logo1.jpg\",\"width\":512,\"height\":512,\"caption\":\"Radio Ljubu\u0161ki\"},\"image\":{\"@id\":\"https:\\\/\\\/radioljubuski.ba\\\/#\\\/schema\\\/logo\\\/image\\\/\"},\"sameAs\":[\"https:\\\/\\\/www.facebook.com\\\/Radiio-Ljubuski-1490835324566332\",\"https:\\\/\\\/x.com\\\/radioljubuski\",\"https:\\\/\\\/hr.linkedin.com\\\/company\\\/radio-ljubuski\",\"https:\\\/\\\/www.youtube.com\\\/channel\\\/UCHYaeO_n0Db3tjNGudGpXyw\"]},{\"@type\":\"Person\",\"@id\":\"https:\\\/\\\/radioljubuski.ba\\\/#\\\/schema\\\/person\\\/19fc700381a780f69665d7956c469e3b\",\"name\":\"Radio Ljubu\u0161ki\"}]}<\/script>\n<!-- \/ Yoast SEO plugin. -->","yoast_head_json":{"title":"\u0160iben\u010danin obitelji iz razru\u0161ene Petrinje velikodu\u0161no ustupio stan, nakraju ispalo da su ga grubo prevarili - RADIO LJUBU\u0160KI","robots":{"index":"index","follow":"follow","max-snippet":"max-snippet:-1","max-image-preview":"max-image-preview:large","max-video-preview":"max-video-preview:-1"},"canonical":"https:\/\/radioljubuski.ba\/index.php\/2022\/09\/19\/sibencanin-obitelji-iz-razrusene-petrinje-velikodusno-ustupio-stan-nakraju-ispalo-da-su-ga-grubo-prevarili\/","og_locale":"hr_HR","og_type":"article","og_title":"\u0160iben\u010danin obitelji iz razru\u0161ene Petrinje velikodu\u0161no ustupio stan, nakraju ispalo da su ga grubo prevarili - RADIO LJUBU\u0160KI","og_description":"Stara dalmatinska izreka &#8220;budi dobar, izij g&#8230;&#8221; savr\u0161eno odgovara situaciji u kojoj se, zbog svoje humanosti, na\u0161la \u0161ibenska obitelj P. nakon \u0161to su u sije\u010dnju 2021. godine u svoj dom primili \u010detvero\u010dlanu obitelj S. s petrinjskog podru\u010dja, a kojoj je imovina stradala u potresu koji je pogodio to podru\u010dje nekoliko dana prije, krajem prosinca 2020. [&hellip;]","og_url":"https:\/\/radioljubuski.ba\/index.php\/2022\/09\/19\/sibencanin-obitelji-iz-razrusene-petrinje-velikodusno-ustupio-stan-nakraju-ispalo-da-su-ga-grubo-prevarili\/","og_site_name":"RADIO LJUBU\u0160KI","article_publisher":"https:\/\/www.facebook.com\/Radiio-Ljubuski-1490835324566332","article_published_time":"2022-09-19T13:07:35+00:00","article_modified_time":"2022-09-19T13:07:37+00:00","og_image":[{"width":1000,"height":625,"url":"https:\/\/radioljubuski.ba\/wp-content\/uploads\/2022\/09\/8vh5auQq_petrinja.jpg","type":"image\/jpeg"}],"author":"Radio Ljubu\u0161ki","twitter_card":"summary_large_image","twitter_creator":"@radioljubuski","twitter_site":"@radioljubuski","twitter_misc":{"Napisao\/la":"Radio Ljubu\u0161ki","Procijenjeno vrijeme \u010ditanja":"3 minute"},"schema":{"@context":"https:\/\/schema.org","@graph":[{"@type":"Article","@id":"https:\/\/radioljubuski.ba\/index.php\/2022\/09\/19\/sibencanin-obitelji-iz-razrusene-petrinje-velikodusno-ustupio-stan-nakraju-ispalo-da-su-ga-grubo-prevarili\/#article","isPartOf":{"@id":"https:\/\/radioljubuski.ba\/index.php\/2022\/09\/19\/sibencanin-obitelji-iz-razrusene-petrinje-velikodusno-ustupio-stan-nakraju-ispalo-da-su-ga-grubo-prevarili\/"},"author":{"name":"Radio Ljubu\u0161ki","@id":"https:\/\/radioljubuski.ba\/#\/schema\/person\/19fc700381a780f69665d7956c469e3b"},"headline":"\u0160iben\u010danin obitelji iz razru\u0161ene Petrinje velikodu\u0161no ustupio stan, nakraju ispalo da su ga grubo prevarili","datePublished":"2022-09-19T13:07:35+00:00","dateModified":"2022-09-19T13:07:37+00:00","mainEntityOfPage":{"@id":"https:\/\/radioljubuski.ba\/index.php\/2022\/09\/19\/sibencanin-obitelji-iz-razrusene-petrinje-velikodusno-ustupio-stan-nakraju-ispalo-da-su-ga-grubo-prevarili\/"},"wordCount":661,"publisher":{"@id":"https:\/\/radioljubuski.ba\/#organization"},"image":{"@id":"https:\/\/radioljubuski.ba\/index.php\/2022\/09\/19\/sibencanin-obitelji-iz-razrusene-petrinje-velikodusno-ustupio-stan-nakraju-ispalo-da-su-ga-grubo-prevarili\/#primaryimage"},"thumbnailUrl":"https:\/\/radioljubuski.ba\/wp-content\/uploads\/2022\/09\/8vh5auQq_petrinja.jpg","articleSection":["BIH i regija"],"inLanguage":"hr"},{"@type":"WebPage","@id":"https:\/\/radioljubuski.ba\/index.php\/2022\/09\/19\/sibencanin-obitelji-iz-razrusene-petrinje-velikodusno-ustupio-stan-nakraju-ispalo-da-su-ga-grubo-prevarili\/","url":"https:\/\/radioljubuski.ba\/index.php\/2022\/09\/19\/sibencanin-obitelji-iz-razrusene-petrinje-velikodusno-ustupio-stan-nakraju-ispalo-da-su-ga-grubo-prevarili\/","name":"\u0160iben\u010danin obitelji iz razru\u0161ene Petrinje velikodu\u0161no ustupio stan, nakraju ispalo da su ga grubo prevarili - RADIO LJUBU\u0160KI","isPartOf":{"@id":"https:\/\/radioljubuski.ba\/#website"},"primaryImageOfPage":{"@id":"https:\/\/radioljubuski.ba\/index.php\/2022\/09\/19\/sibencanin-obitelji-iz-razrusene-petrinje-velikodusno-ustupio-stan-nakraju-ispalo-da-su-ga-grubo-prevarili\/#primaryimage"},"image":{"@id":"https:\/\/radioljubuski.ba\/index.php\/2022\/09\/19\/sibencanin-obitelji-iz-razrusene-petrinje-velikodusno-ustupio-stan-nakraju-ispalo-da-su-ga-grubo-prevarili\/#primaryimage"},"thumbnailUrl":"https:\/\/radioljubuski.ba\/wp-content\/uploads\/2022\/09\/8vh5auQq_petrinja.jpg","datePublished":"2022-09-19T13:07:35+00:00","dateModified":"2022-09-19T13:07:37+00:00","breadcrumb":{"@id":"https:\/\/radioljubuski.ba\/index.php\/2022\/09\/19\/sibencanin-obitelji-iz-razrusene-petrinje-velikodusno-ustupio-stan-nakraju-ispalo-da-su-ga-grubo-prevarili\/#breadcrumb"},"inLanguage":"hr","potentialAction":[{"@type":"ReadAction","target":["https:\/\/radioljubuski.ba\/index.php\/2022\/09\/19\/sibencanin-obitelji-iz-razrusene-petrinje-velikodusno-ustupio-stan-nakraju-ispalo-da-su-ga-grubo-prevarili\/"]}]},{"@type":"ImageObject","inLanguage":"hr","@id":"https:\/\/radioljubuski.ba\/index.php\/2022\/09\/19\/sibencanin-obitelji-iz-razrusene-petrinje-velikodusno-ustupio-stan-nakraju-ispalo-da-su-ga-grubo-prevarili\/#primaryimage","url":"https:\/\/radioljubuski.ba\/wp-content\/uploads\/2022\/09\/8vh5auQq_petrinja.jpg","contentUrl":"https:\/\/radioljubuski.ba\/wp-content\/uploads\/2022\/09\/8vh5auQq_petrinja.jpg","width":1000,"height":625},{"@type":"BreadcrumbList","@id":"https:\/\/radioljubuski.ba\/index.php\/2022\/09\/19\/sibencanin-obitelji-iz-razrusene-petrinje-velikodusno-ustupio-stan-nakraju-ispalo-da-su-ga-grubo-prevarili\/#breadcrumb","itemListElement":[{"@type":"ListItem","position":1,"name":"Po\u010detna stranica","item":"https:\/\/radioljubuski.ba\/"},{"@type":"ListItem","position":2,"name":"\u0160iben\u010danin obitelji iz razru\u0161ene Petrinje velikodu\u0161no ustupio stan, nakraju ispalo da su ga grubo prevarili"}]},{"@type":"WebSite","@id":"https:\/\/radioljubuski.ba\/#website","url":"https:\/\/radioljubuski.ba\/","name":"Radio Ljubu\u0161ki","description":"Sun\u010dana frekvencija Hercegovine","publisher":{"@id":"https:\/\/radioljubuski.ba\/#organization"},"potentialAction":[{"@type":"SearchAction","target":{"@type":"EntryPoint","urlTemplate":"https:\/\/radioljubuski.ba\/?s={search_term_string}"},"query-input":{"@type":"PropertyValueSpecification","valueRequired":true,"valueName":"search_term_string"}}],"inLanguage":"hr"},{"@type":"Organization","@id":"https:\/\/radioljubuski.ba\/#organization","name":"Radio Ljubu\u0161ki","url":"https:\/\/radioljubuski.ba\/","logo":{"@type":"ImageObject","inLanguage":"hr","@id":"https:\/\/radioljubuski.ba\/#\/schema\/logo\/image\/","url":"https:\/\/radioljubuski.ba\/wp-content\/uploads\/2021\/02\/cropped-Radio_Ljubuski_logo1.jpg","contentUrl":"https:\/\/radioljubuski.ba\/wp-content\/uploads\/2021\/02\/cropped-Radio_Ljubuski_logo1.jpg","width":512,"height":512,"caption":"Radio Ljubu\u0161ki"},"image":{"@id":"https:\/\/radioljubuski.ba\/#\/schema\/logo\/image\/"},"sameAs":["https:\/\/www.facebook.com\/Radiio-Ljubuski-1490835324566332","https:\/\/x.com\/radioljubuski","https:\/\/hr.linkedin.com\/company\/radio-ljubuski","https:\/\/www.youtube.com\/channel\/UCHYaeO_n0Db3tjNGudGpXyw"]},{"@type":"Person","@id":"https:\/\/radioljubuski.ba\/#\/schema\/person\/19fc700381a780f69665d7956c469e3b","name":"Radio Ljubu\u0161ki"}]}},"_links":{"self":[{"href":"https:\/\/radioljubuski.ba\/index.php\/wp-json\/wp\/v2\/posts\/181656","targetHints":{"allow":["GET"]}}],"collection":[{"href":"https:\/\/radioljubuski.ba\/index.php\/wp-json\/wp\/v2\/posts"}],"about":[{"href":"https:\/\/radioljubuski.ba\/index.php\/wp-json\/wp\/v2\/types\/post"}],"author":[{"embeddable":true,"href":"https:\/\/radioljubuski.ba\/index.php\/wp-json\/wp\/v2\/users\/2"}],"replies":[{"embeddable":true,"href":"https:\/\/radioljubuski.ba\/index.php\/wp-json\/wp\/v2\/comments?post=181656"}],"version-history":[{"count":1,"href":"https:\/\/radioljubuski.ba\/index.php\/wp-json\/wp\/v2\/posts\/181656\/revisions"}],"predecessor-version":[{"id":181658,"href":"https:\/\/radioljubuski.ba\/index.php\/wp-json\/wp\/v2\/posts\/181656\/revisions\/181658"}],"wp:featuredmedia":[{"embeddable":true,"href":"https:\/\/radioljubuski.ba\/index.php\/wp-json\/wp\/v2\/media\/181657"}],"wp:attachment":[{"href":"https:\/\/radioljubuski.ba\/index.php\/wp-json\/wp\/v2\/media?parent=181656"}],"wp:term":[{"taxonomy":"category","embeddable":true,"href":"https:\/\/radioljubuski.ba\/index.php\/wp-json\/wp\/v2\/categories?post=181656"},{"taxonomy":"post_tag","embeddable":true,"href":"https:\/\/radioljubuski.ba\/index.php\/wp-json\/wp\/v2\/tags?post=181656"}],"curies":[{"name":"wp","href":"https:\/\/api.w.org\/{rel}","templated":true}]}}