{"id":181783,"date":"2022-09-19T19:47:49","date_gmt":"2022-09-19T18:47:49","guid":{"rendered":"https:\/\/radioljubuski.ba\/?p=181783"},"modified":"2022-09-19T19:47:50","modified_gmt":"2022-09-19T18:47:50","slug":"svjetski-rekord-litavca-nacionalni-rekordi-hrvatskih-ultramaratonaca","status":"publish","type":"post","link":"https:\/\/radioljubuski.ba\/index.php\/2022\/09\/19\/svjetski-rekord-litavca-nacionalni-rekordi-hrvatskih-ultramaratonaca\/","title":{"rendered":"Svjetski rekord Litavca, nacionalni rekordi hrvatskih ultramaratonaca"},"content":{"rendered":"\n<p><strong>Litavski ultramaratonac&nbsp;Aleksandr Sorokin&nbsp;sru\u0161io je vlastiti svjetski rekord na IAU Europskom prvenstvu u tr\u010danju na 24 sata u Veroni s istr\u010danih 319,6 kilometara &#8211; samo 10 km manje nego \u0161to bi mu trebalo da pretr\u010di duljinu svoje domovine od vrha do dna.<\/strong><strong><\/strong><\/p>\n\n\n\n<p>Sorokin je imao prosje\u010dni tempo od 4.30 minuta po kilometru, a uspio je skinuti svoj prethodni rekord od 303.5 km, postavljen u kolovozu pro\u0161le godine.<br><br>Drugo mjesto u utrci pripalo je Poljaku\u00a0<strong>Andrzeju Piotrowskom<\/strong>\u00a0(301 km), dok je Talijan\u00a0<strong>Marco Visiniti<\/strong>\u00a0zavr\u0161io tre\u0107i (288 km).<br><br>U \u017eenskoj konkurenciji, Poljakinja\u00a0<strong>Patrycja Bereznowska<\/strong>\u00a0je osvojila zlato s 256 km ispred Francuskinje\u00a0<strong>Stephanie Gicquele<\/strong>\u00a0i sunarodnjakinje\u00a0<strong>Malgorzate Pazda-Pozorske<\/strong>.<\/p>\n\n\n\n<blockquote class=\"twitter-tweet\"><p lang=\"en\" dir=\"ltr\">Full results of the 2022 IAU 24H European Championships in Verona, Italy. <a href=\"https:\/\/t.co\/7hfhS0HI9f\">https:\/\/t.co\/7hfhS0HI9f<\/a> <a href=\"https:\/\/t.co\/nDEZf8ptwL\">pic.twitter.com\/nDEZf8ptwL<\/a><\/p>&mdash; IAU (@iaunews) <a href=\"https:\/\/twitter.com\/iaunews\/status\/1571824733527703553?ref_src=twsrc%5Etfw\">September 19, 2022<\/a><\/blockquote> <script async src=\"https:\/\/platform.twitter.com\/widgets.js\" charset=\"utf-8\"><\/script>\n\n\n\n<p><strong>Nacionalni rekordi hrvatskih ultramaratonaca<\/strong><strong><br><br><\/strong>Hrvatski ultramaratonci postavili su dva nacionalna rekorda na EP-u u tr\u010danju na 24 sata.&nbsp;<strong>Zdravko Jadrijev<\/strong>&nbsp;istr\u010dao je u Veroni 255 kilometara \u0161to je novi hrvatski rekord, a to mu je donijelo ukupno 21. mjesto.&nbsp;<strong>Paula Vrdoljak<\/strong>&nbsp;tako\u0111er je postavila novi rekord istr\u010dav\u0161i 238 kilometara, s \u010dime je osvojila 11. mjesto u Europi.<br><br>U ekipnom dijelu hrvatska mu\u0161ka reprezentacija je zauzela deseto mjesto u konkurenciji 28 europskih ekipa s istr\u010danih 727 kilometara, \u0161to je zbroj najbolje trojice trka\u010da iz svake ekipe. \u017denska reprezentacija je deveta od 20 selekcija s 625 prije\u0111enih kilometara.<\/p>\n\n\n\n<p>Izvor:hrt.hr<\/p>\n","protected":false},"excerpt":{"rendered":"<p>Litavski ultramaratonac&nbsp;Aleksandr Sorokin&nbsp;sru\u0161io je vlastiti svjetski rekord na IAU Europskom prvenstvu u tr\u010danju na 24 sata u Veroni s istr\u010danih 319,6 kilometara &#8211; samo 10 km manje nego \u0161to bi mu trebalo da pretr\u010di duljinu svoje domovine od vrha do dna. Sorokin je imao prosje\u010dni tempo od 4.30 minuta po kilometru, a uspio je skinuti [&hellip;]<\/p>\n","protected":false},"author":2,"featured_media":181784,"comment_status":"closed","ping_status":"closed","sticky":false,"template":"","format":"standard","meta":{"h5ap_radio_sources":[],"footnotes":""},"categories":[7],"tags":[],"class_list":["post-181783","post","type-post","status-publish","format-standard","has-post-thumbnail","hentry","category-sport"],"yoast_head":"<!-- This site is optimized with the Yoast SEO plugin v27.5 - https:\/\/yoast.com\/product\/yoast-seo-wordpress\/ -->\n<title>Svjetski rekord Litavca, nacionalni rekordi hrvatskih ultramaratonaca - RADIO LJUBU\u0160KI<\/title>\n<meta name=\"robots\" content=\"index, follow, max-snippet:-1, max-image-preview:large, max-video-preview:-1\" \/>\n<link rel=\"canonical\" href=\"https:\/\/radioljubuski.ba\/index.php\/2022\/09\/19\/svjetski-rekord-litavca-nacionalni-rekordi-hrvatskih-ultramaratonaca\/\" \/>\n<meta property=\"og:locale\" content=\"hr_HR\" \/>\n<meta property=\"og:type\" content=\"article\" \/>\n<meta property=\"og:title\" content=\"Svjetski rekord Litavca, nacionalni rekordi hrvatskih ultramaratonaca - RADIO LJUBU\u0160KI\" \/>\n<meta property=\"og:description\" content=\"Litavski ultramaratonac&nbsp;Aleksandr Sorokin&nbsp;sru\u0161io je vlastiti svjetski rekord na IAU Europskom prvenstvu u tr\u010danju na 24 sata u Veroni s istr\u010danih 319,6 kilometara &#8211; samo 10 km manje nego \u0161to bi mu trebalo da pretr\u010di duljinu svoje domovine od vrha do dna. Sorokin je imao prosje\u010dni tempo od 4.30 minuta po kilometru, a uspio je skinuti [&hellip;]\" \/>\n<meta property=\"og:url\" content=\"https:\/\/radioljubuski.ba\/index.php\/2022\/09\/19\/svjetski-rekord-litavca-nacionalni-rekordi-hrvatskih-ultramaratonaca\/\" \/>\n<meta property=\"og:site_name\" content=\"RADIO LJUBU\u0160KI\" \/>\n<meta property=\"article:publisher\" content=\"https:\/\/www.facebook.com\/Radiio-Ljubuski-1490835324566332\" \/>\n<meta property=\"article:published_time\" content=\"2022-09-19T18:47:49+00:00\" \/>\n<meta property=\"article:modified_time\" content=\"2022-09-19T18:47:50+00:00\" \/>\n<meta property=\"og:image\" content=\"https:\/\/radioljubuski.ba\/wp-content\/uploads\/2022\/09\/preuzmi-2-9.jpg\" \/>\n\t<meta property=\"og:image:width\" content=\"275\" \/>\n\t<meta property=\"og:image:height\" content=\"183\" \/>\n\t<meta property=\"og:image:type\" content=\"image\/jpeg\" \/>\n<meta name=\"author\" content=\"Radio Ljubu\u0161ki\" \/>\n<meta name=\"twitter:card\" content=\"summary_large_image\" \/>\n<meta name=\"twitter:creator\" content=\"@radioljubuski\" \/>\n<meta name=\"twitter:site\" content=\"@radioljubuski\" \/>\n<meta name=\"twitter:label1\" content=\"Napisao\/la\" \/>\n\t<meta name=\"twitter:data1\" content=\"Radio Ljubu\u0161ki\" \/>\n\t<meta name=\"twitter:label2\" content=\"Procijenjeno vrijeme \u010ditanja\" \/>\n\t<meta name=\"twitter:data2\" content=\"1 minuta\" \/>\n<script type=\"application\/ld+json\" class=\"yoast-schema-graph\">{\"@context\":\"https:\\\/\\\/schema.org\",\"@graph\":[{\"@type\":\"Article\",\"@id\":\"https:\\\/\\\/radioljubuski.ba\\\/index.php\\\/2022\\\/09\\\/19\\\/svjetski-rekord-litavca-nacionalni-rekordi-hrvatskih-ultramaratonaca\\\/#article\",\"isPartOf\":{\"@id\":\"https:\\\/\\\/radioljubuski.ba\\\/index.php\\\/2022\\\/09\\\/19\\\/svjetski-rekord-litavca-nacionalni-rekordi-hrvatskih-ultramaratonaca\\\/\"},\"author\":{\"name\":\"Radio Ljubu\u0161ki\",\"@id\":\"https:\\\/\\\/radioljubuski.ba\\\/#\\\/schema\\\/person\\\/19fc700381a780f69665d7956c469e3b\"},\"headline\":\"Svjetski rekord Litavca, nacionalni rekordi hrvatskih ultramaratonaca\",\"datePublished\":\"2022-09-19T18:47:49+00:00\",\"dateModified\":\"2022-09-19T18:47:50+00:00\",\"mainEntityOfPage\":{\"@id\":\"https:\\\/\\\/radioljubuski.ba\\\/index.php\\\/2022\\\/09\\\/19\\\/svjetski-rekord-litavca-nacionalni-rekordi-hrvatskih-ultramaratonaca\\\/\"},\"wordCount\":246,\"publisher\":{\"@id\":\"https:\\\/\\\/radioljubuski.ba\\\/#organization\"},\"image\":{\"@id\":\"https:\\\/\\\/radioljubuski.ba\\\/index.php\\\/2022\\\/09\\\/19\\\/svjetski-rekord-litavca-nacionalni-rekordi-hrvatskih-ultramaratonaca\\\/#primaryimage\"},\"thumbnailUrl\":\"https:\\\/\\\/radioljubuski.ba\\\/wp-content\\\/uploads\\\/2022\\\/09\\\/preuzmi-2-9.jpg\",\"articleSection\":[\"\u0160port\"],\"inLanguage\":\"hr\"},{\"@type\":\"WebPage\",\"@id\":\"https:\\\/\\\/radioljubuski.ba\\\/index.php\\\/2022\\\/09\\\/19\\\/svjetski-rekord-litavca-nacionalni-rekordi-hrvatskih-ultramaratonaca\\\/\",\"url\":\"https:\\\/\\\/radioljubuski.ba\\\/index.php\\\/2022\\\/09\\\/19\\\/svjetski-rekord-litavca-nacionalni-rekordi-hrvatskih-ultramaratonaca\\\/\",\"name\":\"Svjetski rekord Litavca, nacionalni rekordi hrvatskih ultramaratonaca - RADIO LJUBU\u0160KI\",\"isPartOf\":{\"@id\":\"https:\\\/\\\/radioljubuski.ba\\\/#website\"},\"primaryImageOfPage\":{\"@id\":\"https:\\\/\\\/radioljubuski.ba\\\/index.php\\\/2022\\\/09\\\/19\\\/svjetski-rekord-litavca-nacionalni-rekordi-hrvatskih-ultramaratonaca\\\/#primaryimage\"},\"image\":{\"@id\":\"https:\\\/\\\/radioljubuski.ba\\\/index.php\\\/2022\\\/09\\\/19\\\/svjetski-rekord-litavca-nacionalni-rekordi-hrvatskih-ultramaratonaca\\\/#primaryimage\"},\"thumbnailUrl\":\"https:\\\/\\\/radioljubuski.ba\\\/wp-content\\\/uploads\\\/2022\\\/09\\\/preuzmi-2-9.jpg\",\"datePublished\":\"2022-09-19T18:47:49+00:00\",\"dateModified\":\"2022-09-19T18:47:50+00:00\",\"breadcrumb\":{\"@id\":\"https:\\\/\\\/radioljubuski.ba\\\/index.php\\\/2022\\\/09\\\/19\\\/svjetski-rekord-litavca-nacionalni-rekordi-hrvatskih-ultramaratonaca\\\/#breadcrumb\"},\"inLanguage\":\"hr\",\"potentialAction\":[{\"@type\":\"ReadAction\",\"target\":[\"https:\\\/\\\/radioljubuski.ba\\\/index.php\\\/2022\\\/09\\\/19\\\/svjetski-rekord-litavca-nacionalni-rekordi-hrvatskih-ultramaratonaca\\\/\"]}]},{\"@type\":\"ImageObject\",\"inLanguage\":\"hr\",\"@id\":\"https:\\\/\\\/radioljubuski.ba\\\/index.php\\\/2022\\\/09\\\/19\\\/svjetski-rekord-litavca-nacionalni-rekordi-hrvatskih-ultramaratonaca\\\/#primaryimage\",\"url\":\"https:\\\/\\\/radioljubuski.ba\\\/wp-content\\\/uploads\\\/2022\\\/09\\\/preuzmi-2-9.jpg\",\"contentUrl\":\"https:\\\/\\\/radioljubuski.ba\\\/wp-content\\\/uploads\\\/2022\\\/09\\\/preuzmi-2-9.jpg\",\"width\":275,\"height\":183},{\"@type\":\"BreadcrumbList\",\"@id\":\"https:\\\/\\\/radioljubuski.ba\\\/index.php\\\/2022\\\/09\\\/19\\\/svjetski-rekord-litavca-nacionalni-rekordi-hrvatskih-ultramaratonaca\\\/#breadcrumb\",\"itemListElement\":[{\"@type\":\"ListItem\",\"position\":1,\"name\":\"Po\u010detna stranica\",\"item\":\"https:\\\/\\\/radioljubuski.ba\\\/\"},{\"@type\":\"ListItem\",\"position\":2,\"name\":\"Svjetski rekord Litavca, nacionalni rekordi hrvatskih ultramaratonaca\"}]},{\"@type\":\"WebSite\",\"@id\":\"https:\\\/\\\/radioljubuski.ba\\\/#website\",\"url\":\"https:\\\/\\\/radioljubuski.ba\\\/\",\"name\":\"Radio Ljubu\u0161ki\",\"description\":\"Sun\u010dana frekvencija Hercegovine\",\"publisher\":{\"@id\":\"https:\\\/\\\/radioljubuski.ba\\\/#organization\"},\"potentialAction\":[{\"@type\":\"SearchAction\",\"target\":{\"@type\":\"EntryPoint\",\"urlTemplate\":\"https:\\\/\\\/radioljubuski.ba\\\/?s={search_term_string}\"},\"query-input\":{\"@type\":\"PropertyValueSpecification\",\"valueRequired\":true,\"valueName\":\"search_term_string\"}}],\"inLanguage\":\"hr\"},{\"@type\":\"Organization\",\"@id\":\"https:\\\/\\\/radioljubuski.ba\\\/#organization\",\"name\":\"Radio Ljubu\u0161ki\",\"url\":\"https:\\\/\\\/radioljubuski.ba\\\/\",\"logo\":{\"@type\":\"ImageObject\",\"inLanguage\":\"hr\",\"@id\":\"https:\\\/\\\/radioljubuski.ba\\\/#\\\/schema\\\/logo\\\/image\\\/\",\"url\":\"https:\\\/\\\/radioljubuski.ba\\\/wp-content\\\/uploads\\\/2021\\\/02\\\/cropped-Radio_Ljubuski_logo1.jpg\",\"contentUrl\":\"https:\\\/\\\/radioljubuski.ba\\\/wp-content\\\/uploads\\\/2021\\\/02\\\/cropped-Radio_Ljubuski_logo1.jpg\",\"width\":512,\"height\":512,\"caption\":\"Radio Ljubu\u0161ki\"},\"image\":{\"@id\":\"https:\\\/\\\/radioljubuski.ba\\\/#\\\/schema\\\/logo\\\/image\\\/\"},\"sameAs\":[\"https:\\\/\\\/www.facebook.com\\\/Radiio-Ljubuski-1490835324566332\",\"https:\\\/\\\/x.com\\\/radioljubuski\",\"https:\\\/\\\/hr.linkedin.com\\\/company\\\/radio-ljubuski\",\"https:\\\/\\\/www.youtube.com\\\/channel\\\/UCHYaeO_n0Db3tjNGudGpXyw\"]},{\"@type\":\"Person\",\"@id\":\"https:\\\/\\\/radioljubuski.ba\\\/#\\\/schema\\\/person\\\/19fc700381a780f69665d7956c469e3b\",\"name\":\"Radio Ljubu\u0161ki\"}]}<\/script>\n<!-- \/ Yoast SEO plugin. -->","yoast_head_json":{"title":"Svjetski rekord Litavca, nacionalni rekordi hrvatskih ultramaratonaca - RADIO LJUBU\u0160KI","robots":{"index":"index","follow":"follow","max-snippet":"max-snippet:-1","max-image-preview":"max-image-preview:large","max-video-preview":"max-video-preview:-1"},"canonical":"https:\/\/radioljubuski.ba\/index.php\/2022\/09\/19\/svjetski-rekord-litavca-nacionalni-rekordi-hrvatskih-ultramaratonaca\/","og_locale":"hr_HR","og_type":"article","og_title":"Svjetski rekord Litavca, nacionalni rekordi hrvatskih ultramaratonaca - RADIO LJUBU\u0160KI","og_description":"Litavski ultramaratonac&nbsp;Aleksandr Sorokin&nbsp;sru\u0161io je vlastiti svjetski rekord na IAU Europskom prvenstvu u tr\u010danju na 24 sata u Veroni s istr\u010danih 319,6 kilometara &#8211; samo 10 km manje nego \u0161to bi mu trebalo da pretr\u010di duljinu svoje domovine od vrha do dna. Sorokin je imao prosje\u010dni tempo od 4.30 minuta po kilometru, a uspio je skinuti [&hellip;]","og_url":"https:\/\/radioljubuski.ba\/index.php\/2022\/09\/19\/svjetski-rekord-litavca-nacionalni-rekordi-hrvatskih-ultramaratonaca\/","og_site_name":"RADIO LJUBU\u0160KI","article_publisher":"https:\/\/www.facebook.com\/Radiio-Ljubuski-1490835324566332","article_published_time":"2022-09-19T18:47:49+00:00","article_modified_time":"2022-09-19T18:47:50+00:00","og_image":[{"width":275,"height":183,"url":"https:\/\/radioljubuski.ba\/wp-content\/uploads\/2022\/09\/preuzmi-2-9.jpg","type":"image\/jpeg"}],"author":"Radio Ljubu\u0161ki","twitter_card":"summary_large_image","twitter_creator":"@radioljubuski","twitter_site":"@radioljubuski","twitter_misc":{"Napisao\/la":"Radio Ljubu\u0161ki","Procijenjeno vrijeme \u010ditanja":"1 minuta"},"schema":{"@context":"https:\/\/schema.org","@graph":[{"@type":"Article","@id":"https:\/\/radioljubuski.ba\/index.php\/2022\/09\/19\/svjetski-rekord-litavca-nacionalni-rekordi-hrvatskih-ultramaratonaca\/#article","isPartOf":{"@id":"https:\/\/radioljubuski.ba\/index.php\/2022\/09\/19\/svjetski-rekord-litavca-nacionalni-rekordi-hrvatskih-ultramaratonaca\/"},"author":{"name":"Radio Ljubu\u0161ki","@id":"https:\/\/radioljubuski.ba\/#\/schema\/person\/19fc700381a780f69665d7956c469e3b"},"headline":"Svjetski rekord Litavca, nacionalni rekordi hrvatskih ultramaratonaca","datePublished":"2022-09-19T18:47:49+00:00","dateModified":"2022-09-19T18:47:50+00:00","mainEntityOfPage":{"@id":"https:\/\/radioljubuski.ba\/index.php\/2022\/09\/19\/svjetski-rekord-litavca-nacionalni-rekordi-hrvatskih-ultramaratonaca\/"},"wordCount":246,"publisher":{"@id":"https:\/\/radioljubuski.ba\/#organization"},"image":{"@id":"https:\/\/radioljubuski.ba\/index.php\/2022\/09\/19\/svjetski-rekord-litavca-nacionalni-rekordi-hrvatskih-ultramaratonaca\/#primaryimage"},"thumbnailUrl":"https:\/\/radioljubuski.ba\/wp-content\/uploads\/2022\/09\/preuzmi-2-9.jpg","articleSection":["\u0160port"],"inLanguage":"hr"},{"@type":"WebPage","@id":"https:\/\/radioljubuski.ba\/index.php\/2022\/09\/19\/svjetski-rekord-litavca-nacionalni-rekordi-hrvatskih-ultramaratonaca\/","url":"https:\/\/radioljubuski.ba\/index.php\/2022\/09\/19\/svjetski-rekord-litavca-nacionalni-rekordi-hrvatskih-ultramaratonaca\/","name":"Svjetski rekord Litavca, nacionalni rekordi hrvatskih ultramaratonaca - RADIO LJUBU\u0160KI","isPartOf":{"@id":"https:\/\/radioljubuski.ba\/#website"},"primaryImageOfPage":{"@id":"https:\/\/radioljubuski.ba\/index.php\/2022\/09\/19\/svjetski-rekord-litavca-nacionalni-rekordi-hrvatskih-ultramaratonaca\/#primaryimage"},"image":{"@id":"https:\/\/radioljubuski.ba\/index.php\/2022\/09\/19\/svjetski-rekord-litavca-nacionalni-rekordi-hrvatskih-ultramaratonaca\/#primaryimage"},"thumbnailUrl":"https:\/\/radioljubuski.ba\/wp-content\/uploads\/2022\/09\/preuzmi-2-9.jpg","datePublished":"2022-09-19T18:47:49+00:00","dateModified":"2022-09-19T18:47:50+00:00","breadcrumb":{"@id":"https:\/\/radioljubuski.ba\/index.php\/2022\/09\/19\/svjetski-rekord-litavca-nacionalni-rekordi-hrvatskih-ultramaratonaca\/#breadcrumb"},"inLanguage":"hr","potentialAction":[{"@type":"ReadAction","target":["https:\/\/radioljubuski.ba\/index.php\/2022\/09\/19\/svjetski-rekord-litavca-nacionalni-rekordi-hrvatskih-ultramaratonaca\/"]}]},{"@type":"ImageObject","inLanguage":"hr","@id":"https:\/\/radioljubuski.ba\/index.php\/2022\/09\/19\/svjetski-rekord-litavca-nacionalni-rekordi-hrvatskih-ultramaratonaca\/#primaryimage","url":"https:\/\/radioljubuski.ba\/wp-content\/uploads\/2022\/09\/preuzmi-2-9.jpg","contentUrl":"https:\/\/radioljubuski.ba\/wp-content\/uploads\/2022\/09\/preuzmi-2-9.jpg","width":275,"height":183},{"@type":"BreadcrumbList","@id":"https:\/\/radioljubuski.ba\/index.php\/2022\/09\/19\/svjetski-rekord-litavca-nacionalni-rekordi-hrvatskih-ultramaratonaca\/#breadcrumb","itemListElement":[{"@type":"ListItem","position":1,"name":"Po\u010detna stranica","item":"https:\/\/radioljubuski.ba\/"},{"@type":"ListItem","position":2,"name":"Svjetski rekord Litavca, nacionalni rekordi hrvatskih ultramaratonaca"}]},{"@type":"WebSite","@id":"https:\/\/radioljubuski.ba\/#website","url":"https:\/\/radioljubuski.ba\/","name":"Radio Ljubu\u0161ki","description":"Sun\u010dana frekvencija Hercegovine","publisher":{"@id":"https:\/\/radioljubuski.ba\/#organization"},"potentialAction":[{"@type":"SearchAction","target":{"@type":"EntryPoint","urlTemplate":"https:\/\/radioljubuski.ba\/?s={search_term_string}"},"query-input":{"@type":"PropertyValueSpecification","valueRequired":true,"valueName":"search_term_string"}}],"inLanguage":"hr"},{"@type":"Organization","@id":"https:\/\/radioljubuski.ba\/#organization","name":"Radio Ljubu\u0161ki","url":"https:\/\/radioljubuski.ba\/","logo":{"@type":"ImageObject","inLanguage":"hr","@id":"https:\/\/radioljubuski.ba\/#\/schema\/logo\/image\/","url":"https:\/\/radioljubuski.ba\/wp-content\/uploads\/2021\/02\/cropped-Radio_Ljubuski_logo1.jpg","contentUrl":"https:\/\/radioljubuski.ba\/wp-content\/uploads\/2021\/02\/cropped-Radio_Ljubuski_logo1.jpg","width":512,"height":512,"caption":"Radio Ljubu\u0161ki"},"image":{"@id":"https:\/\/radioljubuski.ba\/#\/schema\/logo\/image\/"},"sameAs":["https:\/\/www.facebook.com\/Radiio-Ljubuski-1490835324566332","https:\/\/x.com\/radioljubuski","https:\/\/hr.linkedin.com\/company\/radio-ljubuski","https:\/\/www.youtube.com\/channel\/UCHYaeO_n0Db3tjNGudGpXyw"]},{"@type":"Person","@id":"https:\/\/radioljubuski.ba\/#\/schema\/person\/19fc700381a780f69665d7956c469e3b","name":"Radio Ljubu\u0161ki"}]}},"_links":{"self":[{"href":"https:\/\/radioljubuski.ba\/index.php\/wp-json\/wp\/v2\/posts\/181783","targetHints":{"allow":["GET"]}}],"collection":[{"href":"https:\/\/radioljubuski.ba\/index.php\/wp-json\/wp\/v2\/posts"}],"about":[{"href":"https:\/\/radioljubuski.ba\/index.php\/wp-json\/wp\/v2\/types\/post"}],"author":[{"embeddable":true,"href":"https:\/\/radioljubuski.ba\/index.php\/wp-json\/wp\/v2\/users\/2"}],"replies":[{"embeddable":true,"href":"https:\/\/radioljubuski.ba\/index.php\/wp-json\/wp\/v2\/comments?post=181783"}],"version-history":[{"count":1,"href":"https:\/\/radioljubuski.ba\/index.php\/wp-json\/wp\/v2\/posts\/181783\/revisions"}],"predecessor-version":[{"id":181785,"href":"https:\/\/radioljubuski.ba\/index.php\/wp-json\/wp\/v2\/posts\/181783\/revisions\/181785"}],"wp:featuredmedia":[{"embeddable":true,"href":"https:\/\/radioljubuski.ba\/index.php\/wp-json\/wp\/v2\/media\/181784"}],"wp:attachment":[{"href":"https:\/\/radioljubuski.ba\/index.php\/wp-json\/wp\/v2\/media?parent=181783"}],"wp:term":[{"taxonomy":"category","embeddable":true,"href":"https:\/\/radioljubuski.ba\/index.php\/wp-json\/wp\/v2\/categories?post=181783"},{"taxonomy":"post_tag","embeddable":true,"href":"https:\/\/radioljubuski.ba\/index.php\/wp-json\/wp\/v2\/tags?post=181783"}],"curies":[{"name":"wp","href":"https:\/\/api.w.org\/{rel}","templated":true}]}}