{"id":181937,"date":"2022-09-19T23:12:18","date_gmt":"2022-09-19T22:12:18","guid":{"rendered":"https:\/\/radioljubuski.ba\/?p=181937"},"modified":"2022-09-19T23:12:18","modified_gmt":"2022-09-19T22:12:18","slug":"biscan-ljubicic-imamo-dovoljan-broj-napadaca","status":"publish","type":"post","link":"https:\/\/radioljubuski.ba\/index.php\/2022\/09\/19\/biscan-ljubicic-imamo-dovoljan-broj-napadaca\/","title":{"rendered":"Bi\u0161\u0107an: Ljubi\u010di\u0107? Imamo dovoljan broj napada\u010da"},"content":{"rendered":"\n<p><strong>Pred hrvatskom nogometnom reprezentacijom do 21 godine starosti dvije su odlu\u010duju\u0107e utakmice dodatnih kvalifikacija za Euro 2023. protiv Danske.&nbsp;<\/strong><\/p>\n\n\n\n<p>&#8211; O\u010dekivanja su vrlo jasna, borimo se za plasman, nema tu neke velike filozofije. Idemo napraviti sve da to i ostvarimo. Stanje ekipe je dobro, \u010dekamo da se svi okupimo, da vidimo tko je u kakvom stanju, ima li dodatnih problema \u0161to se ti\u010de ozljeda i kada se okupimo slijedi priprema za utakmicu. Imamo dovoljan broj igra\u010da, vjerujem da se mo\u017eemo konkretno i na pravi na\u010din suprotstaviti ekipi kao \u0161to je Danska. Imamo svoje \u0161anse i napravit \u0107emo sve da ostvarimo taj plasman, rekao je izbornik hrvatske U21 reprezentacije Igor Bi\u0161\u0107an.<\/p>\n\n\n\n<div style=\"width: 640px;\" class=\"wp-video\"><video class=\"wp-video-shortcode\" id=\"video-181937-1\" width=\"640\" height=\"360\" preload=\"metadata\" controls=\"controls\"><source type=\"video\/mp4\" src=\"https:\/\/api.hrt.hr\/media\/9b\/c1\/biscan-okupljanje1909-20220919092923.mp4?_=1\" \/><a href=\"https:\/\/api.hrt.hr\/media\/9b\/c1\/biscan-okupljanje1909-20220919092923.mp4\">https:\/\/api.hrt.hr\/media\/9b\/c1\/biscan-okupljanje1909-20220919092923.mp4<\/a><\/video><\/div>\n\n\n\n<p>Kakav je dogovor s izbornikom A reprezentacije&nbsp;<strong>Zlatkom Dali\u0107em<\/strong>&nbsp;oko kadra?<br><br>&#8211; Vidjeli ste i sami popise, od onih koji su iz U-21 priklju\u010divani tamo su&nbsp;<strong>Stani\u0161i\u0107&nbsp;<\/strong>i&nbsp;<strong>Josip \u0160utalo<\/strong>, s nama \u0107e ostati<strong>&nbsp;Luka Su\u010di\u0107<\/strong>&nbsp;i to je zasad tako. Vidjet \u0107emo \u0161to \u0107e biti dalje, rekao je Bi\u0161\u0107an.<br><br>Komentirao je i nepozivanje Ljubi\u010di\u0107a.<br><br>&#8211; Jednostavno re\u010deno, odlu\u010dili smo se za druge igra\u010de. Imamo dovoljan broj napada\u010da, ta je pozicija dosta dobro pokrivena. Mnogi od tih igra\u010da su u jako dobroj formi tako da smo se za ovo okupljanje odlu\u010dili za ove igra\u010de, rekao je Bi\u0161\u0107an.<br><br>Prvu utakmicu s Dancima Hrvatska igra u Puli 23. rujna, a uzvrat je 27. rujna u Vejleu.&nbsp;<br><br>&#8211; Danska je jako ozbiljna ekipa, sli\u010dno kao i A-reprezentacija, ekipa koja igra s puno tempa, agresivna, s nekoliko izuzetno kvalitetnih pojedinaca i imat \u0107emo jako te\u017eak zadatak, dodao je izbornik Bi\u0161\u0107an.&nbsp;<\/p>\n\n\n\n<p>Izvor:hrt.hr<\/p>\n","protected":false},"excerpt":{"rendered":"<p>Pred hrvatskom nogometnom reprezentacijom do 21 godine starosti dvije su odlu\u010duju\u0107e utakmice dodatnih kvalifikacija za Euro 2023. protiv Danske.&nbsp; &#8211; O\u010dekivanja su vrlo jasna, borimo se za plasman, nema tu neke velike filozofije. Idemo napraviti sve da to i ostvarimo. Stanje ekipe je dobro, \u010dekamo da se svi okupimo, da vidimo tko je u kakvom [&hellip;]<\/p>\n","protected":false},"author":2,"featured_media":147738,"comment_status":"closed","ping_status":"closed","sticky":false,"template":"","format":"standard","meta":{"h5ap_radio_sources":[],"footnotes":""},"categories":[7],"tags":[],"class_list":["post-181937","post","type-post","status-publish","format-standard","has-post-thumbnail","hentry","category-sport"],"yoast_head":"<!-- This site is optimized with the Yoast SEO plugin v27.5 - https:\/\/yoast.com\/product\/yoast-seo-wordpress\/ -->\n<title>Bi\u0161\u0107an: Ljubi\u010di\u0107? Imamo dovoljan broj napada\u010da - RADIO LJUBU\u0160KI<\/title>\n<meta name=\"robots\" content=\"index, follow, max-snippet:-1, max-image-preview:large, max-video-preview:-1\" \/>\n<link rel=\"canonical\" href=\"https:\/\/radioljubuski.ba\/index.php\/2022\/09\/19\/biscan-ljubicic-imamo-dovoljan-broj-napadaca\/\" \/>\n<meta property=\"og:locale\" content=\"hr_HR\" \/>\n<meta property=\"og:type\" content=\"article\" \/>\n<meta property=\"og:title\" content=\"Bi\u0161\u0107an: Ljubi\u010di\u0107? Imamo dovoljan broj napada\u010da - RADIO LJUBU\u0160KI\" \/>\n<meta property=\"og:description\" content=\"Pred hrvatskom nogometnom reprezentacijom do 21 godine starosti dvije su odlu\u010duju\u0107e utakmice dodatnih kvalifikacija za Euro 2023. protiv Danske.&nbsp; &#8211; O\u010dekivanja su vrlo jasna, borimo se za plasman, nema tu neke velike filozofije. Idemo napraviti sve da to i ostvarimo. Stanje ekipe je dobro, \u010dekamo da se svi okupimo, da vidimo tko je u kakvom [&hellip;]\" \/>\n<meta property=\"og:url\" content=\"https:\/\/radioljubuski.ba\/index.php\/2022\/09\/19\/biscan-ljubicic-imamo-dovoljan-broj-napadaca\/\" \/>\n<meta property=\"og:site_name\" content=\"RADIO LJUBU\u0160KI\" \/>\n<meta property=\"article:publisher\" content=\"https:\/\/www.facebook.com\/Radiio-Ljubuski-1490835324566332\" \/>\n<meta property=\"article:published_time\" content=\"2022-09-19T22:12:18+00:00\" \/>\n<meta property=\"og:image\" content=\"https:\/\/radioljubuski.ba\/wp-content\/uploads\/2022\/06\/biscan.jpg\" \/>\n\t<meta property=\"og:image:width\" content=\"276\" \/>\n\t<meta property=\"og:image:height\" content=\"183\" \/>\n\t<meta property=\"og:image:type\" content=\"image\/jpeg\" \/>\n<meta name=\"author\" content=\"Radio Ljubu\u0161ki\" \/>\n<meta name=\"twitter:card\" content=\"summary_large_image\" \/>\n<meta name=\"twitter:creator\" content=\"@radioljubuski\" \/>\n<meta name=\"twitter:site\" content=\"@radioljubuski\" \/>\n<meta name=\"twitter:label1\" content=\"Napisao\/la\" \/>\n\t<meta name=\"twitter:data1\" content=\"Radio Ljubu\u0161ki\" \/>\n\t<meta name=\"twitter:label2\" content=\"Procijenjeno vrijeme \u010ditanja\" \/>\n\t<meta name=\"twitter:data2\" content=\"2 minute\" \/>\n<script type=\"application\/ld+json\" class=\"yoast-schema-graph\">{\"@context\":\"https:\\\/\\\/schema.org\",\"@graph\":[{\"@type\":\"Article\",\"@id\":\"https:\\\/\\\/radioljubuski.ba\\\/index.php\\\/2022\\\/09\\\/19\\\/biscan-ljubicic-imamo-dovoljan-broj-napadaca\\\/#article\",\"isPartOf\":{\"@id\":\"https:\\\/\\\/radioljubuski.ba\\\/index.php\\\/2022\\\/09\\\/19\\\/biscan-ljubicic-imamo-dovoljan-broj-napadaca\\\/\"},\"author\":{\"name\":\"Radio Ljubu\u0161ki\",\"@id\":\"https:\\\/\\\/radioljubuski.ba\\\/#\\\/schema\\\/person\\\/19fc700381a780f69665d7956c469e3b\"},\"headline\":\"Bi\u0161\u0107an: Ljubi\u010di\u0107? Imamo dovoljan broj napada\u010da\",\"datePublished\":\"2022-09-19T22:12:18+00:00\",\"mainEntityOfPage\":{\"@id\":\"https:\\\/\\\/radioljubuski.ba\\\/index.php\\\/2022\\\/09\\\/19\\\/biscan-ljubicic-imamo-dovoljan-broj-napadaca\\\/\"},\"wordCount\":310,\"publisher\":{\"@id\":\"https:\\\/\\\/radioljubuski.ba\\\/#organization\"},\"image\":{\"@id\":\"https:\\\/\\\/radioljubuski.ba\\\/index.php\\\/2022\\\/09\\\/19\\\/biscan-ljubicic-imamo-dovoljan-broj-napadaca\\\/#primaryimage\"},\"thumbnailUrl\":\"https:\\\/\\\/radioljubuski.ba\\\/wp-content\\\/uploads\\\/2022\\\/06\\\/biscan.jpg\",\"articleSection\":[\"\u0160port\"],\"inLanguage\":\"hr\"},{\"@type\":\"WebPage\",\"@id\":\"https:\\\/\\\/radioljubuski.ba\\\/index.php\\\/2022\\\/09\\\/19\\\/biscan-ljubicic-imamo-dovoljan-broj-napadaca\\\/\",\"url\":\"https:\\\/\\\/radioljubuski.ba\\\/index.php\\\/2022\\\/09\\\/19\\\/biscan-ljubicic-imamo-dovoljan-broj-napadaca\\\/\",\"name\":\"Bi\u0161\u0107an: Ljubi\u010di\u0107? Imamo dovoljan broj napada\u010da - RADIO LJUBU\u0160KI\",\"isPartOf\":{\"@id\":\"https:\\\/\\\/radioljubuski.ba\\\/#website\"},\"primaryImageOfPage\":{\"@id\":\"https:\\\/\\\/radioljubuski.ba\\\/index.php\\\/2022\\\/09\\\/19\\\/biscan-ljubicic-imamo-dovoljan-broj-napadaca\\\/#primaryimage\"},\"image\":{\"@id\":\"https:\\\/\\\/radioljubuski.ba\\\/index.php\\\/2022\\\/09\\\/19\\\/biscan-ljubicic-imamo-dovoljan-broj-napadaca\\\/#primaryimage\"},\"thumbnailUrl\":\"https:\\\/\\\/radioljubuski.ba\\\/wp-content\\\/uploads\\\/2022\\\/06\\\/biscan.jpg\",\"datePublished\":\"2022-09-19T22:12:18+00:00\",\"breadcrumb\":{\"@id\":\"https:\\\/\\\/radioljubuski.ba\\\/index.php\\\/2022\\\/09\\\/19\\\/biscan-ljubicic-imamo-dovoljan-broj-napadaca\\\/#breadcrumb\"},\"inLanguage\":\"hr\",\"potentialAction\":[{\"@type\":\"ReadAction\",\"target\":[\"https:\\\/\\\/radioljubuski.ba\\\/index.php\\\/2022\\\/09\\\/19\\\/biscan-ljubicic-imamo-dovoljan-broj-napadaca\\\/\"]}]},{\"@type\":\"ImageObject\",\"inLanguage\":\"hr\",\"@id\":\"https:\\\/\\\/radioljubuski.ba\\\/index.php\\\/2022\\\/09\\\/19\\\/biscan-ljubicic-imamo-dovoljan-broj-napadaca\\\/#primaryimage\",\"url\":\"https:\\\/\\\/radioljubuski.ba\\\/wp-content\\\/uploads\\\/2022\\\/06\\\/biscan.jpg\",\"contentUrl\":\"https:\\\/\\\/radioljubuski.ba\\\/wp-content\\\/uploads\\\/2022\\\/06\\\/biscan.jpg\",\"width\":276,\"height\":183},{\"@type\":\"BreadcrumbList\",\"@id\":\"https:\\\/\\\/radioljubuski.ba\\\/index.php\\\/2022\\\/09\\\/19\\\/biscan-ljubicic-imamo-dovoljan-broj-napadaca\\\/#breadcrumb\",\"itemListElement\":[{\"@type\":\"ListItem\",\"position\":1,\"name\":\"Po\u010detna stranica\",\"item\":\"https:\\\/\\\/radioljubuski.ba\\\/\"},{\"@type\":\"ListItem\",\"position\":2,\"name\":\"Bi\u0161\u0107an: Ljubi\u010di\u0107? Imamo dovoljan broj napada\u010da\"}]},{\"@type\":\"WebSite\",\"@id\":\"https:\\\/\\\/radioljubuski.ba\\\/#website\",\"url\":\"https:\\\/\\\/radioljubuski.ba\\\/\",\"name\":\"Radio Ljubu\u0161ki\",\"description\":\"Sun\u010dana frekvencija Hercegovine\",\"publisher\":{\"@id\":\"https:\\\/\\\/radioljubuski.ba\\\/#organization\"},\"potentialAction\":[{\"@type\":\"SearchAction\",\"target\":{\"@type\":\"EntryPoint\",\"urlTemplate\":\"https:\\\/\\\/radioljubuski.ba\\\/?s={search_term_string}\"},\"query-input\":{\"@type\":\"PropertyValueSpecification\",\"valueRequired\":true,\"valueName\":\"search_term_string\"}}],\"inLanguage\":\"hr\"},{\"@type\":\"Organization\",\"@id\":\"https:\\\/\\\/radioljubuski.ba\\\/#organization\",\"name\":\"Radio Ljubu\u0161ki\",\"url\":\"https:\\\/\\\/radioljubuski.ba\\\/\",\"logo\":{\"@type\":\"ImageObject\",\"inLanguage\":\"hr\",\"@id\":\"https:\\\/\\\/radioljubuski.ba\\\/#\\\/schema\\\/logo\\\/image\\\/\",\"url\":\"https:\\\/\\\/radioljubuski.ba\\\/wp-content\\\/uploads\\\/2021\\\/02\\\/cropped-Radio_Ljubuski_logo1.jpg\",\"contentUrl\":\"https:\\\/\\\/radioljubuski.ba\\\/wp-content\\\/uploads\\\/2021\\\/02\\\/cropped-Radio_Ljubuski_logo1.jpg\",\"width\":512,\"height\":512,\"caption\":\"Radio Ljubu\u0161ki\"},\"image\":{\"@id\":\"https:\\\/\\\/radioljubuski.ba\\\/#\\\/schema\\\/logo\\\/image\\\/\"},\"sameAs\":[\"https:\\\/\\\/www.facebook.com\\\/Radiio-Ljubuski-1490835324566332\",\"https:\\\/\\\/x.com\\\/radioljubuski\",\"https:\\\/\\\/hr.linkedin.com\\\/company\\\/radio-ljubuski\",\"https:\\\/\\\/www.youtube.com\\\/channel\\\/UCHYaeO_n0Db3tjNGudGpXyw\"]},{\"@type\":\"Person\",\"@id\":\"https:\\\/\\\/radioljubuski.ba\\\/#\\\/schema\\\/person\\\/19fc700381a780f69665d7956c469e3b\",\"name\":\"Radio Ljubu\u0161ki\"}]}<\/script>\n<!-- \/ Yoast SEO plugin. -->","yoast_head_json":{"title":"Bi\u0161\u0107an: Ljubi\u010di\u0107? Imamo dovoljan broj napada\u010da - RADIO LJUBU\u0160KI","robots":{"index":"index","follow":"follow","max-snippet":"max-snippet:-1","max-image-preview":"max-image-preview:large","max-video-preview":"max-video-preview:-1"},"canonical":"https:\/\/radioljubuski.ba\/index.php\/2022\/09\/19\/biscan-ljubicic-imamo-dovoljan-broj-napadaca\/","og_locale":"hr_HR","og_type":"article","og_title":"Bi\u0161\u0107an: Ljubi\u010di\u0107? Imamo dovoljan broj napada\u010da - RADIO LJUBU\u0160KI","og_description":"Pred hrvatskom nogometnom reprezentacijom do 21 godine starosti dvije su odlu\u010duju\u0107e utakmice dodatnih kvalifikacija za Euro 2023. protiv Danske.&nbsp; &#8211; O\u010dekivanja su vrlo jasna, borimo se za plasman, nema tu neke velike filozofije. Idemo napraviti sve da to i ostvarimo. Stanje ekipe je dobro, \u010dekamo da se svi okupimo, da vidimo tko je u kakvom [&hellip;]","og_url":"https:\/\/radioljubuski.ba\/index.php\/2022\/09\/19\/biscan-ljubicic-imamo-dovoljan-broj-napadaca\/","og_site_name":"RADIO LJUBU\u0160KI","article_publisher":"https:\/\/www.facebook.com\/Radiio-Ljubuski-1490835324566332","article_published_time":"2022-09-19T22:12:18+00:00","og_image":[{"width":276,"height":183,"url":"https:\/\/radioljubuski.ba\/wp-content\/uploads\/2022\/06\/biscan.jpg","type":"image\/jpeg"}],"author":"Radio Ljubu\u0161ki","twitter_card":"summary_large_image","twitter_creator":"@radioljubuski","twitter_site":"@radioljubuski","twitter_misc":{"Napisao\/la":"Radio Ljubu\u0161ki","Procijenjeno vrijeme \u010ditanja":"2 minute"},"schema":{"@context":"https:\/\/schema.org","@graph":[{"@type":"Article","@id":"https:\/\/radioljubuski.ba\/index.php\/2022\/09\/19\/biscan-ljubicic-imamo-dovoljan-broj-napadaca\/#article","isPartOf":{"@id":"https:\/\/radioljubuski.ba\/index.php\/2022\/09\/19\/biscan-ljubicic-imamo-dovoljan-broj-napadaca\/"},"author":{"name":"Radio Ljubu\u0161ki","@id":"https:\/\/radioljubuski.ba\/#\/schema\/person\/19fc700381a780f69665d7956c469e3b"},"headline":"Bi\u0161\u0107an: Ljubi\u010di\u0107? Imamo dovoljan broj napada\u010da","datePublished":"2022-09-19T22:12:18+00:00","mainEntityOfPage":{"@id":"https:\/\/radioljubuski.ba\/index.php\/2022\/09\/19\/biscan-ljubicic-imamo-dovoljan-broj-napadaca\/"},"wordCount":310,"publisher":{"@id":"https:\/\/radioljubuski.ba\/#organization"},"image":{"@id":"https:\/\/radioljubuski.ba\/index.php\/2022\/09\/19\/biscan-ljubicic-imamo-dovoljan-broj-napadaca\/#primaryimage"},"thumbnailUrl":"https:\/\/radioljubuski.ba\/wp-content\/uploads\/2022\/06\/biscan.jpg","articleSection":["\u0160port"],"inLanguage":"hr"},{"@type":"WebPage","@id":"https:\/\/radioljubuski.ba\/index.php\/2022\/09\/19\/biscan-ljubicic-imamo-dovoljan-broj-napadaca\/","url":"https:\/\/radioljubuski.ba\/index.php\/2022\/09\/19\/biscan-ljubicic-imamo-dovoljan-broj-napadaca\/","name":"Bi\u0161\u0107an: Ljubi\u010di\u0107? Imamo dovoljan broj napada\u010da - RADIO LJUBU\u0160KI","isPartOf":{"@id":"https:\/\/radioljubuski.ba\/#website"},"primaryImageOfPage":{"@id":"https:\/\/radioljubuski.ba\/index.php\/2022\/09\/19\/biscan-ljubicic-imamo-dovoljan-broj-napadaca\/#primaryimage"},"image":{"@id":"https:\/\/radioljubuski.ba\/index.php\/2022\/09\/19\/biscan-ljubicic-imamo-dovoljan-broj-napadaca\/#primaryimage"},"thumbnailUrl":"https:\/\/radioljubuski.ba\/wp-content\/uploads\/2022\/06\/biscan.jpg","datePublished":"2022-09-19T22:12:18+00:00","breadcrumb":{"@id":"https:\/\/radioljubuski.ba\/index.php\/2022\/09\/19\/biscan-ljubicic-imamo-dovoljan-broj-napadaca\/#breadcrumb"},"inLanguage":"hr","potentialAction":[{"@type":"ReadAction","target":["https:\/\/radioljubuski.ba\/index.php\/2022\/09\/19\/biscan-ljubicic-imamo-dovoljan-broj-napadaca\/"]}]},{"@type":"ImageObject","inLanguage":"hr","@id":"https:\/\/radioljubuski.ba\/index.php\/2022\/09\/19\/biscan-ljubicic-imamo-dovoljan-broj-napadaca\/#primaryimage","url":"https:\/\/radioljubuski.ba\/wp-content\/uploads\/2022\/06\/biscan.jpg","contentUrl":"https:\/\/radioljubuski.ba\/wp-content\/uploads\/2022\/06\/biscan.jpg","width":276,"height":183},{"@type":"BreadcrumbList","@id":"https:\/\/radioljubuski.ba\/index.php\/2022\/09\/19\/biscan-ljubicic-imamo-dovoljan-broj-napadaca\/#breadcrumb","itemListElement":[{"@type":"ListItem","position":1,"name":"Po\u010detna stranica","item":"https:\/\/radioljubuski.ba\/"},{"@type":"ListItem","position":2,"name":"Bi\u0161\u0107an: Ljubi\u010di\u0107? Imamo dovoljan broj napada\u010da"}]},{"@type":"WebSite","@id":"https:\/\/radioljubuski.ba\/#website","url":"https:\/\/radioljubuski.ba\/","name":"Radio Ljubu\u0161ki","description":"Sun\u010dana frekvencija Hercegovine","publisher":{"@id":"https:\/\/radioljubuski.ba\/#organization"},"potentialAction":[{"@type":"SearchAction","target":{"@type":"EntryPoint","urlTemplate":"https:\/\/radioljubuski.ba\/?s={search_term_string}"},"query-input":{"@type":"PropertyValueSpecification","valueRequired":true,"valueName":"search_term_string"}}],"inLanguage":"hr"},{"@type":"Organization","@id":"https:\/\/radioljubuski.ba\/#organization","name":"Radio Ljubu\u0161ki","url":"https:\/\/radioljubuski.ba\/","logo":{"@type":"ImageObject","inLanguage":"hr","@id":"https:\/\/radioljubuski.ba\/#\/schema\/logo\/image\/","url":"https:\/\/radioljubuski.ba\/wp-content\/uploads\/2021\/02\/cropped-Radio_Ljubuski_logo1.jpg","contentUrl":"https:\/\/radioljubuski.ba\/wp-content\/uploads\/2021\/02\/cropped-Radio_Ljubuski_logo1.jpg","width":512,"height":512,"caption":"Radio Ljubu\u0161ki"},"image":{"@id":"https:\/\/radioljubuski.ba\/#\/schema\/logo\/image\/"},"sameAs":["https:\/\/www.facebook.com\/Radiio-Ljubuski-1490835324566332","https:\/\/x.com\/radioljubuski","https:\/\/hr.linkedin.com\/company\/radio-ljubuski","https:\/\/www.youtube.com\/channel\/UCHYaeO_n0Db3tjNGudGpXyw"]},{"@type":"Person","@id":"https:\/\/radioljubuski.ba\/#\/schema\/person\/19fc700381a780f69665d7956c469e3b","name":"Radio Ljubu\u0161ki"}]}},"_links":{"self":[{"href":"https:\/\/radioljubuski.ba\/index.php\/wp-json\/wp\/v2\/posts\/181937","targetHints":{"allow":["GET"]}}],"collection":[{"href":"https:\/\/radioljubuski.ba\/index.php\/wp-json\/wp\/v2\/posts"}],"about":[{"href":"https:\/\/radioljubuski.ba\/index.php\/wp-json\/wp\/v2\/types\/post"}],"author":[{"embeddable":true,"href":"https:\/\/radioljubuski.ba\/index.php\/wp-json\/wp\/v2\/users\/2"}],"replies":[{"embeddable":true,"href":"https:\/\/radioljubuski.ba\/index.php\/wp-json\/wp\/v2\/comments?post=181937"}],"version-history":[{"count":1,"href":"https:\/\/radioljubuski.ba\/index.php\/wp-json\/wp\/v2\/posts\/181937\/revisions"}],"predecessor-version":[{"id":181938,"href":"https:\/\/radioljubuski.ba\/index.php\/wp-json\/wp\/v2\/posts\/181937\/revisions\/181938"}],"wp:featuredmedia":[{"embeddable":true,"href":"https:\/\/radioljubuski.ba\/index.php\/wp-json\/wp\/v2\/media\/147738"}],"wp:attachment":[{"href":"https:\/\/radioljubuski.ba\/index.php\/wp-json\/wp\/v2\/media?parent=181937"}],"wp:term":[{"taxonomy":"category","embeddable":true,"href":"https:\/\/radioljubuski.ba\/index.php\/wp-json\/wp\/v2\/categories?post=181937"},{"taxonomy":"post_tag","embeddable":true,"href":"https:\/\/radioljubuski.ba\/index.php\/wp-json\/wp\/v2\/tags?post=181937"}],"curies":[{"name":"wp","href":"https:\/\/api.w.org\/{rel}","templated":true}]}}