{"id":181939,"date":"2022-09-19T23:15:43","date_gmt":"2022-09-19T22:15:43","guid":{"rendered":"https:\/\/radioljubuski.ba\/?p=181939"},"modified":"2022-09-19T23:15:43","modified_gmt":"2022-09-19T22:15:43","slug":"pasalic-srce-mi-kuca-za-hrvatsku-fruk-zasluzujemo-biti-na-euru","status":"publish","type":"post","link":"https:\/\/radioljubuski.ba\/index.php\/2022\/09\/19\/pasalic-srce-mi-kuca-za-hrvatsku-fruk-zasluzujemo-biti-na-euru\/","title":{"rendered":"Pa\u0161ali\u0107: Srce mi kuca za Hrvatsku; Fruk: Zaslu\u017eujemo biti na Euru"},"content":{"rendered":"\n<p><strong>Mladi hrvatski reprezentativci&nbsp;Toni Fruk&nbsp;i&nbsp;Marco Pa\u0161ali\u0107&nbsp;najavili su predstoje\u0107e utakmice protiv Danske u dodatnim kvalifikacijama za odlazak na Euro 2023.&nbsp;<\/strong><\/p>\n\n\n\n<p>Nakon odli\u010dnog starta u grupnoj fazi kvalifikacija i uvodnih \u0161est pobjeda u skupini, uslijedio je rezultatski pad mladih hrvatskih nogometa\u0161a koji su na kraju zauzeli drugo mjesto. Prvi Norve\u017eani su osigurali izravni plasman na Euro, a mladi Vatreni moraju u dodatne kvalifikacije.\u00a0<br><br>&#8211; Doveli smo se u nezgodnu situaciju, s obzirom na prvih \u0161est kvalifikacijskih utakmica, ali sve je na nama u ove dvije utakmice s Danskom i idemo pokazati da smo bolja i kvalitetnija mom\u010dad, da imamo ve\u0107u \u017eelju i da zaslu\u017eujemo biti na Europskom prvenstvu, rekao je Toni Fruk.<\/p>\n\n\n\n<div style=\"width: 640px;\" class=\"wp-video\"><video class=\"wp-video-shortcode\" id=\"video-181939-1\" width=\"640\" height=\"360\" preload=\"metadata\" controls=\"controls\"><source type=\"video\/mp4\" src=\"https:\/\/api.hrt.hr\/media\/c9\/88\/u21-fruk-toni-20220919104925.mp4?_=1\" \/><a href=\"https:\/\/api.hrt.hr\/media\/c9\/88\/u21-fruk-toni-20220919104925.mp4\">https:\/\/api.hrt.hr\/media\/c9\/88\/u21-fruk-toni-20220919104925.mp4<\/a><\/video><\/div>\n\n\n\n<p>&#8211; Puni smo optimizma, premda se dosta &#8216;zakuhalo&#8217; pred kraj kvalifikacija i nismo se smjeli dovesti u situaciju da utakmica u Norve\u0161koj odlu\u010duje o prvom mjestu. Bit \u0107e te\u0161ko u obje utakmice s Dancima, ali zahtjevna nas je skupina dobro pripremila i poku\u0161at \u0107emo do \u0161to boljeg rezultata na doma\u0107em terenu, a u drugoj je uvijek sve mogu\u0107e, rekao je Fruk.&nbsp;<\/p>\n\n\n\n<p>Marco Pa\u0161ali\u0107 dugo je \u010dekao da zaigra za Hrvatsku.<br><br>&#8211;\u00a0Jako sam sretan da napokon mogu zaigrati za Hrvatsku, nakon tri poku\u0161aja i ozljede ligamenata pa operacije ramena, ali sad sam spreman i vjerujem da mo\u017eemo oti\u0107i na Europsko prvenstvo. Ima nas dosta iz Njema\u010dke koji smo izabrali Hrvatsku, no va\u017eno je pokazati \u0161to znamo, nadam se da \u0107emo igrati zajedno. Ja sam jako ponosan, pratio sam ranije Hrvatsku i s tribina, za mene je velika \u010dast igrati za Hrvatsku. Odmah sam se odlu\u010dio, bez obzira na njema\u010dki poziv prije nekoliko godina, jer srce mi kuca za Hrvatsku, poru\u010dio je Marco Pa\u0161ali\u0107.<\/p>\n\n\n\n<div style=\"width: 640px;\" class=\"wp-video\"><video class=\"wp-video-shortcode\" id=\"video-181939-2\" width=\"640\" height=\"360\" preload=\"metadata\" controls=\"controls\"><source type=\"video\/mp4\" src=\"https:\/\/api.hrt.hr\/media\/5e\/a7\/u21-pasalic-marko-1-20220919105052.mp4?_=2\" \/><a href=\"https:\/\/api.hrt.hr\/media\/5e\/a7\/u21-pasalic-marko-1-20220919105052.mp4\">https:\/\/api.hrt.hr\/media\/5e\/a7\/u21-pasalic-marko-1-20220919105052.mp4<\/a><\/video><\/div>\n\n\n\n<p>&#8211; Lijep mi je osje\u0107aj bio zaigrati za Borussiju protiv Bayerna, sada se \u017eelim vratiti u takvu formu. Posudba mi nije bila opcija, u Dortmundu vole moj nogomet. Moj stil igre su ofenziva, driblanje i pogoci, ali sti\u017eem i kad me trebaju u defenzivi. Nije lako u drugoj mom\u010dadi, ali i to treba pro\u0107i, rekao je Pa\u0161ali\u0107.<\/p>\n\n\n\n<div style=\"width: 640px;\" class=\"wp-video\"><video class=\"wp-video-shortcode\" id=\"video-181939-3\" width=\"640\" height=\"360\" preload=\"metadata\" controls=\"controls\"><source type=\"video\/mp4\" src=\"https:\/\/api.hrt.hr\/media\/da\/1f\/u21-pasalicmarko2-20220919105602.mp4?_=3\" \/><a href=\"https:\/\/api.hrt.hr\/media\/da\/1f\/u21-pasalicmarko2-20220919105602.mp4\">https:\/\/api.hrt.hr\/media\/da\/1f\/u21-pasalicmarko2-20220919105602.mp4<\/a><\/video><\/div>\n\n\n\n<p>Izvor:hrt.hr<\/p>\n","protected":false},"excerpt":{"rendered":"<p>Mladi hrvatski reprezentativci&nbsp;Toni Fruk&nbsp;i&nbsp;Marco Pa\u0161ali\u0107&nbsp;najavili su predstoje\u0107e utakmice protiv Danske u dodatnim kvalifikacijama za odlazak na Euro 2023.&nbsp; Nakon odli\u010dnog starta u grupnoj fazi kvalifikacija i uvodnih \u0161est pobjeda u skupini, uslijedio je rezultatski pad mladih hrvatskih nogometa\u0161a koji su na kraju zauzeli drugo mjesto. Prvi Norve\u017eani su osigurali izravni plasman na Euro, a mladi [&hellip;]<\/p>\n","protected":false},"author":2,"featured_media":181940,"comment_status":"closed","ping_status":"closed","sticky":false,"template":"","format":"standard","meta":{"h5ap_radio_sources":[],"footnotes":""},"categories":[7],"tags":[],"class_list":["post-181939","post","type-post","status-publish","format-standard","has-post-thumbnail","hentry","category-sport"],"yoast_head":"<!-- This site is optimized with the Yoast SEO plugin v27.5 - https:\/\/yoast.com\/product\/yoast-seo-wordpress\/ -->\n<title>Pa\u0161ali\u0107: Srce mi kuca za Hrvatsku; Fruk: Zaslu\u017eujemo biti na Euru - RADIO LJUBU\u0160KI<\/title>\n<meta name=\"robots\" content=\"index, follow, max-snippet:-1, max-image-preview:large, max-video-preview:-1\" \/>\n<link rel=\"canonical\" href=\"https:\/\/radioljubuski.ba\/index.php\/2022\/09\/19\/pasalic-srce-mi-kuca-za-hrvatsku-fruk-zasluzujemo-biti-na-euru\/\" \/>\n<meta property=\"og:locale\" content=\"hr_HR\" \/>\n<meta property=\"og:type\" content=\"article\" \/>\n<meta property=\"og:title\" content=\"Pa\u0161ali\u0107: Srce mi kuca za Hrvatsku; Fruk: Zaslu\u017eujemo biti na Euru - RADIO LJUBU\u0160KI\" \/>\n<meta property=\"og:description\" content=\"Mladi hrvatski reprezentativci&nbsp;Toni Fruk&nbsp;i&nbsp;Marco Pa\u0161ali\u0107&nbsp;najavili su predstoje\u0107e utakmice protiv Danske u dodatnim kvalifikacijama za odlazak na Euro 2023.&nbsp; Nakon odli\u010dnog starta u grupnoj fazi kvalifikacija i uvodnih \u0161est pobjeda u skupini, uslijedio je rezultatski pad mladih hrvatskih nogometa\u0161a koji su na kraju zauzeli drugo mjesto. Prvi Norve\u017eani su osigurali izravni plasman na Euro, a mladi [&hellip;]\" \/>\n<meta property=\"og:url\" content=\"https:\/\/radioljubuski.ba\/index.php\/2022\/09\/19\/pasalic-srce-mi-kuca-za-hrvatsku-fruk-zasluzujemo-biti-na-euru\/\" \/>\n<meta property=\"og:site_name\" content=\"RADIO LJUBU\u0160KI\" \/>\n<meta property=\"article:publisher\" content=\"https:\/\/www.facebook.com\/Radiio-Ljubuski-1490835324566332\" \/>\n<meta property=\"article:published_time\" content=\"2022-09-19T22:15:43+00:00\" \/>\n<meta property=\"og:image\" content=\"https:\/\/radioljubuski.ba\/wp-content\/uploads\/2022\/09\/pasalic-marko-20220919102728.jpg\" \/>\n\t<meta property=\"og:image:width\" content=\"1416\" \/>\n\t<meta property=\"og:image:height\" content=\"835\" \/>\n\t<meta property=\"og:image:type\" content=\"image\/jpeg\" \/>\n<meta name=\"author\" content=\"Radio Ljubu\u0161ki\" \/>\n<meta name=\"twitter:card\" content=\"summary_large_image\" \/>\n<meta name=\"twitter:creator\" content=\"@radioljubuski\" \/>\n<meta name=\"twitter:site\" content=\"@radioljubuski\" \/>\n<meta name=\"twitter:label1\" content=\"Napisao\/la\" \/>\n\t<meta name=\"twitter:data1\" content=\"Radio Ljubu\u0161ki\" \/>\n\t<meta name=\"twitter:label2\" content=\"Procijenjeno vrijeme \u010ditanja\" \/>\n\t<meta name=\"twitter:data2\" content=\"2 minute\" \/>\n<script type=\"application\/ld+json\" class=\"yoast-schema-graph\">{\"@context\":\"https:\\\/\\\/schema.org\",\"@graph\":[{\"@type\":\"Article\",\"@id\":\"https:\\\/\\\/radioljubuski.ba\\\/index.php\\\/2022\\\/09\\\/19\\\/pasalic-srce-mi-kuca-za-hrvatsku-fruk-zasluzujemo-biti-na-euru\\\/#article\",\"isPartOf\":{\"@id\":\"https:\\\/\\\/radioljubuski.ba\\\/index.php\\\/2022\\\/09\\\/19\\\/pasalic-srce-mi-kuca-za-hrvatsku-fruk-zasluzujemo-biti-na-euru\\\/\"},\"author\":{\"name\":\"Radio Ljubu\u0161ki\",\"@id\":\"https:\\\/\\\/radioljubuski.ba\\\/#\\\/schema\\\/person\\\/19fc700381a780f69665d7956c469e3b\"},\"headline\":\"Pa\u0161ali\u0107: Srce mi kuca za Hrvatsku; Fruk: Zaslu\u017eujemo biti na Euru\",\"datePublished\":\"2022-09-19T22:15:43+00:00\",\"mainEntityOfPage\":{\"@id\":\"https:\\\/\\\/radioljubuski.ba\\\/index.php\\\/2022\\\/09\\\/19\\\/pasalic-srce-mi-kuca-za-hrvatsku-fruk-zasluzujemo-biti-na-euru\\\/\"},\"wordCount\":414,\"publisher\":{\"@id\":\"https:\\\/\\\/radioljubuski.ba\\\/#organization\"},\"image\":{\"@id\":\"https:\\\/\\\/radioljubuski.ba\\\/index.php\\\/2022\\\/09\\\/19\\\/pasalic-srce-mi-kuca-za-hrvatsku-fruk-zasluzujemo-biti-na-euru\\\/#primaryimage\"},\"thumbnailUrl\":\"https:\\\/\\\/radioljubuski.ba\\\/wp-content\\\/uploads\\\/2022\\\/09\\\/pasalic-marko-20220919102728.jpg\",\"articleSection\":[\"\u0160port\"],\"inLanguage\":\"hr\"},{\"@type\":\"WebPage\",\"@id\":\"https:\\\/\\\/radioljubuski.ba\\\/index.php\\\/2022\\\/09\\\/19\\\/pasalic-srce-mi-kuca-za-hrvatsku-fruk-zasluzujemo-biti-na-euru\\\/\",\"url\":\"https:\\\/\\\/radioljubuski.ba\\\/index.php\\\/2022\\\/09\\\/19\\\/pasalic-srce-mi-kuca-za-hrvatsku-fruk-zasluzujemo-biti-na-euru\\\/\",\"name\":\"Pa\u0161ali\u0107: Srce mi kuca za Hrvatsku; Fruk: Zaslu\u017eujemo biti na Euru - RADIO LJUBU\u0160KI\",\"isPartOf\":{\"@id\":\"https:\\\/\\\/radioljubuski.ba\\\/#website\"},\"primaryImageOfPage\":{\"@id\":\"https:\\\/\\\/radioljubuski.ba\\\/index.php\\\/2022\\\/09\\\/19\\\/pasalic-srce-mi-kuca-za-hrvatsku-fruk-zasluzujemo-biti-na-euru\\\/#primaryimage\"},\"image\":{\"@id\":\"https:\\\/\\\/radioljubuski.ba\\\/index.php\\\/2022\\\/09\\\/19\\\/pasalic-srce-mi-kuca-za-hrvatsku-fruk-zasluzujemo-biti-na-euru\\\/#primaryimage\"},\"thumbnailUrl\":\"https:\\\/\\\/radioljubuski.ba\\\/wp-content\\\/uploads\\\/2022\\\/09\\\/pasalic-marko-20220919102728.jpg\",\"datePublished\":\"2022-09-19T22:15:43+00:00\",\"breadcrumb\":{\"@id\":\"https:\\\/\\\/radioljubuski.ba\\\/index.php\\\/2022\\\/09\\\/19\\\/pasalic-srce-mi-kuca-za-hrvatsku-fruk-zasluzujemo-biti-na-euru\\\/#breadcrumb\"},\"inLanguage\":\"hr\",\"potentialAction\":[{\"@type\":\"ReadAction\",\"target\":[\"https:\\\/\\\/radioljubuski.ba\\\/index.php\\\/2022\\\/09\\\/19\\\/pasalic-srce-mi-kuca-za-hrvatsku-fruk-zasluzujemo-biti-na-euru\\\/\"]}]},{\"@type\":\"ImageObject\",\"inLanguage\":\"hr\",\"@id\":\"https:\\\/\\\/radioljubuski.ba\\\/index.php\\\/2022\\\/09\\\/19\\\/pasalic-srce-mi-kuca-za-hrvatsku-fruk-zasluzujemo-biti-na-euru\\\/#primaryimage\",\"url\":\"https:\\\/\\\/radioljubuski.ba\\\/wp-content\\\/uploads\\\/2022\\\/09\\\/pasalic-marko-20220919102728.jpg\",\"contentUrl\":\"https:\\\/\\\/radioljubuski.ba\\\/wp-content\\\/uploads\\\/2022\\\/09\\\/pasalic-marko-20220919102728.jpg\",\"width\":1416,\"height\":835},{\"@type\":\"BreadcrumbList\",\"@id\":\"https:\\\/\\\/radioljubuski.ba\\\/index.php\\\/2022\\\/09\\\/19\\\/pasalic-srce-mi-kuca-za-hrvatsku-fruk-zasluzujemo-biti-na-euru\\\/#breadcrumb\",\"itemListElement\":[{\"@type\":\"ListItem\",\"position\":1,\"name\":\"Po\u010detna stranica\",\"item\":\"https:\\\/\\\/radioljubuski.ba\\\/\"},{\"@type\":\"ListItem\",\"position\":2,\"name\":\"Pa\u0161ali\u0107: Srce mi kuca za Hrvatsku; Fruk: Zaslu\u017eujemo biti na Euru\"}]},{\"@type\":\"WebSite\",\"@id\":\"https:\\\/\\\/radioljubuski.ba\\\/#website\",\"url\":\"https:\\\/\\\/radioljubuski.ba\\\/\",\"name\":\"Radio Ljubu\u0161ki\",\"description\":\"Sun\u010dana frekvencija Hercegovine\",\"publisher\":{\"@id\":\"https:\\\/\\\/radioljubuski.ba\\\/#organization\"},\"potentialAction\":[{\"@type\":\"SearchAction\",\"target\":{\"@type\":\"EntryPoint\",\"urlTemplate\":\"https:\\\/\\\/radioljubuski.ba\\\/?s={search_term_string}\"},\"query-input\":{\"@type\":\"PropertyValueSpecification\",\"valueRequired\":true,\"valueName\":\"search_term_string\"}}],\"inLanguage\":\"hr\"},{\"@type\":\"Organization\",\"@id\":\"https:\\\/\\\/radioljubuski.ba\\\/#organization\",\"name\":\"Radio Ljubu\u0161ki\",\"url\":\"https:\\\/\\\/radioljubuski.ba\\\/\",\"logo\":{\"@type\":\"ImageObject\",\"inLanguage\":\"hr\",\"@id\":\"https:\\\/\\\/radioljubuski.ba\\\/#\\\/schema\\\/logo\\\/image\\\/\",\"url\":\"https:\\\/\\\/radioljubuski.ba\\\/wp-content\\\/uploads\\\/2021\\\/02\\\/cropped-Radio_Ljubuski_logo1.jpg\",\"contentUrl\":\"https:\\\/\\\/radioljubuski.ba\\\/wp-content\\\/uploads\\\/2021\\\/02\\\/cropped-Radio_Ljubuski_logo1.jpg\",\"width\":512,\"height\":512,\"caption\":\"Radio Ljubu\u0161ki\"},\"image\":{\"@id\":\"https:\\\/\\\/radioljubuski.ba\\\/#\\\/schema\\\/logo\\\/image\\\/\"},\"sameAs\":[\"https:\\\/\\\/www.facebook.com\\\/Radiio-Ljubuski-1490835324566332\",\"https:\\\/\\\/x.com\\\/radioljubuski\",\"https:\\\/\\\/hr.linkedin.com\\\/company\\\/radio-ljubuski\",\"https:\\\/\\\/www.youtube.com\\\/channel\\\/UCHYaeO_n0Db3tjNGudGpXyw\"]},{\"@type\":\"Person\",\"@id\":\"https:\\\/\\\/radioljubuski.ba\\\/#\\\/schema\\\/person\\\/19fc700381a780f69665d7956c469e3b\",\"name\":\"Radio Ljubu\u0161ki\"}]}<\/script>\n<!-- \/ Yoast SEO plugin. -->","yoast_head_json":{"title":"Pa\u0161ali\u0107: Srce mi kuca za Hrvatsku; Fruk: Zaslu\u017eujemo biti na Euru - RADIO LJUBU\u0160KI","robots":{"index":"index","follow":"follow","max-snippet":"max-snippet:-1","max-image-preview":"max-image-preview:large","max-video-preview":"max-video-preview:-1"},"canonical":"https:\/\/radioljubuski.ba\/index.php\/2022\/09\/19\/pasalic-srce-mi-kuca-za-hrvatsku-fruk-zasluzujemo-biti-na-euru\/","og_locale":"hr_HR","og_type":"article","og_title":"Pa\u0161ali\u0107: Srce mi kuca za Hrvatsku; Fruk: Zaslu\u017eujemo biti na Euru - RADIO LJUBU\u0160KI","og_description":"Mladi hrvatski reprezentativci&nbsp;Toni Fruk&nbsp;i&nbsp;Marco Pa\u0161ali\u0107&nbsp;najavili su predstoje\u0107e utakmice protiv Danske u dodatnim kvalifikacijama za odlazak na Euro 2023.&nbsp; Nakon odli\u010dnog starta u grupnoj fazi kvalifikacija i uvodnih \u0161est pobjeda u skupini, uslijedio je rezultatski pad mladih hrvatskih nogometa\u0161a koji su na kraju zauzeli drugo mjesto. Prvi Norve\u017eani su osigurali izravni plasman na Euro, a mladi [&hellip;]","og_url":"https:\/\/radioljubuski.ba\/index.php\/2022\/09\/19\/pasalic-srce-mi-kuca-za-hrvatsku-fruk-zasluzujemo-biti-na-euru\/","og_site_name":"RADIO LJUBU\u0160KI","article_publisher":"https:\/\/www.facebook.com\/Radiio-Ljubuski-1490835324566332","article_published_time":"2022-09-19T22:15:43+00:00","og_image":[{"width":1416,"height":835,"url":"https:\/\/radioljubuski.ba\/wp-content\/uploads\/2022\/09\/pasalic-marko-20220919102728.jpg","type":"image\/jpeg"}],"author":"Radio Ljubu\u0161ki","twitter_card":"summary_large_image","twitter_creator":"@radioljubuski","twitter_site":"@radioljubuski","twitter_misc":{"Napisao\/la":"Radio Ljubu\u0161ki","Procijenjeno vrijeme \u010ditanja":"2 minute"},"schema":{"@context":"https:\/\/schema.org","@graph":[{"@type":"Article","@id":"https:\/\/radioljubuski.ba\/index.php\/2022\/09\/19\/pasalic-srce-mi-kuca-za-hrvatsku-fruk-zasluzujemo-biti-na-euru\/#article","isPartOf":{"@id":"https:\/\/radioljubuski.ba\/index.php\/2022\/09\/19\/pasalic-srce-mi-kuca-za-hrvatsku-fruk-zasluzujemo-biti-na-euru\/"},"author":{"name":"Radio Ljubu\u0161ki","@id":"https:\/\/radioljubuski.ba\/#\/schema\/person\/19fc700381a780f69665d7956c469e3b"},"headline":"Pa\u0161ali\u0107: Srce mi kuca za Hrvatsku; Fruk: Zaslu\u017eujemo biti na Euru","datePublished":"2022-09-19T22:15:43+00:00","mainEntityOfPage":{"@id":"https:\/\/radioljubuski.ba\/index.php\/2022\/09\/19\/pasalic-srce-mi-kuca-za-hrvatsku-fruk-zasluzujemo-biti-na-euru\/"},"wordCount":414,"publisher":{"@id":"https:\/\/radioljubuski.ba\/#organization"},"image":{"@id":"https:\/\/radioljubuski.ba\/index.php\/2022\/09\/19\/pasalic-srce-mi-kuca-za-hrvatsku-fruk-zasluzujemo-biti-na-euru\/#primaryimage"},"thumbnailUrl":"https:\/\/radioljubuski.ba\/wp-content\/uploads\/2022\/09\/pasalic-marko-20220919102728.jpg","articleSection":["\u0160port"],"inLanguage":"hr"},{"@type":"WebPage","@id":"https:\/\/radioljubuski.ba\/index.php\/2022\/09\/19\/pasalic-srce-mi-kuca-za-hrvatsku-fruk-zasluzujemo-biti-na-euru\/","url":"https:\/\/radioljubuski.ba\/index.php\/2022\/09\/19\/pasalic-srce-mi-kuca-za-hrvatsku-fruk-zasluzujemo-biti-na-euru\/","name":"Pa\u0161ali\u0107: Srce mi kuca za Hrvatsku; Fruk: Zaslu\u017eujemo biti na Euru - RADIO LJUBU\u0160KI","isPartOf":{"@id":"https:\/\/radioljubuski.ba\/#website"},"primaryImageOfPage":{"@id":"https:\/\/radioljubuski.ba\/index.php\/2022\/09\/19\/pasalic-srce-mi-kuca-za-hrvatsku-fruk-zasluzujemo-biti-na-euru\/#primaryimage"},"image":{"@id":"https:\/\/radioljubuski.ba\/index.php\/2022\/09\/19\/pasalic-srce-mi-kuca-za-hrvatsku-fruk-zasluzujemo-biti-na-euru\/#primaryimage"},"thumbnailUrl":"https:\/\/radioljubuski.ba\/wp-content\/uploads\/2022\/09\/pasalic-marko-20220919102728.jpg","datePublished":"2022-09-19T22:15:43+00:00","breadcrumb":{"@id":"https:\/\/radioljubuski.ba\/index.php\/2022\/09\/19\/pasalic-srce-mi-kuca-za-hrvatsku-fruk-zasluzujemo-biti-na-euru\/#breadcrumb"},"inLanguage":"hr","potentialAction":[{"@type":"ReadAction","target":["https:\/\/radioljubuski.ba\/index.php\/2022\/09\/19\/pasalic-srce-mi-kuca-za-hrvatsku-fruk-zasluzujemo-biti-na-euru\/"]}]},{"@type":"ImageObject","inLanguage":"hr","@id":"https:\/\/radioljubuski.ba\/index.php\/2022\/09\/19\/pasalic-srce-mi-kuca-za-hrvatsku-fruk-zasluzujemo-biti-na-euru\/#primaryimage","url":"https:\/\/radioljubuski.ba\/wp-content\/uploads\/2022\/09\/pasalic-marko-20220919102728.jpg","contentUrl":"https:\/\/radioljubuski.ba\/wp-content\/uploads\/2022\/09\/pasalic-marko-20220919102728.jpg","width":1416,"height":835},{"@type":"BreadcrumbList","@id":"https:\/\/radioljubuski.ba\/index.php\/2022\/09\/19\/pasalic-srce-mi-kuca-za-hrvatsku-fruk-zasluzujemo-biti-na-euru\/#breadcrumb","itemListElement":[{"@type":"ListItem","position":1,"name":"Po\u010detna stranica","item":"https:\/\/radioljubuski.ba\/"},{"@type":"ListItem","position":2,"name":"Pa\u0161ali\u0107: Srce mi kuca za Hrvatsku; Fruk: Zaslu\u017eujemo biti na Euru"}]},{"@type":"WebSite","@id":"https:\/\/radioljubuski.ba\/#website","url":"https:\/\/radioljubuski.ba\/","name":"Radio Ljubu\u0161ki","description":"Sun\u010dana frekvencija Hercegovine","publisher":{"@id":"https:\/\/radioljubuski.ba\/#organization"},"potentialAction":[{"@type":"SearchAction","target":{"@type":"EntryPoint","urlTemplate":"https:\/\/radioljubuski.ba\/?s={search_term_string}"},"query-input":{"@type":"PropertyValueSpecification","valueRequired":true,"valueName":"search_term_string"}}],"inLanguage":"hr"},{"@type":"Organization","@id":"https:\/\/radioljubuski.ba\/#organization","name":"Radio Ljubu\u0161ki","url":"https:\/\/radioljubuski.ba\/","logo":{"@type":"ImageObject","inLanguage":"hr","@id":"https:\/\/radioljubuski.ba\/#\/schema\/logo\/image\/","url":"https:\/\/radioljubuski.ba\/wp-content\/uploads\/2021\/02\/cropped-Radio_Ljubuski_logo1.jpg","contentUrl":"https:\/\/radioljubuski.ba\/wp-content\/uploads\/2021\/02\/cropped-Radio_Ljubuski_logo1.jpg","width":512,"height":512,"caption":"Radio Ljubu\u0161ki"},"image":{"@id":"https:\/\/radioljubuski.ba\/#\/schema\/logo\/image\/"},"sameAs":["https:\/\/www.facebook.com\/Radiio-Ljubuski-1490835324566332","https:\/\/x.com\/radioljubuski","https:\/\/hr.linkedin.com\/company\/radio-ljubuski","https:\/\/www.youtube.com\/channel\/UCHYaeO_n0Db3tjNGudGpXyw"]},{"@type":"Person","@id":"https:\/\/radioljubuski.ba\/#\/schema\/person\/19fc700381a780f69665d7956c469e3b","name":"Radio Ljubu\u0161ki"}]}},"_links":{"self":[{"href":"https:\/\/radioljubuski.ba\/index.php\/wp-json\/wp\/v2\/posts\/181939","targetHints":{"allow":["GET"]}}],"collection":[{"href":"https:\/\/radioljubuski.ba\/index.php\/wp-json\/wp\/v2\/posts"}],"about":[{"href":"https:\/\/radioljubuski.ba\/index.php\/wp-json\/wp\/v2\/types\/post"}],"author":[{"embeddable":true,"href":"https:\/\/radioljubuski.ba\/index.php\/wp-json\/wp\/v2\/users\/2"}],"replies":[{"embeddable":true,"href":"https:\/\/radioljubuski.ba\/index.php\/wp-json\/wp\/v2\/comments?post=181939"}],"version-history":[{"count":1,"href":"https:\/\/radioljubuski.ba\/index.php\/wp-json\/wp\/v2\/posts\/181939\/revisions"}],"predecessor-version":[{"id":181941,"href":"https:\/\/radioljubuski.ba\/index.php\/wp-json\/wp\/v2\/posts\/181939\/revisions\/181941"}],"wp:featuredmedia":[{"embeddable":true,"href":"https:\/\/radioljubuski.ba\/index.php\/wp-json\/wp\/v2\/media\/181940"}],"wp:attachment":[{"href":"https:\/\/radioljubuski.ba\/index.php\/wp-json\/wp\/v2\/media?parent=181939"}],"wp:term":[{"taxonomy":"category","embeddable":true,"href":"https:\/\/radioljubuski.ba\/index.php\/wp-json\/wp\/v2\/categories?post=181939"},{"taxonomy":"post_tag","embeddable":true,"href":"https:\/\/radioljubuski.ba\/index.php\/wp-json\/wp\/v2\/tags?post=181939"}],"curies":[{"name":"wp","href":"https:\/\/api.w.org\/{rel}","templated":true}]}}