{"id":18194,"date":"2021-05-03T11:48:01","date_gmt":"2021-05-03T10:48:01","guid":{"rendered":"https:\/\/radioljubuski.ba\/?p=18194"},"modified":"2021-05-03T11:48:01","modified_gmt":"2021-05-03T10:48:01","slug":"organizatorice-prostitucije-u-mostaru-naredna-tri-mjeseca-u-pritvoru","status":"publish","type":"post","link":"https:\/\/radioljubuski.ba\/index.php\/2021\/05\/03\/organizatorice-prostitucije-u-mostaru-naredna-tri-mjeseca-u-pritvoru\/","title":{"rendered":"Organizatorice prostitucije u Mostaru naredna tri mjeseca u pritvoru"},"content":{"rendered":"\n<p><strong>Sud Bosne i Hercegovine<\/strong>\u00a0u predmetu protiv\u00a0<strong>dvije dr\u017eavljanke Ukrajine<\/strong>\u00a0donio rje\u0161enje da se za naredna tri mjeseca produ\u017ei pritvor<strong>\u00a0Asji \u017ddanov<\/strong>\u00a0(60) i\u00a0<strong>Nataliji Na\u010dinkin<\/strong>\u00a0(32). <\/p>\n\n\n\n<p>Pritvor im mo\u017ee trajati do 26. srpnja ove godine ili do nove odluke Suda, a zbog opasnosti da bi boravkom na slobodi mogle pobje\u0107i iz BiH.<\/p>\n\n\n\n<p>Dvije Ukrajinke<strong>&nbsp;uhi\u0107ene su u sije\u010dnju ove godine u Mostaru<\/strong>&nbsp;zbog sumnje da su po\u010dinile kazneno djelo me\u0111unarodno navo\u0111enje na prostituciju.<\/p>\n\n\n\n<p>Asja i Natalija se terete&nbsp;<strong>da su stupale u kontakt s djevojkama s podru\u010dja Ukrajine, mla\u0111e \u017eivotne dobi<\/strong>, koje su se nalazile u te\u0161kom imovinskom stanju i socijalnom polo\u017eaju, te su ih&nbsp;<strong>navodile, nagovarale i podsticale na pru\u017eanje seksualnih usluga za novac.&nbsp;<\/strong>Sumnji\u010de se i da su organizirale<strong>&nbsp;pru\u017eanje seksualnih usluga u jednom hotelu na podru\u010dju Mostara<\/strong>.<\/p>\n\n\n\n<p>Osumnji\u010dene su\u00a0<strong>uspostavljale kontakte na internet-stranicama<\/strong>\u00a0javljaju\u0107i se na oglase te su dogovarale datume, vrijeme i mjesto pru\u017eanja seksualnih usluga, prenosi Avaz.<\/p>\n\n\n\n<p>Izvor: Hercegovina.info<\/p>\n","protected":false},"excerpt":{"rendered":"<p>Sud Bosne i Hercegovine\u00a0u predmetu protiv\u00a0dvije dr\u017eavljanke Ukrajine\u00a0donio rje\u0161enje da se za naredna tri mjeseca produ\u017ei pritvor\u00a0Asji \u017ddanov\u00a0(60) i\u00a0Nataliji Na\u010dinkin\u00a0(32). Pritvor im mo\u017ee trajati do 26. srpnja ove godine ili do nove odluke Suda, a zbog opasnosti da bi boravkom na slobodi mogle pobje\u0107i iz BiH. Dvije Ukrajinke&nbsp;uhi\u0107ene su u sije\u010dnju ove godine u Mostaru&nbsp;zbog [&hellip;]<\/p>\n","protected":false},"author":2,"featured_media":18195,"comment_status":"closed","ping_status":"closed","sticky":false,"template":"","format":"standard","meta":{"h5ap_radio_sources":[],"footnotes":""},"categories":[1],"tags":[],"class_list":["post-18194","post","type-post","status-publish","format-standard","has-post-thumbnail","hentry","category-bihiregija"],"yoast_head":"<!-- This site is optimized with the Yoast SEO plugin v27.5 - https:\/\/yoast.com\/product\/yoast-seo-wordpress\/ -->\n<title>Organizatorice prostitucije u Mostaru naredna tri mjeseca u pritvoru - RADIO LJUBU\u0160KI<\/title>\n<meta name=\"robots\" content=\"index, follow, max-snippet:-1, max-image-preview:large, max-video-preview:-1\" \/>\n<link rel=\"canonical\" href=\"https:\/\/radioljubuski.ba\/index.php\/2021\/05\/03\/organizatorice-prostitucije-u-mostaru-naredna-tri-mjeseca-u-pritvoru\/\" \/>\n<meta property=\"og:locale\" content=\"hr_HR\" \/>\n<meta property=\"og:type\" content=\"article\" \/>\n<meta property=\"og:title\" content=\"Organizatorice prostitucije u Mostaru naredna tri mjeseca u pritvoru - RADIO LJUBU\u0160KI\" \/>\n<meta property=\"og:description\" content=\"Sud Bosne i Hercegovine\u00a0u predmetu protiv\u00a0dvije dr\u017eavljanke Ukrajine\u00a0donio rje\u0161enje da se za naredna tri mjeseca produ\u017ei pritvor\u00a0Asji \u017ddanov\u00a0(60) i\u00a0Nataliji Na\u010dinkin\u00a0(32). Pritvor im mo\u017ee trajati do 26. srpnja ove godine ili do nove odluke Suda, a zbog opasnosti da bi boravkom na slobodi mogle pobje\u0107i iz BiH. Dvije Ukrajinke&nbsp;uhi\u0107ene su u sije\u010dnju ove godine u Mostaru&nbsp;zbog [&hellip;]\" \/>\n<meta property=\"og:url\" content=\"https:\/\/radioljubuski.ba\/index.php\/2021\/05\/03\/organizatorice-prostitucije-u-mostaru-naredna-tri-mjeseca-u-pritvoru\/\" \/>\n<meta property=\"og:site_name\" content=\"RADIO LJUBU\u0160KI\" \/>\n<meta property=\"article:publisher\" content=\"https:\/\/www.facebook.com\/Radiio-Ljubuski-1490835324566332\" \/>\n<meta property=\"article:published_time\" content=\"2021-05-03T10:48:01+00:00\" \/>\n<meta property=\"og:image\" content=\"https:\/\/radioljubuski.ba\/wp-content\/uploads\/2021\/05\/prostitucija.jpg\" \/>\n\t<meta property=\"og:image:width\" content=\"1024\" \/>\n\t<meta property=\"og:image:height\" content=\"634\" \/>\n\t<meta property=\"og:image:type\" content=\"image\/jpeg\" \/>\n<meta name=\"author\" content=\"Radio Ljubu\u0161ki\" \/>\n<meta name=\"twitter:card\" content=\"summary_large_image\" \/>\n<meta name=\"twitter:creator\" content=\"@radioljubuski\" \/>\n<meta name=\"twitter:site\" content=\"@radioljubuski\" \/>\n<meta name=\"twitter:label1\" content=\"Napisao\/la\" \/>\n\t<meta name=\"twitter:data1\" content=\"Radio Ljubu\u0161ki\" \/>\n\t<meta name=\"twitter:label2\" content=\"Procijenjeno vrijeme \u010ditanja\" \/>\n\t<meta name=\"twitter:data2\" content=\"1 minuta\" \/>\n<script type=\"application\/ld+json\" class=\"yoast-schema-graph\">{\"@context\":\"https:\\\/\\\/schema.org\",\"@graph\":[{\"@type\":\"Article\",\"@id\":\"https:\\\/\\\/radioljubuski.ba\\\/index.php\\\/2021\\\/05\\\/03\\\/organizatorice-prostitucije-u-mostaru-naredna-tri-mjeseca-u-pritvoru\\\/#article\",\"isPartOf\":{\"@id\":\"https:\\\/\\\/radioljubuski.ba\\\/index.php\\\/2021\\\/05\\\/03\\\/organizatorice-prostitucije-u-mostaru-naredna-tri-mjeseca-u-pritvoru\\\/\"},\"author\":{\"name\":\"Radio Ljubu\u0161ki\",\"@id\":\"https:\\\/\\\/radioljubuski.ba\\\/#\\\/schema\\\/person\\\/19fc700381a780f69665d7956c469e3b\"},\"headline\":\"Organizatorice prostitucije u Mostaru naredna tri mjeseca u pritvoru\",\"datePublished\":\"2021-05-03T10:48:01+00:00\",\"mainEntityOfPage\":{\"@id\":\"https:\\\/\\\/radioljubuski.ba\\\/index.php\\\/2021\\\/05\\\/03\\\/organizatorice-prostitucije-u-mostaru-naredna-tri-mjeseca-u-pritvoru\\\/\"},\"wordCount\":190,\"publisher\":{\"@id\":\"https:\\\/\\\/radioljubuski.ba\\\/#organization\"},\"image\":{\"@id\":\"https:\\\/\\\/radioljubuski.ba\\\/index.php\\\/2021\\\/05\\\/03\\\/organizatorice-prostitucije-u-mostaru-naredna-tri-mjeseca-u-pritvoru\\\/#primaryimage\"},\"thumbnailUrl\":\"https:\\\/\\\/radioljubuski.ba\\\/wp-content\\\/uploads\\\/2021\\\/05\\\/prostitucija.jpg\",\"articleSection\":[\"BIH i regija\"],\"inLanguage\":\"hr\"},{\"@type\":\"WebPage\",\"@id\":\"https:\\\/\\\/radioljubuski.ba\\\/index.php\\\/2021\\\/05\\\/03\\\/organizatorice-prostitucije-u-mostaru-naredna-tri-mjeseca-u-pritvoru\\\/\",\"url\":\"https:\\\/\\\/radioljubuski.ba\\\/index.php\\\/2021\\\/05\\\/03\\\/organizatorice-prostitucije-u-mostaru-naredna-tri-mjeseca-u-pritvoru\\\/\",\"name\":\"Organizatorice prostitucije u Mostaru naredna tri mjeseca u pritvoru - RADIO LJUBU\u0160KI\",\"isPartOf\":{\"@id\":\"https:\\\/\\\/radioljubuski.ba\\\/#website\"},\"primaryImageOfPage\":{\"@id\":\"https:\\\/\\\/radioljubuski.ba\\\/index.php\\\/2021\\\/05\\\/03\\\/organizatorice-prostitucije-u-mostaru-naredna-tri-mjeseca-u-pritvoru\\\/#primaryimage\"},\"image\":{\"@id\":\"https:\\\/\\\/radioljubuski.ba\\\/index.php\\\/2021\\\/05\\\/03\\\/organizatorice-prostitucije-u-mostaru-naredna-tri-mjeseca-u-pritvoru\\\/#primaryimage\"},\"thumbnailUrl\":\"https:\\\/\\\/radioljubuski.ba\\\/wp-content\\\/uploads\\\/2021\\\/05\\\/prostitucija.jpg\",\"datePublished\":\"2021-05-03T10:48:01+00:00\",\"breadcrumb\":{\"@id\":\"https:\\\/\\\/radioljubuski.ba\\\/index.php\\\/2021\\\/05\\\/03\\\/organizatorice-prostitucije-u-mostaru-naredna-tri-mjeseca-u-pritvoru\\\/#breadcrumb\"},\"inLanguage\":\"hr\",\"potentialAction\":[{\"@type\":\"ReadAction\",\"target\":[\"https:\\\/\\\/radioljubuski.ba\\\/index.php\\\/2021\\\/05\\\/03\\\/organizatorice-prostitucije-u-mostaru-naredna-tri-mjeseca-u-pritvoru\\\/\"]}]},{\"@type\":\"ImageObject\",\"inLanguage\":\"hr\",\"@id\":\"https:\\\/\\\/radioljubuski.ba\\\/index.php\\\/2021\\\/05\\\/03\\\/organizatorice-prostitucije-u-mostaru-naredna-tri-mjeseca-u-pritvoru\\\/#primaryimage\",\"url\":\"https:\\\/\\\/radioljubuski.ba\\\/wp-content\\\/uploads\\\/2021\\\/05\\\/prostitucija.jpg\",\"contentUrl\":\"https:\\\/\\\/radioljubuski.ba\\\/wp-content\\\/uploads\\\/2021\\\/05\\\/prostitucija.jpg\",\"width\":1024,\"height\":634},{\"@type\":\"BreadcrumbList\",\"@id\":\"https:\\\/\\\/radioljubuski.ba\\\/index.php\\\/2021\\\/05\\\/03\\\/organizatorice-prostitucije-u-mostaru-naredna-tri-mjeseca-u-pritvoru\\\/#breadcrumb\",\"itemListElement\":[{\"@type\":\"ListItem\",\"position\":1,\"name\":\"Po\u010detna stranica\",\"item\":\"https:\\\/\\\/radioljubuski.ba\\\/\"},{\"@type\":\"ListItem\",\"position\":2,\"name\":\"Organizatorice prostitucije u Mostaru naredna tri mjeseca u pritvoru\"}]},{\"@type\":\"WebSite\",\"@id\":\"https:\\\/\\\/radioljubuski.ba\\\/#website\",\"url\":\"https:\\\/\\\/radioljubuski.ba\\\/\",\"name\":\"Radio Ljubu\u0161ki\",\"description\":\"Sun\u010dana frekvencija Hercegovine\",\"publisher\":{\"@id\":\"https:\\\/\\\/radioljubuski.ba\\\/#organization\"},\"potentialAction\":[{\"@type\":\"SearchAction\",\"target\":{\"@type\":\"EntryPoint\",\"urlTemplate\":\"https:\\\/\\\/radioljubuski.ba\\\/?s={search_term_string}\"},\"query-input\":{\"@type\":\"PropertyValueSpecification\",\"valueRequired\":true,\"valueName\":\"search_term_string\"}}],\"inLanguage\":\"hr\"},{\"@type\":\"Organization\",\"@id\":\"https:\\\/\\\/radioljubuski.ba\\\/#organization\",\"name\":\"Radio Ljubu\u0161ki\",\"url\":\"https:\\\/\\\/radioljubuski.ba\\\/\",\"logo\":{\"@type\":\"ImageObject\",\"inLanguage\":\"hr\",\"@id\":\"https:\\\/\\\/radioljubuski.ba\\\/#\\\/schema\\\/logo\\\/image\\\/\",\"url\":\"https:\\\/\\\/radioljubuski.ba\\\/wp-content\\\/uploads\\\/2021\\\/02\\\/cropped-Radio_Ljubuski_logo1.jpg\",\"contentUrl\":\"https:\\\/\\\/radioljubuski.ba\\\/wp-content\\\/uploads\\\/2021\\\/02\\\/cropped-Radio_Ljubuski_logo1.jpg\",\"width\":512,\"height\":512,\"caption\":\"Radio Ljubu\u0161ki\"},\"image\":{\"@id\":\"https:\\\/\\\/radioljubuski.ba\\\/#\\\/schema\\\/logo\\\/image\\\/\"},\"sameAs\":[\"https:\\\/\\\/www.facebook.com\\\/Radiio-Ljubuski-1490835324566332\",\"https:\\\/\\\/x.com\\\/radioljubuski\",\"https:\\\/\\\/hr.linkedin.com\\\/company\\\/radio-ljubuski\",\"https:\\\/\\\/www.youtube.com\\\/channel\\\/UCHYaeO_n0Db3tjNGudGpXyw\"]},{\"@type\":\"Person\",\"@id\":\"https:\\\/\\\/radioljubuski.ba\\\/#\\\/schema\\\/person\\\/19fc700381a780f69665d7956c469e3b\",\"name\":\"Radio Ljubu\u0161ki\"}]}<\/script>\n<!-- \/ Yoast SEO plugin. -->","yoast_head_json":{"title":"Organizatorice prostitucije u Mostaru naredna tri mjeseca u pritvoru - RADIO LJUBU\u0160KI","robots":{"index":"index","follow":"follow","max-snippet":"max-snippet:-1","max-image-preview":"max-image-preview:large","max-video-preview":"max-video-preview:-1"},"canonical":"https:\/\/radioljubuski.ba\/index.php\/2021\/05\/03\/organizatorice-prostitucije-u-mostaru-naredna-tri-mjeseca-u-pritvoru\/","og_locale":"hr_HR","og_type":"article","og_title":"Organizatorice prostitucije u Mostaru naredna tri mjeseca u pritvoru - RADIO LJUBU\u0160KI","og_description":"Sud Bosne i Hercegovine\u00a0u predmetu protiv\u00a0dvije dr\u017eavljanke Ukrajine\u00a0donio rje\u0161enje da se za naredna tri mjeseca produ\u017ei pritvor\u00a0Asji \u017ddanov\u00a0(60) i\u00a0Nataliji Na\u010dinkin\u00a0(32). Pritvor im mo\u017ee trajati do 26. srpnja ove godine ili do nove odluke Suda, a zbog opasnosti da bi boravkom na slobodi mogle pobje\u0107i iz BiH. Dvije Ukrajinke&nbsp;uhi\u0107ene su u sije\u010dnju ove godine u Mostaru&nbsp;zbog [&hellip;]","og_url":"https:\/\/radioljubuski.ba\/index.php\/2021\/05\/03\/organizatorice-prostitucije-u-mostaru-naredna-tri-mjeseca-u-pritvoru\/","og_site_name":"RADIO LJUBU\u0160KI","article_publisher":"https:\/\/www.facebook.com\/Radiio-Ljubuski-1490835324566332","article_published_time":"2021-05-03T10:48:01+00:00","og_image":[{"width":1024,"height":634,"url":"https:\/\/radioljubuski.ba\/wp-content\/uploads\/2021\/05\/prostitucija.jpg","type":"image\/jpeg"}],"author":"Radio Ljubu\u0161ki","twitter_card":"summary_large_image","twitter_creator":"@radioljubuski","twitter_site":"@radioljubuski","twitter_misc":{"Napisao\/la":"Radio Ljubu\u0161ki","Procijenjeno vrijeme \u010ditanja":"1 minuta"},"schema":{"@context":"https:\/\/schema.org","@graph":[{"@type":"Article","@id":"https:\/\/radioljubuski.ba\/index.php\/2021\/05\/03\/organizatorice-prostitucije-u-mostaru-naredna-tri-mjeseca-u-pritvoru\/#article","isPartOf":{"@id":"https:\/\/radioljubuski.ba\/index.php\/2021\/05\/03\/organizatorice-prostitucije-u-mostaru-naredna-tri-mjeseca-u-pritvoru\/"},"author":{"name":"Radio Ljubu\u0161ki","@id":"https:\/\/radioljubuski.ba\/#\/schema\/person\/19fc700381a780f69665d7956c469e3b"},"headline":"Organizatorice prostitucije u Mostaru naredna tri mjeseca u pritvoru","datePublished":"2021-05-03T10:48:01+00:00","mainEntityOfPage":{"@id":"https:\/\/radioljubuski.ba\/index.php\/2021\/05\/03\/organizatorice-prostitucije-u-mostaru-naredna-tri-mjeseca-u-pritvoru\/"},"wordCount":190,"publisher":{"@id":"https:\/\/radioljubuski.ba\/#organization"},"image":{"@id":"https:\/\/radioljubuski.ba\/index.php\/2021\/05\/03\/organizatorice-prostitucije-u-mostaru-naredna-tri-mjeseca-u-pritvoru\/#primaryimage"},"thumbnailUrl":"https:\/\/radioljubuski.ba\/wp-content\/uploads\/2021\/05\/prostitucija.jpg","articleSection":["BIH i regija"],"inLanguage":"hr"},{"@type":"WebPage","@id":"https:\/\/radioljubuski.ba\/index.php\/2021\/05\/03\/organizatorice-prostitucije-u-mostaru-naredna-tri-mjeseca-u-pritvoru\/","url":"https:\/\/radioljubuski.ba\/index.php\/2021\/05\/03\/organizatorice-prostitucije-u-mostaru-naredna-tri-mjeseca-u-pritvoru\/","name":"Organizatorice prostitucije u Mostaru naredna tri mjeseca u pritvoru - RADIO LJUBU\u0160KI","isPartOf":{"@id":"https:\/\/radioljubuski.ba\/#website"},"primaryImageOfPage":{"@id":"https:\/\/radioljubuski.ba\/index.php\/2021\/05\/03\/organizatorice-prostitucije-u-mostaru-naredna-tri-mjeseca-u-pritvoru\/#primaryimage"},"image":{"@id":"https:\/\/radioljubuski.ba\/index.php\/2021\/05\/03\/organizatorice-prostitucije-u-mostaru-naredna-tri-mjeseca-u-pritvoru\/#primaryimage"},"thumbnailUrl":"https:\/\/radioljubuski.ba\/wp-content\/uploads\/2021\/05\/prostitucija.jpg","datePublished":"2021-05-03T10:48:01+00:00","breadcrumb":{"@id":"https:\/\/radioljubuski.ba\/index.php\/2021\/05\/03\/organizatorice-prostitucije-u-mostaru-naredna-tri-mjeseca-u-pritvoru\/#breadcrumb"},"inLanguage":"hr","potentialAction":[{"@type":"ReadAction","target":["https:\/\/radioljubuski.ba\/index.php\/2021\/05\/03\/organizatorice-prostitucije-u-mostaru-naredna-tri-mjeseca-u-pritvoru\/"]}]},{"@type":"ImageObject","inLanguage":"hr","@id":"https:\/\/radioljubuski.ba\/index.php\/2021\/05\/03\/organizatorice-prostitucije-u-mostaru-naredna-tri-mjeseca-u-pritvoru\/#primaryimage","url":"https:\/\/radioljubuski.ba\/wp-content\/uploads\/2021\/05\/prostitucija.jpg","contentUrl":"https:\/\/radioljubuski.ba\/wp-content\/uploads\/2021\/05\/prostitucija.jpg","width":1024,"height":634},{"@type":"BreadcrumbList","@id":"https:\/\/radioljubuski.ba\/index.php\/2021\/05\/03\/organizatorice-prostitucije-u-mostaru-naredna-tri-mjeseca-u-pritvoru\/#breadcrumb","itemListElement":[{"@type":"ListItem","position":1,"name":"Po\u010detna stranica","item":"https:\/\/radioljubuski.ba\/"},{"@type":"ListItem","position":2,"name":"Organizatorice prostitucije u Mostaru naredna tri mjeseca u pritvoru"}]},{"@type":"WebSite","@id":"https:\/\/radioljubuski.ba\/#website","url":"https:\/\/radioljubuski.ba\/","name":"Radio Ljubu\u0161ki","description":"Sun\u010dana frekvencija Hercegovine","publisher":{"@id":"https:\/\/radioljubuski.ba\/#organization"},"potentialAction":[{"@type":"SearchAction","target":{"@type":"EntryPoint","urlTemplate":"https:\/\/radioljubuski.ba\/?s={search_term_string}"},"query-input":{"@type":"PropertyValueSpecification","valueRequired":true,"valueName":"search_term_string"}}],"inLanguage":"hr"},{"@type":"Organization","@id":"https:\/\/radioljubuski.ba\/#organization","name":"Radio Ljubu\u0161ki","url":"https:\/\/radioljubuski.ba\/","logo":{"@type":"ImageObject","inLanguage":"hr","@id":"https:\/\/radioljubuski.ba\/#\/schema\/logo\/image\/","url":"https:\/\/radioljubuski.ba\/wp-content\/uploads\/2021\/02\/cropped-Radio_Ljubuski_logo1.jpg","contentUrl":"https:\/\/radioljubuski.ba\/wp-content\/uploads\/2021\/02\/cropped-Radio_Ljubuski_logo1.jpg","width":512,"height":512,"caption":"Radio Ljubu\u0161ki"},"image":{"@id":"https:\/\/radioljubuski.ba\/#\/schema\/logo\/image\/"},"sameAs":["https:\/\/www.facebook.com\/Radiio-Ljubuski-1490835324566332","https:\/\/x.com\/radioljubuski","https:\/\/hr.linkedin.com\/company\/radio-ljubuski","https:\/\/www.youtube.com\/channel\/UCHYaeO_n0Db3tjNGudGpXyw"]},{"@type":"Person","@id":"https:\/\/radioljubuski.ba\/#\/schema\/person\/19fc700381a780f69665d7956c469e3b","name":"Radio Ljubu\u0161ki"}]}},"_links":{"self":[{"href":"https:\/\/radioljubuski.ba\/index.php\/wp-json\/wp\/v2\/posts\/18194","targetHints":{"allow":["GET"]}}],"collection":[{"href":"https:\/\/radioljubuski.ba\/index.php\/wp-json\/wp\/v2\/posts"}],"about":[{"href":"https:\/\/radioljubuski.ba\/index.php\/wp-json\/wp\/v2\/types\/post"}],"author":[{"embeddable":true,"href":"https:\/\/radioljubuski.ba\/index.php\/wp-json\/wp\/v2\/users\/2"}],"replies":[{"embeddable":true,"href":"https:\/\/radioljubuski.ba\/index.php\/wp-json\/wp\/v2\/comments?post=18194"}],"version-history":[{"count":1,"href":"https:\/\/radioljubuski.ba\/index.php\/wp-json\/wp\/v2\/posts\/18194\/revisions"}],"predecessor-version":[{"id":18196,"href":"https:\/\/radioljubuski.ba\/index.php\/wp-json\/wp\/v2\/posts\/18194\/revisions\/18196"}],"wp:featuredmedia":[{"embeddable":true,"href":"https:\/\/radioljubuski.ba\/index.php\/wp-json\/wp\/v2\/media\/18195"}],"wp:attachment":[{"href":"https:\/\/radioljubuski.ba\/index.php\/wp-json\/wp\/v2\/media?parent=18194"}],"wp:term":[{"taxonomy":"category","embeddable":true,"href":"https:\/\/radioljubuski.ba\/index.php\/wp-json\/wp\/v2\/categories?post=18194"},{"taxonomy":"post_tag","embeddable":true,"href":"https:\/\/radioljubuski.ba\/index.php\/wp-json\/wp\/v2\/tags?post=18194"}],"curies":[{"name":"wp","href":"https:\/\/api.w.org\/{rel}","templated":true}]}}