{"id":181963,"date":"2022-09-19T23:33:30","date_gmt":"2022-09-19T22:33:30","guid":{"rendered":"https:\/\/radioljubuski.ba\/?p=181963"},"modified":"2022-09-19T23:33:30","modified_gmt":"2022-09-19T22:33:30","slug":"evo-sto-vatrene-ocekuje-tijekom-rujanskog-okupljanja","status":"publish","type":"post","link":"https:\/\/radioljubuski.ba\/index.php\/2022\/09\/19\/evo-sto-vatrene-ocekuje-tijekom-rujanskog-okupljanja\/","title":{"rendered":"Evo \u0161to Vatrene o\u010dekuje tijekom rujanskog okupljanja"},"content":{"rendered":"\n<p><strong>Svjetski doprvaci okupili su se danas u Zagrebu, gdje su odradili prvi trening na Maksimiru. Vatreni \u0107e najprije ugostiti Dansku na Maksimiru 22. rujna (20.45 sati), a protiv Austrije igrat \u0107e tri dana poslije na stadionu Ernst Happel u Be\u010du (20.45 sati).<\/strong><\/p>\n\n\n\n<figure class=\"wp-block-embed is-type-wp-embed is-provider-radio-ljubuski wp-block-embed-radio-ljubuski\"><div class=\"wp-block-embed__wrapper\">\n<blockquote class=\"wp-embedded-content\" data-secret=\"LDl6tQYAWj\"><a href=\"https:\/\/radioljubuski.ba\/index.php\/2022\/09\/19\/dalic-iskreno-nemam-puno-nedoumica-oko-popisa-za-katar\/\">Dali\u0107: Iskreno, nemam puno nedoumica oko popisa za Katar<\/a><\/blockquote><iframe loading=\"lazy\" class=\"wp-embedded-content\" sandbox=\"allow-scripts\" security=\"restricted\" style=\"position: absolute; clip: rect(1px, 1px, 1px, 1px);\" title=\"&#8220;Dali\u0107: Iskreno, nemam puno nedoumica oko popisa za Katar&#8221; &#8212;   RADIO LJUBU\u0160KI\" src=\"https:\/\/radioljubuski.ba\/index.php\/2022\/09\/19\/dalic-iskreno-nemam-puno-nedoumica-oko-popisa-za-katar\/embed\/#?secret=DkScAUth9r#?secret=LDl6tQYAWj\" data-secret=\"LDl6tQYAWj\" width=\"600\" height=\"338\" frameborder=\"0\" marginwidth=\"0\" marginheight=\"0\" scrolling=\"no\"><\/iframe>\n<\/div><\/figure>\n\n\n\n<p>Izbornik&nbsp;<strong>Zlatko Dali\u0107<\/strong>&nbsp;pozvao je za ovu akciju 25 igra\u010da, uz sedam pretpoziva<\/p>\n\n\n\n<p>Program nacionalne vrste\u00a0 je sljede\u0107ih dana, blago re\u010deno, prili\u010dno popunjen.<\/p>\n\n\n\n<iframe loading=\"lazy\" src=\"https:\/\/www.facebook.com\/plugins\/video.php?height=314&#038;href=https%3A%2F%2Fwww.facebook.com%2FHRTsport%2Fvideos%2F615221780094238%2F&#038;show_text=false&#038;width=560&#038;t=0\" width=\"560\" height=\"314\" style=\"border:none;overflow:hidden\" scrolling=\"no\" frameborder=\"0\" allowfullscreen=\"true\" allow=\"autoplay; clipboard-write; encrypted-media; picture-in-picture; web-share\" allowFullScreen=\"true\"><\/iframe>\n\n\n\n<p>Hrvatska reprezentacija \u0107e jo\u0161 sutra, u utorak, trenirati na Hitrec Kacianu, dok \u0107e u srijedu trening odraditi na travnjaku maksimirskog stadiona. Ogled protiv Danske je u \u010detvrtak, a nakon njega\u00a0 u petak slijedi novi trening u Zagrebu. U Be\u010d se putuje u subotu, a istog dana \u0107e Ernst Happel odraditi zadnji trening uo\u010di nedjeljne utakmice.<\/p>\n\n\n\n<iframe loading=\"lazy\" src=\"https:\/\/www.facebook.com\/plugins\/post.php?href=https%3A%2F%2Fwww.facebook.com%2FHRTsport%2Fposts%2Fpfbid02w9u7WsEnEHzHJgZGTcewETtmSzxhKUKbAvPExAfJ3mzwyS2VJgq9JPLsjXyRzGcgl&#038;show_text=true&#038;width=500\" width=\"500\" height=\"548\" style=\"border:none;overflow:hidden\" scrolling=\"no\" frameborder=\"0\" allowfullscreen=\"true\" allow=\"autoplay; clipboard-write; encrypted-media; picture-in-picture; web-share\"><\/iframe>\n\n\n\n<p>Nakon \u010detiri kola, Hrvatska sa sedam bodova dr\u017ei drugo mjesto u skupini, iza vode\u0107e Danske koja ima devet bodova. Tre\u0107a je Austrija s \u010detiri boda, a posljednji su svjetski prvaci i branitelji naslova pobjednika Lige nacija Francuzi s dva boda.<\/p>\n\n\n\n<figure class=\"wp-block-embed is-type-wp-embed is-provider-radio-ljubuski wp-block-embed-radio-ljubuski\"><div class=\"wp-block-embed__wrapper\">\n<blockquote class=\"wp-embedded-content\" data-secret=\"SaGrEjtdVs\"><a href=\"https:\/\/radioljubuski.ba\/index.php\/2022\/09\/19\/pasalic-srce-mi-kuca-za-hrvatsku-fruk-zasluzujemo-biti-na-euru\/\">Pa\u0161ali\u0107: Srce mi kuca za Hrvatsku; Fruk: Zaslu\u017eujemo biti na Euru<\/a><\/blockquote><iframe loading=\"lazy\" class=\"wp-embedded-content\" sandbox=\"allow-scripts\" security=\"restricted\" style=\"position: absolute; clip: rect(1px, 1px, 1px, 1px);\" title=\"&#8220;Pa\u0161ali\u0107: Srce mi kuca za Hrvatsku; Fruk: Zaslu\u017eujemo biti na Euru&#8221; &#8212;   RADIO LJUBU\u0160KI\" src=\"https:\/\/radioljubuski.ba\/index.php\/2022\/09\/19\/pasalic-srce-mi-kuca-za-hrvatsku-fruk-zasluzujemo-biti-na-euru\/embed\/#?secret=TkQZj1XK79#?secret=SaGrEjtdVs\" data-secret=\"SaGrEjtdVs\" width=\"600\" height=\"338\" frameborder=\"0\" marginwidth=\"0\" marginheight=\"0\" scrolling=\"no\"><\/iframe>\n<\/div><\/figure>\n\n\n\n<p>Hrvatska bi s dvije pobjede osigurala prvo mjesto i plasman na zavr\u0161ni turnir Lige nacija koji je na rasporedu u lipnju idu\u0107e godine. Hrvatska do &#8220;Final Foura&#8221; mo\u017ee i u drugim kombinacijama, a bod joj je potreban da bi sigurno izbjegla posljednje mjesto koje vodi u Ligu B.<\/p>\n\n\n\n<figure class=\"wp-block-embed is-type-wp-embed is-provider-radio-ljubuski wp-block-embed-radio-ljubuski\"><div class=\"wp-block-embed__wrapper\">\n<blockquote class=\"wp-embedded-content\" data-secret=\"ZfAMfLhyW5\"><a href=\"https:\/\/radioljubuski.ba\/index.php\/2022\/09\/19\/pogledajte-kako-je-izgledao-prvi-trening-vatrenih-uoci-lige-nacija\/\">Pogledajte kako je izgledao prvi trening Vatrenih uo\u010di Lige nacija<\/a><\/blockquote><iframe loading=\"lazy\" class=\"wp-embedded-content\" sandbox=\"allow-scripts\" security=\"restricted\" style=\"position: absolute; clip: rect(1px, 1px, 1px, 1px);\" title=\"&#8220;Pogledajte kako je izgledao prvi trening Vatrenih uo\u010di Lige nacija&#8221; &#8212;   RADIO LJUBU\u0160KI\" src=\"https:\/\/radioljubuski.ba\/index.php\/2022\/09\/19\/pogledajte-kako-je-izgledao-prvi-trening-vatrenih-uoci-lige-nacija\/embed\/#?secret=7zh5e69nRc#?secret=ZfAMfLhyW5\" data-secret=\"ZfAMfLhyW5\" width=\"600\" height=\"338\" frameborder=\"0\" marginwidth=\"0\" marginheight=\"0\" scrolling=\"no\"><\/iframe>\n<\/div><\/figure>\n\n\n\n<p>Izvor:hrt.hr<\/p>\n","protected":false},"excerpt":{"rendered":"<p>Svjetski doprvaci okupili su se danas u Zagrebu, gdje su odradili prvi trening na Maksimiru. Vatreni \u0107e najprije ugostiti Dansku na Maksimiru 22. rujna (20.45 sati), a protiv Austrije igrat \u0107e tri dana poslije na stadionu Ernst Happel u Be\u010du (20.45 sati). Izbornik&nbsp;Zlatko Dali\u0107&nbsp;pozvao je za ovu akciju 25 igra\u010da, uz sedam pretpoziva Program nacionalne [&hellip;]<\/p>\n","protected":false},"author":2,"featured_media":181964,"comment_status":"closed","ping_status":"closed","sticky":false,"template":"","format":"standard","meta":{"h5ap_radio_sources":[],"footnotes":""},"categories":[7],"tags":[],"class_list":["post-181963","post","type-post","status-publish","format-standard","has-post-thumbnail","hentry","category-sport"],"yoast_head":"<!-- This site is optimized with the Yoast SEO plugin v27.4 - https:\/\/yoast.com\/product\/yoast-seo-wordpress\/ -->\n<title>Evo \u0161to Vatrene o\u010dekuje tijekom rujanskog okupljanja - RADIO LJUBU\u0160KI<\/title>\n<meta name=\"robots\" content=\"index, follow, max-snippet:-1, max-image-preview:large, max-video-preview:-1\" \/>\n<link rel=\"canonical\" href=\"https:\/\/radioljubuski.ba\/index.php\/2022\/09\/19\/evo-sto-vatrene-ocekuje-tijekom-rujanskog-okupljanja\/\" \/>\n<meta property=\"og:locale\" content=\"hr_HR\" \/>\n<meta property=\"og:type\" content=\"article\" \/>\n<meta property=\"og:title\" content=\"Evo \u0161to Vatrene o\u010dekuje tijekom rujanskog okupljanja - RADIO LJUBU\u0160KI\" \/>\n<meta property=\"og:description\" content=\"Svjetski doprvaci okupili su se danas u Zagrebu, gdje su odradili prvi trening na Maksimiru. Vatreni \u0107e najprije ugostiti Dansku na Maksimiru 22. rujna (20.45 sati), a protiv Austrije igrat \u0107e tri dana poslije na stadionu Ernst Happel u Be\u010du (20.45 sati). Izbornik&nbsp;Zlatko Dali\u0107&nbsp;pozvao je za ovu akciju 25 igra\u010da, uz sedam pretpoziva Program nacionalne [&hellip;]\" \/>\n<meta property=\"og:url\" content=\"https:\/\/radioljubuski.ba\/index.php\/2022\/09\/19\/evo-sto-vatrene-ocekuje-tijekom-rujanskog-okupljanja\/\" \/>\n<meta property=\"og:site_name\" content=\"RADIO LJUBU\u0160KI\" \/>\n<meta property=\"article:publisher\" content=\"https:\/\/www.facebook.com\/Radiio-Ljubuski-1490835324566332\" \/>\n<meta property=\"article:published_time\" content=\"2022-09-19T22:33:30+00:00\" \/>\n<meta property=\"og:image\" content=\"https:\/\/radioljubuski.ba\/wp-content\/uploads\/2022\/09\/dalic-z-pxl-190922-95754190-20220919193533.jpg\" \/>\n\t<meta property=\"og:image:width\" content=\"1600\" \/>\n\t<meta property=\"og:image:height\" content=\"1072\" \/>\n\t<meta property=\"og:image:type\" content=\"image\/jpeg\" \/>\n<meta name=\"author\" content=\"Radio Ljubu\u0161ki\" \/>\n<meta name=\"twitter:card\" content=\"summary_large_image\" \/>\n<meta name=\"twitter:creator\" content=\"@radioljubuski\" \/>\n<meta name=\"twitter:site\" content=\"@radioljubuski\" \/>\n<meta name=\"twitter:label1\" content=\"Napisao\/la\" \/>\n\t<meta name=\"twitter:data1\" content=\"Radio Ljubu\u0161ki\" \/>\n\t<meta name=\"twitter:label2\" content=\"Procijenjeno vrijeme \u010ditanja\" \/>\n\t<meta name=\"twitter:data2\" content=\"1 minuta\" \/>\n<script type=\"application\/ld+json\" class=\"yoast-schema-graph\">{\"@context\":\"https:\\\/\\\/schema.org\",\"@graph\":[{\"@type\":\"Article\",\"@id\":\"https:\\\/\\\/radioljubuski.ba\\\/index.php\\\/2022\\\/09\\\/19\\\/evo-sto-vatrene-ocekuje-tijekom-rujanskog-okupljanja\\\/#article\",\"isPartOf\":{\"@id\":\"https:\\\/\\\/radioljubuski.ba\\\/index.php\\\/2022\\\/09\\\/19\\\/evo-sto-vatrene-ocekuje-tijekom-rujanskog-okupljanja\\\/\"},\"author\":{\"name\":\"Radio Ljubu\u0161ki\",\"@id\":\"https:\\\/\\\/radioljubuski.ba\\\/#\\\/schema\\\/person\\\/19fc700381a780f69665d7956c469e3b\"},\"headline\":\"Evo \u0161to Vatrene o\u010dekuje tijekom rujanskog okupljanja\",\"datePublished\":\"2022-09-19T22:33:30+00:00\",\"mainEntityOfPage\":{\"@id\":\"https:\\\/\\\/radioljubuski.ba\\\/index.php\\\/2022\\\/09\\\/19\\\/evo-sto-vatrene-ocekuje-tijekom-rujanskog-okupljanja\\\/\"},\"wordCount\":247,\"publisher\":{\"@id\":\"https:\\\/\\\/radioljubuski.ba\\\/#organization\"},\"image\":{\"@id\":\"https:\\\/\\\/radioljubuski.ba\\\/index.php\\\/2022\\\/09\\\/19\\\/evo-sto-vatrene-ocekuje-tijekom-rujanskog-okupljanja\\\/#primaryimage\"},\"thumbnailUrl\":\"https:\\\/\\\/radioljubuski.ba\\\/wp-content\\\/uploads\\\/2022\\\/09\\\/dalic-z-pxl-190922-95754190-20220919193533.jpg\",\"articleSection\":[\"\u0160port\"],\"inLanguage\":\"hr\"},{\"@type\":\"WebPage\",\"@id\":\"https:\\\/\\\/radioljubuski.ba\\\/index.php\\\/2022\\\/09\\\/19\\\/evo-sto-vatrene-ocekuje-tijekom-rujanskog-okupljanja\\\/\",\"url\":\"https:\\\/\\\/radioljubuski.ba\\\/index.php\\\/2022\\\/09\\\/19\\\/evo-sto-vatrene-ocekuje-tijekom-rujanskog-okupljanja\\\/\",\"name\":\"Evo \u0161to Vatrene o\u010dekuje tijekom rujanskog okupljanja - RADIO LJUBU\u0160KI\",\"isPartOf\":{\"@id\":\"https:\\\/\\\/radioljubuski.ba\\\/#website\"},\"primaryImageOfPage\":{\"@id\":\"https:\\\/\\\/radioljubuski.ba\\\/index.php\\\/2022\\\/09\\\/19\\\/evo-sto-vatrene-ocekuje-tijekom-rujanskog-okupljanja\\\/#primaryimage\"},\"image\":{\"@id\":\"https:\\\/\\\/radioljubuski.ba\\\/index.php\\\/2022\\\/09\\\/19\\\/evo-sto-vatrene-ocekuje-tijekom-rujanskog-okupljanja\\\/#primaryimage\"},\"thumbnailUrl\":\"https:\\\/\\\/radioljubuski.ba\\\/wp-content\\\/uploads\\\/2022\\\/09\\\/dalic-z-pxl-190922-95754190-20220919193533.jpg\",\"datePublished\":\"2022-09-19T22:33:30+00:00\",\"breadcrumb\":{\"@id\":\"https:\\\/\\\/radioljubuski.ba\\\/index.php\\\/2022\\\/09\\\/19\\\/evo-sto-vatrene-ocekuje-tijekom-rujanskog-okupljanja\\\/#breadcrumb\"},\"inLanguage\":\"hr\",\"potentialAction\":[{\"@type\":\"ReadAction\",\"target\":[\"https:\\\/\\\/radioljubuski.ba\\\/index.php\\\/2022\\\/09\\\/19\\\/evo-sto-vatrene-ocekuje-tijekom-rujanskog-okupljanja\\\/\"]}]},{\"@type\":\"ImageObject\",\"inLanguage\":\"hr\",\"@id\":\"https:\\\/\\\/radioljubuski.ba\\\/index.php\\\/2022\\\/09\\\/19\\\/evo-sto-vatrene-ocekuje-tijekom-rujanskog-okupljanja\\\/#primaryimage\",\"url\":\"https:\\\/\\\/radioljubuski.ba\\\/wp-content\\\/uploads\\\/2022\\\/09\\\/dalic-z-pxl-190922-95754190-20220919193533.jpg\",\"contentUrl\":\"https:\\\/\\\/radioljubuski.ba\\\/wp-content\\\/uploads\\\/2022\\\/09\\\/dalic-z-pxl-190922-95754190-20220919193533.jpg\",\"width\":1600,\"height\":1072,\"caption\":\"19.09.2022., Zagreb - Maksimir. Trening hrvatske nogometne reprezentacije uoci posljednje dvije utakmice u natjecanju po skupinama Lige nacija sa Danskom i Austrijom. Photo: Sanjin Strukic\\\/PIXSELL\"},{\"@type\":\"BreadcrumbList\",\"@id\":\"https:\\\/\\\/radioljubuski.ba\\\/index.php\\\/2022\\\/09\\\/19\\\/evo-sto-vatrene-ocekuje-tijekom-rujanskog-okupljanja\\\/#breadcrumb\",\"itemListElement\":[{\"@type\":\"ListItem\",\"position\":1,\"name\":\"Po\u010detna stranica\",\"item\":\"https:\\\/\\\/radioljubuski.ba\\\/\"},{\"@type\":\"ListItem\",\"position\":2,\"name\":\"Evo \u0161to Vatrene o\u010dekuje tijekom rujanskog okupljanja\"}]},{\"@type\":\"WebSite\",\"@id\":\"https:\\\/\\\/radioljubuski.ba\\\/#website\",\"url\":\"https:\\\/\\\/radioljubuski.ba\\\/\",\"name\":\"Radio Ljubu\u0161ki\",\"description\":\"Sun\u010dana frekvencija Hercegovine\",\"publisher\":{\"@id\":\"https:\\\/\\\/radioljubuski.ba\\\/#organization\"},\"potentialAction\":[{\"@type\":\"SearchAction\",\"target\":{\"@type\":\"EntryPoint\",\"urlTemplate\":\"https:\\\/\\\/radioljubuski.ba\\\/?s={search_term_string}\"},\"query-input\":{\"@type\":\"PropertyValueSpecification\",\"valueRequired\":true,\"valueName\":\"search_term_string\"}}],\"inLanguage\":\"hr\"},{\"@type\":\"Organization\",\"@id\":\"https:\\\/\\\/radioljubuski.ba\\\/#organization\",\"name\":\"Radio Ljubu\u0161ki\",\"url\":\"https:\\\/\\\/radioljubuski.ba\\\/\",\"logo\":{\"@type\":\"ImageObject\",\"inLanguage\":\"hr\",\"@id\":\"https:\\\/\\\/radioljubuski.ba\\\/#\\\/schema\\\/logo\\\/image\\\/\",\"url\":\"https:\\\/\\\/radioljubuski.ba\\\/wp-content\\\/uploads\\\/2021\\\/02\\\/cropped-Radio_Ljubuski_logo1.jpg\",\"contentUrl\":\"https:\\\/\\\/radioljubuski.ba\\\/wp-content\\\/uploads\\\/2021\\\/02\\\/cropped-Radio_Ljubuski_logo1.jpg\",\"width\":512,\"height\":512,\"caption\":\"Radio Ljubu\u0161ki\"},\"image\":{\"@id\":\"https:\\\/\\\/radioljubuski.ba\\\/#\\\/schema\\\/logo\\\/image\\\/\"},\"sameAs\":[\"https:\\\/\\\/www.facebook.com\\\/Radiio-Ljubuski-1490835324566332\",\"https:\\\/\\\/x.com\\\/radioljubuski\",\"https:\\\/\\\/hr.linkedin.com\\\/company\\\/radio-ljubuski\",\"https:\\\/\\\/www.youtube.com\\\/channel\\\/UCHYaeO_n0Db3tjNGudGpXyw\"]},{\"@type\":\"Person\",\"@id\":\"https:\\\/\\\/radioljubuski.ba\\\/#\\\/schema\\\/person\\\/19fc700381a780f69665d7956c469e3b\",\"name\":\"Radio Ljubu\u0161ki\"}]}<\/script>\n<!-- \/ Yoast SEO plugin. -->","yoast_head_json":{"title":"Evo \u0161to Vatrene o\u010dekuje tijekom rujanskog okupljanja - RADIO LJUBU\u0160KI","robots":{"index":"index","follow":"follow","max-snippet":"max-snippet:-1","max-image-preview":"max-image-preview:large","max-video-preview":"max-video-preview:-1"},"canonical":"https:\/\/radioljubuski.ba\/index.php\/2022\/09\/19\/evo-sto-vatrene-ocekuje-tijekom-rujanskog-okupljanja\/","og_locale":"hr_HR","og_type":"article","og_title":"Evo \u0161to Vatrene o\u010dekuje tijekom rujanskog okupljanja - RADIO LJUBU\u0160KI","og_description":"Svjetski doprvaci okupili su se danas u Zagrebu, gdje su odradili prvi trening na Maksimiru. Vatreni \u0107e najprije ugostiti Dansku na Maksimiru 22. rujna (20.45 sati), a protiv Austrije igrat \u0107e tri dana poslije na stadionu Ernst Happel u Be\u010du (20.45 sati). Izbornik&nbsp;Zlatko Dali\u0107&nbsp;pozvao je za ovu akciju 25 igra\u010da, uz sedam pretpoziva Program nacionalne [&hellip;]","og_url":"https:\/\/radioljubuski.ba\/index.php\/2022\/09\/19\/evo-sto-vatrene-ocekuje-tijekom-rujanskog-okupljanja\/","og_site_name":"RADIO LJUBU\u0160KI","article_publisher":"https:\/\/www.facebook.com\/Radiio-Ljubuski-1490835324566332","article_published_time":"2022-09-19T22:33:30+00:00","og_image":[{"width":1600,"height":1072,"url":"https:\/\/radioljubuski.ba\/wp-content\/uploads\/2022\/09\/dalic-z-pxl-190922-95754190-20220919193533.jpg","type":"image\/jpeg"}],"author":"Radio Ljubu\u0161ki","twitter_card":"summary_large_image","twitter_creator":"@radioljubuski","twitter_site":"@radioljubuski","twitter_misc":{"Napisao\/la":"Radio Ljubu\u0161ki","Procijenjeno vrijeme \u010ditanja":"1 minuta"},"schema":{"@context":"https:\/\/schema.org","@graph":[{"@type":"Article","@id":"https:\/\/radioljubuski.ba\/index.php\/2022\/09\/19\/evo-sto-vatrene-ocekuje-tijekom-rujanskog-okupljanja\/#article","isPartOf":{"@id":"https:\/\/radioljubuski.ba\/index.php\/2022\/09\/19\/evo-sto-vatrene-ocekuje-tijekom-rujanskog-okupljanja\/"},"author":{"name":"Radio Ljubu\u0161ki","@id":"https:\/\/radioljubuski.ba\/#\/schema\/person\/19fc700381a780f69665d7956c469e3b"},"headline":"Evo \u0161to Vatrene o\u010dekuje tijekom rujanskog okupljanja","datePublished":"2022-09-19T22:33:30+00:00","mainEntityOfPage":{"@id":"https:\/\/radioljubuski.ba\/index.php\/2022\/09\/19\/evo-sto-vatrene-ocekuje-tijekom-rujanskog-okupljanja\/"},"wordCount":247,"publisher":{"@id":"https:\/\/radioljubuski.ba\/#organization"},"image":{"@id":"https:\/\/radioljubuski.ba\/index.php\/2022\/09\/19\/evo-sto-vatrene-ocekuje-tijekom-rujanskog-okupljanja\/#primaryimage"},"thumbnailUrl":"https:\/\/radioljubuski.ba\/wp-content\/uploads\/2022\/09\/dalic-z-pxl-190922-95754190-20220919193533.jpg","articleSection":["\u0160port"],"inLanguage":"hr"},{"@type":"WebPage","@id":"https:\/\/radioljubuski.ba\/index.php\/2022\/09\/19\/evo-sto-vatrene-ocekuje-tijekom-rujanskog-okupljanja\/","url":"https:\/\/radioljubuski.ba\/index.php\/2022\/09\/19\/evo-sto-vatrene-ocekuje-tijekom-rujanskog-okupljanja\/","name":"Evo \u0161to Vatrene o\u010dekuje tijekom rujanskog okupljanja - RADIO LJUBU\u0160KI","isPartOf":{"@id":"https:\/\/radioljubuski.ba\/#website"},"primaryImageOfPage":{"@id":"https:\/\/radioljubuski.ba\/index.php\/2022\/09\/19\/evo-sto-vatrene-ocekuje-tijekom-rujanskog-okupljanja\/#primaryimage"},"image":{"@id":"https:\/\/radioljubuski.ba\/index.php\/2022\/09\/19\/evo-sto-vatrene-ocekuje-tijekom-rujanskog-okupljanja\/#primaryimage"},"thumbnailUrl":"https:\/\/radioljubuski.ba\/wp-content\/uploads\/2022\/09\/dalic-z-pxl-190922-95754190-20220919193533.jpg","datePublished":"2022-09-19T22:33:30+00:00","breadcrumb":{"@id":"https:\/\/radioljubuski.ba\/index.php\/2022\/09\/19\/evo-sto-vatrene-ocekuje-tijekom-rujanskog-okupljanja\/#breadcrumb"},"inLanguage":"hr","potentialAction":[{"@type":"ReadAction","target":["https:\/\/radioljubuski.ba\/index.php\/2022\/09\/19\/evo-sto-vatrene-ocekuje-tijekom-rujanskog-okupljanja\/"]}]},{"@type":"ImageObject","inLanguage":"hr","@id":"https:\/\/radioljubuski.ba\/index.php\/2022\/09\/19\/evo-sto-vatrene-ocekuje-tijekom-rujanskog-okupljanja\/#primaryimage","url":"https:\/\/radioljubuski.ba\/wp-content\/uploads\/2022\/09\/dalic-z-pxl-190922-95754190-20220919193533.jpg","contentUrl":"https:\/\/radioljubuski.ba\/wp-content\/uploads\/2022\/09\/dalic-z-pxl-190922-95754190-20220919193533.jpg","width":1600,"height":1072,"caption":"19.09.2022., Zagreb - Maksimir. Trening hrvatske nogometne reprezentacije uoci posljednje dvije utakmice u natjecanju po skupinama Lige nacija sa Danskom i Austrijom. Photo: Sanjin Strukic\/PIXSELL"},{"@type":"BreadcrumbList","@id":"https:\/\/radioljubuski.ba\/index.php\/2022\/09\/19\/evo-sto-vatrene-ocekuje-tijekom-rujanskog-okupljanja\/#breadcrumb","itemListElement":[{"@type":"ListItem","position":1,"name":"Po\u010detna stranica","item":"https:\/\/radioljubuski.ba\/"},{"@type":"ListItem","position":2,"name":"Evo \u0161to Vatrene o\u010dekuje tijekom rujanskog okupljanja"}]},{"@type":"WebSite","@id":"https:\/\/radioljubuski.ba\/#website","url":"https:\/\/radioljubuski.ba\/","name":"Radio Ljubu\u0161ki","description":"Sun\u010dana frekvencija Hercegovine","publisher":{"@id":"https:\/\/radioljubuski.ba\/#organization"},"potentialAction":[{"@type":"SearchAction","target":{"@type":"EntryPoint","urlTemplate":"https:\/\/radioljubuski.ba\/?s={search_term_string}"},"query-input":{"@type":"PropertyValueSpecification","valueRequired":true,"valueName":"search_term_string"}}],"inLanguage":"hr"},{"@type":"Organization","@id":"https:\/\/radioljubuski.ba\/#organization","name":"Radio Ljubu\u0161ki","url":"https:\/\/radioljubuski.ba\/","logo":{"@type":"ImageObject","inLanguage":"hr","@id":"https:\/\/radioljubuski.ba\/#\/schema\/logo\/image\/","url":"https:\/\/radioljubuski.ba\/wp-content\/uploads\/2021\/02\/cropped-Radio_Ljubuski_logo1.jpg","contentUrl":"https:\/\/radioljubuski.ba\/wp-content\/uploads\/2021\/02\/cropped-Radio_Ljubuski_logo1.jpg","width":512,"height":512,"caption":"Radio Ljubu\u0161ki"},"image":{"@id":"https:\/\/radioljubuski.ba\/#\/schema\/logo\/image\/"},"sameAs":["https:\/\/www.facebook.com\/Radiio-Ljubuski-1490835324566332","https:\/\/x.com\/radioljubuski","https:\/\/hr.linkedin.com\/company\/radio-ljubuski","https:\/\/www.youtube.com\/channel\/UCHYaeO_n0Db3tjNGudGpXyw"]},{"@type":"Person","@id":"https:\/\/radioljubuski.ba\/#\/schema\/person\/19fc700381a780f69665d7956c469e3b","name":"Radio Ljubu\u0161ki"}]}},"_links":{"self":[{"href":"https:\/\/radioljubuski.ba\/index.php\/wp-json\/wp\/v2\/posts\/181963","targetHints":{"allow":["GET"]}}],"collection":[{"href":"https:\/\/radioljubuski.ba\/index.php\/wp-json\/wp\/v2\/posts"}],"about":[{"href":"https:\/\/radioljubuski.ba\/index.php\/wp-json\/wp\/v2\/types\/post"}],"author":[{"embeddable":true,"href":"https:\/\/radioljubuski.ba\/index.php\/wp-json\/wp\/v2\/users\/2"}],"replies":[{"embeddable":true,"href":"https:\/\/radioljubuski.ba\/index.php\/wp-json\/wp\/v2\/comments?post=181963"}],"version-history":[{"count":1,"href":"https:\/\/radioljubuski.ba\/index.php\/wp-json\/wp\/v2\/posts\/181963\/revisions"}],"predecessor-version":[{"id":181965,"href":"https:\/\/radioljubuski.ba\/index.php\/wp-json\/wp\/v2\/posts\/181963\/revisions\/181965"}],"wp:featuredmedia":[{"embeddable":true,"href":"https:\/\/radioljubuski.ba\/index.php\/wp-json\/wp\/v2\/media\/181964"}],"wp:attachment":[{"href":"https:\/\/radioljubuski.ba\/index.php\/wp-json\/wp\/v2\/media?parent=181963"}],"wp:term":[{"taxonomy":"category","embeddable":true,"href":"https:\/\/radioljubuski.ba\/index.php\/wp-json\/wp\/v2\/categories?post=181963"},{"taxonomy":"post_tag","embeddable":true,"href":"https:\/\/radioljubuski.ba\/index.php\/wp-json\/wp\/v2\/tags?post=181963"}],"curies":[{"name":"wp","href":"https:\/\/api.w.org\/{rel}","templated":true}]}}