{"id":181972,"date":"2022-09-19T23:40:15","date_gmt":"2022-09-19T22:40:15","guid":{"rendered":"https:\/\/radioljubuski.ba\/?p=181972"},"modified":"2022-09-19T23:40:16","modified_gmt":"2022-09-19T22:40:16","slug":"velez-i-sarajevo-remizirali-s-tribina-gadali-fedu-dudica","status":"publish","type":"post","link":"https:\/\/radioljubuski.ba\/index.php\/2022\/09\/19\/velez-i-sarajevo-remizirali-s-tribina-gadali-fedu-dudica\/","title":{"rendered":"Vele\u017e i Sarajevo remizirali, s tribina ga\u0111ali Fe\u0111u Dudi\u0107a"},"content":{"rendered":"\n<p>Mostarski Vele\u017e i Sarajevo podijelili su bodove u derbiju i posljednjoj utakmici 11. kola Premijer lige. Vele\u017e je poveo golom D\u017eenana Zajmovi\u0107a u 55. minuti, a Sarajevo izjedna\u010dilo dvadeset minuta kasnije preko Ivana Iki\u0107a.<\/p>\n\n\n\n<p>Za obje ekipe ovo je bila druga uzastopna nerije\u0161ena utakmica, ali za pobjedom mogu vi\u0161e \u017ealiti doma\u0107i koji su bili bolja mom\u010dad, osim pred kraj utakmice kada im je ponestalo snage.<\/p>\n\n\n\n<p>Ina\u010de, ovo je bio prvi susret novog trenera Sarajeva Fe\u0111e Dudi\u0107a sa svojim biv\u0161im timom. U Gabeli je bilo i prili\u010dno burno, pogotovo nakon gola Sarajeva jer su doma\u0107i navija\u010di smatrali da je pogotku prethodio prekr\u0161aj na Vele\u017eovom igra\u010du.<\/p>\n\n\n\n<p>Uslijedilo je kome\u0161anje na tribinama, a jedan predmet ba\u010den je i prema samom Dudi\u0107u. I sudac Irfan Peljto imao je puno posla, pa je podijelio \u010dak devet \u017eutih kartona.<\/p>\n\n\n\n<p>Ovo bi trebala biti posljednja Vele\u017eova doma\u0107a utakmica u Gabeli, jer bi njihov stadion trebao biti gotov do sljede\u0107eg kola koje je na rasporedu poslije prvenstvene stanke.<\/p>\n\n\n\n<p>Izvor:pogled.ba<\/p>\n","protected":false},"excerpt":{"rendered":"<p>Mostarski Vele\u017e i Sarajevo podijelili su bodove u derbiju i posljednjoj utakmici 11. kola Premijer lige. Vele\u017e je poveo golom D\u017eenana Zajmovi\u0107a u 55. minuti, a Sarajevo izjedna\u010dilo dvadeset minuta kasnije preko Ivana Iki\u0107a. Za obje ekipe ovo je bila druga uzastopna nerije\u0161ena utakmica, ali za pobjedom mogu vi\u0161e \u017ealiti doma\u0107i koji su bili bolja [&hellip;]<\/p>\n","protected":false},"author":2,"featured_media":181973,"comment_status":"closed","ping_status":"closed","sticky":false,"template":"","format":"standard","meta":{"h5ap_radio_sources":[],"footnotes":""},"categories":[7],"tags":[],"class_list":["post-181972","post","type-post","status-publish","format-standard","has-post-thumbnail","hentry","category-sport"],"yoast_head":"<!-- This site is optimized with the Yoast SEO plugin v27.5 - https:\/\/yoast.com\/product\/yoast-seo-wordpress\/ -->\n<title>Vele\u017e i Sarajevo remizirali, s tribina ga\u0111ali Fe\u0111u Dudi\u0107a - RADIO LJUBU\u0160KI<\/title>\n<meta name=\"robots\" content=\"index, follow, max-snippet:-1, max-image-preview:large, max-video-preview:-1\" \/>\n<link rel=\"canonical\" href=\"https:\/\/radioljubuski.ba\/index.php\/2022\/09\/19\/velez-i-sarajevo-remizirali-s-tribina-gadali-fedu-dudica\/\" \/>\n<meta property=\"og:locale\" content=\"hr_HR\" \/>\n<meta property=\"og:type\" content=\"article\" \/>\n<meta property=\"og:title\" content=\"Vele\u017e i Sarajevo remizirali, s tribina ga\u0111ali Fe\u0111u Dudi\u0107a - RADIO LJUBU\u0160KI\" \/>\n<meta property=\"og:description\" content=\"Mostarski Vele\u017e i Sarajevo podijelili su bodove u derbiju i posljednjoj utakmici 11. kola Premijer lige. Vele\u017e je poveo golom D\u017eenana Zajmovi\u0107a u 55. minuti, a Sarajevo izjedna\u010dilo dvadeset minuta kasnije preko Ivana Iki\u0107a. Za obje ekipe ovo je bila druga uzastopna nerije\u0161ena utakmica, ali za pobjedom mogu vi\u0161e \u017ealiti doma\u0107i koji su bili bolja [&hellip;]\" \/>\n<meta property=\"og:url\" content=\"https:\/\/radioljubuski.ba\/index.php\/2022\/09\/19\/velez-i-sarajevo-remizirali-s-tribina-gadali-fedu-dudica\/\" \/>\n<meta property=\"og:site_name\" content=\"RADIO LJUBU\u0160KI\" \/>\n<meta property=\"article:publisher\" content=\"https:\/\/www.facebook.com\/Radiio-Ljubuski-1490835324566332\" \/>\n<meta property=\"article:published_time\" content=\"2022-09-19T22:40:15+00:00\" \/>\n<meta property=\"article:modified_time\" content=\"2022-09-19T22:40:16+00:00\" \/>\n<meta property=\"og:image\" content=\"https:\/\/radioljubuski.ba\/wp-content\/uploads\/2022\/09\/10-2022-09-19-18-06-36-Snimka-zaslona-2022-09-19-180547.jpg\" \/>\n\t<meta property=\"og:image:width\" content=\"1000\" \/>\n\t<meta property=\"og:image:height\" content=\"625\" \/>\n\t<meta property=\"og:image:type\" content=\"image\/jpeg\" \/>\n<meta name=\"author\" content=\"Radio Ljubu\u0161ki\" \/>\n<meta name=\"twitter:card\" content=\"summary_large_image\" \/>\n<meta name=\"twitter:creator\" content=\"@radioljubuski\" \/>\n<meta name=\"twitter:site\" content=\"@radioljubuski\" \/>\n<meta name=\"twitter:label1\" content=\"Napisao\/la\" \/>\n\t<meta name=\"twitter:data1\" content=\"Radio Ljubu\u0161ki\" \/>\n\t<meta name=\"twitter:label2\" content=\"Procijenjeno vrijeme \u010ditanja\" \/>\n\t<meta name=\"twitter:data2\" content=\"1 minuta\" \/>\n<script type=\"application\/ld+json\" class=\"yoast-schema-graph\">{\"@context\":\"https:\\\/\\\/schema.org\",\"@graph\":[{\"@type\":\"Article\",\"@id\":\"https:\\\/\\\/radioljubuski.ba\\\/index.php\\\/2022\\\/09\\\/19\\\/velez-i-sarajevo-remizirali-s-tribina-gadali-fedu-dudica\\\/#article\",\"isPartOf\":{\"@id\":\"https:\\\/\\\/radioljubuski.ba\\\/index.php\\\/2022\\\/09\\\/19\\\/velez-i-sarajevo-remizirali-s-tribina-gadali-fedu-dudica\\\/\"},\"author\":{\"name\":\"Radio Ljubu\u0161ki\",\"@id\":\"https:\\\/\\\/radioljubuski.ba\\\/#\\\/schema\\\/person\\\/19fc700381a780f69665d7956c469e3b\"},\"headline\":\"Vele\u017e i Sarajevo remizirali, s tribina ga\u0111ali Fe\u0111u Dudi\u0107a\",\"datePublished\":\"2022-09-19T22:40:15+00:00\",\"dateModified\":\"2022-09-19T22:40:16+00:00\",\"mainEntityOfPage\":{\"@id\":\"https:\\\/\\\/radioljubuski.ba\\\/index.php\\\/2022\\\/09\\\/19\\\/velez-i-sarajevo-remizirali-s-tribina-gadali-fedu-dudica\\\/\"},\"wordCount\":197,\"publisher\":{\"@id\":\"https:\\\/\\\/radioljubuski.ba\\\/#organization\"},\"image\":{\"@id\":\"https:\\\/\\\/radioljubuski.ba\\\/index.php\\\/2022\\\/09\\\/19\\\/velez-i-sarajevo-remizirali-s-tribina-gadali-fedu-dudica\\\/#primaryimage\"},\"thumbnailUrl\":\"https:\\\/\\\/radioljubuski.ba\\\/wp-content\\\/uploads\\\/2022\\\/09\\\/10-2022-09-19-18-06-36-Snimka-zaslona-2022-09-19-180547.jpg\",\"articleSection\":[\"\u0160port\"],\"inLanguage\":\"hr\"},{\"@type\":\"WebPage\",\"@id\":\"https:\\\/\\\/radioljubuski.ba\\\/index.php\\\/2022\\\/09\\\/19\\\/velez-i-sarajevo-remizirali-s-tribina-gadali-fedu-dudica\\\/\",\"url\":\"https:\\\/\\\/radioljubuski.ba\\\/index.php\\\/2022\\\/09\\\/19\\\/velez-i-sarajevo-remizirali-s-tribina-gadali-fedu-dudica\\\/\",\"name\":\"Vele\u017e i Sarajevo remizirali, s tribina ga\u0111ali Fe\u0111u Dudi\u0107a - RADIO LJUBU\u0160KI\",\"isPartOf\":{\"@id\":\"https:\\\/\\\/radioljubuski.ba\\\/#website\"},\"primaryImageOfPage\":{\"@id\":\"https:\\\/\\\/radioljubuski.ba\\\/index.php\\\/2022\\\/09\\\/19\\\/velez-i-sarajevo-remizirali-s-tribina-gadali-fedu-dudica\\\/#primaryimage\"},\"image\":{\"@id\":\"https:\\\/\\\/radioljubuski.ba\\\/index.php\\\/2022\\\/09\\\/19\\\/velez-i-sarajevo-remizirali-s-tribina-gadali-fedu-dudica\\\/#primaryimage\"},\"thumbnailUrl\":\"https:\\\/\\\/radioljubuski.ba\\\/wp-content\\\/uploads\\\/2022\\\/09\\\/10-2022-09-19-18-06-36-Snimka-zaslona-2022-09-19-180547.jpg\",\"datePublished\":\"2022-09-19T22:40:15+00:00\",\"dateModified\":\"2022-09-19T22:40:16+00:00\",\"breadcrumb\":{\"@id\":\"https:\\\/\\\/radioljubuski.ba\\\/index.php\\\/2022\\\/09\\\/19\\\/velez-i-sarajevo-remizirali-s-tribina-gadali-fedu-dudica\\\/#breadcrumb\"},\"inLanguage\":\"hr\",\"potentialAction\":[{\"@type\":\"ReadAction\",\"target\":[\"https:\\\/\\\/radioljubuski.ba\\\/index.php\\\/2022\\\/09\\\/19\\\/velez-i-sarajevo-remizirali-s-tribina-gadali-fedu-dudica\\\/\"]}]},{\"@type\":\"ImageObject\",\"inLanguage\":\"hr\",\"@id\":\"https:\\\/\\\/radioljubuski.ba\\\/index.php\\\/2022\\\/09\\\/19\\\/velez-i-sarajevo-remizirali-s-tribina-gadali-fedu-dudica\\\/#primaryimage\",\"url\":\"https:\\\/\\\/radioljubuski.ba\\\/wp-content\\\/uploads\\\/2022\\\/09\\\/10-2022-09-19-18-06-36-Snimka-zaslona-2022-09-19-180547.jpg\",\"contentUrl\":\"https:\\\/\\\/radioljubuski.ba\\\/wp-content\\\/uploads\\\/2022\\\/09\\\/10-2022-09-19-18-06-36-Snimka-zaslona-2022-09-19-180547.jpg\",\"width\":1000,\"height\":625},{\"@type\":\"BreadcrumbList\",\"@id\":\"https:\\\/\\\/radioljubuski.ba\\\/index.php\\\/2022\\\/09\\\/19\\\/velez-i-sarajevo-remizirali-s-tribina-gadali-fedu-dudica\\\/#breadcrumb\",\"itemListElement\":[{\"@type\":\"ListItem\",\"position\":1,\"name\":\"Po\u010detna stranica\",\"item\":\"https:\\\/\\\/radioljubuski.ba\\\/\"},{\"@type\":\"ListItem\",\"position\":2,\"name\":\"Vele\u017e i Sarajevo remizirali, s tribina ga\u0111ali Fe\u0111u Dudi\u0107a\"}]},{\"@type\":\"WebSite\",\"@id\":\"https:\\\/\\\/radioljubuski.ba\\\/#website\",\"url\":\"https:\\\/\\\/radioljubuski.ba\\\/\",\"name\":\"Radio Ljubu\u0161ki\",\"description\":\"Sun\u010dana frekvencija Hercegovine\",\"publisher\":{\"@id\":\"https:\\\/\\\/radioljubuski.ba\\\/#organization\"},\"potentialAction\":[{\"@type\":\"SearchAction\",\"target\":{\"@type\":\"EntryPoint\",\"urlTemplate\":\"https:\\\/\\\/radioljubuski.ba\\\/?s={search_term_string}\"},\"query-input\":{\"@type\":\"PropertyValueSpecification\",\"valueRequired\":true,\"valueName\":\"search_term_string\"}}],\"inLanguage\":\"hr\"},{\"@type\":\"Organization\",\"@id\":\"https:\\\/\\\/radioljubuski.ba\\\/#organization\",\"name\":\"Radio Ljubu\u0161ki\",\"url\":\"https:\\\/\\\/radioljubuski.ba\\\/\",\"logo\":{\"@type\":\"ImageObject\",\"inLanguage\":\"hr\",\"@id\":\"https:\\\/\\\/radioljubuski.ba\\\/#\\\/schema\\\/logo\\\/image\\\/\",\"url\":\"https:\\\/\\\/radioljubuski.ba\\\/wp-content\\\/uploads\\\/2021\\\/02\\\/cropped-Radio_Ljubuski_logo1.jpg\",\"contentUrl\":\"https:\\\/\\\/radioljubuski.ba\\\/wp-content\\\/uploads\\\/2021\\\/02\\\/cropped-Radio_Ljubuski_logo1.jpg\",\"width\":512,\"height\":512,\"caption\":\"Radio Ljubu\u0161ki\"},\"image\":{\"@id\":\"https:\\\/\\\/radioljubuski.ba\\\/#\\\/schema\\\/logo\\\/image\\\/\"},\"sameAs\":[\"https:\\\/\\\/www.facebook.com\\\/Radiio-Ljubuski-1490835324566332\",\"https:\\\/\\\/x.com\\\/radioljubuski\",\"https:\\\/\\\/hr.linkedin.com\\\/company\\\/radio-ljubuski\",\"https:\\\/\\\/www.youtube.com\\\/channel\\\/UCHYaeO_n0Db3tjNGudGpXyw\"]},{\"@type\":\"Person\",\"@id\":\"https:\\\/\\\/radioljubuski.ba\\\/#\\\/schema\\\/person\\\/19fc700381a780f69665d7956c469e3b\",\"name\":\"Radio Ljubu\u0161ki\"}]}<\/script>\n<!-- \/ Yoast SEO plugin. -->","yoast_head_json":{"title":"Vele\u017e i Sarajevo remizirali, s tribina ga\u0111ali Fe\u0111u Dudi\u0107a - RADIO LJUBU\u0160KI","robots":{"index":"index","follow":"follow","max-snippet":"max-snippet:-1","max-image-preview":"max-image-preview:large","max-video-preview":"max-video-preview:-1"},"canonical":"https:\/\/radioljubuski.ba\/index.php\/2022\/09\/19\/velez-i-sarajevo-remizirali-s-tribina-gadali-fedu-dudica\/","og_locale":"hr_HR","og_type":"article","og_title":"Vele\u017e i Sarajevo remizirali, s tribina ga\u0111ali Fe\u0111u Dudi\u0107a - RADIO LJUBU\u0160KI","og_description":"Mostarski Vele\u017e i Sarajevo podijelili su bodove u derbiju i posljednjoj utakmici 11. kola Premijer lige. Vele\u017e je poveo golom D\u017eenana Zajmovi\u0107a u 55. minuti, a Sarajevo izjedna\u010dilo dvadeset minuta kasnije preko Ivana Iki\u0107a. Za obje ekipe ovo je bila druga uzastopna nerije\u0161ena utakmica, ali za pobjedom mogu vi\u0161e \u017ealiti doma\u0107i koji su bili bolja [&hellip;]","og_url":"https:\/\/radioljubuski.ba\/index.php\/2022\/09\/19\/velez-i-sarajevo-remizirali-s-tribina-gadali-fedu-dudica\/","og_site_name":"RADIO LJUBU\u0160KI","article_publisher":"https:\/\/www.facebook.com\/Radiio-Ljubuski-1490835324566332","article_published_time":"2022-09-19T22:40:15+00:00","article_modified_time":"2022-09-19T22:40:16+00:00","og_image":[{"width":1000,"height":625,"url":"https:\/\/radioljubuski.ba\/wp-content\/uploads\/2022\/09\/10-2022-09-19-18-06-36-Snimka-zaslona-2022-09-19-180547.jpg","type":"image\/jpeg"}],"author":"Radio Ljubu\u0161ki","twitter_card":"summary_large_image","twitter_creator":"@radioljubuski","twitter_site":"@radioljubuski","twitter_misc":{"Napisao\/la":"Radio Ljubu\u0161ki","Procijenjeno vrijeme \u010ditanja":"1 minuta"},"schema":{"@context":"https:\/\/schema.org","@graph":[{"@type":"Article","@id":"https:\/\/radioljubuski.ba\/index.php\/2022\/09\/19\/velez-i-sarajevo-remizirali-s-tribina-gadali-fedu-dudica\/#article","isPartOf":{"@id":"https:\/\/radioljubuski.ba\/index.php\/2022\/09\/19\/velez-i-sarajevo-remizirali-s-tribina-gadali-fedu-dudica\/"},"author":{"name":"Radio Ljubu\u0161ki","@id":"https:\/\/radioljubuski.ba\/#\/schema\/person\/19fc700381a780f69665d7956c469e3b"},"headline":"Vele\u017e i Sarajevo remizirali, s tribina ga\u0111ali Fe\u0111u Dudi\u0107a","datePublished":"2022-09-19T22:40:15+00:00","dateModified":"2022-09-19T22:40:16+00:00","mainEntityOfPage":{"@id":"https:\/\/radioljubuski.ba\/index.php\/2022\/09\/19\/velez-i-sarajevo-remizirali-s-tribina-gadali-fedu-dudica\/"},"wordCount":197,"publisher":{"@id":"https:\/\/radioljubuski.ba\/#organization"},"image":{"@id":"https:\/\/radioljubuski.ba\/index.php\/2022\/09\/19\/velez-i-sarajevo-remizirali-s-tribina-gadali-fedu-dudica\/#primaryimage"},"thumbnailUrl":"https:\/\/radioljubuski.ba\/wp-content\/uploads\/2022\/09\/10-2022-09-19-18-06-36-Snimka-zaslona-2022-09-19-180547.jpg","articleSection":["\u0160port"],"inLanguage":"hr"},{"@type":"WebPage","@id":"https:\/\/radioljubuski.ba\/index.php\/2022\/09\/19\/velez-i-sarajevo-remizirali-s-tribina-gadali-fedu-dudica\/","url":"https:\/\/radioljubuski.ba\/index.php\/2022\/09\/19\/velez-i-sarajevo-remizirali-s-tribina-gadali-fedu-dudica\/","name":"Vele\u017e i Sarajevo remizirali, s tribina ga\u0111ali Fe\u0111u Dudi\u0107a - RADIO LJUBU\u0160KI","isPartOf":{"@id":"https:\/\/radioljubuski.ba\/#website"},"primaryImageOfPage":{"@id":"https:\/\/radioljubuski.ba\/index.php\/2022\/09\/19\/velez-i-sarajevo-remizirali-s-tribina-gadali-fedu-dudica\/#primaryimage"},"image":{"@id":"https:\/\/radioljubuski.ba\/index.php\/2022\/09\/19\/velez-i-sarajevo-remizirali-s-tribina-gadali-fedu-dudica\/#primaryimage"},"thumbnailUrl":"https:\/\/radioljubuski.ba\/wp-content\/uploads\/2022\/09\/10-2022-09-19-18-06-36-Snimka-zaslona-2022-09-19-180547.jpg","datePublished":"2022-09-19T22:40:15+00:00","dateModified":"2022-09-19T22:40:16+00:00","breadcrumb":{"@id":"https:\/\/radioljubuski.ba\/index.php\/2022\/09\/19\/velez-i-sarajevo-remizirali-s-tribina-gadali-fedu-dudica\/#breadcrumb"},"inLanguage":"hr","potentialAction":[{"@type":"ReadAction","target":["https:\/\/radioljubuski.ba\/index.php\/2022\/09\/19\/velez-i-sarajevo-remizirali-s-tribina-gadali-fedu-dudica\/"]}]},{"@type":"ImageObject","inLanguage":"hr","@id":"https:\/\/radioljubuski.ba\/index.php\/2022\/09\/19\/velez-i-sarajevo-remizirali-s-tribina-gadali-fedu-dudica\/#primaryimage","url":"https:\/\/radioljubuski.ba\/wp-content\/uploads\/2022\/09\/10-2022-09-19-18-06-36-Snimka-zaslona-2022-09-19-180547.jpg","contentUrl":"https:\/\/radioljubuski.ba\/wp-content\/uploads\/2022\/09\/10-2022-09-19-18-06-36-Snimka-zaslona-2022-09-19-180547.jpg","width":1000,"height":625},{"@type":"BreadcrumbList","@id":"https:\/\/radioljubuski.ba\/index.php\/2022\/09\/19\/velez-i-sarajevo-remizirali-s-tribina-gadali-fedu-dudica\/#breadcrumb","itemListElement":[{"@type":"ListItem","position":1,"name":"Po\u010detna stranica","item":"https:\/\/radioljubuski.ba\/"},{"@type":"ListItem","position":2,"name":"Vele\u017e i Sarajevo remizirali, s tribina ga\u0111ali Fe\u0111u Dudi\u0107a"}]},{"@type":"WebSite","@id":"https:\/\/radioljubuski.ba\/#website","url":"https:\/\/radioljubuski.ba\/","name":"Radio Ljubu\u0161ki","description":"Sun\u010dana frekvencija Hercegovine","publisher":{"@id":"https:\/\/radioljubuski.ba\/#organization"},"potentialAction":[{"@type":"SearchAction","target":{"@type":"EntryPoint","urlTemplate":"https:\/\/radioljubuski.ba\/?s={search_term_string}"},"query-input":{"@type":"PropertyValueSpecification","valueRequired":true,"valueName":"search_term_string"}}],"inLanguage":"hr"},{"@type":"Organization","@id":"https:\/\/radioljubuski.ba\/#organization","name":"Radio Ljubu\u0161ki","url":"https:\/\/radioljubuski.ba\/","logo":{"@type":"ImageObject","inLanguage":"hr","@id":"https:\/\/radioljubuski.ba\/#\/schema\/logo\/image\/","url":"https:\/\/radioljubuski.ba\/wp-content\/uploads\/2021\/02\/cropped-Radio_Ljubuski_logo1.jpg","contentUrl":"https:\/\/radioljubuski.ba\/wp-content\/uploads\/2021\/02\/cropped-Radio_Ljubuski_logo1.jpg","width":512,"height":512,"caption":"Radio Ljubu\u0161ki"},"image":{"@id":"https:\/\/radioljubuski.ba\/#\/schema\/logo\/image\/"},"sameAs":["https:\/\/www.facebook.com\/Radiio-Ljubuski-1490835324566332","https:\/\/x.com\/radioljubuski","https:\/\/hr.linkedin.com\/company\/radio-ljubuski","https:\/\/www.youtube.com\/channel\/UCHYaeO_n0Db3tjNGudGpXyw"]},{"@type":"Person","@id":"https:\/\/radioljubuski.ba\/#\/schema\/person\/19fc700381a780f69665d7956c469e3b","name":"Radio Ljubu\u0161ki"}]}},"_links":{"self":[{"href":"https:\/\/radioljubuski.ba\/index.php\/wp-json\/wp\/v2\/posts\/181972","targetHints":{"allow":["GET"]}}],"collection":[{"href":"https:\/\/radioljubuski.ba\/index.php\/wp-json\/wp\/v2\/posts"}],"about":[{"href":"https:\/\/radioljubuski.ba\/index.php\/wp-json\/wp\/v2\/types\/post"}],"author":[{"embeddable":true,"href":"https:\/\/radioljubuski.ba\/index.php\/wp-json\/wp\/v2\/users\/2"}],"replies":[{"embeddable":true,"href":"https:\/\/radioljubuski.ba\/index.php\/wp-json\/wp\/v2\/comments?post=181972"}],"version-history":[{"count":1,"href":"https:\/\/radioljubuski.ba\/index.php\/wp-json\/wp\/v2\/posts\/181972\/revisions"}],"predecessor-version":[{"id":181974,"href":"https:\/\/radioljubuski.ba\/index.php\/wp-json\/wp\/v2\/posts\/181972\/revisions\/181974"}],"wp:featuredmedia":[{"embeddable":true,"href":"https:\/\/radioljubuski.ba\/index.php\/wp-json\/wp\/v2\/media\/181973"}],"wp:attachment":[{"href":"https:\/\/radioljubuski.ba\/index.php\/wp-json\/wp\/v2\/media?parent=181972"}],"wp:term":[{"taxonomy":"category","embeddable":true,"href":"https:\/\/radioljubuski.ba\/index.php\/wp-json\/wp\/v2\/categories?post=181972"},{"taxonomy":"post_tag","embeddable":true,"href":"https:\/\/radioljubuski.ba\/index.php\/wp-json\/wp\/v2\/tags?post=181972"}],"curies":[{"name":"wp","href":"https:\/\/api.w.org\/{rel}","templated":true}]}}