{"id":182018,"date":"2022-09-20T10:31:01","date_gmt":"2022-09-20T09:31:01","guid":{"rendered":"https:\/\/radioljubuski.ba\/?p=182018"},"modified":"2022-09-20T10:31:03","modified_gmt":"2022-09-20T09:31:03","slug":"sip-obratite-pozornost-u-suprotnom-vas-glas-nece-vrijediti","status":"publish","type":"post","link":"https:\/\/radioljubuski.ba\/index.php\/2022\/09\/20\/sip-obratite-pozornost-u-suprotnom-vas-glas-nece-vrijediti\/","title":{"rendered":"SIP: \u201cObratite pozornost, u suprotnom va\u0161 glas ne\u0107e vrijediti\u201d"},"content":{"rendered":"\n<p><strong>U sklopu dodatne za\u0161tite integriteta izbornog procesa Sredi\u0161nje izborno povjerenstvo je uvelo nekoliko novina, a koje su propisane Pravilnikom SIP-a.<\/strong><\/p>\n\n\n\n<p>Na Op\u0107im izborima koji \u0107e se odr\u017eati u Bosni i Hercegovini 2. oktobra SIP uvodi tiskanje glasa\u010dkih listi\u0107a \u0161tambiljom s oznakom svakog posebnog bira\u010dkog mjesta, javio je Klix.<\/p>\n\n\n\n<p>Listi\u0107i \u0107e se \u0161tambiljati i potpisivati od \u010dlana bira\u010dkog odbora zadu\u017eenog za izdavanje listi\u0107a.<\/p>\n\n\n\n<p>Na taj na\u010din sprije\u010dit \u0107e se manipulacija da se u glasa\u010dkoj kutiji na\u0111e listi\u0107 koji nije izdan na tom bira\u010dkom mjestu.<\/p>\n\n\n\n<p>Va\u017eno je da glasa\u010di obrate pa\u017enju da se pri izdavanju listi\u0107i \u0161tambiljaju i potpi\u0161u od \u010dlana bira\u010dkog odbora, jer u suprotnom glas ne\u0107e vrijediti ako na listi\u0107u bude nedostajao \u0161tambilj i potpis \u010dlana bira\u010dkog odbora. Tek nakon toga bira\u010di zadu\u017euju listi\u0107 i ulaze u glasa\u010dke kabine.<\/p>\n\n\n\n<p>Tako\u0111er, tijekom procesa glasanja kabine \u0107e druga\u010dije biti okrenute nego do sada te \u0107e se vidjeti le\u0111a glasa\u010da ali \u0107e i dalje biti za\u0161ti\u0107ena tajnost glasa.<\/p>\n\n\n\n<p>Iz SIP-a su naglasili da se ovom promjenom sprje\u010dava fotografiranje i eventualne zloupotrebe zamjene izdanog listi\u0107a nekim drugim listi\u0107em.<\/p>\n\n\n\n<p>Povodom predstoje\u0107ih Op\u0107ih izbora SIP je objavio i edukativni video u kojem je obja\u0161njeno kako te\u010de proces glasanja na bira\u010dkim mjestima, odnosno koje sve korake morate pro\u0107i da bi ste obavili glasovanje.<\/p>\n\n\n\n<iframe loading=\"lazy\" title=\"Kako glasati na Op\u0107im izborima 2022. godine\" width=\"640\" height=\"360\" src=\"https:\/\/www.youtube.com\/embed\/u6eIqrfwY98?feature=oembed\" frameborder=\"0\" allow=\"accelerometer; autoplay; clipboard-write; encrypted-media; gyroscope; picture-in-picture; web-share\" referrerpolicy=\"strict-origin-when-cross-origin\" allowfullscreen><\/iframe>\n\n\n\n<p>\/HMS\/<\/p>\n","protected":false},"excerpt":{"rendered":"<p>U sklopu dodatne za\u0161tite integriteta izbornog procesa Sredi\u0161nje izborno povjerenstvo je uvelo nekoliko novina, a koje su propisane Pravilnikom SIP-a. Na Op\u0107im izborima koji \u0107e se odr\u017eati u Bosni i Hercegovini 2. oktobra SIP uvodi tiskanje glasa\u010dkih listi\u0107a \u0161tambiljom s oznakom svakog posebnog bira\u010dkog mjesta, javio je Klix. Listi\u0107i \u0107e se \u0161tambiljati i potpisivati od [&hellip;]<\/p>\n","protected":false},"author":2,"featured_media":182019,"comment_status":"closed","ping_status":"closed","sticky":false,"template":"","format":"standard","meta":{"h5ap_radio_sources":[],"footnotes":""},"categories":[1],"tags":[],"class_list":["post-182018","post","type-post","status-publish","format-standard","has-post-thumbnail","hentry","category-bihiregija"],"yoast_head":"<!-- This site is optimized with the Yoast SEO plugin v27.5 - https:\/\/yoast.com\/product\/yoast-seo-wordpress\/ -->\n<title>SIP: \u201cObratite pozornost, u suprotnom va\u0161 glas ne\u0107e vrijediti\u201d - RADIO LJUBU\u0160KI<\/title>\n<meta name=\"robots\" content=\"index, follow, max-snippet:-1, max-image-preview:large, max-video-preview:-1\" \/>\n<link rel=\"canonical\" href=\"https:\/\/radioljubuski.ba\/index.php\/2022\/09\/20\/sip-obratite-pozornost-u-suprotnom-vas-glas-nece-vrijediti\/\" \/>\n<meta property=\"og:locale\" content=\"hr_HR\" \/>\n<meta property=\"og:type\" content=\"article\" \/>\n<meta property=\"og:title\" content=\"SIP: \u201cObratite pozornost, u suprotnom va\u0161 glas ne\u0107e vrijediti\u201d - RADIO LJUBU\u0160KI\" \/>\n<meta property=\"og:description\" content=\"U sklopu dodatne za\u0161tite integriteta izbornog procesa Sredi\u0161nje izborno povjerenstvo je uvelo nekoliko novina, a koje su propisane Pravilnikom SIP-a. Na Op\u0107im izborima koji \u0107e se odr\u017eati u Bosni i Hercegovini 2. oktobra SIP uvodi tiskanje glasa\u010dkih listi\u0107a \u0161tambiljom s oznakom svakog posebnog bira\u010dkog mjesta, javio je Klix. Listi\u0107i \u0107e se \u0161tambiljati i potpisivati od [&hellip;]\" \/>\n<meta property=\"og:url\" content=\"https:\/\/radioljubuski.ba\/index.php\/2022\/09\/20\/sip-obratite-pozornost-u-suprotnom-vas-glas-nece-vrijediti\/\" \/>\n<meta property=\"og:site_name\" content=\"RADIO LJUBU\u0160KI\" \/>\n<meta property=\"article:publisher\" content=\"https:\/\/www.facebook.com\/Radiio-Ljubuski-1490835324566332\" \/>\n<meta property=\"article:published_time\" content=\"2022-09-20T09:31:01+00:00\" \/>\n<meta property=\"article:modified_time\" content=\"2022-09-20T09:31:03+00:00\" \/>\n<meta property=\"og:image\" content=\"https:\/\/radioljubuski.ba\/wp-content\/uploads\/2022\/09\/maxresdefault-36.jpg\" \/>\n\t<meta property=\"og:image:width\" content=\"1280\" \/>\n\t<meta property=\"og:image:height\" content=\"720\" \/>\n\t<meta property=\"og:image:type\" content=\"image\/jpeg\" \/>\n<meta name=\"author\" content=\"Radio Ljubu\u0161ki\" \/>\n<meta name=\"twitter:card\" content=\"summary_large_image\" \/>\n<meta name=\"twitter:creator\" content=\"@radioljubuski\" \/>\n<meta name=\"twitter:site\" content=\"@radioljubuski\" \/>\n<meta name=\"twitter:label1\" content=\"Napisao\/la\" \/>\n\t<meta name=\"twitter:data1\" content=\"Radio Ljubu\u0161ki\" \/>\n\t<meta name=\"twitter:label2\" content=\"Procijenjeno vrijeme \u010ditanja\" \/>\n\t<meta name=\"twitter:data2\" content=\"1 minuta\" \/>\n<script type=\"application\/ld+json\" class=\"yoast-schema-graph\">{\"@context\":\"https:\\\/\\\/schema.org\",\"@graph\":[{\"@type\":\"Article\",\"@id\":\"https:\\\/\\\/radioljubuski.ba\\\/index.php\\\/2022\\\/09\\\/20\\\/sip-obratite-pozornost-u-suprotnom-vas-glas-nece-vrijediti\\\/#article\",\"isPartOf\":{\"@id\":\"https:\\\/\\\/radioljubuski.ba\\\/index.php\\\/2022\\\/09\\\/20\\\/sip-obratite-pozornost-u-suprotnom-vas-glas-nece-vrijediti\\\/\"},\"author\":{\"name\":\"Radio Ljubu\u0161ki\",\"@id\":\"https:\\\/\\\/radioljubuski.ba\\\/#\\\/schema\\\/person\\\/19fc700381a780f69665d7956c469e3b\"},\"headline\":\"SIP: \u201cObratite pozornost, u suprotnom va\u0161 glas ne\u0107e vrijediti\u201d\",\"datePublished\":\"2022-09-20T09:31:01+00:00\",\"dateModified\":\"2022-09-20T09:31:03+00:00\",\"mainEntityOfPage\":{\"@id\":\"https:\\\/\\\/radioljubuski.ba\\\/index.php\\\/2022\\\/09\\\/20\\\/sip-obratite-pozornost-u-suprotnom-vas-glas-nece-vrijediti\\\/\"},\"wordCount\":267,\"publisher\":{\"@id\":\"https:\\\/\\\/radioljubuski.ba\\\/#organization\"},\"image\":{\"@id\":\"https:\\\/\\\/radioljubuski.ba\\\/index.php\\\/2022\\\/09\\\/20\\\/sip-obratite-pozornost-u-suprotnom-vas-glas-nece-vrijediti\\\/#primaryimage\"},\"thumbnailUrl\":\"https:\\\/\\\/radioljubuski.ba\\\/wp-content\\\/uploads\\\/2022\\\/09\\\/maxresdefault-36.jpg\",\"articleSection\":[\"BIH i regija\"],\"inLanguage\":\"hr\"},{\"@type\":\"WebPage\",\"@id\":\"https:\\\/\\\/radioljubuski.ba\\\/index.php\\\/2022\\\/09\\\/20\\\/sip-obratite-pozornost-u-suprotnom-vas-glas-nece-vrijediti\\\/\",\"url\":\"https:\\\/\\\/radioljubuski.ba\\\/index.php\\\/2022\\\/09\\\/20\\\/sip-obratite-pozornost-u-suprotnom-vas-glas-nece-vrijediti\\\/\",\"name\":\"SIP: \u201cObratite pozornost, u suprotnom va\u0161 glas ne\u0107e vrijediti\u201d - RADIO LJUBU\u0160KI\",\"isPartOf\":{\"@id\":\"https:\\\/\\\/radioljubuski.ba\\\/#website\"},\"primaryImageOfPage\":{\"@id\":\"https:\\\/\\\/radioljubuski.ba\\\/index.php\\\/2022\\\/09\\\/20\\\/sip-obratite-pozornost-u-suprotnom-vas-glas-nece-vrijediti\\\/#primaryimage\"},\"image\":{\"@id\":\"https:\\\/\\\/radioljubuski.ba\\\/index.php\\\/2022\\\/09\\\/20\\\/sip-obratite-pozornost-u-suprotnom-vas-glas-nece-vrijediti\\\/#primaryimage\"},\"thumbnailUrl\":\"https:\\\/\\\/radioljubuski.ba\\\/wp-content\\\/uploads\\\/2022\\\/09\\\/maxresdefault-36.jpg\",\"datePublished\":\"2022-09-20T09:31:01+00:00\",\"dateModified\":\"2022-09-20T09:31:03+00:00\",\"breadcrumb\":{\"@id\":\"https:\\\/\\\/radioljubuski.ba\\\/index.php\\\/2022\\\/09\\\/20\\\/sip-obratite-pozornost-u-suprotnom-vas-glas-nece-vrijediti\\\/#breadcrumb\"},\"inLanguage\":\"hr\",\"potentialAction\":[{\"@type\":\"ReadAction\",\"target\":[\"https:\\\/\\\/radioljubuski.ba\\\/index.php\\\/2022\\\/09\\\/20\\\/sip-obratite-pozornost-u-suprotnom-vas-glas-nece-vrijediti\\\/\"]}]},{\"@type\":\"ImageObject\",\"inLanguage\":\"hr\",\"@id\":\"https:\\\/\\\/radioljubuski.ba\\\/index.php\\\/2022\\\/09\\\/20\\\/sip-obratite-pozornost-u-suprotnom-vas-glas-nece-vrijediti\\\/#primaryimage\",\"url\":\"https:\\\/\\\/radioljubuski.ba\\\/wp-content\\\/uploads\\\/2022\\\/09\\\/maxresdefault-36.jpg\",\"contentUrl\":\"https:\\\/\\\/radioljubuski.ba\\\/wp-content\\\/uploads\\\/2022\\\/09\\\/maxresdefault-36.jpg\",\"width\":1280,\"height\":720},{\"@type\":\"BreadcrumbList\",\"@id\":\"https:\\\/\\\/radioljubuski.ba\\\/index.php\\\/2022\\\/09\\\/20\\\/sip-obratite-pozornost-u-suprotnom-vas-glas-nece-vrijediti\\\/#breadcrumb\",\"itemListElement\":[{\"@type\":\"ListItem\",\"position\":1,\"name\":\"Po\u010detna stranica\",\"item\":\"https:\\\/\\\/radioljubuski.ba\\\/\"},{\"@type\":\"ListItem\",\"position\":2,\"name\":\"SIP: \u201cObratite pozornost, u suprotnom va\u0161 glas ne\u0107e vrijediti\u201d\"}]},{\"@type\":\"WebSite\",\"@id\":\"https:\\\/\\\/radioljubuski.ba\\\/#website\",\"url\":\"https:\\\/\\\/radioljubuski.ba\\\/\",\"name\":\"Radio Ljubu\u0161ki\",\"description\":\"Sun\u010dana frekvencija Hercegovine\",\"publisher\":{\"@id\":\"https:\\\/\\\/radioljubuski.ba\\\/#organization\"},\"potentialAction\":[{\"@type\":\"SearchAction\",\"target\":{\"@type\":\"EntryPoint\",\"urlTemplate\":\"https:\\\/\\\/radioljubuski.ba\\\/?s={search_term_string}\"},\"query-input\":{\"@type\":\"PropertyValueSpecification\",\"valueRequired\":true,\"valueName\":\"search_term_string\"}}],\"inLanguage\":\"hr\"},{\"@type\":\"Organization\",\"@id\":\"https:\\\/\\\/radioljubuski.ba\\\/#organization\",\"name\":\"Radio Ljubu\u0161ki\",\"url\":\"https:\\\/\\\/radioljubuski.ba\\\/\",\"logo\":{\"@type\":\"ImageObject\",\"inLanguage\":\"hr\",\"@id\":\"https:\\\/\\\/radioljubuski.ba\\\/#\\\/schema\\\/logo\\\/image\\\/\",\"url\":\"https:\\\/\\\/radioljubuski.ba\\\/wp-content\\\/uploads\\\/2021\\\/02\\\/cropped-Radio_Ljubuski_logo1.jpg\",\"contentUrl\":\"https:\\\/\\\/radioljubuski.ba\\\/wp-content\\\/uploads\\\/2021\\\/02\\\/cropped-Radio_Ljubuski_logo1.jpg\",\"width\":512,\"height\":512,\"caption\":\"Radio Ljubu\u0161ki\"},\"image\":{\"@id\":\"https:\\\/\\\/radioljubuski.ba\\\/#\\\/schema\\\/logo\\\/image\\\/\"},\"sameAs\":[\"https:\\\/\\\/www.facebook.com\\\/Radiio-Ljubuski-1490835324566332\",\"https:\\\/\\\/x.com\\\/radioljubuski\",\"https:\\\/\\\/hr.linkedin.com\\\/company\\\/radio-ljubuski\",\"https:\\\/\\\/www.youtube.com\\\/channel\\\/UCHYaeO_n0Db3tjNGudGpXyw\"]},{\"@type\":\"Person\",\"@id\":\"https:\\\/\\\/radioljubuski.ba\\\/#\\\/schema\\\/person\\\/19fc700381a780f69665d7956c469e3b\",\"name\":\"Radio Ljubu\u0161ki\"}]}<\/script>\n<!-- \/ Yoast SEO plugin. -->","yoast_head_json":{"title":"SIP: \u201cObratite pozornost, u suprotnom va\u0161 glas ne\u0107e vrijediti\u201d - RADIO LJUBU\u0160KI","robots":{"index":"index","follow":"follow","max-snippet":"max-snippet:-1","max-image-preview":"max-image-preview:large","max-video-preview":"max-video-preview:-1"},"canonical":"https:\/\/radioljubuski.ba\/index.php\/2022\/09\/20\/sip-obratite-pozornost-u-suprotnom-vas-glas-nece-vrijediti\/","og_locale":"hr_HR","og_type":"article","og_title":"SIP: \u201cObratite pozornost, u suprotnom va\u0161 glas ne\u0107e vrijediti\u201d - RADIO LJUBU\u0160KI","og_description":"U sklopu dodatne za\u0161tite integriteta izbornog procesa Sredi\u0161nje izborno povjerenstvo je uvelo nekoliko novina, a koje su propisane Pravilnikom SIP-a. Na Op\u0107im izborima koji \u0107e se odr\u017eati u Bosni i Hercegovini 2. oktobra SIP uvodi tiskanje glasa\u010dkih listi\u0107a \u0161tambiljom s oznakom svakog posebnog bira\u010dkog mjesta, javio je Klix. Listi\u0107i \u0107e se \u0161tambiljati i potpisivati od [&hellip;]","og_url":"https:\/\/radioljubuski.ba\/index.php\/2022\/09\/20\/sip-obratite-pozornost-u-suprotnom-vas-glas-nece-vrijediti\/","og_site_name":"RADIO LJUBU\u0160KI","article_publisher":"https:\/\/www.facebook.com\/Radiio-Ljubuski-1490835324566332","article_published_time":"2022-09-20T09:31:01+00:00","article_modified_time":"2022-09-20T09:31:03+00:00","og_image":[{"width":1280,"height":720,"url":"https:\/\/radioljubuski.ba\/wp-content\/uploads\/2022\/09\/maxresdefault-36.jpg","type":"image\/jpeg"}],"author":"Radio Ljubu\u0161ki","twitter_card":"summary_large_image","twitter_creator":"@radioljubuski","twitter_site":"@radioljubuski","twitter_misc":{"Napisao\/la":"Radio Ljubu\u0161ki","Procijenjeno vrijeme \u010ditanja":"1 minuta"},"schema":{"@context":"https:\/\/schema.org","@graph":[{"@type":"Article","@id":"https:\/\/radioljubuski.ba\/index.php\/2022\/09\/20\/sip-obratite-pozornost-u-suprotnom-vas-glas-nece-vrijediti\/#article","isPartOf":{"@id":"https:\/\/radioljubuski.ba\/index.php\/2022\/09\/20\/sip-obratite-pozornost-u-suprotnom-vas-glas-nece-vrijediti\/"},"author":{"name":"Radio Ljubu\u0161ki","@id":"https:\/\/radioljubuski.ba\/#\/schema\/person\/19fc700381a780f69665d7956c469e3b"},"headline":"SIP: \u201cObratite pozornost, u suprotnom va\u0161 glas ne\u0107e vrijediti\u201d","datePublished":"2022-09-20T09:31:01+00:00","dateModified":"2022-09-20T09:31:03+00:00","mainEntityOfPage":{"@id":"https:\/\/radioljubuski.ba\/index.php\/2022\/09\/20\/sip-obratite-pozornost-u-suprotnom-vas-glas-nece-vrijediti\/"},"wordCount":267,"publisher":{"@id":"https:\/\/radioljubuski.ba\/#organization"},"image":{"@id":"https:\/\/radioljubuski.ba\/index.php\/2022\/09\/20\/sip-obratite-pozornost-u-suprotnom-vas-glas-nece-vrijediti\/#primaryimage"},"thumbnailUrl":"https:\/\/radioljubuski.ba\/wp-content\/uploads\/2022\/09\/maxresdefault-36.jpg","articleSection":["BIH i regija"],"inLanguage":"hr"},{"@type":"WebPage","@id":"https:\/\/radioljubuski.ba\/index.php\/2022\/09\/20\/sip-obratite-pozornost-u-suprotnom-vas-glas-nece-vrijediti\/","url":"https:\/\/radioljubuski.ba\/index.php\/2022\/09\/20\/sip-obratite-pozornost-u-suprotnom-vas-glas-nece-vrijediti\/","name":"SIP: \u201cObratite pozornost, u suprotnom va\u0161 glas ne\u0107e vrijediti\u201d - RADIO LJUBU\u0160KI","isPartOf":{"@id":"https:\/\/radioljubuski.ba\/#website"},"primaryImageOfPage":{"@id":"https:\/\/radioljubuski.ba\/index.php\/2022\/09\/20\/sip-obratite-pozornost-u-suprotnom-vas-glas-nece-vrijediti\/#primaryimage"},"image":{"@id":"https:\/\/radioljubuski.ba\/index.php\/2022\/09\/20\/sip-obratite-pozornost-u-suprotnom-vas-glas-nece-vrijediti\/#primaryimage"},"thumbnailUrl":"https:\/\/radioljubuski.ba\/wp-content\/uploads\/2022\/09\/maxresdefault-36.jpg","datePublished":"2022-09-20T09:31:01+00:00","dateModified":"2022-09-20T09:31:03+00:00","breadcrumb":{"@id":"https:\/\/radioljubuski.ba\/index.php\/2022\/09\/20\/sip-obratite-pozornost-u-suprotnom-vas-glas-nece-vrijediti\/#breadcrumb"},"inLanguage":"hr","potentialAction":[{"@type":"ReadAction","target":["https:\/\/radioljubuski.ba\/index.php\/2022\/09\/20\/sip-obratite-pozornost-u-suprotnom-vas-glas-nece-vrijediti\/"]}]},{"@type":"ImageObject","inLanguage":"hr","@id":"https:\/\/radioljubuski.ba\/index.php\/2022\/09\/20\/sip-obratite-pozornost-u-suprotnom-vas-glas-nece-vrijediti\/#primaryimage","url":"https:\/\/radioljubuski.ba\/wp-content\/uploads\/2022\/09\/maxresdefault-36.jpg","contentUrl":"https:\/\/radioljubuski.ba\/wp-content\/uploads\/2022\/09\/maxresdefault-36.jpg","width":1280,"height":720},{"@type":"BreadcrumbList","@id":"https:\/\/radioljubuski.ba\/index.php\/2022\/09\/20\/sip-obratite-pozornost-u-suprotnom-vas-glas-nece-vrijediti\/#breadcrumb","itemListElement":[{"@type":"ListItem","position":1,"name":"Po\u010detna stranica","item":"https:\/\/radioljubuski.ba\/"},{"@type":"ListItem","position":2,"name":"SIP: \u201cObratite pozornost, u suprotnom va\u0161 glas ne\u0107e vrijediti\u201d"}]},{"@type":"WebSite","@id":"https:\/\/radioljubuski.ba\/#website","url":"https:\/\/radioljubuski.ba\/","name":"Radio Ljubu\u0161ki","description":"Sun\u010dana frekvencija Hercegovine","publisher":{"@id":"https:\/\/radioljubuski.ba\/#organization"},"potentialAction":[{"@type":"SearchAction","target":{"@type":"EntryPoint","urlTemplate":"https:\/\/radioljubuski.ba\/?s={search_term_string}"},"query-input":{"@type":"PropertyValueSpecification","valueRequired":true,"valueName":"search_term_string"}}],"inLanguage":"hr"},{"@type":"Organization","@id":"https:\/\/radioljubuski.ba\/#organization","name":"Radio Ljubu\u0161ki","url":"https:\/\/radioljubuski.ba\/","logo":{"@type":"ImageObject","inLanguage":"hr","@id":"https:\/\/radioljubuski.ba\/#\/schema\/logo\/image\/","url":"https:\/\/radioljubuski.ba\/wp-content\/uploads\/2021\/02\/cropped-Radio_Ljubuski_logo1.jpg","contentUrl":"https:\/\/radioljubuski.ba\/wp-content\/uploads\/2021\/02\/cropped-Radio_Ljubuski_logo1.jpg","width":512,"height":512,"caption":"Radio Ljubu\u0161ki"},"image":{"@id":"https:\/\/radioljubuski.ba\/#\/schema\/logo\/image\/"},"sameAs":["https:\/\/www.facebook.com\/Radiio-Ljubuski-1490835324566332","https:\/\/x.com\/radioljubuski","https:\/\/hr.linkedin.com\/company\/radio-ljubuski","https:\/\/www.youtube.com\/channel\/UCHYaeO_n0Db3tjNGudGpXyw"]},{"@type":"Person","@id":"https:\/\/radioljubuski.ba\/#\/schema\/person\/19fc700381a780f69665d7956c469e3b","name":"Radio Ljubu\u0161ki"}]}},"_links":{"self":[{"href":"https:\/\/radioljubuski.ba\/index.php\/wp-json\/wp\/v2\/posts\/182018","targetHints":{"allow":["GET"]}}],"collection":[{"href":"https:\/\/radioljubuski.ba\/index.php\/wp-json\/wp\/v2\/posts"}],"about":[{"href":"https:\/\/radioljubuski.ba\/index.php\/wp-json\/wp\/v2\/types\/post"}],"author":[{"embeddable":true,"href":"https:\/\/radioljubuski.ba\/index.php\/wp-json\/wp\/v2\/users\/2"}],"replies":[{"embeddable":true,"href":"https:\/\/radioljubuski.ba\/index.php\/wp-json\/wp\/v2\/comments?post=182018"}],"version-history":[{"count":1,"href":"https:\/\/radioljubuski.ba\/index.php\/wp-json\/wp\/v2\/posts\/182018\/revisions"}],"predecessor-version":[{"id":182020,"href":"https:\/\/radioljubuski.ba\/index.php\/wp-json\/wp\/v2\/posts\/182018\/revisions\/182020"}],"wp:featuredmedia":[{"embeddable":true,"href":"https:\/\/radioljubuski.ba\/index.php\/wp-json\/wp\/v2\/media\/182019"}],"wp:attachment":[{"href":"https:\/\/radioljubuski.ba\/index.php\/wp-json\/wp\/v2\/media?parent=182018"}],"wp:term":[{"taxonomy":"category","embeddable":true,"href":"https:\/\/radioljubuski.ba\/index.php\/wp-json\/wp\/v2\/categories?post=182018"},{"taxonomy":"post_tag","embeddable":true,"href":"https:\/\/radioljubuski.ba\/index.php\/wp-json\/wp\/v2\/tags?post=182018"}],"curies":[{"name":"wp","href":"https:\/\/api.w.org\/{rel}","templated":true}]}}