{"id":182031,"date":"2022-09-20T10:41:39","date_gmt":"2022-09-20T09:41:39","guid":{"rendered":"https:\/\/radioljubuski.ba\/?p=182031"},"modified":"2022-09-20T10:41:41","modified_gmt":"2022-09-20T09:41:41","slug":"u-mostaru-je-danas-za-sve-gradane-potpuno-besplatan-javni-prijevoz","status":"publish","type":"post","link":"https:\/\/radioljubuski.ba\/index.php\/2022\/09\/20\/u-mostaru-je-danas-za-sve-gradane-potpuno-besplatan-javni-prijevoz\/","title":{"rendered":"U Mostaru je danas za sve gra\u0111ane potpuno besplatan javni prijevoz"},"content":{"rendered":"\n<p><strong>U Mostaru je danas potpuno besplatan javni prijevoz svim korisnicima tijekom cijeloga dana u sklopu Europskog tjedna mobilnosti kojem se najve\u0107i grad na Neretvi pridru\u017eio nizom sadr\u017eaja kako bi se \u0161to manje koristili automobili.<\/strong><\/p>\n\n\n\n<p>\u201cGrad Mostar po prvi put je formalno registriran na stranici European mobility week (Europski tjedan mobilnosti), te \u0107e u suradnji sa Sportskim savezom Grada Mostara i brojnim udru\u017eenjima i organizacijama sudjelovati u pripremama brojnih aktivnosti na temu odr\u017eive mobilnosti\u201d, navode iz Gradske uprave Mostara.<\/p>\n\n\n\n<p>Europski tjedan mobilnosti je europska inicijativa nastala s ciljem poticanja malih i velikih gradova na uvo\u0111enje i promicanje odr\u017eivih prijevoznih sredstava i pozivanje ljudi da isku\u0161aju alternative vo\u017enji automobilom i odr\u017eava se svake godine u razdoblju od 16. do 22. rujna.<\/p>\n\n\n\n<p>U sklopu Europskog tjedna mobilnosti u Mostaru, danas 20. rujna je Mostar bus d.o.o. omogu\u0107io besplatan javni prijevoz tijekom cijelo dana unutar gradskog podru\u010dja za sve gra\u0111ane.<\/p>\n\n\n\n<p>Tako\u0111er je danas organiziran izlet srednjo\u0161kolaca Srednje gra\u0111evinske \u0161kole \u017deljeznicama FBiH na relaciji Mostar \u2013 \u010capljina, te izlet za sve na Hum u organizaciji HPD Prenj 1933. Mostar s polaskom u 17 sati ispred I. O\u0160 Antuna Branka \u0160imi\u0107a.<\/p>\n\n\n\n<p>\/HMS\/<\/p>\n","protected":false},"excerpt":{"rendered":"<p>U Mostaru je danas potpuno besplatan javni prijevoz svim korisnicima tijekom cijeloga dana u sklopu Europskog tjedna mobilnosti kojem se najve\u0107i grad na Neretvi pridru\u017eio nizom sadr\u017eaja kako bi se \u0161to manje koristili automobili. \u201cGrad Mostar po prvi put je formalno registriran na stranici European mobility week (Europski tjedan mobilnosti), te \u0107e u suradnji sa [&hellip;]<\/p>\n","protected":false},"author":2,"featured_media":182032,"comment_status":"closed","ping_status":"closed","sticky":false,"template":"","format":"standard","meta":{"h5ap_radio_sources":[],"footnotes":""},"categories":[1],"tags":[],"class_list":["post-182031","post","type-post","status-publish","format-standard","has-post-thumbnail","hentry","category-bihiregija"],"yoast_head":"<!-- This site is optimized with the Yoast SEO plugin v27.4 - https:\/\/yoast.com\/product\/yoast-seo-wordpress\/ -->\n<title>U Mostaru je danas za sve gra\u0111ane potpuno besplatan javni prijevoz - RADIO LJUBU\u0160KI<\/title>\n<meta name=\"robots\" content=\"index, follow, max-snippet:-1, max-image-preview:large, max-video-preview:-1\" \/>\n<link rel=\"canonical\" href=\"https:\/\/radioljubuski.ba\/index.php\/2022\/09\/20\/u-mostaru-je-danas-za-sve-gradane-potpuno-besplatan-javni-prijevoz\/\" \/>\n<meta property=\"og:locale\" content=\"hr_HR\" \/>\n<meta property=\"og:type\" content=\"article\" \/>\n<meta property=\"og:title\" content=\"U Mostaru je danas za sve gra\u0111ane potpuno besplatan javni prijevoz - RADIO LJUBU\u0160KI\" \/>\n<meta property=\"og:description\" content=\"U Mostaru je danas potpuno besplatan javni prijevoz svim korisnicima tijekom cijeloga dana u sklopu Europskog tjedna mobilnosti kojem se najve\u0107i grad na Neretvi pridru\u017eio nizom sadr\u017eaja kako bi se \u0161to manje koristili automobili. \u201cGrad Mostar po prvi put je formalno registriran na stranici European mobility week (Europski tjedan mobilnosti), te \u0107e u suradnji sa [&hellip;]\" \/>\n<meta property=\"og:url\" content=\"https:\/\/radioljubuski.ba\/index.php\/2022\/09\/20\/u-mostaru-je-danas-za-sve-gradane-potpuno-besplatan-javni-prijevoz\/\" \/>\n<meta property=\"og:site_name\" content=\"RADIO LJUBU\u0160KI\" \/>\n<meta property=\"article:publisher\" content=\"https:\/\/www.facebook.com\/Radiio-Ljubuski-1490835324566332\" \/>\n<meta property=\"article:published_time\" content=\"2022-09-20T09:41:39+00:00\" \/>\n<meta property=\"article:modified_time\" content=\"2022-09-20T09:41:41+00:00\" \/>\n<meta property=\"og:image\" content=\"https:\/\/radioljubuski.ba\/wp-content\/uploads\/2022\/09\/mobus.jpg\" \/>\n\t<meta property=\"og:image:width\" content=\"600\" \/>\n\t<meta property=\"og:image:height\" content=\"400\" \/>\n\t<meta property=\"og:image:type\" content=\"image\/jpeg\" \/>\n<meta name=\"author\" content=\"Radio Ljubu\u0161ki\" \/>\n<meta name=\"twitter:card\" content=\"summary_large_image\" \/>\n<meta name=\"twitter:creator\" content=\"@radioljubuski\" \/>\n<meta name=\"twitter:site\" content=\"@radioljubuski\" \/>\n<meta name=\"twitter:label1\" content=\"Napisao\/la\" \/>\n\t<meta name=\"twitter:data1\" content=\"Radio Ljubu\u0161ki\" \/>\n\t<meta name=\"twitter:label2\" content=\"Procijenjeno vrijeme \u010ditanja\" \/>\n\t<meta name=\"twitter:data2\" content=\"1 minuta\" \/>\n<script type=\"application\/ld+json\" class=\"yoast-schema-graph\">{\"@context\":\"https:\\\/\\\/schema.org\",\"@graph\":[{\"@type\":\"Article\",\"@id\":\"https:\\\/\\\/radioljubuski.ba\\\/index.php\\\/2022\\\/09\\\/20\\\/u-mostaru-je-danas-za-sve-gradane-potpuno-besplatan-javni-prijevoz\\\/#article\",\"isPartOf\":{\"@id\":\"https:\\\/\\\/radioljubuski.ba\\\/index.php\\\/2022\\\/09\\\/20\\\/u-mostaru-je-danas-za-sve-gradane-potpuno-besplatan-javni-prijevoz\\\/\"},\"author\":{\"name\":\"Radio Ljubu\u0161ki\",\"@id\":\"https:\\\/\\\/radioljubuski.ba\\\/#\\\/schema\\\/person\\\/19fc700381a780f69665d7956c469e3b\"},\"headline\":\"U Mostaru je danas za sve gra\u0111ane potpuno besplatan javni prijevoz\",\"datePublished\":\"2022-09-20T09:41:39+00:00\",\"dateModified\":\"2022-09-20T09:41:41+00:00\",\"mainEntityOfPage\":{\"@id\":\"https:\\\/\\\/radioljubuski.ba\\\/index.php\\\/2022\\\/09\\\/20\\\/u-mostaru-je-danas-za-sve-gradane-potpuno-besplatan-javni-prijevoz\\\/\"},\"wordCount\":211,\"publisher\":{\"@id\":\"https:\\\/\\\/radioljubuski.ba\\\/#organization\"},\"image\":{\"@id\":\"https:\\\/\\\/radioljubuski.ba\\\/index.php\\\/2022\\\/09\\\/20\\\/u-mostaru-je-danas-za-sve-gradane-potpuno-besplatan-javni-prijevoz\\\/#primaryimage\"},\"thumbnailUrl\":\"https:\\\/\\\/radioljubuski.ba\\\/wp-content\\\/uploads\\\/2022\\\/09\\\/mobus.jpg\",\"articleSection\":[\"BIH i regija\"],\"inLanguage\":\"hr\"},{\"@type\":\"WebPage\",\"@id\":\"https:\\\/\\\/radioljubuski.ba\\\/index.php\\\/2022\\\/09\\\/20\\\/u-mostaru-je-danas-za-sve-gradane-potpuno-besplatan-javni-prijevoz\\\/\",\"url\":\"https:\\\/\\\/radioljubuski.ba\\\/index.php\\\/2022\\\/09\\\/20\\\/u-mostaru-je-danas-za-sve-gradane-potpuno-besplatan-javni-prijevoz\\\/\",\"name\":\"U Mostaru je danas za sve gra\u0111ane potpuno besplatan javni prijevoz - RADIO LJUBU\u0160KI\",\"isPartOf\":{\"@id\":\"https:\\\/\\\/radioljubuski.ba\\\/#website\"},\"primaryImageOfPage\":{\"@id\":\"https:\\\/\\\/radioljubuski.ba\\\/index.php\\\/2022\\\/09\\\/20\\\/u-mostaru-je-danas-za-sve-gradane-potpuno-besplatan-javni-prijevoz\\\/#primaryimage\"},\"image\":{\"@id\":\"https:\\\/\\\/radioljubuski.ba\\\/index.php\\\/2022\\\/09\\\/20\\\/u-mostaru-je-danas-za-sve-gradane-potpuno-besplatan-javni-prijevoz\\\/#primaryimage\"},\"thumbnailUrl\":\"https:\\\/\\\/radioljubuski.ba\\\/wp-content\\\/uploads\\\/2022\\\/09\\\/mobus.jpg\",\"datePublished\":\"2022-09-20T09:41:39+00:00\",\"dateModified\":\"2022-09-20T09:41:41+00:00\",\"breadcrumb\":{\"@id\":\"https:\\\/\\\/radioljubuski.ba\\\/index.php\\\/2022\\\/09\\\/20\\\/u-mostaru-je-danas-za-sve-gradane-potpuno-besplatan-javni-prijevoz\\\/#breadcrumb\"},\"inLanguage\":\"hr\",\"potentialAction\":[{\"@type\":\"ReadAction\",\"target\":[\"https:\\\/\\\/radioljubuski.ba\\\/index.php\\\/2022\\\/09\\\/20\\\/u-mostaru-je-danas-za-sve-gradane-potpuno-besplatan-javni-prijevoz\\\/\"]}]},{\"@type\":\"ImageObject\",\"inLanguage\":\"hr\",\"@id\":\"https:\\\/\\\/radioljubuski.ba\\\/index.php\\\/2022\\\/09\\\/20\\\/u-mostaru-je-danas-za-sve-gradane-potpuno-besplatan-javni-prijevoz\\\/#primaryimage\",\"url\":\"https:\\\/\\\/radioljubuski.ba\\\/wp-content\\\/uploads\\\/2022\\\/09\\\/mobus.jpg\",\"contentUrl\":\"https:\\\/\\\/radioljubuski.ba\\\/wp-content\\\/uploads\\\/2022\\\/09\\\/mobus.jpg\",\"width\":600,\"height\":400},{\"@type\":\"BreadcrumbList\",\"@id\":\"https:\\\/\\\/radioljubuski.ba\\\/index.php\\\/2022\\\/09\\\/20\\\/u-mostaru-je-danas-za-sve-gradane-potpuno-besplatan-javni-prijevoz\\\/#breadcrumb\",\"itemListElement\":[{\"@type\":\"ListItem\",\"position\":1,\"name\":\"Po\u010detna stranica\",\"item\":\"https:\\\/\\\/radioljubuski.ba\\\/\"},{\"@type\":\"ListItem\",\"position\":2,\"name\":\"U Mostaru je danas za sve gra\u0111ane potpuno besplatan javni prijevoz\"}]},{\"@type\":\"WebSite\",\"@id\":\"https:\\\/\\\/radioljubuski.ba\\\/#website\",\"url\":\"https:\\\/\\\/radioljubuski.ba\\\/\",\"name\":\"Radio Ljubu\u0161ki\",\"description\":\"Sun\u010dana frekvencija Hercegovine\",\"publisher\":{\"@id\":\"https:\\\/\\\/radioljubuski.ba\\\/#organization\"},\"potentialAction\":[{\"@type\":\"SearchAction\",\"target\":{\"@type\":\"EntryPoint\",\"urlTemplate\":\"https:\\\/\\\/radioljubuski.ba\\\/?s={search_term_string}\"},\"query-input\":{\"@type\":\"PropertyValueSpecification\",\"valueRequired\":true,\"valueName\":\"search_term_string\"}}],\"inLanguage\":\"hr\"},{\"@type\":\"Organization\",\"@id\":\"https:\\\/\\\/radioljubuski.ba\\\/#organization\",\"name\":\"Radio Ljubu\u0161ki\",\"url\":\"https:\\\/\\\/radioljubuski.ba\\\/\",\"logo\":{\"@type\":\"ImageObject\",\"inLanguage\":\"hr\",\"@id\":\"https:\\\/\\\/radioljubuski.ba\\\/#\\\/schema\\\/logo\\\/image\\\/\",\"url\":\"https:\\\/\\\/radioljubuski.ba\\\/wp-content\\\/uploads\\\/2021\\\/02\\\/cropped-Radio_Ljubuski_logo1.jpg\",\"contentUrl\":\"https:\\\/\\\/radioljubuski.ba\\\/wp-content\\\/uploads\\\/2021\\\/02\\\/cropped-Radio_Ljubuski_logo1.jpg\",\"width\":512,\"height\":512,\"caption\":\"Radio Ljubu\u0161ki\"},\"image\":{\"@id\":\"https:\\\/\\\/radioljubuski.ba\\\/#\\\/schema\\\/logo\\\/image\\\/\"},\"sameAs\":[\"https:\\\/\\\/www.facebook.com\\\/Radiio-Ljubuski-1490835324566332\",\"https:\\\/\\\/x.com\\\/radioljubuski\",\"https:\\\/\\\/hr.linkedin.com\\\/company\\\/radio-ljubuski\",\"https:\\\/\\\/www.youtube.com\\\/channel\\\/UCHYaeO_n0Db3tjNGudGpXyw\"]},{\"@type\":\"Person\",\"@id\":\"https:\\\/\\\/radioljubuski.ba\\\/#\\\/schema\\\/person\\\/19fc700381a780f69665d7956c469e3b\",\"name\":\"Radio Ljubu\u0161ki\"}]}<\/script>\n<!-- \/ Yoast SEO plugin. -->","yoast_head_json":{"title":"U Mostaru je danas za sve gra\u0111ane potpuno besplatan javni prijevoz - RADIO LJUBU\u0160KI","robots":{"index":"index","follow":"follow","max-snippet":"max-snippet:-1","max-image-preview":"max-image-preview:large","max-video-preview":"max-video-preview:-1"},"canonical":"https:\/\/radioljubuski.ba\/index.php\/2022\/09\/20\/u-mostaru-je-danas-za-sve-gradane-potpuno-besplatan-javni-prijevoz\/","og_locale":"hr_HR","og_type":"article","og_title":"U Mostaru je danas za sve gra\u0111ane potpuno besplatan javni prijevoz - RADIO LJUBU\u0160KI","og_description":"U Mostaru je danas potpuno besplatan javni prijevoz svim korisnicima tijekom cijeloga dana u sklopu Europskog tjedna mobilnosti kojem se najve\u0107i grad na Neretvi pridru\u017eio nizom sadr\u017eaja kako bi se \u0161to manje koristili automobili. \u201cGrad Mostar po prvi put je formalno registriran na stranici European mobility week (Europski tjedan mobilnosti), te \u0107e u suradnji sa [&hellip;]","og_url":"https:\/\/radioljubuski.ba\/index.php\/2022\/09\/20\/u-mostaru-je-danas-za-sve-gradane-potpuno-besplatan-javni-prijevoz\/","og_site_name":"RADIO LJUBU\u0160KI","article_publisher":"https:\/\/www.facebook.com\/Radiio-Ljubuski-1490835324566332","article_published_time":"2022-09-20T09:41:39+00:00","article_modified_time":"2022-09-20T09:41:41+00:00","og_image":[{"width":600,"height":400,"url":"https:\/\/radioljubuski.ba\/wp-content\/uploads\/2022\/09\/mobus.jpg","type":"image\/jpeg"}],"author":"Radio Ljubu\u0161ki","twitter_card":"summary_large_image","twitter_creator":"@radioljubuski","twitter_site":"@radioljubuski","twitter_misc":{"Napisao\/la":"Radio Ljubu\u0161ki","Procijenjeno vrijeme \u010ditanja":"1 minuta"},"schema":{"@context":"https:\/\/schema.org","@graph":[{"@type":"Article","@id":"https:\/\/radioljubuski.ba\/index.php\/2022\/09\/20\/u-mostaru-je-danas-za-sve-gradane-potpuno-besplatan-javni-prijevoz\/#article","isPartOf":{"@id":"https:\/\/radioljubuski.ba\/index.php\/2022\/09\/20\/u-mostaru-je-danas-za-sve-gradane-potpuno-besplatan-javni-prijevoz\/"},"author":{"name":"Radio Ljubu\u0161ki","@id":"https:\/\/radioljubuski.ba\/#\/schema\/person\/19fc700381a780f69665d7956c469e3b"},"headline":"U Mostaru je danas za sve gra\u0111ane potpuno besplatan javni prijevoz","datePublished":"2022-09-20T09:41:39+00:00","dateModified":"2022-09-20T09:41:41+00:00","mainEntityOfPage":{"@id":"https:\/\/radioljubuski.ba\/index.php\/2022\/09\/20\/u-mostaru-je-danas-za-sve-gradane-potpuno-besplatan-javni-prijevoz\/"},"wordCount":211,"publisher":{"@id":"https:\/\/radioljubuski.ba\/#organization"},"image":{"@id":"https:\/\/radioljubuski.ba\/index.php\/2022\/09\/20\/u-mostaru-je-danas-za-sve-gradane-potpuno-besplatan-javni-prijevoz\/#primaryimage"},"thumbnailUrl":"https:\/\/radioljubuski.ba\/wp-content\/uploads\/2022\/09\/mobus.jpg","articleSection":["BIH i regija"],"inLanguage":"hr"},{"@type":"WebPage","@id":"https:\/\/radioljubuski.ba\/index.php\/2022\/09\/20\/u-mostaru-je-danas-za-sve-gradane-potpuno-besplatan-javni-prijevoz\/","url":"https:\/\/radioljubuski.ba\/index.php\/2022\/09\/20\/u-mostaru-je-danas-za-sve-gradane-potpuno-besplatan-javni-prijevoz\/","name":"U Mostaru je danas za sve gra\u0111ane potpuno besplatan javni prijevoz - RADIO LJUBU\u0160KI","isPartOf":{"@id":"https:\/\/radioljubuski.ba\/#website"},"primaryImageOfPage":{"@id":"https:\/\/radioljubuski.ba\/index.php\/2022\/09\/20\/u-mostaru-je-danas-za-sve-gradane-potpuno-besplatan-javni-prijevoz\/#primaryimage"},"image":{"@id":"https:\/\/radioljubuski.ba\/index.php\/2022\/09\/20\/u-mostaru-je-danas-za-sve-gradane-potpuno-besplatan-javni-prijevoz\/#primaryimage"},"thumbnailUrl":"https:\/\/radioljubuski.ba\/wp-content\/uploads\/2022\/09\/mobus.jpg","datePublished":"2022-09-20T09:41:39+00:00","dateModified":"2022-09-20T09:41:41+00:00","breadcrumb":{"@id":"https:\/\/radioljubuski.ba\/index.php\/2022\/09\/20\/u-mostaru-je-danas-za-sve-gradane-potpuno-besplatan-javni-prijevoz\/#breadcrumb"},"inLanguage":"hr","potentialAction":[{"@type":"ReadAction","target":["https:\/\/radioljubuski.ba\/index.php\/2022\/09\/20\/u-mostaru-je-danas-za-sve-gradane-potpuno-besplatan-javni-prijevoz\/"]}]},{"@type":"ImageObject","inLanguage":"hr","@id":"https:\/\/radioljubuski.ba\/index.php\/2022\/09\/20\/u-mostaru-je-danas-za-sve-gradane-potpuno-besplatan-javni-prijevoz\/#primaryimage","url":"https:\/\/radioljubuski.ba\/wp-content\/uploads\/2022\/09\/mobus.jpg","contentUrl":"https:\/\/radioljubuski.ba\/wp-content\/uploads\/2022\/09\/mobus.jpg","width":600,"height":400},{"@type":"BreadcrumbList","@id":"https:\/\/radioljubuski.ba\/index.php\/2022\/09\/20\/u-mostaru-je-danas-za-sve-gradane-potpuno-besplatan-javni-prijevoz\/#breadcrumb","itemListElement":[{"@type":"ListItem","position":1,"name":"Po\u010detna stranica","item":"https:\/\/radioljubuski.ba\/"},{"@type":"ListItem","position":2,"name":"U Mostaru je danas za sve gra\u0111ane potpuno besplatan javni prijevoz"}]},{"@type":"WebSite","@id":"https:\/\/radioljubuski.ba\/#website","url":"https:\/\/radioljubuski.ba\/","name":"Radio Ljubu\u0161ki","description":"Sun\u010dana frekvencija Hercegovine","publisher":{"@id":"https:\/\/radioljubuski.ba\/#organization"},"potentialAction":[{"@type":"SearchAction","target":{"@type":"EntryPoint","urlTemplate":"https:\/\/radioljubuski.ba\/?s={search_term_string}"},"query-input":{"@type":"PropertyValueSpecification","valueRequired":true,"valueName":"search_term_string"}}],"inLanguage":"hr"},{"@type":"Organization","@id":"https:\/\/radioljubuski.ba\/#organization","name":"Radio Ljubu\u0161ki","url":"https:\/\/radioljubuski.ba\/","logo":{"@type":"ImageObject","inLanguage":"hr","@id":"https:\/\/radioljubuski.ba\/#\/schema\/logo\/image\/","url":"https:\/\/radioljubuski.ba\/wp-content\/uploads\/2021\/02\/cropped-Radio_Ljubuski_logo1.jpg","contentUrl":"https:\/\/radioljubuski.ba\/wp-content\/uploads\/2021\/02\/cropped-Radio_Ljubuski_logo1.jpg","width":512,"height":512,"caption":"Radio Ljubu\u0161ki"},"image":{"@id":"https:\/\/radioljubuski.ba\/#\/schema\/logo\/image\/"},"sameAs":["https:\/\/www.facebook.com\/Radiio-Ljubuski-1490835324566332","https:\/\/x.com\/radioljubuski","https:\/\/hr.linkedin.com\/company\/radio-ljubuski","https:\/\/www.youtube.com\/channel\/UCHYaeO_n0Db3tjNGudGpXyw"]},{"@type":"Person","@id":"https:\/\/radioljubuski.ba\/#\/schema\/person\/19fc700381a780f69665d7956c469e3b","name":"Radio Ljubu\u0161ki"}]}},"_links":{"self":[{"href":"https:\/\/radioljubuski.ba\/index.php\/wp-json\/wp\/v2\/posts\/182031","targetHints":{"allow":["GET"]}}],"collection":[{"href":"https:\/\/radioljubuski.ba\/index.php\/wp-json\/wp\/v2\/posts"}],"about":[{"href":"https:\/\/radioljubuski.ba\/index.php\/wp-json\/wp\/v2\/types\/post"}],"author":[{"embeddable":true,"href":"https:\/\/radioljubuski.ba\/index.php\/wp-json\/wp\/v2\/users\/2"}],"replies":[{"embeddable":true,"href":"https:\/\/radioljubuski.ba\/index.php\/wp-json\/wp\/v2\/comments?post=182031"}],"version-history":[{"count":1,"href":"https:\/\/radioljubuski.ba\/index.php\/wp-json\/wp\/v2\/posts\/182031\/revisions"}],"predecessor-version":[{"id":182033,"href":"https:\/\/radioljubuski.ba\/index.php\/wp-json\/wp\/v2\/posts\/182031\/revisions\/182033"}],"wp:featuredmedia":[{"embeddable":true,"href":"https:\/\/radioljubuski.ba\/index.php\/wp-json\/wp\/v2\/media\/182032"}],"wp:attachment":[{"href":"https:\/\/radioljubuski.ba\/index.php\/wp-json\/wp\/v2\/media?parent=182031"}],"wp:term":[{"taxonomy":"category","embeddable":true,"href":"https:\/\/radioljubuski.ba\/index.php\/wp-json\/wp\/v2\/categories?post=182031"},{"taxonomy":"post_tag","embeddable":true,"href":"https:\/\/radioljubuski.ba\/index.php\/wp-json\/wp\/v2\/tags?post=182031"}],"curies":[{"name":"wp","href":"https:\/\/api.w.org\/{rel}","templated":true}]}}