{"id":182080,"date":"2022-09-20T11:10:58","date_gmt":"2022-09-20T10:10:58","guid":{"rendered":"https:\/\/radioljubuski.ba\/?p=182080"},"modified":"2022-09-20T11:10:59","modified_gmt":"2022-09-20T10:10:59","slug":"fr-juan-iz-portorika-nisam-mogao-vjerovati-da-stojim-pred-gospinim-kipom","status":"publish","type":"post","link":"https:\/\/radioljubuski.ba\/index.php\/2022\/09\/20\/fr-juan-iz-portorika-nisam-mogao-vjerovati-da-stojim-pred-gospinim-kipom\/","title":{"rendered":"Fr. Juan iz Portorika: Nisam mogao vjerovati da stojim pred Gospinim kipom"},"content":{"rendered":"\n<p>U Me\u0111ugorju ovih dana borave hodo\u010dasnici iz Njema\u010dke, Austrije, SAD-a, Irske, Engleske, Poljske, \u010ce\u0161ke, Francuske, Belgije, Slova\u010dke, Rumunjske, Ukrajine, Italije, \u0160panjolske, Kanade, Portorika, Meksika, Nikaragve, Kube, \u010cilea te Hrvatske i BiH. Me\u0111u njima su i fr. Juan Maria de la Cruz iz Portorika te Alba i Giovanni, podrijetlom iz Kolumbije, a koji trenuta\u010dno \u017eive u \u0160panjolskoj. Svih troje prvi su put u Me\u0111ugorju, pi\u0161e Radio Mir Me\u0111ugorje.<\/p>\n\n\n\n<p>Redovni\u010dka zajednica<\/p>\n\n\n\n<p>&#8211; Prvi put do\u0161ao sam u Me\u0111ugorje. Ovdje sam zbog Djevice Marije, ona je promijenila moj \u017eivot, darovala mi duhovni poziv. Kada sam imao 15 godina, molio sam krunicu sa svojom majkom, ali tada nisam ba\u0161 volio Mariju. No, prije dvije godine Marija je u\u0161la u moj \u017eivot, i to kao Majka. Za Me\u0111ugorje sam prvi put saznao gledaju\u0107i film &#8220;Marijina zemlja&#8221;, u vrijeme kada je promjena \u017eivota za mene bila strana rije\u010d. No, prije dvije godine, kada sam to pogledao, po\u017eelio sam do\u0107i u Me\u0111ugorje, ali nisam. Tada sam krenuo u redovni\u010dku zajednicu i tada\u0161nju svoju \u017eelju da putujem svijetom predao sam Bogu. I evo sada, dvije godine nakon toga, Bog me je doveo ovdje, Majka me je dovela ovdje &#8211; kazao je za Radio Mir Me\u0111ugorje Juan Maria de la Cruz dodaju\u0107i kako je bio i na Brdu ukazanja pred Gospinim kipom i nije mogao vjerovati da je tu.<\/p>\n\n\n\n<p>&#8211; \u017delio bih se opet vratiti u Me\u0111ugorje. Sada kre\u0107em na duhovnu obnovu u Franjeva\u010dki samostan Uznesenja Marijina na otoku Badija kod Kor\u010dule. Ali jednostavno &#8211; ne bih htio oti\u0107i odavde &#8211; dodao je. Svoje dojmove podijelili su i Alba i Giovanni, prijatelji fr. Juana.<\/p>\n\n\n\n<p>&#8211; Me\u0111ugorje za mene zna\u010di mir, mjesto gdje sam osjetila jedan veliki mir, mjesto gdje mogu odmoriti svoju du\u0161u. Gospa u mom \u017eivotu zna\u010di sve, ona je Majka koja nas vodi svome Sinu. Me\u0111ugorje je poziv svijetu na mir. Majka Marija ovdje nas poziva na mir, mir u sebi i mir u svijetu &#8211; kazala je Alba.<\/p>\n\n\n\n<p>Prona\u0161ao nadu<\/p>\n\n\n\n<p>&#8211; Me\u0111ugorje je jedno prelijepo mjesto, do\u0161ao sam ovdje prona\u0107i promjenu u svom \u017eivotu jer \u017eelim promijeniti svoj \u017eivot. Prona\u0161ao sam ovdje nadu i vjerujem da \u0107e mi Gospa pomo\u0107i u toj promjeni &#8211; kazao je Giovanni o svom prvom dolasku u Me\u0111ugorje.<\/p>\n\n\n\n<p>Izvor:radio mir medjugorje<\/p>\n","protected":false},"excerpt":{"rendered":"<p>U Me\u0111ugorju ovih dana borave hodo\u010dasnici iz Njema\u010dke, Austrije, SAD-a, Irske, Engleske, Poljske, \u010ce\u0161ke, Francuske, Belgije, Slova\u010dke, Rumunjske, Ukrajine, Italije, \u0160panjolske, Kanade, Portorika, Meksika, Nikaragve, Kube, \u010cilea te Hrvatske i BiH. Me\u0111u njima su i fr. Juan Maria de la Cruz iz Portorika te Alba i Giovanni, podrijetlom iz Kolumbije, a koji trenuta\u010dno \u017eive u [&hellip;]<\/p>\n","protected":false},"author":2,"featured_media":182081,"comment_status":"closed","ping_status":"closed","sticky":false,"template":"","format":"standard","meta":{"h5ap_radio_sources":[],"footnotes":""},"categories":[1],"tags":[],"class_list":["post-182080","post","type-post","status-publish","format-standard","has-post-thumbnail","hentry","category-bihiregija"],"yoast_head":"<!-- This site is optimized with the Yoast SEO plugin v27.4 - https:\/\/yoast.com\/product\/yoast-seo-wordpress\/ -->\n<title>Fr. Juan iz Portorika: Nisam mogao vjerovati da stojim pred Gospinim kipom - RADIO LJUBU\u0160KI<\/title>\n<meta name=\"robots\" content=\"index, follow, max-snippet:-1, max-image-preview:large, max-video-preview:-1\" \/>\n<link rel=\"canonical\" href=\"https:\/\/radioljubuski.ba\/index.php\/2022\/09\/20\/fr-juan-iz-portorika-nisam-mogao-vjerovati-da-stojim-pred-gospinim-kipom\/\" \/>\n<meta property=\"og:locale\" content=\"hr_HR\" \/>\n<meta property=\"og:type\" content=\"article\" \/>\n<meta property=\"og:title\" content=\"Fr. Juan iz Portorika: Nisam mogao vjerovati da stojim pred Gospinim kipom - RADIO LJUBU\u0160KI\" \/>\n<meta property=\"og:description\" content=\"U Me\u0111ugorju ovih dana borave hodo\u010dasnici iz Njema\u010dke, Austrije, SAD-a, Irske, Engleske, Poljske, \u010ce\u0161ke, Francuske, Belgije, Slova\u010dke, Rumunjske, Ukrajine, Italije, \u0160panjolske, Kanade, Portorika, Meksika, Nikaragve, Kube, \u010cilea te Hrvatske i BiH. Me\u0111u njima su i fr. Juan Maria de la Cruz iz Portorika te Alba i Giovanni, podrijetlom iz Kolumbije, a koji trenuta\u010dno \u017eive u [&hellip;]\" \/>\n<meta property=\"og:url\" content=\"https:\/\/radioljubuski.ba\/index.php\/2022\/09\/20\/fr-juan-iz-portorika-nisam-mogao-vjerovati-da-stojim-pred-gospinim-kipom\/\" \/>\n<meta property=\"og:site_name\" content=\"RADIO LJUBU\u0160KI\" \/>\n<meta property=\"article:publisher\" content=\"https:\/\/www.facebook.com\/Radiio-Ljubuski-1490835324566332\" \/>\n<meta property=\"article:published_time\" content=\"2022-09-20T10:10:58+00:00\" \/>\n<meta property=\"article:modified_time\" content=\"2022-09-20T10:10:59+00:00\" \/>\n<meta property=\"og:image\" content=\"https:\/\/radioljubuski.ba\/wp-content\/uploads\/2022\/09\/10-2022-09-19-19-46-02-Snimka-zaslona-2022-09-19-194448.jpg\" \/>\n\t<meta property=\"og:image:width\" content=\"1000\" \/>\n\t<meta property=\"og:image:height\" content=\"625\" \/>\n\t<meta property=\"og:image:type\" content=\"image\/jpeg\" \/>\n<meta name=\"author\" content=\"Radio Ljubu\u0161ki\" \/>\n<meta name=\"twitter:card\" content=\"summary_large_image\" \/>\n<meta name=\"twitter:creator\" content=\"@radioljubuski\" \/>\n<meta name=\"twitter:site\" content=\"@radioljubuski\" \/>\n<meta name=\"twitter:label1\" content=\"Napisao\/la\" \/>\n\t<meta name=\"twitter:data1\" content=\"Radio Ljubu\u0161ki\" \/>\n\t<meta name=\"twitter:label2\" content=\"Procijenjeno vrijeme \u010ditanja\" \/>\n\t<meta name=\"twitter:data2\" content=\"2 minute\" \/>\n<script type=\"application\/ld+json\" class=\"yoast-schema-graph\">{\"@context\":\"https:\\\/\\\/schema.org\",\"@graph\":[{\"@type\":\"Article\",\"@id\":\"https:\\\/\\\/radioljubuski.ba\\\/index.php\\\/2022\\\/09\\\/20\\\/fr-juan-iz-portorika-nisam-mogao-vjerovati-da-stojim-pred-gospinim-kipom\\\/#article\",\"isPartOf\":{\"@id\":\"https:\\\/\\\/radioljubuski.ba\\\/index.php\\\/2022\\\/09\\\/20\\\/fr-juan-iz-portorika-nisam-mogao-vjerovati-da-stojim-pred-gospinim-kipom\\\/\"},\"author\":{\"name\":\"Radio Ljubu\u0161ki\",\"@id\":\"https:\\\/\\\/radioljubuski.ba\\\/#\\\/schema\\\/person\\\/19fc700381a780f69665d7956c469e3b\"},\"headline\":\"Fr. Juan iz Portorika: Nisam mogao vjerovati da stojim pred Gospinim kipom\",\"datePublished\":\"2022-09-20T10:10:58+00:00\",\"dateModified\":\"2022-09-20T10:10:59+00:00\",\"mainEntityOfPage\":{\"@id\":\"https:\\\/\\\/radioljubuski.ba\\\/index.php\\\/2022\\\/09\\\/20\\\/fr-juan-iz-portorika-nisam-mogao-vjerovati-da-stojim-pred-gospinim-kipom\\\/\"},\"wordCount\":422,\"publisher\":{\"@id\":\"https:\\\/\\\/radioljubuski.ba\\\/#organization\"},\"image\":{\"@id\":\"https:\\\/\\\/radioljubuski.ba\\\/index.php\\\/2022\\\/09\\\/20\\\/fr-juan-iz-portorika-nisam-mogao-vjerovati-da-stojim-pred-gospinim-kipom\\\/#primaryimage\"},\"thumbnailUrl\":\"https:\\\/\\\/radioljubuski.ba\\\/wp-content\\\/uploads\\\/2022\\\/09\\\/10-2022-09-19-19-46-02-Snimka-zaslona-2022-09-19-194448.jpg\",\"articleSection\":[\"BIH i regija\"],\"inLanguage\":\"hr\"},{\"@type\":\"WebPage\",\"@id\":\"https:\\\/\\\/radioljubuski.ba\\\/index.php\\\/2022\\\/09\\\/20\\\/fr-juan-iz-portorika-nisam-mogao-vjerovati-da-stojim-pred-gospinim-kipom\\\/\",\"url\":\"https:\\\/\\\/radioljubuski.ba\\\/index.php\\\/2022\\\/09\\\/20\\\/fr-juan-iz-portorika-nisam-mogao-vjerovati-da-stojim-pred-gospinim-kipom\\\/\",\"name\":\"Fr. Juan iz Portorika: Nisam mogao vjerovati da stojim pred Gospinim kipom - RADIO LJUBU\u0160KI\",\"isPartOf\":{\"@id\":\"https:\\\/\\\/radioljubuski.ba\\\/#website\"},\"primaryImageOfPage\":{\"@id\":\"https:\\\/\\\/radioljubuski.ba\\\/index.php\\\/2022\\\/09\\\/20\\\/fr-juan-iz-portorika-nisam-mogao-vjerovati-da-stojim-pred-gospinim-kipom\\\/#primaryimage\"},\"image\":{\"@id\":\"https:\\\/\\\/radioljubuski.ba\\\/index.php\\\/2022\\\/09\\\/20\\\/fr-juan-iz-portorika-nisam-mogao-vjerovati-da-stojim-pred-gospinim-kipom\\\/#primaryimage\"},\"thumbnailUrl\":\"https:\\\/\\\/radioljubuski.ba\\\/wp-content\\\/uploads\\\/2022\\\/09\\\/10-2022-09-19-19-46-02-Snimka-zaslona-2022-09-19-194448.jpg\",\"datePublished\":\"2022-09-20T10:10:58+00:00\",\"dateModified\":\"2022-09-20T10:10:59+00:00\",\"breadcrumb\":{\"@id\":\"https:\\\/\\\/radioljubuski.ba\\\/index.php\\\/2022\\\/09\\\/20\\\/fr-juan-iz-portorika-nisam-mogao-vjerovati-da-stojim-pred-gospinim-kipom\\\/#breadcrumb\"},\"inLanguage\":\"hr\",\"potentialAction\":[{\"@type\":\"ReadAction\",\"target\":[\"https:\\\/\\\/radioljubuski.ba\\\/index.php\\\/2022\\\/09\\\/20\\\/fr-juan-iz-portorika-nisam-mogao-vjerovati-da-stojim-pred-gospinim-kipom\\\/\"]}]},{\"@type\":\"ImageObject\",\"inLanguage\":\"hr\",\"@id\":\"https:\\\/\\\/radioljubuski.ba\\\/index.php\\\/2022\\\/09\\\/20\\\/fr-juan-iz-portorika-nisam-mogao-vjerovati-da-stojim-pred-gospinim-kipom\\\/#primaryimage\",\"url\":\"https:\\\/\\\/radioljubuski.ba\\\/wp-content\\\/uploads\\\/2022\\\/09\\\/10-2022-09-19-19-46-02-Snimka-zaslona-2022-09-19-194448.jpg\",\"contentUrl\":\"https:\\\/\\\/radioljubuski.ba\\\/wp-content\\\/uploads\\\/2022\\\/09\\\/10-2022-09-19-19-46-02-Snimka-zaslona-2022-09-19-194448.jpg\",\"width\":1000,\"height\":625},{\"@type\":\"BreadcrumbList\",\"@id\":\"https:\\\/\\\/radioljubuski.ba\\\/index.php\\\/2022\\\/09\\\/20\\\/fr-juan-iz-portorika-nisam-mogao-vjerovati-da-stojim-pred-gospinim-kipom\\\/#breadcrumb\",\"itemListElement\":[{\"@type\":\"ListItem\",\"position\":1,\"name\":\"Po\u010detna stranica\",\"item\":\"https:\\\/\\\/radioljubuski.ba\\\/\"},{\"@type\":\"ListItem\",\"position\":2,\"name\":\"Fr. Juan iz Portorika: Nisam mogao vjerovati da stojim pred Gospinim kipom\"}]},{\"@type\":\"WebSite\",\"@id\":\"https:\\\/\\\/radioljubuski.ba\\\/#website\",\"url\":\"https:\\\/\\\/radioljubuski.ba\\\/\",\"name\":\"Radio Ljubu\u0161ki\",\"description\":\"Sun\u010dana frekvencija Hercegovine\",\"publisher\":{\"@id\":\"https:\\\/\\\/radioljubuski.ba\\\/#organization\"},\"potentialAction\":[{\"@type\":\"SearchAction\",\"target\":{\"@type\":\"EntryPoint\",\"urlTemplate\":\"https:\\\/\\\/radioljubuski.ba\\\/?s={search_term_string}\"},\"query-input\":{\"@type\":\"PropertyValueSpecification\",\"valueRequired\":true,\"valueName\":\"search_term_string\"}}],\"inLanguage\":\"hr\"},{\"@type\":\"Organization\",\"@id\":\"https:\\\/\\\/radioljubuski.ba\\\/#organization\",\"name\":\"Radio Ljubu\u0161ki\",\"url\":\"https:\\\/\\\/radioljubuski.ba\\\/\",\"logo\":{\"@type\":\"ImageObject\",\"inLanguage\":\"hr\",\"@id\":\"https:\\\/\\\/radioljubuski.ba\\\/#\\\/schema\\\/logo\\\/image\\\/\",\"url\":\"https:\\\/\\\/radioljubuski.ba\\\/wp-content\\\/uploads\\\/2021\\\/02\\\/cropped-Radio_Ljubuski_logo1.jpg\",\"contentUrl\":\"https:\\\/\\\/radioljubuski.ba\\\/wp-content\\\/uploads\\\/2021\\\/02\\\/cropped-Radio_Ljubuski_logo1.jpg\",\"width\":512,\"height\":512,\"caption\":\"Radio Ljubu\u0161ki\"},\"image\":{\"@id\":\"https:\\\/\\\/radioljubuski.ba\\\/#\\\/schema\\\/logo\\\/image\\\/\"},\"sameAs\":[\"https:\\\/\\\/www.facebook.com\\\/Radiio-Ljubuski-1490835324566332\",\"https:\\\/\\\/x.com\\\/radioljubuski\",\"https:\\\/\\\/hr.linkedin.com\\\/company\\\/radio-ljubuski\",\"https:\\\/\\\/www.youtube.com\\\/channel\\\/UCHYaeO_n0Db3tjNGudGpXyw\"]},{\"@type\":\"Person\",\"@id\":\"https:\\\/\\\/radioljubuski.ba\\\/#\\\/schema\\\/person\\\/19fc700381a780f69665d7956c469e3b\",\"name\":\"Radio Ljubu\u0161ki\"}]}<\/script>\n<!-- \/ Yoast SEO plugin. -->","yoast_head_json":{"title":"Fr. Juan iz Portorika: Nisam mogao vjerovati da stojim pred Gospinim kipom - RADIO LJUBU\u0160KI","robots":{"index":"index","follow":"follow","max-snippet":"max-snippet:-1","max-image-preview":"max-image-preview:large","max-video-preview":"max-video-preview:-1"},"canonical":"https:\/\/radioljubuski.ba\/index.php\/2022\/09\/20\/fr-juan-iz-portorika-nisam-mogao-vjerovati-da-stojim-pred-gospinim-kipom\/","og_locale":"hr_HR","og_type":"article","og_title":"Fr. Juan iz Portorika: Nisam mogao vjerovati da stojim pred Gospinim kipom - RADIO LJUBU\u0160KI","og_description":"U Me\u0111ugorju ovih dana borave hodo\u010dasnici iz Njema\u010dke, Austrije, SAD-a, Irske, Engleske, Poljske, \u010ce\u0161ke, Francuske, Belgije, Slova\u010dke, Rumunjske, Ukrajine, Italije, \u0160panjolske, Kanade, Portorika, Meksika, Nikaragve, Kube, \u010cilea te Hrvatske i BiH. Me\u0111u njima su i fr. Juan Maria de la Cruz iz Portorika te Alba i Giovanni, podrijetlom iz Kolumbije, a koji trenuta\u010dno \u017eive u [&hellip;]","og_url":"https:\/\/radioljubuski.ba\/index.php\/2022\/09\/20\/fr-juan-iz-portorika-nisam-mogao-vjerovati-da-stojim-pred-gospinim-kipom\/","og_site_name":"RADIO LJUBU\u0160KI","article_publisher":"https:\/\/www.facebook.com\/Radiio-Ljubuski-1490835324566332","article_published_time":"2022-09-20T10:10:58+00:00","article_modified_time":"2022-09-20T10:10:59+00:00","og_image":[{"width":1000,"height":625,"url":"https:\/\/radioljubuski.ba\/wp-content\/uploads\/2022\/09\/10-2022-09-19-19-46-02-Snimka-zaslona-2022-09-19-194448.jpg","type":"image\/jpeg"}],"author":"Radio Ljubu\u0161ki","twitter_card":"summary_large_image","twitter_creator":"@radioljubuski","twitter_site":"@radioljubuski","twitter_misc":{"Napisao\/la":"Radio Ljubu\u0161ki","Procijenjeno vrijeme \u010ditanja":"2 minute"},"schema":{"@context":"https:\/\/schema.org","@graph":[{"@type":"Article","@id":"https:\/\/radioljubuski.ba\/index.php\/2022\/09\/20\/fr-juan-iz-portorika-nisam-mogao-vjerovati-da-stojim-pred-gospinim-kipom\/#article","isPartOf":{"@id":"https:\/\/radioljubuski.ba\/index.php\/2022\/09\/20\/fr-juan-iz-portorika-nisam-mogao-vjerovati-da-stojim-pred-gospinim-kipom\/"},"author":{"name":"Radio Ljubu\u0161ki","@id":"https:\/\/radioljubuski.ba\/#\/schema\/person\/19fc700381a780f69665d7956c469e3b"},"headline":"Fr. Juan iz Portorika: Nisam mogao vjerovati da stojim pred Gospinim kipom","datePublished":"2022-09-20T10:10:58+00:00","dateModified":"2022-09-20T10:10:59+00:00","mainEntityOfPage":{"@id":"https:\/\/radioljubuski.ba\/index.php\/2022\/09\/20\/fr-juan-iz-portorika-nisam-mogao-vjerovati-da-stojim-pred-gospinim-kipom\/"},"wordCount":422,"publisher":{"@id":"https:\/\/radioljubuski.ba\/#organization"},"image":{"@id":"https:\/\/radioljubuski.ba\/index.php\/2022\/09\/20\/fr-juan-iz-portorika-nisam-mogao-vjerovati-da-stojim-pred-gospinim-kipom\/#primaryimage"},"thumbnailUrl":"https:\/\/radioljubuski.ba\/wp-content\/uploads\/2022\/09\/10-2022-09-19-19-46-02-Snimka-zaslona-2022-09-19-194448.jpg","articleSection":["BIH i regija"],"inLanguage":"hr"},{"@type":"WebPage","@id":"https:\/\/radioljubuski.ba\/index.php\/2022\/09\/20\/fr-juan-iz-portorika-nisam-mogao-vjerovati-da-stojim-pred-gospinim-kipom\/","url":"https:\/\/radioljubuski.ba\/index.php\/2022\/09\/20\/fr-juan-iz-portorika-nisam-mogao-vjerovati-da-stojim-pred-gospinim-kipom\/","name":"Fr. Juan iz Portorika: Nisam mogao vjerovati da stojim pred Gospinim kipom - RADIO LJUBU\u0160KI","isPartOf":{"@id":"https:\/\/radioljubuski.ba\/#website"},"primaryImageOfPage":{"@id":"https:\/\/radioljubuski.ba\/index.php\/2022\/09\/20\/fr-juan-iz-portorika-nisam-mogao-vjerovati-da-stojim-pred-gospinim-kipom\/#primaryimage"},"image":{"@id":"https:\/\/radioljubuski.ba\/index.php\/2022\/09\/20\/fr-juan-iz-portorika-nisam-mogao-vjerovati-da-stojim-pred-gospinim-kipom\/#primaryimage"},"thumbnailUrl":"https:\/\/radioljubuski.ba\/wp-content\/uploads\/2022\/09\/10-2022-09-19-19-46-02-Snimka-zaslona-2022-09-19-194448.jpg","datePublished":"2022-09-20T10:10:58+00:00","dateModified":"2022-09-20T10:10:59+00:00","breadcrumb":{"@id":"https:\/\/radioljubuski.ba\/index.php\/2022\/09\/20\/fr-juan-iz-portorika-nisam-mogao-vjerovati-da-stojim-pred-gospinim-kipom\/#breadcrumb"},"inLanguage":"hr","potentialAction":[{"@type":"ReadAction","target":["https:\/\/radioljubuski.ba\/index.php\/2022\/09\/20\/fr-juan-iz-portorika-nisam-mogao-vjerovati-da-stojim-pred-gospinim-kipom\/"]}]},{"@type":"ImageObject","inLanguage":"hr","@id":"https:\/\/radioljubuski.ba\/index.php\/2022\/09\/20\/fr-juan-iz-portorika-nisam-mogao-vjerovati-da-stojim-pred-gospinim-kipom\/#primaryimage","url":"https:\/\/radioljubuski.ba\/wp-content\/uploads\/2022\/09\/10-2022-09-19-19-46-02-Snimka-zaslona-2022-09-19-194448.jpg","contentUrl":"https:\/\/radioljubuski.ba\/wp-content\/uploads\/2022\/09\/10-2022-09-19-19-46-02-Snimka-zaslona-2022-09-19-194448.jpg","width":1000,"height":625},{"@type":"BreadcrumbList","@id":"https:\/\/radioljubuski.ba\/index.php\/2022\/09\/20\/fr-juan-iz-portorika-nisam-mogao-vjerovati-da-stojim-pred-gospinim-kipom\/#breadcrumb","itemListElement":[{"@type":"ListItem","position":1,"name":"Po\u010detna stranica","item":"https:\/\/radioljubuski.ba\/"},{"@type":"ListItem","position":2,"name":"Fr. Juan iz Portorika: Nisam mogao vjerovati da stojim pred Gospinim kipom"}]},{"@type":"WebSite","@id":"https:\/\/radioljubuski.ba\/#website","url":"https:\/\/radioljubuski.ba\/","name":"Radio Ljubu\u0161ki","description":"Sun\u010dana frekvencija Hercegovine","publisher":{"@id":"https:\/\/radioljubuski.ba\/#organization"},"potentialAction":[{"@type":"SearchAction","target":{"@type":"EntryPoint","urlTemplate":"https:\/\/radioljubuski.ba\/?s={search_term_string}"},"query-input":{"@type":"PropertyValueSpecification","valueRequired":true,"valueName":"search_term_string"}}],"inLanguage":"hr"},{"@type":"Organization","@id":"https:\/\/radioljubuski.ba\/#organization","name":"Radio Ljubu\u0161ki","url":"https:\/\/radioljubuski.ba\/","logo":{"@type":"ImageObject","inLanguage":"hr","@id":"https:\/\/radioljubuski.ba\/#\/schema\/logo\/image\/","url":"https:\/\/radioljubuski.ba\/wp-content\/uploads\/2021\/02\/cropped-Radio_Ljubuski_logo1.jpg","contentUrl":"https:\/\/radioljubuski.ba\/wp-content\/uploads\/2021\/02\/cropped-Radio_Ljubuski_logo1.jpg","width":512,"height":512,"caption":"Radio Ljubu\u0161ki"},"image":{"@id":"https:\/\/radioljubuski.ba\/#\/schema\/logo\/image\/"},"sameAs":["https:\/\/www.facebook.com\/Radiio-Ljubuski-1490835324566332","https:\/\/x.com\/radioljubuski","https:\/\/hr.linkedin.com\/company\/radio-ljubuski","https:\/\/www.youtube.com\/channel\/UCHYaeO_n0Db3tjNGudGpXyw"]},{"@type":"Person","@id":"https:\/\/radioljubuski.ba\/#\/schema\/person\/19fc700381a780f69665d7956c469e3b","name":"Radio Ljubu\u0161ki"}]}},"_links":{"self":[{"href":"https:\/\/radioljubuski.ba\/index.php\/wp-json\/wp\/v2\/posts\/182080","targetHints":{"allow":["GET"]}}],"collection":[{"href":"https:\/\/radioljubuski.ba\/index.php\/wp-json\/wp\/v2\/posts"}],"about":[{"href":"https:\/\/radioljubuski.ba\/index.php\/wp-json\/wp\/v2\/types\/post"}],"author":[{"embeddable":true,"href":"https:\/\/radioljubuski.ba\/index.php\/wp-json\/wp\/v2\/users\/2"}],"replies":[{"embeddable":true,"href":"https:\/\/radioljubuski.ba\/index.php\/wp-json\/wp\/v2\/comments?post=182080"}],"version-history":[{"count":1,"href":"https:\/\/radioljubuski.ba\/index.php\/wp-json\/wp\/v2\/posts\/182080\/revisions"}],"predecessor-version":[{"id":182082,"href":"https:\/\/radioljubuski.ba\/index.php\/wp-json\/wp\/v2\/posts\/182080\/revisions\/182082"}],"wp:featuredmedia":[{"embeddable":true,"href":"https:\/\/radioljubuski.ba\/index.php\/wp-json\/wp\/v2\/media\/182081"}],"wp:attachment":[{"href":"https:\/\/radioljubuski.ba\/index.php\/wp-json\/wp\/v2\/media?parent=182080"}],"wp:term":[{"taxonomy":"category","embeddable":true,"href":"https:\/\/radioljubuski.ba\/index.php\/wp-json\/wp\/v2\/categories?post=182080"},{"taxonomy":"post_tag","embeddable":true,"href":"https:\/\/radioljubuski.ba\/index.php\/wp-json\/wp\/v2\/tags?post=182080"}],"curies":[{"name":"wp","href":"https:\/\/api.w.org\/{rel}","templated":true}]}}