{"id":182084,"date":"2022-09-20T11:49:18","date_gmt":"2022-09-20T10:49:18","guid":{"rendered":"https:\/\/radioljubuski.ba\/?p=182084"},"modified":"2022-09-27T08:01:34","modified_gmt":"2022-09-27T07:01:34","slug":"domagoj-nizic-o-ljubuski-teatar-festu-ocekuju-nas-cetiri-uzbudljiva-dana","status":"publish","type":"post","link":"https:\/\/radioljubuski.ba\/index.php\/2022\/09\/20\/domagoj-nizic-o-ljubuski-teatar-festu-ocekuju-nas-cetiri-uzbudljiva-dana\/","title":{"rendered":"Domagoj Ni\u017ei\u0107 o \u201eLjubu\u0161ki teatar festu\u201c: O\u010dekuju nas \u010detiri uzbudljiva dana"},"content":{"rendered":"\n<p>Dani pred nama donose bogato kazali\u0161no iskustvo u Ljubu\u0161ki. Predstavom \u201eSve je do nas\u201c u \u010detvrtak nave\u010der \u0107e u Kulturnom centru \u0107e zapo\u010deti prvi <strong>\u201eLjubu\u0161ki teatar fest\u201c <\/strong>koji donosi tri kvalitetne i zanimljive predstave, te gluma\u010dke radionice za mlade. Bit \u0107e to ve\u010deri ispunjene kvalitetnim predstavama koje \u0107e iznijeti regionalno poznata gluma\u010dka imena &#8211; &nbsp;<strong>Emir Had\u017eihafizbegovi\u0107, Zijah Sokolovi\u0107, Josipa Ankovi\u0107 i Josip Ledina.<\/strong><\/p>\n\n\n\n<p>Ovaj festival organizira mladi ljubu\u0161ki glumac <strong>Domagoj Ni\u017ei\u0107<\/strong> kojeg smo tim povodom ugostili u eteru Radija Ljubu\u0161ki.<\/p>\n\n\n\n<p>\u201eOvo je teatarski festival koji \u0107e, nadam se, okupiti mno\u0161tvo ljudi, prije svega mladih. Publika \u0107e imati priliku tijekom \u010detiri dana trajanja festivala gledati kvalitetne predstave, o\u010dekuje nas jako uzbudljiv program\u201c, poru\u010dio je Ni\u017ei\u0107.<\/p>\n\n\n\n<p>Ve\u0107 prve ve\u010deri tijekom koje \u0107e biti uprili\u010deno i sve\u010dano otvaranje festivala, nakon predstave <strong>Emira Had\u017eihafizbegovi\u0107a <\/strong>\u201eSve je do nas\u201c, biti \u0107e organiziran i after party u <strong>Smokva Wine Clubu.<\/strong><\/p>\n\n\n\n<p>\u201eVolio bih, da nakon \u0161to se predstava odigra, postoji interakcija i razgovor s glumcima, da Ljubu\u0161aci, ali i svi ostali gosti festivala ostanu dru\u017eiti se i razgovarati s glumcima. Stoga pozivam ljude da nam se pridru\u017ee u \u201eSmokvi\u201c nakon predstava, after partiji \u0107e biti u \u010detvrtak, subotu i nedjelju, i tada \u0107e publika mo\u0107i uz \u010da\u0161u vina porazgovarati s glumcima\u201c, ka\u017ee Ni\u017ei\u0107.<\/p>\n\n\n\n<p>Ina\u010de, prva predstava \u201eSve je do nas\u201c govori o profesoru koji dobije otkaz s posla, te se suo\u010dava s svijetom dana\u0161njice &#8211; Emir Had\u017eihafizbegovi\u0107 u formi monodrame progovora o preovla\u0111uju\u0107em mentalnom narativu pohlepe, licemjerstva, pogubnih politi\u010dkih igara, zapostavljenih vrijednosti.<\/p>\n\n\n\n<p>Ni\u017ei\u0107 ka\u017ee kako \u017eanrovski ovaj komad spada u tragikomediju. \u201ePoznaju\u0107i Emira, on vas mo\u017ee odvesti u neku dramu, a ve\u0107 u drugoj minuti predstave u smijeh\u201c. Ova predstava po\u010dinje u \u010detvrtak, 22. rujna, u 19.30 sati.<\/p>\n\n\n\n<p>Drugi dan festivala rezerviran je za gluma\u010dke radionice na kojima ve\u0107 ima dvadesetak prijavljenih mladih, \u0161to Ljubu\u0161aka, \u0161to mladih sa svih strana svijeta koji pristi\u017eu posredstvom Koled\u017ea ujedinjenog svijeta iz Mostara. Radionice \u0107e voditi Domagoj Ni\u017ei\u0107 koji u Sarajevu ve\u0107 vodi sli\u010dne radionice za djecu i mlade, te <strong>Damir \u010cobo <\/strong>koji je zavr\u0161io glumu u New Yorku.<\/p>\n\n\n\n<p>\u201eCilj nam je kroz ove radionice mladima otvoriti teren da upoznaju jedni druge, da kreiraju ne\u0161to novo &#8211; ne\u0161to svoje. Svi su dobrodo\u0161li. Posebno pozivam one koji se osje\u0107aju odba\u010deno da do\u0111u na ove radionice\u201c, poru\u010dio je Ni\u017ei\u0107.<\/p>\n\n\n\n<p>Tre\u0107a ve\u010der festivala donosi interaktivnu predstavu \u201eFe\u0161ta\u201c u izvedbi Teatra Exit iz Zagreba. Rije\u010d je o inovativnoj i interaktivnoj predstavi koja neprestano anga\u017eira publiku, \u010dime ona postaje njezinim aktivnim sudionikom, a u njoj glume Josipa Ankovi\u0107 i Josip Ledina. Ni\u017ei\u0107a je ova predstava odu\u0161evila. \u201eRije\u010d je o fenomenalnom komadu\u201c, isti\u010de.<\/p>\n\n\n\n<p>Posljednja ve\u010der festivala rezervirana je za doajena bosansko-hercegova\u010dkog glumi\u0161ta Zijaha Sokolovi\u0107a koji \u0107e na pozornici izvesti svoju monodramu \u201eLijevo Desno Glumac\u201c u kojoj duhovito, filozofski, kabaretski, sa nizom primjera i usporedbi stvarnosti i teatarske umjetnosti, u\u010di gledatelje da shvate da su i oni &#8220;glumci u svom teatru&#8221; i da mogu biti umjetnici u svom \u017eivotu.<\/p>\n\n\n\n<p>Poslu\u0161ajte razgovor s Domagojem Ni\u017ei\u0107em<\/p>\n\n\n\n<figure class=\"wp-block-audio\"><audio controls src=\"https:\/\/radioljubuski.ba\/wp-content\/uploads\/2022\/09\/domagoj-nizic-najava-ljtf.mp3\"><\/audio><\/figure>\n\n\n\n<iframe loading=\"lazy\" src=\"https:\/\/www.facebook.com\/plugins\/post.php?href=https%3A%2F%2Fwww.facebook.com%2Fdomagoj.nizic.9%2Fposts%2Fpfbid0YddzhDPjGiEv8gwxbfmYSZWMwEWoanf5zwgah17ZaFpJ8ULbqWJx4rYHkMm85HW1l&amp;show_text=true&amp;width=500\" width=\"500\" height=\"498\" style=\"border:none;overflow:hidden\" scrolling=\"no\" frameborder=\"0\" allowfullscreen=\"true\" allow=\"autoplay; clipboard-write; encrypted-media; picture-in-picture; web-share\"><\/iframe>\n\n\n\n<iframe loading=\"lazy\" src=\"https:\/\/www.facebook.com\/plugins\/post.php?href=https%3A%2F%2Fwww.facebook.com%2Fdomagoj.nizic.9%2Fposts%2Fpfbid02D4Hm2HueMDUmND9joW12dYkuv87PgmA6erz1H84cvx1XSiNT9tQ9NrZPke9WY5Rzl&amp;show_text=true&amp;width=500\" width=\"500\" height=\"498\" style=\"border:none;overflow:hidden\" scrolling=\"no\" frameborder=\"0\" allowfullscreen=\"true\" allow=\"autoplay; clipboard-write; encrypted-media; picture-in-picture; web-share\"><\/iframe>\n\n\n\n<iframe loading=\"lazy\" src=\"https:\/\/www.facebook.com\/plugins\/post.php?href=https%3A%2F%2Fwww.facebook.com%2Fdomagoj.nizic.9%2Fposts%2Fpfbid02hxLVVQBkCMgbrv8DFv2jqg7u54tb5xAQ52C8DyhG8xYe2XdKcSdLuUVYShtGRhn1l&amp;show_text=true&amp;width=500\" width=\"500\" height=\"735\" style=\"border:none;overflow:hidden\" scrolling=\"no\" frameborder=\"0\" allowfullscreen=\"true\" allow=\"autoplay; clipboard-write; encrypted-media; picture-in-picture; web-share\"><\/iframe>\n\n\n\n<p><strong>Ivan Herceg \/ Radio Ljubu\u0161ki<\/strong><\/p>\n","protected":false},"excerpt":{"rendered":"<p>Dani pred nama donose bogato kazali\u0161no iskustvo u Ljubu\u0161ki. Predstavom \u201eSve je do nas\u201c u \u010detvrtak nave\u010der \u0107e u Kulturnom centru \u0107e zapo\u010deti prvi \u201eLjubu\u0161ki teatar fest\u201c koji donosi tri kvalitetne i zanimljive predstave, te gluma\u010dke radionice za mlade. Bit \u0107e to ve\u010deri ispunjene kvalitetnim predstavama koje \u0107e iznijeti regionalno poznata gluma\u010dka imena &#8211; &nbsp;Emir [&hellip;]<\/p>\n","protected":false},"author":2,"featured_media":182086,"comment_status":"closed","ping_status":"closed","sticky":false,"template":"","format":"standard","meta":{"h5ap_radio_sources":[],"footnotes":""},"categories":[32],"tags":[],"class_list":["post-182084","post","type-post","status-publish","format-standard","has-post-thumbnail","hentry","category-poslusajte"],"yoast_head":"<!-- This site is optimized with the Yoast SEO plugin v27.5 - https:\/\/yoast.com\/product\/yoast-seo-wordpress\/ -->\n<title>Domagoj Ni\u017ei\u0107 o \u201eLjubu\u0161ki teatar festu\u201c: O\u010dekuju nas \u010detiri uzbudljiva dana - RADIO LJUBU\u0160KI<\/title>\n<meta name=\"robots\" content=\"index, follow, max-snippet:-1, max-image-preview:large, max-video-preview:-1\" \/>\n<link rel=\"canonical\" href=\"https:\/\/radioljubuski.ba\/index.php\/2022\/09\/20\/domagoj-nizic-o-ljubuski-teatar-festu-ocekuju-nas-cetiri-uzbudljiva-dana\/\" \/>\n<meta property=\"og:locale\" content=\"hr_HR\" \/>\n<meta property=\"og:type\" content=\"article\" \/>\n<meta property=\"og:title\" content=\"Domagoj Ni\u017ei\u0107 o \u201eLjubu\u0161ki teatar festu\u201c: O\u010dekuju nas \u010detiri uzbudljiva dana - RADIO LJUBU\u0160KI\" \/>\n<meta property=\"og:description\" content=\"Dani pred nama donose bogato kazali\u0161no iskustvo u Ljubu\u0161ki. Predstavom \u201eSve je do nas\u201c u \u010detvrtak nave\u010der \u0107e u Kulturnom centru \u0107e zapo\u010deti prvi \u201eLjubu\u0161ki teatar fest\u201c koji donosi tri kvalitetne i zanimljive predstave, te gluma\u010dke radionice za mlade. Bit \u0107e to ve\u010deri ispunjene kvalitetnim predstavama koje \u0107e iznijeti regionalno poznata gluma\u010dka imena &#8211; &nbsp;Emir [&hellip;]\" \/>\n<meta property=\"og:url\" content=\"https:\/\/radioljubuski.ba\/index.php\/2022\/09\/20\/domagoj-nizic-o-ljubuski-teatar-festu-ocekuju-nas-cetiri-uzbudljiva-dana\/\" \/>\n<meta property=\"og:site_name\" content=\"RADIO LJUBU\u0160KI\" \/>\n<meta property=\"article:publisher\" content=\"https:\/\/www.facebook.com\/Radiio-Ljubuski-1490835324566332\" \/>\n<meta property=\"article:published_time\" content=\"2022-09-20T10:49:18+00:00\" \/>\n<meta property=\"article:modified_time\" content=\"2022-09-27T07:01:34+00:00\" \/>\n<meta property=\"og:image\" content=\"https:\/\/radioljubuski.ba\/wp-content\/uploads\/2022\/09\/domagoj-nizic-najava-teatar-fest.jpg\" \/>\n\t<meta property=\"og:image:width\" content=\"1270\" \/>\n\t<meta property=\"og:image:height\" content=\"849\" \/>\n\t<meta property=\"og:image:type\" content=\"image\/jpeg\" \/>\n<meta name=\"author\" content=\"Radio Ljubu\u0161ki\" \/>\n<meta name=\"twitter:card\" content=\"summary_large_image\" \/>\n<meta name=\"twitter:creator\" content=\"@radioljubuski\" \/>\n<meta name=\"twitter:site\" content=\"@radioljubuski\" \/>\n<meta name=\"twitter:label1\" content=\"Napisao\/la\" \/>\n\t<meta name=\"twitter:data1\" content=\"Radio Ljubu\u0161ki\" \/>\n\t<meta name=\"twitter:label2\" content=\"Procijenjeno vrijeme \u010ditanja\" \/>\n\t<meta name=\"twitter:data2\" content=\"3 minute\" \/>\n<script type=\"application\/ld+json\" class=\"yoast-schema-graph\">{\"@context\":\"https:\\\/\\\/schema.org\",\"@graph\":[{\"@type\":\"Article\",\"@id\":\"https:\\\/\\\/radioljubuski.ba\\\/index.php\\\/2022\\\/09\\\/20\\\/domagoj-nizic-o-ljubuski-teatar-festu-ocekuju-nas-cetiri-uzbudljiva-dana\\\/#article\",\"isPartOf\":{\"@id\":\"https:\\\/\\\/radioljubuski.ba\\\/index.php\\\/2022\\\/09\\\/20\\\/domagoj-nizic-o-ljubuski-teatar-festu-ocekuju-nas-cetiri-uzbudljiva-dana\\\/\"},\"author\":{\"name\":\"Radio Ljubu\u0161ki\",\"@id\":\"https:\\\/\\\/radioljubuski.ba\\\/#\\\/schema\\\/person\\\/19fc700381a780f69665d7956c469e3b\"},\"headline\":\"Domagoj Ni\u017ei\u0107 o \u201eLjubu\u0161ki teatar festu\u201c: O\u010dekuju nas \u010detiri uzbudljiva dana\",\"datePublished\":\"2022-09-20T10:49:18+00:00\",\"dateModified\":\"2022-09-27T07:01:34+00:00\",\"mainEntityOfPage\":{\"@id\":\"https:\\\/\\\/radioljubuski.ba\\\/index.php\\\/2022\\\/09\\\/20\\\/domagoj-nizic-o-ljubuski-teatar-festu-ocekuju-nas-cetiri-uzbudljiva-dana\\\/\"},\"wordCount\":575,\"publisher\":{\"@id\":\"https:\\\/\\\/radioljubuski.ba\\\/#organization\"},\"image\":{\"@id\":\"https:\\\/\\\/radioljubuski.ba\\\/index.php\\\/2022\\\/09\\\/20\\\/domagoj-nizic-o-ljubuski-teatar-festu-ocekuju-nas-cetiri-uzbudljiva-dana\\\/#primaryimage\"},\"thumbnailUrl\":\"https:\\\/\\\/radioljubuski.ba\\\/wp-content\\\/uploads\\\/2022\\\/09\\\/domagoj-nizic-najava-teatar-fest.jpg\",\"articleSection\":[\"Poslu\u0161ajte\"],\"inLanguage\":\"hr\"},{\"@type\":\"WebPage\",\"@id\":\"https:\\\/\\\/radioljubuski.ba\\\/index.php\\\/2022\\\/09\\\/20\\\/domagoj-nizic-o-ljubuski-teatar-festu-ocekuju-nas-cetiri-uzbudljiva-dana\\\/\",\"url\":\"https:\\\/\\\/radioljubuski.ba\\\/index.php\\\/2022\\\/09\\\/20\\\/domagoj-nizic-o-ljubuski-teatar-festu-ocekuju-nas-cetiri-uzbudljiva-dana\\\/\",\"name\":\"Domagoj Ni\u017ei\u0107 o \u201eLjubu\u0161ki teatar festu\u201c: O\u010dekuju nas \u010detiri uzbudljiva dana - RADIO LJUBU\u0160KI\",\"isPartOf\":{\"@id\":\"https:\\\/\\\/radioljubuski.ba\\\/#website\"},\"primaryImageOfPage\":{\"@id\":\"https:\\\/\\\/radioljubuski.ba\\\/index.php\\\/2022\\\/09\\\/20\\\/domagoj-nizic-o-ljubuski-teatar-festu-ocekuju-nas-cetiri-uzbudljiva-dana\\\/#primaryimage\"},\"image\":{\"@id\":\"https:\\\/\\\/radioljubuski.ba\\\/index.php\\\/2022\\\/09\\\/20\\\/domagoj-nizic-o-ljubuski-teatar-festu-ocekuju-nas-cetiri-uzbudljiva-dana\\\/#primaryimage\"},\"thumbnailUrl\":\"https:\\\/\\\/radioljubuski.ba\\\/wp-content\\\/uploads\\\/2022\\\/09\\\/domagoj-nizic-najava-teatar-fest.jpg\",\"datePublished\":\"2022-09-20T10:49:18+00:00\",\"dateModified\":\"2022-09-27T07:01:34+00:00\",\"breadcrumb\":{\"@id\":\"https:\\\/\\\/radioljubuski.ba\\\/index.php\\\/2022\\\/09\\\/20\\\/domagoj-nizic-o-ljubuski-teatar-festu-ocekuju-nas-cetiri-uzbudljiva-dana\\\/#breadcrumb\"},\"inLanguage\":\"hr\",\"potentialAction\":[{\"@type\":\"ReadAction\",\"target\":[\"https:\\\/\\\/radioljubuski.ba\\\/index.php\\\/2022\\\/09\\\/20\\\/domagoj-nizic-o-ljubuski-teatar-festu-ocekuju-nas-cetiri-uzbudljiva-dana\\\/\"]}]},{\"@type\":\"ImageObject\",\"inLanguage\":\"hr\",\"@id\":\"https:\\\/\\\/radioljubuski.ba\\\/index.php\\\/2022\\\/09\\\/20\\\/domagoj-nizic-o-ljubuski-teatar-festu-ocekuju-nas-cetiri-uzbudljiva-dana\\\/#primaryimage\",\"url\":\"https:\\\/\\\/radioljubuski.ba\\\/wp-content\\\/uploads\\\/2022\\\/09\\\/domagoj-nizic-najava-teatar-fest.jpg\",\"contentUrl\":\"https:\\\/\\\/radioljubuski.ba\\\/wp-content\\\/uploads\\\/2022\\\/09\\\/domagoj-nizic-najava-teatar-fest.jpg\",\"width\":1270,\"height\":849},{\"@type\":\"BreadcrumbList\",\"@id\":\"https:\\\/\\\/radioljubuski.ba\\\/index.php\\\/2022\\\/09\\\/20\\\/domagoj-nizic-o-ljubuski-teatar-festu-ocekuju-nas-cetiri-uzbudljiva-dana\\\/#breadcrumb\",\"itemListElement\":[{\"@type\":\"ListItem\",\"position\":1,\"name\":\"Po\u010detna stranica\",\"item\":\"https:\\\/\\\/radioljubuski.ba\\\/\"},{\"@type\":\"ListItem\",\"position\":2,\"name\":\"Domagoj Ni\u017ei\u0107 o \u201eLjubu\u0161ki teatar festu\u201c: O\u010dekuju nas \u010detiri uzbudljiva dana\"}]},{\"@type\":\"WebSite\",\"@id\":\"https:\\\/\\\/radioljubuski.ba\\\/#website\",\"url\":\"https:\\\/\\\/radioljubuski.ba\\\/\",\"name\":\"Radio Ljubu\u0161ki\",\"description\":\"Sun\u010dana frekvencija Hercegovine\",\"publisher\":{\"@id\":\"https:\\\/\\\/radioljubuski.ba\\\/#organization\"},\"potentialAction\":[{\"@type\":\"SearchAction\",\"target\":{\"@type\":\"EntryPoint\",\"urlTemplate\":\"https:\\\/\\\/radioljubuski.ba\\\/?s={search_term_string}\"},\"query-input\":{\"@type\":\"PropertyValueSpecification\",\"valueRequired\":true,\"valueName\":\"search_term_string\"}}],\"inLanguage\":\"hr\"},{\"@type\":\"Organization\",\"@id\":\"https:\\\/\\\/radioljubuski.ba\\\/#organization\",\"name\":\"Radio Ljubu\u0161ki\",\"url\":\"https:\\\/\\\/radioljubuski.ba\\\/\",\"logo\":{\"@type\":\"ImageObject\",\"inLanguage\":\"hr\",\"@id\":\"https:\\\/\\\/radioljubuski.ba\\\/#\\\/schema\\\/logo\\\/image\\\/\",\"url\":\"https:\\\/\\\/radioljubuski.ba\\\/wp-content\\\/uploads\\\/2021\\\/02\\\/cropped-Radio_Ljubuski_logo1.jpg\",\"contentUrl\":\"https:\\\/\\\/radioljubuski.ba\\\/wp-content\\\/uploads\\\/2021\\\/02\\\/cropped-Radio_Ljubuski_logo1.jpg\",\"width\":512,\"height\":512,\"caption\":\"Radio Ljubu\u0161ki\"},\"image\":{\"@id\":\"https:\\\/\\\/radioljubuski.ba\\\/#\\\/schema\\\/logo\\\/image\\\/\"},\"sameAs\":[\"https:\\\/\\\/www.facebook.com\\\/Radiio-Ljubuski-1490835324566332\",\"https:\\\/\\\/x.com\\\/radioljubuski\",\"https:\\\/\\\/hr.linkedin.com\\\/company\\\/radio-ljubuski\",\"https:\\\/\\\/www.youtube.com\\\/channel\\\/UCHYaeO_n0Db3tjNGudGpXyw\"]},{\"@type\":\"Person\",\"@id\":\"https:\\\/\\\/radioljubuski.ba\\\/#\\\/schema\\\/person\\\/19fc700381a780f69665d7956c469e3b\",\"name\":\"Radio Ljubu\u0161ki\"}]}<\/script>\n<!-- \/ Yoast SEO plugin. -->","yoast_head_json":{"title":"Domagoj Ni\u017ei\u0107 o \u201eLjubu\u0161ki teatar festu\u201c: O\u010dekuju nas \u010detiri uzbudljiva dana - RADIO LJUBU\u0160KI","robots":{"index":"index","follow":"follow","max-snippet":"max-snippet:-1","max-image-preview":"max-image-preview:large","max-video-preview":"max-video-preview:-1"},"canonical":"https:\/\/radioljubuski.ba\/index.php\/2022\/09\/20\/domagoj-nizic-o-ljubuski-teatar-festu-ocekuju-nas-cetiri-uzbudljiva-dana\/","og_locale":"hr_HR","og_type":"article","og_title":"Domagoj Ni\u017ei\u0107 o \u201eLjubu\u0161ki teatar festu\u201c: O\u010dekuju nas \u010detiri uzbudljiva dana - RADIO LJUBU\u0160KI","og_description":"Dani pred nama donose bogato kazali\u0161no iskustvo u Ljubu\u0161ki. Predstavom \u201eSve je do nas\u201c u \u010detvrtak nave\u010der \u0107e u Kulturnom centru \u0107e zapo\u010deti prvi \u201eLjubu\u0161ki teatar fest\u201c koji donosi tri kvalitetne i zanimljive predstave, te gluma\u010dke radionice za mlade. Bit \u0107e to ve\u010deri ispunjene kvalitetnim predstavama koje \u0107e iznijeti regionalno poznata gluma\u010dka imena &#8211; &nbsp;Emir [&hellip;]","og_url":"https:\/\/radioljubuski.ba\/index.php\/2022\/09\/20\/domagoj-nizic-o-ljubuski-teatar-festu-ocekuju-nas-cetiri-uzbudljiva-dana\/","og_site_name":"RADIO LJUBU\u0160KI","article_publisher":"https:\/\/www.facebook.com\/Radiio-Ljubuski-1490835324566332","article_published_time":"2022-09-20T10:49:18+00:00","article_modified_time":"2022-09-27T07:01:34+00:00","og_image":[{"width":1270,"height":849,"url":"https:\/\/radioljubuski.ba\/wp-content\/uploads\/2022\/09\/domagoj-nizic-najava-teatar-fest.jpg","type":"image\/jpeg"}],"author":"Radio Ljubu\u0161ki","twitter_card":"summary_large_image","twitter_creator":"@radioljubuski","twitter_site":"@radioljubuski","twitter_misc":{"Napisao\/la":"Radio Ljubu\u0161ki","Procijenjeno vrijeme \u010ditanja":"3 minute"},"schema":{"@context":"https:\/\/schema.org","@graph":[{"@type":"Article","@id":"https:\/\/radioljubuski.ba\/index.php\/2022\/09\/20\/domagoj-nizic-o-ljubuski-teatar-festu-ocekuju-nas-cetiri-uzbudljiva-dana\/#article","isPartOf":{"@id":"https:\/\/radioljubuski.ba\/index.php\/2022\/09\/20\/domagoj-nizic-o-ljubuski-teatar-festu-ocekuju-nas-cetiri-uzbudljiva-dana\/"},"author":{"name":"Radio Ljubu\u0161ki","@id":"https:\/\/radioljubuski.ba\/#\/schema\/person\/19fc700381a780f69665d7956c469e3b"},"headline":"Domagoj Ni\u017ei\u0107 o \u201eLjubu\u0161ki teatar festu\u201c: O\u010dekuju nas \u010detiri uzbudljiva dana","datePublished":"2022-09-20T10:49:18+00:00","dateModified":"2022-09-27T07:01:34+00:00","mainEntityOfPage":{"@id":"https:\/\/radioljubuski.ba\/index.php\/2022\/09\/20\/domagoj-nizic-o-ljubuski-teatar-festu-ocekuju-nas-cetiri-uzbudljiva-dana\/"},"wordCount":575,"publisher":{"@id":"https:\/\/radioljubuski.ba\/#organization"},"image":{"@id":"https:\/\/radioljubuski.ba\/index.php\/2022\/09\/20\/domagoj-nizic-o-ljubuski-teatar-festu-ocekuju-nas-cetiri-uzbudljiva-dana\/#primaryimage"},"thumbnailUrl":"https:\/\/radioljubuski.ba\/wp-content\/uploads\/2022\/09\/domagoj-nizic-najava-teatar-fest.jpg","articleSection":["Poslu\u0161ajte"],"inLanguage":"hr"},{"@type":"WebPage","@id":"https:\/\/radioljubuski.ba\/index.php\/2022\/09\/20\/domagoj-nizic-o-ljubuski-teatar-festu-ocekuju-nas-cetiri-uzbudljiva-dana\/","url":"https:\/\/radioljubuski.ba\/index.php\/2022\/09\/20\/domagoj-nizic-o-ljubuski-teatar-festu-ocekuju-nas-cetiri-uzbudljiva-dana\/","name":"Domagoj Ni\u017ei\u0107 o \u201eLjubu\u0161ki teatar festu\u201c: O\u010dekuju nas \u010detiri uzbudljiva dana - RADIO LJUBU\u0160KI","isPartOf":{"@id":"https:\/\/radioljubuski.ba\/#website"},"primaryImageOfPage":{"@id":"https:\/\/radioljubuski.ba\/index.php\/2022\/09\/20\/domagoj-nizic-o-ljubuski-teatar-festu-ocekuju-nas-cetiri-uzbudljiva-dana\/#primaryimage"},"image":{"@id":"https:\/\/radioljubuski.ba\/index.php\/2022\/09\/20\/domagoj-nizic-o-ljubuski-teatar-festu-ocekuju-nas-cetiri-uzbudljiva-dana\/#primaryimage"},"thumbnailUrl":"https:\/\/radioljubuski.ba\/wp-content\/uploads\/2022\/09\/domagoj-nizic-najava-teatar-fest.jpg","datePublished":"2022-09-20T10:49:18+00:00","dateModified":"2022-09-27T07:01:34+00:00","breadcrumb":{"@id":"https:\/\/radioljubuski.ba\/index.php\/2022\/09\/20\/domagoj-nizic-o-ljubuski-teatar-festu-ocekuju-nas-cetiri-uzbudljiva-dana\/#breadcrumb"},"inLanguage":"hr","potentialAction":[{"@type":"ReadAction","target":["https:\/\/radioljubuski.ba\/index.php\/2022\/09\/20\/domagoj-nizic-o-ljubuski-teatar-festu-ocekuju-nas-cetiri-uzbudljiva-dana\/"]}]},{"@type":"ImageObject","inLanguage":"hr","@id":"https:\/\/radioljubuski.ba\/index.php\/2022\/09\/20\/domagoj-nizic-o-ljubuski-teatar-festu-ocekuju-nas-cetiri-uzbudljiva-dana\/#primaryimage","url":"https:\/\/radioljubuski.ba\/wp-content\/uploads\/2022\/09\/domagoj-nizic-najava-teatar-fest.jpg","contentUrl":"https:\/\/radioljubuski.ba\/wp-content\/uploads\/2022\/09\/domagoj-nizic-najava-teatar-fest.jpg","width":1270,"height":849},{"@type":"BreadcrumbList","@id":"https:\/\/radioljubuski.ba\/index.php\/2022\/09\/20\/domagoj-nizic-o-ljubuski-teatar-festu-ocekuju-nas-cetiri-uzbudljiva-dana\/#breadcrumb","itemListElement":[{"@type":"ListItem","position":1,"name":"Po\u010detna stranica","item":"https:\/\/radioljubuski.ba\/"},{"@type":"ListItem","position":2,"name":"Domagoj Ni\u017ei\u0107 o \u201eLjubu\u0161ki teatar festu\u201c: O\u010dekuju nas \u010detiri uzbudljiva dana"}]},{"@type":"WebSite","@id":"https:\/\/radioljubuski.ba\/#website","url":"https:\/\/radioljubuski.ba\/","name":"Radio Ljubu\u0161ki","description":"Sun\u010dana frekvencija Hercegovine","publisher":{"@id":"https:\/\/radioljubuski.ba\/#organization"},"potentialAction":[{"@type":"SearchAction","target":{"@type":"EntryPoint","urlTemplate":"https:\/\/radioljubuski.ba\/?s={search_term_string}"},"query-input":{"@type":"PropertyValueSpecification","valueRequired":true,"valueName":"search_term_string"}}],"inLanguage":"hr"},{"@type":"Organization","@id":"https:\/\/radioljubuski.ba\/#organization","name":"Radio Ljubu\u0161ki","url":"https:\/\/radioljubuski.ba\/","logo":{"@type":"ImageObject","inLanguage":"hr","@id":"https:\/\/radioljubuski.ba\/#\/schema\/logo\/image\/","url":"https:\/\/radioljubuski.ba\/wp-content\/uploads\/2021\/02\/cropped-Radio_Ljubuski_logo1.jpg","contentUrl":"https:\/\/radioljubuski.ba\/wp-content\/uploads\/2021\/02\/cropped-Radio_Ljubuski_logo1.jpg","width":512,"height":512,"caption":"Radio Ljubu\u0161ki"},"image":{"@id":"https:\/\/radioljubuski.ba\/#\/schema\/logo\/image\/"},"sameAs":["https:\/\/www.facebook.com\/Radiio-Ljubuski-1490835324566332","https:\/\/x.com\/radioljubuski","https:\/\/hr.linkedin.com\/company\/radio-ljubuski","https:\/\/www.youtube.com\/channel\/UCHYaeO_n0Db3tjNGudGpXyw"]},{"@type":"Person","@id":"https:\/\/radioljubuski.ba\/#\/schema\/person\/19fc700381a780f69665d7956c469e3b","name":"Radio Ljubu\u0161ki"}]}},"_links":{"self":[{"href":"https:\/\/radioljubuski.ba\/index.php\/wp-json\/wp\/v2\/posts\/182084","targetHints":{"allow":["GET"]}}],"collection":[{"href":"https:\/\/radioljubuski.ba\/index.php\/wp-json\/wp\/v2\/posts"}],"about":[{"href":"https:\/\/radioljubuski.ba\/index.php\/wp-json\/wp\/v2\/types\/post"}],"author":[{"embeddable":true,"href":"https:\/\/radioljubuski.ba\/index.php\/wp-json\/wp\/v2\/users\/2"}],"replies":[{"embeddable":true,"href":"https:\/\/radioljubuski.ba\/index.php\/wp-json\/wp\/v2\/comments?post=182084"}],"version-history":[{"count":4,"href":"https:\/\/radioljubuski.ba\/index.php\/wp-json\/wp\/v2\/posts\/182084\/revisions"}],"predecessor-version":[{"id":183546,"href":"https:\/\/radioljubuski.ba\/index.php\/wp-json\/wp\/v2\/posts\/182084\/revisions\/183546"}],"wp:featuredmedia":[{"embeddable":true,"href":"https:\/\/radioljubuski.ba\/index.php\/wp-json\/wp\/v2\/media\/182086"}],"wp:attachment":[{"href":"https:\/\/radioljubuski.ba\/index.php\/wp-json\/wp\/v2\/media?parent=182084"}],"wp:term":[{"taxonomy":"category","embeddable":true,"href":"https:\/\/radioljubuski.ba\/index.php\/wp-json\/wp\/v2\/categories?post=182084"},{"taxonomy":"post_tag","embeddable":true,"href":"https:\/\/radioljubuski.ba\/index.php\/wp-json\/wp\/v2\/tags?post=182084"}],"curies":[{"name":"wp","href":"https:\/\/api.w.org\/{rel}","templated":true}]}}