{"id":182107,"date":"2022-09-20T12:27:36","date_gmt":"2022-09-20T11:27:36","guid":{"rendered":"https:\/\/radioljubuski.ba\/?p=182107"},"modified":"2022-09-20T12:27:37","modified_gmt":"2022-09-20T11:27:37","slug":"za-razliku-od-srbije-i-hrvatske-bih-jos-uvijek-ne-strepi-od-nestasice-secera","status":"publish","type":"post","link":"https:\/\/radioljubuski.ba\/index.php\/2022\/09\/20\/za-razliku-od-srbije-i-hrvatske-bih-jos-uvijek-ne-strepi-od-nestasice-secera\/","title":{"rendered":"Za razliku od Srbije i Hrvatske, BiH jo\u0161 uvijek ne strepi od nesta\u0161ice \u0161e\u0107era"},"content":{"rendered":"\n<p>Susjedna Srbija ve\u0107 se tjednima bori s nesta\u0161icom \u0161e\u0107era, dr\u017eava ograni\u010dava cijene i pokre\u0107e istragu kako bi utvrdila uzroke, trgovci apeliraju na ograni\u010denu kupnju, a zabilje\u017eeni su i slu\u010dajevi da se kupci otimaju za pakiranje ove namirnice.<\/p>\n\n\n\n<p>Nesta\u0161ica prijeti i Hrvatskoj nakon \u0161to je Vlada ograni\u010dila cijenu \u0161e\u0107era, a trgovci ga povla\u010de iz prodaje jer s propisanom cijenom bilje\u017ee gubitke. Provjerili smo postoji li mogu\u0107nost da nemilim scenama svjedo\u010dimo i u BiH. &#8211; Bosna i Hercegovina ima svoju tvornicu za proizvodnju \u0161e\u0107era u Br\u010dkom, a to je Rafinerija \u0161e\u0107era \u201cSTUDEN-Agrana\u201d koja je svojim kapacitetima osigurala najstabilnije tr\u017ei\u0161te, bez nesta\u0161ica. Sa sigurno\u0161\u0107u mo\u017eemo re\u0107i da je, o pitanju \u0161e\u0107era, bh. tr\u017ei\u0161te trenuta\u010dno najsigurnije u regiji &#8211; kazala je za Avaz Nata\u0161a Pucar, direktorica korporativnih komunikacija \u201cSTUDEN Holding\u201d, u \u010dijemu sastavu posluje jedina rafinerija \u0161e\u0107era u na\u0161oj zemlji.<\/p>\n\n\n\n<p>Pucar isti\u010de da su osigurane dovoljne koli\u010dine sirovina te da se u idu\u0107em razdoblju ne o\u010dekuju bilo kakvi poreme\u0107aji u opskrbljivanju tr\u017ei\u0161ta BiH, a pogotovo nesta\u0161ica. &#8211; Iako je te\u0161ko prognozirati kretanje cijena u sada\u0161njoj, neizvjesnoj i nestabilnoj situaciji na svjetskim burzama i s te\u010dajevima valuta, cijenimo da bi cijena \u0161e\u0107era trebala biti dosta stabilna &#8211; dodala je Pucar.&nbsp;<\/p>\n\n\n\n<p>Izvor:avaz.ba<\/p>\n","protected":false},"excerpt":{"rendered":"<p>Susjedna Srbija ve\u0107 se tjednima bori s nesta\u0161icom \u0161e\u0107era, dr\u017eava ograni\u010dava cijene i pokre\u0107e istragu kako bi utvrdila uzroke, trgovci apeliraju na ograni\u010denu kupnju, a zabilje\u017eeni su i slu\u010dajevi da se kupci otimaju za pakiranje ove namirnice. Nesta\u0161ica prijeti i Hrvatskoj nakon \u0161to je Vlada ograni\u010dila cijenu \u0161e\u0107era, a trgovci ga povla\u010de iz prodaje jer [&hellip;]<\/p>\n","protected":false},"author":2,"featured_media":144535,"comment_status":"closed","ping_status":"closed","sticky":false,"template":"","format":"standard","meta":{"h5ap_radio_sources":[],"footnotes":""},"categories":[1],"tags":[],"class_list":["post-182107","post","type-post","status-publish","format-standard","has-post-thumbnail","hentry","category-bihiregija"],"yoast_head":"<!-- This site is optimized with the Yoast SEO plugin v27.5 - https:\/\/yoast.com\/product\/yoast-seo-wordpress\/ -->\n<title>Za razliku od Srbije i Hrvatske, BiH jo\u0161 uvijek ne strepi od nesta\u0161ice \u0161e\u0107era - RADIO LJUBU\u0160KI<\/title>\n<meta name=\"robots\" content=\"index, follow, max-snippet:-1, max-image-preview:large, max-video-preview:-1\" \/>\n<link rel=\"canonical\" href=\"https:\/\/radioljubuski.ba\/index.php\/2022\/09\/20\/za-razliku-od-srbije-i-hrvatske-bih-jos-uvijek-ne-strepi-od-nestasice-secera\/\" \/>\n<meta property=\"og:locale\" content=\"hr_HR\" \/>\n<meta property=\"og:type\" content=\"article\" \/>\n<meta property=\"og:title\" content=\"Za razliku od Srbije i Hrvatske, BiH jo\u0161 uvijek ne strepi od nesta\u0161ice \u0161e\u0107era - RADIO LJUBU\u0160KI\" \/>\n<meta property=\"og:description\" content=\"Susjedna Srbija ve\u0107 se tjednima bori s nesta\u0161icom \u0161e\u0107era, dr\u017eava ograni\u010dava cijene i pokre\u0107e istragu kako bi utvrdila uzroke, trgovci apeliraju na ograni\u010denu kupnju, a zabilje\u017eeni su i slu\u010dajevi da se kupci otimaju za pakiranje ove namirnice. Nesta\u0161ica prijeti i Hrvatskoj nakon \u0161to je Vlada ograni\u010dila cijenu \u0161e\u0107era, a trgovci ga povla\u010de iz prodaje jer [&hellip;]\" \/>\n<meta property=\"og:url\" content=\"https:\/\/radioljubuski.ba\/index.php\/2022\/09\/20\/za-razliku-od-srbije-i-hrvatske-bih-jos-uvijek-ne-strepi-od-nestasice-secera\/\" \/>\n<meta property=\"og:site_name\" content=\"RADIO LJUBU\u0160KI\" \/>\n<meta property=\"article:publisher\" content=\"https:\/\/www.facebook.com\/Radiio-Ljubuski-1490835324566332\" \/>\n<meta property=\"article:published_time\" content=\"2022-09-20T11:27:36+00:00\" \/>\n<meta property=\"article:modified_time\" content=\"2022-09-20T11:27:37+00:00\" \/>\n<meta property=\"og:image\" content=\"https:\/\/radioljubuski.ba\/wp-content\/uploads\/2022\/05\/oOP7Kwgn_13_secer.jpg\" \/>\n\t<meta property=\"og:image:width\" content=\"1000\" \/>\n\t<meta property=\"og:image:height\" content=\"625\" \/>\n\t<meta property=\"og:image:type\" content=\"image\/jpeg\" \/>\n<meta name=\"author\" content=\"Radio Ljubu\u0161ki\" \/>\n<meta name=\"twitter:card\" content=\"summary_large_image\" \/>\n<meta name=\"twitter:creator\" content=\"@radioljubuski\" \/>\n<meta name=\"twitter:site\" content=\"@radioljubuski\" \/>\n<meta name=\"twitter:label1\" content=\"Napisao\/la\" \/>\n\t<meta name=\"twitter:data1\" content=\"Radio Ljubu\u0161ki\" \/>\n\t<meta name=\"twitter:label2\" content=\"Procijenjeno vrijeme \u010ditanja\" \/>\n\t<meta name=\"twitter:data2\" content=\"1 minuta\" \/>\n<script type=\"application\/ld+json\" class=\"yoast-schema-graph\">{\"@context\":\"https:\\\/\\\/schema.org\",\"@graph\":[{\"@type\":\"Article\",\"@id\":\"https:\\\/\\\/radioljubuski.ba\\\/index.php\\\/2022\\\/09\\\/20\\\/za-razliku-od-srbije-i-hrvatske-bih-jos-uvijek-ne-strepi-od-nestasice-secera\\\/#article\",\"isPartOf\":{\"@id\":\"https:\\\/\\\/radioljubuski.ba\\\/index.php\\\/2022\\\/09\\\/20\\\/za-razliku-od-srbije-i-hrvatske-bih-jos-uvijek-ne-strepi-od-nestasice-secera\\\/\"},\"author\":{\"name\":\"Radio Ljubu\u0161ki\",\"@id\":\"https:\\\/\\\/radioljubuski.ba\\\/#\\\/schema\\\/person\\\/19fc700381a780f69665d7956c469e3b\"},\"headline\":\"Za razliku od Srbije i Hrvatske, BiH jo\u0161 uvijek ne strepi od nesta\u0161ice \u0161e\u0107era\",\"datePublished\":\"2022-09-20T11:27:36+00:00\",\"dateModified\":\"2022-09-20T11:27:37+00:00\",\"mainEntityOfPage\":{\"@id\":\"https:\\\/\\\/radioljubuski.ba\\\/index.php\\\/2022\\\/09\\\/20\\\/za-razliku-od-srbije-i-hrvatske-bih-jos-uvijek-ne-strepi-od-nestasice-secera\\\/\"},\"wordCount\":258,\"publisher\":{\"@id\":\"https:\\\/\\\/radioljubuski.ba\\\/#organization\"},\"image\":{\"@id\":\"https:\\\/\\\/radioljubuski.ba\\\/index.php\\\/2022\\\/09\\\/20\\\/za-razliku-od-srbije-i-hrvatske-bih-jos-uvijek-ne-strepi-od-nestasice-secera\\\/#primaryimage\"},\"thumbnailUrl\":\"https:\\\/\\\/radioljubuski.ba\\\/wp-content\\\/uploads\\\/2022\\\/05\\\/oOP7Kwgn_13_secer.jpg\",\"articleSection\":[\"BIH i regija\"],\"inLanguage\":\"hr\"},{\"@type\":\"WebPage\",\"@id\":\"https:\\\/\\\/radioljubuski.ba\\\/index.php\\\/2022\\\/09\\\/20\\\/za-razliku-od-srbije-i-hrvatske-bih-jos-uvijek-ne-strepi-od-nestasice-secera\\\/\",\"url\":\"https:\\\/\\\/radioljubuski.ba\\\/index.php\\\/2022\\\/09\\\/20\\\/za-razliku-od-srbije-i-hrvatske-bih-jos-uvijek-ne-strepi-od-nestasice-secera\\\/\",\"name\":\"Za razliku od Srbije i Hrvatske, BiH jo\u0161 uvijek ne strepi od nesta\u0161ice \u0161e\u0107era - RADIO LJUBU\u0160KI\",\"isPartOf\":{\"@id\":\"https:\\\/\\\/radioljubuski.ba\\\/#website\"},\"primaryImageOfPage\":{\"@id\":\"https:\\\/\\\/radioljubuski.ba\\\/index.php\\\/2022\\\/09\\\/20\\\/za-razliku-od-srbije-i-hrvatske-bih-jos-uvijek-ne-strepi-od-nestasice-secera\\\/#primaryimage\"},\"image\":{\"@id\":\"https:\\\/\\\/radioljubuski.ba\\\/index.php\\\/2022\\\/09\\\/20\\\/za-razliku-od-srbije-i-hrvatske-bih-jos-uvijek-ne-strepi-od-nestasice-secera\\\/#primaryimage\"},\"thumbnailUrl\":\"https:\\\/\\\/radioljubuski.ba\\\/wp-content\\\/uploads\\\/2022\\\/05\\\/oOP7Kwgn_13_secer.jpg\",\"datePublished\":\"2022-09-20T11:27:36+00:00\",\"dateModified\":\"2022-09-20T11:27:37+00:00\",\"breadcrumb\":{\"@id\":\"https:\\\/\\\/radioljubuski.ba\\\/index.php\\\/2022\\\/09\\\/20\\\/za-razliku-od-srbije-i-hrvatske-bih-jos-uvijek-ne-strepi-od-nestasice-secera\\\/#breadcrumb\"},\"inLanguage\":\"hr\",\"potentialAction\":[{\"@type\":\"ReadAction\",\"target\":[\"https:\\\/\\\/radioljubuski.ba\\\/index.php\\\/2022\\\/09\\\/20\\\/za-razliku-od-srbije-i-hrvatske-bih-jos-uvijek-ne-strepi-od-nestasice-secera\\\/\"]}]},{\"@type\":\"ImageObject\",\"inLanguage\":\"hr\",\"@id\":\"https:\\\/\\\/radioljubuski.ba\\\/index.php\\\/2022\\\/09\\\/20\\\/za-razliku-od-srbije-i-hrvatske-bih-jos-uvijek-ne-strepi-od-nestasice-secera\\\/#primaryimage\",\"url\":\"https:\\\/\\\/radioljubuski.ba\\\/wp-content\\\/uploads\\\/2022\\\/05\\\/oOP7Kwgn_13_secer.jpg\",\"contentUrl\":\"https:\\\/\\\/radioljubuski.ba\\\/wp-content\\\/uploads\\\/2022\\\/05\\\/oOP7Kwgn_13_secer.jpg\",\"width\":1000,\"height\":625},{\"@type\":\"BreadcrumbList\",\"@id\":\"https:\\\/\\\/radioljubuski.ba\\\/index.php\\\/2022\\\/09\\\/20\\\/za-razliku-od-srbije-i-hrvatske-bih-jos-uvijek-ne-strepi-od-nestasice-secera\\\/#breadcrumb\",\"itemListElement\":[{\"@type\":\"ListItem\",\"position\":1,\"name\":\"Po\u010detna stranica\",\"item\":\"https:\\\/\\\/radioljubuski.ba\\\/\"},{\"@type\":\"ListItem\",\"position\":2,\"name\":\"Za razliku od Srbije i Hrvatske, BiH jo\u0161 uvijek ne strepi od nesta\u0161ice \u0161e\u0107era\"}]},{\"@type\":\"WebSite\",\"@id\":\"https:\\\/\\\/radioljubuski.ba\\\/#website\",\"url\":\"https:\\\/\\\/radioljubuski.ba\\\/\",\"name\":\"Radio Ljubu\u0161ki\",\"description\":\"Sun\u010dana frekvencija Hercegovine\",\"publisher\":{\"@id\":\"https:\\\/\\\/radioljubuski.ba\\\/#organization\"},\"potentialAction\":[{\"@type\":\"SearchAction\",\"target\":{\"@type\":\"EntryPoint\",\"urlTemplate\":\"https:\\\/\\\/radioljubuski.ba\\\/?s={search_term_string}\"},\"query-input\":{\"@type\":\"PropertyValueSpecification\",\"valueRequired\":true,\"valueName\":\"search_term_string\"}}],\"inLanguage\":\"hr\"},{\"@type\":\"Organization\",\"@id\":\"https:\\\/\\\/radioljubuski.ba\\\/#organization\",\"name\":\"Radio Ljubu\u0161ki\",\"url\":\"https:\\\/\\\/radioljubuski.ba\\\/\",\"logo\":{\"@type\":\"ImageObject\",\"inLanguage\":\"hr\",\"@id\":\"https:\\\/\\\/radioljubuski.ba\\\/#\\\/schema\\\/logo\\\/image\\\/\",\"url\":\"https:\\\/\\\/radioljubuski.ba\\\/wp-content\\\/uploads\\\/2021\\\/02\\\/cropped-Radio_Ljubuski_logo1.jpg\",\"contentUrl\":\"https:\\\/\\\/radioljubuski.ba\\\/wp-content\\\/uploads\\\/2021\\\/02\\\/cropped-Radio_Ljubuski_logo1.jpg\",\"width\":512,\"height\":512,\"caption\":\"Radio Ljubu\u0161ki\"},\"image\":{\"@id\":\"https:\\\/\\\/radioljubuski.ba\\\/#\\\/schema\\\/logo\\\/image\\\/\"},\"sameAs\":[\"https:\\\/\\\/www.facebook.com\\\/Radiio-Ljubuski-1490835324566332\",\"https:\\\/\\\/x.com\\\/radioljubuski\",\"https:\\\/\\\/hr.linkedin.com\\\/company\\\/radio-ljubuski\",\"https:\\\/\\\/www.youtube.com\\\/channel\\\/UCHYaeO_n0Db3tjNGudGpXyw\"]},{\"@type\":\"Person\",\"@id\":\"https:\\\/\\\/radioljubuski.ba\\\/#\\\/schema\\\/person\\\/19fc700381a780f69665d7956c469e3b\",\"name\":\"Radio Ljubu\u0161ki\"}]}<\/script>\n<!-- \/ Yoast SEO plugin. -->","yoast_head_json":{"title":"Za razliku od Srbije i Hrvatske, BiH jo\u0161 uvijek ne strepi od nesta\u0161ice \u0161e\u0107era - RADIO LJUBU\u0160KI","robots":{"index":"index","follow":"follow","max-snippet":"max-snippet:-1","max-image-preview":"max-image-preview:large","max-video-preview":"max-video-preview:-1"},"canonical":"https:\/\/radioljubuski.ba\/index.php\/2022\/09\/20\/za-razliku-od-srbije-i-hrvatske-bih-jos-uvijek-ne-strepi-od-nestasice-secera\/","og_locale":"hr_HR","og_type":"article","og_title":"Za razliku od Srbije i Hrvatske, BiH jo\u0161 uvijek ne strepi od nesta\u0161ice \u0161e\u0107era - RADIO LJUBU\u0160KI","og_description":"Susjedna Srbija ve\u0107 se tjednima bori s nesta\u0161icom \u0161e\u0107era, dr\u017eava ograni\u010dava cijene i pokre\u0107e istragu kako bi utvrdila uzroke, trgovci apeliraju na ograni\u010denu kupnju, a zabilje\u017eeni su i slu\u010dajevi da se kupci otimaju za pakiranje ove namirnice. Nesta\u0161ica prijeti i Hrvatskoj nakon \u0161to je Vlada ograni\u010dila cijenu \u0161e\u0107era, a trgovci ga povla\u010de iz prodaje jer [&hellip;]","og_url":"https:\/\/radioljubuski.ba\/index.php\/2022\/09\/20\/za-razliku-od-srbije-i-hrvatske-bih-jos-uvijek-ne-strepi-od-nestasice-secera\/","og_site_name":"RADIO LJUBU\u0160KI","article_publisher":"https:\/\/www.facebook.com\/Radiio-Ljubuski-1490835324566332","article_published_time":"2022-09-20T11:27:36+00:00","article_modified_time":"2022-09-20T11:27:37+00:00","og_image":[{"width":1000,"height":625,"url":"https:\/\/radioljubuski.ba\/wp-content\/uploads\/2022\/05\/oOP7Kwgn_13_secer.jpg","type":"image\/jpeg"}],"author":"Radio Ljubu\u0161ki","twitter_card":"summary_large_image","twitter_creator":"@radioljubuski","twitter_site":"@radioljubuski","twitter_misc":{"Napisao\/la":"Radio Ljubu\u0161ki","Procijenjeno vrijeme \u010ditanja":"1 minuta"},"schema":{"@context":"https:\/\/schema.org","@graph":[{"@type":"Article","@id":"https:\/\/radioljubuski.ba\/index.php\/2022\/09\/20\/za-razliku-od-srbije-i-hrvatske-bih-jos-uvijek-ne-strepi-od-nestasice-secera\/#article","isPartOf":{"@id":"https:\/\/radioljubuski.ba\/index.php\/2022\/09\/20\/za-razliku-od-srbije-i-hrvatske-bih-jos-uvijek-ne-strepi-od-nestasice-secera\/"},"author":{"name":"Radio Ljubu\u0161ki","@id":"https:\/\/radioljubuski.ba\/#\/schema\/person\/19fc700381a780f69665d7956c469e3b"},"headline":"Za razliku od Srbije i Hrvatske, BiH jo\u0161 uvijek ne strepi od nesta\u0161ice \u0161e\u0107era","datePublished":"2022-09-20T11:27:36+00:00","dateModified":"2022-09-20T11:27:37+00:00","mainEntityOfPage":{"@id":"https:\/\/radioljubuski.ba\/index.php\/2022\/09\/20\/za-razliku-od-srbije-i-hrvatske-bih-jos-uvijek-ne-strepi-od-nestasice-secera\/"},"wordCount":258,"publisher":{"@id":"https:\/\/radioljubuski.ba\/#organization"},"image":{"@id":"https:\/\/radioljubuski.ba\/index.php\/2022\/09\/20\/za-razliku-od-srbije-i-hrvatske-bih-jos-uvijek-ne-strepi-od-nestasice-secera\/#primaryimage"},"thumbnailUrl":"https:\/\/radioljubuski.ba\/wp-content\/uploads\/2022\/05\/oOP7Kwgn_13_secer.jpg","articleSection":["BIH i regija"],"inLanguage":"hr"},{"@type":"WebPage","@id":"https:\/\/radioljubuski.ba\/index.php\/2022\/09\/20\/za-razliku-od-srbije-i-hrvatske-bih-jos-uvijek-ne-strepi-od-nestasice-secera\/","url":"https:\/\/radioljubuski.ba\/index.php\/2022\/09\/20\/za-razliku-od-srbije-i-hrvatske-bih-jos-uvijek-ne-strepi-od-nestasice-secera\/","name":"Za razliku od Srbije i Hrvatske, BiH jo\u0161 uvijek ne strepi od nesta\u0161ice \u0161e\u0107era - RADIO LJUBU\u0160KI","isPartOf":{"@id":"https:\/\/radioljubuski.ba\/#website"},"primaryImageOfPage":{"@id":"https:\/\/radioljubuski.ba\/index.php\/2022\/09\/20\/za-razliku-od-srbije-i-hrvatske-bih-jos-uvijek-ne-strepi-od-nestasice-secera\/#primaryimage"},"image":{"@id":"https:\/\/radioljubuski.ba\/index.php\/2022\/09\/20\/za-razliku-od-srbije-i-hrvatske-bih-jos-uvijek-ne-strepi-od-nestasice-secera\/#primaryimage"},"thumbnailUrl":"https:\/\/radioljubuski.ba\/wp-content\/uploads\/2022\/05\/oOP7Kwgn_13_secer.jpg","datePublished":"2022-09-20T11:27:36+00:00","dateModified":"2022-09-20T11:27:37+00:00","breadcrumb":{"@id":"https:\/\/radioljubuski.ba\/index.php\/2022\/09\/20\/za-razliku-od-srbije-i-hrvatske-bih-jos-uvijek-ne-strepi-od-nestasice-secera\/#breadcrumb"},"inLanguage":"hr","potentialAction":[{"@type":"ReadAction","target":["https:\/\/radioljubuski.ba\/index.php\/2022\/09\/20\/za-razliku-od-srbije-i-hrvatske-bih-jos-uvijek-ne-strepi-od-nestasice-secera\/"]}]},{"@type":"ImageObject","inLanguage":"hr","@id":"https:\/\/radioljubuski.ba\/index.php\/2022\/09\/20\/za-razliku-od-srbije-i-hrvatske-bih-jos-uvijek-ne-strepi-od-nestasice-secera\/#primaryimage","url":"https:\/\/radioljubuski.ba\/wp-content\/uploads\/2022\/05\/oOP7Kwgn_13_secer.jpg","contentUrl":"https:\/\/radioljubuski.ba\/wp-content\/uploads\/2022\/05\/oOP7Kwgn_13_secer.jpg","width":1000,"height":625},{"@type":"BreadcrumbList","@id":"https:\/\/radioljubuski.ba\/index.php\/2022\/09\/20\/za-razliku-od-srbije-i-hrvatske-bih-jos-uvijek-ne-strepi-od-nestasice-secera\/#breadcrumb","itemListElement":[{"@type":"ListItem","position":1,"name":"Po\u010detna stranica","item":"https:\/\/radioljubuski.ba\/"},{"@type":"ListItem","position":2,"name":"Za razliku od Srbije i Hrvatske, BiH jo\u0161 uvijek ne strepi od nesta\u0161ice \u0161e\u0107era"}]},{"@type":"WebSite","@id":"https:\/\/radioljubuski.ba\/#website","url":"https:\/\/radioljubuski.ba\/","name":"Radio Ljubu\u0161ki","description":"Sun\u010dana frekvencija Hercegovine","publisher":{"@id":"https:\/\/radioljubuski.ba\/#organization"},"potentialAction":[{"@type":"SearchAction","target":{"@type":"EntryPoint","urlTemplate":"https:\/\/radioljubuski.ba\/?s={search_term_string}"},"query-input":{"@type":"PropertyValueSpecification","valueRequired":true,"valueName":"search_term_string"}}],"inLanguage":"hr"},{"@type":"Organization","@id":"https:\/\/radioljubuski.ba\/#organization","name":"Radio Ljubu\u0161ki","url":"https:\/\/radioljubuski.ba\/","logo":{"@type":"ImageObject","inLanguage":"hr","@id":"https:\/\/radioljubuski.ba\/#\/schema\/logo\/image\/","url":"https:\/\/radioljubuski.ba\/wp-content\/uploads\/2021\/02\/cropped-Radio_Ljubuski_logo1.jpg","contentUrl":"https:\/\/radioljubuski.ba\/wp-content\/uploads\/2021\/02\/cropped-Radio_Ljubuski_logo1.jpg","width":512,"height":512,"caption":"Radio Ljubu\u0161ki"},"image":{"@id":"https:\/\/radioljubuski.ba\/#\/schema\/logo\/image\/"},"sameAs":["https:\/\/www.facebook.com\/Radiio-Ljubuski-1490835324566332","https:\/\/x.com\/radioljubuski","https:\/\/hr.linkedin.com\/company\/radio-ljubuski","https:\/\/www.youtube.com\/channel\/UCHYaeO_n0Db3tjNGudGpXyw"]},{"@type":"Person","@id":"https:\/\/radioljubuski.ba\/#\/schema\/person\/19fc700381a780f69665d7956c469e3b","name":"Radio Ljubu\u0161ki"}]}},"_links":{"self":[{"href":"https:\/\/radioljubuski.ba\/index.php\/wp-json\/wp\/v2\/posts\/182107","targetHints":{"allow":["GET"]}}],"collection":[{"href":"https:\/\/radioljubuski.ba\/index.php\/wp-json\/wp\/v2\/posts"}],"about":[{"href":"https:\/\/radioljubuski.ba\/index.php\/wp-json\/wp\/v2\/types\/post"}],"author":[{"embeddable":true,"href":"https:\/\/radioljubuski.ba\/index.php\/wp-json\/wp\/v2\/users\/2"}],"replies":[{"embeddable":true,"href":"https:\/\/radioljubuski.ba\/index.php\/wp-json\/wp\/v2\/comments?post=182107"}],"version-history":[{"count":1,"href":"https:\/\/radioljubuski.ba\/index.php\/wp-json\/wp\/v2\/posts\/182107\/revisions"}],"predecessor-version":[{"id":182108,"href":"https:\/\/radioljubuski.ba\/index.php\/wp-json\/wp\/v2\/posts\/182107\/revisions\/182108"}],"wp:featuredmedia":[{"embeddable":true,"href":"https:\/\/radioljubuski.ba\/index.php\/wp-json\/wp\/v2\/media\/144535"}],"wp:attachment":[{"href":"https:\/\/radioljubuski.ba\/index.php\/wp-json\/wp\/v2\/media?parent=182107"}],"wp:term":[{"taxonomy":"category","embeddable":true,"href":"https:\/\/radioljubuski.ba\/index.php\/wp-json\/wp\/v2\/categories?post=182107"},{"taxonomy":"post_tag","embeddable":true,"href":"https:\/\/radioljubuski.ba\/index.php\/wp-json\/wp\/v2\/tags?post=182107"}],"curies":[{"name":"wp","href":"https:\/\/api.w.org\/{rel}","templated":true}]}}