{"id":182109,"date":"2022-09-20T12:29:00","date_gmt":"2022-09-20T11:29:00","guid":{"rendered":"https:\/\/radioljubuski.ba\/?p=182109"},"modified":"2022-09-20T12:29:01","modified_gmt":"2022-09-20T11:29:01","slug":"recesija-i-manja-potraznja-smanjuju-cijene-goriva-i-u-bih","status":"publish","type":"post","link":"https:\/\/radioljubuski.ba\/index.php\/2022\/09\/20\/recesija-i-manja-potraznja-smanjuju-cijene-goriva-i-u-bih\/","title":{"rendered":"Recesija i manja potra\u017enja smanjuju cijene goriva i u BiH"},"content":{"rendered":"\n<p>Zbog straha od mogu\u0107e recesije, ali i manje potra\u017enje za naftnim derivatima, cijene goriva bi u narednom periodu mogle i\u0107i nani\u017ee kako na svjetskom tr\u017ei\u0161tu, tako i u BiH, smatraju sugovornici &#8220;Nezavisnih&#8221;.<\/p>\n\n\n\n<p>Naime, cijene nafte su ju\u010der pale na svjetskom tr\u017ei\u0161tu, i to pod utjecajem bojazni od globalne recesije i o\u010dekivanog pada potra\u017enje za ovim energentom, kao i brige za isporuke uo\u010di primjene embarga na rusku naftu u EU od prosinca.<\/p>\n\n\n\n<p>Brent nafta pojeftinila je za 46 centi i barel trenutno ko\u0161ta 90,89 dolara, a barel sirove nafte u SAD jeftiniji je za 65 centi i prodaje se za 84,46 dolara.<\/p>\n\n\n\n<p>Ekonomista Milenko Stani\u0107 obja\u0161njava za &#8220;Nezavisne&#8221; da velikim stupnjem preciznosti i izvjesnosti mo\u017eemo predvidjeti da \u0107e globalna, europska, ali i ekonomija BiH u narednoj mjeri zbog poduzetih mjera u borbi protiv inflacije u\u0107i u stanje recesije.<\/p>\n\n\n\n<p>&#8220;Naredne godine se o\u010dekuju opadanje stope gospodarskog rasta i ulazak u recesiju. Poslije visokih inflatornih stopa i mjera koje poduzimaju vlade dolazi do stanja recesije i pada gospodarske aktivnosti. Zbog straha od recesije ukupna tra\u017enja pada uslijed male dinamike i intenziteta privredne aktivnosti i sigurno je da \u0107e i potra\u017enja za energentima da pada. Ukoliko se ovako ne\u0161to desi, sigurno je da \u0107e cijene nafte i dalje da opadaju na svjetskom tr\u017ei\u0161tu. Na\u0161a ekonomija prati globalne trendove s odgo\u0111enim dejstvom od mjesec dana i pratit \u0107e pad cijena nafte na svjetskom tr\u017ei\u0161tu, ali ne u potpunosti&#8221;, poja\u0161njava Stani\u0107.<\/p>\n\n\n\n<p>Stru\u010dnjak za energetiku Almir Be\u010darevi\u0107 isti\u010de da ukoliko se nastavi pad vrijednosti nafte na svjetskom tr\u017ei\u0161tu, mo\u017ee se u narednom periodu o\u010dekivati dalji pad cijena goriva u Bosni i Hercegovini.<\/p>\n\n\n\n<p>&#8220;Ipak, ne vjerujem da \u0107e taj pad biti u nekom velikom postotku i mogu\u0107e je da \u0107e to biti samo privremeno. \u0160to se ti\u010de ostalih energenata, nemam tako optimisti\u010dne najave. Ovo trenutno \u0161to se de\u0161ava na svjetskom tr\u017ei\u0161tu nafte je dobro, ali nisam siguran da \u0107emo i u sezonu grijanja u\u0107i s ni\u017eim cijenama nafte na svjetskom tr\u017ei\u0161tu, a tako i kod nas&#8221;, naglasio je Be\u010darevi\u0107.<\/p>\n\n\n\n<p>S jedne pumpe u Banjaluci su nam rekli da je pala cijena naftnih derivata prethodnih dana.<\/p>\n\n\n\n<p>&#8220;Dizel i benzin su u prethodnih desetak dana pojeftinili u prosjeku 10-15 feninga. Tako je trenutno dizel 3,15 KM, a benzin ko\u0161ta oko 2,70 KM za jedan litar&#8221;, kazao je radnik ove pumpe.<\/p>\n\n\n\n<p>Iz jedne benzinske pumpe u Sarajevu su rekli da su u prethodnih nekoliko dana blago sni\u017eene cijene naftnih derivata.<\/p>\n\n\n\n<p>&#8220;Tako su za nekoliko feninga pojeftinili i dizel i benzin. Cijena za litar dizela je trenutno 3,26 KM, a za jedan litar benzina 2,71 KM&#8221;, naveo je radnik ove benzinske pumpe.<\/p>\n\n\n\n<p>U Tuzli su cijene naftnih derivata ne\u0161to vi\u0161e, pa je tako za litar dizela potrebno izdvojiti 3,31 KM, dok benzin ko\u0161ta 2,96 KM.<\/p>\n\n\n\n<p>&#8220;Cijene se prethodnih dana nisu mijenjale, ali prije 10-15 dana je do\u0161lo do blagog pojeftinjenja naftnih derivata za nekoliko feninga&#8221;, kazala je radnica jedne pumpe u Tuzli.<\/p>\n\n\n\n<p>Izvor:nezavisne.com<\/p>\n","protected":false},"excerpt":{"rendered":"<p>Zbog straha od mogu\u0107e recesije, ali i manje potra\u017enje za naftnim derivatima, cijene goriva bi u narednom periodu mogle i\u0107i nani\u017ee kako na svjetskom tr\u017ei\u0161tu, tako i u BiH, smatraju sugovornici &#8220;Nezavisnih&#8221;. Naime, cijene nafte su ju\u010der pale na svjetskom tr\u017ei\u0161tu, i to pod utjecajem bojazni od globalne recesije i o\u010dekivanog pada potra\u017enje za ovim [&hellip;]<\/p>\n","protected":false},"author":2,"featured_media":0,"comment_status":"closed","ping_status":"closed","sticky":false,"template":"","format":"standard","meta":{"h5ap_radio_sources":[],"footnotes":""},"categories":[1],"tags":[],"class_list":["post-182109","post","type-post","status-publish","format-standard","hentry","category-bihiregija"],"yoast_head":"<!-- This site is optimized with the Yoast SEO plugin v27.5 - https:\/\/yoast.com\/product\/yoast-seo-wordpress\/ -->\n<title>Recesija i manja potra\u017enja smanjuju cijene goriva i u BiH - RADIO LJUBU\u0160KI<\/title>\n<meta name=\"robots\" content=\"index, follow, max-snippet:-1, max-image-preview:large, max-video-preview:-1\" \/>\n<link rel=\"canonical\" href=\"https:\/\/radioljubuski.ba\/index.php\/2022\/09\/20\/recesija-i-manja-potraznja-smanjuju-cijene-goriva-i-u-bih\/\" \/>\n<meta property=\"og:locale\" content=\"hr_HR\" \/>\n<meta property=\"og:type\" content=\"article\" \/>\n<meta property=\"og:title\" content=\"Recesija i manja potra\u017enja smanjuju cijene goriva i u BiH - RADIO LJUBU\u0160KI\" \/>\n<meta property=\"og:description\" content=\"Zbog straha od mogu\u0107e recesije, ali i manje potra\u017enje za naftnim derivatima, cijene goriva bi u narednom periodu mogle i\u0107i nani\u017ee kako na svjetskom tr\u017ei\u0161tu, tako i u BiH, smatraju sugovornici &#8220;Nezavisnih&#8221;. Naime, cijene nafte su ju\u010der pale na svjetskom tr\u017ei\u0161tu, i to pod utjecajem bojazni od globalne recesije i o\u010dekivanog pada potra\u017enje za ovim [&hellip;]\" \/>\n<meta property=\"og:url\" content=\"https:\/\/radioljubuski.ba\/index.php\/2022\/09\/20\/recesija-i-manja-potraznja-smanjuju-cijene-goriva-i-u-bih\/\" \/>\n<meta property=\"og:site_name\" content=\"RADIO LJUBU\u0160KI\" \/>\n<meta property=\"article:publisher\" content=\"https:\/\/www.facebook.com\/Radiio-Ljubuski-1490835324566332\" \/>\n<meta property=\"article:published_time\" content=\"2022-09-20T11:29:00+00:00\" \/>\n<meta property=\"article:modified_time\" content=\"2022-09-20T11:29:01+00:00\" \/>\n<meta property=\"og:image\" content=\"https:\/\/radioljubuski.ba\/wp-content\/uploads\/2022\/07\/8-2022-06-07-08-10-29-gorivooo.jpg\" \/>\n\t<meta property=\"og:image:width\" content=\"1000\" \/>\n\t<meta property=\"og:image:height\" content=\"625\" \/>\n\t<meta property=\"og:image:type\" content=\"image\/jpeg\" \/>\n<meta name=\"author\" content=\"Radio Ljubu\u0161ki\" \/>\n<meta name=\"twitter:card\" content=\"summary_large_image\" \/>\n<meta name=\"twitter:creator\" content=\"@radioljubuski\" \/>\n<meta name=\"twitter:site\" content=\"@radioljubuski\" \/>\n<meta name=\"twitter:label1\" content=\"Napisao\/la\" \/>\n\t<meta name=\"twitter:data1\" content=\"Radio Ljubu\u0161ki\" \/>\n\t<meta name=\"twitter:label2\" content=\"Procijenjeno vrijeme \u010ditanja\" \/>\n\t<meta name=\"twitter:data2\" content=\"3 minute\" \/>\n<script type=\"application\/ld+json\" class=\"yoast-schema-graph\">{\"@context\":\"https:\\\/\\\/schema.org\",\"@graph\":[{\"@type\":\"Article\",\"@id\":\"https:\\\/\\\/radioljubuski.ba\\\/index.php\\\/2022\\\/09\\\/20\\\/recesija-i-manja-potraznja-smanjuju-cijene-goriva-i-u-bih\\\/#article\",\"isPartOf\":{\"@id\":\"https:\\\/\\\/radioljubuski.ba\\\/index.php\\\/2022\\\/09\\\/20\\\/recesija-i-manja-potraznja-smanjuju-cijene-goriva-i-u-bih\\\/\"},\"author\":{\"name\":\"Radio Ljubu\u0161ki\",\"@id\":\"https:\\\/\\\/radioljubuski.ba\\\/#\\\/schema\\\/person\\\/19fc700381a780f69665d7956c469e3b\"},\"headline\":\"Recesija i manja potra\u017enja smanjuju cijene goriva i u BiH\",\"datePublished\":\"2022-09-20T11:29:00+00:00\",\"dateModified\":\"2022-09-20T11:29:01+00:00\",\"mainEntityOfPage\":{\"@id\":\"https:\\\/\\\/radioljubuski.ba\\\/index.php\\\/2022\\\/09\\\/20\\\/recesija-i-manja-potraznja-smanjuju-cijene-goriva-i-u-bih\\\/\"},\"wordCount\":535,\"publisher\":{\"@id\":\"https:\\\/\\\/radioljubuski.ba\\\/#organization\"},\"articleSection\":[\"BIH i regija\"],\"inLanguage\":\"hr\"},{\"@type\":\"WebPage\",\"@id\":\"https:\\\/\\\/radioljubuski.ba\\\/index.php\\\/2022\\\/09\\\/20\\\/recesija-i-manja-potraznja-smanjuju-cijene-goriva-i-u-bih\\\/\",\"url\":\"https:\\\/\\\/radioljubuski.ba\\\/index.php\\\/2022\\\/09\\\/20\\\/recesija-i-manja-potraznja-smanjuju-cijene-goriva-i-u-bih\\\/\",\"name\":\"Recesija i manja potra\u017enja smanjuju cijene goriva i u BiH - RADIO LJUBU\u0160KI\",\"isPartOf\":{\"@id\":\"https:\\\/\\\/radioljubuski.ba\\\/#website\"},\"datePublished\":\"2022-09-20T11:29:00+00:00\",\"dateModified\":\"2022-09-20T11:29:01+00:00\",\"breadcrumb\":{\"@id\":\"https:\\\/\\\/radioljubuski.ba\\\/index.php\\\/2022\\\/09\\\/20\\\/recesija-i-manja-potraznja-smanjuju-cijene-goriva-i-u-bih\\\/#breadcrumb\"},\"inLanguage\":\"hr\",\"potentialAction\":[{\"@type\":\"ReadAction\",\"target\":[\"https:\\\/\\\/radioljubuski.ba\\\/index.php\\\/2022\\\/09\\\/20\\\/recesija-i-manja-potraznja-smanjuju-cijene-goriva-i-u-bih\\\/\"]}]},{\"@type\":\"BreadcrumbList\",\"@id\":\"https:\\\/\\\/radioljubuski.ba\\\/index.php\\\/2022\\\/09\\\/20\\\/recesija-i-manja-potraznja-smanjuju-cijene-goriva-i-u-bih\\\/#breadcrumb\",\"itemListElement\":[{\"@type\":\"ListItem\",\"position\":1,\"name\":\"Po\u010detna stranica\",\"item\":\"https:\\\/\\\/radioljubuski.ba\\\/\"},{\"@type\":\"ListItem\",\"position\":2,\"name\":\"Recesija i manja potra\u017enja smanjuju cijene goriva i u BiH\"}]},{\"@type\":\"WebSite\",\"@id\":\"https:\\\/\\\/radioljubuski.ba\\\/#website\",\"url\":\"https:\\\/\\\/radioljubuski.ba\\\/\",\"name\":\"Radio Ljubu\u0161ki\",\"description\":\"Sun\u010dana frekvencija Hercegovine\",\"publisher\":{\"@id\":\"https:\\\/\\\/radioljubuski.ba\\\/#organization\"},\"potentialAction\":[{\"@type\":\"SearchAction\",\"target\":{\"@type\":\"EntryPoint\",\"urlTemplate\":\"https:\\\/\\\/radioljubuski.ba\\\/?s={search_term_string}\"},\"query-input\":{\"@type\":\"PropertyValueSpecification\",\"valueRequired\":true,\"valueName\":\"search_term_string\"}}],\"inLanguage\":\"hr\"},{\"@type\":\"Organization\",\"@id\":\"https:\\\/\\\/radioljubuski.ba\\\/#organization\",\"name\":\"Radio Ljubu\u0161ki\",\"url\":\"https:\\\/\\\/radioljubuski.ba\\\/\",\"logo\":{\"@type\":\"ImageObject\",\"inLanguage\":\"hr\",\"@id\":\"https:\\\/\\\/radioljubuski.ba\\\/#\\\/schema\\\/logo\\\/image\\\/\",\"url\":\"https:\\\/\\\/radioljubuski.ba\\\/wp-content\\\/uploads\\\/2021\\\/02\\\/cropped-Radio_Ljubuski_logo1.jpg\",\"contentUrl\":\"https:\\\/\\\/radioljubuski.ba\\\/wp-content\\\/uploads\\\/2021\\\/02\\\/cropped-Radio_Ljubuski_logo1.jpg\",\"width\":512,\"height\":512,\"caption\":\"Radio Ljubu\u0161ki\"},\"image\":{\"@id\":\"https:\\\/\\\/radioljubuski.ba\\\/#\\\/schema\\\/logo\\\/image\\\/\"},\"sameAs\":[\"https:\\\/\\\/www.facebook.com\\\/Radiio-Ljubuski-1490835324566332\",\"https:\\\/\\\/x.com\\\/radioljubuski\",\"https:\\\/\\\/hr.linkedin.com\\\/company\\\/radio-ljubuski\",\"https:\\\/\\\/www.youtube.com\\\/channel\\\/UCHYaeO_n0Db3tjNGudGpXyw\"]},{\"@type\":\"Person\",\"@id\":\"https:\\\/\\\/radioljubuski.ba\\\/#\\\/schema\\\/person\\\/19fc700381a780f69665d7956c469e3b\",\"name\":\"Radio Ljubu\u0161ki\"}]}<\/script>\n<!-- \/ Yoast SEO plugin. -->","yoast_head_json":{"title":"Recesija i manja potra\u017enja smanjuju cijene goriva i u BiH - RADIO LJUBU\u0160KI","robots":{"index":"index","follow":"follow","max-snippet":"max-snippet:-1","max-image-preview":"max-image-preview:large","max-video-preview":"max-video-preview:-1"},"canonical":"https:\/\/radioljubuski.ba\/index.php\/2022\/09\/20\/recesija-i-manja-potraznja-smanjuju-cijene-goriva-i-u-bih\/","og_locale":"hr_HR","og_type":"article","og_title":"Recesija i manja potra\u017enja smanjuju cijene goriva i u BiH - RADIO LJUBU\u0160KI","og_description":"Zbog straha od mogu\u0107e recesije, ali i manje potra\u017enje za naftnim derivatima, cijene goriva bi u narednom periodu mogle i\u0107i nani\u017ee kako na svjetskom tr\u017ei\u0161tu, tako i u BiH, smatraju sugovornici &#8220;Nezavisnih&#8221;. Naime, cijene nafte su ju\u010der pale na svjetskom tr\u017ei\u0161tu, i to pod utjecajem bojazni od globalne recesije i o\u010dekivanog pada potra\u017enje za ovim [&hellip;]","og_url":"https:\/\/radioljubuski.ba\/index.php\/2022\/09\/20\/recesija-i-manja-potraznja-smanjuju-cijene-goriva-i-u-bih\/","og_site_name":"RADIO LJUBU\u0160KI","article_publisher":"https:\/\/www.facebook.com\/Radiio-Ljubuski-1490835324566332","article_published_time":"2022-09-20T11:29:00+00:00","article_modified_time":"2022-09-20T11:29:01+00:00","og_image":[{"width":1000,"height":625,"url":"https:\/\/radioljubuski.ba\/wp-content\/uploads\/2022\/07\/8-2022-06-07-08-10-29-gorivooo.jpg","type":"image\/jpeg"}],"author":"Radio Ljubu\u0161ki","twitter_card":"summary_large_image","twitter_creator":"@radioljubuski","twitter_site":"@radioljubuski","twitter_misc":{"Napisao\/la":"Radio Ljubu\u0161ki","Procijenjeno vrijeme \u010ditanja":"3 minute"},"schema":{"@context":"https:\/\/schema.org","@graph":[{"@type":"Article","@id":"https:\/\/radioljubuski.ba\/index.php\/2022\/09\/20\/recesija-i-manja-potraznja-smanjuju-cijene-goriva-i-u-bih\/#article","isPartOf":{"@id":"https:\/\/radioljubuski.ba\/index.php\/2022\/09\/20\/recesija-i-manja-potraznja-smanjuju-cijene-goriva-i-u-bih\/"},"author":{"name":"Radio Ljubu\u0161ki","@id":"https:\/\/radioljubuski.ba\/#\/schema\/person\/19fc700381a780f69665d7956c469e3b"},"headline":"Recesija i manja potra\u017enja smanjuju cijene goriva i u BiH","datePublished":"2022-09-20T11:29:00+00:00","dateModified":"2022-09-20T11:29:01+00:00","mainEntityOfPage":{"@id":"https:\/\/radioljubuski.ba\/index.php\/2022\/09\/20\/recesija-i-manja-potraznja-smanjuju-cijene-goriva-i-u-bih\/"},"wordCount":535,"publisher":{"@id":"https:\/\/radioljubuski.ba\/#organization"},"articleSection":["BIH i regija"],"inLanguage":"hr"},{"@type":"WebPage","@id":"https:\/\/radioljubuski.ba\/index.php\/2022\/09\/20\/recesija-i-manja-potraznja-smanjuju-cijene-goriva-i-u-bih\/","url":"https:\/\/radioljubuski.ba\/index.php\/2022\/09\/20\/recesija-i-manja-potraznja-smanjuju-cijene-goriva-i-u-bih\/","name":"Recesija i manja potra\u017enja smanjuju cijene goriva i u BiH - RADIO LJUBU\u0160KI","isPartOf":{"@id":"https:\/\/radioljubuski.ba\/#website"},"datePublished":"2022-09-20T11:29:00+00:00","dateModified":"2022-09-20T11:29:01+00:00","breadcrumb":{"@id":"https:\/\/radioljubuski.ba\/index.php\/2022\/09\/20\/recesija-i-manja-potraznja-smanjuju-cijene-goriva-i-u-bih\/#breadcrumb"},"inLanguage":"hr","potentialAction":[{"@type":"ReadAction","target":["https:\/\/radioljubuski.ba\/index.php\/2022\/09\/20\/recesija-i-manja-potraznja-smanjuju-cijene-goriva-i-u-bih\/"]}]},{"@type":"BreadcrumbList","@id":"https:\/\/radioljubuski.ba\/index.php\/2022\/09\/20\/recesija-i-manja-potraznja-smanjuju-cijene-goriva-i-u-bih\/#breadcrumb","itemListElement":[{"@type":"ListItem","position":1,"name":"Po\u010detna stranica","item":"https:\/\/radioljubuski.ba\/"},{"@type":"ListItem","position":2,"name":"Recesija i manja potra\u017enja smanjuju cijene goriva i u BiH"}]},{"@type":"WebSite","@id":"https:\/\/radioljubuski.ba\/#website","url":"https:\/\/radioljubuski.ba\/","name":"Radio Ljubu\u0161ki","description":"Sun\u010dana frekvencija Hercegovine","publisher":{"@id":"https:\/\/radioljubuski.ba\/#organization"},"potentialAction":[{"@type":"SearchAction","target":{"@type":"EntryPoint","urlTemplate":"https:\/\/radioljubuski.ba\/?s={search_term_string}"},"query-input":{"@type":"PropertyValueSpecification","valueRequired":true,"valueName":"search_term_string"}}],"inLanguage":"hr"},{"@type":"Organization","@id":"https:\/\/radioljubuski.ba\/#organization","name":"Radio Ljubu\u0161ki","url":"https:\/\/radioljubuski.ba\/","logo":{"@type":"ImageObject","inLanguage":"hr","@id":"https:\/\/radioljubuski.ba\/#\/schema\/logo\/image\/","url":"https:\/\/radioljubuski.ba\/wp-content\/uploads\/2021\/02\/cropped-Radio_Ljubuski_logo1.jpg","contentUrl":"https:\/\/radioljubuski.ba\/wp-content\/uploads\/2021\/02\/cropped-Radio_Ljubuski_logo1.jpg","width":512,"height":512,"caption":"Radio Ljubu\u0161ki"},"image":{"@id":"https:\/\/radioljubuski.ba\/#\/schema\/logo\/image\/"},"sameAs":["https:\/\/www.facebook.com\/Radiio-Ljubuski-1490835324566332","https:\/\/x.com\/radioljubuski","https:\/\/hr.linkedin.com\/company\/radio-ljubuski","https:\/\/www.youtube.com\/channel\/UCHYaeO_n0Db3tjNGudGpXyw"]},{"@type":"Person","@id":"https:\/\/radioljubuski.ba\/#\/schema\/person\/19fc700381a780f69665d7956c469e3b","name":"Radio Ljubu\u0161ki"}]}},"_links":{"self":[{"href":"https:\/\/radioljubuski.ba\/index.php\/wp-json\/wp\/v2\/posts\/182109","targetHints":{"allow":["GET"]}}],"collection":[{"href":"https:\/\/radioljubuski.ba\/index.php\/wp-json\/wp\/v2\/posts"}],"about":[{"href":"https:\/\/radioljubuski.ba\/index.php\/wp-json\/wp\/v2\/types\/post"}],"author":[{"embeddable":true,"href":"https:\/\/radioljubuski.ba\/index.php\/wp-json\/wp\/v2\/users\/2"}],"replies":[{"embeddable":true,"href":"https:\/\/radioljubuski.ba\/index.php\/wp-json\/wp\/v2\/comments?post=182109"}],"version-history":[{"count":1,"href":"https:\/\/radioljubuski.ba\/index.php\/wp-json\/wp\/v2\/posts\/182109\/revisions"}],"predecessor-version":[{"id":182110,"href":"https:\/\/radioljubuski.ba\/index.php\/wp-json\/wp\/v2\/posts\/182109\/revisions\/182110"}],"wp:attachment":[{"href":"https:\/\/radioljubuski.ba\/index.php\/wp-json\/wp\/v2\/media?parent=182109"}],"wp:term":[{"taxonomy":"category","embeddable":true,"href":"https:\/\/radioljubuski.ba\/index.php\/wp-json\/wp\/v2\/categories?post=182109"},{"taxonomy":"post_tag","embeddable":true,"href":"https:\/\/radioljubuski.ba\/index.php\/wp-json\/wp\/v2\/tags?post=182109"}],"curies":[{"name":"wp","href":"https:\/\/api.w.org\/{rel}","templated":true}]}}