{"id":18213,"date":"2021-05-03T12:27:43","date_gmt":"2021-05-03T11:27:43","guid":{"rendered":"https:\/\/radioljubuski.ba\/?p=18213"},"modified":"2021-05-03T12:27:43","modified_gmt":"2021-05-03T11:27:43","slug":"aladrovic-trebat-ce-produljiti-radni-vijek","status":"publish","type":"post","link":"https:\/\/radioljubuski.ba\/index.php\/2021\/05\/03\/aladrovic-trebat-ce-produljiti-radni-vijek\/","title":{"rendered":"Aladrovi\u0107: Trebat \u0107e produljiti radni vijek"},"content":{"rendered":"\n<p>\u0160to bi radnicima, ali i poslodavcima trebao donijeti najavljeni novi zakon o radu? Kako se epidemija odra\u017eava na tr\u017ei\u0161te rada i po\u0161tovanje radni\u010dkih prava?&nbsp; Ministar rada, mirovinskog sustava, obitelji i socijalne politike Josip Aladrovi\u0107 rekao je u emisiji &#8220;U mre\u017ei Prvog&#8221;&nbsp; da je Vlada kao prioritet stavila o\u010duvanje radnih mjesta.&nbsp;<\/p>\n\n\n\n<p><strong>Sever: Kod radnika se pojavio strah<\/strong><br><br>Predsjednik Nezavisnih hrvatskih sindikata <strong>Kre\u0161imir Sever<\/strong> kazao je kako radnici nisu u sredi\u0161tu pozornosti, kao \u0161to se to znalo doga\u0111ati prija\u0161njih godina, jer je kriza postala puno va\u017enija tema. Dodao je da su radni\u010dki problemi stavljeni u stranu, ali oni postoje i tu su.<br><br>&#8211; \u0160to je najgore u koroni su se \u010dak i poja\u010dali, Vlada je uspjela svojim mjerama zaustaviti otpu\u0161tanje. Me\u0111utim, puno drugih stvari sakrilo se pod tepih. Ljudi su u krizi stjerani raditi od ku\u0107e, ali bez dodatka Ugovora o radu. Nije ih nitko pitao imaju li uop\u0107e uvjete za takav rad ili nemaju, istaknuo je Sever.<br><br>Sever je rekao da su neki poslodavci radnicima uzimali od godi\u0161njeg odmora za rad od ku\u0107e, a neki su tjerani prisilno na godi\u0161nje odmore. Kazao je da je Vlada ispla\u0107ivala \u010detiri tisu\u0107e kuna za radna mjesta, a pojedini poslodavci su stavljali radnike na minimalnu pla\u0107u, pa su razliku zadr\u017eavali sebi.<br><br>Sever je naglasio da su ljudi u to vrijeme \u017eivjeli jako te\u0161ko,\u00a0 pogotovo jer im nedostaju dru\u0161tveno-socijalni kontakti. Predsjednik Nezavisnih hrvatskih sindikata istaknuo je kako su u po\u010detku epidemija neki radnici radili \u010dak i bez za\u0161titne opreme. Kod radnika se pojavio i strah od gubitka posla, bolesti, smrti.<br><br>&#8211; Tek sada se vidi koliko je radnik va\u017ean, bez radnika nema ni\u0161ta, dodao je.\u00a0<\/p>\n\n\n\n<iframe loading=\"lazy\" src=\"https:\/\/www.facebook.com\/plugins\/video.php?height=314&#038;href=https%3A%2F%2Fwww.facebook.com%2Fprviprogramradija%2Fvideos%2F198457482094232%2F&#038;show_text=false&#038;width=560\" width=\"560\" height=\"314\" style=\"border:none;overflow:hidden\" scrolling=\"no\" frameborder=\"0\" allowfullscreen=\"true\" allow=\"autoplay; clipboard-write; encrypted-media; picture-in-picture; web-share\" allowFullScreen=\"true\"><\/iframe>\n\n\n\n<p><strong>Aladrovi\u0107: Ekonomija i radna mjesta su o\u010duvana<\/strong><br><br>Ministar rada, mirovinskog sustava, obitelji i socijalne politike<strong> Josip Aladrovi\u0107<\/strong> rekao je kada slu\u0161a predsjednika Nezavisnih hrvatskih sindikata Kre\u0161imira Severa da situacija izgleda dosta negativno te da smatra da on pretjeruje. Sever je odgovorio ministru da nisu to pretjerivanja, ve\u0107 da se ljudi boje.<br><br>Aladrovi\u0107 je naglasio da razumije strah, ali da su u koronakrizi bili svi zajedno i poslodavci, i sindikati i Vlada. Istaknuo je da je Vlada kao glavni prioritet stavila o\u010duvanje radnih mjesta.<br><br>&#8211; Ekonomija i radna mjesta su o\u010duvana, rekao je ministar Aladrovi\u0107.<br><br>Poru\u010dio je da po\u010dinje i formalna faza dono\u0161enja zakona o radu te da \u0107e se njime minimalizirati problemi o kojima govori Sever.<br><br>&#8211; Situacija nije crna, ali mo\u017ee biti i bolja, naglasio je ministar.<\/p>\n\n\n\n<p><strong>Zori\u0107: Dobri radnici su vrijednost koja se njeguje i \u010duva<\/strong><br><br>Glavni direktor Hrvatske udruge poslodavaca<strong> Damir Zori\u0107<\/strong> nije se slo\u017eio sa Severom. Rekao je da, ako je neki poslodavac radio krivo, on ima svoje ime i prezime, a ne treba generalizirati sve poslodavce.<br><br>&#8211; Prije bih rekao da je stanje onakvo kao \u0161to je kazao ministar Aladrovi\u0107 &#8211; negativnih pojava ima svugdje, ali u ve\u0107ini slu\u010dajeva u ovoj pandemiji odradio se zajedni\u010dki dobar posao, dodao je.<br><br>Naglasio je da strahove imaju i poslodavci, a ne samo radnici.<br><br>Zori\u0107 je poru\u010dio da poslodavci dana\u0161njice svoje radnike tretiraju kao dobar kapital svoje tvrtke.<br><br>&#8211; Dobri radnici su u svakoj tvrtki vrijednost koja se njeguje i \u010duva, istaknuo je glavni direktor Hrvatske udruge poslodavaca.<br><br>Zori\u0107 je rekao kako se lo\u0161i radnici pojavljuju kao problem, ali na sre\u0107u oni nisu u ve\u0107ini. Dodao je da treba rije\u0161iti pojedine probleme poput rada na daljinu, jer on nije stavljen u Zakon o radu. Istaknuo je da vi\u0161e od trideset posto ljudi u ovoj pandemiji radi na daljinu.<br><br>Sever je rekao da je trideset posto pretjerano, ali da najve\u0107i dio ljudi mora dolaziti na posao ili mora doma \u010dekati da ga se zove na posao.<br><br>&#8211; Ako netko radi na izdvojenom mjestu rada, popularno od ku\u0107e, to mora biti dragovoljno i rije\u0161eno ugovorom, rekao je Sever.<br><br>Sever je kazao da taj problem ne treba rje\u0161avati Zakonom o radu jer je to ve\u0107 rije\u0161eno kolektivnim ugovorima ili sli\u010dno.&nbsp;&nbsp;<\/p>\n\n\n\n<p><strong>&#8220;U novom zakonu o radu bit \u0107e reguliran rad na daljinu&#8221;<\/strong><br><br>Ministar rada, mirovinskog sustava, obitelji i socijalne politike Josip Aladrovi\u0107 rekao je da \u0107e u novom zakonu o radu biti reguliran rad na daljinu te da je ve\u0107 postavljen okvir toga zakona.<br><br>&#8211; Taj akt \u0107e biti prijedlog novog zakona o radu, koji bi trebao puno kvalitetnije definirati i uloge poslodavaca i ulogu radnika te njihovu za\u0161titu, naglasio je Aladrovi\u0107.<br><br>Poru\u010dio je da je intencija pokretanja same konzultativne procedure bila jer smatraju da radnik u Hrvatskoj treba biti konkurentniji, pa i za\u0161ti\u0107eniji, te da trebaju imati ugovore sigurnije forme. Osvrnuo se i na rad na odre\u0111eno vrijeme.<br><br>&#8211; Ono \u0161to trebamo mijenjati je vezati ugovore na sigurnije oblike rada, a da bismo to u\u010dinili moramo i jednu i drugu vrstu rada izbalansirati. To je nekakva po\u010detna pozicija Vlade Republike Hrvatske, rekao je ministar.&nbsp;<br><br>Aladrovi\u0107 je istaknuo da se pazi na prava radnika.&nbsp;<\/p>\n\n\n\n<h3 class=\"wp-block-heading\">\u201cDobri radnici su u svakoj tvrtki vrijednost koja se njeguje i \u010duva\u201d<\/h3>\n\n\n\n<h3 class=\"wp-block-heading\">Damir Zori\u0107<\/h3>\n\n\n\n<p><strong>&#8220;Prvo treba ne\u0161to stvori, a onda dijeliti&#8221;<\/strong><br>Zori\u0107 je kazao da trebamo dobiti zakon koji \u0107e biti ure\u0111en na europskoj razini.<br><br>Smanjenje ugovora na odre\u0111eno vrijeme odgovara i poslodavcima, rekao je.<br><br>Zori\u0107 je dodao da treba imati fleksibilniji zakon te da treba&nbsp; njime urediti mnoge stvari. Sever je rekao da je problem upravo u fleksibilnijem zakonu, jer upravo zbog toga dolazi do nesigurnosti radnog mjesta.<br><br>Aladrovi\u0107 je rekao da trebamo novi zakon o radu koji \u0107e kvalitetnije regulirati rad u Republici Hrvatskoj.<br><br>Zori\u0107 je rekao da treba prvo ne\u0161to stvoriti, a onda dijeliti.<br><br>&#8211; Znanstvene studije pokazuju da fleksibilnost rada u izravnoj vezi s produktivno\u0161\u0107u, dodao je.<\/p>\n\n\n\n<p><strong>Aladrovi\u0107: U budu\u0107nosti \u0107emo morati pove\u0107avati radni vijek<\/strong><br>Aladrovi\u0107 je kazao kako ne treba umanjivati pravo odlaska u mirovinu.<br><br>&#8211; Taj balans izme\u0111u Zakona o radu s jedne strane i Zakona o mirovinskom osiguranju treba mo\u017eda malo bolje poslo\u017eiti. \u010cinjenica je da samim duljim ostankom u svijetu rada stvara se ve\u0107a dodana vrijednost, stvaraju se bolji parametri, ve\u0107i parametri za ve\u0107u mirovinu u starosti, istaknuo je.<br><br>Naglasio je da ljudi dulje \u017eive i da \u0107emo u sljede\u0107em periodu sigurno morati raditi dulje.\u00a0<br><br>&#8211; U budu\u0107nost \u0107emo morati pove\u0107avati radni vijek. To nije ni\u0161ta novo, poru\u010dio je.<br><br>Dodao je da se novi zakon o radu mo\u017ee o\u010dekivati tijekom 2022.\u00a0<\/p>\n\n\n\n<iframe loading=\"lazy\" src=\"https:\/\/www.facebook.com\/plugins\/video.php?height=476&#038;href=https%3A%2F%2Fwww.facebook.com%2FHRTvijesti%2Fvideos%2F925684294953523%2F&#038;show_text=false&#038;width=476\" width=\"476\" height=\"476\" style=\"border:none;overflow:hidden\" scrolling=\"no\" frameborder=\"0\" allowfullscreen=\"true\" allow=\"autoplay; clipboard-write; encrypted-media; picture-in-picture; web-share\" allowFullScreen=\"true\"><\/iframe>\n\n\n\n<p>Izvor:hrt.hr<\/p>\n","protected":false},"excerpt":{"rendered":"<p>\u0160to bi radnicima, ali i poslodavcima trebao donijeti najavljeni novi zakon o radu? Kako se epidemija odra\u017eava na tr\u017ei\u0161te rada i po\u0161tovanje radni\u010dkih prava?&nbsp; Ministar rada, mirovinskog sustava, obitelji i socijalne politike Josip Aladrovi\u0107 rekao je u emisiji &#8220;U mre\u017ei Prvog&#8221;&nbsp; da je Vlada kao prioritet stavila o\u010duvanje radnih mjesta.&nbsp; Sever: Kod radnika se pojavio [&hellip;]<\/p>\n","protected":false},"author":2,"featured_media":18214,"comment_status":"closed","ping_status":"closed","sticky":false,"template":"","format":"standard","meta":{"h5ap_radio_sources":[],"footnotes":""},"categories":[1],"tags":[],"class_list":["post-18213","post","type-post","status-publish","format-standard","has-post-thumbnail","hentry","category-bihiregija"],"yoast_head":"<!-- This site is optimized with the Yoast SEO plugin v27.5 - https:\/\/yoast.com\/product\/yoast-seo-wordpress\/ -->\n<title>Aladrovi\u0107: Trebat \u0107e produljiti radni vijek - RADIO LJUBU\u0160KI<\/title>\n<meta name=\"robots\" content=\"index, follow, max-snippet:-1, max-image-preview:large, max-video-preview:-1\" \/>\n<link rel=\"canonical\" href=\"https:\/\/radioljubuski.ba\/index.php\/2021\/05\/03\/aladrovic-trebat-ce-produljiti-radni-vijek\/\" \/>\n<meta property=\"og:locale\" content=\"hr_HR\" \/>\n<meta property=\"og:type\" content=\"article\" \/>\n<meta property=\"og:title\" content=\"Aladrovi\u0107: Trebat \u0107e produljiti radni vijek - RADIO LJUBU\u0160KI\" \/>\n<meta property=\"og:description\" content=\"\u0160to bi radnicima, ali i poslodavcima trebao donijeti najavljeni novi zakon o radu? Kako se epidemija odra\u017eava na tr\u017ei\u0161te rada i po\u0161tovanje radni\u010dkih prava?&nbsp; Ministar rada, mirovinskog sustava, obitelji i socijalne politike Josip Aladrovi\u0107 rekao je u emisiji &#8220;U mre\u017ei Prvog&#8221;&nbsp; da je Vlada kao prioritet stavila o\u010duvanje radnih mjesta.&nbsp; Sever: Kod radnika se pojavio [&hellip;]\" \/>\n<meta property=\"og:url\" content=\"https:\/\/radioljubuski.ba\/index.php\/2021\/05\/03\/aladrovic-trebat-ce-produljiti-radni-vijek\/\" \/>\n<meta property=\"og:site_name\" content=\"RADIO LJUBU\u0160KI\" \/>\n<meta property=\"article:publisher\" content=\"https:\/\/www.facebook.com\/Radiio-Ljubuski-1490835324566332\" \/>\n<meta property=\"article:published_time\" content=\"2021-05-03T11:27:43+00:00\" \/>\n<meta property=\"og:image\" content=\"https:\/\/radioljubuski.ba\/wp-content\/uploads\/2021\/05\/u-mrezi-prvog-frame-4394-20210503054535.jpg\" \/>\n\t<meta property=\"og:image:width\" content=\"600\" \/>\n\t<meta property=\"og:image:height\" content=\"249\" \/>\n\t<meta property=\"og:image:type\" content=\"image\/jpeg\" \/>\n<meta name=\"author\" content=\"Radio Ljubu\u0161ki\" \/>\n<meta name=\"twitter:card\" content=\"summary_large_image\" \/>\n<meta name=\"twitter:creator\" content=\"@radioljubuski\" \/>\n<meta name=\"twitter:site\" content=\"@radioljubuski\" \/>\n<meta name=\"twitter:label1\" content=\"Napisao\/la\" \/>\n\t<meta name=\"twitter:data1\" content=\"Radio Ljubu\u0161ki\" \/>\n\t<meta name=\"twitter:label2\" content=\"Procijenjeno vrijeme \u010ditanja\" \/>\n\t<meta name=\"twitter:data2\" content=\"6 minuta\" \/>\n<script type=\"application\/ld+json\" class=\"yoast-schema-graph\">{\"@context\":\"https:\\\/\\\/schema.org\",\"@graph\":[{\"@type\":\"Article\",\"@id\":\"https:\\\/\\\/radioljubuski.ba\\\/index.php\\\/2021\\\/05\\\/03\\\/aladrovic-trebat-ce-produljiti-radni-vijek\\\/#article\",\"isPartOf\":{\"@id\":\"https:\\\/\\\/radioljubuski.ba\\\/index.php\\\/2021\\\/05\\\/03\\\/aladrovic-trebat-ce-produljiti-radni-vijek\\\/\"},\"author\":{\"name\":\"Radio Ljubu\u0161ki\",\"@id\":\"https:\\\/\\\/radioljubuski.ba\\\/#\\\/schema\\\/person\\\/19fc700381a780f69665d7956c469e3b\"},\"headline\":\"Aladrovi\u0107: Trebat \u0107e produljiti radni vijek\",\"datePublished\":\"2021-05-03T11:27:43+00:00\",\"mainEntityOfPage\":{\"@id\":\"https:\\\/\\\/radioljubuski.ba\\\/index.php\\\/2021\\\/05\\\/03\\\/aladrovic-trebat-ce-produljiti-radni-vijek\\\/\"},\"wordCount\":1119,\"publisher\":{\"@id\":\"https:\\\/\\\/radioljubuski.ba\\\/#organization\"},\"image\":{\"@id\":\"https:\\\/\\\/radioljubuski.ba\\\/index.php\\\/2021\\\/05\\\/03\\\/aladrovic-trebat-ce-produljiti-radni-vijek\\\/#primaryimage\"},\"thumbnailUrl\":\"https:\\\/\\\/radioljubuski.ba\\\/wp-content\\\/uploads\\\/2021\\\/05\\\/u-mrezi-prvog-frame-4394-20210503054535.jpg\",\"articleSection\":[\"BIH i regija\"],\"inLanguage\":\"hr\"},{\"@type\":\"WebPage\",\"@id\":\"https:\\\/\\\/radioljubuski.ba\\\/index.php\\\/2021\\\/05\\\/03\\\/aladrovic-trebat-ce-produljiti-radni-vijek\\\/\",\"url\":\"https:\\\/\\\/radioljubuski.ba\\\/index.php\\\/2021\\\/05\\\/03\\\/aladrovic-trebat-ce-produljiti-radni-vijek\\\/\",\"name\":\"Aladrovi\u0107: Trebat \u0107e produljiti radni vijek - RADIO LJUBU\u0160KI\",\"isPartOf\":{\"@id\":\"https:\\\/\\\/radioljubuski.ba\\\/#website\"},\"primaryImageOfPage\":{\"@id\":\"https:\\\/\\\/radioljubuski.ba\\\/index.php\\\/2021\\\/05\\\/03\\\/aladrovic-trebat-ce-produljiti-radni-vijek\\\/#primaryimage\"},\"image\":{\"@id\":\"https:\\\/\\\/radioljubuski.ba\\\/index.php\\\/2021\\\/05\\\/03\\\/aladrovic-trebat-ce-produljiti-radni-vijek\\\/#primaryimage\"},\"thumbnailUrl\":\"https:\\\/\\\/radioljubuski.ba\\\/wp-content\\\/uploads\\\/2021\\\/05\\\/u-mrezi-prvog-frame-4394-20210503054535.jpg\",\"datePublished\":\"2021-05-03T11:27:43+00:00\",\"breadcrumb\":{\"@id\":\"https:\\\/\\\/radioljubuski.ba\\\/index.php\\\/2021\\\/05\\\/03\\\/aladrovic-trebat-ce-produljiti-radni-vijek\\\/#breadcrumb\"},\"inLanguage\":\"hr\",\"potentialAction\":[{\"@type\":\"ReadAction\",\"target\":[\"https:\\\/\\\/radioljubuski.ba\\\/index.php\\\/2021\\\/05\\\/03\\\/aladrovic-trebat-ce-produljiti-radni-vijek\\\/\"]}]},{\"@type\":\"ImageObject\",\"inLanguage\":\"hr\",\"@id\":\"https:\\\/\\\/radioljubuski.ba\\\/index.php\\\/2021\\\/05\\\/03\\\/aladrovic-trebat-ce-produljiti-radni-vijek\\\/#primaryimage\",\"url\":\"https:\\\/\\\/radioljubuski.ba\\\/wp-content\\\/uploads\\\/2021\\\/05\\\/u-mrezi-prvog-frame-4394-20210503054535.jpg\",\"contentUrl\":\"https:\\\/\\\/radioljubuski.ba\\\/wp-content\\\/uploads\\\/2021\\\/05\\\/u-mrezi-prvog-frame-4394-20210503054535.jpg\",\"width\":600,\"height\":249},{\"@type\":\"BreadcrumbList\",\"@id\":\"https:\\\/\\\/radioljubuski.ba\\\/index.php\\\/2021\\\/05\\\/03\\\/aladrovic-trebat-ce-produljiti-radni-vijek\\\/#breadcrumb\",\"itemListElement\":[{\"@type\":\"ListItem\",\"position\":1,\"name\":\"Po\u010detna stranica\",\"item\":\"https:\\\/\\\/radioljubuski.ba\\\/\"},{\"@type\":\"ListItem\",\"position\":2,\"name\":\"Aladrovi\u0107: Trebat \u0107e produljiti radni vijek\"}]},{\"@type\":\"WebSite\",\"@id\":\"https:\\\/\\\/radioljubuski.ba\\\/#website\",\"url\":\"https:\\\/\\\/radioljubuski.ba\\\/\",\"name\":\"Radio Ljubu\u0161ki\",\"description\":\"Sun\u010dana frekvencija Hercegovine\",\"publisher\":{\"@id\":\"https:\\\/\\\/radioljubuski.ba\\\/#organization\"},\"potentialAction\":[{\"@type\":\"SearchAction\",\"target\":{\"@type\":\"EntryPoint\",\"urlTemplate\":\"https:\\\/\\\/radioljubuski.ba\\\/?s={search_term_string}\"},\"query-input\":{\"@type\":\"PropertyValueSpecification\",\"valueRequired\":true,\"valueName\":\"search_term_string\"}}],\"inLanguage\":\"hr\"},{\"@type\":\"Organization\",\"@id\":\"https:\\\/\\\/radioljubuski.ba\\\/#organization\",\"name\":\"Radio Ljubu\u0161ki\",\"url\":\"https:\\\/\\\/radioljubuski.ba\\\/\",\"logo\":{\"@type\":\"ImageObject\",\"inLanguage\":\"hr\",\"@id\":\"https:\\\/\\\/radioljubuski.ba\\\/#\\\/schema\\\/logo\\\/image\\\/\",\"url\":\"https:\\\/\\\/radioljubuski.ba\\\/wp-content\\\/uploads\\\/2021\\\/02\\\/cropped-Radio_Ljubuski_logo1.jpg\",\"contentUrl\":\"https:\\\/\\\/radioljubuski.ba\\\/wp-content\\\/uploads\\\/2021\\\/02\\\/cropped-Radio_Ljubuski_logo1.jpg\",\"width\":512,\"height\":512,\"caption\":\"Radio Ljubu\u0161ki\"},\"image\":{\"@id\":\"https:\\\/\\\/radioljubuski.ba\\\/#\\\/schema\\\/logo\\\/image\\\/\"},\"sameAs\":[\"https:\\\/\\\/www.facebook.com\\\/Radiio-Ljubuski-1490835324566332\",\"https:\\\/\\\/x.com\\\/radioljubuski\",\"https:\\\/\\\/hr.linkedin.com\\\/company\\\/radio-ljubuski\",\"https:\\\/\\\/www.youtube.com\\\/channel\\\/UCHYaeO_n0Db3tjNGudGpXyw\"]},{\"@type\":\"Person\",\"@id\":\"https:\\\/\\\/radioljubuski.ba\\\/#\\\/schema\\\/person\\\/19fc700381a780f69665d7956c469e3b\",\"name\":\"Radio Ljubu\u0161ki\"}]}<\/script>\n<!-- \/ Yoast SEO plugin. -->","yoast_head_json":{"title":"Aladrovi\u0107: Trebat \u0107e produljiti radni vijek - RADIO LJUBU\u0160KI","robots":{"index":"index","follow":"follow","max-snippet":"max-snippet:-1","max-image-preview":"max-image-preview:large","max-video-preview":"max-video-preview:-1"},"canonical":"https:\/\/radioljubuski.ba\/index.php\/2021\/05\/03\/aladrovic-trebat-ce-produljiti-radni-vijek\/","og_locale":"hr_HR","og_type":"article","og_title":"Aladrovi\u0107: Trebat \u0107e produljiti radni vijek - RADIO LJUBU\u0160KI","og_description":"\u0160to bi radnicima, ali i poslodavcima trebao donijeti najavljeni novi zakon o radu? Kako se epidemija odra\u017eava na tr\u017ei\u0161te rada i po\u0161tovanje radni\u010dkih prava?&nbsp; Ministar rada, mirovinskog sustava, obitelji i socijalne politike Josip Aladrovi\u0107 rekao je u emisiji &#8220;U mre\u017ei Prvog&#8221;&nbsp; da je Vlada kao prioritet stavila o\u010duvanje radnih mjesta.&nbsp; Sever: Kod radnika se pojavio [&hellip;]","og_url":"https:\/\/radioljubuski.ba\/index.php\/2021\/05\/03\/aladrovic-trebat-ce-produljiti-radni-vijek\/","og_site_name":"RADIO LJUBU\u0160KI","article_publisher":"https:\/\/www.facebook.com\/Radiio-Ljubuski-1490835324566332","article_published_time":"2021-05-03T11:27:43+00:00","og_image":[{"width":600,"height":249,"url":"https:\/\/radioljubuski.ba\/wp-content\/uploads\/2021\/05\/u-mrezi-prvog-frame-4394-20210503054535.jpg","type":"image\/jpeg"}],"author":"Radio Ljubu\u0161ki","twitter_card":"summary_large_image","twitter_creator":"@radioljubuski","twitter_site":"@radioljubuski","twitter_misc":{"Napisao\/la":"Radio Ljubu\u0161ki","Procijenjeno vrijeme \u010ditanja":"6 minuta"},"schema":{"@context":"https:\/\/schema.org","@graph":[{"@type":"Article","@id":"https:\/\/radioljubuski.ba\/index.php\/2021\/05\/03\/aladrovic-trebat-ce-produljiti-radni-vijek\/#article","isPartOf":{"@id":"https:\/\/radioljubuski.ba\/index.php\/2021\/05\/03\/aladrovic-trebat-ce-produljiti-radni-vijek\/"},"author":{"name":"Radio Ljubu\u0161ki","@id":"https:\/\/radioljubuski.ba\/#\/schema\/person\/19fc700381a780f69665d7956c469e3b"},"headline":"Aladrovi\u0107: Trebat \u0107e produljiti radni vijek","datePublished":"2021-05-03T11:27:43+00:00","mainEntityOfPage":{"@id":"https:\/\/radioljubuski.ba\/index.php\/2021\/05\/03\/aladrovic-trebat-ce-produljiti-radni-vijek\/"},"wordCount":1119,"publisher":{"@id":"https:\/\/radioljubuski.ba\/#organization"},"image":{"@id":"https:\/\/radioljubuski.ba\/index.php\/2021\/05\/03\/aladrovic-trebat-ce-produljiti-radni-vijek\/#primaryimage"},"thumbnailUrl":"https:\/\/radioljubuski.ba\/wp-content\/uploads\/2021\/05\/u-mrezi-prvog-frame-4394-20210503054535.jpg","articleSection":["BIH i regija"],"inLanguage":"hr"},{"@type":"WebPage","@id":"https:\/\/radioljubuski.ba\/index.php\/2021\/05\/03\/aladrovic-trebat-ce-produljiti-radni-vijek\/","url":"https:\/\/radioljubuski.ba\/index.php\/2021\/05\/03\/aladrovic-trebat-ce-produljiti-radni-vijek\/","name":"Aladrovi\u0107: Trebat \u0107e produljiti radni vijek - RADIO LJUBU\u0160KI","isPartOf":{"@id":"https:\/\/radioljubuski.ba\/#website"},"primaryImageOfPage":{"@id":"https:\/\/radioljubuski.ba\/index.php\/2021\/05\/03\/aladrovic-trebat-ce-produljiti-radni-vijek\/#primaryimage"},"image":{"@id":"https:\/\/radioljubuski.ba\/index.php\/2021\/05\/03\/aladrovic-trebat-ce-produljiti-radni-vijek\/#primaryimage"},"thumbnailUrl":"https:\/\/radioljubuski.ba\/wp-content\/uploads\/2021\/05\/u-mrezi-prvog-frame-4394-20210503054535.jpg","datePublished":"2021-05-03T11:27:43+00:00","breadcrumb":{"@id":"https:\/\/radioljubuski.ba\/index.php\/2021\/05\/03\/aladrovic-trebat-ce-produljiti-radni-vijek\/#breadcrumb"},"inLanguage":"hr","potentialAction":[{"@type":"ReadAction","target":["https:\/\/radioljubuski.ba\/index.php\/2021\/05\/03\/aladrovic-trebat-ce-produljiti-radni-vijek\/"]}]},{"@type":"ImageObject","inLanguage":"hr","@id":"https:\/\/radioljubuski.ba\/index.php\/2021\/05\/03\/aladrovic-trebat-ce-produljiti-radni-vijek\/#primaryimage","url":"https:\/\/radioljubuski.ba\/wp-content\/uploads\/2021\/05\/u-mrezi-prvog-frame-4394-20210503054535.jpg","contentUrl":"https:\/\/radioljubuski.ba\/wp-content\/uploads\/2021\/05\/u-mrezi-prvog-frame-4394-20210503054535.jpg","width":600,"height":249},{"@type":"BreadcrumbList","@id":"https:\/\/radioljubuski.ba\/index.php\/2021\/05\/03\/aladrovic-trebat-ce-produljiti-radni-vijek\/#breadcrumb","itemListElement":[{"@type":"ListItem","position":1,"name":"Po\u010detna stranica","item":"https:\/\/radioljubuski.ba\/"},{"@type":"ListItem","position":2,"name":"Aladrovi\u0107: Trebat \u0107e produljiti radni vijek"}]},{"@type":"WebSite","@id":"https:\/\/radioljubuski.ba\/#website","url":"https:\/\/radioljubuski.ba\/","name":"Radio Ljubu\u0161ki","description":"Sun\u010dana frekvencija Hercegovine","publisher":{"@id":"https:\/\/radioljubuski.ba\/#organization"},"potentialAction":[{"@type":"SearchAction","target":{"@type":"EntryPoint","urlTemplate":"https:\/\/radioljubuski.ba\/?s={search_term_string}"},"query-input":{"@type":"PropertyValueSpecification","valueRequired":true,"valueName":"search_term_string"}}],"inLanguage":"hr"},{"@type":"Organization","@id":"https:\/\/radioljubuski.ba\/#organization","name":"Radio Ljubu\u0161ki","url":"https:\/\/radioljubuski.ba\/","logo":{"@type":"ImageObject","inLanguage":"hr","@id":"https:\/\/radioljubuski.ba\/#\/schema\/logo\/image\/","url":"https:\/\/radioljubuski.ba\/wp-content\/uploads\/2021\/02\/cropped-Radio_Ljubuski_logo1.jpg","contentUrl":"https:\/\/radioljubuski.ba\/wp-content\/uploads\/2021\/02\/cropped-Radio_Ljubuski_logo1.jpg","width":512,"height":512,"caption":"Radio Ljubu\u0161ki"},"image":{"@id":"https:\/\/radioljubuski.ba\/#\/schema\/logo\/image\/"},"sameAs":["https:\/\/www.facebook.com\/Radiio-Ljubuski-1490835324566332","https:\/\/x.com\/radioljubuski","https:\/\/hr.linkedin.com\/company\/radio-ljubuski","https:\/\/www.youtube.com\/channel\/UCHYaeO_n0Db3tjNGudGpXyw"]},{"@type":"Person","@id":"https:\/\/radioljubuski.ba\/#\/schema\/person\/19fc700381a780f69665d7956c469e3b","name":"Radio Ljubu\u0161ki"}]}},"_links":{"self":[{"href":"https:\/\/radioljubuski.ba\/index.php\/wp-json\/wp\/v2\/posts\/18213","targetHints":{"allow":["GET"]}}],"collection":[{"href":"https:\/\/radioljubuski.ba\/index.php\/wp-json\/wp\/v2\/posts"}],"about":[{"href":"https:\/\/radioljubuski.ba\/index.php\/wp-json\/wp\/v2\/types\/post"}],"author":[{"embeddable":true,"href":"https:\/\/radioljubuski.ba\/index.php\/wp-json\/wp\/v2\/users\/2"}],"replies":[{"embeddable":true,"href":"https:\/\/radioljubuski.ba\/index.php\/wp-json\/wp\/v2\/comments?post=18213"}],"version-history":[{"count":1,"href":"https:\/\/radioljubuski.ba\/index.php\/wp-json\/wp\/v2\/posts\/18213\/revisions"}],"predecessor-version":[{"id":18215,"href":"https:\/\/radioljubuski.ba\/index.php\/wp-json\/wp\/v2\/posts\/18213\/revisions\/18215"}],"wp:featuredmedia":[{"embeddable":true,"href":"https:\/\/radioljubuski.ba\/index.php\/wp-json\/wp\/v2\/media\/18214"}],"wp:attachment":[{"href":"https:\/\/radioljubuski.ba\/index.php\/wp-json\/wp\/v2\/media?parent=18213"}],"wp:term":[{"taxonomy":"category","embeddable":true,"href":"https:\/\/radioljubuski.ba\/index.php\/wp-json\/wp\/v2\/categories?post=18213"},{"taxonomy":"post_tag","embeddable":true,"href":"https:\/\/radioljubuski.ba\/index.php\/wp-json\/wp\/v2\/tags?post=18213"}],"curies":[{"name":"wp","href":"https:\/\/api.w.org\/{rel}","templated":true}]}}