{"id":182351,"date":"2022-09-21T00:25:30","date_gmt":"2022-09-20T23:25:30","guid":{"rendered":"https:\/\/radioljubuski.ba\/?p=182351"},"modified":"2022-09-21T00:25:31","modified_gmt":"2022-09-20T23:25:31","slug":"mostarska-matica-predstavila-monografiju-o-20-godina-mostarskog-proljeca","status":"publish","type":"post","link":"https:\/\/radioljubuski.ba\/index.php\/2022\/09\/21\/mostarska-matica-predstavila-monografiju-o-20-godina-mostarskog-proljeca\/","title":{"rendered":"Mostarska Matica predstavila monografiju o 20 godina Mostarskog prolje\u0107a"},"content":{"rendered":"\n<p>U Zagrebu je zavr\u0161en 1. festival knjige Matice hrvatske \u2013 \u201eMatica dobrih<br>knjiga\u201c, koji je okupio niz ogranaka iz Republike Hrvatske te dva iz BiH \u2013 onaj<br>iz Mostara i \u010citluka. Tijekom \u010detiri festivalska dana predstavljeno je tako 40-ak<br>novih izdanja, a posjetitelji su mogli u\u017eivati u koncertima i izlo\u017ebama. Uz<br>Maticu i njezine ogranke, na festivalu su sudjelovali i nakladni\u010dke ku\u0107e: Alfa,<br>Dru\u0161tvo hrvatskih knji\u017eevnika, Hrvatska sveu\u010dili\u0161na naklada, Verbum, Hrvatski<br>institut za povijest i Fakultet hrvatskih studija Sveu\u010dili\u0161ta u Zagrebu.<br>\u201cSretan sam \u0161to pokre\u0107emo ovaj festival u godini kad obilje\u017eavamo 180. godinu<br>postojanja Matice hrvatske, najstarije kulturne institucije u Hrvata\u201d, rekao je<br>predsjednik Matice hrvatske Miro Gavran te dodao:<\/p>\n\n\n\n<p>\u201cGodine 1842. u Matici je pokrenut i \u010dasopis Kolo, koji je do danas ostao<br>najtrajnijim doma\u0107im \u010dasopisom za umjetnost i kulturu, a vjerojatno i jedan od<br>najstarijih u Europi\u2026 \u017delja mi je da ova \u010detiri dana budu afirmacija hrvatske<br>knjige, potvrda zajedni\u0161tva svih nas kojima je stalo do hrvatske kulture i<br>identiteta\u201d.<\/p>\n\n\n\n<p>Izaslanstvo mostarskog Ogranka predvodila je glavna tajnica Misijana Brki\u0107-<br>Milinkovi\u0107 koja je u programu festivala predstavila monografiju o 20 godina<br>Mostarskoga prolje\u0107a, autora Dragana Marijanovi\u0107a, a koju Brki\u0107-Milinkovi\u0107,<br>zajedno s Mirom Petrovi\u0107em, uredni\u010dki potpisuje.<\/p>\n\n\n\n<p>O monografiji te samoj manifestaciji Mostarsko prolje\u0107e s glavnom je tajnicom<br>MH Mostar razgovarala urednica Redakcije za kulturu HRT-a Zrinka Turalija<br>Kurtak.<\/p>\n\n\n\n<p>Izme\u0111u ostaloga, publika na Mati\u010dinu festivalu knjige tako je mogla otkriti<br>mnoge zanimljivosti o ovoj manifestaciji, koja idu\u0107e godine slavi svoju 25.<br>obljetnicu.<\/p>\n\n\n\n<p>\u201eBila mi je \u010dast, uime Matice hrvatske Mostar, biti dijelom 1. festivala knjige u<br>organizaciji Sredi\u0161njice te predstaviti rad na\u0161ega ogranka i nakladni\u010dku<br>djelatnost, s naglaskom na monografiju 20 godina Mostarskog prolje\u0107a. Ovaj<br>festival bio je odli\u010dna prigoda da upoznam kolege iz drugih ogranaka te su<br>dogovoreni i neki oblici suradnje za koje se nadam da \u0107e se realizirati. Festival<br>je, uistinu, donio niz zanimljivih promocija, a posebno bih istaknula onu na kojoj je o Izabranim djelima Ivana Slamniga govorio akademik Pavao Pavli\u010di\u0107,<br>veliki poznavatelj Slamnigova djela i drag gost Mostarskoga prolje\u0107a\u201c, kazala je<br>Misijana Brki\u0107-Milinkovi\u0107.<\/p>\n\n\n\n<p>\/HMS\/<\/p>\n","protected":false},"excerpt":{"rendered":"<p>U Zagrebu je zavr\u0161en 1. festival knjige Matice hrvatske \u2013 \u201eMatica dobrihknjiga\u201c, koji je okupio niz ogranaka iz Republike Hrvatske te dva iz BiH \u2013 onajiz Mostara i \u010citluka. Tijekom \u010detiri festivalska dana predstavljeno je tako 40-aknovih izdanja, a posjetitelji su mogli u\u017eivati u koncertima i izlo\u017ebama. UzMaticu i njezine ogranke, na festivalu su sudjelovali [&hellip;]<\/p>\n","protected":false},"author":2,"featured_media":182352,"comment_status":"closed","ping_status":"closed","sticky":false,"template":"","format":"standard","meta":{"h5ap_radio_sources":[],"footnotes":""},"categories":[1],"tags":[],"class_list":["post-182351","post","type-post","status-publish","format-standard","has-post-thumbnail","hentry","category-bihiregija"],"yoast_head":"<!-- This site is optimized with the Yoast SEO plugin v27.4 - https:\/\/yoast.com\/product\/yoast-seo-wordpress\/ -->\n<title>Mostarska Matica predstavila monografiju o 20 godina Mostarskog prolje\u0107a - RADIO LJUBU\u0160KI<\/title>\n<meta name=\"robots\" content=\"index, follow, max-snippet:-1, max-image-preview:large, max-video-preview:-1\" \/>\n<link rel=\"canonical\" href=\"https:\/\/radioljubuski.ba\/index.php\/2022\/09\/21\/mostarska-matica-predstavila-monografiju-o-20-godina-mostarskog-proljeca\/\" \/>\n<meta property=\"og:locale\" content=\"hr_HR\" \/>\n<meta property=\"og:type\" content=\"article\" \/>\n<meta property=\"og:title\" content=\"Mostarska Matica predstavila monografiju o 20 godina Mostarskog prolje\u0107a - RADIO LJUBU\u0160KI\" \/>\n<meta property=\"og:description\" content=\"U Zagrebu je zavr\u0161en 1. festival knjige Matice hrvatske \u2013 \u201eMatica dobrihknjiga\u201c, koji je okupio niz ogranaka iz Republike Hrvatske te dva iz BiH \u2013 onajiz Mostara i \u010citluka. Tijekom \u010detiri festivalska dana predstavljeno je tako 40-aknovih izdanja, a posjetitelji su mogli u\u017eivati u koncertima i izlo\u017ebama. UzMaticu i njezine ogranke, na festivalu su sudjelovali [&hellip;]\" \/>\n<meta property=\"og:url\" content=\"https:\/\/radioljubuski.ba\/index.php\/2022\/09\/21\/mostarska-matica-predstavila-monografiju-o-20-godina-mostarskog-proljeca\/\" \/>\n<meta property=\"og:site_name\" content=\"RADIO LJUBU\u0160KI\" \/>\n<meta property=\"article:publisher\" content=\"https:\/\/www.facebook.com\/Radiio-Ljubuski-1490835324566332\" \/>\n<meta property=\"article:published_time\" content=\"2022-09-20T23:25:30+00:00\" \/>\n<meta property=\"article:modified_time\" content=\"2022-09-20T23:25:31+00:00\" \/>\n<meta property=\"og:image\" content=\"https:\/\/radioljubuski.ba\/wp-content\/uploads\/2022\/09\/Mario-Dominikovic-glavni-tajnik-MH-Zrinka-Turalija-Kurtak-urednica-HRT-a-Misijana-Brkic-Milinkovic-Miro-Gavran-i-Vanja-Prusina-1068x720-1.png\" \/>\n\t<meta property=\"og:image:width\" content=\"1068\" \/>\n\t<meta property=\"og:image:height\" content=\"720\" \/>\n\t<meta property=\"og:image:type\" content=\"image\/png\" \/>\n<meta name=\"author\" content=\"Radio Ljubu\u0161ki\" \/>\n<meta name=\"twitter:card\" content=\"summary_large_image\" \/>\n<meta name=\"twitter:creator\" content=\"@radioljubuski\" \/>\n<meta name=\"twitter:site\" content=\"@radioljubuski\" \/>\n<meta name=\"twitter:label1\" content=\"Napisao\/la\" \/>\n\t<meta name=\"twitter:data1\" content=\"Radio Ljubu\u0161ki\" \/>\n\t<meta name=\"twitter:label2\" content=\"Procijenjeno vrijeme \u010ditanja\" \/>\n\t<meta name=\"twitter:data2\" content=\"2 minute\" \/>\n<script type=\"application\/ld+json\" class=\"yoast-schema-graph\">{\"@context\":\"https:\\\/\\\/schema.org\",\"@graph\":[{\"@type\":\"Article\",\"@id\":\"https:\\\/\\\/radioljubuski.ba\\\/index.php\\\/2022\\\/09\\\/21\\\/mostarska-matica-predstavila-monografiju-o-20-godina-mostarskog-proljeca\\\/#article\",\"isPartOf\":{\"@id\":\"https:\\\/\\\/radioljubuski.ba\\\/index.php\\\/2022\\\/09\\\/21\\\/mostarska-matica-predstavila-monografiju-o-20-godina-mostarskog-proljeca\\\/\"},\"author\":{\"name\":\"Radio Ljubu\u0161ki\",\"@id\":\"https:\\\/\\\/radioljubuski.ba\\\/#\\\/schema\\\/person\\\/19fc700381a780f69665d7956c469e3b\"},\"headline\":\"Mostarska Matica predstavila monografiju o 20 godina Mostarskog prolje\u0107a\",\"datePublished\":\"2022-09-20T23:25:30+00:00\",\"dateModified\":\"2022-09-20T23:25:31+00:00\",\"mainEntityOfPage\":{\"@id\":\"https:\\\/\\\/radioljubuski.ba\\\/index.php\\\/2022\\\/09\\\/21\\\/mostarska-matica-predstavila-monografiju-o-20-godina-mostarskog-proljeca\\\/\"},\"wordCount\":349,\"publisher\":{\"@id\":\"https:\\\/\\\/radioljubuski.ba\\\/#organization\"},\"image\":{\"@id\":\"https:\\\/\\\/radioljubuski.ba\\\/index.php\\\/2022\\\/09\\\/21\\\/mostarska-matica-predstavila-monografiju-o-20-godina-mostarskog-proljeca\\\/#primaryimage\"},\"thumbnailUrl\":\"https:\\\/\\\/radioljubuski.ba\\\/wp-content\\\/uploads\\\/2022\\\/09\\\/Mario-Dominikovic-glavni-tajnik-MH-Zrinka-Turalija-Kurtak-urednica-HRT-a-Misijana-Brkic-Milinkovic-Miro-Gavran-i-Vanja-Prusina-1068x720-1.png\",\"articleSection\":[\"BIH i regija\"],\"inLanguage\":\"hr\"},{\"@type\":\"WebPage\",\"@id\":\"https:\\\/\\\/radioljubuski.ba\\\/index.php\\\/2022\\\/09\\\/21\\\/mostarska-matica-predstavila-monografiju-o-20-godina-mostarskog-proljeca\\\/\",\"url\":\"https:\\\/\\\/radioljubuski.ba\\\/index.php\\\/2022\\\/09\\\/21\\\/mostarska-matica-predstavila-monografiju-o-20-godina-mostarskog-proljeca\\\/\",\"name\":\"Mostarska Matica predstavila monografiju o 20 godina Mostarskog prolje\u0107a - RADIO LJUBU\u0160KI\",\"isPartOf\":{\"@id\":\"https:\\\/\\\/radioljubuski.ba\\\/#website\"},\"primaryImageOfPage\":{\"@id\":\"https:\\\/\\\/radioljubuski.ba\\\/index.php\\\/2022\\\/09\\\/21\\\/mostarska-matica-predstavila-monografiju-o-20-godina-mostarskog-proljeca\\\/#primaryimage\"},\"image\":{\"@id\":\"https:\\\/\\\/radioljubuski.ba\\\/index.php\\\/2022\\\/09\\\/21\\\/mostarska-matica-predstavila-monografiju-o-20-godina-mostarskog-proljeca\\\/#primaryimage\"},\"thumbnailUrl\":\"https:\\\/\\\/radioljubuski.ba\\\/wp-content\\\/uploads\\\/2022\\\/09\\\/Mario-Dominikovic-glavni-tajnik-MH-Zrinka-Turalija-Kurtak-urednica-HRT-a-Misijana-Brkic-Milinkovic-Miro-Gavran-i-Vanja-Prusina-1068x720-1.png\",\"datePublished\":\"2022-09-20T23:25:30+00:00\",\"dateModified\":\"2022-09-20T23:25:31+00:00\",\"breadcrumb\":{\"@id\":\"https:\\\/\\\/radioljubuski.ba\\\/index.php\\\/2022\\\/09\\\/21\\\/mostarska-matica-predstavila-monografiju-o-20-godina-mostarskog-proljeca\\\/#breadcrumb\"},\"inLanguage\":\"hr\",\"potentialAction\":[{\"@type\":\"ReadAction\",\"target\":[\"https:\\\/\\\/radioljubuski.ba\\\/index.php\\\/2022\\\/09\\\/21\\\/mostarska-matica-predstavila-monografiju-o-20-godina-mostarskog-proljeca\\\/\"]}]},{\"@type\":\"ImageObject\",\"inLanguage\":\"hr\",\"@id\":\"https:\\\/\\\/radioljubuski.ba\\\/index.php\\\/2022\\\/09\\\/21\\\/mostarska-matica-predstavila-monografiju-o-20-godina-mostarskog-proljeca\\\/#primaryimage\",\"url\":\"https:\\\/\\\/radioljubuski.ba\\\/wp-content\\\/uploads\\\/2022\\\/09\\\/Mario-Dominikovic-glavni-tajnik-MH-Zrinka-Turalija-Kurtak-urednica-HRT-a-Misijana-Brkic-Milinkovic-Miro-Gavran-i-Vanja-Prusina-1068x720-1.png\",\"contentUrl\":\"https:\\\/\\\/radioljubuski.ba\\\/wp-content\\\/uploads\\\/2022\\\/09\\\/Mario-Dominikovic-glavni-tajnik-MH-Zrinka-Turalija-Kurtak-urednica-HRT-a-Misijana-Brkic-Milinkovic-Miro-Gavran-i-Vanja-Prusina-1068x720-1.png\",\"width\":1068,\"height\":720},{\"@type\":\"BreadcrumbList\",\"@id\":\"https:\\\/\\\/radioljubuski.ba\\\/index.php\\\/2022\\\/09\\\/21\\\/mostarska-matica-predstavila-monografiju-o-20-godina-mostarskog-proljeca\\\/#breadcrumb\",\"itemListElement\":[{\"@type\":\"ListItem\",\"position\":1,\"name\":\"Po\u010detna stranica\",\"item\":\"https:\\\/\\\/radioljubuski.ba\\\/\"},{\"@type\":\"ListItem\",\"position\":2,\"name\":\"Mostarska Matica predstavila monografiju o 20 godina Mostarskog prolje\u0107a\"}]},{\"@type\":\"WebSite\",\"@id\":\"https:\\\/\\\/radioljubuski.ba\\\/#website\",\"url\":\"https:\\\/\\\/radioljubuski.ba\\\/\",\"name\":\"Radio Ljubu\u0161ki\",\"description\":\"Sun\u010dana frekvencija Hercegovine\",\"publisher\":{\"@id\":\"https:\\\/\\\/radioljubuski.ba\\\/#organization\"},\"potentialAction\":[{\"@type\":\"SearchAction\",\"target\":{\"@type\":\"EntryPoint\",\"urlTemplate\":\"https:\\\/\\\/radioljubuski.ba\\\/?s={search_term_string}\"},\"query-input\":{\"@type\":\"PropertyValueSpecification\",\"valueRequired\":true,\"valueName\":\"search_term_string\"}}],\"inLanguage\":\"hr\"},{\"@type\":\"Organization\",\"@id\":\"https:\\\/\\\/radioljubuski.ba\\\/#organization\",\"name\":\"Radio Ljubu\u0161ki\",\"url\":\"https:\\\/\\\/radioljubuski.ba\\\/\",\"logo\":{\"@type\":\"ImageObject\",\"inLanguage\":\"hr\",\"@id\":\"https:\\\/\\\/radioljubuski.ba\\\/#\\\/schema\\\/logo\\\/image\\\/\",\"url\":\"https:\\\/\\\/radioljubuski.ba\\\/wp-content\\\/uploads\\\/2021\\\/02\\\/cropped-Radio_Ljubuski_logo1.jpg\",\"contentUrl\":\"https:\\\/\\\/radioljubuski.ba\\\/wp-content\\\/uploads\\\/2021\\\/02\\\/cropped-Radio_Ljubuski_logo1.jpg\",\"width\":512,\"height\":512,\"caption\":\"Radio Ljubu\u0161ki\"},\"image\":{\"@id\":\"https:\\\/\\\/radioljubuski.ba\\\/#\\\/schema\\\/logo\\\/image\\\/\"},\"sameAs\":[\"https:\\\/\\\/www.facebook.com\\\/Radiio-Ljubuski-1490835324566332\",\"https:\\\/\\\/x.com\\\/radioljubuski\",\"https:\\\/\\\/hr.linkedin.com\\\/company\\\/radio-ljubuski\",\"https:\\\/\\\/www.youtube.com\\\/channel\\\/UCHYaeO_n0Db3tjNGudGpXyw\"]},{\"@type\":\"Person\",\"@id\":\"https:\\\/\\\/radioljubuski.ba\\\/#\\\/schema\\\/person\\\/19fc700381a780f69665d7956c469e3b\",\"name\":\"Radio Ljubu\u0161ki\"}]}<\/script>\n<!-- \/ Yoast SEO plugin. -->","yoast_head_json":{"title":"Mostarska Matica predstavila monografiju o 20 godina Mostarskog prolje\u0107a - RADIO LJUBU\u0160KI","robots":{"index":"index","follow":"follow","max-snippet":"max-snippet:-1","max-image-preview":"max-image-preview:large","max-video-preview":"max-video-preview:-1"},"canonical":"https:\/\/radioljubuski.ba\/index.php\/2022\/09\/21\/mostarska-matica-predstavila-monografiju-o-20-godina-mostarskog-proljeca\/","og_locale":"hr_HR","og_type":"article","og_title":"Mostarska Matica predstavila monografiju o 20 godina Mostarskog prolje\u0107a - RADIO LJUBU\u0160KI","og_description":"U Zagrebu je zavr\u0161en 1. festival knjige Matice hrvatske \u2013 \u201eMatica dobrihknjiga\u201c, koji je okupio niz ogranaka iz Republike Hrvatske te dva iz BiH \u2013 onajiz Mostara i \u010citluka. Tijekom \u010detiri festivalska dana predstavljeno je tako 40-aknovih izdanja, a posjetitelji su mogli u\u017eivati u koncertima i izlo\u017ebama. UzMaticu i njezine ogranke, na festivalu su sudjelovali [&hellip;]","og_url":"https:\/\/radioljubuski.ba\/index.php\/2022\/09\/21\/mostarska-matica-predstavila-monografiju-o-20-godina-mostarskog-proljeca\/","og_site_name":"RADIO LJUBU\u0160KI","article_publisher":"https:\/\/www.facebook.com\/Radiio-Ljubuski-1490835324566332","article_published_time":"2022-09-20T23:25:30+00:00","article_modified_time":"2022-09-20T23:25:31+00:00","og_image":[{"width":1068,"height":720,"url":"https:\/\/radioljubuski.ba\/wp-content\/uploads\/2022\/09\/Mario-Dominikovic-glavni-tajnik-MH-Zrinka-Turalija-Kurtak-urednica-HRT-a-Misijana-Brkic-Milinkovic-Miro-Gavran-i-Vanja-Prusina-1068x720-1.png","type":"image\/png"}],"author":"Radio Ljubu\u0161ki","twitter_card":"summary_large_image","twitter_creator":"@radioljubuski","twitter_site":"@radioljubuski","twitter_misc":{"Napisao\/la":"Radio Ljubu\u0161ki","Procijenjeno vrijeme \u010ditanja":"2 minute"},"schema":{"@context":"https:\/\/schema.org","@graph":[{"@type":"Article","@id":"https:\/\/radioljubuski.ba\/index.php\/2022\/09\/21\/mostarska-matica-predstavila-monografiju-o-20-godina-mostarskog-proljeca\/#article","isPartOf":{"@id":"https:\/\/radioljubuski.ba\/index.php\/2022\/09\/21\/mostarska-matica-predstavila-monografiju-o-20-godina-mostarskog-proljeca\/"},"author":{"name":"Radio Ljubu\u0161ki","@id":"https:\/\/radioljubuski.ba\/#\/schema\/person\/19fc700381a780f69665d7956c469e3b"},"headline":"Mostarska Matica predstavila monografiju o 20 godina Mostarskog prolje\u0107a","datePublished":"2022-09-20T23:25:30+00:00","dateModified":"2022-09-20T23:25:31+00:00","mainEntityOfPage":{"@id":"https:\/\/radioljubuski.ba\/index.php\/2022\/09\/21\/mostarska-matica-predstavila-monografiju-o-20-godina-mostarskog-proljeca\/"},"wordCount":349,"publisher":{"@id":"https:\/\/radioljubuski.ba\/#organization"},"image":{"@id":"https:\/\/radioljubuski.ba\/index.php\/2022\/09\/21\/mostarska-matica-predstavila-monografiju-o-20-godina-mostarskog-proljeca\/#primaryimage"},"thumbnailUrl":"https:\/\/radioljubuski.ba\/wp-content\/uploads\/2022\/09\/Mario-Dominikovic-glavni-tajnik-MH-Zrinka-Turalija-Kurtak-urednica-HRT-a-Misijana-Brkic-Milinkovic-Miro-Gavran-i-Vanja-Prusina-1068x720-1.png","articleSection":["BIH i regija"],"inLanguage":"hr"},{"@type":"WebPage","@id":"https:\/\/radioljubuski.ba\/index.php\/2022\/09\/21\/mostarska-matica-predstavila-monografiju-o-20-godina-mostarskog-proljeca\/","url":"https:\/\/radioljubuski.ba\/index.php\/2022\/09\/21\/mostarska-matica-predstavila-monografiju-o-20-godina-mostarskog-proljeca\/","name":"Mostarska Matica predstavila monografiju o 20 godina Mostarskog prolje\u0107a - RADIO LJUBU\u0160KI","isPartOf":{"@id":"https:\/\/radioljubuski.ba\/#website"},"primaryImageOfPage":{"@id":"https:\/\/radioljubuski.ba\/index.php\/2022\/09\/21\/mostarska-matica-predstavila-monografiju-o-20-godina-mostarskog-proljeca\/#primaryimage"},"image":{"@id":"https:\/\/radioljubuski.ba\/index.php\/2022\/09\/21\/mostarska-matica-predstavila-monografiju-o-20-godina-mostarskog-proljeca\/#primaryimage"},"thumbnailUrl":"https:\/\/radioljubuski.ba\/wp-content\/uploads\/2022\/09\/Mario-Dominikovic-glavni-tajnik-MH-Zrinka-Turalija-Kurtak-urednica-HRT-a-Misijana-Brkic-Milinkovic-Miro-Gavran-i-Vanja-Prusina-1068x720-1.png","datePublished":"2022-09-20T23:25:30+00:00","dateModified":"2022-09-20T23:25:31+00:00","breadcrumb":{"@id":"https:\/\/radioljubuski.ba\/index.php\/2022\/09\/21\/mostarska-matica-predstavila-monografiju-o-20-godina-mostarskog-proljeca\/#breadcrumb"},"inLanguage":"hr","potentialAction":[{"@type":"ReadAction","target":["https:\/\/radioljubuski.ba\/index.php\/2022\/09\/21\/mostarska-matica-predstavila-monografiju-o-20-godina-mostarskog-proljeca\/"]}]},{"@type":"ImageObject","inLanguage":"hr","@id":"https:\/\/radioljubuski.ba\/index.php\/2022\/09\/21\/mostarska-matica-predstavila-monografiju-o-20-godina-mostarskog-proljeca\/#primaryimage","url":"https:\/\/radioljubuski.ba\/wp-content\/uploads\/2022\/09\/Mario-Dominikovic-glavni-tajnik-MH-Zrinka-Turalija-Kurtak-urednica-HRT-a-Misijana-Brkic-Milinkovic-Miro-Gavran-i-Vanja-Prusina-1068x720-1.png","contentUrl":"https:\/\/radioljubuski.ba\/wp-content\/uploads\/2022\/09\/Mario-Dominikovic-glavni-tajnik-MH-Zrinka-Turalija-Kurtak-urednica-HRT-a-Misijana-Brkic-Milinkovic-Miro-Gavran-i-Vanja-Prusina-1068x720-1.png","width":1068,"height":720},{"@type":"BreadcrumbList","@id":"https:\/\/radioljubuski.ba\/index.php\/2022\/09\/21\/mostarska-matica-predstavila-monografiju-o-20-godina-mostarskog-proljeca\/#breadcrumb","itemListElement":[{"@type":"ListItem","position":1,"name":"Po\u010detna stranica","item":"https:\/\/radioljubuski.ba\/"},{"@type":"ListItem","position":2,"name":"Mostarska Matica predstavila monografiju o 20 godina Mostarskog prolje\u0107a"}]},{"@type":"WebSite","@id":"https:\/\/radioljubuski.ba\/#website","url":"https:\/\/radioljubuski.ba\/","name":"Radio Ljubu\u0161ki","description":"Sun\u010dana frekvencija Hercegovine","publisher":{"@id":"https:\/\/radioljubuski.ba\/#organization"},"potentialAction":[{"@type":"SearchAction","target":{"@type":"EntryPoint","urlTemplate":"https:\/\/radioljubuski.ba\/?s={search_term_string}"},"query-input":{"@type":"PropertyValueSpecification","valueRequired":true,"valueName":"search_term_string"}}],"inLanguage":"hr"},{"@type":"Organization","@id":"https:\/\/radioljubuski.ba\/#organization","name":"Radio Ljubu\u0161ki","url":"https:\/\/radioljubuski.ba\/","logo":{"@type":"ImageObject","inLanguage":"hr","@id":"https:\/\/radioljubuski.ba\/#\/schema\/logo\/image\/","url":"https:\/\/radioljubuski.ba\/wp-content\/uploads\/2021\/02\/cropped-Radio_Ljubuski_logo1.jpg","contentUrl":"https:\/\/radioljubuski.ba\/wp-content\/uploads\/2021\/02\/cropped-Radio_Ljubuski_logo1.jpg","width":512,"height":512,"caption":"Radio Ljubu\u0161ki"},"image":{"@id":"https:\/\/radioljubuski.ba\/#\/schema\/logo\/image\/"},"sameAs":["https:\/\/www.facebook.com\/Radiio-Ljubuski-1490835324566332","https:\/\/x.com\/radioljubuski","https:\/\/hr.linkedin.com\/company\/radio-ljubuski","https:\/\/www.youtube.com\/channel\/UCHYaeO_n0Db3tjNGudGpXyw"]},{"@type":"Person","@id":"https:\/\/radioljubuski.ba\/#\/schema\/person\/19fc700381a780f69665d7956c469e3b","name":"Radio Ljubu\u0161ki"}]}},"_links":{"self":[{"href":"https:\/\/radioljubuski.ba\/index.php\/wp-json\/wp\/v2\/posts\/182351","targetHints":{"allow":["GET"]}}],"collection":[{"href":"https:\/\/radioljubuski.ba\/index.php\/wp-json\/wp\/v2\/posts"}],"about":[{"href":"https:\/\/radioljubuski.ba\/index.php\/wp-json\/wp\/v2\/types\/post"}],"author":[{"embeddable":true,"href":"https:\/\/radioljubuski.ba\/index.php\/wp-json\/wp\/v2\/users\/2"}],"replies":[{"embeddable":true,"href":"https:\/\/radioljubuski.ba\/index.php\/wp-json\/wp\/v2\/comments?post=182351"}],"version-history":[{"count":1,"href":"https:\/\/radioljubuski.ba\/index.php\/wp-json\/wp\/v2\/posts\/182351\/revisions"}],"predecessor-version":[{"id":182353,"href":"https:\/\/radioljubuski.ba\/index.php\/wp-json\/wp\/v2\/posts\/182351\/revisions\/182353"}],"wp:featuredmedia":[{"embeddable":true,"href":"https:\/\/radioljubuski.ba\/index.php\/wp-json\/wp\/v2\/media\/182352"}],"wp:attachment":[{"href":"https:\/\/radioljubuski.ba\/index.php\/wp-json\/wp\/v2\/media?parent=182351"}],"wp:term":[{"taxonomy":"category","embeddable":true,"href":"https:\/\/radioljubuski.ba\/index.php\/wp-json\/wp\/v2\/categories?post=182351"},{"taxonomy":"post_tag","embeddable":true,"href":"https:\/\/radioljubuski.ba\/index.php\/wp-json\/wp\/v2\/tags?post=182351"}],"curies":[{"name":"wp","href":"https:\/\/api.w.org\/{rel}","templated":true}]}}